{"id":108952,"date":"2019-10-22T19:00:59","date_gmt":"2019-10-22T17:00:59","guid":{"rendered":"http:\/\/www.bellunopress.it\/?p=108952"},"modified":"2019-10-22T20:46:35","modified_gmt":"2019-10-22T18:46:35","slug":"venerdi-alla-libreria-degli-eddini-di-belluno-si-parla-della-repubblica-di-venezia-con-alessandro-marzo-magno","status":"publish","type":"post","link":"https:\/\/www.bellunopress.it\/fr\/2019\/10\/22\/venerdi-alla-libreria-degli-eddini-di-belluno-si-parla-della-repubblica-di-venezia-con-alessandro-marzo-magno\/","title":{"rendered":"Venerd\u00ec alla Libreria degli Eddini di Belluno si parla della Repubblica di Venezia con Alessandro Marzo Magno"},"content":{"rendered":"<div class=\"_59tj _2iau _oq1\">\n<div class=\"_6lz _6mb _1t62\">\n<div>Venerd\u00ec alle 18:00 alla Libreria degli Eddini in via Mezzaterra 15 Belluno, Alessandro Marzo Magno presenter\u00e0 il suo ultimo lavoro &#8220;La Splendida (Venezia 1499 &#8211; 1509) &#8220;. Introduce Nicoletta Comar.<\/div>\n<\/div>\n<\/div>\n<figure id=\"attachment_108953\" aria-describedby=\"caption-attachment-108953\" style=\"width: 184px\" class=\"wp-caption alignleft\"><a href=\"http:\/\/www.bellunopress.it\/fr\/2019\/10\/22\/venerdi-alla-libreria-degli-eddini-di-belluno-si-parla-della-repubblica-di-venezia-con-alessandro-marzo-magno\/alessandro-marzo-magno\/\" rel=\"attachment wp-att-108953\"><img loading=\"lazy\" decoding=\"async\" class=\"size-full wp-image-108953\" src=\"http:\/\/www.bellunopress.it\/wp-content\/uploads\/2019\/10\/Alessandro-Marzo-Magno.jpg\" alt=\"\" width=\"184\" height=\"229\" \/><\/a><figcaption id=\"caption-attachment-108953\" class=\"wp-caption-text\">Alessandro Marzo Magno<\/figcaption><\/figure>\n<p>Venezia \u00e8 nel 1499 una grande potenza europea. Solo dieci anni dopo &#8211; sconfitta militarmente dalla lega di Cambrai &#8211; \u00e8 una sopravvissuta. Inizia una fase di splendore che durer\u00e0 ben tre secoli. La Serenissima repubblica sostituir\u00e0 allora la forza con l&#8217;ostentazione, la potenza con la ricchezza, il ferro con l&#8217;oro. Sar\u00e0 il suo modo per recuperare il formidabile colpo inferto da tutti i grandi stati d&#8217;Europa coalizzati contro di lei e il conseguente rischio di scomparire per sempre dalla carta geografica. Venezia non sar\u00e0 pi\u00f9 potente, ma splendente, e riuscir\u00e0 a mantenere un ruolo centrale utilizzando l&#8217;arte, l&#8217;architettura, le celebrazioni delle ricorrenze civili e religiose. Non potr\u00e0 pi\u00f9 intimorire con il clangore delle armi, ma riuscir\u00e0 a meravigliare con il tintinnare delle monete. La Venezia del Cinquecento \u00e8 quella del mito arrivato fino a noi: la citt\u00e0 dei palazzi di Sansovino, della celebrazione del governo perfetto, della rivoluzione del colore che influenzer\u00e0 tutta la pittura successiva. Alessandro Marzo Magno ricostruisce lo stupefacente susseguirsi di eventi che hanno portato la Dominante &#8211; cos\u00ec veniva chiamata la citt\u00e0 &#8211; a essere la fucina delle arti che ancora conosciamo e amiamo.<\/p>","protected":false},"excerpt":{"rendered":"<p>Venerd\u00ec alle 18:00 alla Libreria degli Eddini in via Mezzaterra 15 Belluno, Alessandro Marzo Magno presenter\u00e0 il suo ultimo lavoro &#8220;La Splendida (Venezia 1499 &#8211; 1509) &#8220;. Introduce Nicoletta Comar. Venezia \u00e8 nel 1499 una grande potenza europea. Solo dieci anni dopo &#8211; sconfitta militarmente dalla lega di Cambrai &#8211; \u00e8 una sopravvissuta. Inizia una [&hellip;]<\/p>\n","protected":false},"author":2,"featured_media":0,"comment_status":"closed","ping_status":"open","sticky":false,"template":"","format":"standard","meta":{"footnotes":""},"categories":[27,3,25],"tags":[],"class_list":["post-108952","post","type-post","status-publish","format-standard","category-appuntamenti","category-arte-cultura-spettacoli-scienza-archivi","category-pausa-caffe"],"yoast_head":"<!-- This site is optimized with the Yoast SEO plugin v28.4 - https:\/\/yoast.com\/product\/yoast-seo-wordpress\/ -->\n<title>Venerd\u00ec alla Libreria degli Eddini di Belluno si parla della Repubblica di Venezia con Alessandro Marzo Magno - Bellunopress - Dolomiti<\/title>\n<meta name=\"robots\" content=\"index, follow, max-snippet:-1, max-image-preview:large, max-video-preview:-1\" \/>\n<link rel=\"canonical\" href=\"https:\/\/www.bellunopress.it\/fr\/2019\/10\/22\/venerdi-alla-libreria-degli-eddini-di-belluno-si-parla-della-repubblica-di-venezia-con-alessandro-marzo-magno\/\" \/>\n<meta property=\"og:locale\" content=\"fr_FR\" \/>\n<meta property=\"og:type\" content=\"article\" \/>\n<meta property=\"og:title\" content=\"Venerd\u00ec alla Libreria degli Eddini di Belluno si parla della Repubblica di Venezia con Alessandro Marzo Magno - Bellunopress - Dolomiti\" \/>\n<meta property=\"og:description\" content=\"Venerd\u00ec alle 18:00 alla Libreria degli Eddini in via Mezzaterra 15 Belluno, Alessandro Marzo Magno presenter\u00e0 il suo ultimo lavoro &#8220;La Splendida (Venezia 1499 &#8211; 1509) &#8220;. Introduce Nicoletta Comar. Venezia \u00e8 nel 1499 una grande potenza europea. Solo dieci anni dopo &#8211; sconfitta militarmente dalla lega di Cambrai &#8211; \u00e8 una sopravvissuta. Inizia una [&hellip;]\" \/>\n<meta property=\"og:url\" content=\"https:\/\/www.bellunopress.it\/fr\/2019\/10\/22\/venerdi-alla-libreria-degli-eddini-di-belluno-si-parla-della-repubblica-di-venezia-con-alessandro-marzo-magno\/\" \/>\n<meta property=\"og:site_name\" content=\"Bellunopress - Dolomiti\" \/>\n<meta property=\"article:publisher\" content=\"https:\/\/www.facebook.com\/profile.php?id=100008943462799\" \/>\n<meta property=\"article:published_time\" content=\"2019-10-22T17:00:59+00:00\" \/>\n<meta property=\"article:modified_time\" content=\"2019-10-22T18:46:35+00:00\" \/>\n<meta property=\"og:image\" content=\"http:\/\/www.bellunopress.it\/wp-content\/uploads\/2019\/10\/Alessandro-Marzo-Magno.jpg\" \/>\n<meta name=\"author\" content=\"redazione\" \/>\n<meta name=\"twitter:card\" content=\"summary_large_image\" \/>\n<meta name=\"twitter:creator\" content=\"@bellunopress\" \/>\n<meta name=\"twitter:site\" content=\"@bellunopress\" \/>\n<meta name=\"twitter:label1\" content=\"Written by\" \/>\n\t<meta name=\"twitter:data1\" content=\"redazione\" \/>\n\t<meta name=\"twitter:label2\" content=\"Est. reading time\" \/>\n\t<meta name=\"twitter:data2\" content=\"1 minute\" \/>\n<script type=\"application\/ld+json\" class=\"yoast-schema-graph\">{\"@context\":\"https:\\\/\\\/schema.org\",\"@graph\":[{\"@type\":\"Article\",\"@id\":\"https:\\\/\\\/www.bellunopress.it\\\/2019\\\/10\\\/22\\\/venerdi-alla-libreria-degli-eddini-di-belluno-si-parla-della-repubblica-di-venezia-con-alessandro-marzo-magno\\\/#article\",\"isPartOf\":{\"@id\":\"https:\\\/\\\/www.bellunopress.it\\\/2019\\\/10\\\/22\\\/venerdi-alla-libreria-degli-eddini-di-belluno-si-parla-della-repubblica-di-venezia-con-alessandro-marzo-magno\\\/\"},\"author\":{\"name\":\"redazione\",\"@id\":\"https:\\\/\\\/www.bellunopress.it\\\/#\\\/schema\\\/person\\\/79bb06722b37ece1c03d3e94beb30d73\"},\"headline\":\"Venerd\u00ec alla Libreria degli Eddini di Belluno si parla della Repubblica di Venezia con Alessandro Marzo Magno\",\"datePublished\":\"2019-10-22T17:00:59+00:00\",\"dateModified\":\"2019-10-22T18:46:35+00:00\",\"mainEntityOfPage\":{\"@id\":\"https:\\\/\\\/www.bellunopress.it\\\/2019\\\/10\\\/22\\\/venerdi-alla-libreria-degli-eddini-di-belluno-si-parla-della-repubblica-di-venezia-con-alessandro-marzo-magno\\\/\"},\"wordCount\":242,\"publisher\":{\"@id\":\"https:\\\/\\\/www.bellunopress.it\\\/#organization\"},\"image\":{\"@id\":\"https:\\\/\\\/www.bellunopress.it\\\/2019\\\/10\\\/22\\\/venerdi-alla-libreria-degli-eddini-di-belluno-si-parla-della-repubblica-di-venezia-con-alessandro-marzo-magno\\\/#primaryimage\"},\"thumbnailUrl\":\"http:\\\/\\\/www.bellunopress.it\\\/wp-content\\\/uploads\\\/2019\\\/10\\\/Alessandro-Marzo-Magno.jpg\",\"articleSection\":[\"Appuntamenti, Eventi\",\"Arte, Cultura, Spettacoli, Scienza\",\"Pausa Caff\u00e8\"],\"inLanguage\":\"fr-FR\"},{\"@type\":\"WebPage\",\"@id\":\"https:\\\/\\\/www.bellunopress.it\\\/2019\\\/10\\\/22\\\/venerdi-alla-libreria-degli-eddini-di-belluno-si-parla-della-repubblica-di-venezia-con-alessandro-marzo-magno\\\/\",\"url\":\"https:\\\/\\\/www.bellunopress.it\\\/2019\\\/10\\\/22\\\/venerdi-alla-libreria-degli-eddini-di-belluno-si-parla-della-repubblica-di-venezia-con-alessandro-marzo-magno\\\/\",\"name\":\"Venerd\u00ec alla Libreria degli Eddini di Belluno si parla della Repubblica di Venezia con Alessandro Marzo Magno - Bellunopress - Dolomiti\",\"isPartOf\":{\"@id\":\"https:\\\/\\\/www.bellunopress.it\\\/#website\"},\"primaryImageOfPage\":{\"@id\":\"https:\\\/\\\/www.bellunopress.it\\\/2019\\\/10\\\/22\\\/venerdi-alla-libreria-degli-eddini-di-belluno-si-parla-della-repubblica-di-venezia-con-alessandro-marzo-magno\\\/#primaryimage\"},\"image\":{\"@id\":\"https:\\\/\\\/www.bellunopress.it\\\/2019\\\/10\\\/22\\\/venerdi-alla-libreria-degli-eddini-di-belluno-si-parla-della-repubblica-di-venezia-con-alessandro-marzo-magno\\\/#primaryimage\"},\"thumbnailUrl\":\"http:\\\/\\\/www.bellunopress.it\\\/wp-content\\\/uploads\\\/2019\\\/10\\\/Alessandro-Marzo-Magno.jpg\",\"datePublished\":\"2019-10-22T17:00:59+00:00\",\"dateModified\":\"2019-10-22T18:46:35+00:00\",\"breadcrumb\":{\"@id\":\"https:\\\/\\\/www.bellunopress.it\\\/2019\\\/10\\\/22\\\/venerdi-alla-libreria-degli-eddini-di-belluno-si-parla-della-repubblica-di-venezia-con-alessandro-marzo-magno\\\/#breadcrumb\"},\"inLanguage\":\"fr-FR\",\"potentialAction\":[{\"@type\":\"ReadAction\",\"target\":[\"https:\\\/\\\/www.bellunopress.it\\\/2019\\\/10\\\/22\\\/venerdi-alla-libreria-degli-eddini-di-belluno-si-parla-della-repubblica-di-venezia-con-alessandro-marzo-magno\\\/\"]}]},{\"@type\":\"ImageObject\",\"inLanguage\":\"fr-FR\",\"@id\":\"https:\\\/\\\/www.bellunopress.it\\\/2019\\\/10\\\/22\\\/venerdi-alla-libreria-degli-eddini-di-belluno-si-parla-della-repubblica-di-venezia-con-alessandro-marzo-magno\\\/#primaryimage\",\"url\":\"http:\\\/\\\/www.bellunopress.it\\\/wp-content\\\/uploads\\\/2019\\\/10\\\/Alessandro-Marzo-Magno.jpg\",\"contentUrl\":\"http:\\\/\\\/www.bellunopress.it\\\/wp-content\\\/uploads\\\/2019\\\/10\\\/Alessandro-Marzo-Magno.jpg\"},{\"@type\":\"BreadcrumbList\",\"@id\":\"https:\\\/\\\/www.bellunopress.it\\\/2019\\\/10\\\/22\\\/venerdi-alla-libreria-degli-eddini-di-belluno-si-parla-della-repubblica-di-venezia-con-alessandro-marzo-magno\\\/#breadcrumb\",\"itemListElement\":[{\"@type\":\"ListItem\",\"position\":1,\"name\":\"Home\",\"item\":\"https:\\\/\\\/www.bellunopress.it\\\/\"},{\"@type\":\"ListItem\",\"position\":2,\"name\":\"Venerd\u00ec alla Libreria degli Eddini di Belluno si parla della Repubblica di Venezia con Alessandro Marzo Magno\"}]},{\"@type\":\"WebSite\",\"@id\":\"https:\\\/\\\/www.bellunopress.it\\\/#website\",\"url\":\"https:\\\/\\\/www.bellunopress.it\\\/\",\"name\":\"Bellunopress - Dolomiti\",\"description\":\"e-mail: redazione@bellunopress.it\",\"publisher\":{\"@id\":\"https:\\\/\\\/www.bellunopress.it\\\/#organization\"},\"potentialAction\":[{\"@type\":\"SearchAction\",\"target\":{\"@type\":\"EntryPoint\",\"urlTemplate\":\"https:\\\/\\\/www.bellunopress.it\\\/?s={search_term_string}\"},\"query-input\":{\"@type\":\"PropertyValueSpecification\",\"valueRequired\":true,\"valueName\":\"search_term_string\"}}],\"inLanguage\":\"fr-FR\"},{\"@type\":\"Organization\",\"@id\":\"https:\\\/\\\/www.bellunopress.it\\\/#organization\",\"name\":\"Bellunopress\",\"url\":\"https:\\\/\\\/www.bellunopress.it\\\/\",\"logo\":{\"@type\":\"ImageObject\",\"inLanguage\":\"fr-FR\",\"@id\":\"https:\\\/\\\/www.bellunopress.it\\\/#\\\/schema\\\/logo\\\/image\\\/\",\"url\":\"https:\\\/\\\/www.bellunopress.it\\\/wp-content\\\/uploads\\\/2011\\\/05\\\/cropped-logo-bellunopress-.jpg\",\"contentUrl\":\"https:\\\/\\\/www.bellunopress.it\\\/wp-content\\\/uploads\\\/2011\\\/05\\\/cropped-logo-bellunopress-.jpg\",\"width\":512,\"height\":512,\"caption\":\"Bellunopress\"},\"image\":{\"@id\":\"https:\\\/\\\/www.bellunopress.it\\\/#\\\/schema\\\/logo\\\/image\\\/\"},\"sameAs\":[\"https:\\\/\\\/www.facebook.com\\\/profile.php?id=100008943462799\",\"https:\\\/\\\/x.com\\\/bellunopress\",\"https:\\\/\\\/www.linkedin.com\\\/hp\\\/?dnr=JBzUWaJfMUw8vbXJJ2tVW5-I3jZKvC4wsoxE&amp;amp;amp;amp;amp;amp;trk=nav_responsive_tab_home\",\"https:\\\/\\\/www.youtube.com\\\/channel\\\/UCxL0wu1uN0_3_7hGG0306cw\"]},{\"@type\":\"Person\",\"@id\":\"https:\\\/\\\/www.bellunopress.it\\\/#\\\/schema\\\/person\\\/79bb06722b37ece1c03d3e94beb30d73\",\"name\":\"redazione\",\"image\":{\"@type\":\"ImageObject\",\"inLanguage\":\"fr-FR\",\"@id\":\"https:\\\/\\\/secure.gravatar.com\\\/avatar\\\/37d968a2e67a6fd04c169c4bdef102d0bc5d31b2546345219e348575eb80e9a0?s=96&d=mm&r=g\",\"url\":\"https:\\\/\\\/secure.gravatar.com\\\/avatar\\\/37d968a2e67a6fd04c169c4bdef102d0bc5d31b2546345219e348575eb80e9a0?s=96&d=mm&r=g\",\"contentUrl\":\"https:\\\/\\\/secure.gravatar.com\\\/avatar\\\/37d968a2e67a6fd04c169c4bdef102d0bc5d31b2546345219e348575eb80e9a0?s=96&d=mm&r=g\",\"caption\":\"redazione\"},\"sameAs\":[\"http:\\\/\\\/www.bellunopress.it\",\"https:\\\/\\\/x.com\\\/bellunopress\"],\"url\":\"https:\\\/\\\/www.bellunopress.it\\\/fr\\\/author\\\/redazione\\\/\"}]}<\/script>\n<!-- \/ Yoast SEO plugin. -->","yoast_head_json":{"title":"Venerd\u00ec alla Libreria degli Eddini di Belluno si parla della Repubblica di Venezia con Alessandro Marzo Magno - Bellunopress - Dolomiti","robots":{"index":"index","follow":"follow","max-snippet":"max-snippet:-1","max-image-preview":"max-image-preview:large","max-video-preview":"max-video-preview:-1"},"canonical":"https:\/\/www.bellunopress.it\/fr\/2019\/10\/22\/venerdi-alla-libreria-degli-eddini-di-belluno-si-parla-della-repubblica-di-venezia-con-alessandro-marzo-magno\/","og_locale":"fr_FR","og_type":"article","og_title":"Venerd\u00ec alla Libreria degli Eddini di Belluno si parla della Repubblica di Venezia con Alessandro Marzo Magno - Bellunopress - Dolomiti","og_description":"Venerd\u00ec alle 18:00 alla Libreria degli Eddini in via Mezzaterra 15 Belluno, Alessandro Marzo Magno presenter\u00e0 il suo ultimo lavoro &#8220;La Splendida (Venezia 1499 &#8211; 1509) &#8220;. Introduce Nicoletta Comar. Venezia \u00e8 nel 1499 una grande potenza europea. Solo dieci anni dopo &#8211; sconfitta militarmente dalla lega di Cambrai &#8211; \u00e8 una sopravvissuta. Inizia una [&hellip;]","og_url":"https:\/\/www.bellunopress.it\/fr\/2019\/10\/22\/venerdi-alla-libreria-degli-eddini-di-belluno-si-parla-della-repubblica-di-venezia-con-alessandro-marzo-magno\/","og_site_name":"Bellunopress - Dolomiti","article_publisher":"https:\/\/www.facebook.com\/profile.php?id=100008943462799","article_published_time":"2019-10-22T17:00:59+00:00","article_modified_time":"2019-10-22T18:46:35+00:00","og_image":[{"url":"http:\/\/www.bellunopress.it\/wp-content\/uploads\/2019\/10\/Alessandro-Marzo-Magno.jpg","type":"","width":"","height":""}],"author":"redazione","twitter_card":"summary_large_image","twitter_creator":"@bellunopress","twitter_site":"@bellunopress","twitter_misc":{"Written by":"redazione","Est. reading time":"1 minute"},"schema":{"@context":"https:\/\/schema.org","@graph":[{"@type":"Article","@id":"https:\/\/www.bellunopress.it\/2019\/10\/22\/venerdi-alla-libreria-degli-eddini-di-belluno-si-parla-della-repubblica-di-venezia-con-alessandro-marzo-magno\/#article","isPartOf":{"@id":"https:\/\/www.bellunopress.it\/2019\/10\/22\/venerdi-alla-libreria-degli-eddini-di-belluno-si-parla-della-repubblica-di-venezia-con-alessandro-marzo-magno\/"},"author":{"name":"redazione","@id":"https:\/\/www.bellunopress.it\/#\/schema\/person\/79bb06722b37ece1c03d3e94beb30d73"},"headline":"Venerd\u00ec alla Libreria degli Eddini di Belluno si parla della Repubblica di Venezia con Alessandro Marzo Magno","datePublished":"2019-10-22T17:00:59+00:00","dateModified":"2019-10-22T18:46:35+00:00","mainEntityOfPage":{"@id":"https:\/\/www.bellunopress.it\/2019\/10\/22\/venerdi-alla-libreria-degli-eddini-di-belluno-si-parla-della-repubblica-di-venezia-con-alessandro-marzo-magno\/"},"wordCount":242,"publisher":{"@id":"https:\/\/www.bellunopress.it\/#organization"},"image":{"@id":"https:\/\/www.bellunopress.it\/2019\/10\/22\/venerdi-alla-libreria-degli-eddini-di-belluno-si-parla-della-repubblica-di-venezia-con-alessandro-marzo-magno\/#primaryimage"},"thumbnailUrl":"http:\/\/www.bellunopress.it\/wp-content\/uploads\/2019\/10\/Alessandro-Marzo-Magno.jpg","articleSection":["Appuntamenti, Eventi","Arte, Cultura, Spettacoli, Scienza","Pausa Caff\u00e8"],"inLanguage":"fr-FR"},{"@type":"WebPage","@id":"https:\/\/www.bellunopress.it\/2019\/10\/22\/venerdi-alla-libreria-degli-eddini-di-belluno-si-parla-della-repubblica-di-venezia-con-alessandro-marzo-magno\/","url":"https:\/\/www.bellunopress.it\/2019\/10\/22\/venerdi-alla-libreria-degli-eddini-di-belluno-si-parla-della-repubblica-di-venezia-con-alessandro-marzo-magno\/","name":"Venerd\u00ec alla Libreria degli Eddini di Belluno si parla della Repubblica di Venezia con Alessandro Marzo Magno - Bellunopress - Dolomiti","isPartOf":{"@id":"https:\/\/www.bellunopress.it\/#website"},"primaryImageOfPage":{"@id":"https:\/\/www.bellunopress.it\/2019\/10\/22\/venerdi-alla-libreria-degli-eddini-di-belluno-si-parla-della-repubblica-di-venezia-con-alessandro-marzo-magno\/#primaryimage"},"image":{"@id":"https:\/\/www.bellunopress.it\/2019\/10\/22\/venerdi-alla-libreria-degli-eddini-di-belluno-si-parla-della-repubblica-di-venezia-con-alessandro-marzo-magno\/#primaryimage"},"thumbnailUrl":"http:\/\/www.bellunopress.it\/wp-content\/uploads\/2019\/10\/Alessandro-Marzo-Magno.jpg","datePublished":"2019-10-22T17:00:59+00:00","dateModified":"2019-10-22T18:46:35+00:00","breadcrumb":{"@id":"https:\/\/www.bellunopress.it\/2019\/10\/22\/venerdi-alla-libreria-degli-eddini-di-belluno-si-parla-della-repubblica-di-venezia-con-alessandro-marzo-magno\/#breadcrumb"},"inLanguage":"fr-FR","potentialAction":[{"@type":"ReadAction","target":["https:\/\/www.bellunopress.it\/2019\/10\/22\/venerdi-alla-libreria-degli-eddini-di-belluno-si-parla-della-repubblica-di-venezia-con-alessandro-marzo-magno\/"]}]},{"@type":"ImageObject","inLanguage":"fr-FR","@id":"https:\/\/www.bellunopress.it\/2019\/10\/22\/venerdi-alla-libreria-degli-eddini-di-belluno-si-parla-della-repubblica-di-venezia-con-alessandro-marzo-magno\/#primaryimage","url":"http:\/\/www.bellunopress.it\/wp-content\/uploads\/2019\/10\/Alessandro-Marzo-Magno.jpg","contentUrl":"http:\/\/www.bellunopress.it\/wp-content\/uploads\/2019\/10\/Alessandro-Marzo-Magno.jpg"},{"@type":"BreadcrumbList","@id":"https:\/\/www.bellunopress.it\/2019\/10\/22\/venerdi-alla-libreria-degli-eddini-di-belluno-si-parla-della-repubblica-di-venezia-con-alessandro-marzo-magno\/#breadcrumb","itemListElement":[{"@type":"ListItem","position":1,"name":"Home","item":"https:\/\/www.bellunopress.it\/"},{"@type":"ListItem","position":2,"name":"Venerd\u00ec alla Libreria degli Eddini di Belluno si parla della Repubblica di Venezia con Alessandro Marzo Magno"}]},{"@type":"WebSite","@id":"https:\/\/www.bellunopress.it\/#website","url":"https:\/\/www.bellunopress.it\/","name":"Bellunopress - Dolomiti","description":"e-mail: redazione@bellunopress.it","publisher":{"@id":"https:\/\/www.bellunopress.it\/#organization"},"potentialAction":[{"@type":"SearchAction","target":{"@type":"EntryPoint","urlTemplate":"https:\/\/www.bellunopress.it\/?s={search_term_string}"},"query-input":{"@type":"PropertyValueSpecification","valueRequired":true,"valueName":"search_term_string"}}],"inLanguage":"fr-FR"},{"@type":"Organization","@id":"https:\/\/www.bellunopress.it\/#organization","name":"Bellunopress","url":"https:\/\/www.bellunopress.it\/","logo":{"@type":"ImageObject","inLanguage":"fr-FR","@id":"https:\/\/www.bellunopress.it\/#\/schema\/logo\/image\/","url":"https:\/\/www.bellunopress.it\/wp-content\/uploads\/2011\/05\/cropped-logo-bellunopress-.jpg","contentUrl":"https:\/\/www.bellunopress.it\/wp-content\/uploads\/2011\/05\/cropped-logo-bellunopress-.jpg","width":512,"height":512,"caption":"Bellunopress"},"image":{"@id":"https:\/\/www.bellunopress.it\/#\/schema\/logo\/image\/"},"sameAs":["https:\/\/www.facebook.com\/profile.php?id=100008943462799","https:\/\/x.com\/bellunopress","https:\/\/www.linkedin.com\/hp\/?dnr=JBzUWaJfMUw8vbXJJ2tVW5-I3jZKvC4wsoxE&amp;amp;amp;amp;amp;amp;trk=nav_responsive_tab_home","https:\/\/www.youtube.com\/channel\/UCxL0wu1uN0_3_7hGG0306cw"]},{"@type":"Person","@id":"https:\/\/www.bellunopress.it\/#\/schema\/person\/79bb06722b37ece1c03d3e94beb30d73","name":"r\u00e9daction","image":{"@type":"ImageObject","inLanguage":"fr-FR","@id":"https:\/\/secure.gravatar.com\/avatar\/37d968a2e67a6fd04c169c4bdef102d0bc5d31b2546345219e348575eb80e9a0?s=96&d=mm&r=g","url":"https:\/\/secure.gravatar.com\/avatar\/37d968a2e67a6fd04c169c4bdef102d0bc5d31b2546345219e348575eb80e9a0?s=96&d=mm&r=g","contentUrl":"https:\/\/secure.gravatar.com\/avatar\/37d968a2e67a6fd04c169c4bdef102d0bc5d31b2546345219e348575eb80e9a0?s=96&d=mm&r=g","caption":"redazione"},"sameAs":["http:\/\/www.bellunopress.it","https:\/\/x.com\/bellunopress"],"url":"https:\/\/www.bellunopress.it\/fr\/author\/redazione\/"}]}},"_links":{"self":[{"href":"https:\/\/www.bellunopress.it\/fr\/wp-json\/wp\/v2\/posts\/108952","targetHints":{"allow":["GET"]}}],"collection":[{"href":"https:\/\/www.bellunopress.it\/fr\/wp-json\/wp\/v2\/posts"}],"about":[{"href":"https:\/\/www.bellunopress.it\/fr\/wp-json\/wp\/v2\/types\/post"}],"author":[{"embeddable":true,"href":"https:\/\/www.bellunopress.it\/fr\/wp-json\/wp\/v2\/users\/2"}],"replies":[{"embeddable":true,"href":"https:\/\/www.bellunopress.it\/fr\/wp-json\/wp\/v2\/comments?post=108952"}],"version-history":[{"count":3,"href":"https:\/\/www.bellunopress.it\/fr\/wp-json\/wp\/v2\/posts\/108952\/revisions"}],"predecessor-version":[{"id":108980,"href":"https:\/\/www.bellunopress.it\/fr\/wp-json\/wp\/v2\/posts\/108952\/revisions\/108980"}],"wp:attachment":[{"href":"https:\/\/www.bellunopress.it\/fr\/wp-json\/wp\/v2\/media?parent=108952"}],"wp:term":[{"taxonomy":"category","embeddable":true,"href":"https:\/\/www.bellunopress.it\/fr\/wp-json\/wp\/v2\/categories?post=108952"},{"taxonomy":"post_tag","embeddable":true,"href":"https:\/\/www.bellunopress.it\/fr\/wp-json\/wp\/v2\/tags?post=108952"}],"curies":[{"name":"wp","href":"https:\/\/api.w.org\/{rel}","templated":true}]}}