{"id":108950,"date":"2019-10-21T16:59:16","date_gmt":"2019-10-21T14:59:16","guid":{"rendered":"http:\/\/www.bellunopress.it\/?p=108950"},"modified":"2019-10-21T16:59:16","modified_gmt":"2019-10-21T14:59:16","slug":"arredamont-42ma-edizione-a-longarone-fiere-la-mostra-dellarredare-in-montagna-apre-i-battenti-dal-26-ottobre-al-3-novembre","status":"publish","type":"post","link":"https:\/\/www.bellunopress.it\/fr\/2019\/10\/21\/arredamont-42ma-edizione-a-longarone-fiere-la-mostra-dellarredare-in-montagna-apre-i-battenti-dal-26-ottobre-al-3-novembre\/","title":{"rendered":"Arredamont 42ma edizione a Longarone Fiere, la Mostra dell\u2019arredare in montagna, apre i battenti dal 26 ottobre al 3 novembre"},"content":{"rendered":"<p>Un\u2019esposizione completa e moderna dedicata all\u2019arredamento, ai complementi, ai tessuti e all\u2019oggettistica delle case di montagna. L\u2019evento \u00e8 dedicato a chi vuole arredare la propria abitazione e agli operatori del settore turistico sempre pi\u00f9 attenti all\u2019arredamento delle proprie strutture ricettive.<\/p>\n<p><a href=\"http:\/\/www.bellunopress.it\/fr\/2015\/11\/09\/arredamont-38ma-edizione-sfiora-le-30mila-presenze\/arredamont-2015\/\" rel=\"attachment wp-att-73007\"><img loading=\"lazy\" decoding=\"async\" class=\"alignleft size-full wp-image-73007\" src=\"http:\/\/www.bellunopress.it\/wp-content\/uploads\/2015\/11\/arredamont-2015.jpg\" alt=\"\" width=\"300\" height=\"200\" \/><\/a>Arredamont \u00e8 storia. La storia di un appuntamento unico nel suo genere in Italia che propone ai visitatori le novit\u00e0 del settore arredamento presentando prodotti originali accanto ai mobili e complementi d\u2019arredo tradizionali. Ogni curiosit\u00e0, ogni novit\u00e0 trover\u00e0 il suo giusto posto. Anche attraverso i tanti eventi che faranno da cornice alla manifestazione. All\u2019interno camminando fra i numerosi stand, si possono trovare oggetti particolari e spunti per caratterizzare le situazioni pi\u00f9 diverse: dall\u2019angolo del soggiorno di casa alle camere moderne realizzate con legni antichi. Cornici su misura con essenze particolari di legno, oggetti di design, particolari di rustiche case di montagna, tessuti pregiati e rari. Facendo un passo indietro, Arredamont si ricollega alla Fiera e Festival delle foreste. Protagonista indiscusso, infatti, anche questa volta il legno che gli artigiani trasformano in vere e proprie opere d&#8217;arte: boiserie, mobili nuovi e tradizionali, ristrutturazioni con antichi legni ed anche costruzioni con nuovo legname. In fiera, assieme al legno, trovano spazio anche gli altri materiali naturali: pietra, ferro e lana lavorati nelle terre di montagna. La passione per la lavorazione del legno e dei materiali naturali crea complementi d\u2019arredo che soddisfano i sogni dei clienti, creazioni realizzate non solo con le mani ma soprattutto con la mente e il cuore. \u00c8 questa la vera anima di Arredamont.<\/p>\n<p><a href=\"http:\/\/www.bellunopress.it\/fr\/2015\/10\/30\/sabato-lapertura-della-38ma-edizione-dellarredamont-a-longarone-fiere\/arredamont-2014\/\" rel=\"attachment wp-att-72812\"><img loading=\"lazy\" decoding=\"async\" class=\"alignleft size-full wp-image-72812\" src=\"http:\/\/www.bellunopress.it\/wp-content\/uploads\/2015\/10\/Arredamont-2014.jpg\" alt=\"\" width=\"300\" height=\"200\" \/><\/a>Dal 26 ottobre al 3 novembre oltre 200 espositori provenienti dall\u2019arco alpino e dall\u2019estero esporranno, nei 17mila metri quadri a disposizione, i migliori arredamenti, tessuti, complementi e oggettistica delle case di montagna nel polo fieristico delle Dolomiti a Longarone. Non solo per case di abitazione, ma anche per alberghi e ristoranti con proposte tradizionali e originali realizzate con materiali naturali come la pietra, il legno, il ferro. Un appuntamento unico nel suo genere in Italia che popone ai visitatori, oltre 30mila lo scorso anno, le novit\u00e0 del settore. Tra gli stand espositivi, accanto ai tradizionali mobili e complementi d\u2019arredo, si potranno trovare anche oggetti particolari e spunti per caratterizzare le situazioni d\u2019arredo pi\u00f9 diverse. Dall\u2019angolo del soggiorno di casa alla vetrina di negozio in citt\u00e0. Cornici su misura con essenze particolari di legno, oggetti di design, cose di vecchie case di montagna, tessuti pregiati e rari grazie alla presenza degli artigiani di Cita &#8211; Consociazione italiana tappezzieri arredatori.<\/p>\n<p>&lt;&lt;Come un cantiere in continua evoluzione \u2013 sottolinea il presidente Gian Angelo Bellati &#8211; accoglie proposte che non provengono solo dalle Dolomiti e dalla montagna veneta. Le esperienze, le tradizioni, i materiali di tutte le regioni dell\u2019arco alpino, dal Friuli Venezia Giulia alla Valle d\u2019Aosta, sono gli elementi sui quali si focalizza l\u2019interesse di un pubblico che guarda con attenzione all\u2019arredamento e agli aspetti costruttivi oltre che agli spazi esterni della casa. E sempre provenienti da tutto l\u2019arco alpino, non solo italiano, si alterneranno durante la manifestazione i mascherai alpini con la realizzazione di due panche rustiche utilizzando come materiale il legno \u201cschiantato\u201d dalla Tempesta Vaia del 2018 e dove lo schienale verr\u00e0 intagliato in bassorilievo con scene carnevalesche alpine: ogni maschera carnevalesca sar\u00e0 tipica della zona di provenienza dell\u2019artista. Ma come la \u201cstoria \u00e8 maestra di vita\u201d, l\u2019insegnamento dell\u2019arte e del mestiere \u00e8 il futuro di questa esposizione. Ecco che anche quest\u2019anno, per dare spazio anche ai piccoli artigiani di complementi d\u2019arredo e realizzazioni artistiche, la fiera continua con il progetto che ha riscosso negli ultimi anni un grande successo, \u201cL\u2019Artigiano sotto l\u2019Albero\u201d. Spazio anche ai futuri falegnami con l\u2019Istituto di Istruzione Superiore Statale Enrico Fermi e la loro esposizione dedicata alle \u201cregole e buone pratiche in falegnameria\u201d con le dimostrazioni di lavorazioni al banco; e per continuare nel segno della formazione, fondamentale investimento per il futuro, \u00e8 garantita la partecipazione anche del C.F.S., Centro per la Formazione e la Sicurezza di Belluno, e del Centro Consorzi&gt;&gt;.<\/p>\n<p align=\"LEFT\"><span style=\"color: #000000;\"><span style=\"font-family: Calibri, sans-serif;\"><span style=\"font-size: large;\"><b>PROGRAMMA<\/b><\/span><\/span><\/span><\/p>\n<p align=\"LEFT\"><span style=\"font-family: Times New Roman, serif;\"><b><span style=\"font-family: Calibri, sans-serif;\"><u>Sabato 26 ottobre<\/u><\/span><\/b><\/span><\/p>\n<p align=\"LEFT\"><span style=\"font-family: Calibri, sans-serif;\"><span style=\"font-size: small;\">Ore 11.00 <\/span><\/span> <span style=\"font-family: Calibri, sans-serif;\"><span style=\"font-size: small;\"><i>c\/o ArredamontArena \u2013 Pad. C<\/i><\/span><\/span><\/p>\n<p align=\"LEFT\"><span style=\"font-family: Calibri, sans-serif;\"><span style=\"font-size: small;\"><b>Cerimonia di inaugurazione della 42a edizione di Arredamont<\/b><\/span><\/span><span style=\"font-family: Calibri, sans-serif;\"><span style=\"font-size: small;\"> &#8211; Mostra dell\u2019arredare in montagna <\/span><\/span><\/p>\n<p align=\"LEFT\"><b><span style=\"font-family: Calibri, sans-serif;\"><u>Luned\u00ec 28 ottobre<\/u><\/span><\/b><\/p>\n<p align=\"LEFT\"><span style=\"font-family: Calibri, sans-serif;\"><span style=\"font-size: small;\">Dalle 21.15 Diretta sul programma televisivo <\/span><\/span><span style=\"font-family: Calibri, sans-serif;\"><span style=\"font-size: small;\"><b>Ring<\/b><\/span><\/span><span style=\"font-family: Calibri, sans-serif;\"><span style=\"font-size: small;\"> di AntennaTre da Arredamont<\/span><\/span><\/p>\n<p align=\"LEFT\"><b><span style=\"font-family: Calibri, sans-serif;\"><u>Mercoled\u00ec 30 ottobre<\/u><\/span><\/b><\/p>\n<p align=\"LEFT\"><span style=\"font-family: Calibri, sans-serif;\"><span style=\"font-size: small;\">Ore 17.30 <\/span><\/span><span style=\"font-family: Calibri, sans-serif;\"><span style=\"font-size: small;\"><i>c\/o ArredamontArena \u2013 Pad. C<\/i><\/span><\/span><\/p>\n<p align=\"LEFT\"><span style=\"font-family: Calibri, sans-serif;\"><span style=\"font-size: small;\"><b>Presentazione &#8211; pubblicazione &#8220;Vajont &#8211; Una storia da raccontare&#8221; <\/b><\/span><\/span><\/p>\n<p align=\"LEFT\"><span style=\"font-family: Calibri, sans-serif;\"><span style=\"font-size: small;\">A cura della Fondazione Vajont Ottobre 1963 Onlus<\/span><\/span><\/p>\n<p align=\"LEFT\"><b><span style=\"font-family: Calibri, sans-serif;\"><u>Gioved\u00ec 31 ottobre<\/u><\/span><\/b><\/p>\n<p align=\"LEFT\"><span style=\"font-family: Calibri, sans-serif;\"><span style=\"font-size: small;\">Ore 14.15 <\/span><\/span><span style=\"font-family: Calibri, sans-serif;\"><span style=\"font-size: small;\"><i>c\/o ArredamontArena \u2013 Pad. C<\/i><\/span><\/span><\/p>\n<p align=\"LEFT\"><i> <\/i><span style=\"font-family: Calibri, sans-serif;\"><span style=\"font-size: small;\"><b>&#8220;Lavorare in Sicurezza In Falegnameria&#8221;<\/b><\/span><\/span><\/p>\n<p align=\"LEFT\"><span style=\"font-family: Calibri, sans-serif;\"><span style=\"font-size: small;\">A cura dell\u2019<\/span><\/span> <span style=\"font-family: Calibri, sans-serif;\"><span style=\"font-size: small;\">Istituto di Istruzione Superiore Statale \u201cEnrico Fermi\u201d <\/span><\/span><\/p>\n<p align=\"LEFT\"><span style=\"font-family: Calibri, sans-serif;\"><span style=\"font-size: small;\">IPSIA Mobile e Arredamento &#8211; Santo Stefano di Cadore<\/span><\/span><\/p>\n<p align=\"LEFT\"><span style=\"font-family: Cambria,Bold;\"><span style=\"font-size: small;\">Attivit\u00e0 di formazione e promozione ex art. 8\/1 L.R. 23\/2007 L.R. 43\/2012 approvata dall\u2019OPC di Belluno coordinato da SPISAL ULSS1 Dolomiti<\/span><\/span><\/p>\n<p align=\"LEFT\"><span style=\"font-family: Calibri, sans-serif;\"><span style=\"font-size: small;\">Ore 16.00 c\/o ArredamontArena \u2013 Pad. C<\/span><\/span><\/p>\n<p align=\"LEFT\"><span style=\"font-family: Calibri, sans-serif;\"><span style=\"font-size: small;\"><b>Come creare una struttura ricettiva complementare<\/b><\/span><\/span><span style=\"font-family: Calibri, sans-serif;\"><span style=\"font-size: small;\">: Analisi tecnico normativa per l&#8217;avvio di una struttura ricettiva e per l&#8217;accesso ai fondi di finanziamento pubblico<\/span><\/span><\/p>\n<p align=\"LEFT\"><span style=\"font-family: Calibri, sans-serif;\"><span style=\"font-size: small;\">Organizzato da Ordine Periti Industriali e Periti Industriali Laureati di Belluno e Belluno Tecnologia<\/span><\/span><\/p>\n<p align=\"LEFT\"><b><span style=\"font-family: Calibri, sans-serif;\"><u>Sabato 2 novembre<\/u><\/span><\/b><\/p>\n<p align=\"LEFT\"><span style=\"font-family: Calibri, sans-serif;\"><span style=\"font-size: small;\">Ore 10.30 <\/span><\/span> <span style=\"font-family: Calibri, sans-serif;\"><span style=\"font-size: small;\"><i>c\/o Centro Congressi <\/i><\/span><\/span><\/p>\n<p align=\"LEFT\"><span style=\"font-family: Calibri, sans-serif;\"><span style=\"font-size: small;\">Seminario a cura di Centro Consorzi \u201cLegno, natura, sensi, relax, benessere, noi: c\u2019\u00e8 un lungo filo, talvolta invisibile, che ci collega\u201d Relatore: Arch. Isabella Strag\u00e0<\/span><\/span><\/p>\n<p align=\"LEFT\"><span style=\"font-family: Calibri, sans-serif;\"><span style=\"font-size: small;\">Al termine vengono consegnati gli attestati di qualifica e diploma professionale dell\u2019a.s. 2018\/19 della Scuola del Legno, Scuola di Estetica e Operatore Elettrico del Centro Consorzi.<\/span><\/span><\/p>\n<p align=\"LEFT\"><b><span style=\"font-family: Calibri, sans-serif;\"><u>Domenica 3 novembre<\/u><\/span><\/b><\/p>\n<p align=\"LEFT\"><span style=\"font-family: Calibri, sans-serif;\"><span style=\"font-size: small;\">Ore 16.00 <\/span><\/span><span style=\"font-family: Calibri, sans-serif;\"><span style=\"font-size: small;\"><i>c\/o ArredamontArena \u2013 Pad. C<\/i><\/span><\/span><\/p>\n<p align=\"LEFT\"><span style=\"font-family: Calibri, sans-serif;\"><span style=\"font-size: small;\"><b>Da Vinci&#8217;s Shooting<\/b><\/span><\/span><\/p>\n<p align=\"LEFT\"><span style=\"font-family: Calibri, sans-serif;\"><span style=\"font-size: small;\">Fascino e acconciatura in uno scatto fotografico a cura dell\u2019Istituto Leonardo Da Vinci <\/span><\/span><\/p>\n<p align=\"LEFT\"><span style=\"font-family: Calibri, sans-serif;\"><span style=\"font-size: small;\">Via F. Ostilio 8, &#8211; 32100 Belluno | Tel. 0437 942474 | Fax 0437 942484 | info@liceoleonardodavinci.com<\/span><\/span><\/p>\n<p lang=\"it-IT\" align=\"LEFT\"><span style=\"color: #000000;\"><span style=\"font-family: Calibri, sans-serif;\"><span style=\"font-size: small;\"><u><b>Tutti i giorni<\/b><\/u><\/span><\/span><\/span><\/p>\n<p lang=\"it-IT\" align=\"LEFT\"><span style=\"color: #000000;\"><span style=\"font-family: Calibri, sans-serif;\"><span style=\"font-size: small;\"><b>Consorzio Mascherai Alpini <\/b><\/span><\/span><\/span><\/p>\n<p align=\"LEFT\"><span style=\"font-family: Calibri, sans-serif;\"><span style=\"font-size: small;\">Realizzazione di due panche rustiche utilizzando come materiale il legno \u201cschiantato\u201d dalla Tempesta Vaia del 2018. Lo schienale verr\u00e0 intagliato in bassorilievo con scene carnevalesche alpine.<\/span><\/span><\/p>\n<p align=\"LEFT\"><span style=\"font-family: Calibri, sans-serif;\"><span style=\"font-size: small;\"><b>Istituto di Istruzione Superiore Statale \u201cEnrico Fermi\u201d <\/b><\/span><\/span><\/p>\n<p align=\"LEFT\"><span style=\"font-family: Calibri, sans-serif;\"><span style=\"font-size: small;\"><b>IPSIA Mobile e Arredamento &#8211; Santo Stefano di Cadore<\/b><\/span><\/span><\/p>\n<p align=\"LEFT\"><span style=\"font-family: Calibri, sans-serif;\"><span style=\"font-size: small;\">Regole e buone pratiche in falegnameria. Esposizione dedicata alla sicurezza nel laboratorio di falegnameria con momenti informativi in merito a regole e buone pratiche dell\u2019operatore. Importanza dell\u2019uso dei DPI, corretta manutenzione delle macchine e impianti di aspirazione, corretto uso delle varie macchine tradizionali e dimostrazioni di semplici lavorazioni al banco.<\/span><\/span><\/p>","protected":false},"excerpt":{"rendered":"<p>Un\u2019esposizione completa e moderna dedicata all\u2019arredamento, ai complementi, ai tessuti e all\u2019oggettistica delle case di montagna. L\u2019evento \u00e8 dedicato a chi vuole arredare la propria abitazione e agli operatori del settore turistico sempre pi\u00f9 attenti all\u2019arredamento delle proprie strutture ricettive. Arredamont \u00e8 storia. La storia di un appuntamento unico nel suo genere in Italia che [&hellip;]<\/p>\n","protected":false},"author":2,"featured_media":0,"comment_status":"closed","ping_status":"open","sticky":false,"template":"","format":"standard","meta":{"footnotes":""},"categories":[27,3,36,25],"tags":[],"class_list":["post-108950","post","type-post","status-publish","format-standard","category-appuntamenti","category-arte-cultura-spettacoli-scienza-archivi","category-lavoro-economia","category-pausa-caffe"],"yoast_head":"<!-- This site is optimized with the Yoast SEO plugin v28.4 - https:\/\/yoast.com\/product\/yoast-seo-wordpress\/ -->\n<title>Arredamont 42ma edizione a Longarone Fiere, la Mostra dell\u2019arredare in montagna, apre i battenti dal 26 ottobre al 3 novembre - Bellunopress - Dolomiti<\/title>\n<meta name=\"robots\" content=\"index, follow, max-snippet:-1, max-image-preview:large, max-video-preview:-1\" \/>\n<link rel=\"canonical\" href=\"https:\/\/www.bellunopress.it\/fr\/2019\/10\/21\/arredamont-42ma-edizione-a-longarone-fiere-la-mostra-dellarredare-in-montagna-apre-i-battenti-dal-26-ottobre-al-3-novembre\/\" \/>\n<meta property=\"og:locale\" content=\"fr_FR\" \/>\n<meta property=\"og:type\" content=\"article\" \/>\n<meta property=\"og:title\" content=\"Arredamont 42ma edizione a Longarone Fiere, la Mostra dell\u2019arredare in montagna, apre i battenti dal 26 ottobre al 3 novembre - Bellunopress - Dolomiti\" \/>\n<meta property=\"og:description\" content=\"Un\u2019esposizione completa e moderna dedicata all\u2019arredamento, ai complementi, ai tessuti e all\u2019oggettistica delle case di montagna. L\u2019evento \u00e8 dedicato a chi vuole arredare la propria abitazione e agli operatori del settore turistico sempre pi\u00f9 attenti all\u2019arredamento delle proprie strutture ricettive. Arredamont \u00e8 storia. La storia di un appuntamento unico nel suo genere in Italia che [&hellip;]\" \/>\n<meta property=\"og:url\" content=\"https:\/\/www.bellunopress.it\/fr\/2019\/10\/21\/arredamont-42ma-edizione-a-longarone-fiere-la-mostra-dellarredare-in-montagna-apre-i-battenti-dal-26-ottobre-al-3-novembre\/\" \/>\n<meta property=\"og:site_name\" content=\"Bellunopress - Dolomiti\" \/>\n<meta property=\"article:publisher\" content=\"https:\/\/www.facebook.com\/profile.php?id=100008943462799\" \/>\n<meta property=\"article:published_time\" content=\"2019-10-21T14:59:16+00:00\" \/>\n<meta property=\"og:image\" content=\"http:\/\/www.bellunopress.it\/wp-content\/uploads\/2015\/11\/arredamont-2015.jpg\" \/>\n<meta name=\"author\" content=\"redazione\" \/>\n<meta name=\"twitter:card\" content=\"summary_large_image\" \/>\n<meta name=\"twitter:creator\" content=\"@bellunopress\" \/>\n<meta name=\"twitter:site\" content=\"@bellunopress\" \/>\n<meta name=\"twitter:label1\" content=\"Written by\" \/>\n\t<meta name=\"twitter:data1\" content=\"redazione\" \/>\n\t<meta name=\"twitter:label2\" content=\"Est. reading time\" \/>\n\t<meta name=\"twitter:data2\" content=\"5 minutes\" \/>\n<script type=\"application\/ld+json\" class=\"yoast-schema-graph\">{\"@context\":\"https:\\\/\\\/schema.org\",\"@graph\":[{\"@type\":\"Article\",\"@id\":\"https:\\\/\\\/www.bellunopress.it\\\/2019\\\/10\\\/21\\\/arredamont-42ma-edizione-a-longarone-fiere-la-mostra-dellarredare-in-montagna-apre-i-battenti-dal-26-ottobre-al-3-novembre\\\/#article\",\"isPartOf\":{\"@id\":\"https:\\\/\\\/www.bellunopress.it\\\/2019\\\/10\\\/21\\\/arredamont-42ma-edizione-a-longarone-fiere-la-mostra-dellarredare-in-montagna-apre-i-battenti-dal-26-ottobre-al-3-novembre\\\/\"},\"author\":{\"name\":\"redazione\",\"@id\":\"https:\\\/\\\/www.bellunopress.it\\\/#\\\/schema\\\/person\\\/79bb06722b37ece1c03d3e94beb30d73\"},\"headline\":\"Arredamont 42ma edizione a Longarone Fiere, la Mostra dell\u2019arredare in montagna, apre i battenti dal 26 ottobre al 3 novembre\",\"datePublished\":\"2019-10-21T14:59:16+00:00\",\"mainEntityOfPage\":{\"@id\":\"https:\\\/\\\/www.bellunopress.it\\\/2019\\\/10\\\/21\\\/arredamont-42ma-edizione-a-longarone-fiere-la-mostra-dellarredare-in-montagna-apre-i-battenti-dal-26-ottobre-al-3-novembre\\\/\"},\"wordCount\":1053,\"publisher\":{\"@id\":\"https:\\\/\\\/www.bellunopress.it\\\/#organization\"},\"image\":{\"@id\":\"https:\\\/\\\/www.bellunopress.it\\\/2019\\\/10\\\/21\\\/arredamont-42ma-edizione-a-longarone-fiere-la-mostra-dellarredare-in-montagna-apre-i-battenti-dal-26-ottobre-al-3-novembre\\\/#primaryimage\"},\"thumbnailUrl\":\"http:\\\/\\\/www.bellunopress.it\\\/wp-content\\\/uploads\\\/2015\\\/11\\\/arredamont-2015.jpg\",\"articleSection\":[\"Appuntamenti, Eventi\",\"Arte, Cultura, Spettacoli, Scienza\",\"Lavoro, Economia, Turismo\",\"Pausa Caff\u00e8\"],\"inLanguage\":\"fr-FR\"},{\"@type\":\"WebPage\",\"@id\":\"https:\\\/\\\/www.bellunopress.it\\\/2019\\\/10\\\/21\\\/arredamont-42ma-edizione-a-longarone-fiere-la-mostra-dellarredare-in-montagna-apre-i-battenti-dal-26-ottobre-al-3-novembre\\\/\",\"url\":\"https:\\\/\\\/www.bellunopress.it\\\/2019\\\/10\\\/21\\\/arredamont-42ma-edizione-a-longarone-fiere-la-mostra-dellarredare-in-montagna-apre-i-battenti-dal-26-ottobre-al-3-novembre\\\/\",\"name\":\"Arredamont 42ma edizione a Longarone Fiere, la Mostra dell\u2019arredare in montagna, apre i battenti dal 26 ottobre al 3 novembre - Bellunopress - Dolomiti\",\"isPartOf\":{\"@id\":\"https:\\\/\\\/www.bellunopress.it\\\/#website\"},\"primaryImageOfPage\":{\"@id\":\"https:\\\/\\\/www.bellunopress.it\\\/2019\\\/10\\\/21\\\/arredamont-42ma-edizione-a-longarone-fiere-la-mostra-dellarredare-in-montagna-apre-i-battenti-dal-26-ottobre-al-3-novembre\\\/#primaryimage\"},\"image\":{\"@id\":\"https:\\\/\\\/www.bellunopress.it\\\/2019\\\/10\\\/21\\\/arredamont-42ma-edizione-a-longarone-fiere-la-mostra-dellarredare-in-montagna-apre-i-battenti-dal-26-ottobre-al-3-novembre\\\/#primaryimage\"},\"thumbnailUrl\":\"http:\\\/\\\/www.bellunopress.it\\\/wp-content\\\/uploads\\\/2015\\\/11\\\/arredamont-2015.jpg\",\"datePublished\":\"2019-10-21T14:59:16+00:00\",\"breadcrumb\":{\"@id\":\"https:\\\/\\\/www.bellunopress.it\\\/2019\\\/10\\\/21\\\/arredamont-42ma-edizione-a-longarone-fiere-la-mostra-dellarredare-in-montagna-apre-i-battenti-dal-26-ottobre-al-3-novembre\\\/#breadcrumb\"},\"inLanguage\":\"fr-FR\",\"potentialAction\":[{\"@type\":\"ReadAction\",\"target\":[\"https:\\\/\\\/www.bellunopress.it\\\/2019\\\/10\\\/21\\\/arredamont-42ma-edizione-a-longarone-fiere-la-mostra-dellarredare-in-montagna-apre-i-battenti-dal-26-ottobre-al-3-novembre\\\/\"]}]},{\"@type\":\"ImageObject\",\"inLanguage\":\"fr-FR\",\"@id\":\"https:\\\/\\\/www.bellunopress.it\\\/2019\\\/10\\\/21\\\/arredamont-42ma-edizione-a-longarone-fiere-la-mostra-dellarredare-in-montagna-apre-i-battenti-dal-26-ottobre-al-3-novembre\\\/#primaryimage\",\"url\":\"http:\\\/\\\/www.bellunopress.it\\\/wp-content\\\/uploads\\\/2015\\\/11\\\/arredamont-2015.jpg\",\"contentUrl\":\"http:\\\/\\\/www.bellunopress.it\\\/wp-content\\\/uploads\\\/2015\\\/11\\\/arredamont-2015.jpg\"},{\"@type\":\"BreadcrumbList\",\"@id\":\"https:\\\/\\\/www.bellunopress.it\\\/2019\\\/10\\\/21\\\/arredamont-42ma-edizione-a-longarone-fiere-la-mostra-dellarredare-in-montagna-apre-i-battenti-dal-26-ottobre-al-3-novembre\\\/#breadcrumb\",\"itemListElement\":[{\"@type\":\"ListItem\",\"position\":1,\"name\":\"Home\",\"item\":\"https:\\\/\\\/www.bellunopress.it\\\/\"},{\"@type\":\"ListItem\",\"position\":2,\"name\":\"Arredamont 42ma edizione a Longarone Fiere, la Mostra dell\u2019arredare in montagna, apre i battenti dal 26 ottobre al 3 novembre\"}]},{\"@type\":\"WebSite\",\"@id\":\"https:\\\/\\\/www.bellunopress.it\\\/#website\",\"url\":\"https:\\\/\\\/www.bellunopress.it\\\/\",\"name\":\"Bellunopress - Dolomiti\",\"description\":\"e-mail: redazione@bellunopress.it\",\"publisher\":{\"@id\":\"https:\\\/\\\/www.bellunopress.it\\\/#organization\"},\"potentialAction\":[{\"@type\":\"SearchAction\",\"target\":{\"@type\":\"EntryPoint\",\"urlTemplate\":\"https:\\\/\\\/www.bellunopress.it\\\/?s={search_term_string}\"},\"query-input\":{\"@type\":\"PropertyValueSpecification\",\"valueRequired\":true,\"valueName\":\"search_term_string\"}}],\"inLanguage\":\"fr-FR\"},{\"@type\":\"Organization\",\"@id\":\"https:\\\/\\\/www.bellunopress.it\\\/#organization\",\"name\":\"Bellunopress\",\"url\":\"https:\\\/\\\/www.bellunopress.it\\\/\",\"logo\":{\"@type\":\"ImageObject\",\"inLanguage\":\"fr-FR\",\"@id\":\"https:\\\/\\\/www.bellunopress.it\\\/#\\\/schema\\\/logo\\\/image\\\/\",\"url\":\"https:\\\/\\\/www.bellunopress.it\\\/wp-content\\\/uploads\\\/2011\\\/05\\\/cropped-logo-bellunopress-.jpg\",\"contentUrl\":\"https:\\\/\\\/www.bellunopress.it\\\/wp-content\\\/uploads\\\/2011\\\/05\\\/cropped-logo-bellunopress-.jpg\",\"width\":512,\"height\":512,\"caption\":\"Bellunopress\"},\"image\":{\"@id\":\"https:\\\/\\\/www.bellunopress.it\\\/#\\\/schema\\\/logo\\\/image\\\/\"},\"sameAs\":[\"https:\\\/\\\/www.facebook.com\\\/profile.php?id=100008943462799\",\"https:\\\/\\\/x.com\\\/bellunopress\",\"https:\\\/\\\/www.linkedin.com\\\/hp\\\/?dnr=JBzUWaJfMUw8vbXJJ2tVW5-I3jZKvC4wsoxE&amp;amp;amp;amp;amp;amp;trk=nav_responsive_tab_home\",\"https:\\\/\\\/www.youtube.com\\\/channel\\\/UCxL0wu1uN0_3_7hGG0306cw\"]},{\"@type\":\"Person\",\"@id\":\"https:\\\/\\\/www.bellunopress.it\\\/#\\\/schema\\\/person\\\/79bb06722b37ece1c03d3e94beb30d73\",\"name\":\"redazione\",\"image\":{\"@type\":\"ImageObject\",\"inLanguage\":\"fr-FR\",\"@id\":\"https:\\\/\\\/secure.gravatar.com\\\/avatar\\\/37d968a2e67a6fd04c169c4bdef102d0bc5d31b2546345219e348575eb80e9a0?s=96&d=mm&r=g\",\"url\":\"https:\\\/\\\/secure.gravatar.com\\\/avatar\\\/37d968a2e67a6fd04c169c4bdef102d0bc5d31b2546345219e348575eb80e9a0?s=96&d=mm&r=g\",\"contentUrl\":\"https:\\\/\\\/secure.gravatar.com\\\/avatar\\\/37d968a2e67a6fd04c169c4bdef102d0bc5d31b2546345219e348575eb80e9a0?s=96&d=mm&r=g\",\"caption\":\"redazione\"},\"sameAs\":[\"http:\\\/\\\/www.bellunopress.it\",\"https:\\\/\\\/x.com\\\/bellunopress\"],\"url\":\"https:\\\/\\\/www.bellunopress.it\\\/fr\\\/author\\\/redazione\\\/\"}]}<\/script>\n<!-- \/ Yoast SEO plugin. -->","yoast_head_json":{"title":"Arredamont 42ma edizione a Longarone Fiere, la Mostra dell\u2019arredare in montagna, apre i battenti dal 26 ottobre al 3 novembre - Bellunopress - Dolomiti","robots":{"index":"index","follow":"follow","max-snippet":"max-snippet:-1","max-image-preview":"max-image-preview:large","max-video-preview":"max-video-preview:-1"},"canonical":"https:\/\/www.bellunopress.it\/fr\/2019\/10\/21\/arredamont-42ma-edizione-a-longarone-fiere-la-mostra-dellarredare-in-montagna-apre-i-battenti-dal-26-ottobre-al-3-novembre\/","og_locale":"fr_FR","og_type":"article","og_title":"Arredamont 42ma edizione a Longarone Fiere, la Mostra dell\u2019arredare in montagna, apre i battenti dal 26 ottobre al 3 novembre - Bellunopress - Dolomiti","og_description":"Un\u2019esposizione completa e moderna dedicata all\u2019arredamento, ai complementi, ai tessuti e all\u2019oggettistica delle case di montagna. L\u2019evento \u00e8 dedicato a chi vuole arredare la propria abitazione e agli operatori del settore turistico sempre pi\u00f9 attenti all\u2019arredamento delle proprie strutture ricettive. Arredamont \u00e8 storia. La storia di un appuntamento unico nel suo genere in Italia che [&hellip;]","og_url":"https:\/\/www.bellunopress.it\/fr\/2019\/10\/21\/arredamont-42ma-edizione-a-longarone-fiere-la-mostra-dellarredare-in-montagna-apre-i-battenti-dal-26-ottobre-al-3-novembre\/","og_site_name":"Bellunopress - Dolomiti","article_publisher":"https:\/\/www.facebook.com\/profile.php?id=100008943462799","article_published_time":"2019-10-21T14:59:16+00:00","og_image":[{"url":"http:\/\/www.bellunopress.it\/wp-content\/uploads\/2015\/11\/arredamont-2015.jpg","type":"","width":"","height":""}],"author":"redazione","twitter_card":"summary_large_image","twitter_creator":"@bellunopress","twitter_site":"@bellunopress","twitter_misc":{"Written by":"redazione","Est. reading time":"5 minutes"},"schema":{"@context":"https:\/\/schema.org","@graph":[{"@type":"Article","@id":"https:\/\/www.bellunopress.it\/2019\/10\/21\/arredamont-42ma-edizione-a-longarone-fiere-la-mostra-dellarredare-in-montagna-apre-i-battenti-dal-26-ottobre-al-3-novembre\/#article","isPartOf":{"@id":"https:\/\/www.bellunopress.it\/2019\/10\/21\/arredamont-42ma-edizione-a-longarone-fiere-la-mostra-dellarredare-in-montagna-apre-i-battenti-dal-26-ottobre-al-3-novembre\/"},"author":{"name":"redazione","@id":"https:\/\/www.bellunopress.it\/#\/schema\/person\/79bb06722b37ece1c03d3e94beb30d73"},"headline":"Arredamont 42ma edizione a Longarone Fiere, la Mostra dell\u2019arredare in montagna, apre i battenti dal 26 ottobre al 3 novembre","datePublished":"2019-10-21T14:59:16+00:00","mainEntityOfPage":{"@id":"https:\/\/www.bellunopress.it\/2019\/10\/21\/arredamont-42ma-edizione-a-longarone-fiere-la-mostra-dellarredare-in-montagna-apre-i-battenti-dal-26-ottobre-al-3-novembre\/"},"wordCount":1053,"publisher":{"@id":"https:\/\/www.bellunopress.it\/#organization"},"image":{"@id":"https:\/\/www.bellunopress.it\/2019\/10\/21\/arredamont-42ma-edizione-a-longarone-fiere-la-mostra-dellarredare-in-montagna-apre-i-battenti-dal-26-ottobre-al-3-novembre\/#primaryimage"},"thumbnailUrl":"http:\/\/www.bellunopress.it\/wp-content\/uploads\/2015\/11\/arredamont-2015.jpg","articleSection":["Appuntamenti, Eventi","Arte, Cultura, Spettacoli, Scienza","Lavoro, Economia, Turismo","Pausa Caff\u00e8"],"inLanguage":"fr-FR"},{"@type":"WebPage","@id":"https:\/\/www.bellunopress.it\/2019\/10\/21\/arredamont-42ma-edizione-a-longarone-fiere-la-mostra-dellarredare-in-montagna-apre-i-battenti-dal-26-ottobre-al-3-novembre\/","url":"https:\/\/www.bellunopress.it\/2019\/10\/21\/arredamont-42ma-edizione-a-longarone-fiere-la-mostra-dellarredare-in-montagna-apre-i-battenti-dal-26-ottobre-al-3-novembre\/","name":"Arredamont 42ma edizione a Longarone Fiere, la Mostra dell\u2019arredare in montagna, apre i battenti dal 26 ottobre al 3 novembre - Bellunopress - Dolomiti","isPartOf":{"@id":"https:\/\/www.bellunopress.it\/#website"},"primaryImageOfPage":{"@id":"https:\/\/www.bellunopress.it\/2019\/10\/21\/arredamont-42ma-edizione-a-longarone-fiere-la-mostra-dellarredare-in-montagna-apre-i-battenti-dal-26-ottobre-al-3-novembre\/#primaryimage"},"image":{"@id":"https:\/\/www.bellunopress.it\/2019\/10\/21\/arredamont-42ma-edizione-a-longarone-fiere-la-mostra-dellarredare-in-montagna-apre-i-battenti-dal-26-ottobre-al-3-novembre\/#primaryimage"},"thumbnailUrl":"http:\/\/www.bellunopress.it\/wp-content\/uploads\/2015\/11\/arredamont-2015.jpg","datePublished":"2019-10-21T14:59:16+00:00","breadcrumb":{"@id":"https:\/\/www.bellunopress.it\/2019\/10\/21\/arredamont-42ma-edizione-a-longarone-fiere-la-mostra-dellarredare-in-montagna-apre-i-battenti-dal-26-ottobre-al-3-novembre\/#breadcrumb"},"inLanguage":"fr-FR","potentialAction":[{"@type":"ReadAction","target":["https:\/\/www.bellunopress.it\/2019\/10\/21\/arredamont-42ma-edizione-a-longarone-fiere-la-mostra-dellarredare-in-montagna-apre-i-battenti-dal-26-ottobre-al-3-novembre\/"]}]},{"@type":"ImageObject","inLanguage":"fr-FR","@id":"https:\/\/www.bellunopress.it\/2019\/10\/21\/arredamont-42ma-edizione-a-longarone-fiere-la-mostra-dellarredare-in-montagna-apre-i-battenti-dal-26-ottobre-al-3-novembre\/#primaryimage","url":"http:\/\/www.bellunopress.it\/wp-content\/uploads\/2015\/11\/arredamont-2015.jpg","contentUrl":"http:\/\/www.bellunopress.it\/wp-content\/uploads\/2015\/11\/arredamont-2015.jpg"},{"@type":"BreadcrumbList","@id":"https:\/\/www.bellunopress.it\/2019\/10\/21\/arredamont-42ma-edizione-a-longarone-fiere-la-mostra-dellarredare-in-montagna-apre-i-battenti-dal-26-ottobre-al-3-novembre\/#breadcrumb","itemListElement":[{"@type":"ListItem","position":1,"name":"Home","item":"https:\/\/www.bellunopress.it\/"},{"@type":"ListItem","position":2,"name":"Arredamont 42ma edizione a Longarone Fiere, la Mostra dell\u2019arredare in montagna, apre i battenti dal 26 ottobre al 3 novembre"}]},{"@type":"WebSite","@id":"https:\/\/www.bellunopress.it\/#website","url":"https:\/\/www.bellunopress.it\/","name":"Bellunopress - Dolomiti","description":"e-mail: redazione@bellunopress.it","publisher":{"@id":"https:\/\/www.bellunopress.it\/#organization"},"potentialAction":[{"@type":"SearchAction","target":{"@type":"EntryPoint","urlTemplate":"https:\/\/www.bellunopress.it\/?s={search_term_string}"},"query-input":{"@type":"PropertyValueSpecification","valueRequired":true,"valueName":"search_term_string"}}],"inLanguage":"fr-FR"},{"@type":"Organization","@id":"https:\/\/www.bellunopress.it\/#organization","name":"Bellunopress","url":"https:\/\/www.bellunopress.it\/","logo":{"@type":"ImageObject","inLanguage":"fr-FR","@id":"https:\/\/www.bellunopress.it\/#\/schema\/logo\/image\/","url":"https:\/\/www.bellunopress.it\/wp-content\/uploads\/2011\/05\/cropped-logo-bellunopress-.jpg","contentUrl":"https:\/\/www.bellunopress.it\/wp-content\/uploads\/2011\/05\/cropped-logo-bellunopress-.jpg","width":512,"height":512,"caption":"Bellunopress"},"image":{"@id":"https:\/\/www.bellunopress.it\/#\/schema\/logo\/image\/"},"sameAs":["https:\/\/www.facebook.com\/profile.php?id=100008943462799","https:\/\/x.com\/bellunopress","https:\/\/www.linkedin.com\/hp\/?dnr=JBzUWaJfMUw8vbXJJ2tVW5-I3jZKvC4wsoxE&amp;amp;amp;amp;amp;amp;trk=nav_responsive_tab_home","https:\/\/www.youtube.com\/channel\/UCxL0wu1uN0_3_7hGG0306cw"]},{"@type":"Person","@id":"https:\/\/www.bellunopress.it\/#\/schema\/person\/79bb06722b37ece1c03d3e94beb30d73","name":"r\u00e9daction","image":{"@type":"ImageObject","inLanguage":"fr-FR","@id":"https:\/\/secure.gravatar.com\/avatar\/37d968a2e67a6fd04c169c4bdef102d0bc5d31b2546345219e348575eb80e9a0?s=96&d=mm&r=g","url":"https:\/\/secure.gravatar.com\/avatar\/37d968a2e67a6fd04c169c4bdef102d0bc5d31b2546345219e348575eb80e9a0?s=96&d=mm&r=g","contentUrl":"https:\/\/secure.gravatar.com\/avatar\/37d968a2e67a6fd04c169c4bdef102d0bc5d31b2546345219e348575eb80e9a0?s=96&d=mm&r=g","caption":"redazione"},"sameAs":["http:\/\/www.bellunopress.it","https:\/\/x.com\/bellunopress"],"url":"https:\/\/www.bellunopress.it\/fr\/author\/redazione\/"}]}},"_links":{"self":[{"href":"https:\/\/www.bellunopress.it\/fr\/wp-json\/wp\/v2\/posts\/108950","targetHints":{"allow":["GET"]}}],"collection":[{"href":"https:\/\/www.bellunopress.it\/fr\/wp-json\/wp\/v2\/posts"}],"about":[{"href":"https:\/\/www.bellunopress.it\/fr\/wp-json\/wp\/v2\/types\/post"}],"author":[{"embeddable":true,"href":"https:\/\/www.bellunopress.it\/fr\/wp-json\/wp\/v2\/users\/2"}],"replies":[{"embeddable":true,"href":"https:\/\/www.bellunopress.it\/fr\/wp-json\/wp\/v2\/comments?post=108950"}],"version-history":[{"count":1,"href":"https:\/\/www.bellunopress.it\/fr\/wp-json\/wp\/v2\/posts\/108950\/revisions"}],"predecessor-version":[{"id":108951,"href":"https:\/\/www.bellunopress.it\/fr\/wp-json\/wp\/v2\/posts\/108950\/revisions\/108951"}],"wp:attachment":[{"href":"https:\/\/www.bellunopress.it\/fr\/wp-json\/wp\/v2\/media?parent=108950"}],"wp:term":[{"taxonomy":"category","embeddable":true,"href":"https:\/\/www.bellunopress.it\/fr\/wp-json\/wp\/v2\/categories?post=108950"},{"taxonomy":"post_tag","embeddable":true,"href":"https:\/\/www.bellunopress.it\/fr\/wp-json\/wp\/v2\/tags?post=108950"}],"curies":[{"name":"wp","href":"https:\/\/api.w.org\/{rel}","templated":true}]}}