{"id":108936,"date":"2019-10-21T16:22:02","date_gmt":"2019-10-21T14:22:02","guid":{"rendered":"http:\/\/www.bellunopress.it\/?p=108936"},"modified":"2019-10-21T16:22:03","modified_gmt":"2019-10-21T14:22:03","slug":"consegnati-i-lavori-alla-scuola-gabelli-massaro-data-storica-parte-il-recupero-riapertura-prevista-nel-2021","status":"publish","type":"post","link":"https:\/\/www.bellunopress.it\/fr\/2019\/10\/21\/consegnati-i-lavori-alla-scuola-gabelli-massaro-data-storica-parte-il-recupero-riapertura-prevista-nel-2021\/","title":{"rendered":"Consegnati i lavori alla Scuola Gabelli. Massaro: &#8220;Data storica, parte il recupero. Riapertura prevista nel 2021&#8221;"},"content":{"rendered":"<p><a href=\"http:\/\/www.bellunopress.it\/fr\/2019\/10\/21\/consegnati-i-lavori-alla-scuola-gabelli-massaro-data-storica-parte-il-recupero-riapertura-prevista-nel-2021\/gabelli-3\/\" rel=\"attachment wp-att-108939\"><img loading=\"lazy\" decoding=\"async\" class=\"alignleft size-full wp-image-108939\" src=\"http:\/\/www.bellunopress.it\/wp-content\/uploads\/2019\/10\/gabelli-3.jpg\" alt=\"\" width=\"300\" height=\"214\" \/><\/a>Si \u00e8 tenuta questa mattina nei locali della Scuola Gabelli la consegna dei lavori da parte del Comune di Belluno all&#8217;associazione temporanea delle aziende padovane Atheste Costruzioni e Ranzato che si occuper\u00e0 dell&#8217;intervento di restauro e recupero dell&#8217;edificio scolastico, ormai chiuso dal 2007 per crolli interni e infiltrazioni.<\/p>\n<p><strong>Non solo restauro<\/strong><br \/>\n\u00abOggi \u00e8 una data storica per la Scuola Gabelli e la nostra citt\u00e0: questo intervento \u00e8 stato voluto fortemente da questa amministrazione, ma anche da tutti i cittadini bellunesi e in particolar modo dall&#8217;Associazione Cittadini per il recupero della Gabelli che ha sempre tenuto alta l&#8217;attenzione. &#8211; commenta il Sindaco di Belluno, Jacopo Massaro \u2013 Dopo 12 anni, inizia il recupero dell&#8217;edificio; una scuola simbolo per i bellunesi e che, dopo questi lavori, vedr\u00e0 rinverditi e attualizzati i metodi educativi e pedagogici di Pierina Boranga. Oggi partono i lavori \u201cfisici\u201d alla struttura, ma gi\u00e0 nei giorni scorsi abbiamo dato il via alla rigenerazione \u201cimmateriale\u201d di questa scuola, con l&#8217;ingresso di Belluno nella rete internazionale RICE delle citt\u00e0 educative\u00bb.<br \/>\nIl progetto RICE, in collaborazione con universit\u00e0 italiane e straniere, porter\u00e0 nuove competenze e conoscenze nell&#8217;ambito dell&#8217;educazione e della pedagogia.<\/p>\n<p><strong>L&#8217;intervento<\/strong><br \/>\nL&#8217;intervento alla Scuola Gabelli ha una durata prevista di 540 giorni, con la riapertura prevista quindi nel 2021, e uno stanziamento di poco superiore ai 5 milioni di euro: \u00abIn questi anni, siamo gi\u00e0 intervenuti sulla struttura, con interventi alle guaine del tetto &#8211; grazie al contributo del Fondo Ambiente Italiano per i \u201cLuoghi del cuore\u201d &#8211; e di miglioramento sismico, quest&#8217;ultimo con un&#8217;azione diretta del Comune di Belluno per circa 1,4 milioni di euro\u00bb, sottolinea Massaro.<br \/>\nIl costo dell&#8217;intervento sulla scuola \u00e8 coperto prevalentemente da risorse comunali, alle quali si aggiungono i fondi del Bando periferie per la rigenerazione urbana.<br \/>\nLa scuola verr\u00e0 completamente recuperata, e ad illustrare i lavori in progetto sono stati i responsabili dell&#8217;Atheste Costruzioni e gli architetti dello Studio Cucinella, presenti alla cerimonia di consegna lavori con alcuni rappresentanti dell&#8217;amministrazione comunale: verranno mantenuti i pavimenti di pregio, con mosaici e inserti in ottone; verr\u00e0 migliorato l&#8217;impianto di riscaldamento, con l&#8217;installazione di un impianto a pavimento in tutte le 25 classi; verranno sostituiti gli infissi, seguendo le indicazioni della Soprintendenza; anche il giardino sar\u00e0 rimesso a nuovo, \u00absenza rimozione di alberi o piante, a meno che non ci siano oggettivi problemi di sicurezza\u00bb, evidenzia il sindaco.<br \/>\n\u00abIn questa struttura, daremo vita a un percorso di formazione che interessa tutte le et\u00e0 dell&#8217;infanzia\u00bb, conclude Massaro. \u00abNella nuova Gabelli, oltre alla scuola primaria, trover\u00e0 spazio anche una scuola dell&#8217;infanzia e un asilo nido; le tre sezioni saranno contigue all&#8217;interno della scuola, ma differenziate con colori e accessori adatti alla sensibilit\u00e0 e alla crescita dei bambini ospitati\u00bb.<\/p>","protected":false},"excerpt":{"rendered":"<p>Si \u00e8 tenuta questa mattina nei locali della Scuola Gabelli la consegna dei lavori da parte del Comune di Belluno all&#8217;associazione temporanea delle aziende padovane Atheste Costruzioni e Ranzato che si occuper\u00e0 dell&#8217;intervento di restauro e recupero dell&#8217;edificio scolastico, ormai chiuso dal 2007 per crolli interni e infiltrazioni. Non solo restauro \u00abOggi \u00e8 una data [&hellip;]<\/p>\n","protected":false},"author":2,"featured_media":0,"comment_status":"closed","ping_status":"open","sticky":false,"template":"","format":"standard","meta":{"footnotes":""},"categories":[26,15,8],"tags":[],"class_list":["post-108936","post","type-post","status-publish","format-standard","category-prima-pagina","category-scuola","category-societa-istituzioni"],"yoast_head":"<!-- This site is optimized with the Yoast SEO plugin v28.4 - https:\/\/yoast.com\/product\/yoast-seo-wordpress\/ -->\n<title>Consegnati i lavori alla Scuola Gabelli. Massaro: &quot;Data storica, parte il recupero. Riapertura prevista nel 2021&quot; - Bellunopress - Dolomiti<\/title>\n<meta name=\"robots\" content=\"index, follow, max-snippet:-1, max-image-preview:large, max-video-preview:-1\" \/>\n<link rel=\"canonical\" href=\"https:\/\/www.bellunopress.it\/fr\/2019\/10\/21\/consegnati-i-lavori-alla-scuola-gabelli-massaro-data-storica-parte-il-recupero-riapertura-prevista-nel-2021\/\" \/>\n<meta property=\"og:locale\" content=\"fr_FR\" \/>\n<meta property=\"og:type\" content=\"article\" \/>\n<meta property=\"og:title\" content=\"Consegnati i lavori alla Scuola Gabelli. Massaro: &quot;Data storica, parte il recupero. Riapertura prevista nel 2021&quot; - Bellunopress - Dolomiti\" \/>\n<meta property=\"og:description\" content=\"Si \u00e8 tenuta questa mattina nei locali della Scuola Gabelli la consegna dei lavori da parte del Comune di Belluno all&#8217;associazione temporanea delle aziende padovane Atheste Costruzioni e Ranzato che si occuper\u00e0 dell&#8217;intervento di restauro e recupero dell&#8217;edificio scolastico, ormai chiuso dal 2007 per crolli interni e infiltrazioni. Non solo restauro \u00abOggi \u00e8 una data [&hellip;]\" \/>\n<meta property=\"og:url\" content=\"https:\/\/www.bellunopress.it\/fr\/2019\/10\/21\/consegnati-i-lavori-alla-scuola-gabelli-massaro-data-storica-parte-il-recupero-riapertura-prevista-nel-2021\/\" \/>\n<meta property=\"og:site_name\" content=\"Bellunopress - Dolomiti\" \/>\n<meta property=\"article:publisher\" content=\"https:\/\/www.facebook.com\/profile.php?id=100008943462799\" \/>\n<meta property=\"article:published_time\" content=\"2019-10-21T14:22:02+00:00\" \/>\n<meta property=\"article:modified_time\" content=\"2019-10-21T14:22:03+00:00\" \/>\n<meta property=\"og:image\" content=\"http:\/\/www.bellunopress.it\/wp-content\/uploads\/2019\/10\/gabelli-3.jpg\" \/>\n<meta name=\"author\" content=\"redazione\" \/>\n<meta name=\"twitter:card\" content=\"summary_large_image\" \/>\n<meta name=\"twitter:creator\" content=\"@bellunopress\" \/>\n<meta name=\"twitter:site\" content=\"@bellunopress\" \/>\n<meta name=\"twitter:label1\" content=\"\u00c9crit par\" \/>\n\t<meta name=\"twitter:data1\" content=\"redazione\" \/>\n\t<meta name=\"twitter:label2\" content=\"Dur\u00e9e de lecture estim\u00e9e\" \/>\n\t<meta name=\"twitter:data2\" content=\"2 minutes\" \/>\n<script type=\"application\/ld+json\" class=\"yoast-schema-graph\">{\"@context\":\"https:\\\/\\\/schema.org\",\"@graph\":[{\"@type\":\"Article\",\"@id\":\"https:\\\/\\\/www.bellunopress.it\\\/2019\\\/10\\\/21\\\/consegnati-i-lavori-alla-scuola-gabelli-massaro-data-storica-parte-il-recupero-riapertura-prevista-nel-2021\\\/#article\",\"isPartOf\":{\"@id\":\"https:\\\/\\\/www.bellunopress.it\\\/2019\\\/10\\\/21\\\/consegnati-i-lavori-alla-scuola-gabelli-massaro-data-storica-parte-il-recupero-riapertura-prevista-nel-2021\\\/\"},\"author\":{\"name\":\"redazione\",\"@id\":\"https:\\\/\\\/www.bellunopress.it\\\/#\\\/schema\\\/person\\\/79bb06722b37ece1c03d3e94beb30d73\"},\"headline\":\"Consegnati i lavori alla Scuola Gabelli. Massaro: &#8220;Data storica, parte il recupero. Riapertura prevista nel 2021&#8221;\",\"datePublished\":\"2019-10-21T14:22:02+00:00\",\"dateModified\":\"2019-10-21T14:22:03+00:00\",\"mainEntityOfPage\":{\"@id\":\"https:\\\/\\\/www.bellunopress.it\\\/2019\\\/10\\\/21\\\/consegnati-i-lavori-alla-scuola-gabelli-massaro-data-storica-parte-il-recupero-riapertura-prevista-nel-2021\\\/\"},\"wordCount\":472,\"publisher\":{\"@id\":\"https:\\\/\\\/www.bellunopress.it\\\/#organization\"},\"image\":{\"@id\":\"https:\\\/\\\/www.bellunopress.it\\\/2019\\\/10\\\/21\\\/consegnati-i-lavori-alla-scuola-gabelli-massaro-data-storica-parte-il-recupero-riapertura-prevista-nel-2021\\\/#primaryimage\"},\"thumbnailUrl\":\"http:\\\/\\\/www.bellunopress.it\\\/wp-content\\\/uploads\\\/2019\\\/10\\\/gabelli-3.jpg\",\"articleSection\":[\"Prima Pagina\",\"Scuola\",\"Societ\u00e0, Associazioni, Istituzioni\"],\"inLanguage\":\"fr-FR\"},{\"@type\":\"WebPage\",\"@id\":\"https:\\\/\\\/www.bellunopress.it\\\/2019\\\/10\\\/21\\\/consegnati-i-lavori-alla-scuola-gabelli-massaro-data-storica-parte-il-recupero-riapertura-prevista-nel-2021\\\/\",\"url\":\"https:\\\/\\\/www.bellunopress.it\\\/2019\\\/10\\\/21\\\/consegnati-i-lavori-alla-scuola-gabelli-massaro-data-storica-parte-il-recupero-riapertura-prevista-nel-2021\\\/\",\"name\":\"Consegnati i lavori alla Scuola Gabelli. Massaro: \\\"Data storica, parte il recupero. Riapertura prevista nel 2021\\\" - Bellunopress - Dolomiti\",\"isPartOf\":{\"@id\":\"https:\\\/\\\/www.bellunopress.it\\\/#website\"},\"primaryImageOfPage\":{\"@id\":\"https:\\\/\\\/www.bellunopress.it\\\/2019\\\/10\\\/21\\\/consegnati-i-lavori-alla-scuola-gabelli-massaro-data-storica-parte-il-recupero-riapertura-prevista-nel-2021\\\/#primaryimage\"},\"image\":{\"@id\":\"https:\\\/\\\/www.bellunopress.it\\\/2019\\\/10\\\/21\\\/consegnati-i-lavori-alla-scuola-gabelli-massaro-data-storica-parte-il-recupero-riapertura-prevista-nel-2021\\\/#primaryimage\"},\"thumbnailUrl\":\"http:\\\/\\\/www.bellunopress.it\\\/wp-content\\\/uploads\\\/2019\\\/10\\\/gabelli-3.jpg\",\"datePublished\":\"2019-10-21T14:22:02+00:00\",\"dateModified\":\"2019-10-21T14:22:03+00:00\",\"breadcrumb\":{\"@id\":\"https:\\\/\\\/www.bellunopress.it\\\/2019\\\/10\\\/21\\\/consegnati-i-lavori-alla-scuola-gabelli-massaro-data-storica-parte-il-recupero-riapertura-prevista-nel-2021\\\/#breadcrumb\"},\"inLanguage\":\"fr-FR\",\"potentialAction\":[{\"@type\":\"ReadAction\",\"target\":[\"https:\\\/\\\/www.bellunopress.it\\\/2019\\\/10\\\/21\\\/consegnati-i-lavori-alla-scuola-gabelli-massaro-data-storica-parte-il-recupero-riapertura-prevista-nel-2021\\\/\"]}]},{\"@type\":\"ImageObject\",\"inLanguage\":\"fr-FR\",\"@id\":\"https:\\\/\\\/www.bellunopress.it\\\/2019\\\/10\\\/21\\\/consegnati-i-lavori-alla-scuola-gabelli-massaro-data-storica-parte-il-recupero-riapertura-prevista-nel-2021\\\/#primaryimage\",\"url\":\"http:\\\/\\\/www.bellunopress.it\\\/wp-content\\\/uploads\\\/2019\\\/10\\\/gabelli-3.jpg\",\"contentUrl\":\"http:\\\/\\\/www.bellunopress.it\\\/wp-content\\\/uploads\\\/2019\\\/10\\\/gabelli-3.jpg\"},{\"@type\":\"BreadcrumbList\",\"@id\":\"https:\\\/\\\/www.bellunopress.it\\\/2019\\\/10\\\/21\\\/consegnati-i-lavori-alla-scuola-gabelli-massaro-data-storica-parte-il-recupero-riapertura-prevista-nel-2021\\\/#breadcrumb\",\"itemListElement\":[{\"@type\":\"ListItem\",\"position\":1,\"name\":\"Home\",\"item\":\"https:\\\/\\\/www.bellunopress.it\\\/\"},{\"@type\":\"ListItem\",\"position\":2,\"name\":\"Consegnati i lavori alla Scuola Gabelli. Massaro: &#8220;Data storica, parte il recupero. Riapertura prevista nel 2021&#8221;\"}]},{\"@type\":\"WebSite\",\"@id\":\"https:\\\/\\\/www.bellunopress.it\\\/#website\",\"url\":\"https:\\\/\\\/www.bellunopress.it\\\/\",\"name\":\"Bellunopress - Dolomiti\",\"description\":\"e-mail: redazione@bellunopress.it\",\"publisher\":{\"@id\":\"https:\\\/\\\/www.bellunopress.it\\\/#organization\"},\"potentialAction\":[{\"@type\":\"SearchAction\",\"target\":{\"@type\":\"EntryPoint\",\"urlTemplate\":\"https:\\\/\\\/www.bellunopress.it\\\/?s={search_term_string}\"},\"query-input\":{\"@type\":\"PropertyValueSpecification\",\"valueRequired\":true,\"valueName\":\"search_term_string\"}}],\"inLanguage\":\"fr-FR\"},{\"@type\":\"Organization\",\"@id\":\"https:\\\/\\\/www.bellunopress.it\\\/#organization\",\"name\":\"Bellunopress\",\"url\":\"https:\\\/\\\/www.bellunopress.it\\\/\",\"logo\":{\"@type\":\"ImageObject\",\"inLanguage\":\"fr-FR\",\"@id\":\"https:\\\/\\\/www.bellunopress.it\\\/#\\\/schema\\\/logo\\\/image\\\/\",\"url\":\"https:\\\/\\\/www.bellunopress.it\\\/wp-content\\\/uploads\\\/2011\\\/05\\\/cropped-logo-bellunopress-.jpg\",\"contentUrl\":\"https:\\\/\\\/www.bellunopress.it\\\/wp-content\\\/uploads\\\/2011\\\/05\\\/cropped-logo-bellunopress-.jpg\",\"width\":512,\"height\":512,\"caption\":\"Bellunopress\"},\"image\":{\"@id\":\"https:\\\/\\\/www.bellunopress.it\\\/#\\\/schema\\\/logo\\\/image\\\/\"},\"sameAs\":[\"https:\\\/\\\/www.facebook.com\\\/profile.php?id=100008943462799\",\"https:\\\/\\\/x.com\\\/bellunopress\",\"https:\\\/\\\/www.linkedin.com\\\/hp\\\/?dnr=JBzUWaJfMUw8vbXJJ2tVW5-I3jZKvC4wsoxE&amp;amp;amp;amp;amp;amp;trk=nav_responsive_tab_home\",\"https:\\\/\\\/www.youtube.com\\\/channel\\\/UCxL0wu1uN0_3_7hGG0306cw\"]},{\"@type\":\"Person\",\"@id\":\"https:\\\/\\\/www.bellunopress.it\\\/#\\\/schema\\\/person\\\/79bb06722b37ece1c03d3e94beb30d73\",\"name\":\"redazione\",\"image\":{\"@type\":\"ImageObject\",\"inLanguage\":\"fr-FR\",\"@id\":\"https:\\\/\\\/secure.gravatar.com\\\/avatar\\\/37d968a2e67a6fd04c169c4bdef102d0bc5d31b2546345219e348575eb80e9a0?s=96&d=mm&r=g\",\"url\":\"https:\\\/\\\/secure.gravatar.com\\\/avatar\\\/37d968a2e67a6fd04c169c4bdef102d0bc5d31b2546345219e348575eb80e9a0?s=96&d=mm&r=g\",\"contentUrl\":\"https:\\\/\\\/secure.gravatar.com\\\/avatar\\\/37d968a2e67a6fd04c169c4bdef102d0bc5d31b2546345219e348575eb80e9a0?s=96&d=mm&r=g\",\"caption\":\"redazione\"},\"sameAs\":[\"http:\\\/\\\/www.bellunopress.it\",\"https:\\\/\\\/x.com\\\/bellunopress\"],\"url\":\"https:\\\/\\\/www.bellunopress.it\\\/fr\\\/author\\\/redazione\\\/\"}]}<\/script>\n<!-- \/ Yoast SEO plugin. -->","yoast_head_json":{"title":"Consegnati i lavori alla Scuola Gabelli. Massaro: \"Data storica, parte il recupero. Riapertura prevista nel 2021\" - Bellunopress - Dolomiti","robots":{"index":"index","follow":"follow","max-snippet":"max-snippet:-1","max-image-preview":"max-image-preview:large","max-video-preview":"max-video-preview:-1"},"canonical":"https:\/\/www.bellunopress.it\/fr\/2019\/10\/21\/consegnati-i-lavori-alla-scuola-gabelli-massaro-data-storica-parte-il-recupero-riapertura-prevista-nel-2021\/","og_locale":"fr_FR","og_type":"article","og_title":"Consegnati i lavori alla Scuola Gabelli. Massaro: \"Data storica, parte il recupero. Riapertura prevista nel 2021\" - Bellunopress - Dolomiti","og_description":"Si \u00e8 tenuta questa mattina nei locali della Scuola Gabelli la consegna dei lavori da parte del Comune di Belluno all&#8217;associazione temporanea delle aziende padovane Atheste Costruzioni e Ranzato che si occuper\u00e0 dell&#8217;intervento di restauro e recupero dell&#8217;edificio scolastico, ormai chiuso dal 2007 per crolli interni e infiltrazioni. Non solo restauro \u00abOggi \u00e8 una data [&hellip;]","og_url":"https:\/\/www.bellunopress.it\/fr\/2019\/10\/21\/consegnati-i-lavori-alla-scuola-gabelli-massaro-data-storica-parte-il-recupero-riapertura-prevista-nel-2021\/","og_site_name":"Bellunopress - Dolomiti","article_publisher":"https:\/\/www.facebook.com\/profile.php?id=100008943462799","article_published_time":"2019-10-21T14:22:02+00:00","article_modified_time":"2019-10-21T14:22:03+00:00","og_image":[{"url":"http:\/\/www.bellunopress.it\/wp-content\/uploads\/2019\/10\/gabelli-3.jpg","type":"","width":"","height":""}],"author":"redazione","twitter_card":"summary_large_image","twitter_creator":"@bellunopress","twitter_site":"@bellunopress","twitter_misc":{"\u00c9crit par":"redazione","Dur\u00e9e de lecture estim\u00e9e":"2 minutes"},"schema":{"@context":"https:\/\/schema.org","@graph":[{"@type":"Article","@id":"https:\/\/www.bellunopress.it\/2019\/10\/21\/consegnati-i-lavori-alla-scuola-gabelli-massaro-data-storica-parte-il-recupero-riapertura-prevista-nel-2021\/#article","isPartOf":{"@id":"https:\/\/www.bellunopress.it\/2019\/10\/21\/consegnati-i-lavori-alla-scuola-gabelli-massaro-data-storica-parte-il-recupero-riapertura-prevista-nel-2021\/"},"author":{"name":"redazione","@id":"https:\/\/www.bellunopress.it\/#\/schema\/person\/79bb06722b37ece1c03d3e94beb30d73"},"headline":"Consegnati i lavori alla Scuola Gabelli. Massaro: &#8220;Data storica, parte il recupero. Riapertura prevista nel 2021&#8221;","datePublished":"2019-10-21T14:22:02+00:00","dateModified":"2019-10-21T14:22:03+00:00","mainEntityOfPage":{"@id":"https:\/\/www.bellunopress.it\/2019\/10\/21\/consegnati-i-lavori-alla-scuola-gabelli-massaro-data-storica-parte-il-recupero-riapertura-prevista-nel-2021\/"},"wordCount":472,"publisher":{"@id":"https:\/\/www.bellunopress.it\/#organization"},"image":{"@id":"https:\/\/www.bellunopress.it\/2019\/10\/21\/consegnati-i-lavori-alla-scuola-gabelli-massaro-data-storica-parte-il-recupero-riapertura-prevista-nel-2021\/#primaryimage"},"thumbnailUrl":"http:\/\/www.bellunopress.it\/wp-content\/uploads\/2019\/10\/gabelli-3.jpg","articleSection":["Prima Pagina","Scuola","Societ\u00e0, Associazioni, Istituzioni"],"inLanguage":"fr-FR"},{"@type":"WebPage","@id":"https:\/\/www.bellunopress.it\/2019\/10\/21\/consegnati-i-lavori-alla-scuola-gabelli-massaro-data-storica-parte-il-recupero-riapertura-prevista-nel-2021\/","url":"https:\/\/www.bellunopress.it\/2019\/10\/21\/consegnati-i-lavori-alla-scuola-gabelli-massaro-data-storica-parte-il-recupero-riapertura-prevista-nel-2021\/","name":"Consegnati i lavori alla Scuola Gabelli. Massaro: \"Data storica, parte il recupero. Riapertura prevista nel 2021\" - Bellunopress - Dolomiti","isPartOf":{"@id":"https:\/\/www.bellunopress.it\/#website"},"primaryImageOfPage":{"@id":"https:\/\/www.bellunopress.it\/2019\/10\/21\/consegnati-i-lavori-alla-scuola-gabelli-massaro-data-storica-parte-il-recupero-riapertura-prevista-nel-2021\/#primaryimage"},"image":{"@id":"https:\/\/www.bellunopress.it\/2019\/10\/21\/consegnati-i-lavori-alla-scuola-gabelli-massaro-data-storica-parte-il-recupero-riapertura-prevista-nel-2021\/#primaryimage"},"thumbnailUrl":"http:\/\/www.bellunopress.it\/wp-content\/uploads\/2019\/10\/gabelli-3.jpg","datePublished":"2019-10-21T14:22:02+00:00","dateModified":"2019-10-21T14:22:03+00:00","breadcrumb":{"@id":"https:\/\/www.bellunopress.it\/2019\/10\/21\/consegnati-i-lavori-alla-scuola-gabelli-massaro-data-storica-parte-il-recupero-riapertura-prevista-nel-2021\/#breadcrumb"},"inLanguage":"fr-FR","potentialAction":[{"@type":"ReadAction","target":["https:\/\/www.bellunopress.it\/2019\/10\/21\/consegnati-i-lavori-alla-scuola-gabelli-massaro-data-storica-parte-il-recupero-riapertura-prevista-nel-2021\/"]}]},{"@type":"ImageObject","inLanguage":"fr-FR","@id":"https:\/\/www.bellunopress.it\/2019\/10\/21\/consegnati-i-lavori-alla-scuola-gabelli-massaro-data-storica-parte-il-recupero-riapertura-prevista-nel-2021\/#primaryimage","url":"http:\/\/www.bellunopress.it\/wp-content\/uploads\/2019\/10\/gabelli-3.jpg","contentUrl":"http:\/\/www.bellunopress.it\/wp-content\/uploads\/2019\/10\/gabelli-3.jpg"},{"@type":"BreadcrumbList","@id":"https:\/\/www.bellunopress.it\/2019\/10\/21\/consegnati-i-lavori-alla-scuola-gabelli-massaro-data-storica-parte-il-recupero-riapertura-prevista-nel-2021\/#breadcrumb","itemListElement":[{"@type":"ListItem","position":1,"name":"Home","item":"https:\/\/www.bellunopress.it\/"},{"@type":"ListItem","position":2,"name":"Consegnati i lavori alla Scuola Gabelli. Massaro: &#8220;Data storica, parte il recupero. Riapertura prevista nel 2021&#8221;"}]},{"@type":"WebSite","@id":"https:\/\/www.bellunopress.it\/#website","url":"https:\/\/www.bellunopress.it\/","name":"Bellunopress - Dolomiti","description":"e-mail: redazione@bellunopress.it","publisher":{"@id":"https:\/\/www.bellunopress.it\/#organization"},"potentialAction":[{"@type":"SearchAction","target":{"@type":"EntryPoint","urlTemplate":"https:\/\/www.bellunopress.it\/?s={search_term_string}"},"query-input":{"@type":"PropertyValueSpecification","valueRequired":true,"valueName":"search_term_string"}}],"inLanguage":"fr-FR"},{"@type":"Organization","@id":"https:\/\/www.bellunopress.it\/#organization","name":"Bellunopress","url":"https:\/\/www.bellunopress.it\/","logo":{"@type":"ImageObject","inLanguage":"fr-FR","@id":"https:\/\/www.bellunopress.it\/#\/schema\/logo\/image\/","url":"https:\/\/www.bellunopress.it\/wp-content\/uploads\/2011\/05\/cropped-logo-bellunopress-.jpg","contentUrl":"https:\/\/www.bellunopress.it\/wp-content\/uploads\/2011\/05\/cropped-logo-bellunopress-.jpg","width":512,"height":512,"caption":"Bellunopress"},"image":{"@id":"https:\/\/www.bellunopress.it\/#\/schema\/logo\/image\/"},"sameAs":["https:\/\/www.facebook.com\/profile.php?id=100008943462799","https:\/\/x.com\/bellunopress","https:\/\/www.linkedin.com\/hp\/?dnr=JBzUWaJfMUw8vbXJJ2tVW5-I3jZKvC4wsoxE&amp;amp;amp;amp;amp;amp;trk=nav_responsive_tab_home","https:\/\/www.youtube.com\/channel\/UCxL0wu1uN0_3_7hGG0306cw"]},{"@type":"Person","@id":"https:\/\/www.bellunopress.it\/#\/schema\/person\/79bb06722b37ece1c03d3e94beb30d73","name":"r\u00e9daction","image":{"@type":"ImageObject","inLanguage":"fr-FR","@id":"https:\/\/secure.gravatar.com\/avatar\/37d968a2e67a6fd04c169c4bdef102d0bc5d31b2546345219e348575eb80e9a0?s=96&d=mm&r=g","url":"https:\/\/secure.gravatar.com\/avatar\/37d968a2e67a6fd04c169c4bdef102d0bc5d31b2546345219e348575eb80e9a0?s=96&d=mm&r=g","contentUrl":"https:\/\/secure.gravatar.com\/avatar\/37d968a2e67a6fd04c169c4bdef102d0bc5d31b2546345219e348575eb80e9a0?s=96&d=mm&r=g","caption":"redazione"},"sameAs":["http:\/\/www.bellunopress.it","https:\/\/x.com\/bellunopress"],"url":"https:\/\/www.bellunopress.it\/fr\/author\/redazione\/"}]}},"_links":{"self":[{"href":"https:\/\/www.bellunopress.it\/fr\/wp-json\/wp\/v2\/posts\/108936","targetHints":{"allow":["GET"]}}],"collection":[{"href":"https:\/\/www.bellunopress.it\/fr\/wp-json\/wp\/v2\/posts"}],"about":[{"href":"https:\/\/www.bellunopress.it\/fr\/wp-json\/wp\/v2\/types\/post"}],"author":[{"embeddable":true,"href":"https:\/\/www.bellunopress.it\/fr\/wp-json\/wp\/v2\/users\/2"}],"replies":[{"embeddable":true,"href":"https:\/\/www.bellunopress.it\/fr\/wp-json\/wp\/v2\/comments?post=108936"}],"version-history":[{"count":2,"href":"https:\/\/www.bellunopress.it\/fr\/wp-json\/wp\/v2\/posts\/108936\/revisions"}],"predecessor-version":[{"id":108942,"href":"https:\/\/www.bellunopress.it\/fr\/wp-json\/wp\/v2\/posts\/108936\/revisions\/108942"}],"wp:attachment":[{"href":"https:\/\/www.bellunopress.it\/fr\/wp-json\/wp\/v2\/media?parent=108936"}],"wp:term":[{"taxonomy":"category","embeddable":true,"href":"https:\/\/www.bellunopress.it\/fr\/wp-json\/wp\/v2\/categories?post=108936"},{"taxonomy":"post_tag","embeddable":true,"href":"https:\/\/www.bellunopress.it\/fr\/wp-json\/wp\/v2\/tags?post=108936"}],"curies":[{"name":"wp","href":"https:\/\/api.w.org\/{rel}","templated":true}]}}