{"id":108928,"date":"2019-10-21T15:00:47","date_gmt":"2019-10-21T13:00:47","guid":{"rendered":"http:\/\/www.bellunopress.it\/?p=108928"},"modified":"2019-10-21T15:00:48","modified_gmt":"2019-10-21T13:00:48","slug":"lassociazione-bellunesi-nel-mondo-promuove-il-territorio-con-video-a-360","status":"publish","type":"post","link":"https:\/\/www.bellunopress.it\/fr\/2019\/10\/21\/lassociazione-bellunesi-nel-mondo-promuove-il-territorio-con-video-a-360\/","title":{"rendered":"L&#8217;Associazione Bellunesi nel mondo promuove il territorio con video a 360\u00b0"},"content":{"rendered":"<p><span style=\"font-weight: 400;\"><a href=\"http:\/\/www.bellunopress.it\/fr\/2019\/10\/21\/lassociazione-bellunesi-nel-mondo-promuove-il-territorio-con-video-a-360\/video-360-gradi\/\" rel=\"attachment wp-att-108929\"><img loading=\"lazy\" decoding=\"async\" class=\"alignleft size-full wp-image-108929\" src=\"http:\/\/www.bellunopress.it\/wp-content\/uploads\/2019\/10\/video-360-gradi.jpg\" alt=\"\" width=\"300\" height=\"212\" \/><\/a>Sono da poco iniziate le riprese video degli angoli pi\u00f9 interessanti di tutto il territorio della provincia bellunese, all&#8217;interno dei Comuni che hanno deciso di aderire al progetto messo in piedi dall\u2019<\/span><a href=\"https:\/\/www.bellunesinelmondo.it\/\"><span style=\"font-weight: 400;\">&#8216;Associazione Bellunesi nel Mondo<\/span><\/a><span style=\"font-weight: 400;\">: promuovere le bellezze locali mediante video a 360\u00b0.<\/span><\/p>\n<p><span style=\"font-weight: 400;\">L\u2019Associazione \u00e8 da tempo molto attiva in molteplici attivit\u00e0 di vario genere, dai congressi alle mostre, dalla trasmissione radiofonica e mediante podcast, passando per momenti conviviali ed educativi organizzati insieme alle Ambasciate d\u2019Italia nel mondo per diffondere la cultura bellunese oltre confine e mantenere in vita il legame dei bellunesi sparsi per il mondo. L\u2019impegno \u00e8 sempre massimo per portare avanti la ricchezza culturale del territorio, come con la mostra organizzata a Pistoia sui 30.000 rifugiati veneti durante la prima guerra mondiale tanto per fare un esempio.<\/span><\/p>\n<p><span style=\"font-weight: 400;\"><a href=\"http:\/\/www.bellunopress.it\/fr\/2011\/11\/19\/consorzio-bim-piave-i-sindaci-difendono-listituzione-nata-nel-1955\/consorzio-bim-piave\/\" rel=\"attachment wp-att-32544\"><img loading=\"lazy\" decoding=\"async\" class=\"alignleft size-full wp-image-32544\" src=\"http:\/\/www.bellunopress.it\/wp-content\/uploads\/2011\/11\/consorzio-bim-piave.jpg\" alt=\"\" width=\"176\" height=\"100\" \/><\/a>L&#8217;iniziativa viene sostenuta economicamente dal <\/span><a href=\"http:\/\/www.consorziobimpiave.bl.it\/web\/bim\"><span style=\"font-weight: 400;\">Consorzio BIM Piave<\/span><\/a><span style=\"font-weight: 400;\"> &#8211; Consorzio che riunisce i Comuni del territorio provinciale di Belluno che si occupa dello sviluppo di progetti territoriali, tra cui anche la promozione in ambito turistico &#8211; ed ha l&#8217;obiettivo di esportare fuori dai confini nazionali la bellezza paesaggistica e architettonica del comprensorio bellunese, mediante la realizzazione di video della durata massima di cinque minuti. Il Presidente della Associazione Bellunesi nel Mondo, Oscar Bona, ha dichiarato: &#8220;Grazie alla tecnologia dei video a 360\u00b0 daremo la possibilit\u00e0 ai nostri emigranti, e non solo, di visitare virtualmente il paese da dove partirono. Inoltre sar\u00e0 un modo per promuovere turisticamente le bellezze del territorio bellunese&#8221;.<\/span><\/p>\n<p><span style=\"font-weight: 400;\">I tecnologi esperti di <\/span><a href=\"https:\/\/www.reviewbox.it\"><span style=\"font-weight: 400;\">Reviewbox<\/span><\/a><span style=\"font-weight: 400;\"> sottolineano quanto negli ultimi anni i video e le foto a 360\u00b0 siano stati una vera rivoluzione dell\u2019audiovisivo, favorendo eccezionalmente il marketing digitale grazie al nuovo modo di fruire delle immagini. La persona viene direttamente coinvolta in una visione molto pi\u00f9 immersiva, con la possibilit\u00e0 aggiuntiva di vedere un video in realt\u00e0 virtuale con gli appositi visori: l\u2019aspetto dell\u2019interazione unito al tipo di visione\u00a0 riservata permette esperienze indimenticabili.<\/span><\/p>\n<p><span style=\"font-weight: 400;\">Nello studio di Social Bakers, dove sono state analizzate le 3000 pi\u00f9 grosse aziende dotate di un account Facebook nel 2016, \u00e8 risultato proprio il settore turistico ad essere il pi\u00f9 attivo in questo ambito: ben il 63% delle pagine prese in considerazione aveva gi\u00e0 postato almeno un proprio video o una foto a 360\u00b0. Per avere un termine di paragone del carattere accattivante rispetto ad altri ambiti di mercato, nel settore Fashion &amp; Beauty solo il 10% presentava un utilizzo di quel genere di contenuti.<\/span><\/p>\n<p><span style=\"font-weight: 400;\"><a href=\"http:\/\/www.bellunopress.it\/fr\/2011\/09\/12\/uruguayani-di-origine-veneta-a-belluno-con-lassociazione-bellunesi-nel-mondo\/abm\/\" rel=\"attachment wp-att-30503\"><img loading=\"lazy\" decoding=\"async\" class=\"alignleft size-full wp-image-30503\" src=\"http:\/\/www.bellunopress.it\/wp-content\/uploads\/2011\/09\/ABM.png\" alt=\"\" width=\"145\" height=\"145\" \/><\/a>Tutti i video e le foto a 360\u00b0 del progetto bellunese saranno infatti pubblicati su tutte le piattaforme social dell\u2019Associazione Bellunesi nel Mondo e, in occasione del tradizionale incontro della community di Bellunoradici.net in programma a fine 2019 a Santo Stefano di Cadore, saranno consegnati direttamente ai membri del network made in Belluno. Si ricorda che Bellunoradici.net nasce allo scopo di riunire, anche se solo virtualmente, coloro che hanno origini bellunesi e che hanno fatto fortuna altrove: si accettano membri che abbiano\u00a0 un\u2019origine bellunese fino alla quinta generazione, interessati a portare avanti la cultura locale e riscoprire le proprie origini talvolta sconosciute.<\/span><\/p>","protected":false},"excerpt":{"rendered":"<p>Sono da poco iniziate le riprese video degli angoli pi\u00f9 interessanti di tutto il territorio della provincia bellunese, all&#8217;interno dei Comuni che hanno deciso di aderire al progetto messo in piedi dall\u2019&#8216;Associazione Bellunesi nel Mondo: promuovere le bellezze locali mediante video a 360\u00b0. L\u2019Associazione \u00e8 da tempo molto attiva in molteplici attivit\u00e0 di vario genere, [&hellip;]<\/p>\n","protected":false},"author":2,"featured_media":0,"comment_status":"closed","ping_status":"open","sticky":false,"template":"","format":"standard","meta":{"footnotes":""},"categories":[8,4],"tags":[],"class_list":["post-108928","post","type-post","status-publish","format-standard","category-societa-istituzioni","category-sport"],"yoast_head":"<!-- This site is optimized with the Yoast SEO plugin v28.4 - https:\/\/yoast.com\/product\/yoast-seo-wordpress\/ -->\n<title>L&#039;Associazione Bellunesi nel mondo promuove il territorio con video a 360\u00b0 - Bellunopress - Dolomiti<\/title>\n<meta name=\"robots\" content=\"index, follow, max-snippet:-1, max-image-preview:large, max-video-preview:-1\" \/>\n<link rel=\"canonical\" href=\"https:\/\/www.bellunopress.it\/fr\/2019\/10\/21\/lassociazione-bellunesi-nel-mondo-promuove-il-territorio-con-video-a-360\/\" \/>\n<meta property=\"og:locale\" content=\"fr_FR\" \/>\n<meta property=\"og:type\" content=\"article\" \/>\n<meta property=\"og:title\" content=\"L&#039;Associazione Bellunesi nel mondo promuove il territorio con video a 360\u00b0 - Bellunopress - Dolomiti\" \/>\n<meta property=\"og:description\" content=\"Sono da poco iniziate le riprese video degli angoli pi\u00f9 interessanti di tutto il territorio della provincia bellunese, all&#8217;interno dei Comuni che hanno deciso di aderire al progetto messo in piedi dall\u2019&#8216;Associazione Bellunesi nel Mondo: promuovere le bellezze locali mediante video a 360\u00b0. L\u2019Associazione \u00e8 da tempo molto attiva in molteplici attivit\u00e0 di vario genere, [&hellip;]\" \/>\n<meta property=\"og:url\" content=\"https:\/\/www.bellunopress.it\/fr\/2019\/10\/21\/lassociazione-bellunesi-nel-mondo-promuove-il-territorio-con-video-a-360\/\" \/>\n<meta property=\"og:site_name\" content=\"Bellunopress - Dolomiti\" \/>\n<meta property=\"article:publisher\" content=\"https:\/\/www.facebook.com\/profile.php?id=100008943462799\" \/>\n<meta property=\"article:published_time\" content=\"2019-10-21T13:00:47+00:00\" \/>\n<meta property=\"article:modified_time\" content=\"2019-10-21T13:00:48+00:00\" \/>\n<meta property=\"og:image\" content=\"http:\/\/www.bellunopress.it\/wp-content\/uploads\/2019\/10\/video-360-gradi.jpg\" \/>\n<meta name=\"author\" content=\"redazione\" \/>\n<meta name=\"twitter:card\" content=\"summary_large_image\" \/>\n<meta name=\"twitter:creator\" content=\"@bellunopress\" \/>\n<meta name=\"twitter:site\" content=\"@bellunopress\" \/>\n<meta name=\"twitter:label1\" content=\"\u00c9crit par\" \/>\n\t<meta name=\"twitter:data1\" content=\"redazione\" \/>\n\t<meta name=\"twitter:label2\" content=\"Dur\u00e9e de lecture estim\u00e9e\" \/>\n\t<meta name=\"twitter:data2\" content=\"2 minutes\" \/>\n<script type=\"application\/ld+json\" class=\"yoast-schema-graph\">{\"@context\":\"https:\\\/\\\/schema.org\",\"@graph\":[{\"@type\":\"Article\",\"@id\":\"https:\\\/\\\/www.bellunopress.it\\\/2019\\\/10\\\/21\\\/lassociazione-bellunesi-nel-mondo-promuove-il-territorio-con-video-a-360\\\/#article\",\"isPartOf\":{\"@id\":\"https:\\\/\\\/www.bellunopress.it\\\/2019\\\/10\\\/21\\\/lassociazione-bellunesi-nel-mondo-promuove-il-territorio-con-video-a-360\\\/\"},\"author\":{\"name\":\"redazione\",\"@id\":\"https:\\\/\\\/www.bellunopress.it\\\/#\\\/schema\\\/person\\\/79bb06722b37ece1c03d3e94beb30d73\"},\"headline\":\"L&#8217;Associazione Bellunesi nel mondo promuove il territorio con video a 360\u00b0\",\"datePublished\":\"2019-10-21T13:00:47+00:00\",\"dateModified\":\"2019-10-21T13:00:48+00:00\",\"mainEntityOfPage\":{\"@id\":\"https:\\\/\\\/www.bellunopress.it\\\/2019\\\/10\\\/21\\\/lassociazione-bellunesi-nel-mondo-promuove-il-territorio-con-video-a-360\\\/\"},\"wordCount\":513,\"publisher\":{\"@id\":\"https:\\\/\\\/www.bellunopress.it\\\/#organization\"},\"image\":{\"@id\":\"https:\\\/\\\/www.bellunopress.it\\\/2019\\\/10\\\/21\\\/lassociazione-bellunesi-nel-mondo-promuove-il-territorio-con-video-a-360\\\/#primaryimage\"},\"thumbnailUrl\":\"http:\\\/\\\/www.bellunopress.it\\\/wp-content\\\/uploads\\\/2019\\\/10\\\/video-360-gradi.jpg\",\"articleSection\":[\"Societ\u00e0, Associazioni, Istituzioni\",\"Sport, tempo libero\"],\"inLanguage\":\"fr-FR\"},{\"@type\":\"WebPage\",\"@id\":\"https:\\\/\\\/www.bellunopress.it\\\/2019\\\/10\\\/21\\\/lassociazione-bellunesi-nel-mondo-promuove-il-territorio-con-video-a-360\\\/\",\"url\":\"https:\\\/\\\/www.bellunopress.it\\\/2019\\\/10\\\/21\\\/lassociazione-bellunesi-nel-mondo-promuove-il-territorio-con-video-a-360\\\/\",\"name\":\"L'Associazione Bellunesi nel mondo promuove il territorio con video a 360\u00b0 - Bellunopress - Dolomiti\",\"isPartOf\":{\"@id\":\"https:\\\/\\\/www.bellunopress.it\\\/#website\"},\"primaryImageOfPage\":{\"@id\":\"https:\\\/\\\/www.bellunopress.it\\\/2019\\\/10\\\/21\\\/lassociazione-bellunesi-nel-mondo-promuove-il-territorio-con-video-a-360\\\/#primaryimage\"},\"image\":{\"@id\":\"https:\\\/\\\/www.bellunopress.it\\\/2019\\\/10\\\/21\\\/lassociazione-bellunesi-nel-mondo-promuove-il-territorio-con-video-a-360\\\/#primaryimage\"},\"thumbnailUrl\":\"http:\\\/\\\/www.bellunopress.it\\\/wp-content\\\/uploads\\\/2019\\\/10\\\/video-360-gradi.jpg\",\"datePublished\":\"2019-10-21T13:00:47+00:00\",\"dateModified\":\"2019-10-21T13:00:48+00:00\",\"breadcrumb\":{\"@id\":\"https:\\\/\\\/www.bellunopress.it\\\/2019\\\/10\\\/21\\\/lassociazione-bellunesi-nel-mondo-promuove-il-territorio-con-video-a-360\\\/#breadcrumb\"},\"inLanguage\":\"fr-FR\",\"potentialAction\":[{\"@type\":\"ReadAction\",\"target\":[\"https:\\\/\\\/www.bellunopress.it\\\/2019\\\/10\\\/21\\\/lassociazione-bellunesi-nel-mondo-promuove-il-territorio-con-video-a-360\\\/\"]}]},{\"@type\":\"ImageObject\",\"inLanguage\":\"fr-FR\",\"@id\":\"https:\\\/\\\/www.bellunopress.it\\\/2019\\\/10\\\/21\\\/lassociazione-bellunesi-nel-mondo-promuove-il-territorio-con-video-a-360\\\/#primaryimage\",\"url\":\"http:\\\/\\\/www.bellunopress.it\\\/wp-content\\\/uploads\\\/2019\\\/10\\\/video-360-gradi.jpg\",\"contentUrl\":\"http:\\\/\\\/www.bellunopress.it\\\/wp-content\\\/uploads\\\/2019\\\/10\\\/video-360-gradi.jpg\"},{\"@type\":\"BreadcrumbList\",\"@id\":\"https:\\\/\\\/www.bellunopress.it\\\/2019\\\/10\\\/21\\\/lassociazione-bellunesi-nel-mondo-promuove-il-territorio-con-video-a-360\\\/#breadcrumb\",\"itemListElement\":[{\"@type\":\"ListItem\",\"position\":1,\"name\":\"Home\",\"item\":\"https:\\\/\\\/www.bellunopress.it\\\/\"},{\"@type\":\"ListItem\",\"position\":2,\"name\":\"L&#8217;Associazione Bellunesi nel mondo promuove il territorio con video a 360\u00b0\"}]},{\"@type\":\"WebSite\",\"@id\":\"https:\\\/\\\/www.bellunopress.it\\\/#website\",\"url\":\"https:\\\/\\\/www.bellunopress.it\\\/\",\"name\":\"Bellunopress - Dolomiti\",\"description\":\"e-mail: redazione@bellunopress.it\",\"publisher\":{\"@id\":\"https:\\\/\\\/www.bellunopress.it\\\/#organization\"},\"potentialAction\":[{\"@type\":\"SearchAction\",\"target\":{\"@type\":\"EntryPoint\",\"urlTemplate\":\"https:\\\/\\\/www.bellunopress.it\\\/?s={search_term_string}\"},\"query-input\":{\"@type\":\"PropertyValueSpecification\",\"valueRequired\":true,\"valueName\":\"search_term_string\"}}],\"inLanguage\":\"fr-FR\"},{\"@type\":\"Organization\",\"@id\":\"https:\\\/\\\/www.bellunopress.it\\\/#organization\",\"name\":\"Bellunopress\",\"url\":\"https:\\\/\\\/www.bellunopress.it\\\/\",\"logo\":{\"@type\":\"ImageObject\",\"inLanguage\":\"fr-FR\",\"@id\":\"https:\\\/\\\/www.bellunopress.it\\\/#\\\/schema\\\/logo\\\/image\\\/\",\"url\":\"https:\\\/\\\/www.bellunopress.it\\\/wp-content\\\/uploads\\\/2011\\\/05\\\/cropped-logo-bellunopress-.jpg\",\"contentUrl\":\"https:\\\/\\\/www.bellunopress.it\\\/wp-content\\\/uploads\\\/2011\\\/05\\\/cropped-logo-bellunopress-.jpg\",\"width\":512,\"height\":512,\"caption\":\"Bellunopress\"},\"image\":{\"@id\":\"https:\\\/\\\/www.bellunopress.it\\\/#\\\/schema\\\/logo\\\/image\\\/\"},\"sameAs\":[\"https:\\\/\\\/www.facebook.com\\\/profile.php?id=100008943462799\",\"https:\\\/\\\/x.com\\\/bellunopress\",\"https:\\\/\\\/www.linkedin.com\\\/hp\\\/?dnr=JBzUWaJfMUw8vbXJJ2tVW5-I3jZKvC4wsoxE&amp;amp;amp;amp;amp;amp;trk=nav_responsive_tab_home\",\"https:\\\/\\\/www.youtube.com\\\/channel\\\/UCxL0wu1uN0_3_7hGG0306cw\"]},{\"@type\":\"Person\",\"@id\":\"https:\\\/\\\/www.bellunopress.it\\\/#\\\/schema\\\/person\\\/79bb06722b37ece1c03d3e94beb30d73\",\"name\":\"redazione\",\"image\":{\"@type\":\"ImageObject\",\"inLanguage\":\"fr-FR\",\"@id\":\"https:\\\/\\\/secure.gravatar.com\\\/avatar\\\/37d968a2e67a6fd04c169c4bdef102d0bc5d31b2546345219e348575eb80e9a0?s=96&d=mm&r=g\",\"url\":\"https:\\\/\\\/secure.gravatar.com\\\/avatar\\\/37d968a2e67a6fd04c169c4bdef102d0bc5d31b2546345219e348575eb80e9a0?s=96&d=mm&r=g\",\"contentUrl\":\"https:\\\/\\\/secure.gravatar.com\\\/avatar\\\/37d968a2e67a6fd04c169c4bdef102d0bc5d31b2546345219e348575eb80e9a0?s=96&d=mm&r=g\",\"caption\":\"redazione\"},\"sameAs\":[\"http:\\\/\\\/www.bellunopress.it\",\"https:\\\/\\\/x.com\\\/bellunopress\"],\"url\":\"https:\\\/\\\/www.bellunopress.it\\\/fr\\\/author\\\/redazione\\\/\"}]}<\/script>\n<!-- \/ Yoast SEO plugin. -->","yoast_head_json":{"title":"L'Associazione Bellunesi nel mondo promuove il territorio con video a 360\u00b0 - Bellunopress - Dolomiti","robots":{"index":"index","follow":"follow","max-snippet":"max-snippet:-1","max-image-preview":"max-image-preview:large","max-video-preview":"max-video-preview:-1"},"canonical":"https:\/\/www.bellunopress.it\/fr\/2019\/10\/21\/lassociazione-bellunesi-nel-mondo-promuove-il-territorio-con-video-a-360\/","og_locale":"fr_FR","og_type":"article","og_title":"L'Associazione Bellunesi nel mondo promuove il territorio con video a 360\u00b0 - Bellunopress - Dolomiti","og_description":"Sono da poco iniziate le riprese video degli angoli pi\u00f9 interessanti di tutto il territorio della provincia bellunese, all&#8217;interno dei Comuni che hanno deciso di aderire al progetto messo in piedi dall\u2019&#8216;Associazione Bellunesi nel Mondo: promuovere le bellezze locali mediante video a 360\u00b0. L\u2019Associazione \u00e8 da tempo molto attiva in molteplici attivit\u00e0 di vario genere, [&hellip;]","og_url":"https:\/\/www.bellunopress.it\/fr\/2019\/10\/21\/lassociazione-bellunesi-nel-mondo-promuove-il-territorio-con-video-a-360\/","og_site_name":"Bellunopress - Dolomiti","article_publisher":"https:\/\/www.facebook.com\/profile.php?id=100008943462799","article_published_time":"2019-10-21T13:00:47+00:00","article_modified_time":"2019-10-21T13:00:48+00:00","og_image":[{"url":"http:\/\/www.bellunopress.it\/wp-content\/uploads\/2019\/10\/video-360-gradi.jpg","type":"","width":"","height":""}],"author":"redazione","twitter_card":"summary_large_image","twitter_creator":"@bellunopress","twitter_site":"@bellunopress","twitter_misc":{"\u00c9crit par":"redazione","Dur\u00e9e de lecture estim\u00e9e":"2 minutes"},"schema":{"@context":"https:\/\/schema.org","@graph":[{"@type":"Article","@id":"https:\/\/www.bellunopress.it\/2019\/10\/21\/lassociazione-bellunesi-nel-mondo-promuove-il-territorio-con-video-a-360\/#article","isPartOf":{"@id":"https:\/\/www.bellunopress.it\/2019\/10\/21\/lassociazione-bellunesi-nel-mondo-promuove-il-territorio-con-video-a-360\/"},"author":{"name":"redazione","@id":"https:\/\/www.bellunopress.it\/#\/schema\/person\/79bb06722b37ece1c03d3e94beb30d73"},"headline":"L&#8217;Associazione Bellunesi nel mondo promuove il territorio con video a 360\u00b0","datePublished":"2019-10-21T13:00:47+00:00","dateModified":"2019-10-21T13:00:48+00:00","mainEntityOfPage":{"@id":"https:\/\/www.bellunopress.it\/2019\/10\/21\/lassociazione-bellunesi-nel-mondo-promuove-il-territorio-con-video-a-360\/"},"wordCount":513,"publisher":{"@id":"https:\/\/www.bellunopress.it\/#organization"},"image":{"@id":"https:\/\/www.bellunopress.it\/2019\/10\/21\/lassociazione-bellunesi-nel-mondo-promuove-il-territorio-con-video-a-360\/#primaryimage"},"thumbnailUrl":"http:\/\/www.bellunopress.it\/wp-content\/uploads\/2019\/10\/video-360-gradi.jpg","articleSection":["Societ\u00e0, Associazioni, Istituzioni","Sport, tempo libero"],"inLanguage":"fr-FR"},{"@type":"WebPage","@id":"https:\/\/www.bellunopress.it\/2019\/10\/21\/lassociazione-bellunesi-nel-mondo-promuove-il-territorio-con-video-a-360\/","url":"https:\/\/www.bellunopress.it\/2019\/10\/21\/lassociazione-bellunesi-nel-mondo-promuove-il-territorio-con-video-a-360\/","name":"L'Associazione Bellunesi nel mondo promuove il territorio con video a 360\u00b0 - Bellunopress - Dolomiti","isPartOf":{"@id":"https:\/\/www.bellunopress.it\/#website"},"primaryImageOfPage":{"@id":"https:\/\/www.bellunopress.it\/2019\/10\/21\/lassociazione-bellunesi-nel-mondo-promuove-il-territorio-con-video-a-360\/#primaryimage"},"image":{"@id":"https:\/\/www.bellunopress.it\/2019\/10\/21\/lassociazione-bellunesi-nel-mondo-promuove-il-territorio-con-video-a-360\/#primaryimage"},"thumbnailUrl":"http:\/\/www.bellunopress.it\/wp-content\/uploads\/2019\/10\/video-360-gradi.jpg","datePublished":"2019-10-21T13:00:47+00:00","dateModified":"2019-10-21T13:00:48+00:00","breadcrumb":{"@id":"https:\/\/www.bellunopress.it\/2019\/10\/21\/lassociazione-bellunesi-nel-mondo-promuove-il-territorio-con-video-a-360\/#breadcrumb"},"inLanguage":"fr-FR","potentialAction":[{"@type":"ReadAction","target":["https:\/\/www.bellunopress.it\/2019\/10\/21\/lassociazione-bellunesi-nel-mondo-promuove-il-territorio-con-video-a-360\/"]}]},{"@type":"ImageObject","inLanguage":"fr-FR","@id":"https:\/\/www.bellunopress.it\/2019\/10\/21\/lassociazione-bellunesi-nel-mondo-promuove-il-territorio-con-video-a-360\/#primaryimage","url":"http:\/\/www.bellunopress.it\/wp-content\/uploads\/2019\/10\/video-360-gradi.jpg","contentUrl":"http:\/\/www.bellunopress.it\/wp-content\/uploads\/2019\/10\/video-360-gradi.jpg"},{"@type":"BreadcrumbList","@id":"https:\/\/www.bellunopress.it\/2019\/10\/21\/lassociazione-bellunesi-nel-mondo-promuove-il-territorio-con-video-a-360\/#breadcrumb","itemListElement":[{"@type":"ListItem","position":1,"name":"Home","item":"https:\/\/www.bellunopress.it\/"},{"@type":"ListItem","position":2,"name":"L&#8217;Associazione Bellunesi nel mondo promuove il territorio con video a 360\u00b0"}]},{"@type":"WebSite","@id":"https:\/\/www.bellunopress.it\/#website","url":"https:\/\/www.bellunopress.it\/","name":"Bellunopress - Dolomiti","description":"e-mail: redazione@bellunopress.it","publisher":{"@id":"https:\/\/www.bellunopress.it\/#organization"},"potentialAction":[{"@type":"SearchAction","target":{"@type":"EntryPoint","urlTemplate":"https:\/\/www.bellunopress.it\/?s={search_term_string}"},"query-input":{"@type":"PropertyValueSpecification","valueRequired":true,"valueName":"search_term_string"}}],"inLanguage":"fr-FR"},{"@type":"Organization","@id":"https:\/\/www.bellunopress.it\/#organization","name":"Bellunopress","url":"https:\/\/www.bellunopress.it\/","logo":{"@type":"ImageObject","inLanguage":"fr-FR","@id":"https:\/\/www.bellunopress.it\/#\/schema\/logo\/image\/","url":"https:\/\/www.bellunopress.it\/wp-content\/uploads\/2011\/05\/cropped-logo-bellunopress-.jpg","contentUrl":"https:\/\/www.bellunopress.it\/wp-content\/uploads\/2011\/05\/cropped-logo-bellunopress-.jpg","width":512,"height":512,"caption":"Bellunopress"},"image":{"@id":"https:\/\/www.bellunopress.it\/#\/schema\/logo\/image\/"},"sameAs":["https:\/\/www.facebook.com\/profile.php?id=100008943462799","https:\/\/x.com\/bellunopress","https:\/\/www.linkedin.com\/hp\/?dnr=JBzUWaJfMUw8vbXJJ2tVW5-I3jZKvC4wsoxE&amp;amp;amp;amp;amp;amp;trk=nav_responsive_tab_home","https:\/\/www.youtube.com\/channel\/UCxL0wu1uN0_3_7hGG0306cw"]},{"@type":"Person","@id":"https:\/\/www.bellunopress.it\/#\/schema\/person\/79bb06722b37ece1c03d3e94beb30d73","name":"r\u00e9daction","image":{"@type":"ImageObject","inLanguage":"fr-FR","@id":"https:\/\/secure.gravatar.com\/avatar\/37d968a2e67a6fd04c169c4bdef102d0bc5d31b2546345219e348575eb80e9a0?s=96&d=mm&r=g","url":"https:\/\/secure.gravatar.com\/avatar\/37d968a2e67a6fd04c169c4bdef102d0bc5d31b2546345219e348575eb80e9a0?s=96&d=mm&r=g","contentUrl":"https:\/\/secure.gravatar.com\/avatar\/37d968a2e67a6fd04c169c4bdef102d0bc5d31b2546345219e348575eb80e9a0?s=96&d=mm&r=g","caption":"redazione"},"sameAs":["http:\/\/www.bellunopress.it","https:\/\/x.com\/bellunopress"],"url":"https:\/\/www.bellunopress.it\/fr\/author\/redazione\/"}]}},"_links":{"self":[{"href":"https:\/\/www.bellunopress.it\/fr\/wp-json\/wp\/v2\/posts\/108928","targetHints":{"allow":["GET"]}}],"collection":[{"href":"https:\/\/www.bellunopress.it\/fr\/wp-json\/wp\/v2\/posts"}],"about":[{"href":"https:\/\/www.bellunopress.it\/fr\/wp-json\/wp\/v2\/types\/post"}],"author":[{"embeddable":true,"href":"https:\/\/www.bellunopress.it\/fr\/wp-json\/wp\/v2\/users\/2"}],"replies":[{"embeddable":true,"href":"https:\/\/www.bellunopress.it\/fr\/wp-json\/wp\/v2\/comments?post=108928"}],"version-history":[{"count":2,"href":"https:\/\/www.bellunopress.it\/fr\/wp-json\/wp\/v2\/posts\/108928\/revisions"}],"predecessor-version":[{"id":108931,"href":"https:\/\/www.bellunopress.it\/fr\/wp-json\/wp\/v2\/posts\/108928\/revisions\/108931"}],"wp:attachment":[{"href":"https:\/\/www.bellunopress.it\/fr\/wp-json\/wp\/v2\/media?parent=108928"}],"wp:term":[{"taxonomy":"category","embeddable":true,"href":"https:\/\/www.bellunopress.it\/fr\/wp-json\/wp\/v2\/categories?post=108928"},{"taxonomy":"post_tag","embeddable":true,"href":"https:\/\/www.bellunopress.it\/fr\/wp-json\/wp\/v2\/tags?post=108928"}],"curies":[{"name":"wp","href":"https:\/\/api.w.org\/{rel}","templated":true}]}}