{"id":108922,"date":"2019-10-21T14:45:34","date_gmt":"2019-10-21T12:45:34","guid":{"rendered":"http:\/\/www.bellunopress.it\/?p=108922"},"modified":"2019-10-21T14:45:36","modified_gmt":"2019-10-21T12:45:36","slug":"veneto-spettacoli-di-mistero-a-belluno-venerdi-25-ottobre-la-data-zero","status":"publish","type":"post","link":"https:\/\/www.bellunopress.it\/fr\/2019\/10\/21\/veneto-spettacoli-di-mistero-a-belluno-venerdi-25-ottobre-la-data-zero\/","title":{"rendered":"Veneto, Spettacoli di Mistero: a Belluno venerd\u00ec 25 ottobre la data zero"},"content":{"rendered":"<p>Al via \u201cVeneto, Spettacoli di Misteri\u201d in tutto il bellunese, grazie al grande apporto di molte Pro loco. Le iniziative si aprono con l\u2019evento provinciale del weekend del mistero (data unica per tutta la Regione) venerd\u00ec 25 ottobre alle 20.15 presso l\u2019anfiteatro del ristorante \u201cAl Borgo\u201d in via Anconetta, 8 a Belluno. A inizio serata interverranno il presidente Unpli Belluno, Davide Praloran e i referenti delle Pro loco aderenti all\u2019iniziativa. Far\u00e0 seguito lo spettacolo con racconti \u201cEl Campanil remit, fantasia e realt\u00e0 di Rocca e il suo lago\u201d con l\u2019autore Silvio Lancerini e i lettori \u201cI Belatrich\u201d di Arsi\u00e8.<\/p>\n<p><a href=\"http:\/\/www.bellunopress.it\/fr\/2019\/10\/21\/veneto-spettacoli-di-mistero-a-belluno-venerdi-25-ottobre-la-data-zero\/spettacoli-del-mistero\/\" rel=\"attachment wp-att-108923\"><img loading=\"lazy\" decoding=\"async\" class=\"alignleft size-full wp-image-108923\" src=\"http:\/\/www.bellunopress.it\/wp-content\/uploads\/2019\/10\/spettacoli-del-mistero.jpg\" alt=\"\" width=\"300\" height=\"279\" \/><\/a>Gli eventi in provincia decolleranno gi\u00e0 il giorno successivo, sabato 26, con un doppio appuntamento a piedi: a Sospirolo, alle 15,30, ci sar\u00e0 attorno all\u2019affascinante lago di Vedana la passeggiata dal titolo &#8220;Rien ne va plus ovvero di come il gioco gabb\u00f2 Pantalone&#8230;&#8221;, animata dai personaggi della tradizione e dai giochi d&#8217;un tempo\u201d, a cura della Pro loco \u201cMonti del Sole\u201d.<\/p>\n<p>A Trichiana, invece, il sodalizio locale presenta \u201cCavarnere, voci e silenzi dei boschi\u201d, escursione guidata tra i luoghi del mistero (partenza da area Melere in due gruppi, uno alle 17,30 e uno alle 18,30).<\/p>\n<p>Domenica 27 si torna a Sospirolo, nel borgo di Maras, dove si terr\u00e0 la giornata-evento \u201cExpo misteri\u201d con stand d&#8217;artigianato e gastronomici ed eventi a tema.<\/p>\n<p>Gioved\u00ec 31 toccher\u00e0 alla Pro loco Sedico, alle 20,30 a Villa Patt, proporre una serata di video su leggende tradizionali venete con \u201cIl Mazarol e molto altro ancora\u201d a cura di Flok Stories. Si passa poi a novembre con due eventi sabato 9: a Mel di Borgo Valbelluna la Zumellese propone \u201cLeggende degli incontri strani\u201d a cura Giorgio Dell\u2019Osta e Giulia Fretuti con ritrovo in piazza Luciani alle 20; ad Alano di Piave passeggiata notturna \u201cLa caseta de l\u2019acqua, dove che nasea i tosatei\u201d.<\/p>\n<p>Gioved\u00ec 14 e venerd\u00ec 29 \u201cLeggende a cena\u201d a Sospirolo, la prima all\u2019osteria Alla Certosa di Mis, la seconda al ristorante Bacchetti di Piz Camolino;<\/p>\n<p>venerd\u00ec 15, ancora a Villa Patt di Sedico, conferenza \u201cTempo da lupi\u201d a cura dell\u2019antropologo Cesare Poppi. Sabato 16 ci sono due date: \u201cSe una sera d\u2019autunno al calar delle tenebre..\u201d con la Pro loco Seren del Grappa all\u2019agriturismo \u201cAlberto degli alberi\u201d e \u201cHaec sunt misterya!\u201d, passeggiata animata a Colle San Giorgio di Sorriva con partenza alle 18.<\/p>\n<p>Domenica 17, alle 10,30 al centro civico, la \u201cMonti del Sole\u201d celebra i dieci anni del concorso letterario \u201cSospirolo tra leggende e misteri\u201d con la premiazione 2019 e la presentazione del libro con i racconti; s\u2019inaugura anche la mostra sui giochi misteriosi d\u2019un tempo aperta poi fino al 6 dicembre.<\/p>\n<p>Il 22 e 23 novembre la Pro loco Valle di Cadore, a Borgata Costa, presenta il mistero della strega Gramolina, mentre si conclude il 23 a Sospirolo con \u201cVia par Milan! I misteriosi giochi di un tempo\u201d di Paola Brolati e Charly Gamba e a Fonzaso alle 18 con \u201cIl Sanguanel lungo la strada dei capitelli\u201d, passeggiata con guida culturale regionale e il gruppo teatrale \u201cFemo casin\u201d.<\/p>\n<p>Ancora, dal 9 novembre al 5 gennaio 2020 a Sospirolo (Centro civico\/Biblioteca) &#8220;Comanda color!&#8221;, rassegna di quadri d&#8217;autore sul tema del gioco infantile. Per info 0437 1699100, belluno@unpliveneto.it.<\/p>","protected":false},"excerpt":{"rendered":"<p>Al via \u201cVeneto, Spettacoli di Misteri\u201d in tutto il bellunese, grazie al grande apporto di molte Pro loco. Le iniziative si aprono con l\u2019evento provinciale del weekend del mistero (data unica per tutta la Regione) venerd\u00ec 25 ottobre alle 20.15 presso l\u2019anfiteatro del ristorante \u201cAl Borgo\u201d in via Anconetta, 8 a Belluno. A inizio serata [&hellip;]<\/p>\n","protected":false},"author":2,"featured_media":0,"comment_status":"closed","ping_status":"open","sticky":false,"template":"","format":"standard","meta":{"footnotes":""},"categories":[27,3,25],"tags":[],"class_list":["post-108922","post","type-post","status-publish","format-standard","category-appuntamenti","category-arte-cultura-spettacoli-scienza-archivi","category-pausa-caffe"],"yoast_head":"<!-- This site is optimized with the Yoast SEO plugin v28.4 - https:\/\/yoast.com\/product\/yoast-seo-wordpress\/ -->\n<title>Veneto, Spettacoli di Mistero: a Belluno venerd\u00ec 25 ottobre la data zero - Bellunopress - Dolomiti<\/title>\n<meta name=\"robots\" content=\"index, follow, max-snippet:-1, max-image-preview:large, max-video-preview:-1\" \/>\n<link rel=\"canonical\" href=\"https:\/\/www.bellunopress.it\/fr\/2019\/10\/21\/veneto-spettacoli-di-mistero-a-belluno-venerdi-25-ottobre-la-data-zero\/\" \/>\n<meta property=\"og:locale\" content=\"fr_FR\" \/>\n<meta property=\"og:type\" content=\"article\" \/>\n<meta property=\"og:title\" content=\"Veneto, Spettacoli di Mistero: a Belluno venerd\u00ec 25 ottobre la data zero - Bellunopress - Dolomiti\" \/>\n<meta property=\"og:description\" content=\"Al via \u201cVeneto, Spettacoli di Misteri\u201d in tutto il bellunese, grazie al grande apporto di molte Pro loco. Le iniziative si aprono con l\u2019evento provinciale del weekend del mistero (data unica per tutta la Regione) venerd\u00ec 25 ottobre alle 20.15 presso l\u2019anfiteatro del ristorante \u201cAl Borgo\u201d in via Anconetta, 8 a Belluno. A inizio serata [&hellip;]\" \/>\n<meta property=\"og:url\" content=\"https:\/\/www.bellunopress.it\/fr\/2019\/10\/21\/veneto-spettacoli-di-mistero-a-belluno-venerdi-25-ottobre-la-data-zero\/\" \/>\n<meta property=\"og:site_name\" content=\"Bellunopress - Dolomiti\" \/>\n<meta property=\"article:publisher\" content=\"https:\/\/www.facebook.com\/profile.php?id=100008943462799\" \/>\n<meta property=\"article:published_time\" content=\"2019-10-21T12:45:34+00:00\" \/>\n<meta property=\"article:modified_time\" content=\"2019-10-21T12:45:36+00:00\" \/>\n<meta property=\"og:image\" content=\"http:\/\/www.bellunopress.it\/wp-content\/uploads\/2019\/10\/spettacoli-del-mistero.jpg\" \/>\n<meta name=\"author\" content=\"redazione\" \/>\n<meta name=\"twitter:card\" content=\"summary_large_image\" \/>\n<meta name=\"twitter:creator\" content=\"@bellunopress\" \/>\n<meta name=\"twitter:site\" content=\"@bellunopress\" \/>\n<meta name=\"twitter:label1\" content=\"\u00c9crit par\" \/>\n\t<meta name=\"twitter:data1\" content=\"redazione\" \/>\n\t<meta name=\"twitter:label2\" content=\"Dur\u00e9e de lecture estim\u00e9e\" \/>\n\t<meta name=\"twitter:data2\" content=\"3 minutes\" \/>\n<script type=\"application\/ld+json\" class=\"yoast-schema-graph\">{\"@context\":\"https:\\\/\\\/schema.org\",\"@graph\":[{\"@type\":\"Article\",\"@id\":\"https:\\\/\\\/www.bellunopress.it\\\/2019\\\/10\\\/21\\\/veneto-spettacoli-di-mistero-a-belluno-venerdi-25-ottobre-la-data-zero\\\/#article\",\"isPartOf\":{\"@id\":\"https:\\\/\\\/www.bellunopress.it\\\/2019\\\/10\\\/21\\\/veneto-spettacoli-di-mistero-a-belluno-venerdi-25-ottobre-la-data-zero\\\/\"},\"author\":{\"name\":\"redazione\",\"@id\":\"https:\\\/\\\/www.bellunopress.it\\\/#\\\/schema\\\/person\\\/79bb06722b37ece1c03d3e94beb30d73\"},\"headline\":\"Veneto, Spettacoli di Mistero: a Belluno venerd\u00ec 25 ottobre la data zero\",\"datePublished\":\"2019-10-21T12:45:34+00:00\",\"dateModified\":\"2019-10-21T12:45:36+00:00\",\"mainEntityOfPage\":{\"@id\":\"https:\\\/\\\/www.bellunopress.it\\\/2019\\\/10\\\/21\\\/veneto-spettacoli-di-mistero-a-belluno-venerdi-25-ottobre-la-data-zero\\\/\"},\"wordCount\":532,\"publisher\":{\"@id\":\"https:\\\/\\\/www.bellunopress.it\\\/#organization\"},\"image\":{\"@id\":\"https:\\\/\\\/www.bellunopress.it\\\/2019\\\/10\\\/21\\\/veneto-spettacoli-di-mistero-a-belluno-venerdi-25-ottobre-la-data-zero\\\/#primaryimage\"},\"thumbnailUrl\":\"http:\\\/\\\/www.bellunopress.it\\\/wp-content\\\/uploads\\\/2019\\\/10\\\/spettacoli-del-mistero.jpg\",\"articleSection\":[\"Appuntamenti, Eventi\",\"Arte, Cultura, Spettacoli, Scienza\",\"Pausa Caff\u00e8\"],\"inLanguage\":\"fr-FR\"},{\"@type\":\"WebPage\",\"@id\":\"https:\\\/\\\/www.bellunopress.it\\\/2019\\\/10\\\/21\\\/veneto-spettacoli-di-mistero-a-belluno-venerdi-25-ottobre-la-data-zero\\\/\",\"url\":\"https:\\\/\\\/www.bellunopress.it\\\/2019\\\/10\\\/21\\\/veneto-spettacoli-di-mistero-a-belluno-venerdi-25-ottobre-la-data-zero\\\/\",\"name\":\"Veneto, Spettacoli di Mistero: a Belluno venerd\u00ec 25 ottobre la data zero - Bellunopress - Dolomiti\",\"isPartOf\":{\"@id\":\"https:\\\/\\\/www.bellunopress.it\\\/#website\"},\"primaryImageOfPage\":{\"@id\":\"https:\\\/\\\/www.bellunopress.it\\\/2019\\\/10\\\/21\\\/veneto-spettacoli-di-mistero-a-belluno-venerdi-25-ottobre-la-data-zero\\\/#primaryimage\"},\"image\":{\"@id\":\"https:\\\/\\\/www.bellunopress.it\\\/2019\\\/10\\\/21\\\/veneto-spettacoli-di-mistero-a-belluno-venerdi-25-ottobre-la-data-zero\\\/#primaryimage\"},\"thumbnailUrl\":\"http:\\\/\\\/www.bellunopress.it\\\/wp-content\\\/uploads\\\/2019\\\/10\\\/spettacoli-del-mistero.jpg\",\"datePublished\":\"2019-10-21T12:45:34+00:00\",\"dateModified\":\"2019-10-21T12:45:36+00:00\",\"breadcrumb\":{\"@id\":\"https:\\\/\\\/www.bellunopress.it\\\/2019\\\/10\\\/21\\\/veneto-spettacoli-di-mistero-a-belluno-venerdi-25-ottobre-la-data-zero\\\/#breadcrumb\"},\"inLanguage\":\"fr-FR\",\"potentialAction\":[{\"@type\":\"ReadAction\",\"target\":[\"https:\\\/\\\/www.bellunopress.it\\\/2019\\\/10\\\/21\\\/veneto-spettacoli-di-mistero-a-belluno-venerdi-25-ottobre-la-data-zero\\\/\"]}]},{\"@type\":\"ImageObject\",\"inLanguage\":\"fr-FR\",\"@id\":\"https:\\\/\\\/www.bellunopress.it\\\/2019\\\/10\\\/21\\\/veneto-spettacoli-di-mistero-a-belluno-venerdi-25-ottobre-la-data-zero\\\/#primaryimage\",\"url\":\"http:\\\/\\\/www.bellunopress.it\\\/wp-content\\\/uploads\\\/2019\\\/10\\\/spettacoli-del-mistero.jpg\",\"contentUrl\":\"http:\\\/\\\/www.bellunopress.it\\\/wp-content\\\/uploads\\\/2019\\\/10\\\/spettacoli-del-mistero.jpg\"},{\"@type\":\"BreadcrumbList\",\"@id\":\"https:\\\/\\\/www.bellunopress.it\\\/2019\\\/10\\\/21\\\/veneto-spettacoli-di-mistero-a-belluno-venerdi-25-ottobre-la-data-zero\\\/#breadcrumb\",\"itemListElement\":[{\"@type\":\"ListItem\",\"position\":1,\"name\":\"Home\",\"item\":\"https:\\\/\\\/www.bellunopress.it\\\/\"},{\"@type\":\"ListItem\",\"position\":2,\"name\":\"Veneto, Spettacoli di Mistero: a Belluno venerd\u00ec 25 ottobre la data zero\"}]},{\"@type\":\"WebSite\",\"@id\":\"https:\\\/\\\/www.bellunopress.it\\\/#website\",\"url\":\"https:\\\/\\\/www.bellunopress.it\\\/\",\"name\":\"Bellunopress - Dolomiti\",\"description\":\"e-mail: redazione@bellunopress.it\",\"publisher\":{\"@id\":\"https:\\\/\\\/www.bellunopress.it\\\/#organization\"},\"potentialAction\":[{\"@type\":\"SearchAction\",\"target\":{\"@type\":\"EntryPoint\",\"urlTemplate\":\"https:\\\/\\\/www.bellunopress.it\\\/?s={search_term_string}\"},\"query-input\":{\"@type\":\"PropertyValueSpecification\",\"valueRequired\":true,\"valueName\":\"search_term_string\"}}],\"inLanguage\":\"fr-FR\"},{\"@type\":\"Organization\",\"@id\":\"https:\\\/\\\/www.bellunopress.it\\\/#organization\",\"name\":\"Bellunopress\",\"url\":\"https:\\\/\\\/www.bellunopress.it\\\/\",\"logo\":{\"@type\":\"ImageObject\",\"inLanguage\":\"fr-FR\",\"@id\":\"https:\\\/\\\/www.bellunopress.it\\\/#\\\/schema\\\/logo\\\/image\\\/\",\"url\":\"https:\\\/\\\/www.bellunopress.it\\\/wp-content\\\/uploads\\\/2011\\\/05\\\/cropped-logo-bellunopress-.jpg\",\"contentUrl\":\"https:\\\/\\\/www.bellunopress.it\\\/wp-content\\\/uploads\\\/2011\\\/05\\\/cropped-logo-bellunopress-.jpg\",\"width\":512,\"height\":512,\"caption\":\"Bellunopress\"},\"image\":{\"@id\":\"https:\\\/\\\/www.bellunopress.it\\\/#\\\/schema\\\/logo\\\/image\\\/\"},\"sameAs\":[\"https:\\\/\\\/www.facebook.com\\\/profile.php?id=100008943462799\",\"https:\\\/\\\/x.com\\\/bellunopress\",\"https:\\\/\\\/www.linkedin.com\\\/hp\\\/?dnr=JBzUWaJfMUw8vbXJJ2tVW5-I3jZKvC4wsoxE&amp;amp;amp;amp;amp;amp;trk=nav_responsive_tab_home\",\"https:\\\/\\\/www.youtube.com\\\/channel\\\/UCxL0wu1uN0_3_7hGG0306cw\"]},{\"@type\":\"Person\",\"@id\":\"https:\\\/\\\/www.bellunopress.it\\\/#\\\/schema\\\/person\\\/79bb06722b37ece1c03d3e94beb30d73\",\"name\":\"redazione\",\"image\":{\"@type\":\"ImageObject\",\"inLanguage\":\"fr-FR\",\"@id\":\"https:\\\/\\\/secure.gravatar.com\\\/avatar\\\/37d968a2e67a6fd04c169c4bdef102d0bc5d31b2546345219e348575eb80e9a0?s=96&d=mm&r=g\",\"url\":\"https:\\\/\\\/secure.gravatar.com\\\/avatar\\\/37d968a2e67a6fd04c169c4bdef102d0bc5d31b2546345219e348575eb80e9a0?s=96&d=mm&r=g\",\"contentUrl\":\"https:\\\/\\\/secure.gravatar.com\\\/avatar\\\/37d968a2e67a6fd04c169c4bdef102d0bc5d31b2546345219e348575eb80e9a0?s=96&d=mm&r=g\",\"caption\":\"redazione\"},\"sameAs\":[\"http:\\\/\\\/www.bellunopress.it\",\"https:\\\/\\\/x.com\\\/bellunopress\"],\"url\":\"https:\\\/\\\/www.bellunopress.it\\\/fr\\\/author\\\/redazione\\\/\"}]}<\/script>\n<!-- \/ Yoast SEO plugin. -->","yoast_head_json":{"title":"Veneto, Spettacoli di Mistero: a Belluno venerd\u00ec 25 ottobre la data zero - Bellunopress - Dolomiti","robots":{"index":"index","follow":"follow","max-snippet":"max-snippet:-1","max-image-preview":"max-image-preview:large","max-video-preview":"max-video-preview:-1"},"canonical":"https:\/\/www.bellunopress.it\/fr\/2019\/10\/21\/veneto-spettacoli-di-mistero-a-belluno-venerdi-25-ottobre-la-data-zero\/","og_locale":"fr_FR","og_type":"article","og_title":"Veneto, Spettacoli di Mistero: a Belluno venerd\u00ec 25 ottobre la data zero - Bellunopress - Dolomiti","og_description":"Al via \u201cVeneto, Spettacoli di Misteri\u201d in tutto il bellunese, grazie al grande apporto di molte Pro loco. Le iniziative si aprono con l\u2019evento provinciale del weekend del mistero (data unica per tutta la Regione) venerd\u00ec 25 ottobre alle 20.15 presso l\u2019anfiteatro del ristorante \u201cAl Borgo\u201d in via Anconetta, 8 a Belluno. A inizio serata [&hellip;]","og_url":"https:\/\/www.bellunopress.it\/fr\/2019\/10\/21\/veneto-spettacoli-di-mistero-a-belluno-venerdi-25-ottobre-la-data-zero\/","og_site_name":"Bellunopress - Dolomiti","article_publisher":"https:\/\/www.facebook.com\/profile.php?id=100008943462799","article_published_time":"2019-10-21T12:45:34+00:00","article_modified_time":"2019-10-21T12:45:36+00:00","og_image":[{"url":"http:\/\/www.bellunopress.it\/wp-content\/uploads\/2019\/10\/spettacoli-del-mistero.jpg","type":"","width":"","height":""}],"author":"redazione","twitter_card":"summary_large_image","twitter_creator":"@bellunopress","twitter_site":"@bellunopress","twitter_misc":{"\u00c9crit par":"redazione","Dur\u00e9e de lecture estim\u00e9e":"3 minutes"},"schema":{"@context":"https:\/\/schema.org","@graph":[{"@type":"Article","@id":"https:\/\/www.bellunopress.it\/2019\/10\/21\/veneto-spettacoli-di-mistero-a-belluno-venerdi-25-ottobre-la-data-zero\/#article","isPartOf":{"@id":"https:\/\/www.bellunopress.it\/2019\/10\/21\/veneto-spettacoli-di-mistero-a-belluno-venerdi-25-ottobre-la-data-zero\/"},"author":{"name":"redazione","@id":"https:\/\/www.bellunopress.it\/#\/schema\/person\/79bb06722b37ece1c03d3e94beb30d73"},"headline":"Veneto, Spettacoli di Mistero: a Belluno venerd\u00ec 25 ottobre la data zero","datePublished":"2019-10-21T12:45:34+00:00","dateModified":"2019-10-21T12:45:36+00:00","mainEntityOfPage":{"@id":"https:\/\/www.bellunopress.it\/2019\/10\/21\/veneto-spettacoli-di-mistero-a-belluno-venerdi-25-ottobre-la-data-zero\/"},"wordCount":532,"publisher":{"@id":"https:\/\/www.bellunopress.it\/#organization"},"image":{"@id":"https:\/\/www.bellunopress.it\/2019\/10\/21\/veneto-spettacoli-di-mistero-a-belluno-venerdi-25-ottobre-la-data-zero\/#primaryimage"},"thumbnailUrl":"http:\/\/www.bellunopress.it\/wp-content\/uploads\/2019\/10\/spettacoli-del-mistero.jpg","articleSection":["Appuntamenti, Eventi","Arte, Cultura, Spettacoli, Scienza","Pausa Caff\u00e8"],"inLanguage":"fr-FR"},{"@type":"WebPage","@id":"https:\/\/www.bellunopress.it\/2019\/10\/21\/veneto-spettacoli-di-mistero-a-belluno-venerdi-25-ottobre-la-data-zero\/","url":"https:\/\/www.bellunopress.it\/2019\/10\/21\/veneto-spettacoli-di-mistero-a-belluno-venerdi-25-ottobre-la-data-zero\/","name":"Veneto, Spettacoli di Mistero: a Belluno venerd\u00ec 25 ottobre la data zero - Bellunopress - Dolomiti","isPartOf":{"@id":"https:\/\/www.bellunopress.it\/#website"},"primaryImageOfPage":{"@id":"https:\/\/www.bellunopress.it\/2019\/10\/21\/veneto-spettacoli-di-mistero-a-belluno-venerdi-25-ottobre-la-data-zero\/#primaryimage"},"image":{"@id":"https:\/\/www.bellunopress.it\/2019\/10\/21\/veneto-spettacoli-di-mistero-a-belluno-venerdi-25-ottobre-la-data-zero\/#primaryimage"},"thumbnailUrl":"http:\/\/www.bellunopress.it\/wp-content\/uploads\/2019\/10\/spettacoli-del-mistero.jpg","datePublished":"2019-10-21T12:45:34+00:00","dateModified":"2019-10-21T12:45:36+00:00","breadcrumb":{"@id":"https:\/\/www.bellunopress.it\/2019\/10\/21\/veneto-spettacoli-di-mistero-a-belluno-venerdi-25-ottobre-la-data-zero\/#breadcrumb"},"inLanguage":"fr-FR","potentialAction":[{"@type":"ReadAction","target":["https:\/\/www.bellunopress.it\/2019\/10\/21\/veneto-spettacoli-di-mistero-a-belluno-venerdi-25-ottobre-la-data-zero\/"]}]},{"@type":"ImageObject","inLanguage":"fr-FR","@id":"https:\/\/www.bellunopress.it\/2019\/10\/21\/veneto-spettacoli-di-mistero-a-belluno-venerdi-25-ottobre-la-data-zero\/#primaryimage","url":"http:\/\/www.bellunopress.it\/wp-content\/uploads\/2019\/10\/spettacoli-del-mistero.jpg","contentUrl":"http:\/\/www.bellunopress.it\/wp-content\/uploads\/2019\/10\/spettacoli-del-mistero.jpg"},{"@type":"BreadcrumbList","@id":"https:\/\/www.bellunopress.it\/2019\/10\/21\/veneto-spettacoli-di-mistero-a-belluno-venerdi-25-ottobre-la-data-zero\/#breadcrumb","itemListElement":[{"@type":"ListItem","position":1,"name":"Home","item":"https:\/\/www.bellunopress.it\/"},{"@type":"ListItem","position":2,"name":"Veneto, Spettacoli di Mistero: a Belluno venerd\u00ec 25 ottobre la data zero"}]},{"@type":"WebSite","@id":"https:\/\/www.bellunopress.it\/#website","url":"https:\/\/www.bellunopress.it\/","name":"Bellunopress - Dolomiti","description":"e-mail: redazione@bellunopress.it","publisher":{"@id":"https:\/\/www.bellunopress.it\/#organization"},"potentialAction":[{"@type":"SearchAction","target":{"@type":"EntryPoint","urlTemplate":"https:\/\/www.bellunopress.it\/?s={search_term_string}"},"query-input":{"@type":"PropertyValueSpecification","valueRequired":true,"valueName":"search_term_string"}}],"inLanguage":"fr-FR"},{"@type":"Organization","@id":"https:\/\/www.bellunopress.it\/#organization","name":"Bellunopress","url":"https:\/\/www.bellunopress.it\/","logo":{"@type":"ImageObject","inLanguage":"fr-FR","@id":"https:\/\/www.bellunopress.it\/#\/schema\/logo\/image\/","url":"https:\/\/www.bellunopress.it\/wp-content\/uploads\/2011\/05\/cropped-logo-bellunopress-.jpg","contentUrl":"https:\/\/www.bellunopress.it\/wp-content\/uploads\/2011\/05\/cropped-logo-bellunopress-.jpg","width":512,"height":512,"caption":"Bellunopress"},"image":{"@id":"https:\/\/www.bellunopress.it\/#\/schema\/logo\/image\/"},"sameAs":["https:\/\/www.facebook.com\/profile.php?id=100008943462799","https:\/\/x.com\/bellunopress","https:\/\/www.linkedin.com\/hp\/?dnr=JBzUWaJfMUw8vbXJJ2tVW5-I3jZKvC4wsoxE&amp;amp;amp;amp;amp;amp;trk=nav_responsive_tab_home","https:\/\/www.youtube.com\/channel\/UCxL0wu1uN0_3_7hGG0306cw"]},{"@type":"Person","@id":"https:\/\/www.bellunopress.it\/#\/schema\/person\/79bb06722b37ece1c03d3e94beb30d73","name":"r\u00e9daction","image":{"@type":"ImageObject","inLanguage":"fr-FR","@id":"https:\/\/secure.gravatar.com\/avatar\/37d968a2e67a6fd04c169c4bdef102d0bc5d31b2546345219e348575eb80e9a0?s=96&d=mm&r=g","url":"https:\/\/secure.gravatar.com\/avatar\/37d968a2e67a6fd04c169c4bdef102d0bc5d31b2546345219e348575eb80e9a0?s=96&d=mm&r=g","contentUrl":"https:\/\/secure.gravatar.com\/avatar\/37d968a2e67a6fd04c169c4bdef102d0bc5d31b2546345219e348575eb80e9a0?s=96&d=mm&r=g","caption":"redazione"},"sameAs":["http:\/\/www.bellunopress.it","https:\/\/x.com\/bellunopress"],"url":"https:\/\/www.bellunopress.it\/fr\/author\/redazione\/"}]}},"_links":{"self":[{"href":"https:\/\/www.bellunopress.it\/fr\/wp-json\/wp\/v2\/posts\/108922","targetHints":{"allow":["GET"]}}],"collection":[{"href":"https:\/\/www.bellunopress.it\/fr\/wp-json\/wp\/v2\/posts"}],"about":[{"href":"https:\/\/www.bellunopress.it\/fr\/wp-json\/wp\/v2\/types\/post"}],"author":[{"embeddable":true,"href":"https:\/\/www.bellunopress.it\/fr\/wp-json\/wp\/v2\/users\/2"}],"replies":[{"embeddable":true,"href":"https:\/\/www.bellunopress.it\/fr\/wp-json\/wp\/v2\/comments?post=108922"}],"version-history":[{"count":2,"href":"https:\/\/www.bellunopress.it\/fr\/wp-json\/wp\/v2\/posts\/108922\/revisions"}],"predecessor-version":[{"id":108925,"href":"https:\/\/www.bellunopress.it\/fr\/wp-json\/wp\/v2\/posts\/108922\/revisions\/108925"}],"wp:attachment":[{"href":"https:\/\/www.bellunopress.it\/fr\/wp-json\/wp\/v2\/media?parent=108922"}],"wp:term":[{"taxonomy":"category","embeddable":true,"href":"https:\/\/www.bellunopress.it\/fr\/wp-json\/wp\/v2\/categories?post=108922"},{"taxonomy":"post_tag","embeddable":true,"href":"https:\/\/www.bellunopress.it\/fr\/wp-json\/wp\/v2\/tags?post=108922"}],"curies":[{"name":"wp","href":"https:\/\/api.w.org\/{rel}","templated":true}]}}