{"id":108912,"date":"2019-10-21T12:57:57","date_gmt":"2019-10-21T10:57:57","guid":{"rendered":"http:\/\/www.bellunopress.it\/?p=108912"},"modified":"2019-10-21T14:34:04","modified_gmt":"2019-10-21T12:34:04","slug":"donati-assotir-lautotrasporto-non-e-la-principale-causa-di-inquinamento-ma-servono-azioni-decise-per-favorire-la-modernizzazione-del-settore","status":"publish","type":"post","link":"https:\/\/www.bellunopress.it\/fr\/2019\/10\/21\/donati-assotir-lautotrasporto-non-e-la-principale-causa-di-inquinamento-ma-servono-azioni-decise-per-favorire-la-modernizzazione-del-settore\/","title":{"rendered":"Donati (Assotir): L&#8217;autotrasporto non \u00e8 la principale causa di inquinamento. Ma servono azioni decise per favorire la modernizzazione del settore"},"content":{"rendered":"<figure id=\"attachment_108913\" aria-describedby=\"caption-attachment-108913\" style=\"width: 243px\" class=\"wp-caption alignleft\"><a href=\"http:\/\/www.bellunopress.it\/fr\/2019\/10\/21\/donati-assotir-lautotrasporto-non-e-la-principale-causa-di-inquinamento-ma-servono-azioni-decise-per-favorire-la-modernizzazione-del-settore\/claudio-donati-assotir\/\" rel=\"attachment wp-att-108913\"><img loading=\"lazy\" decoding=\"async\" class=\"size-full wp-image-108913\" src=\"http:\/\/www.bellunopress.it\/wp-content\/uploads\/2019\/10\/Claudio-Donati-Assotir.jpg\" alt=\"\" width=\"243\" height=\"300\" \/><\/a><figcaption id=\"caption-attachment-108913\" class=\"wp-caption-text\">Claudio Donati &#8211; Assotir<\/figcaption><\/figure>\n<p><em>&#8220;L&#8217;Italia \u00e8 il fanalino di coda in Europa per et\u00e0 media dei mezzi (ben 13,5 anni). Servono nuovi investimenti e una politica lungimirante che non sia fatta di slogan e propaganda&#8221; sottolinea Claudio Donati, Segretario Generale di Assotir<\/em><\/p>\n<p><em>Il recente dibattito provocato dalla bozza di decreto-legge &#8220;salva ambiente&#8221; presentata alla Presidenza del Consiglio dei Ministri, nei primi giorni di ottobre, poi di fatto espunta, a causa delle molteplici proteste pervenute da parte di pi\u00f9 settori della societ\u00e0, ha posto nuovamente l&#8217;autotrasporto sul banco degli imputati, ritenuto dai pi\u00f9 come il principale &#8220;soggetto inquinatore&#8221;.<\/em><\/p>\n<p>Il tema della lotta all&#8217;inquinamento per fronteggiare i cambiamenti climatici \u00e8 estremamente complesso e delicato. Per affrontarlo seriamente serve dunque una riflessione seria con solide basi tecniche e con competenze precise sulla sostenibilit\u00e0 socio-economica, che permetta un pieno coinvolgimento di tutti gli attori; deve essere invece evitata la via della propaganda semplicistica e la politica basata sugli slogan.<\/p>\n<p>&#8220;Una prima distinzione utile per una corretta impostazione dell&#8217;argomento si rinviene tra il concetto di inquinamento atmosferico (prodotto essenzialmente dalle polveri sottili) e quello di Riscaldamento Globale (dovuto dall&#8217;aumento della CO2 immessa in atmosfera) &#8211; sottolinea il Segretario Generale di Assotir Claudio Donati. \u2013 Per quanto riguarda gli effetti sul riscaldamento globale, la tecnologia non offre ancora soluzioni pi\u00f9 sostenibili alternative a quelle esistenti. Anche i mezzi elettrici non sono al momento utilizzabili nel settore dei veicoli pesanti. Quindi, per il momento, sarebbe molto pi\u00f9 ragionevole concentrare l&#8217;attenzione sulla riduzione, fino alla completa eliminazione, delle polveri sottili emesse dai motori per autotrazione&#8221;.<\/p>\n<p><strong>Un parco mezzi vecchio e obsoleto<\/strong><\/p>\n<p>Il contrasto all&#8217;inquinamento atmosferico necessita di misure significative, che dovrebbero partire da un progressivo e radicale, rinnovo del parco veicolare italiano. L&#8217;Italia, infatti, \u00e8 il fanalino di coda in Europa per et\u00e0 media dei mezzi (ben 13,5 anni). Per raggiungere l&#8217;obiettivo di eliminare dal mercato i veicoli pi\u00f9 inquinanti occorrerebbe uno sforzo economico rilevante, sia da parte delle imprese di autotrasporto sia da parte dello Stato: un investimento complessivo dai 30 ai 50 miliardi di euro.<\/p>\n<p>&#8220;Il parco veicolare italiano dei mezzi pesanti, inclusi anche i veicoli per il trasporto di persone, \u00e8 costituito da circa 5 milioni di unit\u00e0 \u2013 spiega la Presidente Nazionale di Assotir Anna Vita Manigrasso. &#8211; Di questi, solo \u00bc riguarda il trasporto professionale (cio\u00e8, il trasporto di merci per conto di terzi) e per ben \u00be si tratta di veicoli che trasportano merci in conto proprio (veicoli, cio\u00e8, di propriet\u00e0 di aziende industriali, commerciali, agricole, ecc, utilizzati per il trasporto esclusivo di merce di produzione o, comunque, attinente alle specifiche attivit\u00e0 aziendali). Per trasportare la medesima quantit\u00e0 di merce attualmente trasportata dai veicoli in conto proprio sarebbe necessaria, in via teorica, una capacit\u00e0 di carico corrispondente ad appena la met\u00e0 dei veicoli oggi impiegati. Ecco perch\u00e9 sarebbe opportuno pensare a una riorganizzazione e razionalizzazione del trasporto in conto proprio, con l&#8217;obiettivo di trasportare la stessa quantit\u00e0 di merce con un numero di mezzi abbondantemente inferiore. In tal modo si andrebbe ad incidere in maniera significativa sul volume del parco circolante e, quindi, sull&#8217;inquinamento ad esso dovuto&#8221;.<\/p>\n<p><strong>Il tema del gasolio<\/strong><\/p>\n<p>Meno mezzi inquinanti in circolazione ed efficientamento del trasporto in conto terzi sono quindi le ricette avanzate da Assotir, che non si sottrae neppure ad affrontare il tema del gasolio.<\/p>\n<p>Il gasolio per autotrazione in Italia \u00e8 uno dei pi\u00f9 cari d&#8217;Europa (siamo terzi, dopo Svezia e Regno Unito). Nonostante la riduzione dell&#8217;accisa di 0,2142 centesimi al litro, che viene riconosciuta a tutti i mezzi pesanti superiori alle 7,5 tonnellate e di categoria Euro 3 e superiore, il costo del gasolio resta sempre tra i pi\u00f9 elevati a livello europeo. Considerando, inoltre, che su ogni euro di spesa destinato al suo acquisto 60 centesimi (tra IVA e accise) vanno allo Stato, ogni ipotesi di taglio lineare delle attuali riduzioni sulle accise, che colpisse in maniera indifferenziata tutto il parco veicolare, appare quanto mai controproducente, sia sotto il profilo ambientale, sia sotto l&#8217;aspetto economico.<\/p>\n<p>&#8220;Porre sullo stesso piano veicoli appartenenti a classi ecologiche diverse produrrebbe un effetto paradossale, dal punto di vista del contrasto all&#8217;inquinamento, poich\u00e9 si finirebbe per penalizzare i veicoli meno inquinati (Euro 6) rispetto ai veicoli pi\u00f9 inquinati (Euro3). \u2013 afferma il Segretario Nazionale Assotir Claudio Donati. \u2013 Inoltre, eventuali ulteriori aggravi di costi sul gasolio spingerebbero i vettori ad approvvigionarsi mediante gasolio proveniente dall&#8217;estero (spesso in maniera illegale), stimato gi\u00e0 oggi, in via del tutto prudenziale, intorno al 10% dell&#8217;intero gasolio consumato in Italia o, per chi ne avesse l&#8217;opportunit\u00e0 (ad esempio, le imprese italiane ubicate vicino ai confini settentrionali), andando a fare rifornimento di carburante oltre confine, dove il costo del gasolio \u00e8 molto pi\u00f9 basso che in Italia&#8221;.<\/p>\n<p>&#8220;Tutti questi temi &#8211; aggiunge Anna Vita Manigrasso, Presidente Assotir &#8211; nonostante al momento possano sembrare accantonati, sono destinati a tornare centrali nel dibattito politico. \u00c8 infatti assai probabile che vengano reintrodotti nella fase di definizione della manovra finanziaria per il 2020. Noi siamo pronti al confronto, che, anzi, auspichiamo. Non pretendiamo di avere la verit\u00e0 in tasca, ma rivendichiamo il diritto ad avere un confronto serio, al cui interno esprimere il nostro punto di vista&#8221;.<\/p>","protected":false},"excerpt":{"rendered":"<p>&#8220;L&#8217;Italia \u00e8 il fanalino di coda in Europa per et\u00e0 media dei mezzi (ben 13,5 anni). Servono nuovi investimenti e una politica lungimirante che non sia fatta di slogan e propaganda&#8221; sottolinea Claudio Donati, Segretario Generale di Assotir Il recente dibattito provocato dalla bozza di decreto-legge &#8220;salva ambiente&#8221; presentata alla Presidenza del Consiglio dei Ministri, [&hellip;]<\/p>\n","protected":false},"author":2,"featured_media":0,"comment_status":"closed","ping_status":"open","sticky":false,"template":"","format":"standard","meta":{"footnotes":""},"categories":[36,26],"tags":[],"class_list":["post-108912","post","type-post","status-publish","format-standard","category-lavoro-economia","category-prima-pagina"],"yoast_head":"<!-- This site is optimized with the Yoast SEO plugin v28.4 - https:\/\/yoast.com\/product\/yoast-seo-wordpress\/ -->\n<title>Donati (Assotir): L&#039;autotrasporto non \u00e8 la principale causa di inquinamento. Ma servono azioni decise per favorire la modernizzazione del settore - Bellunopress - Dolomiti<\/title>\n<meta name=\"robots\" content=\"index, follow, max-snippet:-1, max-image-preview:large, max-video-preview:-1\" \/>\n<link rel=\"canonical\" href=\"https:\/\/www.bellunopress.it\/fr\/2019\/10\/21\/donati-assotir-lautotrasporto-non-e-la-principale-causa-di-inquinamento-ma-servono-azioni-decise-per-favorire-la-modernizzazione-del-settore\/\" \/>\n<meta property=\"og:locale\" content=\"fr_FR\" \/>\n<meta property=\"og:type\" content=\"article\" \/>\n<meta property=\"og:title\" content=\"Donati (Assotir): L&#039;autotrasporto non \u00e8 la principale causa di inquinamento. Ma servono azioni decise per favorire la modernizzazione del settore - Bellunopress - Dolomiti\" \/>\n<meta property=\"og:description\" content=\"&#8220;L&#8217;Italia \u00e8 il fanalino di coda in Europa per et\u00e0 media dei mezzi (ben 13,5 anni). Servono nuovi investimenti e una politica lungimirante che non sia fatta di slogan e propaganda&#8221; sottolinea Claudio Donati, Segretario Generale di Assotir Il recente dibattito provocato dalla bozza di decreto-legge &#8220;salva ambiente&#8221; presentata alla Presidenza del Consiglio dei Ministri, [&hellip;]\" \/>\n<meta property=\"og:url\" content=\"https:\/\/www.bellunopress.it\/fr\/2019\/10\/21\/donati-assotir-lautotrasporto-non-e-la-principale-causa-di-inquinamento-ma-servono-azioni-decise-per-favorire-la-modernizzazione-del-settore\/\" \/>\n<meta property=\"og:site_name\" content=\"Bellunopress - Dolomiti\" \/>\n<meta property=\"article:publisher\" content=\"https:\/\/www.facebook.com\/profile.php?id=100008943462799\" \/>\n<meta property=\"article:published_time\" content=\"2019-10-21T10:57:57+00:00\" \/>\n<meta property=\"article:modified_time\" content=\"2019-10-21T12:34:04+00:00\" \/>\n<meta property=\"og:image\" content=\"http:\/\/www.bellunopress.it\/wp-content\/uploads\/2019\/10\/Claudio-Donati-Assotir.jpg\" \/>\n<meta name=\"author\" content=\"redazione\" \/>\n<meta name=\"twitter:card\" content=\"summary_large_image\" \/>\n<meta name=\"twitter:creator\" content=\"@bellunopress\" \/>\n<meta name=\"twitter:site\" content=\"@bellunopress\" \/>\n<meta name=\"twitter:label1\" content=\"\u00c9crit par\" \/>\n\t<meta name=\"twitter:data1\" content=\"redazione\" \/>\n\t<meta name=\"twitter:label2\" content=\"Dur\u00e9e de lecture estim\u00e9e\" \/>\n\t<meta name=\"twitter:data2\" content=\"4 minutes\" \/>\n<script type=\"application\/ld+json\" class=\"yoast-schema-graph\">{\"@context\":\"https:\\\/\\\/schema.org\",\"@graph\":[{\"@type\":\"Article\",\"@id\":\"https:\\\/\\\/www.bellunopress.it\\\/2019\\\/10\\\/21\\\/donati-assotir-lautotrasporto-non-e-la-principale-causa-di-inquinamento-ma-servono-azioni-decise-per-favorire-la-modernizzazione-del-settore\\\/#article\",\"isPartOf\":{\"@id\":\"https:\\\/\\\/www.bellunopress.it\\\/2019\\\/10\\\/21\\\/donati-assotir-lautotrasporto-non-e-la-principale-causa-di-inquinamento-ma-servono-azioni-decise-per-favorire-la-modernizzazione-del-settore\\\/\"},\"author\":{\"name\":\"redazione\",\"@id\":\"https:\\\/\\\/www.bellunopress.it\\\/#\\\/schema\\\/person\\\/79bb06722b37ece1c03d3e94beb30d73\"},\"headline\":\"Donati (Assotir): L&#8217;autotrasporto non \u00e8 la principale causa di inquinamento. Ma servono azioni decise per favorire la modernizzazione del settore\",\"datePublished\":\"2019-10-21T10:57:57+00:00\",\"dateModified\":\"2019-10-21T12:34:04+00:00\",\"mainEntityOfPage\":{\"@id\":\"https:\\\/\\\/www.bellunopress.it\\\/2019\\\/10\\\/21\\\/donati-assotir-lautotrasporto-non-e-la-principale-causa-di-inquinamento-ma-servono-azioni-decise-per-favorire-la-modernizzazione-del-settore\\\/\"},\"wordCount\":878,\"publisher\":{\"@id\":\"https:\\\/\\\/www.bellunopress.it\\\/#organization\"},\"image\":{\"@id\":\"https:\\\/\\\/www.bellunopress.it\\\/2019\\\/10\\\/21\\\/donati-assotir-lautotrasporto-non-e-la-principale-causa-di-inquinamento-ma-servono-azioni-decise-per-favorire-la-modernizzazione-del-settore\\\/#primaryimage\"},\"thumbnailUrl\":\"http:\\\/\\\/www.bellunopress.it\\\/wp-content\\\/uploads\\\/2019\\\/10\\\/Claudio-Donati-Assotir.jpg\",\"articleSection\":[\"Lavoro, Economia, Turismo\",\"Prima Pagina\"],\"inLanguage\":\"fr-FR\"},{\"@type\":\"WebPage\",\"@id\":\"https:\\\/\\\/www.bellunopress.it\\\/2019\\\/10\\\/21\\\/donati-assotir-lautotrasporto-non-e-la-principale-causa-di-inquinamento-ma-servono-azioni-decise-per-favorire-la-modernizzazione-del-settore\\\/\",\"url\":\"https:\\\/\\\/www.bellunopress.it\\\/2019\\\/10\\\/21\\\/donati-assotir-lautotrasporto-non-e-la-principale-causa-di-inquinamento-ma-servono-azioni-decise-per-favorire-la-modernizzazione-del-settore\\\/\",\"name\":\"Donati (Assotir): L'autotrasporto non \u00e8 la principale causa di inquinamento. Ma servono azioni decise per favorire la modernizzazione del settore - Bellunopress - Dolomiti\",\"isPartOf\":{\"@id\":\"https:\\\/\\\/www.bellunopress.it\\\/#website\"},\"primaryImageOfPage\":{\"@id\":\"https:\\\/\\\/www.bellunopress.it\\\/2019\\\/10\\\/21\\\/donati-assotir-lautotrasporto-non-e-la-principale-causa-di-inquinamento-ma-servono-azioni-decise-per-favorire-la-modernizzazione-del-settore\\\/#primaryimage\"},\"image\":{\"@id\":\"https:\\\/\\\/www.bellunopress.it\\\/2019\\\/10\\\/21\\\/donati-assotir-lautotrasporto-non-e-la-principale-causa-di-inquinamento-ma-servono-azioni-decise-per-favorire-la-modernizzazione-del-settore\\\/#primaryimage\"},\"thumbnailUrl\":\"http:\\\/\\\/www.bellunopress.it\\\/wp-content\\\/uploads\\\/2019\\\/10\\\/Claudio-Donati-Assotir.jpg\",\"datePublished\":\"2019-10-21T10:57:57+00:00\",\"dateModified\":\"2019-10-21T12:34:04+00:00\",\"breadcrumb\":{\"@id\":\"https:\\\/\\\/www.bellunopress.it\\\/2019\\\/10\\\/21\\\/donati-assotir-lautotrasporto-non-e-la-principale-causa-di-inquinamento-ma-servono-azioni-decise-per-favorire-la-modernizzazione-del-settore\\\/#breadcrumb\"},\"inLanguage\":\"fr-FR\",\"potentialAction\":[{\"@type\":\"ReadAction\",\"target\":[\"https:\\\/\\\/www.bellunopress.it\\\/2019\\\/10\\\/21\\\/donati-assotir-lautotrasporto-non-e-la-principale-causa-di-inquinamento-ma-servono-azioni-decise-per-favorire-la-modernizzazione-del-settore\\\/\"]}]},{\"@type\":\"ImageObject\",\"inLanguage\":\"fr-FR\",\"@id\":\"https:\\\/\\\/www.bellunopress.it\\\/2019\\\/10\\\/21\\\/donati-assotir-lautotrasporto-non-e-la-principale-causa-di-inquinamento-ma-servono-azioni-decise-per-favorire-la-modernizzazione-del-settore\\\/#primaryimage\",\"url\":\"http:\\\/\\\/www.bellunopress.it\\\/wp-content\\\/uploads\\\/2019\\\/10\\\/Claudio-Donati-Assotir.jpg\",\"contentUrl\":\"http:\\\/\\\/www.bellunopress.it\\\/wp-content\\\/uploads\\\/2019\\\/10\\\/Claudio-Donati-Assotir.jpg\"},{\"@type\":\"BreadcrumbList\",\"@id\":\"https:\\\/\\\/www.bellunopress.it\\\/2019\\\/10\\\/21\\\/donati-assotir-lautotrasporto-non-e-la-principale-causa-di-inquinamento-ma-servono-azioni-decise-per-favorire-la-modernizzazione-del-settore\\\/#breadcrumb\",\"itemListElement\":[{\"@type\":\"ListItem\",\"position\":1,\"name\":\"Home\",\"item\":\"https:\\\/\\\/www.bellunopress.it\\\/\"},{\"@type\":\"ListItem\",\"position\":2,\"name\":\"Donati (Assotir): L&#8217;autotrasporto non \u00e8 la principale causa di inquinamento. Ma servono azioni decise per favorire la modernizzazione del settore\"}]},{\"@type\":\"WebSite\",\"@id\":\"https:\\\/\\\/www.bellunopress.it\\\/#website\",\"url\":\"https:\\\/\\\/www.bellunopress.it\\\/\",\"name\":\"Bellunopress - Dolomiti\",\"description\":\"e-mail: redazione@bellunopress.it\",\"publisher\":{\"@id\":\"https:\\\/\\\/www.bellunopress.it\\\/#organization\"},\"potentialAction\":[{\"@type\":\"SearchAction\",\"target\":{\"@type\":\"EntryPoint\",\"urlTemplate\":\"https:\\\/\\\/www.bellunopress.it\\\/?s={search_term_string}\"},\"query-input\":{\"@type\":\"PropertyValueSpecification\",\"valueRequired\":true,\"valueName\":\"search_term_string\"}}],\"inLanguage\":\"fr-FR\"},{\"@type\":\"Organization\",\"@id\":\"https:\\\/\\\/www.bellunopress.it\\\/#organization\",\"name\":\"Bellunopress\",\"url\":\"https:\\\/\\\/www.bellunopress.it\\\/\",\"logo\":{\"@type\":\"ImageObject\",\"inLanguage\":\"fr-FR\",\"@id\":\"https:\\\/\\\/www.bellunopress.it\\\/#\\\/schema\\\/logo\\\/image\\\/\",\"url\":\"https:\\\/\\\/www.bellunopress.it\\\/wp-content\\\/uploads\\\/2011\\\/05\\\/cropped-logo-bellunopress-.jpg\",\"contentUrl\":\"https:\\\/\\\/www.bellunopress.it\\\/wp-content\\\/uploads\\\/2011\\\/05\\\/cropped-logo-bellunopress-.jpg\",\"width\":512,\"height\":512,\"caption\":\"Bellunopress\"},\"image\":{\"@id\":\"https:\\\/\\\/www.bellunopress.it\\\/#\\\/schema\\\/logo\\\/image\\\/\"},\"sameAs\":[\"https:\\\/\\\/www.facebook.com\\\/profile.php?id=100008943462799\",\"https:\\\/\\\/x.com\\\/bellunopress\",\"https:\\\/\\\/www.linkedin.com\\\/hp\\\/?dnr=JBzUWaJfMUw8vbXJJ2tVW5-I3jZKvC4wsoxE&amp;amp;amp;amp;amp;amp;trk=nav_responsive_tab_home\",\"https:\\\/\\\/www.youtube.com\\\/channel\\\/UCxL0wu1uN0_3_7hGG0306cw\"]},{\"@type\":\"Person\",\"@id\":\"https:\\\/\\\/www.bellunopress.it\\\/#\\\/schema\\\/person\\\/79bb06722b37ece1c03d3e94beb30d73\",\"name\":\"redazione\",\"image\":{\"@type\":\"ImageObject\",\"inLanguage\":\"fr-FR\",\"@id\":\"https:\\\/\\\/secure.gravatar.com\\\/avatar\\\/37d968a2e67a6fd04c169c4bdef102d0bc5d31b2546345219e348575eb80e9a0?s=96&d=mm&r=g\",\"url\":\"https:\\\/\\\/secure.gravatar.com\\\/avatar\\\/37d968a2e67a6fd04c169c4bdef102d0bc5d31b2546345219e348575eb80e9a0?s=96&d=mm&r=g\",\"contentUrl\":\"https:\\\/\\\/secure.gravatar.com\\\/avatar\\\/37d968a2e67a6fd04c169c4bdef102d0bc5d31b2546345219e348575eb80e9a0?s=96&d=mm&r=g\",\"caption\":\"redazione\"},\"sameAs\":[\"http:\\\/\\\/www.bellunopress.it\",\"https:\\\/\\\/x.com\\\/bellunopress\"],\"url\":\"https:\\\/\\\/www.bellunopress.it\\\/fr\\\/author\\\/redazione\\\/\"}]}<\/script>\n<!-- \/ Yoast SEO plugin. -->","yoast_head_json":{"title":"Donati (Assotir): L'autotrasporto non \u00e8 la principale causa di inquinamento. Ma servono azioni decise per favorire la modernizzazione del settore - Bellunopress - Dolomiti","robots":{"index":"index","follow":"follow","max-snippet":"max-snippet:-1","max-image-preview":"max-image-preview:large","max-video-preview":"max-video-preview:-1"},"canonical":"https:\/\/www.bellunopress.it\/fr\/2019\/10\/21\/donati-assotir-lautotrasporto-non-e-la-principale-causa-di-inquinamento-ma-servono-azioni-decise-per-favorire-la-modernizzazione-del-settore\/","og_locale":"fr_FR","og_type":"article","og_title":"Donati (Assotir): L'autotrasporto non \u00e8 la principale causa di inquinamento. Ma servono azioni decise per favorire la modernizzazione del settore - Bellunopress - Dolomiti","og_description":"&#8220;L&#8217;Italia \u00e8 il fanalino di coda in Europa per et\u00e0 media dei mezzi (ben 13,5 anni). Servono nuovi investimenti e una politica lungimirante che non sia fatta di slogan e propaganda&#8221; sottolinea Claudio Donati, Segretario Generale di Assotir Il recente dibattito provocato dalla bozza di decreto-legge &#8220;salva ambiente&#8221; presentata alla Presidenza del Consiglio dei Ministri, [&hellip;]","og_url":"https:\/\/www.bellunopress.it\/fr\/2019\/10\/21\/donati-assotir-lautotrasporto-non-e-la-principale-causa-di-inquinamento-ma-servono-azioni-decise-per-favorire-la-modernizzazione-del-settore\/","og_site_name":"Bellunopress - Dolomiti","article_publisher":"https:\/\/www.facebook.com\/profile.php?id=100008943462799","article_published_time":"2019-10-21T10:57:57+00:00","article_modified_time":"2019-10-21T12:34:04+00:00","og_image":[{"url":"http:\/\/www.bellunopress.it\/wp-content\/uploads\/2019\/10\/Claudio-Donati-Assotir.jpg","type":"","width":"","height":""}],"author":"redazione","twitter_card":"summary_large_image","twitter_creator":"@bellunopress","twitter_site":"@bellunopress","twitter_misc":{"\u00c9crit par":"redazione","Dur\u00e9e de lecture estim\u00e9e":"4 minutes"},"schema":{"@context":"https:\/\/schema.org","@graph":[{"@type":"Article","@id":"https:\/\/www.bellunopress.it\/2019\/10\/21\/donati-assotir-lautotrasporto-non-e-la-principale-causa-di-inquinamento-ma-servono-azioni-decise-per-favorire-la-modernizzazione-del-settore\/#article","isPartOf":{"@id":"https:\/\/www.bellunopress.it\/2019\/10\/21\/donati-assotir-lautotrasporto-non-e-la-principale-causa-di-inquinamento-ma-servono-azioni-decise-per-favorire-la-modernizzazione-del-settore\/"},"author":{"name":"redazione","@id":"https:\/\/www.bellunopress.it\/#\/schema\/person\/79bb06722b37ece1c03d3e94beb30d73"},"headline":"Donati (Assotir): L&#8217;autotrasporto non \u00e8 la principale causa di inquinamento. Ma servono azioni decise per favorire la modernizzazione del settore","datePublished":"2019-10-21T10:57:57+00:00","dateModified":"2019-10-21T12:34:04+00:00","mainEntityOfPage":{"@id":"https:\/\/www.bellunopress.it\/2019\/10\/21\/donati-assotir-lautotrasporto-non-e-la-principale-causa-di-inquinamento-ma-servono-azioni-decise-per-favorire-la-modernizzazione-del-settore\/"},"wordCount":878,"publisher":{"@id":"https:\/\/www.bellunopress.it\/#organization"},"image":{"@id":"https:\/\/www.bellunopress.it\/2019\/10\/21\/donati-assotir-lautotrasporto-non-e-la-principale-causa-di-inquinamento-ma-servono-azioni-decise-per-favorire-la-modernizzazione-del-settore\/#primaryimage"},"thumbnailUrl":"http:\/\/www.bellunopress.it\/wp-content\/uploads\/2019\/10\/Claudio-Donati-Assotir.jpg","articleSection":["Lavoro, Economia, Turismo","Prima Pagina"],"inLanguage":"fr-FR"},{"@type":"WebPage","@id":"https:\/\/www.bellunopress.it\/2019\/10\/21\/donati-assotir-lautotrasporto-non-e-la-principale-causa-di-inquinamento-ma-servono-azioni-decise-per-favorire-la-modernizzazione-del-settore\/","url":"https:\/\/www.bellunopress.it\/2019\/10\/21\/donati-assotir-lautotrasporto-non-e-la-principale-causa-di-inquinamento-ma-servono-azioni-decise-per-favorire-la-modernizzazione-del-settore\/","name":"Donati (Assotir): L'autotrasporto non \u00e8 la principale causa di inquinamento. Ma servono azioni decise per favorire la modernizzazione del settore - Bellunopress - Dolomiti","isPartOf":{"@id":"https:\/\/www.bellunopress.it\/#website"},"primaryImageOfPage":{"@id":"https:\/\/www.bellunopress.it\/2019\/10\/21\/donati-assotir-lautotrasporto-non-e-la-principale-causa-di-inquinamento-ma-servono-azioni-decise-per-favorire-la-modernizzazione-del-settore\/#primaryimage"},"image":{"@id":"https:\/\/www.bellunopress.it\/2019\/10\/21\/donati-assotir-lautotrasporto-non-e-la-principale-causa-di-inquinamento-ma-servono-azioni-decise-per-favorire-la-modernizzazione-del-settore\/#primaryimage"},"thumbnailUrl":"http:\/\/www.bellunopress.it\/wp-content\/uploads\/2019\/10\/Claudio-Donati-Assotir.jpg","datePublished":"2019-10-21T10:57:57+00:00","dateModified":"2019-10-21T12:34:04+00:00","breadcrumb":{"@id":"https:\/\/www.bellunopress.it\/2019\/10\/21\/donati-assotir-lautotrasporto-non-e-la-principale-causa-di-inquinamento-ma-servono-azioni-decise-per-favorire-la-modernizzazione-del-settore\/#breadcrumb"},"inLanguage":"fr-FR","potentialAction":[{"@type":"ReadAction","target":["https:\/\/www.bellunopress.it\/2019\/10\/21\/donati-assotir-lautotrasporto-non-e-la-principale-causa-di-inquinamento-ma-servono-azioni-decise-per-favorire-la-modernizzazione-del-settore\/"]}]},{"@type":"ImageObject","inLanguage":"fr-FR","@id":"https:\/\/www.bellunopress.it\/2019\/10\/21\/donati-assotir-lautotrasporto-non-e-la-principale-causa-di-inquinamento-ma-servono-azioni-decise-per-favorire-la-modernizzazione-del-settore\/#primaryimage","url":"http:\/\/www.bellunopress.it\/wp-content\/uploads\/2019\/10\/Claudio-Donati-Assotir.jpg","contentUrl":"http:\/\/www.bellunopress.it\/wp-content\/uploads\/2019\/10\/Claudio-Donati-Assotir.jpg"},{"@type":"BreadcrumbList","@id":"https:\/\/www.bellunopress.it\/2019\/10\/21\/donati-assotir-lautotrasporto-non-e-la-principale-causa-di-inquinamento-ma-servono-azioni-decise-per-favorire-la-modernizzazione-del-settore\/#breadcrumb","itemListElement":[{"@type":"ListItem","position":1,"name":"Home","item":"https:\/\/www.bellunopress.it\/"},{"@type":"ListItem","position":2,"name":"Donati (Assotir): L&#8217;autotrasporto non \u00e8 la principale causa di inquinamento. Ma servono azioni decise per favorire la modernizzazione del settore"}]},{"@type":"WebSite","@id":"https:\/\/www.bellunopress.it\/#website","url":"https:\/\/www.bellunopress.it\/","name":"Bellunopress - Dolomiti","description":"e-mail: redazione@bellunopress.it","publisher":{"@id":"https:\/\/www.bellunopress.it\/#organization"},"potentialAction":[{"@type":"SearchAction","target":{"@type":"EntryPoint","urlTemplate":"https:\/\/www.bellunopress.it\/?s={search_term_string}"},"query-input":{"@type":"PropertyValueSpecification","valueRequired":true,"valueName":"search_term_string"}}],"inLanguage":"fr-FR"},{"@type":"Organization","@id":"https:\/\/www.bellunopress.it\/#organization","name":"Bellunopress","url":"https:\/\/www.bellunopress.it\/","logo":{"@type":"ImageObject","inLanguage":"fr-FR","@id":"https:\/\/www.bellunopress.it\/#\/schema\/logo\/image\/","url":"https:\/\/www.bellunopress.it\/wp-content\/uploads\/2011\/05\/cropped-logo-bellunopress-.jpg","contentUrl":"https:\/\/www.bellunopress.it\/wp-content\/uploads\/2011\/05\/cropped-logo-bellunopress-.jpg","width":512,"height":512,"caption":"Bellunopress"},"image":{"@id":"https:\/\/www.bellunopress.it\/#\/schema\/logo\/image\/"},"sameAs":["https:\/\/www.facebook.com\/profile.php?id=100008943462799","https:\/\/x.com\/bellunopress","https:\/\/www.linkedin.com\/hp\/?dnr=JBzUWaJfMUw8vbXJJ2tVW5-I3jZKvC4wsoxE&amp;amp;amp;amp;amp;amp;trk=nav_responsive_tab_home","https:\/\/www.youtube.com\/channel\/UCxL0wu1uN0_3_7hGG0306cw"]},{"@type":"Person","@id":"https:\/\/www.bellunopress.it\/#\/schema\/person\/79bb06722b37ece1c03d3e94beb30d73","name":"r\u00e9daction","image":{"@type":"ImageObject","inLanguage":"fr-FR","@id":"https:\/\/secure.gravatar.com\/avatar\/37d968a2e67a6fd04c169c4bdef102d0bc5d31b2546345219e348575eb80e9a0?s=96&d=mm&r=g","url":"https:\/\/secure.gravatar.com\/avatar\/37d968a2e67a6fd04c169c4bdef102d0bc5d31b2546345219e348575eb80e9a0?s=96&d=mm&r=g","contentUrl":"https:\/\/secure.gravatar.com\/avatar\/37d968a2e67a6fd04c169c4bdef102d0bc5d31b2546345219e348575eb80e9a0?s=96&d=mm&r=g","caption":"redazione"},"sameAs":["http:\/\/www.bellunopress.it","https:\/\/x.com\/bellunopress"],"url":"https:\/\/www.bellunopress.it\/fr\/author\/redazione\/"}]}},"_links":{"self":[{"href":"https:\/\/www.bellunopress.it\/fr\/wp-json\/wp\/v2\/posts\/108912","targetHints":{"allow":["GET"]}}],"collection":[{"href":"https:\/\/www.bellunopress.it\/fr\/wp-json\/wp\/v2\/posts"}],"about":[{"href":"https:\/\/www.bellunopress.it\/fr\/wp-json\/wp\/v2\/types\/post"}],"author":[{"embeddable":true,"href":"https:\/\/www.bellunopress.it\/fr\/wp-json\/wp\/v2\/users\/2"}],"replies":[{"embeddable":true,"href":"https:\/\/www.bellunopress.it\/fr\/wp-json\/wp\/v2\/comments?post=108912"}],"version-history":[{"count":2,"href":"https:\/\/www.bellunopress.it\/fr\/wp-json\/wp\/v2\/posts\/108912\/revisions"}],"predecessor-version":[{"id":108915,"href":"https:\/\/www.bellunopress.it\/fr\/wp-json\/wp\/v2\/posts\/108912\/revisions\/108915"}],"wp:attachment":[{"href":"https:\/\/www.bellunopress.it\/fr\/wp-json\/wp\/v2\/media?parent=108912"}],"wp:term":[{"taxonomy":"category","embeddable":true,"href":"https:\/\/www.bellunopress.it\/fr\/wp-json\/wp\/v2\/categories?post=108912"},{"taxonomy":"post_tag","embeddable":true,"href":"https:\/\/www.bellunopress.it\/fr\/wp-json\/wp\/v2\/tags?post=108912"}],"curies":[{"name":"wp","href":"https:\/\/api.w.org\/{rel}","templated":true}]}}