{"id":108910,"date":"2019-10-20T22:18:15","date_gmt":"2019-10-20T20:18:15","guid":{"rendered":"http:\/\/www.bellunopress.it\/?p=108910"},"modified":"2019-10-20T22:18:15","modified_gmt":"2019-10-20T20:18:15","slug":"borgo-valbelluna-la-giunta-approva-i-lavori-alla-viabilita-forestale-in-loc-cordellon","status":"publish","type":"post","link":"https:\/\/www.bellunopress.it\/fr\/2019\/10\/20\/borgo-valbelluna-la-giunta-approva-i-lavori-alla-viabilita-forestale-in-loc-cordellon\/","title":{"rendered":"Borgo Valbelluna. La giunta approva i lavori alla viabilit\u00e0 Forestale in loc. Cordellon"},"content":{"rendered":"<figure id=\"attachment_35622\" aria-describedby=\"caption-attachment-35622\" style=\"width: 136px\" class=\"wp-caption alignleft\"><a href=\"http:\/\/www.bellunopress.it\/fr\/2012\/03\/06\/presentata-al-sindaco-di-mel-stefano-cesa-la-nuova-edizione-di-paginequi\/stefano-cesa\/\" rel=\"attachment wp-att-35622\"><img loading=\"lazy\" decoding=\"async\" class=\"size-full wp-image-35622\" src=\"http:\/\/www.bellunopress.it\/wp-content\/uploads\/2012\/03\/stefano-cesa.jpg\" alt=\"\" width=\"136\" height=\"150\" \/><\/a><figcaption id=\"caption-attachment-35622\" class=\"wp-caption-text\">Stefano Cesa, sindaco di Borgo Valbelluna<\/figcaption><\/figure>\n<p>Proseguono i lavori post Vaia nel comune di Borgo Valbelluna. La Giunta comunale ha approvato i lavori che verranno effettuati dalle squadre operaie dell\u2019Unione Montana Val Belluna secondo il progetto che prevede un intervento consistente di rifacimento dei muri di sottoscarpa e di consolidamento del fondo stradale di alcune strade utilizzate per l\u2019esbosco in localit\u00e0 Cordellon, Val Fontane e Val Pissador.<\/p>\n<p>\u201cL\u2019intervento partir\u00e0 dall\u2019abitato di Cordellon e riguarder\u00e0 la sistemazione e l\u2019adeguamento di un tracciato esistente, con l\u2019intento primario di garantire l\u2019idoneit\u00e0 a svolgere la funzione di viabilit\u00e0 di servizio alla gestione forestale nel momento cruciale in cui si rende necessario l\u2019asporto della significativa massa legnosa compromessa dalla tempesta. In quest\u2019ottica di urgenza \u00e8 indispensabile riportare la viabilit\u00e0 esistente ad un adeguato livello di funzionalit\u00e0\u201d afferma l\u2019assessore Martino Bernard. Gli interventi in progetto prevedono: la sistemazione della massicciata con scarifica del fondo stradale e la pavimentazione, la posa in opera di canalette caccia acqua, interventi di asportazione di materiali inerti con realizzazione di selciato per agevolare il deflusso delle acque; interventi volti a garantire un pi\u00f9 agevole transito dei mezzi meccanici ed un miglioramento della sicurezza attraverso guard-rail e allargamenti di alcuni tratti stradali; interventi sulle opere murarie realizzando muri ex novo di sostegno e risanando dei muri<br \/>\nesistenti.<\/p>\n<p>Il costo dei lavori sar\u00e0 di 150.000 euro totalmente finanziati dalle risorse messe a disposizione dalla gestione commissariale della Regione Veneto, istituita per il ripristino dei danni post Vaia.<\/p>","protected":false},"excerpt":{"rendered":"<p>Proseguono i lavori post Vaia nel comune di Borgo Valbelluna. La Giunta comunale ha approvato i lavori che verranno effettuati dalle squadre operaie dell\u2019Unione Montana Val Belluna secondo il progetto che prevede un intervento consistente di rifacimento dei muri di sottoscarpa e di consolidamento del fondo stradale di alcune strade utilizzate per l\u2019esbosco in localit\u00e0 [&hellip;]<\/p>\n","protected":false},"author":2,"featured_media":0,"comment_status":"closed","ping_status":"open","sticky":false,"template":"","format":"standard","meta":{"footnotes":""},"categories":[5,26],"tags":[],"class_list":["post-108910","post","type-post","status-publish","format-standard","category-cronaca","category-prima-pagina"],"yoast_head":"<!-- This site is optimized with the Yoast SEO plugin v28.4 - https:\/\/yoast.com\/product\/yoast-seo-wordpress\/ -->\n<title>Borgo Valbelluna. La giunta approva i lavori alla viabilit\u00e0 Forestale in loc. Cordellon - Bellunopress - Dolomiti<\/title>\n<meta name=\"robots\" content=\"index, follow, max-snippet:-1, max-image-preview:large, max-video-preview:-1\" \/>\n<link rel=\"canonical\" href=\"https:\/\/www.bellunopress.it\/fr\/2019\/10\/20\/borgo-valbelluna-la-giunta-approva-i-lavori-alla-viabilita-forestale-in-loc-cordellon\/\" \/>\n<meta property=\"og:locale\" content=\"fr_FR\" \/>\n<meta property=\"og:type\" content=\"article\" \/>\n<meta property=\"og:title\" content=\"Borgo Valbelluna. La giunta approva i lavori alla viabilit\u00e0 Forestale in loc. Cordellon - Bellunopress - Dolomiti\" \/>\n<meta property=\"og:description\" content=\"Proseguono i lavori post Vaia nel comune di Borgo Valbelluna. La Giunta comunale ha approvato i lavori che verranno effettuati dalle squadre operaie dell\u2019Unione Montana Val Belluna secondo il progetto che prevede un intervento consistente di rifacimento dei muri di sottoscarpa e di consolidamento del fondo stradale di alcune strade utilizzate per l\u2019esbosco in localit\u00e0 [&hellip;]\" \/>\n<meta property=\"og:url\" content=\"https:\/\/www.bellunopress.it\/fr\/2019\/10\/20\/borgo-valbelluna-la-giunta-approva-i-lavori-alla-viabilita-forestale-in-loc-cordellon\/\" \/>\n<meta property=\"og:site_name\" content=\"Bellunopress - Dolomiti\" \/>\n<meta property=\"article:publisher\" content=\"https:\/\/www.facebook.com\/profile.php?id=100008943462799\" \/>\n<meta property=\"article:published_time\" content=\"2019-10-20T20:18:15+00:00\" \/>\n<meta property=\"og:image\" content=\"http:\/\/www.bellunopress.it\/wp-content\/uploads\/2012\/03\/stefano-cesa.jpg\" \/>\n<meta name=\"author\" content=\"redazione\" \/>\n<meta name=\"twitter:card\" content=\"summary_large_image\" \/>\n<meta name=\"twitter:creator\" content=\"@bellunopress\" \/>\n<meta name=\"twitter:site\" content=\"@bellunopress\" \/>\n<meta name=\"twitter:label1\" content=\"\u00c9crit par\" \/>\n\t<meta name=\"twitter:data1\" content=\"redazione\" \/>\n\t<meta name=\"twitter:label2\" content=\"Dur\u00e9e de lecture estim\u00e9e\" \/>\n\t<meta name=\"twitter:data2\" content=\"1 minute\" \/>\n<script type=\"application\/ld+json\" class=\"yoast-schema-graph\">{\"@context\":\"https:\\\/\\\/schema.org\",\"@graph\":[{\"@type\":\"Article\",\"@id\":\"https:\\\/\\\/www.bellunopress.it\\\/2019\\\/10\\\/20\\\/borgo-valbelluna-la-giunta-approva-i-lavori-alla-viabilita-forestale-in-loc-cordellon\\\/#article\",\"isPartOf\":{\"@id\":\"https:\\\/\\\/www.bellunopress.it\\\/2019\\\/10\\\/20\\\/borgo-valbelluna-la-giunta-approva-i-lavori-alla-viabilita-forestale-in-loc-cordellon\\\/\"},\"author\":{\"name\":\"redazione\",\"@id\":\"https:\\\/\\\/www.bellunopress.it\\\/#\\\/schema\\\/person\\\/79bb06722b37ece1c03d3e94beb30d73\"},\"headline\":\"Borgo Valbelluna. La giunta approva i lavori alla viabilit\u00e0 Forestale in loc. Cordellon\",\"datePublished\":\"2019-10-20T20:18:15+00:00\",\"mainEntityOfPage\":{\"@id\":\"https:\\\/\\\/www.bellunopress.it\\\/2019\\\/10\\\/20\\\/borgo-valbelluna-la-giunta-approva-i-lavori-alla-viabilita-forestale-in-loc-cordellon\\\/\"},\"wordCount\":272,\"publisher\":{\"@id\":\"https:\\\/\\\/www.bellunopress.it\\\/#organization\"},\"image\":{\"@id\":\"https:\\\/\\\/www.bellunopress.it\\\/2019\\\/10\\\/20\\\/borgo-valbelluna-la-giunta-approva-i-lavori-alla-viabilita-forestale-in-loc-cordellon\\\/#primaryimage\"},\"thumbnailUrl\":\"http:\\\/\\\/www.bellunopress.it\\\/wp-content\\\/uploads\\\/2012\\\/03\\\/stefano-cesa.jpg\",\"articleSection\":[\"Cronaca\\\/Politica\",\"Prima Pagina\"],\"inLanguage\":\"fr-FR\"},{\"@type\":\"WebPage\",\"@id\":\"https:\\\/\\\/www.bellunopress.it\\\/2019\\\/10\\\/20\\\/borgo-valbelluna-la-giunta-approva-i-lavori-alla-viabilita-forestale-in-loc-cordellon\\\/\",\"url\":\"https:\\\/\\\/www.bellunopress.it\\\/2019\\\/10\\\/20\\\/borgo-valbelluna-la-giunta-approva-i-lavori-alla-viabilita-forestale-in-loc-cordellon\\\/\",\"name\":\"Borgo Valbelluna. La giunta approva i lavori alla viabilit\u00e0 Forestale in loc. Cordellon - Bellunopress - Dolomiti\",\"isPartOf\":{\"@id\":\"https:\\\/\\\/www.bellunopress.it\\\/#website\"},\"primaryImageOfPage\":{\"@id\":\"https:\\\/\\\/www.bellunopress.it\\\/2019\\\/10\\\/20\\\/borgo-valbelluna-la-giunta-approva-i-lavori-alla-viabilita-forestale-in-loc-cordellon\\\/#primaryimage\"},\"image\":{\"@id\":\"https:\\\/\\\/www.bellunopress.it\\\/2019\\\/10\\\/20\\\/borgo-valbelluna-la-giunta-approva-i-lavori-alla-viabilita-forestale-in-loc-cordellon\\\/#primaryimage\"},\"thumbnailUrl\":\"http:\\\/\\\/www.bellunopress.it\\\/wp-content\\\/uploads\\\/2012\\\/03\\\/stefano-cesa.jpg\",\"datePublished\":\"2019-10-20T20:18:15+00:00\",\"breadcrumb\":{\"@id\":\"https:\\\/\\\/www.bellunopress.it\\\/2019\\\/10\\\/20\\\/borgo-valbelluna-la-giunta-approva-i-lavori-alla-viabilita-forestale-in-loc-cordellon\\\/#breadcrumb\"},\"inLanguage\":\"fr-FR\",\"potentialAction\":[{\"@type\":\"ReadAction\",\"target\":[\"https:\\\/\\\/www.bellunopress.it\\\/2019\\\/10\\\/20\\\/borgo-valbelluna-la-giunta-approva-i-lavori-alla-viabilita-forestale-in-loc-cordellon\\\/\"]}]},{\"@type\":\"ImageObject\",\"inLanguage\":\"fr-FR\",\"@id\":\"https:\\\/\\\/www.bellunopress.it\\\/2019\\\/10\\\/20\\\/borgo-valbelluna-la-giunta-approva-i-lavori-alla-viabilita-forestale-in-loc-cordellon\\\/#primaryimage\",\"url\":\"http:\\\/\\\/www.bellunopress.it\\\/wp-content\\\/uploads\\\/2012\\\/03\\\/stefano-cesa.jpg\",\"contentUrl\":\"http:\\\/\\\/www.bellunopress.it\\\/wp-content\\\/uploads\\\/2012\\\/03\\\/stefano-cesa.jpg\"},{\"@type\":\"BreadcrumbList\",\"@id\":\"https:\\\/\\\/www.bellunopress.it\\\/2019\\\/10\\\/20\\\/borgo-valbelluna-la-giunta-approva-i-lavori-alla-viabilita-forestale-in-loc-cordellon\\\/#breadcrumb\",\"itemListElement\":[{\"@type\":\"ListItem\",\"position\":1,\"name\":\"Home\",\"item\":\"https:\\\/\\\/www.bellunopress.it\\\/\"},{\"@type\":\"ListItem\",\"position\":2,\"name\":\"Borgo Valbelluna. La giunta approva i lavori alla viabilit\u00e0 Forestale in loc. Cordellon\"}]},{\"@type\":\"WebSite\",\"@id\":\"https:\\\/\\\/www.bellunopress.it\\\/#website\",\"url\":\"https:\\\/\\\/www.bellunopress.it\\\/\",\"name\":\"Bellunopress - Dolomiti\",\"description\":\"e-mail: redazione@bellunopress.it\",\"publisher\":{\"@id\":\"https:\\\/\\\/www.bellunopress.it\\\/#organization\"},\"potentialAction\":[{\"@type\":\"SearchAction\",\"target\":{\"@type\":\"EntryPoint\",\"urlTemplate\":\"https:\\\/\\\/www.bellunopress.it\\\/?s={search_term_string}\"},\"query-input\":{\"@type\":\"PropertyValueSpecification\",\"valueRequired\":true,\"valueName\":\"search_term_string\"}}],\"inLanguage\":\"fr-FR\"},{\"@type\":\"Organization\",\"@id\":\"https:\\\/\\\/www.bellunopress.it\\\/#organization\",\"name\":\"Bellunopress\",\"url\":\"https:\\\/\\\/www.bellunopress.it\\\/\",\"logo\":{\"@type\":\"ImageObject\",\"inLanguage\":\"fr-FR\",\"@id\":\"https:\\\/\\\/www.bellunopress.it\\\/#\\\/schema\\\/logo\\\/image\\\/\",\"url\":\"https:\\\/\\\/www.bellunopress.it\\\/wp-content\\\/uploads\\\/2011\\\/05\\\/cropped-logo-bellunopress-.jpg\",\"contentUrl\":\"https:\\\/\\\/www.bellunopress.it\\\/wp-content\\\/uploads\\\/2011\\\/05\\\/cropped-logo-bellunopress-.jpg\",\"width\":512,\"height\":512,\"caption\":\"Bellunopress\"},\"image\":{\"@id\":\"https:\\\/\\\/www.bellunopress.it\\\/#\\\/schema\\\/logo\\\/image\\\/\"},\"sameAs\":[\"https:\\\/\\\/www.facebook.com\\\/profile.php?id=100008943462799\",\"https:\\\/\\\/x.com\\\/bellunopress\",\"https:\\\/\\\/www.linkedin.com\\\/hp\\\/?dnr=JBzUWaJfMUw8vbXJJ2tVW5-I3jZKvC4wsoxE&amp;amp;amp;amp;amp;amp;trk=nav_responsive_tab_home\",\"https:\\\/\\\/www.youtube.com\\\/channel\\\/UCxL0wu1uN0_3_7hGG0306cw\"]},{\"@type\":\"Person\",\"@id\":\"https:\\\/\\\/www.bellunopress.it\\\/#\\\/schema\\\/person\\\/79bb06722b37ece1c03d3e94beb30d73\",\"name\":\"redazione\",\"image\":{\"@type\":\"ImageObject\",\"inLanguage\":\"fr-FR\",\"@id\":\"https:\\\/\\\/secure.gravatar.com\\\/avatar\\\/37d968a2e67a6fd04c169c4bdef102d0bc5d31b2546345219e348575eb80e9a0?s=96&d=mm&r=g\",\"url\":\"https:\\\/\\\/secure.gravatar.com\\\/avatar\\\/37d968a2e67a6fd04c169c4bdef102d0bc5d31b2546345219e348575eb80e9a0?s=96&d=mm&r=g\",\"contentUrl\":\"https:\\\/\\\/secure.gravatar.com\\\/avatar\\\/37d968a2e67a6fd04c169c4bdef102d0bc5d31b2546345219e348575eb80e9a0?s=96&d=mm&r=g\",\"caption\":\"redazione\"},\"sameAs\":[\"http:\\\/\\\/www.bellunopress.it\",\"https:\\\/\\\/x.com\\\/bellunopress\"],\"url\":\"https:\\\/\\\/www.bellunopress.it\\\/fr\\\/author\\\/redazione\\\/\"}]}<\/script>\n<!-- \/ Yoast SEO plugin. -->","yoast_head_json":{"title":"Borgo Valbelluna. La giunta approva i lavori alla viabilit\u00e0 Forestale in loc. Cordellon - Bellunopress - Dolomiti","robots":{"index":"index","follow":"follow","max-snippet":"max-snippet:-1","max-image-preview":"max-image-preview:large","max-video-preview":"max-video-preview:-1"},"canonical":"https:\/\/www.bellunopress.it\/fr\/2019\/10\/20\/borgo-valbelluna-la-giunta-approva-i-lavori-alla-viabilita-forestale-in-loc-cordellon\/","og_locale":"fr_FR","og_type":"article","og_title":"Borgo Valbelluna. La giunta approva i lavori alla viabilit\u00e0 Forestale in loc. Cordellon - Bellunopress - Dolomiti","og_description":"Proseguono i lavori post Vaia nel comune di Borgo Valbelluna. La Giunta comunale ha approvato i lavori che verranno effettuati dalle squadre operaie dell\u2019Unione Montana Val Belluna secondo il progetto che prevede un intervento consistente di rifacimento dei muri di sottoscarpa e di consolidamento del fondo stradale di alcune strade utilizzate per l\u2019esbosco in localit\u00e0 [&hellip;]","og_url":"https:\/\/www.bellunopress.it\/fr\/2019\/10\/20\/borgo-valbelluna-la-giunta-approva-i-lavori-alla-viabilita-forestale-in-loc-cordellon\/","og_site_name":"Bellunopress - Dolomiti","article_publisher":"https:\/\/www.facebook.com\/profile.php?id=100008943462799","article_published_time":"2019-10-20T20:18:15+00:00","og_image":[{"url":"http:\/\/www.bellunopress.it\/wp-content\/uploads\/2012\/03\/stefano-cesa.jpg","type":"","width":"","height":""}],"author":"redazione","twitter_card":"summary_large_image","twitter_creator":"@bellunopress","twitter_site":"@bellunopress","twitter_misc":{"\u00c9crit par":"redazione","Dur\u00e9e de lecture estim\u00e9e":"1 minute"},"schema":{"@context":"https:\/\/schema.org","@graph":[{"@type":"Article","@id":"https:\/\/www.bellunopress.it\/2019\/10\/20\/borgo-valbelluna-la-giunta-approva-i-lavori-alla-viabilita-forestale-in-loc-cordellon\/#article","isPartOf":{"@id":"https:\/\/www.bellunopress.it\/2019\/10\/20\/borgo-valbelluna-la-giunta-approva-i-lavori-alla-viabilita-forestale-in-loc-cordellon\/"},"author":{"name":"redazione","@id":"https:\/\/www.bellunopress.it\/#\/schema\/person\/79bb06722b37ece1c03d3e94beb30d73"},"headline":"Borgo Valbelluna. La giunta approva i lavori alla viabilit\u00e0 Forestale in loc. Cordellon","datePublished":"2019-10-20T20:18:15+00:00","mainEntityOfPage":{"@id":"https:\/\/www.bellunopress.it\/2019\/10\/20\/borgo-valbelluna-la-giunta-approva-i-lavori-alla-viabilita-forestale-in-loc-cordellon\/"},"wordCount":272,"publisher":{"@id":"https:\/\/www.bellunopress.it\/#organization"},"image":{"@id":"https:\/\/www.bellunopress.it\/2019\/10\/20\/borgo-valbelluna-la-giunta-approva-i-lavori-alla-viabilita-forestale-in-loc-cordellon\/#primaryimage"},"thumbnailUrl":"http:\/\/www.bellunopress.it\/wp-content\/uploads\/2012\/03\/stefano-cesa.jpg","articleSection":["Cronaca\/Politica","Prima Pagina"],"inLanguage":"fr-FR"},{"@type":"WebPage","@id":"https:\/\/www.bellunopress.it\/2019\/10\/20\/borgo-valbelluna-la-giunta-approva-i-lavori-alla-viabilita-forestale-in-loc-cordellon\/","url":"https:\/\/www.bellunopress.it\/2019\/10\/20\/borgo-valbelluna-la-giunta-approva-i-lavori-alla-viabilita-forestale-in-loc-cordellon\/","name":"Borgo Valbelluna. La giunta approva i lavori alla viabilit\u00e0 Forestale in loc. Cordellon - Bellunopress - Dolomiti","isPartOf":{"@id":"https:\/\/www.bellunopress.it\/#website"},"primaryImageOfPage":{"@id":"https:\/\/www.bellunopress.it\/2019\/10\/20\/borgo-valbelluna-la-giunta-approva-i-lavori-alla-viabilita-forestale-in-loc-cordellon\/#primaryimage"},"image":{"@id":"https:\/\/www.bellunopress.it\/2019\/10\/20\/borgo-valbelluna-la-giunta-approva-i-lavori-alla-viabilita-forestale-in-loc-cordellon\/#primaryimage"},"thumbnailUrl":"http:\/\/www.bellunopress.it\/wp-content\/uploads\/2012\/03\/stefano-cesa.jpg","datePublished":"2019-10-20T20:18:15+00:00","breadcrumb":{"@id":"https:\/\/www.bellunopress.it\/2019\/10\/20\/borgo-valbelluna-la-giunta-approva-i-lavori-alla-viabilita-forestale-in-loc-cordellon\/#breadcrumb"},"inLanguage":"fr-FR","potentialAction":[{"@type":"ReadAction","target":["https:\/\/www.bellunopress.it\/2019\/10\/20\/borgo-valbelluna-la-giunta-approva-i-lavori-alla-viabilita-forestale-in-loc-cordellon\/"]}]},{"@type":"ImageObject","inLanguage":"fr-FR","@id":"https:\/\/www.bellunopress.it\/2019\/10\/20\/borgo-valbelluna-la-giunta-approva-i-lavori-alla-viabilita-forestale-in-loc-cordellon\/#primaryimage","url":"http:\/\/www.bellunopress.it\/wp-content\/uploads\/2012\/03\/stefano-cesa.jpg","contentUrl":"http:\/\/www.bellunopress.it\/wp-content\/uploads\/2012\/03\/stefano-cesa.jpg"},{"@type":"BreadcrumbList","@id":"https:\/\/www.bellunopress.it\/2019\/10\/20\/borgo-valbelluna-la-giunta-approva-i-lavori-alla-viabilita-forestale-in-loc-cordellon\/#breadcrumb","itemListElement":[{"@type":"ListItem","position":1,"name":"Home","item":"https:\/\/www.bellunopress.it\/"},{"@type":"ListItem","position":2,"name":"Borgo Valbelluna. La giunta approva i lavori alla viabilit\u00e0 Forestale in loc. Cordellon"}]},{"@type":"WebSite","@id":"https:\/\/www.bellunopress.it\/#website","url":"https:\/\/www.bellunopress.it\/","name":"Bellunopress - Dolomiti","description":"e-mail: redazione@bellunopress.it","publisher":{"@id":"https:\/\/www.bellunopress.it\/#organization"},"potentialAction":[{"@type":"SearchAction","target":{"@type":"EntryPoint","urlTemplate":"https:\/\/www.bellunopress.it\/?s={search_term_string}"},"query-input":{"@type":"PropertyValueSpecification","valueRequired":true,"valueName":"search_term_string"}}],"inLanguage":"fr-FR"},{"@type":"Organization","@id":"https:\/\/www.bellunopress.it\/#organization","name":"Bellunopress","url":"https:\/\/www.bellunopress.it\/","logo":{"@type":"ImageObject","inLanguage":"fr-FR","@id":"https:\/\/www.bellunopress.it\/#\/schema\/logo\/image\/","url":"https:\/\/www.bellunopress.it\/wp-content\/uploads\/2011\/05\/cropped-logo-bellunopress-.jpg","contentUrl":"https:\/\/www.bellunopress.it\/wp-content\/uploads\/2011\/05\/cropped-logo-bellunopress-.jpg","width":512,"height":512,"caption":"Bellunopress"},"image":{"@id":"https:\/\/www.bellunopress.it\/#\/schema\/logo\/image\/"},"sameAs":["https:\/\/www.facebook.com\/profile.php?id=100008943462799","https:\/\/x.com\/bellunopress","https:\/\/www.linkedin.com\/hp\/?dnr=JBzUWaJfMUw8vbXJJ2tVW5-I3jZKvC4wsoxE&amp;amp;amp;amp;amp;amp;trk=nav_responsive_tab_home","https:\/\/www.youtube.com\/channel\/UCxL0wu1uN0_3_7hGG0306cw"]},{"@type":"Person","@id":"https:\/\/www.bellunopress.it\/#\/schema\/person\/79bb06722b37ece1c03d3e94beb30d73","name":"r\u00e9daction","image":{"@type":"ImageObject","inLanguage":"fr-FR","@id":"https:\/\/secure.gravatar.com\/avatar\/37d968a2e67a6fd04c169c4bdef102d0bc5d31b2546345219e348575eb80e9a0?s=96&d=mm&r=g","url":"https:\/\/secure.gravatar.com\/avatar\/37d968a2e67a6fd04c169c4bdef102d0bc5d31b2546345219e348575eb80e9a0?s=96&d=mm&r=g","contentUrl":"https:\/\/secure.gravatar.com\/avatar\/37d968a2e67a6fd04c169c4bdef102d0bc5d31b2546345219e348575eb80e9a0?s=96&d=mm&r=g","caption":"redazione"},"sameAs":["http:\/\/www.bellunopress.it","https:\/\/x.com\/bellunopress"],"url":"https:\/\/www.bellunopress.it\/fr\/author\/redazione\/"}]}},"_links":{"self":[{"href":"https:\/\/www.bellunopress.it\/fr\/wp-json\/wp\/v2\/posts\/108910","targetHints":{"allow":["GET"]}}],"collection":[{"href":"https:\/\/www.bellunopress.it\/fr\/wp-json\/wp\/v2\/posts"}],"about":[{"href":"https:\/\/www.bellunopress.it\/fr\/wp-json\/wp\/v2\/types\/post"}],"author":[{"embeddable":true,"href":"https:\/\/www.bellunopress.it\/fr\/wp-json\/wp\/v2\/users\/2"}],"replies":[{"embeddable":true,"href":"https:\/\/www.bellunopress.it\/fr\/wp-json\/wp\/v2\/comments?post=108910"}],"version-history":[{"count":1,"href":"https:\/\/www.bellunopress.it\/fr\/wp-json\/wp\/v2\/posts\/108910\/revisions"}],"predecessor-version":[{"id":108911,"href":"https:\/\/www.bellunopress.it\/fr\/wp-json\/wp\/v2\/posts\/108910\/revisions\/108911"}],"wp:attachment":[{"href":"https:\/\/www.bellunopress.it\/fr\/wp-json\/wp\/v2\/media?parent=108910"}],"wp:term":[{"taxonomy":"category","embeddable":true,"href":"https:\/\/www.bellunopress.it\/fr\/wp-json\/wp\/v2\/categories?post=108910"},{"taxonomy":"post_tag","embeddable":true,"href":"https:\/\/www.bellunopress.it\/fr\/wp-json\/wp\/v2\/tags?post=108910"}],"curies":[{"name":"wp","href":"https:\/\/api.w.org\/{rel}","templated":true}]}}