{"id":10891,"date":"2009-12-21T21:12:08","date_gmt":"2009-12-21T20:12:08","guid":{"rendered":"http:\/\/www.bellunopress.it\/?p=10891"},"modified":"2009-12-21T21:12:08","modified_gmt":"2009-12-21T20:12:08","slug":"emozionateci-ancora-il-28-dicembre-allo-spes-arena-di-belluno","status":"publish","type":"post","link":"https:\/\/www.bellunopress.it\/fr\/2009\/12\/21\/emozionateci-ancora-il-28-dicembre-allo-spes-arena-di-belluno\/","title":{"rendered":"&#8220;Emozionateci Ancora&#8221; il 28 dicembre allo Spes Arena di Belluno"},"content":{"rendered":"<p><a href=\"http:\/\/www.bellunopress.it\/wp-content\/uploads\/2009\/12\/emozionateci-ancora.jpg\"><img loading=\"lazy\" decoding=\"async\" class=\"alignleft size-medium wp-image-10892\" title=\"emozionateci-ancora\" src=\"http:\/\/www.bellunopress.it\/wp-content\/uploads\/2009\/12\/emozionateci-ancora.jpg\" alt=\"\" width=\"270\" height=\"203\" \/><\/a>Tutto \u00e8 pronto per Emozionateci Ancora, l&#8217;evento organizzato dal Comune e dalla Provincia di Belluno per l&#8217;in bocca al lupo\u0094 agli atleti locali che si cimenteranno nelle prossime Olimpiadi di Vancouver 2010. L&#8217;appuntamento \u00e8 per il 28 dicembre prossimo, allo Spes Arena. La festa sar\u00e0 anticipata da una fiaccolata (a cui parteciperanno anche gli atleti) che inizier\u00e0 in piazza Duomo a Belluno e terminer\u00e0 allo Spes Arena. \u00abSar\u00e0 una grande manifestazione per l&#8217;\u0092intero territorio &#8211; ha commentato l&#8217;assessore provinciale allo Sport, Lorenza De Kunovich &#8211; . Vogliamo coinvolgere quante pi\u00f9 persone \u00e8 possibile, per far sentire il nostro abbraccio agli atleti che ci rappresenteranno ai prossimi Giochi invernali. Ci auguriamo una grande risposta da parte di tutti i bellunesi\u00bb. L&#8217;assessore comunale di comparto, Michele Carbogno, ha sottolineato la volont\u00e0 di \u00abuna festa in anticipo, a dare un grosso \u0093in bocca al lupo\u0094 ai nostri portabandiera. Per la gente, inoltre, uno stimolo in pi\u00f9 per seguire gli sport e gli atleti, che possono essere un ottimo esempio da seguire per i pi\u00f9 giovani\u00bb. Alla conferenza stampa era presente era presente Claudio Dalla Palma (CONI) ed anche anche Roberto Bortoluzzi, presidente regionale FISI, che ha ricordato come \u00abl&#8217;iniziativa ha avuto da subito il pieno appoggio della federazione, anche nazionale, visto che agli sportivi impegnati nelle prossime Olimpiadi si aggiungeranno anche coloro che hanno partecipato alle edizioni passate dei Giochi (circa novanta gli inviti spediti agli ex-atleti, ndr)\u00bb. \u00abQuesta serata sar\u00e0 anche un grande riconoscimento agli atleti pi\u00f9 anziani, che non devono essere dimenticati perch\u00e9 sono il nostro orgoglio bellunese &#8211; ha aggiunto Nadia Bortot della Federazione Italiana Sport Ghiaccio &#8211; . La Provincia ed il Comune hanno dimostrato un grande spirito ed una grande passione nell&#8217;\u0092organizzare questo evento e noi non possiamo che ringraziarli. Speriamo che la gente capisca il valore di questa operazione\u00bb. Per Federica Monti (FISI di Belluno), \u00absar\u00e0 l&#8217;occasione per grandi e piccini di incontrare gli atleti di spicco, che magari vedono solo in tiv\u00f9. Per tutti, il momento di dimostrare l&#8217;attaccamento allo sport e a chi lo rappresenta nella nostra terra\u00bb. \u00abSperiamo che questi ragazzi e queste ragazze che andranno a Vancouver possano davvero emozionarci, magari regalandoci la gioia di qualche medaglia al loro rientro a casa\u00bb, ha detto Enrico De Bona (Comunit\u00e0 Montana Belluno &#8211; Ponte nelle Alpi), a cui si \u00e8 aggiunto Giovanni Viel, cerimoniere della serata, che ha ricordato come \u00abi nostri atleti sono sempre stati motivo di orgoglio per lo sport anche a livello nazionale. Dobbiamo esserne fieri e questo appuntamento, che per la prima volta vede riunite le tre federazioni sportive, non pu\u00f2 che essere il miglior augurio\u00bb. \u00abAlla manifestazione non mancheranno gli atleti delle Paraolimpiadi &#8211; ha concluso Renzo Colle del C.I.P &#8211; . Invito quindi tutte le associazioni e tutti i cittadini della provincia di Belluno a non mancare all&#8217;\u0092appuntamento del prossimo 28 dicembre\u00bb.<\/p>","protected":false},"excerpt":{"rendered":"<p>Tutto \u00e8 pronto per Emozionateci Ancora, l&#8217;evento organizzato dal Comune e dalla Provincia di Belluno per l&#8217;in bocca al lupo\u0094 agli atleti locali che si cimenteranno nelle prossime Olimpiadi di Vancouver 2010. L&#8217;appuntamento \u00e8 per il 28 dicembre prossimo, allo Spes Arena. La festa sar\u00e0 anticipata da una fiaccolata (a cui parteciperanno anche gli atleti) [&hellip;]<\/p>\n","protected":false},"author":2,"featured_media":0,"comment_status":"closed","ping_status":"open","sticky":false,"template":"","format":"standard","meta":{"footnotes":""},"categories":[5,26,4],"tags":[139],"class_list":["post-10891","post","type-post","status-publish","format-standard","category-cronaca","category-prima-pagina","category-sport","tag-belluno"],"yoast_head":"<!-- This site is optimized with the Yoast SEO plugin v28.4 - https:\/\/yoast.com\/product\/yoast-seo-wordpress\/ -->\n<title>&quot;Emozionateci Ancora&quot; il 28 dicembre allo Spes Arena di Belluno - Bellunopress - Dolomiti<\/title>\n<meta name=\"robots\" content=\"index, follow, max-snippet:-1, max-image-preview:large, max-video-preview:-1\" \/>\n<link rel=\"canonical\" href=\"https:\/\/www.bellunopress.it\/fr\/2009\/12\/21\/emozionateci-ancora-il-28-dicembre-allo-spes-arena-di-belluno\/\" \/>\n<meta property=\"og:locale\" content=\"fr_FR\" \/>\n<meta property=\"og:type\" content=\"article\" \/>\n<meta property=\"og:title\" content=\"&quot;Emozionateci Ancora&quot; il 28 dicembre allo Spes Arena di Belluno - Bellunopress - Dolomiti\" \/>\n<meta property=\"og:description\" content=\"Tutto \u00e8 pronto per Emozionateci Ancora, l&#8217;evento organizzato dal Comune e dalla Provincia di Belluno per l&#8217;in bocca al lupo\u0094 agli atleti locali che si cimenteranno nelle prossime Olimpiadi di Vancouver 2010. L&#8217;appuntamento \u00e8 per il 28 dicembre prossimo, allo Spes Arena. La festa sar\u00e0 anticipata da una fiaccolata (a cui parteciperanno anche gli atleti) [&hellip;]\" \/>\n<meta property=\"og:url\" content=\"https:\/\/www.bellunopress.it\/fr\/2009\/12\/21\/emozionateci-ancora-il-28-dicembre-allo-spes-arena-di-belluno\/\" \/>\n<meta property=\"og:site_name\" content=\"Bellunopress - Dolomiti\" \/>\n<meta property=\"article:publisher\" content=\"https:\/\/www.facebook.com\/profile.php?id=100008943462799\" \/>\n<meta property=\"article:published_time\" content=\"2009-12-21T20:12:08+00:00\" \/>\n<meta property=\"og:image\" content=\"http:\/\/www.bellunopress.it\/wp-content\/uploads\/2009\/12\/emozionateci-ancora.jpg\" \/>\n<meta name=\"author\" content=\"redazione\" \/>\n<meta name=\"twitter:card\" content=\"summary_large_image\" \/>\n<meta name=\"twitter:creator\" content=\"@bellunopress\" \/>\n<meta name=\"twitter:site\" content=\"@bellunopress\" \/>\n<meta name=\"twitter:label1\" content=\"\u00c9crit par\" \/>\n\t<meta name=\"twitter:data1\" content=\"redazione\" \/>\n\t<meta name=\"twitter:label2\" content=\"Dur\u00e9e de lecture estim\u00e9e\" \/>\n\t<meta name=\"twitter:data2\" content=\"2 minutes\" \/>\n<script type=\"application\/ld+json\" class=\"yoast-schema-graph\">{\"@context\":\"https:\\\/\\\/schema.org\",\"@graph\":[{\"@type\":\"Article\",\"@id\":\"https:\\\/\\\/www.bellunopress.it\\\/2009\\\/12\\\/21\\\/emozionateci-ancora-il-28-dicembre-allo-spes-arena-di-belluno\\\/#article\",\"isPartOf\":{\"@id\":\"https:\\\/\\\/www.bellunopress.it\\\/2009\\\/12\\\/21\\\/emozionateci-ancora-il-28-dicembre-allo-spes-arena-di-belluno\\\/\"},\"author\":{\"name\":\"redazione\",\"@id\":\"https:\\\/\\\/www.bellunopress.it\\\/#\\\/schema\\\/person\\\/79bb06722b37ece1c03d3e94beb30d73\"},\"headline\":\"&#8220;Emozionateci Ancora&#8221; il 28 dicembre allo Spes Arena di Belluno\",\"datePublished\":\"2009-12-21T20:12:08+00:00\",\"mainEntityOfPage\":{\"@id\":\"https:\\\/\\\/www.bellunopress.it\\\/2009\\\/12\\\/21\\\/emozionateci-ancora-il-28-dicembre-allo-spes-arena-di-belluno\\\/\"},\"wordCount\":485,\"publisher\":{\"@id\":\"https:\\\/\\\/www.bellunopress.it\\\/#organization\"},\"image\":{\"@id\":\"https:\\\/\\\/www.bellunopress.it\\\/2009\\\/12\\\/21\\\/emozionateci-ancora-il-28-dicembre-allo-spes-arena-di-belluno\\\/#primaryimage\"},\"thumbnailUrl\":\"http:\\\/\\\/www.bellunopress.it\\\/wp-content\\\/uploads\\\/2009\\\/12\\\/emozionateci-ancora.jpg\",\"keywords\":[\"Belluno\"],\"articleSection\":[\"Cronaca\\\/Politica\",\"Prima Pagina\",\"Sport, tempo libero\"],\"inLanguage\":\"fr-FR\"},{\"@type\":\"WebPage\",\"@id\":\"https:\\\/\\\/www.bellunopress.it\\\/2009\\\/12\\\/21\\\/emozionateci-ancora-il-28-dicembre-allo-spes-arena-di-belluno\\\/\",\"url\":\"https:\\\/\\\/www.bellunopress.it\\\/2009\\\/12\\\/21\\\/emozionateci-ancora-il-28-dicembre-allo-spes-arena-di-belluno\\\/\",\"name\":\"\\\"Emozionateci Ancora\\\" il 28 dicembre allo Spes Arena di Belluno - Bellunopress - Dolomiti\",\"isPartOf\":{\"@id\":\"https:\\\/\\\/www.bellunopress.it\\\/#website\"},\"primaryImageOfPage\":{\"@id\":\"https:\\\/\\\/www.bellunopress.it\\\/2009\\\/12\\\/21\\\/emozionateci-ancora-il-28-dicembre-allo-spes-arena-di-belluno\\\/#primaryimage\"},\"image\":{\"@id\":\"https:\\\/\\\/www.bellunopress.it\\\/2009\\\/12\\\/21\\\/emozionateci-ancora-il-28-dicembre-allo-spes-arena-di-belluno\\\/#primaryimage\"},\"thumbnailUrl\":\"http:\\\/\\\/www.bellunopress.it\\\/wp-content\\\/uploads\\\/2009\\\/12\\\/emozionateci-ancora.jpg\",\"datePublished\":\"2009-12-21T20:12:08+00:00\",\"breadcrumb\":{\"@id\":\"https:\\\/\\\/www.bellunopress.it\\\/2009\\\/12\\\/21\\\/emozionateci-ancora-il-28-dicembre-allo-spes-arena-di-belluno\\\/#breadcrumb\"},\"inLanguage\":\"fr-FR\",\"potentialAction\":[{\"@type\":\"ReadAction\",\"target\":[\"https:\\\/\\\/www.bellunopress.it\\\/2009\\\/12\\\/21\\\/emozionateci-ancora-il-28-dicembre-allo-spes-arena-di-belluno\\\/\"]}]},{\"@type\":\"ImageObject\",\"inLanguage\":\"fr-FR\",\"@id\":\"https:\\\/\\\/www.bellunopress.it\\\/2009\\\/12\\\/21\\\/emozionateci-ancora-il-28-dicembre-allo-spes-arena-di-belluno\\\/#primaryimage\",\"url\":\"http:\\\/\\\/www.bellunopress.it\\\/wp-content\\\/uploads\\\/2009\\\/12\\\/emozionateci-ancora.jpg\",\"contentUrl\":\"http:\\\/\\\/www.bellunopress.it\\\/wp-content\\\/uploads\\\/2009\\\/12\\\/emozionateci-ancora.jpg\"},{\"@type\":\"BreadcrumbList\",\"@id\":\"https:\\\/\\\/www.bellunopress.it\\\/2009\\\/12\\\/21\\\/emozionateci-ancora-il-28-dicembre-allo-spes-arena-di-belluno\\\/#breadcrumb\",\"itemListElement\":[{\"@type\":\"ListItem\",\"position\":1,\"name\":\"Home\",\"item\":\"https:\\\/\\\/www.bellunopress.it\\\/\"},{\"@type\":\"ListItem\",\"position\":2,\"name\":\"&#8220;Emozionateci Ancora&#8221; il 28 dicembre allo Spes Arena di Belluno\"}]},{\"@type\":\"WebSite\",\"@id\":\"https:\\\/\\\/www.bellunopress.it\\\/#website\",\"url\":\"https:\\\/\\\/www.bellunopress.it\\\/\",\"name\":\"Bellunopress - Dolomiti\",\"description\":\"e-mail: redazione@bellunopress.it\",\"publisher\":{\"@id\":\"https:\\\/\\\/www.bellunopress.it\\\/#organization\"},\"potentialAction\":[{\"@type\":\"SearchAction\",\"target\":{\"@type\":\"EntryPoint\",\"urlTemplate\":\"https:\\\/\\\/www.bellunopress.it\\\/?s={search_term_string}\"},\"query-input\":{\"@type\":\"PropertyValueSpecification\",\"valueRequired\":true,\"valueName\":\"search_term_string\"}}],\"inLanguage\":\"fr-FR\"},{\"@type\":\"Organization\",\"@id\":\"https:\\\/\\\/www.bellunopress.it\\\/#organization\",\"name\":\"Bellunopress\",\"url\":\"https:\\\/\\\/www.bellunopress.it\\\/\",\"logo\":{\"@type\":\"ImageObject\",\"inLanguage\":\"fr-FR\",\"@id\":\"https:\\\/\\\/www.bellunopress.it\\\/#\\\/schema\\\/logo\\\/image\\\/\",\"url\":\"https:\\\/\\\/www.bellunopress.it\\\/wp-content\\\/uploads\\\/2011\\\/05\\\/cropped-logo-bellunopress-.jpg\",\"contentUrl\":\"https:\\\/\\\/www.bellunopress.it\\\/wp-content\\\/uploads\\\/2011\\\/05\\\/cropped-logo-bellunopress-.jpg\",\"width\":512,\"height\":512,\"caption\":\"Bellunopress\"},\"image\":{\"@id\":\"https:\\\/\\\/www.bellunopress.it\\\/#\\\/schema\\\/logo\\\/image\\\/\"},\"sameAs\":[\"https:\\\/\\\/www.facebook.com\\\/profile.php?id=100008943462799\",\"https:\\\/\\\/x.com\\\/bellunopress\",\"https:\\\/\\\/www.linkedin.com\\\/hp\\\/?dnr=JBzUWaJfMUw8vbXJJ2tVW5-I3jZKvC4wsoxE&amp;amp;amp;amp;amp;amp;trk=nav_responsive_tab_home\",\"https:\\\/\\\/www.youtube.com\\\/channel\\\/UCxL0wu1uN0_3_7hGG0306cw\"]},{\"@type\":\"Person\",\"@id\":\"https:\\\/\\\/www.bellunopress.it\\\/#\\\/schema\\\/person\\\/79bb06722b37ece1c03d3e94beb30d73\",\"name\":\"redazione\",\"image\":{\"@type\":\"ImageObject\",\"inLanguage\":\"fr-FR\",\"@id\":\"https:\\\/\\\/secure.gravatar.com\\\/avatar\\\/37d968a2e67a6fd04c169c4bdef102d0bc5d31b2546345219e348575eb80e9a0?s=96&d=mm&r=g\",\"url\":\"https:\\\/\\\/secure.gravatar.com\\\/avatar\\\/37d968a2e67a6fd04c169c4bdef102d0bc5d31b2546345219e348575eb80e9a0?s=96&d=mm&r=g\",\"contentUrl\":\"https:\\\/\\\/secure.gravatar.com\\\/avatar\\\/37d968a2e67a6fd04c169c4bdef102d0bc5d31b2546345219e348575eb80e9a0?s=96&d=mm&r=g\",\"caption\":\"redazione\"},\"sameAs\":[\"http:\\\/\\\/www.bellunopress.it\",\"https:\\\/\\\/x.com\\\/bellunopress\"],\"url\":\"https:\\\/\\\/www.bellunopress.it\\\/fr\\\/author\\\/redazione\\\/\"}]}<\/script>\n<!-- \/ Yoast SEO plugin. -->","yoast_head_json":{"title":"\"Emozionateci Ancora\" il 28 dicembre allo Spes Arena di Belluno - Bellunopress - Dolomiti","robots":{"index":"index","follow":"follow","max-snippet":"max-snippet:-1","max-image-preview":"max-image-preview:large","max-video-preview":"max-video-preview:-1"},"canonical":"https:\/\/www.bellunopress.it\/fr\/2009\/12\/21\/emozionateci-ancora-il-28-dicembre-allo-spes-arena-di-belluno\/","og_locale":"fr_FR","og_type":"article","og_title":"\"Emozionateci Ancora\" il 28 dicembre allo Spes Arena di Belluno - Bellunopress - Dolomiti","og_description":"Tutto \u00e8 pronto per Emozionateci Ancora, l&#8217;evento organizzato dal Comune e dalla Provincia di Belluno per l&#8217;in bocca al lupo\u0094 agli atleti locali che si cimenteranno nelle prossime Olimpiadi di Vancouver 2010. L&#8217;appuntamento \u00e8 per il 28 dicembre prossimo, allo Spes Arena. La festa sar\u00e0 anticipata da una fiaccolata (a cui parteciperanno anche gli atleti) [&hellip;]","og_url":"https:\/\/www.bellunopress.it\/fr\/2009\/12\/21\/emozionateci-ancora-il-28-dicembre-allo-spes-arena-di-belluno\/","og_site_name":"Bellunopress - Dolomiti","article_publisher":"https:\/\/www.facebook.com\/profile.php?id=100008943462799","article_published_time":"2009-12-21T20:12:08+00:00","og_image":[{"url":"http:\/\/www.bellunopress.it\/wp-content\/uploads\/2009\/12\/emozionateci-ancora.jpg","type":"","width":"","height":""}],"author":"redazione","twitter_card":"summary_large_image","twitter_creator":"@bellunopress","twitter_site":"@bellunopress","twitter_misc":{"\u00c9crit par":"redazione","Dur\u00e9e de lecture estim\u00e9e":"2 minutes"},"schema":{"@context":"https:\/\/schema.org","@graph":[{"@type":"Article","@id":"https:\/\/www.bellunopress.it\/2009\/12\/21\/emozionateci-ancora-il-28-dicembre-allo-spes-arena-di-belluno\/#article","isPartOf":{"@id":"https:\/\/www.bellunopress.it\/2009\/12\/21\/emozionateci-ancora-il-28-dicembre-allo-spes-arena-di-belluno\/"},"author":{"name":"redazione","@id":"https:\/\/www.bellunopress.it\/#\/schema\/person\/79bb06722b37ece1c03d3e94beb30d73"},"headline":"&#8220;Emozionateci Ancora&#8221; il 28 dicembre allo Spes Arena di Belluno","datePublished":"2009-12-21T20:12:08+00:00","mainEntityOfPage":{"@id":"https:\/\/www.bellunopress.it\/2009\/12\/21\/emozionateci-ancora-il-28-dicembre-allo-spes-arena-di-belluno\/"},"wordCount":485,"publisher":{"@id":"https:\/\/www.bellunopress.it\/#organization"},"image":{"@id":"https:\/\/www.bellunopress.it\/2009\/12\/21\/emozionateci-ancora-il-28-dicembre-allo-spes-arena-di-belluno\/#primaryimage"},"thumbnailUrl":"http:\/\/www.bellunopress.it\/wp-content\/uploads\/2009\/12\/emozionateci-ancora.jpg","keywords":["Belluno"],"articleSection":["Cronaca\/Politica","Prima Pagina","Sport, tempo libero"],"inLanguage":"fr-FR"},{"@type":"WebPage","@id":"https:\/\/www.bellunopress.it\/2009\/12\/21\/emozionateci-ancora-il-28-dicembre-allo-spes-arena-di-belluno\/","url":"https:\/\/www.bellunopress.it\/2009\/12\/21\/emozionateci-ancora-il-28-dicembre-allo-spes-arena-di-belluno\/","name":"\"Emozionateci Ancora\" il 28 dicembre allo Spes Arena di Belluno - Bellunopress - Dolomiti","isPartOf":{"@id":"https:\/\/www.bellunopress.it\/#website"},"primaryImageOfPage":{"@id":"https:\/\/www.bellunopress.it\/2009\/12\/21\/emozionateci-ancora-il-28-dicembre-allo-spes-arena-di-belluno\/#primaryimage"},"image":{"@id":"https:\/\/www.bellunopress.it\/2009\/12\/21\/emozionateci-ancora-il-28-dicembre-allo-spes-arena-di-belluno\/#primaryimage"},"thumbnailUrl":"http:\/\/www.bellunopress.it\/wp-content\/uploads\/2009\/12\/emozionateci-ancora.jpg","datePublished":"2009-12-21T20:12:08+00:00","breadcrumb":{"@id":"https:\/\/www.bellunopress.it\/2009\/12\/21\/emozionateci-ancora-il-28-dicembre-allo-spes-arena-di-belluno\/#breadcrumb"},"inLanguage":"fr-FR","potentialAction":[{"@type":"ReadAction","target":["https:\/\/www.bellunopress.it\/2009\/12\/21\/emozionateci-ancora-il-28-dicembre-allo-spes-arena-di-belluno\/"]}]},{"@type":"ImageObject","inLanguage":"fr-FR","@id":"https:\/\/www.bellunopress.it\/2009\/12\/21\/emozionateci-ancora-il-28-dicembre-allo-spes-arena-di-belluno\/#primaryimage","url":"http:\/\/www.bellunopress.it\/wp-content\/uploads\/2009\/12\/emozionateci-ancora.jpg","contentUrl":"http:\/\/www.bellunopress.it\/wp-content\/uploads\/2009\/12\/emozionateci-ancora.jpg"},{"@type":"BreadcrumbList","@id":"https:\/\/www.bellunopress.it\/2009\/12\/21\/emozionateci-ancora-il-28-dicembre-allo-spes-arena-di-belluno\/#breadcrumb","itemListElement":[{"@type":"ListItem","position":1,"name":"Home","item":"https:\/\/www.bellunopress.it\/"},{"@type":"ListItem","position":2,"name":"&#8220;Emozionateci Ancora&#8221; il 28 dicembre allo Spes Arena di Belluno"}]},{"@type":"WebSite","@id":"https:\/\/www.bellunopress.it\/#website","url":"https:\/\/www.bellunopress.it\/","name":"Bellunopress - Dolomiti","description":"e-mail: redazione@bellunopress.it","publisher":{"@id":"https:\/\/www.bellunopress.it\/#organization"},"potentialAction":[{"@type":"SearchAction","target":{"@type":"EntryPoint","urlTemplate":"https:\/\/www.bellunopress.it\/?s={search_term_string}"},"query-input":{"@type":"PropertyValueSpecification","valueRequired":true,"valueName":"search_term_string"}}],"inLanguage":"fr-FR"},{"@type":"Organization","@id":"https:\/\/www.bellunopress.it\/#organization","name":"Bellunopress","url":"https:\/\/www.bellunopress.it\/","logo":{"@type":"ImageObject","inLanguage":"fr-FR","@id":"https:\/\/www.bellunopress.it\/#\/schema\/logo\/image\/","url":"https:\/\/www.bellunopress.it\/wp-content\/uploads\/2011\/05\/cropped-logo-bellunopress-.jpg","contentUrl":"https:\/\/www.bellunopress.it\/wp-content\/uploads\/2011\/05\/cropped-logo-bellunopress-.jpg","width":512,"height":512,"caption":"Bellunopress"},"image":{"@id":"https:\/\/www.bellunopress.it\/#\/schema\/logo\/image\/"},"sameAs":["https:\/\/www.facebook.com\/profile.php?id=100008943462799","https:\/\/x.com\/bellunopress","https:\/\/www.linkedin.com\/hp\/?dnr=JBzUWaJfMUw8vbXJJ2tVW5-I3jZKvC4wsoxE&amp;amp;amp;amp;amp;amp;trk=nav_responsive_tab_home","https:\/\/www.youtube.com\/channel\/UCxL0wu1uN0_3_7hGG0306cw"]},{"@type":"Person","@id":"https:\/\/www.bellunopress.it\/#\/schema\/person\/79bb06722b37ece1c03d3e94beb30d73","name":"r\u00e9daction","image":{"@type":"ImageObject","inLanguage":"fr-FR","@id":"https:\/\/secure.gravatar.com\/avatar\/37d968a2e67a6fd04c169c4bdef102d0bc5d31b2546345219e348575eb80e9a0?s=96&d=mm&r=g","url":"https:\/\/secure.gravatar.com\/avatar\/37d968a2e67a6fd04c169c4bdef102d0bc5d31b2546345219e348575eb80e9a0?s=96&d=mm&r=g","contentUrl":"https:\/\/secure.gravatar.com\/avatar\/37d968a2e67a6fd04c169c4bdef102d0bc5d31b2546345219e348575eb80e9a0?s=96&d=mm&r=g","caption":"redazione"},"sameAs":["http:\/\/www.bellunopress.it","https:\/\/x.com\/bellunopress"],"url":"https:\/\/www.bellunopress.it\/fr\/author\/redazione\/"}]}},"_links":{"self":[{"href":"https:\/\/www.bellunopress.it\/fr\/wp-json\/wp\/v2\/posts\/10891","targetHints":{"allow":["GET"]}}],"collection":[{"href":"https:\/\/www.bellunopress.it\/fr\/wp-json\/wp\/v2\/posts"}],"about":[{"href":"https:\/\/www.bellunopress.it\/fr\/wp-json\/wp\/v2\/types\/post"}],"author":[{"embeddable":true,"href":"https:\/\/www.bellunopress.it\/fr\/wp-json\/wp\/v2\/users\/2"}],"replies":[{"embeddable":true,"href":"https:\/\/www.bellunopress.it\/fr\/wp-json\/wp\/v2\/comments?post=10891"}],"version-history":[{"count":1,"href":"https:\/\/www.bellunopress.it\/fr\/wp-json\/wp\/v2\/posts\/10891\/revisions"}],"predecessor-version":[{"id":10893,"href":"https:\/\/www.bellunopress.it\/fr\/wp-json\/wp\/v2\/posts\/10891\/revisions\/10893"}],"wp:attachment":[{"href":"https:\/\/www.bellunopress.it\/fr\/wp-json\/wp\/v2\/media?parent=10891"}],"wp:term":[{"taxonomy":"category","embeddable":true,"href":"https:\/\/www.bellunopress.it\/fr\/wp-json\/wp\/v2\/categories?post=10891"},{"taxonomy":"post_tag","embeddable":true,"href":"https:\/\/www.bellunopress.it\/fr\/wp-json\/wp\/v2\/tags?post=10891"}],"curies":[{"name":"wp","href":"https:\/\/api.w.org\/{rel}","templated":true}]}}