{"id":108908,"date":"2019-10-20T19:21:31","date_gmt":"2019-10-20T17:21:31","guid":{"rendered":"http:\/\/www.bellunopress.it\/?p=108908"},"modified":"2019-10-20T19:21:31","modified_gmt":"2019-10-20T17:21:31","slug":"allunisono-di-feltre-nasce-jazzfood-serate-jazz-con-aperitivo-e-cena-sabato-il-taglio-del-nasto","status":"publish","type":"post","link":"https:\/\/www.bellunopress.it\/fr\/2019\/10\/20\/allunisono-di-feltre-nasce-jazzfood-serate-jazz-con-aperitivo-e-cena-sabato-il-taglio-del-nasto\/","title":{"rendered":"All&#8217;Unisono di Feltre nasce Jazz&#038;Food, serate jazz con aperitivo e cena. Sabato il taglio del nasto"},"content":{"rendered":"<p>Feltre &#8211; E\u2019 ai nastri di partenza la nuova stagione jazz dell\u2019 Unisono di Feltre. L\u2019edizione 2019 porta con s\u00e9 una novit\u00e0: il Centro di musica di Palazzo Guarnieri torna alla formula dell\u2019autentico jazzclub, dove i live dei grandi artisti erano seguiti da jam session, in un clima di festa e di condivisione artistica. Per questo il calendario in partenza vedr\u00e0 affiancarsi ad Unisono altre due realt\u00e0 del territorio, il locale Bandalarga e il sodalizio di chef creativi di \u201cFooding\u201d per un\u2019offerta completa dall\u2019aperitivo alla cena. Il taglio del nastro sar\u00e0 sabato 26 ottobre con il concerto del miglior chitarrista italiano, Sandro Gibellini, conteso dai divi americani del jazz nei loro tour in Italia.<\/p>\n<figure id=\"attachment_108260\" aria-describedby=\"caption-attachment-108260\" style=\"width: 300px\" class=\"wp-caption alignleft\"><a href=\"http:\/\/www.bellunopress.it\/fr\/2019\/09\/27\/le-18-sonate-di-shubert-domenica-ore-18-a-palazzo-guarnieri-di-feltre\/palazzo-guarnieri-feltre\/\" rel=\"attachment wp-att-108260\"><img loading=\"lazy\" decoding=\"async\" class=\"size-full wp-image-108260\" src=\"http:\/\/www.bellunopress.it\/wp-content\/uploads\/2019\/09\/Palazzo-Guarnieri-feltre.jpg\" alt=\"\" width=\"300\" height=\"179\" \/><\/a><figcaption id=\"caption-attachment-108260\" class=\"wp-caption-text\">Palazzo Guarnieri &#8211; Feltre<\/figcaption><\/figure>\n<p>Sar\u00e0 ugualmente la musica la vera protagonista della rassegna, che vedr\u00e0 ancora una volta Palazzo Guarnieri crocevia di scambi artistici e tappa prestigiosa per i musicisti pi\u00f9 rappresentativi della scena jazz italiana. Dal miglior chitarrista italiano alla creme dei pianisti jazz, sar\u00e0 un susseguirsi di grandi nomi e di concerti imperdibili. Ci sar\u00e0 posto anche per i talenti emergenti e per gli artisti locali, nel rispetto dello spirito di Unisono da sempre attento ai giovani e alla loro formazione.<\/p>\n<p>\u201cCinque importanti eventi concludono un anno ricco di concerti, festival e recording \u2013 annuncia il direttore artistico di Unisono, Nicol\u00f2 Ferrari Bravo -. Ci saranno due registrazioni dal vivo, una con Enrico Pieranunzi e una con Julian Oliver Mazzariello in piano solo, grandi protagonisti del pianismo jazz italiano. E poi l\u2019organ Trio di Sandro Gibellini, un mito della chitarra jazz, apprezzatissimo anche in ambito internazionale, e il trio del giovane talentuoso pianista Mos\u00e8 Andrich che suoner\u00e0 con il sassofonista Pasquale Innarella. Concluder\u00e0 l\u2019anno \u201cLost song\u201d, il progetto in duo di Francesco Bearzatti con Federico Casagrande. Cosa dire? Qualit\u00e0 altissima, porteremo a Feltre davvero quanto di meglio esprime oggi il jazz italiano\u201d.<\/p>\n<p>I concerti saranno nella Modern Hall al secondo piano del Palazzo e prenderanno il via alle 21.15. Ma la serata inizier\u00e0 molto prima. Dalle 17 il giardino e le sale del ristorante al piano terra si animeranno per l\u2019aperitivo con dj set con vinili. Dopo il concerto l\u2019atmosfera bohemiene proseguir\u00e0 sempre al piano terra con la jam session fino a tarda notte. Una proposta trasversale, insomma, fatta di eccellenza musicale e gastronomica. S\u00ec, perch\u00e8 Bandalarga e Fooding stanno studiando piatti e stuzzichini golosi e la carta dei vini riserver\u00e0 un ruolo da protagonisti alle etichette locali.<\/p>\n<p>\u201cSiamo entusiasti della collaborazione con Unisono \u2013 commenta Riccardo Cecchet, del Bandalarga -. Per le serate punteremo su vini di cantine locali associate al Consorzio Coste Feltrino e dalle 18 alle 21.30 ci sar\u00e0 un buffet. Il biglietto d\u2019ingresso al ristorante sar\u00e0 di 15 euro e dar\u00e0 diritto a due consumazioni e alla zona food. Conosciamo Nicol\u00f2 da molti anni e abbiamo sempre avuto il sogno di collaborare con lui, quest\u2019anno si \u00e8 presentata l\u2019occasione e l\u2019abbiamo colta al volo\u201d.<\/p>\n<p>Per restare aggiornato sulla rassegna visitare la pagina Facebook \u201cJazz&amp;Food Feltre\u201d.<br \/>\nInizio concerto \u201cSandro Gibellini Trio\u201d alle 21.15. Ticket su www.centrodimusicaunisono.com o la sera stessa. 15 euro + 3 prevendita, 20 euro la prima fila.<\/p>\n<p>Per la parte food e drink \u00e8 previsto un biglietto a parte, 15 euro comprensivi di buffet e due bibite.<\/p>","protected":false},"excerpt":{"rendered":"<p>Feltre &#8211; E\u2019 ai nastri di partenza la nuova stagione jazz dell\u2019 Unisono di Feltre. L\u2019edizione 2019 porta con s\u00e9 una novit\u00e0: il Centro di musica di Palazzo Guarnieri torna alla formula dell\u2019autentico jazzclub, dove i live dei grandi artisti erano seguiti da jam session, in un clima di festa e di condivisione artistica. Per [&hellip;]<\/p>\n","protected":false},"author":2,"featured_media":0,"comment_status":"closed","ping_status":"open","sticky":false,"template":"","format":"standard","meta":{"footnotes":""},"categories":[27,3,25],"tags":[],"class_list":["post-108908","post","type-post","status-publish","format-standard","category-appuntamenti","category-arte-cultura-spettacoli-scienza-archivi","category-pausa-caffe"],"yoast_head":"<!-- This site is optimized with the Yoast SEO plugin v28.4 - https:\/\/yoast.com\/product\/yoast-seo-wordpress\/ -->\n<title>All&#039;Unisono di Feltre nasce Jazz&amp;Food, serate jazz con aperitivo e cena. Sabato il taglio del nasto - Bellunopress - Dolomiti<\/title>\n<meta name=\"robots\" content=\"index, follow, max-snippet:-1, max-image-preview:large, max-video-preview:-1\" \/>\n<link rel=\"canonical\" href=\"https:\/\/www.bellunopress.it\/fr\/2019\/10\/20\/allunisono-di-feltre-nasce-jazzfood-serate-jazz-con-aperitivo-e-cena-sabato-il-taglio-del-nasto\/\" \/>\n<meta property=\"og:locale\" content=\"fr_FR\" \/>\n<meta property=\"og:type\" content=\"article\" \/>\n<meta property=\"og:title\" content=\"All&#039;Unisono di Feltre nasce Jazz&amp;Food, serate jazz con aperitivo e cena. Sabato il taglio del nasto - Bellunopress - Dolomiti\" \/>\n<meta property=\"og:description\" content=\"Feltre &#8211; E\u2019 ai nastri di partenza la nuova stagione jazz dell\u2019 Unisono di Feltre. L\u2019edizione 2019 porta con s\u00e9 una novit\u00e0: il Centro di musica di Palazzo Guarnieri torna alla formula dell\u2019autentico jazzclub, dove i live dei grandi artisti erano seguiti da jam session, in un clima di festa e di condivisione artistica. Per [&hellip;]\" \/>\n<meta property=\"og:url\" content=\"https:\/\/www.bellunopress.it\/fr\/2019\/10\/20\/allunisono-di-feltre-nasce-jazzfood-serate-jazz-con-aperitivo-e-cena-sabato-il-taglio-del-nasto\/\" \/>\n<meta property=\"og:site_name\" content=\"Bellunopress - Dolomiti\" \/>\n<meta property=\"article:publisher\" content=\"https:\/\/www.facebook.com\/profile.php?id=100008943462799\" \/>\n<meta property=\"article:published_time\" content=\"2019-10-20T17:21:31+00:00\" \/>\n<meta property=\"og:image\" content=\"http:\/\/www.bellunopress.it\/wp-content\/uploads\/2019\/09\/Palazzo-Guarnieri-feltre.jpg\" \/>\n<meta name=\"author\" content=\"redazione\" \/>\n<meta name=\"twitter:card\" content=\"summary_large_image\" \/>\n<meta name=\"twitter:creator\" content=\"@bellunopress\" \/>\n<meta name=\"twitter:site\" content=\"@bellunopress\" \/>\n<meta name=\"twitter:label1\" content=\"Written by\" \/>\n\t<meta name=\"twitter:data1\" content=\"redazione\" \/>\n\t<meta name=\"twitter:label2\" content=\"Est. reading time\" \/>\n\t<meta name=\"twitter:data2\" content=\"3 minutes\" \/>\n<script type=\"application\/ld+json\" class=\"yoast-schema-graph\">{\"@context\":\"https:\\\/\\\/schema.org\",\"@graph\":[{\"@type\":\"Article\",\"@id\":\"https:\\\/\\\/www.bellunopress.it\\\/2019\\\/10\\\/20\\\/allunisono-di-feltre-nasce-jazzfood-serate-jazz-con-aperitivo-e-cena-sabato-il-taglio-del-nasto\\\/#article\",\"isPartOf\":{\"@id\":\"https:\\\/\\\/www.bellunopress.it\\\/2019\\\/10\\\/20\\\/allunisono-di-feltre-nasce-jazzfood-serate-jazz-con-aperitivo-e-cena-sabato-il-taglio-del-nasto\\\/\"},\"author\":{\"name\":\"redazione\",\"@id\":\"https:\\\/\\\/www.bellunopress.it\\\/#\\\/schema\\\/person\\\/79bb06722b37ece1c03d3e94beb30d73\"},\"headline\":\"All&#8217;Unisono di Feltre nasce Jazz&#038;Food, serate jazz con aperitivo e cena. Sabato il taglio del nasto\",\"datePublished\":\"2019-10-20T17:21:31+00:00\",\"mainEntityOfPage\":{\"@id\":\"https:\\\/\\\/www.bellunopress.it\\\/2019\\\/10\\\/20\\\/allunisono-di-feltre-nasce-jazzfood-serate-jazz-con-aperitivo-e-cena-sabato-il-taglio-del-nasto\\\/\"},\"wordCount\":563,\"publisher\":{\"@id\":\"https:\\\/\\\/www.bellunopress.it\\\/#organization\"},\"image\":{\"@id\":\"https:\\\/\\\/www.bellunopress.it\\\/2019\\\/10\\\/20\\\/allunisono-di-feltre-nasce-jazzfood-serate-jazz-con-aperitivo-e-cena-sabato-il-taglio-del-nasto\\\/#primaryimage\"},\"thumbnailUrl\":\"http:\\\/\\\/www.bellunopress.it\\\/wp-content\\\/uploads\\\/2019\\\/09\\\/Palazzo-Guarnieri-feltre.jpg\",\"articleSection\":[\"Appuntamenti, Eventi\",\"Arte, Cultura, Spettacoli, Scienza\",\"Pausa Caff\u00e8\"],\"inLanguage\":\"fr-FR\"},{\"@type\":\"WebPage\",\"@id\":\"https:\\\/\\\/www.bellunopress.it\\\/2019\\\/10\\\/20\\\/allunisono-di-feltre-nasce-jazzfood-serate-jazz-con-aperitivo-e-cena-sabato-il-taglio-del-nasto\\\/\",\"url\":\"https:\\\/\\\/www.bellunopress.it\\\/2019\\\/10\\\/20\\\/allunisono-di-feltre-nasce-jazzfood-serate-jazz-con-aperitivo-e-cena-sabato-il-taglio-del-nasto\\\/\",\"name\":\"All'Unisono di Feltre nasce Jazz&Food, serate jazz con aperitivo e cena. Sabato il taglio del nasto - Bellunopress - Dolomiti\",\"isPartOf\":{\"@id\":\"https:\\\/\\\/www.bellunopress.it\\\/#website\"},\"primaryImageOfPage\":{\"@id\":\"https:\\\/\\\/www.bellunopress.it\\\/2019\\\/10\\\/20\\\/allunisono-di-feltre-nasce-jazzfood-serate-jazz-con-aperitivo-e-cena-sabato-il-taglio-del-nasto\\\/#primaryimage\"},\"image\":{\"@id\":\"https:\\\/\\\/www.bellunopress.it\\\/2019\\\/10\\\/20\\\/allunisono-di-feltre-nasce-jazzfood-serate-jazz-con-aperitivo-e-cena-sabato-il-taglio-del-nasto\\\/#primaryimage\"},\"thumbnailUrl\":\"http:\\\/\\\/www.bellunopress.it\\\/wp-content\\\/uploads\\\/2019\\\/09\\\/Palazzo-Guarnieri-feltre.jpg\",\"datePublished\":\"2019-10-20T17:21:31+00:00\",\"breadcrumb\":{\"@id\":\"https:\\\/\\\/www.bellunopress.it\\\/2019\\\/10\\\/20\\\/allunisono-di-feltre-nasce-jazzfood-serate-jazz-con-aperitivo-e-cena-sabato-il-taglio-del-nasto\\\/#breadcrumb\"},\"inLanguage\":\"fr-FR\",\"potentialAction\":[{\"@type\":\"ReadAction\",\"target\":[\"https:\\\/\\\/www.bellunopress.it\\\/2019\\\/10\\\/20\\\/allunisono-di-feltre-nasce-jazzfood-serate-jazz-con-aperitivo-e-cena-sabato-il-taglio-del-nasto\\\/\"]}]},{\"@type\":\"ImageObject\",\"inLanguage\":\"fr-FR\",\"@id\":\"https:\\\/\\\/www.bellunopress.it\\\/2019\\\/10\\\/20\\\/allunisono-di-feltre-nasce-jazzfood-serate-jazz-con-aperitivo-e-cena-sabato-il-taglio-del-nasto\\\/#primaryimage\",\"url\":\"http:\\\/\\\/www.bellunopress.it\\\/wp-content\\\/uploads\\\/2019\\\/09\\\/Palazzo-Guarnieri-feltre.jpg\",\"contentUrl\":\"http:\\\/\\\/www.bellunopress.it\\\/wp-content\\\/uploads\\\/2019\\\/09\\\/Palazzo-Guarnieri-feltre.jpg\"},{\"@type\":\"BreadcrumbList\",\"@id\":\"https:\\\/\\\/www.bellunopress.it\\\/2019\\\/10\\\/20\\\/allunisono-di-feltre-nasce-jazzfood-serate-jazz-con-aperitivo-e-cena-sabato-il-taglio-del-nasto\\\/#breadcrumb\",\"itemListElement\":[{\"@type\":\"ListItem\",\"position\":1,\"name\":\"Home\",\"item\":\"https:\\\/\\\/www.bellunopress.it\\\/\"},{\"@type\":\"ListItem\",\"position\":2,\"name\":\"All&#8217;Unisono di Feltre nasce Jazz&#038;Food, serate jazz con aperitivo e cena. Sabato il taglio del nasto\"}]},{\"@type\":\"WebSite\",\"@id\":\"https:\\\/\\\/www.bellunopress.it\\\/#website\",\"url\":\"https:\\\/\\\/www.bellunopress.it\\\/\",\"name\":\"Bellunopress - Dolomiti\",\"description\":\"e-mail: redazione@bellunopress.it\",\"publisher\":{\"@id\":\"https:\\\/\\\/www.bellunopress.it\\\/#organization\"},\"potentialAction\":[{\"@type\":\"SearchAction\",\"target\":{\"@type\":\"EntryPoint\",\"urlTemplate\":\"https:\\\/\\\/www.bellunopress.it\\\/?s={search_term_string}\"},\"query-input\":{\"@type\":\"PropertyValueSpecification\",\"valueRequired\":true,\"valueName\":\"search_term_string\"}}],\"inLanguage\":\"fr-FR\"},{\"@type\":\"Organization\",\"@id\":\"https:\\\/\\\/www.bellunopress.it\\\/#organization\",\"name\":\"Bellunopress\",\"url\":\"https:\\\/\\\/www.bellunopress.it\\\/\",\"logo\":{\"@type\":\"ImageObject\",\"inLanguage\":\"fr-FR\",\"@id\":\"https:\\\/\\\/www.bellunopress.it\\\/#\\\/schema\\\/logo\\\/image\\\/\",\"url\":\"https:\\\/\\\/www.bellunopress.it\\\/wp-content\\\/uploads\\\/2011\\\/05\\\/cropped-logo-bellunopress-.jpg\",\"contentUrl\":\"https:\\\/\\\/www.bellunopress.it\\\/wp-content\\\/uploads\\\/2011\\\/05\\\/cropped-logo-bellunopress-.jpg\",\"width\":512,\"height\":512,\"caption\":\"Bellunopress\"},\"image\":{\"@id\":\"https:\\\/\\\/www.bellunopress.it\\\/#\\\/schema\\\/logo\\\/image\\\/\"},\"sameAs\":[\"https:\\\/\\\/www.facebook.com\\\/profile.php?id=100008943462799\",\"https:\\\/\\\/x.com\\\/bellunopress\",\"https:\\\/\\\/www.linkedin.com\\\/hp\\\/?dnr=JBzUWaJfMUw8vbXJJ2tVW5-I3jZKvC4wsoxE&amp;amp;amp;amp;amp;amp;trk=nav_responsive_tab_home\",\"https:\\\/\\\/www.youtube.com\\\/channel\\\/UCxL0wu1uN0_3_7hGG0306cw\"]},{\"@type\":\"Person\",\"@id\":\"https:\\\/\\\/www.bellunopress.it\\\/#\\\/schema\\\/person\\\/79bb06722b37ece1c03d3e94beb30d73\",\"name\":\"redazione\",\"image\":{\"@type\":\"ImageObject\",\"inLanguage\":\"fr-FR\",\"@id\":\"https:\\\/\\\/secure.gravatar.com\\\/avatar\\\/37d968a2e67a6fd04c169c4bdef102d0bc5d31b2546345219e348575eb80e9a0?s=96&d=mm&r=g\",\"url\":\"https:\\\/\\\/secure.gravatar.com\\\/avatar\\\/37d968a2e67a6fd04c169c4bdef102d0bc5d31b2546345219e348575eb80e9a0?s=96&d=mm&r=g\",\"contentUrl\":\"https:\\\/\\\/secure.gravatar.com\\\/avatar\\\/37d968a2e67a6fd04c169c4bdef102d0bc5d31b2546345219e348575eb80e9a0?s=96&d=mm&r=g\",\"caption\":\"redazione\"},\"sameAs\":[\"http:\\\/\\\/www.bellunopress.it\",\"https:\\\/\\\/x.com\\\/bellunopress\"],\"url\":\"https:\\\/\\\/www.bellunopress.it\\\/fr\\\/author\\\/redazione\\\/\"}]}<\/script>\n<!-- \/ Yoast SEO plugin. -->","yoast_head_json":{"title":"All'Unisono di Feltre nasce Jazz&Food, serate jazz con aperitivo e cena. Sabato il taglio del nasto - Bellunopress - Dolomiti","robots":{"index":"index","follow":"follow","max-snippet":"max-snippet:-1","max-image-preview":"max-image-preview:large","max-video-preview":"max-video-preview:-1"},"canonical":"https:\/\/www.bellunopress.it\/fr\/2019\/10\/20\/allunisono-di-feltre-nasce-jazzfood-serate-jazz-con-aperitivo-e-cena-sabato-il-taglio-del-nasto\/","og_locale":"fr_FR","og_type":"article","og_title":"All'Unisono di Feltre nasce Jazz&Food, serate jazz con aperitivo e cena. Sabato il taglio del nasto - Bellunopress - Dolomiti","og_description":"Feltre &#8211; E\u2019 ai nastri di partenza la nuova stagione jazz dell\u2019 Unisono di Feltre. L\u2019edizione 2019 porta con s\u00e9 una novit\u00e0: il Centro di musica di Palazzo Guarnieri torna alla formula dell\u2019autentico jazzclub, dove i live dei grandi artisti erano seguiti da jam session, in un clima di festa e di condivisione artistica. Per [&hellip;]","og_url":"https:\/\/www.bellunopress.it\/fr\/2019\/10\/20\/allunisono-di-feltre-nasce-jazzfood-serate-jazz-con-aperitivo-e-cena-sabato-il-taglio-del-nasto\/","og_site_name":"Bellunopress - Dolomiti","article_publisher":"https:\/\/www.facebook.com\/profile.php?id=100008943462799","article_published_time":"2019-10-20T17:21:31+00:00","og_image":[{"url":"http:\/\/www.bellunopress.it\/wp-content\/uploads\/2019\/09\/Palazzo-Guarnieri-feltre.jpg","type":"","width":"","height":""}],"author":"redazione","twitter_card":"summary_large_image","twitter_creator":"@bellunopress","twitter_site":"@bellunopress","twitter_misc":{"Written by":"redazione","Est. reading time":"3 minutes"},"schema":{"@context":"https:\/\/schema.org","@graph":[{"@type":"Article","@id":"https:\/\/www.bellunopress.it\/2019\/10\/20\/allunisono-di-feltre-nasce-jazzfood-serate-jazz-con-aperitivo-e-cena-sabato-il-taglio-del-nasto\/#article","isPartOf":{"@id":"https:\/\/www.bellunopress.it\/2019\/10\/20\/allunisono-di-feltre-nasce-jazzfood-serate-jazz-con-aperitivo-e-cena-sabato-il-taglio-del-nasto\/"},"author":{"name":"redazione","@id":"https:\/\/www.bellunopress.it\/#\/schema\/person\/79bb06722b37ece1c03d3e94beb30d73"},"headline":"All&#8217;Unisono di Feltre nasce Jazz&#038;Food, serate jazz con aperitivo e cena. Sabato il taglio del nasto","datePublished":"2019-10-20T17:21:31+00:00","mainEntityOfPage":{"@id":"https:\/\/www.bellunopress.it\/2019\/10\/20\/allunisono-di-feltre-nasce-jazzfood-serate-jazz-con-aperitivo-e-cena-sabato-il-taglio-del-nasto\/"},"wordCount":563,"publisher":{"@id":"https:\/\/www.bellunopress.it\/#organization"},"image":{"@id":"https:\/\/www.bellunopress.it\/2019\/10\/20\/allunisono-di-feltre-nasce-jazzfood-serate-jazz-con-aperitivo-e-cena-sabato-il-taglio-del-nasto\/#primaryimage"},"thumbnailUrl":"http:\/\/www.bellunopress.it\/wp-content\/uploads\/2019\/09\/Palazzo-Guarnieri-feltre.jpg","articleSection":["Appuntamenti, Eventi","Arte, Cultura, Spettacoli, Scienza","Pausa Caff\u00e8"],"inLanguage":"fr-FR"},{"@type":"WebPage","@id":"https:\/\/www.bellunopress.it\/2019\/10\/20\/allunisono-di-feltre-nasce-jazzfood-serate-jazz-con-aperitivo-e-cena-sabato-il-taglio-del-nasto\/","url":"https:\/\/www.bellunopress.it\/2019\/10\/20\/allunisono-di-feltre-nasce-jazzfood-serate-jazz-con-aperitivo-e-cena-sabato-il-taglio-del-nasto\/","name":"All'Unisono di Feltre nasce Jazz&Food, serate jazz con aperitivo e cena. Sabato il taglio del nasto - Bellunopress - Dolomiti","isPartOf":{"@id":"https:\/\/www.bellunopress.it\/#website"},"primaryImageOfPage":{"@id":"https:\/\/www.bellunopress.it\/2019\/10\/20\/allunisono-di-feltre-nasce-jazzfood-serate-jazz-con-aperitivo-e-cena-sabato-il-taglio-del-nasto\/#primaryimage"},"image":{"@id":"https:\/\/www.bellunopress.it\/2019\/10\/20\/allunisono-di-feltre-nasce-jazzfood-serate-jazz-con-aperitivo-e-cena-sabato-il-taglio-del-nasto\/#primaryimage"},"thumbnailUrl":"http:\/\/www.bellunopress.it\/wp-content\/uploads\/2019\/09\/Palazzo-Guarnieri-feltre.jpg","datePublished":"2019-10-20T17:21:31+00:00","breadcrumb":{"@id":"https:\/\/www.bellunopress.it\/2019\/10\/20\/allunisono-di-feltre-nasce-jazzfood-serate-jazz-con-aperitivo-e-cena-sabato-il-taglio-del-nasto\/#breadcrumb"},"inLanguage":"fr-FR","potentialAction":[{"@type":"ReadAction","target":["https:\/\/www.bellunopress.it\/2019\/10\/20\/allunisono-di-feltre-nasce-jazzfood-serate-jazz-con-aperitivo-e-cena-sabato-il-taglio-del-nasto\/"]}]},{"@type":"ImageObject","inLanguage":"fr-FR","@id":"https:\/\/www.bellunopress.it\/2019\/10\/20\/allunisono-di-feltre-nasce-jazzfood-serate-jazz-con-aperitivo-e-cena-sabato-il-taglio-del-nasto\/#primaryimage","url":"http:\/\/www.bellunopress.it\/wp-content\/uploads\/2019\/09\/Palazzo-Guarnieri-feltre.jpg","contentUrl":"http:\/\/www.bellunopress.it\/wp-content\/uploads\/2019\/09\/Palazzo-Guarnieri-feltre.jpg"},{"@type":"BreadcrumbList","@id":"https:\/\/www.bellunopress.it\/2019\/10\/20\/allunisono-di-feltre-nasce-jazzfood-serate-jazz-con-aperitivo-e-cena-sabato-il-taglio-del-nasto\/#breadcrumb","itemListElement":[{"@type":"ListItem","position":1,"name":"Home","item":"https:\/\/www.bellunopress.it\/"},{"@type":"ListItem","position":2,"name":"All&#8217;Unisono di Feltre nasce Jazz&#038;Food, serate jazz con aperitivo e cena. Sabato il taglio del nasto"}]},{"@type":"WebSite","@id":"https:\/\/www.bellunopress.it\/#website","url":"https:\/\/www.bellunopress.it\/","name":"Bellunopress - Dolomiti","description":"e-mail: redazione@bellunopress.it","publisher":{"@id":"https:\/\/www.bellunopress.it\/#organization"},"potentialAction":[{"@type":"SearchAction","target":{"@type":"EntryPoint","urlTemplate":"https:\/\/www.bellunopress.it\/?s={search_term_string}"},"query-input":{"@type":"PropertyValueSpecification","valueRequired":true,"valueName":"search_term_string"}}],"inLanguage":"fr-FR"},{"@type":"Organization","@id":"https:\/\/www.bellunopress.it\/#organization","name":"Bellunopress","url":"https:\/\/www.bellunopress.it\/","logo":{"@type":"ImageObject","inLanguage":"fr-FR","@id":"https:\/\/www.bellunopress.it\/#\/schema\/logo\/image\/","url":"https:\/\/www.bellunopress.it\/wp-content\/uploads\/2011\/05\/cropped-logo-bellunopress-.jpg","contentUrl":"https:\/\/www.bellunopress.it\/wp-content\/uploads\/2011\/05\/cropped-logo-bellunopress-.jpg","width":512,"height":512,"caption":"Bellunopress"},"image":{"@id":"https:\/\/www.bellunopress.it\/#\/schema\/logo\/image\/"},"sameAs":["https:\/\/www.facebook.com\/profile.php?id=100008943462799","https:\/\/x.com\/bellunopress","https:\/\/www.linkedin.com\/hp\/?dnr=JBzUWaJfMUw8vbXJJ2tVW5-I3jZKvC4wsoxE&amp;amp;amp;amp;amp;amp;trk=nav_responsive_tab_home","https:\/\/www.youtube.com\/channel\/UCxL0wu1uN0_3_7hGG0306cw"]},{"@type":"Person","@id":"https:\/\/www.bellunopress.it\/#\/schema\/person\/79bb06722b37ece1c03d3e94beb30d73","name":"r\u00e9daction","image":{"@type":"ImageObject","inLanguage":"fr-FR","@id":"https:\/\/secure.gravatar.com\/avatar\/37d968a2e67a6fd04c169c4bdef102d0bc5d31b2546345219e348575eb80e9a0?s=96&d=mm&r=g","url":"https:\/\/secure.gravatar.com\/avatar\/37d968a2e67a6fd04c169c4bdef102d0bc5d31b2546345219e348575eb80e9a0?s=96&d=mm&r=g","contentUrl":"https:\/\/secure.gravatar.com\/avatar\/37d968a2e67a6fd04c169c4bdef102d0bc5d31b2546345219e348575eb80e9a0?s=96&d=mm&r=g","caption":"redazione"},"sameAs":["http:\/\/www.bellunopress.it","https:\/\/x.com\/bellunopress"],"url":"https:\/\/www.bellunopress.it\/fr\/author\/redazione\/"}]}},"_links":{"self":[{"href":"https:\/\/www.bellunopress.it\/fr\/wp-json\/wp\/v2\/posts\/108908","targetHints":{"allow":["GET"]}}],"collection":[{"href":"https:\/\/www.bellunopress.it\/fr\/wp-json\/wp\/v2\/posts"}],"about":[{"href":"https:\/\/www.bellunopress.it\/fr\/wp-json\/wp\/v2\/types\/post"}],"author":[{"embeddable":true,"href":"https:\/\/www.bellunopress.it\/fr\/wp-json\/wp\/v2\/users\/2"}],"replies":[{"embeddable":true,"href":"https:\/\/www.bellunopress.it\/fr\/wp-json\/wp\/v2\/comments?post=108908"}],"version-history":[{"count":1,"href":"https:\/\/www.bellunopress.it\/fr\/wp-json\/wp\/v2\/posts\/108908\/revisions"}],"predecessor-version":[{"id":108909,"href":"https:\/\/www.bellunopress.it\/fr\/wp-json\/wp\/v2\/posts\/108908\/revisions\/108909"}],"wp:attachment":[{"href":"https:\/\/www.bellunopress.it\/fr\/wp-json\/wp\/v2\/media?parent=108908"}],"wp:term":[{"taxonomy":"category","embeddable":true,"href":"https:\/\/www.bellunopress.it\/fr\/wp-json\/wp\/v2\/categories?post=108908"},{"taxonomy":"post_tag","embeddable":true,"href":"https:\/\/www.bellunopress.it\/fr\/wp-json\/wp\/v2\/tags?post=108908"}],"curies":[{"name":"wp","href":"https:\/\/api.w.org\/{rel}","templated":true}]}}