{"id":108904,"date":"2019-10-20T16:04:32","date_gmt":"2019-10-20T14:04:32","guid":{"rendered":"http:\/\/www.bellunopress.it\/?p=108904"},"modified":"2019-10-20T16:04:32","modified_gmt":"2019-10-20T14:04:32","slug":"legambiente-oggi-a-venezia-a-fianco-dei-cittadini-avvelenati-dai-pfas","status":"publish","type":"post","link":"https:\/\/www.bellunopress.it\/fr\/2019\/10\/20\/legambiente-oggi-a-venezia-a-fianco-dei-cittadini-avvelenati-dai-pfas\/","title":{"rendered":"Legambiente oggi a Venezia a fianco dei cittadini avvelenati dai Pfas"},"content":{"rendered":"<p><a href=\"http:\/\/www.bellunopress.it\/fr\/2014\/10\/27\/21ma-edizione-ecosistema-urbano-di-legambiente-belluno-al-ii-posto-della-classifica-dopo-verbania\/legambiente\/\" rel=\"attachment wp-att-63753\"><img loading=\"lazy\" decoding=\"async\" class=\"alignleft size-full wp-image-63753\" src=\"http:\/\/www.bellunopress.it\/wp-content\/uploads\/2014\/10\/legambiente.jpg\" alt=\"\" width=\"170\" height=\"113\" \/><\/a>Legambiente \u00e8 presente, oggi domenica 20 ottobre a Venezia a fianco dei cittadini avvelenati dai Pfas, cos\u00ec come \u00e8 sempre stato avvenuto sin dalla scoperta della contaminazione da Pfas nel 2013.<\/p>\n<p>Prima tra le Associazioni strutturate a denunciare il disastro ambientale in atto, prima da organizzare i momenti informativi e formativi da cui ha preso quota l&#8217;enorme movimento nopfas. Sin dal 2013 che Legambiente segnala a tutti gli enti preposti, commissioni parlamentari d&#8217;inchiesta comprese, l&#8217;assoluta necessit\u00e0 di porre fine alla contaminazione, che a distanza di quasi sette anni dalla scoperta, continua ad inquinare acque e territori di tre provincie del Veneto.<br \/>\nQuesta necessit\u00e0 unit\u00e0 l&#8217;evidente risultato insufficiente che la sola bonifica del sito Miteni potr\u00e0 portare, saranno alla base della comunicazioni nuova audizione di Legambiente Veneto e del Circolo Perla Blu di Cologna Veneta con la Commissione Ecomafie del prossimo 19 novembre.<\/p>\n<p>&#8220;Serve un progetto complessivo che comprenda interventi risolutivi sia con la bonifica del sedime dell&#8217;azienda sia con la bonifica di tutti i sedimenti inquinati e successivamente della falda inquinata, la pi\u00f9 estesa d&#8217;Italia. Senza dimenticare l&#8217;intero bacino dell&#8217;Agno Fratta Gorzone da troppi decenni soggetto all&#8217;insulto continuo e pesante dell&#8217;inquinamento dovuto al comparto chimico conciario&#8221; dichiara Piergiorgio Boscagin della segreteria regionale dell&#8217;associazione e presidente del Circolo Perla Blu di Cologna Veneta.<\/p>\n<p>Un inquinamento continuo secondo Legambiente, che non trova corrispondenza in altri paesi occidentali. Cifre da rabbrividire escono dal rapporto Arpav del 2017 sulle tonnellate annue di Cromo totale Cloruri e Fosfati che attraverso Arica, e dai depuratori che in Arica confluiscono, raggiungono il Fratta a Cologna Veneta.<br \/>\n&#8220;Non smetteremo di denunciare la mancanza di una mappatura completa di tutte le captazioni idriche private presenti nella zona rossa A &#8211; prosegue Boscagin -, dove i residenti hanno valori medi di Pfas nel sangue doppi rispetto ai residenti nella zona rossa B, a significare che la contaminazione \u00e8 ben presente nelle acque emunte da tali captazioni e che l&#8217;uso di tali acque comporta il perpetuarsi all&#8217;infinito della contaminazione. Come non ci fermeremo mai di chiedere che anche i cittadini della zona cosiddetta Arancio entrino nel Piano di Sorveglianza Regionale sulla Popolazione Esposta ai Pfas, visto anche la contaminazione storica subita da Btf, precursori dei pfas, sin dalla met\u00e0 degli anni 70&#8221;.<\/p>\n<p>Per Legambiente serve un progetto di recupero delle acque di superficie che attraversano i territori contaminati, se \u00e8 vero quanto dichiarato dal commissario all&#8217;emergenza pfas Dell&#8217;Acqua al quotidiano l&#8217;Arena di Verona il 21<br \/>\nAprile di quest&#8217;anno, ove egli prevede che la contaminazione dei fiumi non si risolver\u00e0 prima di cinquant&#8217;anni. In alternativa serve un progetto di approvvigionamento idrico alternativo per chi utilizza le acque superficiali contaminate per l&#8217;irrigazione. Occorre infine che vi sia massima trasparenza sulle analisi delle matrici alimentari provenienti dalle zona contaminate, anche alla luce delle nuove TDI sull&#8217;assunzione dei Pfas, proposte dall&#8217;Ente Europeo sulla sicurezza alimentare (Efsa). Come \u00e8 indispensabile approvare leggi che impediscano l&#8217;insediamento di attivit\u00e0 potenzialmente pericolose sopra ricarica di falda o in prossimit\u00e0 di corsi d&#8217;acqua e al contempo prevedere il dislocamento delle attivit\u00e0 pericolose gi\u00e0 insediate nei pressi di siti ambientali cos\u00ec fragili ed importanti.<\/p>\n<p>&#8220;Indispensabile &#8211; conclude Boscagin &#8211; anche una visione politica diversa che ponga l&#8217;ambiente e la salubrit\u00e0 del territorio al centro di un progetto di risanamento complessivo, che abbandoni le stagioni dell&#8217;emergenza e del rimpallo delle responsabilit\u00e0 tra enti. Una politica che si muova solo a disastri avvenuti e ormai conclamati, come avvenuto nel caso Pfas, non giova a nessuno.&#8221;.<\/p>","protected":false},"excerpt":{"rendered":"<p>Legambiente \u00e8 presente, oggi domenica 20 ottobre a Venezia a fianco dei cittadini avvelenati dai Pfas, cos\u00ec come \u00e8 sempre stato avvenuto sin dalla scoperta della contaminazione da Pfas nel 2013. Prima tra le Associazioni strutturate a denunciare il disastro ambientale in atto, prima da organizzare i momenti informativi e formativi da cui ha preso [&hellip;]<\/p>\n","protected":false},"author":2,"featured_media":0,"comment_status":"closed","ping_status":"open","sticky":false,"template":"","format":"standard","meta":{"footnotes":""},"categories":[38,26],"tags":[],"class_list":["post-108904","post","type-post","status-publish","format-standard","category-natura-ambiente","category-prima-pagina"],"yoast_head":"<!-- This site is optimized with the Yoast SEO plugin v28.4 - https:\/\/yoast.com\/product\/yoast-seo-wordpress\/ -->\n<title>Legambiente oggi a Venezia a fianco dei cittadini avvelenati dai Pfas - Bellunopress - Dolomiti<\/title>\n<meta name=\"robots\" content=\"index, follow, max-snippet:-1, max-image-preview:large, max-video-preview:-1\" \/>\n<link rel=\"canonical\" href=\"https:\/\/www.bellunopress.it\/fr\/2019\/10\/20\/legambiente-oggi-a-venezia-a-fianco-dei-cittadini-avvelenati-dai-pfas\/\" \/>\n<meta property=\"og:locale\" content=\"fr_FR\" \/>\n<meta property=\"og:type\" content=\"article\" \/>\n<meta property=\"og:title\" content=\"Legambiente oggi a Venezia a fianco dei cittadini avvelenati dai Pfas - Bellunopress - Dolomiti\" \/>\n<meta property=\"og:description\" content=\"Legambiente \u00e8 presente, oggi domenica 20 ottobre a Venezia a fianco dei cittadini avvelenati dai Pfas, cos\u00ec come \u00e8 sempre stato avvenuto sin dalla scoperta della contaminazione da Pfas nel 2013. Prima tra le Associazioni strutturate a denunciare il disastro ambientale in atto, prima da organizzare i momenti informativi e formativi da cui ha preso [&hellip;]\" \/>\n<meta property=\"og:url\" content=\"https:\/\/www.bellunopress.it\/fr\/2019\/10\/20\/legambiente-oggi-a-venezia-a-fianco-dei-cittadini-avvelenati-dai-pfas\/\" \/>\n<meta property=\"og:site_name\" content=\"Bellunopress - Dolomiti\" \/>\n<meta property=\"article:publisher\" content=\"https:\/\/www.facebook.com\/profile.php?id=100008943462799\" \/>\n<meta property=\"article:published_time\" content=\"2019-10-20T14:04:32+00:00\" \/>\n<meta property=\"og:image\" content=\"http:\/\/www.bellunopress.it\/wp-content\/uploads\/2014\/10\/legambiente.jpg\" \/>\n<meta name=\"author\" content=\"redazione\" \/>\n<meta name=\"twitter:card\" content=\"summary_large_image\" \/>\n<meta name=\"twitter:creator\" content=\"@bellunopress\" \/>\n<meta name=\"twitter:site\" content=\"@bellunopress\" \/>\n<meta name=\"twitter:label1\" content=\"\u00c9crit par\" \/>\n\t<meta name=\"twitter:data1\" content=\"redazione\" \/>\n\t<meta name=\"twitter:label2\" content=\"Dur\u00e9e de lecture estim\u00e9e\" \/>\n\t<meta name=\"twitter:data2\" content=\"3 minutes\" \/>\n<script type=\"application\/ld+json\" class=\"yoast-schema-graph\">{\"@context\":\"https:\\\/\\\/schema.org\",\"@graph\":[{\"@type\":\"Article\",\"@id\":\"https:\\\/\\\/www.bellunopress.it\\\/2019\\\/10\\\/20\\\/legambiente-oggi-a-venezia-a-fianco-dei-cittadini-avvelenati-dai-pfas\\\/#article\",\"isPartOf\":{\"@id\":\"https:\\\/\\\/www.bellunopress.it\\\/2019\\\/10\\\/20\\\/legambiente-oggi-a-venezia-a-fianco-dei-cittadini-avvelenati-dai-pfas\\\/\"},\"author\":{\"name\":\"redazione\",\"@id\":\"https:\\\/\\\/www.bellunopress.it\\\/#\\\/schema\\\/person\\\/79bb06722b37ece1c03d3e94beb30d73\"},\"headline\":\"Legambiente oggi a Venezia a fianco dei cittadini avvelenati dai Pfas\",\"datePublished\":\"2019-10-20T14:04:32+00:00\",\"mainEntityOfPage\":{\"@id\":\"https:\\\/\\\/www.bellunopress.it\\\/2019\\\/10\\\/20\\\/legambiente-oggi-a-venezia-a-fianco-dei-cittadini-avvelenati-dai-pfas\\\/\"},\"wordCount\":596,\"publisher\":{\"@id\":\"https:\\\/\\\/www.bellunopress.it\\\/#organization\"},\"image\":{\"@id\":\"https:\\\/\\\/www.bellunopress.it\\\/2019\\\/10\\\/20\\\/legambiente-oggi-a-venezia-a-fianco-dei-cittadini-avvelenati-dai-pfas\\\/#primaryimage\"},\"thumbnailUrl\":\"http:\\\/\\\/www.bellunopress.it\\\/wp-content\\\/uploads\\\/2014\\\/10\\\/legambiente.jpg\",\"articleSection\":[\"Meteo, natura, ambiente, animali\",\"Prima Pagina\"],\"inLanguage\":\"fr-FR\"},{\"@type\":\"WebPage\",\"@id\":\"https:\\\/\\\/www.bellunopress.it\\\/2019\\\/10\\\/20\\\/legambiente-oggi-a-venezia-a-fianco-dei-cittadini-avvelenati-dai-pfas\\\/\",\"url\":\"https:\\\/\\\/www.bellunopress.it\\\/2019\\\/10\\\/20\\\/legambiente-oggi-a-venezia-a-fianco-dei-cittadini-avvelenati-dai-pfas\\\/\",\"name\":\"Legambiente oggi a Venezia a fianco dei cittadini avvelenati dai Pfas - Bellunopress - Dolomiti\",\"isPartOf\":{\"@id\":\"https:\\\/\\\/www.bellunopress.it\\\/#website\"},\"primaryImageOfPage\":{\"@id\":\"https:\\\/\\\/www.bellunopress.it\\\/2019\\\/10\\\/20\\\/legambiente-oggi-a-venezia-a-fianco-dei-cittadini-avvelenati-dai-pfas\\\/#primaryimage\"},\"image\":{\"@id\":\"https:\\\/\\\/www.bellunopress.it\\\/2019\\\/10\\\/20\\\/legambiente-oggi-a-venezia-a-fianco-dei-cittadini-avvelenati-dai-pfas\\\/#primaryimage\"},\"thumbnailUrl\":\"http:\\\/\\\/www.bellunopress.it\\\/wp-content\\\/uploads\\\/2014\\\/10\\\/legambiente.jpg\",\"datePublished\":\"2019-10-20T14:04:32+00:00\",\"breadcrumb\":{\"@id\":\"https:\\\/\\\/www.bellunopress.it\\\/2019\\\/10\\\/20\\\/legambiente-oggi-a-venezia-a-fianco-dei-cittadini-avvelenati-dai-pfas\\\/#breadcrumb\"},\"inLanguage\":\"fr-FR\",\"potentialAction\":[{\"@type\":\"ReadAction\",\"target\":[\"https:\\\/\\\/www.bellunopress.it\\\/2019\\\/10\\\/20\\\/legambiente-oggi-a-venezia-a-fianco-dei-cittadini-avvelenati-dai-pfas\\\/\"]}]},{\"@type\":\"ImageObject\",\"inLanguage\":\"fr-FR\",\"@id\":\"https:\\\/\\\/www.bellunopress.it\\\/2019\\\/10\\\/20\\\/legambiente-oggi-a-venezia-a-fianco-dei-cittadini-avvelenati-dai-pfas\\\/#primaryimage\",\"url\":\"http:\\\/\\\/www.bellunopress.it\\\/wp-content\\\/uploads\\\/2014\\\/10\\\/legambiente.jpg\",\"contentUrl\":\"http:\\\/\\\/www.bellunopress.it\\\/wp-content\\\/uploads\\\/2014\\\/10\\\/legambiente.jpg\"},{\"@type\":\"BreadcrumbList\",\"@id\":\"https:\\\/\\\/www.bellunopress.it\\\/2019\\\/10\\\/20\\\/legambiente-oggi-a-venezia-a-fianco-dei-cittadini-avvelenati-dai-pfas\\\/#breadcrumb\",\"itemListElement\":[{\"@type\":\"ListItem\",\"position\":1,\"name\":\"Home\",\"item\":\"https:\\\/\\\/www.bellunopress.it\\\/\"},{\"@type\":\"ListItem\",\"position\":2,\"name\":\"Legambiente oggi a Venezia a fianco dei cittadini avvelenati dai Pfas\"}]},{\"@type\":\"WebSite\",\"@id\":\"https:\\\/\\\/www.bellunopress.it\\\/#website\",\"url\":\"https:\\\/\\\/www.bellunopress.it\\\/\",\"name\":\"Bellunopress - Dolomiti\",\"description\":\"e-mail: redazione@bellunopress.it\",\"publisher\":{\"@id\":\"https:\\\/\\\/www.bellunopress.it\\\/#organization\"},\"potentialAction\":[{\"@type\":\"SearchAction\",\"target\":{\"@type\":\"EntryPoint\",\"urlTemplate\":\"https:\\\/\\\/www.bellunopress.it\\\/?s={search_term_string}\"},\"query-input\":{\"@type\":\"PropertyValueSpecification\",\"valueRequired\":true,\"valueName\":\"search_term_string\"}}],\"inLanguage\":\"fr-FR\"},{\"@type\":\"Organization\",\"@id\":\"https:\\\/\\\/www.bellunopress.it\\\/#organization\",\"name\":\"Bellunopress\",\"url\":\"https:\\\/\\\/www.bellunopress.it\\\/\",\"logo\":{\"@type\":\"ImageObject\",\"inLanguage\":\"fr-FR\",\"@id\":\"https:\\\/\\\/www.bellunopress.it\\\/#\\\/schema\\\/logo\\\/image\\\/\",\"url\":\"https:\\\/\\\/www.bellunopress.it\\\/wp-content\\\/uploads\\\/2011\\\/05\\\/cropped-logo-bellunopress-.jpg\",\"contentUrl\":\"https:\\\/\\\/www.bellunopress.it\\\/wp-content\\\/uploads\\\/2011\\\/05\\\/cropped-logo-bellunopress-.jpg\",\"width\":512,\"height\":512,\"caption\":\"Bellunopress\"},\"image\":{\"@id\":\"https:\\\/\\\/www.bellunopress.it\\\/#\\\/schema\\\/logo\\\/image\\\/\"},\"sameAs\":[\"https:\\\/\\\/www.facebook.com\\\/profile.php?id=100008943462799\",\"https:\\\/\\\/x.com\\\/bellunopress\",\"https:\\\/\\\/www.linkedin.com\\\/hp\\\/?dnr=JBzUWaJfMUw8vbXJJ2tVW5-I3jZKvC4wsoxE&amp;amp;amp;amp;amp;amp;trk=nav_responsive_tab_home\",\"https:\\\/\\\/www.youtube.com\\\/channel\\\/UCxL0wu1uN0_3_7hGG0306cw\"]},{\"@type\":\"Person\",\"@id\":\"https:\\\/\\\/www.bellunopress.it\\\/#\\\/schema\\\/person\\\/79bb06722b37ece1c03d3e94beb30d73\",\"name\":\"redazione\",\"image\":{\"@type\":\"ImageObject\",\"inLanguage\":\"fr-FR\",\"@id\":\"https:\\\/\\\/secure.gravatar.com\\\/avatar\\\/37d968a2e67a6fd04c169c4bdef102d0bc5d31b2546345219e348575eb80e9a0?s=96&d=mm&r=g\",\"url\":\"https:\\\/\\\/secure.gravatar.com\\\/avatar\\\/37d968a2e67a6fd04c169c4bdef102d0bc5d31b2546345219e348575eb80e9a0?s=96&d=mm&r=g\",\"contentUrl\":\"https:\\\/\\\/secure.gravatar.com\\\/avatar\\\/37d968a2e67a6fd04c169c4bdef102d0bc5d31b2546345219e348575eb80e9a0?s=96&d=mm&r=g\",\"caption\":\"redazione\"},\"sameAs\":[\"http:\\\/\\\/www.bellunopress.it\",\"https:\\\/\\\/x.com\\\/bellunopress\"],\"url\":\"https:\\\/\\\/www.bellunopress.it\\\/fr\\\/author\\\/redazione\\\/\"}]}<\/script>\n<!-- \/ Yoast SEO plugin. -->","yoast_head_json":{"title":"Legambiente oggi a Venezia a fianco dei cittadini avvelenati dai Pfas - Bellunopress - Dolomiti","robots":{"index":"index","follow":"follow","max-snippet":"max-snippet:-1","max-image-preview":"max-image-preview:large","max-video-preview":"max-video-preview:-1"},"canonical":"https:\/\/www.bellunopress.it\/fr\/2019\/10\/20\/legambiente-oggi-a-venezia-a-fianco-dei-cittadini-avvelenati-dai-pfas\/","og_locale":"fr_FR","og_type":"article","og_title":"Legambiente oggi a Venezia a fianco dei cittadini avvelenati dai Pfas - Bellunopress - Dolomiti","og_description":"Legambiente \u00e8 presente, oggi domenica 20 ottobre a Venezia a fianco dei cittadini avvelenati dai Pfas, cos\u00ec come \u00e8 sempre stato avvenuto sin dalla scoperta della contaminazione da Pfas nel 2013. Prima tra le Associazioni strutturate a denunciare il disastro ambientale in atto, prima da organizzare i momenti informativi e formativi da cui ha preso [&hellip;]","og_url":"https:\/\/www.bellunopress.it\/fr\/2019\/10\/20\/legambiente-oggi-a-venezia-a-fianco-dei-cittadini-avvelenati-dai-pfas\/","og_site_name":"Bellunopress - Dolomiti","article_publisher":"https:\/\/www.facebook.com\/profile.php?id=100008943462799","article_published_time":"2019-10-20T14:04:32+00:00","og_image":[{"url":"http:\/\/www.bellunopress.it\/wp-content\/uploads\/2014\/10\/legambiente.jpg","type":"","width":"","height":""}],"author":"redazione","twitter_card":"summary_large_image","twitter_creator":"@bellunopress","twitter_site":"@bellunopress","twitter_misc":{"\u00c9crit par":"redazione","Dur\u00e9e de lecture estim\u00e9e":"3 minutes"},"schema":{"@context":"https:\/\/schema.org","@graph":[{"@type":"Article","@id":"https:\/\/www.bellunopress.it\/2019\/10\/20\/legambiente-oggi-a-venezia-a-fianco-dei-cittadini-avvelenati-dai-pfas\/#article","isPartOf":{"@id":"https:\/\/www.bellunopress.it\/2019\/10\/20\/legambiente-oggi-a-venezia-a-fianco-dei-cittadini-avvelenati-dai-pfas\/"},"author":{"name":"redazione","@id":"https:\/\/www.bellunopress.it\/#\/schema\/person\/79bb06722b37ece1c03d3e94beb30d73"},"headline":"Legambiente oggi a Venezia a fianco dei cittadini avvelenati dai Pfas","datePublished":"2019-10-20T14:04:32+00:00","mainEntityOfPage":{"@id":"https:\/\/www.bellunopress.it\/2019\/10\/20\/legambiente-oggi-a-venezia-a-fianco-dei-cittadini-avvelenati-dai-pfas\/"},"wordCount":596,"publisher":{"@id":"https:\/\/www.bellunopress.it\/#organization"},"image":{"@id":"https:\/\/www.bellunopress.it\/2019\/10\/20\/legambiente-oggi-a-venezia-a-fianco-dei-cittadini-avvelenati-dai-pfas\/#primaryimage"},"thumbnailUrl":"http:\/\/www.bellunopress.it\/wp-content\/uploads\/2014\/10\/legambiente.jpg","articleSection":["Meteo, natura, ambiente, animali","Prima Pagina"],"inLanguage":"fr-FR"},{"@type":"WebPage","@id":"https:\/\/www.bellunopress.it\/2019\/10\/20\/legambiente-oggi-a-venezia-a-fianco-dei-cittadini-avvelenati-dai-pfas\/","url":"https:\/\/www.bellunopress.it\/2019\/10\/20\/legambiente-oggi-a-venezia-a-fianco-dei-cittadini-avvelenati-dai-pfas\/","name":"Legambiente oggi a Venezia a fianco dei cittadini avvelenati dai Pfas - Bellunopress - Dolomiti","isPartOf":{"@id":"https:\/\/www.bellunopress.it\/#website"},"primaryImageOfPage":{"@id":"https:\/\/www.bellunopress.it\/2019\/10\/20\/legambiente-oggi-a-venezia-a-fianco-dei-cittadini-avvelenati-dai-pfas\/#primaryimage"},"image":{"@id":"https:\/\/www.bellunopress.it\/2019\/10\/20\/legambiente-oggi-a-venezia-a-fianco-dei-cittadini-avvelenati-dai-pfas\/#primaryimage"},"thumbnailUrl":"http:\/\/www.bellunopress.it\/wp-content\/uploads\/2014\/10\/legambiente.jpg","datePublished":"2019-10-20T14:04:32+00:00","breadcrumb":{"@id":"https:\/\/www.bellunopress.it\/2019\/10\/20\/legambiente-oggi-a-venezia-a-fianco-dei-cittadini-avvelenati-dai-pfas\/#breadcrumb"},"inLanguage":"fr-FR","potentialAction":[{"@type":"ReadAction","target":["https:\/\/www.bellunopress.it\/2019\/10\/20\/legambiente-oggi-a-venezia-a-fianco-dei-cittadini-avvelenati-dai-pfas\/"]}]},{"@type":"ImageObject","inLanguage":"fr-FR","@id":"https:\/\/www.bellunopress.it\/2019\/10\/20\/legambiente-oggi-a-venezia-a-fianco-dei-cittadini-avvelenati-dai-pfas\/#primaryimage","url":"http:\/\/www.bellunopress.it\/wp-content\/uploads\/2014\/10\/legambiente.jpg","contentUrl":"http:\/\/www.bellunopress.it\/wp-content\/uploads\/2014\/10\/legambiente.jpg"},{"@type":"BreadcrumbList","@id":"https:\/\/www.bellunopress.it\/2019\/10\/20\/legambiente-oggi-a-venezia-a-fianco-dei-cittadini-avvelenati-dai-pfas\/#breadcrumb","itemListElement":[{"@type":"ListItem","position":1,"name":"Home","item":"https:\/\/www.bellunopress.it\/"},{"@type":"ListItem","position":2,"name":"Legambiente oggi a Venezia a fianco dei cittadini avvelenati dai Pfas"}]},{"@type":"WebSite","@id":"https:\/\/www.bellunopress.it\/#website","url":"https:\/\/www.bellunopress.it\/","name":"Bellunopress - Dolomiti","description":"e-mail: redazione@bellunopress.it","publisher":{"@id":"https:\/\/www.bellunopress.it\/#organization"},"potentialAction":[{"@type":"SearchAction","target":{"@type":"EntryPoint","urlTemplate":"https:\/\/www.bellunopress.it\/?s={search_term_string}"},"query-input":{"@type":"PropertyValueSpecification","valueRequired":true,"valueName":"search_term_string"}}],"inLanguage":"fr-FR"},{"@type":"Organization","@id":"https:\/\/www.bellunopress.it\/#organization","name":"Bellunopress","url":"https:\/\/www.bellunopress.it\/","logo":{"@type":"ImageObject","inLanguage":"fr-FR","@id":"https:\/\/www.bellunopress.it\/#\/schema\/logo\/image\/","url":"https:\/\/www.bellunopress.it\/wp-content\/uploads\/2011\/05\/cropped-logo-bellunopress-.jpg","contentUrl":"https:\/\/www.bellunopress.it\/wp-content\/uploads\/2011\/05\/cropped-logo-bellunopress-.jpg","width":512,"height":512,"caption":"Bellunopress"},"image":{"@id":"https:\/\/www.bellunopress.it\/#\/schema\/logo\/image\/"},"sameAs":["https:\/\/www.facebook.com\/profile.php?id=100008943462799","https:\/\/x.com\/bellunopress","https:\/\/www.linkedin.com\/hp\/?dnr=JBzUWaJfMUw8vbXJJ2tVW5-I3jZKvC4wsoxE&amp;amp;amp;amp;amp;amp;trk=nav_responsive_tab_home","https:\/\/www.youtube.com\/channel\/UCxL0wu1uN0_3_7hGG0306cw"]},{"@type":"Person","@id":"https:\/\/www.bellunopress.it\/#\/schema\/person\/79bb06722b37ece1c03d3e94beb30d73","name":"r\u00e9daction","image":{"@type":"ImageObject","inLanguage":"fr-FR","@id":"https:\/\/secure.gravatar.com\/avatar\/37d968a2e67a6fd04c169c4bdef102d0bc5d31b2546345219e348575eb80e9a0?s=96&d=mm&r=g","url":"https:\/\/secure.gravatar.com\/avatar\/37d968a2e67a6fd04c169c4bdef102d0bc5d31b2546345219e348575eb80e9a0?s=96&d=mm&r=g","contentUrl":"https:\/\/secure.gravatar.com\/avatar\/37d968a2e67a6fd04c169c4bdef102d0bc5d31b2546345219e348575eb80e9a0?s=96&d=mm&r=g","caption":"redazione"},"sameAs":["http:\/\/www.bellunopress.it","https:\/\/x.com\/bellunopress"],"url":"https:\/\/www.bellunopress.it\/fr\/author\/redazione\/"}]}},"_links":{"self":[{"href":"https:\/\/www.bellunopress.it\/fr\/wp-json\/wp\/v2\/posts\/108904","targetHints":{"allow":["GET"]}}],"collection":[{"href":"https:\/\/www.bellunopress.it\/fr\/wp-json\/wp\/v2\/posts"}],"about":[{"href":"https:\/\/www.bellunopress.it\/fr\/wp-json\/wp\/v2\/types\/post"}],"author":[{"embeddable":true,"href":"https:\/\/www.bellunopress.it\/fr\/wp-json\/wp\/v2\/users\/2"}],"replies":[{"embeddable":true,"href":"https:\/\/www.bellunopress.it\/fr\/wp-json\/wp\/v2\/comments?post=108904"}],"version-history":[{"count":1,"href":"https:\/\/www.bellunopress.it\/fr\/wp-json\/wp\/v2\/posts\/108904\/revisions"}],"predecessor-version":[{"id":108905,"href":"https:\/\/www.bellunopress.it\/fr\/wp-json\/wp\/v2\/posts\/108904\/revisions\/108905"}],"wp:attachment":[{"href":"https:\/\/www.bellunopress.it\/fr\/wp-json\/wp\/v2\/media?parent=108904"}],"wp:term":[{"taxonomy":"category","embeddable":true,"href":"https:\/\/www.bellunopress.it\/fr\/wp-json\/wp\/v2\/categories?post=108904"},{"taxonomy":"post_tag","embeddable":true,"href":"https:\/\/www.bellunopress.it\/fr\/wp-json\/wp\/v2\/tags?post=108904"}],"curies":[{"name":"wp","href":"https:\/\/api.w.org\/{rel}","templated":true}]}}