{"id":108900,"date":"2019-10-20T15:01:42","date_gmt":"2019-10-20T13:01:42","guid":{"rendered":"http:\/\/www.bellunopress.it\/?p=108900"},"modified":"2019-10-20T15:01:43","modified_gmt":"2019-10-20T13:01:43","slug":"alessia-veggo-studentessa-vicentina-incoronata-alla-13ma-edizione-del-gran-ballo-viennese-di-roma","status":"publish","type":"post","link":"https:\/\/www.bellunopress.it\/fr\/2019\/10\/20\/alessia-veggo-studentessa-vicentina-incoronata-alla-13ma-edizione-del-gran-ballo-viennese-di-roma\/","title":{"rendered":"Alessia Veggo, studentessa vicentina, incoronata alla 13ma edizione del Gran ballo viennese di Roma"},"content":{"rendered":"<figure id=\"attachment_108901\" aria-describedby=\"caption-attachment-108901\" style=\"width: 300px\" class=\"wp-caption alignleft\"><a href=\"http:\/\/www.bellunopress.it\/fr\/2019\/10\/20\/alessia-veggo-studentessa-vicentina-incoronata-alla-13ma-edizione-del-gran-ballo-viennese-di-roma\/ballo-alessia-veggo-e-simone-rizzo\/\" rel=\"attachment wp-att-108901\"><img loading=\"lazy\" decoding=\"async\" class=\"size-full wp-image-108901\" src=\"http:\/\/www.bellunopress.it\/wp-content\/uploads\/2019\/10\/ballo-Alessia-Veggo-e-Simone-Rizzo.jpg\" alt=\"\" width=\"300\" height=\"235\" \/><\/a><figcaption id=\"caption-attachment-108901\" class=\"wp-caption-text\">Alessia Veggo e Simone Rizzo<\/figcaption><\/figure>\n<p>Se una favola potesse prender vita, il Gran Ballo Viennese di Roma ne sarebbe senza dubbio la rappresentazione pi\u00f9 reale. L&#8217;orchestra dal vivo che suona il valzer, gli abiti fiabeschi, la sala da Ballo del maestoso St. Regis Rome, ma soprattutto l&#8217;emozione unica delle giovani principesse e dei loro cavalieri.<\/p>\n<p>Tutti questi gli elementi di una fiaba senza tempo che ha preso corpo ieri sera nella XIII edizione del Gran Ballo Viennese di Roma. Molte le rappresentanze austriache presenti alla serata: Marcus Schober, Rappresentante Ufficiale della Citt\u00e0 di Vienna; Philipp Kamper, addetto agli Affari Internazionali del Consigliere Comunale Hanke &#8211; Gruppo imprenditoriale Economia, finanza, digitalizzazione e affari internazionali; Bernadette Kl\u00f6sch, Viceambasciatrice d&#8217;Austria in Italia. Insieme a loro volti noti dello sport e dello spettacolo che hanno aderito anche quest&#8217;anno alla prestigiosa manifestazione: dai ballerini di Ballando con le Stelle, Raimondo Todaro con la bellissima moglie Francesca Tocca, Stefano Oradei, Anastasia Kuzmina in uno stupendo abito azzurro, lo schermidore Stefano Pantano, accompagnato dalla moglie Lucia, l&#8217;attore Brice Martinet con la moglie Elena Falbo e Umberto Gaudino, ballerino di Amici di Maria De Filippi vincitore del Premio Vindobona. Non poteva mancare un pizzico di sangue blu, tra i graditi ospiti: Donna Victoria Torlonia e Don Giulio Torlonia, Erika Emma Fodr\u00e8, Contessa di San Miniato.<\/p>\n<p>File rouge di questa edizione, il recupero di valori ormai dimenticati che Elvia Venosa, ideatrice e organizzatrice del Gala Charity sin dal 2007 ha voluto ribattezzare, &#8220;la battaglia delle mamme&#8221;: Organizzo da 13 anni il Gran Ballo Viennese di Roma, da molti considerato un evento mondano e anacronistico, ma non \u00e8 cos\u00ec, perch\u00e9 questo Ballo ha uno scopo sociale ben preciso, dare la possibilit\u00e0 a giovani ragazze moderne, di riscoprire valori ed emozioni che sembrano non appartenere al loro mondo e che invece riescono a cambiargli la vita, in una sola settimana. Per questo voglio ringraziare tutte le mamme che si sono unite a me in questa battaglia per regalare ai nostri ragazzi il diritto di poter sognare un mondo migliore, un luogo dove ritrovare le vere emozioni.<\/p>\n<p>Le splendide ragazze che hanno partecipato a questa edizione arrivano un po&#8217; da ogni parte d&#8217;Italia: Veneto, Lombardia, Lazio, Campania, Basilicata, Puglia, Sicilia, Sardegna, fino a varcare i confini nazionali dal lontano Regno Unito. Le giovani protagoniste della cerimonia d&#8217;apertura sono state accompagnate, in questa edizione, dagli &#8220;Ufficiali Allievi dell&#8217;Accademia della Guardia di Finanza&#8221;. Dopo una serata ricca di emozioni \u00e8 stata svelata la coppia che rappresenter\u00e0 l&#8217;Italia all&#8217;Opernball di Vienna, trasmesso tutti gli anni in mondovisione dall&#8217;Opera di Vienna.<\/p>\n<p>Quest&#8217;anno al prestigioso evento austriaco parteciper\u00e0 la coppia formata da: Alessia Veggo, la giovane studentessa universitaria, di 19 anni, della provincia di Vicenza al fianco dell&#8217;Allievo Ufficiale Simone Rizzo. Per la serata le ragazze hanno indossato abiti ideati per l&#8217;occasione dallo stilista Gianluca Giotta e realizzati dall&#8217;azienda pugliese: Giotta Spose. La bellezza delle giovani partecipanti \u00e8 stata esaltata dal make-up realizzato da Pablo e dal suo staff, make-up artist Gil Cagn\u00e9. Acconciature a cura di Diana Parrucchieri.<\/p>\n<p>La manifestazione unisce cultura, tradizione e solidariet\u00e0 e, proprio grazie ai suoi obiettivi ed ai progetti sociali realizzati, ha avuto il sostegno di importanti organizzazioni quali: Unicef, FFC \u2013 Fondazione Ricerca Fibrosi Cistica, Doppia Difesa, Croce Rossa Italiana, Giovani per L&#8217;Abruzzo. La XIII edizione del Gran Ballo Viennese di Roma ha rinnovato il suo impegno di sostenere, &#8220;Make-A-Wish Italia Onlus&#8221; (www.makeawish.it), per realizzare il sogno di un bambino con patologie gravi o croniche. Un desiderio che si realizza ha il potere di migliorare la qualit\u00e0 della sua vita, di renderlo pi\u00f9 forte nella sua battaglia contro la malattia e ritrovare gioia e speranza. &#8220;Make-A-Wish Italia Onlus&#8221; \u00e8 un&#8217;organizzazione non profit che realizza i desideri di bambini e ragazzi di et\u00e0 compresa tra i 3 e i 17 anni, colpiti da gravi malattie. Presente in 50 Paesi, nei 5 continenti e, in Italia, ha realizzato dal 2004 pi\u00f9 di 1600 desideri.<\/p>\n<p>Come ogni anno numerose performance hanno seguito la premiazione: un&#8217;emozionante esibizione di Umberto Gaudino, in coppia con la bravissima Louise Heise. Molto attesa la coreografia realizzata dai ballerini dell&#8217;Accademia Nazionale di Danza. La magia dei Balli Viennesi \u00e8 stata accompagnata dall&#8217;orchestra giovanile Pueri Symphonici diretta dal Maestro Lorenzo Lupi.<\/p>\n<p>Per la XIII edizione non poteva mancare l&#8217;assegnazione del prestigioso Premio Vindobona ad artisti e professionisti di fama italiana e internazionale per i meriti conseguiti durante la loro carriera: Premio Vindobona 2019 a Umberto Gaudino, per aver dimostrato durante la sua carriera, nonostante la giovane et\u00e0, di essere un grande professionista esperto di ballo latino. Un valido esempio di valori per le nuove generazioni con una grande capacit\u00e0 interpretativa e di comunicazione attraverso la danza. Premio Vindobona 2019 ad Alberto Urso, per aver contribuito con la sua arte canora ad avvicinare ed appassionare le nuove generazioni al canto lirico; e per essere portatore di valori autentici e positivi per i giovani.<\/p>\n<p>Il Gran Ballo Viennese di Roma si svolge con il Patrocinio della Citt\u00e0 di Vienna, l&#8217;Ambasciata D&#8217;Austria e il Patrocinio della Regione Lazio.<\/p>\n<div class=\"youtube-embed\" data-video_id=\"uJ6PqgkVywc\"><iframe loading=\"lazy\" title=\"Gran Ballo Viennese di Roma\" width=\"696\" height=\"392\" src=\"https:\/\/www.youtube.com\/embed\/uJ6PqgkVywc?feature=oembed&#038;enablejsapi=1\" frameborder=\"0\" allow=\"accelerometer; autoplay; encrypted-media; gyroscope; picture-in-picture\" allowfullscreen><\/iframe><\/div>","protected":false},"excerpt":{"rendered":"<p>Se una favola potesse prender vita, il Gran Ballo Viennese di Roma ne sarebbe senza dubbio la rappresentazione pi\u00f9 reale. L&#8217;orchestra dal vivo che suona il valzer, gli abiti fiabeschi, la sala da Ballo del maestoso St. Regis Rome, ma soprattutto l&#8217;emozione unica delle giovani principesse e dei loro cavalieri. Tutti questi gli elementi di [&hellip;]<\/p>\n","protected":false},"author":2,"featured_media":0,"comment_status":"closed","ping_status":"open","sticky":false,"template":"","format":"standard","meta":{"footnotes":""},"categories":[3,26],"tags":[],"class_list":["post-108900","post","type-post","status-publish","format-standard","category-arte-cultura-spettacoli-scienza-archivi","category-prima-pagina"],"yoast_head":"<!-- This site is optimized with the Yoast SEO plugin v28.4 - https:\/\/yoast.com\/product\/yoast-seo-wordpress\/ -->\n<title>Alessia Veggo, studentessa vicentina, incoronata alla 13ma edizione del Gran ballo viennese di Roma - Bellunopress - Dolomiti<\/title>\n<meta name=\"robots\" content=\"index, follow, max-snippet:-1, max-image-preview:large, max-video-preview:-1\" \/>\n<link rel=\"canonical\" href=\"https:\/\/www.bellunopress.it\/fr\/2019\/10\/20\/alessia-veggo-studentessa-vicentina-incoronata-alla-13ma-edizione-del-gran-ballo-viennese-di-roma\/\" \/>\n<meta property=\"og:locale\" content=\"fr_FR\" \/>\n<meta property=\"og:type\" content=\"article\" \/>\n<meta property=\"og:title\" content=\"Alessia Veggo, studentessa vicentina, incoronata alla 13ma edizione del Gran ballo viennese di Roma - Bellunopress - Dolomiti\" \/>\n<meta property=\"og:description\" content=\"Se una favola potesse prender vita, il Gran Ballo Viennese di Roma ne sarebbe senza dubbio la rappresentazione pi\u00f9 reale. L&#8217;orchestra dal vivo che suona il valzer, gli abiti fiabeschi, la sala da Ballo del maestoso St. Regis Rome, ma soprattutto l&#8217;emozione unica delle giovani principesse e dei loro cavalieri. Tutti questi gli elementi di [&hellip;]\" \/>\n<meta property=\"og:url\" content=\"https:\/\/www.bellunopress.it\/fr\/2019\/10\/20\/alessia-veggo-studentessa-vicentina-incoronata-alla-13ma-edizione-del-gran-ballo-viennese-di-roma\/\" \/>\n<meta property=\"og:site_name\" content=\"Bellunopress - Dolomiti\" \/>\n<meta property=\"article:publisher\" content=\"https:\/\/www.facebook.com\/profile.php?id=100008943462799\" \/>\n<meta property=\"article:published_time\" content=\"2019-10-20T13:01:42+00:00\" \/>\n<meta property=\"article:modified_time\" content=\"2019-10-20T13:01:43+00:00\" \/>\n<meta property=\"og:image\" content=\"http:\/\/www.bellunopress.it\/wp-content\/uploads\/2019\/10\/ballo-Alessia-Veggo-e-Simone-Rizzo.jpg\" \/>\n<meta name=\"author\" content=\"redazione\" \/>\n<meta name=\"twitter:card\" content=\"summary_large_image\" \/>\n<meta name=\"twitter:creator\" content=\"@bellunopress\" \/>\n<meta name=\"twitter:site\" content=\"@bellunopress\" \/>\n<meta name=\"twitter:label1\" content=\"\u00c9crit par\" \/>\n\t<meta name=\"twitter:data1\" content=\"redazione\" \/>\n\t<meta name=\"twitter:label2\" content=\"Dur\u00e9e de lecture estim\u00e9e\" \/>\n\t<meta name=\"twitter:data2\" content=\"4 minutes\" \/>\n<script type=\"application\/ld+json\" class=\"yoast-schema-graph\">{\"@context\":\"https:\\\/\\\/schema.org\",\"@graph\":[{\"@type\":\"Article\",\"@id\":\"https:\\\/\\\/www.bellunopress.it\\\/2019\\\/10\\\/20\\\/alessia-veggo-studentessa-vicentina-incoronata-alla-13ma-edizione-del-gran-ballo-viennese-di-roma\\\/#article\",\"isPartOf\":{\"@id\":\"https:\\\/\\\/www.bellunopress.it\\\/2019\\\/10\\\/20\\\/alessia-veggo-studentessa-vicentina-incoronata-alla-13ma-edizione-del-gran-ballo-viennese-di-roma\\\/\"},\"author\":{\"name\":\"redazione\",\"@id\":\"https:\\\/\\\/www.bellunopress.it\\\/#\\\/schema\\\/person\\\/79bb06722b37ece1c03d3e94beb30d73\"},\"headline\":\"Alessia Veggo, studentessa vicentina, incoronata alla 13ma edizione del Gran ballo viennese di Roma\",\"datePublished\":\"2019-10-20T13:01:42+00:00\",\"dateModified\":\"2019-10-20T13:01:43+00:00\",\"mainEntityOfPage\":{\"@id\":\"https:\\\/\\\/www.bellunopress.it\\\/2019\\\/10\\\/20\\\/alessia-veggo-studentessa-vicentina-incoronata-alla-13ma-edizione-del-gran-ballo-viennese-di-roma\\\/\"},\"wordCount\":877,\"publisher\":{\"@id\":\"https:\\\/\\\/www.bellunopress.it\\\/#organization\"},\"image\":{\"@id\":\"https:\\\/\\\/www.bellunopress.it\\\/2019\\\/10\\\/20\\\/alessia-veggo-studentessa-vicentina-incoronata-alla-13ma-edizione-del-gran-ballo-viennese-di-roma\\\/#primaryimage\"},\"thumbnailUrl\":\"http:\\\/\\\/www.bellunopress.it\\\/wp-content\\\/uploads\\\/2019\\\/10\\\/ballo-Alessia-Veggo-e-Simone-Rizzo.jpg\",\"articleSection\":[\"Arte, Cultura, Spettacoli, Scienza\",\"Prima Pagina\"],\"inLanguage\":\"fr-FR\"},{\"@type\":\"WebPage\",\"@id\":\"https:\\\/\\\/www.bellunopress.it\\\/2019\\\/10\\\/20\\\/alessia-veggo-studentessa-vicentina-incoronata-alla-13ma-edizione-del-gran-ballo-viennese-di-roma\\\/\",\"url\":\"https:\\\/\\\/www.bellunopress.it\\\/2019\\\/10\\\/20\\\/alessia-veggo-studentessa-vicentina-incoronata-alla-13ma-edizione-del-gran-ballo-viennese-di-roma\\\/\",\"name\":\"Alessia Veggo, studentessa vicentina, incoronata alla 13ma edizione del Gran ballo viennese di Roma - Bellunopress - Dolomiti\",\"isPartOf\":{\"@id\":\"https:\\\/\\\/www.bellunopress.it\\\/#website\"},\"primaryImageOfPage\":{\"@id\":\"https:\\\/\\\/www.bellunopress.it\\\/2019\\\/10\\\/20\\\/alessia-veggo-studentessa-vicentina-incoronata-alla-13ma-edizione-del-gran-ballo-viennese-di-roma\\\/#primaryimage\"},\"image\":{\"@id\":\"https:\\\/\\\/www.bellunopress.it\\\/2019\\\/10\\\/20\\\/alessia-veggo-studentessa-vicentina-incoronata-alla-13ma-edizione-del-gran-ballo-viennese-di-roma\\\/#primaryimage\"},\"thumbnailUrl\":\"http:\\\/\\\/www.bellunopress.it\\\/wp-content\\\/uploads\\\/2019\\\/10\\\/ballo-Alessia-Veggo-e-Simone-Rizzo.jpg\",\"datePublished\":\"2019-10-20T13:01:42+00:00\",\"dateModified\":\"2019-10-20T13:01:43+00:00\",\"breadcrumb\":{\"@id\":\"https:\\\/\\\/www.bellunopress.it\\\/2019\\\/10\\\/20\\\/alessia-veggo-studentessa-vicentina-incoronata-alla-13ma-edizione-del-gran-ballo-viennese-di-roma\\\/#breadcrumb\"},\"inLanguage\":\"fr-FR\",\"potentialAction\":[{\"@type\":\"ReadAction\",\"target\":[\"https:\\\/\\\/www.bellunopress.it\\\/2019\\\/10\\\/20\\\/alessia-veggo-studentessa-vicentina-incoronata-alla-13ma-edizione-del-gran-ballo-viennese-di-roma\\\/\"]}]},{\"@type\":\"ImageObject\",\"inLanguage\":\"fr-FR\",\"@id\":\"https:\\\/\\\/www.bellunopress.it\\\/2019\\\/10\\\/20\\\/alessia-veggo-studentessa-vicentina-incoronata-alla-13ma-edizione-del-gran-ballo-viennese-di-roma\\\/#primaryimage\",\"url\":\"http:\\\/\\\/www.bellunopress.it\\\/wp-content\\\/uploads\\\/2019\\\/10\\\/ballo-Alessia-Veggo-e-Simone-Rizzo.jpg\",\"contentUrl\":\"http:\\\/\\\/www.bellunopress.it\\\/wp-content\\\/uploads\\\/2019\\\/10\\\/ballo-Alessia-Veggo-e-Simone-Rizzo.jpg\"},{\"@type\":\"BreadcrumbList\",\"@id\":\"https:\\\/\\\/www.bellunopress.it\\\/2019\\\/10\\\/20\\\/alessia-veggo-studentessa-vicentina-incoronata-alla-13ma-edizione-del-gran-ballo-viennese-di-roma\\\/#breadcrumb\",\"itemListElement\":[{\"@type\":\"ListItem\",\"position\":1,\"name\":\"Home\",\"item\":\"https:\\\/\\\/www.bellunopress.it\\\/\"},{\"@type\":\"ListItem\",\"position\":2,\"name\":\"Alessia Veggo, studentessa vicentina, incoronata alla 13ma edizione del Gran ballo viennese di Roma\"}]},{\"@type\":\"WebSite\",\"@id\":\"https:\\\/\\\/www.bellunopress.it\\\/#website\",\"url\":\"https:\\\/\\\/www.bellunopress.it\\\/\",\"name\":\"Bellunopress - Dolomiti\",\"description\":\"e-mail: redazione@bellunopress.it\",\"publisher\":{\"@id\":\"https:\\\/\\\/www.bellunopress.it\\\/#organization\"},\"potentialAction\":[{\"@type\":\"SearchAction\",\"target\":{\"@type\":\"EntryPoint\",\"urlTemplate\":\"https:\\\/\\\/www.bellunopress.it\\\/?s={search_term_string}\"},\"query-input\":{\"@type\":\"PropertyValueSpecification\",\"valueRequired\":true,\"valueName\":\"search_term_string\"}}],\"inLanguage\":\"fr-FR\"},{\"@type\":\"Organization\",\"@id\":\"https:\\\/\\\/www.bellunopress.it\\\/#organization\",\"name\":\"Bellunopress\",\"url\":\"https:\\\/\\\/www.bellunopress.it\\\/\",\"logo\":{\"@type\":\"ImageObject\",\"inLanguage\":\"fr-FR\",\"@id\":\"https:\\\/\\\/www.bellunopress.it\\\/#\\\/schema\\\/logo\\\/image\\\/\",\"url\":\"https:\\\/\\\/www.bellunopress.it\\\/wp-content\\\/uploads\\\/2011\\\/05\\\/cropped-logo-bellunopress-.jpg\",\"contentUrl\":\"https:\\\/\\\/www.bellunopress.it\\\/wp-content\\\/uploads\\\/2011\\\/05\\\/cropped-logo-bellunopress-.jpg\",\"width\":512,\"height\":512,\"caption\":\"Bellunopress\"},\"image\":{\"@id\":\"https:\\\/\\\/www.bellunopress.it\\\/#\\\/schema\\\/logo\\\/image\\\/\"},\"sameAs\":[\"https:\\\/\\\/www.facebook.com\\\/profile.php?id=100008943462799\",\"https:\\\/\\\/x.com\\\/bellunopress\",\"https:\\\/\\\/www.linkedin.com\\\/hp\\\/?dnr=JBzUWaJfMUw8vbXJJ2tVW5-I3jZKvC4wsoxE&amp;amp;amp;amp;amp;amp;trk=nav_responsive_tab_home\",\"https:\\\/\\\/www.youtube.com\\\/channel\\\/UCxL0wu1uN0_3_7hGG0306cw\"]},{\"@type\":\"Person\",\"@id\":\"https:\\\/\\\/www.bellunopress.it\\\/#\\\/schema\\\/person\\\/79bb06722b37ece1c03d3e94beb30d73\",\"name\":\"redazione\",\"image\":{\"@type\":\"ImageObject\",\"inLanguage\":\"fr-FR\",\"@id\":\"https:\\\/\\\/secure.gravatar.com\\\/avatar\\\/37d968a2e67a6fd04c169c4bdef102d0bc5d31b2546345219e348575eb80e9a0?s=96&d=mm&r=g\",\"url\":\"https:\\\/\\\/secure.gravatar.com\\\/avatar\\\/37d968a2e67a6fd04c169c4bdef102d0bc5d31b2546345219e348575eb80e9a0?s=96&d=mm&r=g\",\"contentUrl\":\"https:\\\/\\\/secure.gravatar.com\\\/avatar\\\/37d968a2e67a6fd04c169c4bdef102d0bc5d31b2546345219e348575eb80e9a0?s=96&d=mm&r=g\",\"caption\":\"redazione\"},\"sameAs\":[\"http:\\\/\\\/www.bellunopress.it\",\"https:\\\/\\\/x.com\\\/bellunopress\"],\"url\":\"https:\\\/\\\/www.bellunopress.it\\\/fr\\\/author\\\/redazione\\\/\"}]}<\/script>\n<!-- \/ Yoast SEO plugin. -->","yoast_head_json":{"title":"Alessia Veggo, studentessa vicentina, incoronata alla 13ma edizione del Gran ballo viennese di Roma - Bellunopress - Dolomiti","robots":{"index":"index","follow":"follow","max-snippet":"max-snippet:-1","max-image-preview":"max-image-preview:large","max-video-preview":"max-video-preview:-1"},"canonical":"https:\/\/www.bellunopress.it\/fr\/2019\/10\/20\/alessia-veggo-studentessa-vicentina-incoronata-alla-13ma-edizione-del-gran-ballo-viennese-di-roma\/","og_locale":"fr_FR","og_type":"article","og_title":"Alessia Veggo, studentessa vicentina, incoronata alla 13ma edizione del Gran ballo viennese di Roma - Bellunopress - Dolomiti","og_description":"Se una favola potesse prender vita, il Gran Ballo Viennese di Roma ne sarebbe senza dubbio la rappresentazione pi\u00f9 reale. L&#8217;orchestra dal vivo che suona il valzer, gli abiti fiabeschi, la sala da Ballo del maestoso St. Regis Rome, ma soprattutto l&#8217;emozione unica delle giovani principesse e dei loro cavalieri. Tutti questi gli elementi di [&hellip;]","og_url":"https:\/\/www.bellunopress.it\/fr\/2019\/10\/20\/alessia-veggo-studentessa-vicentina-incoronata-alla-13ma-edizione-del-gran-ballo-viennese-di-roma\/","og_site_name":"Bellunopress - Dolomiti","article_publisher":"https:\/\/www.facebook.com\/profile.php?id=100008943462799","article_published_time":"2019-10-20T13:01:42+00:00","article_modified_time":"2019-10-20T13:01:43+00:00","og_image":[{"url":"http:\/\/www.bellunopress.it\/wp-content\/uploads\/2019\/10\/ballo-Alessia-Veggo-e-Simone-Rizzo.jpg","type":"","width":"","height":""}],"author":"redazione","twitter_card":"summary_large_image","twitter_creator":"@bellunopress","twitter_site":"@bellunopress","twitter_misc":{"\u00c9crit par":"redazione","Dur\u00e9e de lecture estim\u00e9e":"4 minutes"},"schema":{"@context":"https:\/\/schema.org","@graph":[{"@type":"Article","@id":"https:\/\/www.bellunopress.it\/2019\/10\/20\/alessia-veggo-studentessa-vicentina-incoronata-alla-13ma-edizione-del-gran-ballo-viennese-di-roma\/#article","isPartOf":{"@id":"https:\/\/www.bellunopress.it\/2019\/10\/20\/alessia-veggo-studentessa-vicentina-incoronata-alla-13ma-edizione-del-gran-ballo-viennese-di-roma\/"},"author":{"name":"redazione","@id":"https:\/\/www.bellunopress.it\/#\/schema\/person\/79bb06722b37ece1c03d3e94beb30d73"},"headline":"Alessia Veggo, studentessa vicentina, incoronata alla 13ma edizione del Gran ballo viennese di Roma","datePublished":"2019-10-20T13:01:42+00:00","dateModified":"2019-10-20T13:01:43+00:00","mainEntityOfPage":{"@id":"https:\/\/www.bellunopress.it\/2019\/10\/20\/alessia-veggo-studentessa-vicentina-incoronata-alla-13ma-edizione-del-gran-ballo-viennese-di-roma\/"},"wordCount":877,"publisher":{"@id":"https:\/\/www.bellunopress.it\/#organization"},"image":{"@id":"https:\/\/www.bellunopress.it\/2019\/10\/20\/alessia-veggo-studentessa-vicentina-incoronata-alla-13ma-edizione-del-gran-ballo-viennese-di-roma\/#primaryimage"},"thumbnailUrl":"http:\/\/www.bellunopress.it\/wp-content\/uploads\/2019\/10\/ballo-Alessia-Veggo-e-Simone-Rizzo.jpg","articleSection":["Arte, Cultura, Spettacoli, Scienza","Prima Pagina"],"inLanguage":"fr-FR"},{"@type":"WebPage","@id":"https:\/\/www.bellunopress.it\/2019\/10\/20\/alessia-veggo-studentessa-vicentina-incoronata-alla-13ma-edizione-del-gran-ballo-viennese-di-roma\/","url":"https:\/\/www.bellunopress.it\/2019\/10\/20\/alessia-veggo-studentessa-vicentina-incoronata-alla-13ma-edizione-del-gran-ballo-viennese-di-roma\/","name":"Alessia Veggo, studentessa vicentina, incoronata alla 13ma edizione del Gran ballo viennese di Roma - Bellunopress - Dolomiti","isPartOf":{"@id":"https:\/\/www.bellunopress.it\/#website"},"primaryImageOfPage":{"@id":"https:\/\/www.bellunopress.it\/2019\/10\/20\/alessia-veggo-studentessa-vicentina-incoronata-alla-13ma-edizione-del-gran-ballo-viennese-di-roma\/#primaryimage"},"image":{"@id":"https:\/\/www.bellunopress.it\/2019\/10\/20\/alessia-veggo-studentessa-vicentina-incoronata-alla-13ma-edizione-del-gran-ballo-viennese-di-roma\/#primaryimage"},"thumbnailUrl":"http:\/\/www.bellunopress.it\/wp-content\/uploads\/2019\/10\/ballo-Alessia-Veggo-e-Simone-Rizzo.jpg","datePublished":"2019-10-20T13:01:42+00:00","dateModified":"2019-10-20T13:01:43+00:00","breadcrumb":{"@id":"https:\/\/www.bellunopress.it\/2019\/10\/20\/alessia-veggo-studentessa-vicentina-incoronata-alla-13ma-edizione-del-gran-ballo-viennese-di-roma\/#breadcrumb"},"inLanguage":"fr-FR","potentialAction":[{"@type":"ReadAction","target":["https:\/\/www.bellunopress.it\/2019\/10\/20\/alessia-veggo-studentessa-vicentina-incoronata-alla-13ma-edizione-del-gran-ballo-viennese-di-roma\/"]}]},{"@type":"ImageObject","inLanguage":"fr-FR","@id":"https:\/\/www.bellunopress.it\/2019\/10\/20\/alessia-veggo-studentessa-vicentina-incoronata-alla-13ma-edizione-del-gran-ballo-viennese-di-roma\/#primaryimage","url":"http:\/\/www.bellunopress.it\/wp-content\/uploads\/2019\/10\/ballo-Alessia-Veggo-e-Simone-Rizzo.jpg","contentUrl":"http:\/\/www.bellunopress.it\/wp-content\/uploads\/2019\/10\/ballo-Alessia-Veggo-e-Simone-Rizzo.jpg"},{"@type":"BreadcrumbList","@id":"https:\/\/www.bellunopress.it\/2019\/10\/20\/alessia-veggo-studentessa-vicentina-incoronata-alla-13ma-edizione-del-gran-ballo-viennese-di-roma\/#breadcrumb","itemListElement":[{"@type":"ListItem","position":1,"name":"Home","item":"https:\/\/www.bellunopress.it\/"},{"@type":"ListItem","position":2,"name":"Alessia Veggo, studentessa vicentina, incoronata alla 13ma edizione del Gran ballo viennese di Roma"}]},{"@type":"WebSite","@id":"https:\/\/www.bellunopress.it\/#website","url":"https:\/\/www.bellunopress.it\/","name":"Bellunopress - Dolomiti","description":"e-mail: redazione@bellunopress.it","publisher":{"@id":"https:\/\/www.bellunopress.it\/#organization"},"potentialAction":[{"@type":"SearchAction","target":{"@type":"EntryPoint","urlTemplate":"https:\/\/www.bellunopress.it\/?s={search_term_string}"},"query-input":{"@type":"PropertyValueSpecification","valueRequired":true,"valueName":"search_term_string"}}],"inLanguage":"fr-FR"},{"@type":"Organization","@id":"https:\/\/www.bellunopress.it\/#organization","name":"Bellunopress","url":"https:\/\/www.bellunopress.it\/","logo":{"@type":"ImageObject","inLanguage":"fr-FR","@id":"https:\/\/www.bellunopress.it\/#\/schema\/logo\/image\/","url":"https:\/\/www.bellunopress.it\/wp-content\/uploads\/2011\/05\/cropped-logo-bellunopress-.jpg","contentUrl":"https:\/\/www.bellunopress.it\/wp-content\/uploads\/2011\/05\/cropped-logo-bellunopress-.jpg","width":512,"height":512,"caption":"Bellunopress"},"image":{"@id":"https:\/\/www.bellunopress.it\/#\/schema\/logo\/image\/"},"sameAs":["https:\/\/www.facebook.com\/profile.php?id=100008943462799","https:\/\/x.com\/bellunopress","https:\/\/www.linkedin.com\/hp\/?dnr=JBzUWaJfMUw8vbXJJ2tVW5-I3jZKvC4wsoxE&amp;amp;amp;amp;amp;amp;trk=nav_responsive_tab_home","https:\/\/www.youtube.com\/channel\/UCxL0wu1uN0_3_7hGG0306cw"]},{"@type":"Person","@id":"https:\/\/www.bellunopress.it\/#\/schema\/person\/79bb06722b37ece1c03d3e94beb30d73","name":"r\u00e9daction","image":{"@type":"ImageObject","inLanguage":"fr-FR","@id":"https:\/\/secure.gravatar.com\/avatar\/37d968a2e67a6fd04c169c4bdef102d0bc5d31b2546345219e348575eb80e9a0?s=96&d=mm&r=g","url":"https:\/\/secure.gravatar.com\/avatar\/37d968a2e67a6fd04c169c4bdef102d0bc5d31b2546345219e348575eb80e9a0?s=96&d=mm&r=g","contentUrl":"https:\/\/secure.gravatar.com\/avatar\/37d968a2e67a6fd04c169c4bdef102d0bc5d31b2546345219e348575eb80e9a0?s=96&d=mm&r=g","caption":"redazione"},"sameAs":["http:\/\/www.bellunopress.it","https:\/\/x.com\/bellunopress"],"url":"https:\/\/www.bellunopress.it\/fr\/author\/redazione\/"}]}},"_links":{"self":[{"href":"https:\/\/www.bellunopress.it\/fr\/wp-json\/wp\/v2\/posts\/108900","targetHints":{"allow":["GET"]}}],"collection":[{"href":"https:\/\/www.bellunopress.it\/fr\/wp-json\/wp\/v2\/posts"}],"about":[{"href":"https:\/\/www.bellunopress.it\/fr\/wp-json\/wp\/v2\/types\/post"}],"author":[{"embeddable":true,"href":"https:\/\/www.bellunopress.it\/fr\/wp-json\/wp\/v2\/users\/2"}],"replies":[{"embeddable":true,"href":"https:\/\/www.bellunopress.it\/fr\/wp-json\/wp\/v2\/comments?post=108900"}],"version-history":[{"count":2,"href":"https:\/\/www.bellunopress.it\/fr\/wp-json\/wp\/v2\/posts\/108900\/revisions"}],"predecessor-version":[{"id":108903,"href":"https:\/\/www.bellunopress.it\/fr\/wp-json\/wp\/v2\/posts\/108900\/revisions\/108903"}],"wp:attachment":[{"href":"https:\/\/www.bellunopress.it\/fr\/wp-json\/wp\/v2\/media?parent=108900"}],"wp:term":[{"taxonomy":"category","embeddable":true,"href":"https:\/\/www.bellunopress.it\/fr\/wp-json\/wp\/v2\/categories?post=108900"},{"taxonomy":"post_tag","embeddable":true,"href":"https:\/\/www.bellunopress.it\/fr\/wp-json\/wp\/v2\/tags?post=108900"}],"curies":[{"name":"wp","href":"https:\/\/api.w.org\/{rel}","templated":true}]}}