{"id":10880,"date":"2009-12-21T13:14:24","date_gmt":"2009-12-21T12:14:24","guid":{"rendered":"http:\/\/www.bellunopress.it\/?p=10880"},"modified":"2009-12-21T13:14:24","modified_gmt":"2009-12-21T12:14:24","slug":"trecento-panettoni-per-le-case-di-riposo-di-puos-e-santa-croce","status":"publish","type":"post","link":"https:\/\/www.bellunopress.it\/fr\/2009\/12\/21\/trecento-panettoni-per-le-case-di-riposo-di-puos-e-santa-croce\/","title":{"rendered":"Trecento panettoni per le case di riposo di Puos e Santa Croce"},"content":{"rendered":"<p>Il Comitato Alpago 2 ruote &amp; solidariet\u00e0, in occasione del Santo Natale e grazie alla generosit\u00e0 del panificio Collarini di Puos d\u2019Alpago, uno degli sponsor storici del Giro del Lago di Santa Croce, distribuir\u00e0 nella mattinata di marted\u00ec 22 dicembre\u00a0circa 300 panettoni agli ospiti e ai dipendenti della Casa di Soggiorno di Puos d\u2019Alpago (ore 10.00) e di Santa Croce del Lago (ore 11.00).<br \/>\nTale iniziativa bissa quella di Pasqua 2009, occasione nella quale circa 300 focacce furono consegnate alle medesime strutture, grazie allora alla collaborazione del panificio Balbinot di Paludi di Pieve d\u2019Alpago.<br \/>\nIl Comitato, attraverso tale simbolica iniziativa, spiega il sui presidente Vittorio Mares, \u201cintende nuovamente richiamare l\u2019attenzione delle istituzioni e della collettivit\u00e0 sulle molteplici problematiche legate all\u2019anziano, al suo ruolo e alla sua particolare posizione in seno alla famiglia e alla societ\u00e0\u201d.<br \/>\nCome recita la &#8220;Lettera agli anziani&#8221; di Giovanni Paolo II &#8220;se ci soffermiamo ad analizzare la situazione attuale, constatiamo che presso alcuni popoli la vecchiaia \u00e8 stimata e valorizzata; presso altri, invece, lo \u00e8 molto meno a causa di una mentalit\u00e0 che pone al primo posto l&#8217;utilit\u00e0 immediata e la produttivit\u00e0 dell&#8217;uomo&#8221;, caso evidente nelle societ\u00e0 occidentali, Italia, Veneto e bellunese compresi.<br \/>\nSociet\u00e0 che hanno in parte dimenticato come &#8220;gli anziani aiutano a guardare alle vicende terrene con pi\u00f9 saggezza, perch\u00e9 le vicissitudini li hanno resi esperti e maturi. Essi sono custodi della memoria collettiva, e perci\u00f2 interpreti privilegiati di quell&#8217;insieme di ideali e di valori comuni che reggono e guidano la convivenza sociale. Escluderli \u00e8 come rifiutare il passato, in cui affondano le radici del presente, in nome di una modernit\u00e0 senza memoria&#8221;.<br \/>\nL\u2019auspicio espresso quindi dal Comitato &#8211; continua Mares &#8211; \u201c\u00e8 che la vecchiaia torni ad essere la fase della saggezza e dell\u2019equilibrio morale e che l\u2019anziano venga valorizzato come memoria storica della societ\u00e0, come custode della tradizione e detentore di un patrimonio di esperienza professionale, tramandabile alle generazioni future, e non visto solo come un \u201csoggetto inattivo\u201d in quanto economicamente non produttivo\u201d.<\/p>","protected":false},"excerpt":{"rendered":"<p>Il Comitato Alpago 2 ruote &amp; solidariet\u00e0, in occasione del Santo Natale e grazie alla generosit\u00e0 del panificio Collarini di Puos d\u2019Alpago, uno degli sponsor storici del Giro del Lago di Santa Croce, distribuir\u00e0 nella mattinata di marted\u00ec 22 dicembre\u00a0circa 300 panettoni agli ospiti e ai dipendenti della Casa di Soggiorno di Puos d\u2019Alpago (ore [&hellip;]<\/p>\n","protected":false},"author":2,"featured_media":0,"comment_status":"closed","ping_status":"open","sticky":false,"template":"","format":"standard","meta":{"footnotes":""},"categories":[5,26,8],"tags":[],"class_list":["post-10880","post","type-post","status-publish","format-standard","category-cronaca","category-prima-pagina","category-societa-istituzioni"],"yoast_head":"<!-- This site is optimized with the Yoast SEO plugin v28.4 - https:\/\/yoast.com\/product\/yoast-seo-wordpress\/ -->\n<title>Trecento panettoni per le case di riposo di Puos e Santa Croce - Bellunopress - Dolomiti<\/title>\n<meta name=\"robots\" content=\"index, follow, max-snippet:-1, max-image-preview:large, max-video-preview:-1\" \/>\n<link rel=\"canonical\" href=\"https:\/\/www.bellunopress.it\/fr\/2009\/12\/21\/trecento-panettoni-per-le-case-di-riposo-di-puos-e-santa-croce\/\" \/>\n<meta property=\"og:locale\" content=\"fr_FR\" \/>\n<meta property=\"og:type\" content=\"article\" \/>\n<meta property=\"og:title\" content=\"Trecento panettoni per le case di riposo di Puos e Santa Croce - Bellunopress - Dolomiti\" \/>\n<meta property=\"og:description\" content=\"Il Comitato Alpago 2 ruote &amp; solidariet\u00e0, in occasione del Santo Natale e grazie alla generosit\u00e0 del panificio Collarini di Puos d\u2019Alpago, uno degli sponsor storici del Giro del Lago di Santa Croce, distribuir\u00e0 nella mattinata di marted\u00ec 22 dicembre\u00a0circa 300 panettoni agli ospiti e ai dipendenti della Casa di Soggiorno di Puos d\u2019Alpago (ore [&hellip;]\" \/>\n<meta property=\"og:url\" content=\"https:\/\/www.bellunopress.it\/fr\/2009\/12\/21\/trecento-panettoni-per-le-case-di-riposo-di-puos-e-santa-croce\/\" \/>\n<meta property=\"og:site_name\" content=\"Bellunopress - Dolomiti\" \/>\n<meta property=\"article:publisher\" content=\"https:\/\/www.facebook.com\/profile.php?id=100008943462799\" \/>\n<meta property=\"article:published_time\" content=\"2009-12-21T12:14:24+00:00\" \/>\n<meta property=\"og:image\" content=\"http:\/\/www.bellunopress.it\/wp-content\/uploads\/2012\/07\/logo-bellunopress-250x250-2012.jpg\" \/>\n<meta name=\"author\" content=\"redazione\" \/>\n<meta name=\"twitter:card\" content=\"summary_large_image\" \/>\n<meta name=\"twitter:creator\" content=\"@bellunopress\" \/>\n<meta name=\"twitter:site\" content=\"@bellunopress\" \/>\n<meta name=\"twitter:label1\" content=\"\u00c9crit par\" \/>\n\t<meta name=\"twitter:data1\" content=\"redazione\" \/>\n\t<meta name=\"twitter:label2\" content=\"Dur\u00e9e de lecture estim\u00e9e\" \/>\n\t<meta name=\"twitter:data2\" content=\"2 minutes\" \/>\n<script type=\"application\/ld+json\" class=\"yoast-schema-graph\">{\"@context\":\"https:\\\/\\\/schema.org\",\"@graph\":[{\"@type\":\"Article\",\"@id\":\"https:\\\/\\\/www.bellunopress.it\\\/2009\\\/12\\\/21\\\/trecento-panettoni-per-le-case-di-riposo-di-puos-e-santa-croce\\\/#article\",\"isPartOf\":{\"@id\":\"https:\\\/\\\/www.bellunopress.it\\\/2009\\\/12\\\/21\\\/trecento-panettoni-per-le-case-di-riposo-di-puos-e-santa-croce\\\/\"},\"author\":{\"name\":\"redazione\",\"@id\":\"https:\\\/\\\/www.bellunopress.it\\\/#\\\/schema\\\/person\\\/79bb06722b37ece1c03d3e94beb30d73\"},\"headline\":\"Trecento panettoni per le case di riposo di Puos e Santa Croce\",\"datePublished\":\"2009-12-21T12:14:24+00:00\",\"mainEntityOfPage\":{\"@id\":\"https:\\\/\\\/www.bellunopress.it\\\/2009\\\/12\\\/21\\\/trecento-panettoni-per-le-case-di-riposo-di-puos-e-santa-croce\\\/\"},\"wordCount\":344,\"publisher\":{\"@id\":\"https:\\\/\\\/www.bellunopress.it\\\/#organization\"},\"articleSection\":[\"Cronaca\\\/Politica\",\"Prima Pagina\",\"Societ\u00e0, Associazioni, Istituzioni\"],\"inLanguage\":\"fr-FR\"},{\"@type\":\"WebPage\",\"@id\":\"https:\\\/\\\/www.bellunopress.it\\\/2009\\\/12\\\/21\\\/trecento-panettoni-per-le-case-di-riposo-di-puos-e-santa-croce\\\/\",\"url\":\"https:\\\/\\\/www.bellunopress.it\\\/2009\\\/12\\\/21\\\/trecento-panettoni-per-le-case-di-riposo-di-puos-e-santa-croce\\\/\",\"name\":\"Trecento panettoni per le case di riposo di Puos e Santa Croce - Bellunopress - Dolomiti\",\"isPartOf\":{\"@id\":\"https:\\\/\\\/www.bellunopress.it\\\/#website\"},\"datePublished\":\"2009-12-21T12:14:24+00:00\",\"breadcrumb\":{\"@id\":\"https:\\\/\\\/www.bellunopress.it\\\/2009\\\/12\\\/21\\\/trecento-panettoni-per-le-case-di-riposo-di-puos-e-santa-croce\\\/#breadcrumb\"},\"inLanguage\":\"fr-FR\",\"potentialAction\":[{\"@type\":\"ReadAction\",\"target\":[\"https:\\\/\\\/www.bellunopress.it\\\/2009\\\/12\\\/21\\\/trecento-panettoni-per-le-case-di-riposo-di-puos-e-santa-croce\\\/\"]}]},{\"@type\":\"BreadcrumbList\",\"@id\":\"https:\\\/\\\/www.bellunopress.it\\\/2009\\\/12\\\/21\\\/trecento-panettoni-per-le-case-di-riposo-di-puos-e-santa-croce\\\/#breadcrumb\",\"itemListElement\":[{\"@type\":\"ListItem\",\"position\":1,\"name\":\"Home\",\"item\":\"https:\\\/\\\/www.bellunopress.it\\\/\"},{\"@type\":\"ListItem\",\"position\":2,\"name\":\"Trecento panettoni per le case di riposo di Puos e Santa Croce\"}]},{\"@type\":\"WebSite\",\"@id\":\"https:\\\/\\\/www.bellunopress.it\\\/#website\",\"url\":\"https:\\\/\\\/www.bellunopress.it\\\/\",\"name\":\"Bellunopress - Dolomiti\",\"description\":\"e-mail: redazione@bellunopress.it\",\"publisher\":{\"@id\":\"https:\\\/\\\/www.bellunopress.it\\\/#organization\"},\"potentialAction\":[{\"@type\":\"SearchAction\",\"target\":{\"@type\":\"EntryPoint\",\"urlTemplate\":\"https:\\\/\\\/www.bellunopress.it\\\/?s={search_term_string}\"},\"query-input\":{\"@type\":\"PropertyValueSpecification\",\"valueRequired\":true,\"valueName\":\"search_term_string\"}}],\"inLanguage\":\"fr-FR\"},{\"@type\":\"Organization\",\"@id\":\"https:\\\/\\\/www.bellunopress.it\\\/#organization\",\"name\":\"Bellunopress\",\"url\":\"https:\\\/\\\/www.bellunopress.it\\\/\",\"logo\":{\"@type\":\"ImageObject\",\"inLanguage\":\"fr-FR\",\"@id\":\"https:\\\/\\\/www.bellunopress.it\\\/#\\\/schema\\\/logo\\\/image\\\/\",\"url\":\"https:\\\/\\\/www.bellunopress.it\\\/wp-content\\\/uploads\\\/2011\\\/05\\\/cropped-logo-bellunopress-.jpg\",\"contentUrl\":\"https:\\\/\\\/www.bellunopress.it\\\/wp-content\\\/uploads\\\/2011\\\/05\\\/cropped-logo-bellunopress-.jpg\",\"width\":512,\"height\":512,\"caption\":\"Bellunopress\"},\"image\":{\"@id\":\"https:\\\/\\\/www.bellunopress.it\\\/#\\\/schema\\\/logo\\\/image\\\/\"},\"sameAs\":[\"https:\\\/\\\/www.facebook.com\\\/profile.php?id=100008943462799\",\"https:\\\/\\\/x.com\\\/bellunopress\",\"https:\\\/\\\/www.linkedin.com\\\/hp\\\/?dnr=JBzUWaJfMUw8vbXJJ2tVW5-I3jZKvC4wsoxE&amp;amp;amp;amp;amp;amp;trk=nav_responsive_tab_home\",\"https:\\\/\\\/www.youtube.com\\\/channel\\\/UCxL0wu1uN0_3_7hGG0306cw\"]},{\"@type\":\"Person\",\"@id\":\"https:\\\/\\\/www.bellunopress.it\\\/#\\\/schema\\\/person\\\/79bb06722b37ece1c03d3e94beb30d73\",\"name\":\"redazione\",\"image\":{\"@type\":\"ImageObject\",\"inLanguage\":\"fr-FR\",\"@id\":\"https:\\\/\\\/secure.gravatar.com\\\/avatar\\\/37d968a2e67a6fd04c169c4bdef102d0bc5d31b2546345219e348575eb80e9a0?s=96&d=mm&r=g\",\"url\":\"https:\\\/\\\/secure.gravatar.com\\\/avatar\\\/37d968a2e67a6fd04c169c4bdef102d0bc5d31b2546345219e348575eb80e9a0?s=96&d=mm&r=g\",\"contentUrl\":\"https:\\\/\\\/secure.gravatar.com\\\/avatar\\\/37d968a2e67a6fd04c169c4bdef102d0bc5d31b2546345219e348575eb80e9a0?s=96&d=mm&r=g\",\"caption\":\"redazione\"},\"sameAs\":[\"http:\\\/\\\/www.bellunopress.it\",\"https:\\\/\\\/x.com\\\/bellunopress\"],\"url\":\"https:\\\/\\\/www.bellunopress.it\\\/fr\\\/author\\\/redazione\\\/\"}]}<\/script>\n<!-- \/ Yoast SEO plugin. -->","yoast_head_json":{"title":"Trecento panettoni per le case di riposo di Puos e Santa Croce - Bellunopress - Dolomiti","robots":{"index":"index","follow":"follow","max-snippet":"max-snippet:-1","max-image-preview":"max-image-preview:large","max-video-preview":"max-video-preview:-1"},"canonical":"https:\/\/www.bellunopress.it\/fr\/2009\/12\/21\/trecento-panettoni-per-le-case-di-riposo-di-puos-e-santa-croce\/","og_locale":"fr_FR","og_type":"article","og_title":"Trecento panettoni per le case di riposo di Puos e Santa Croce - Bellunopress - Dolomiti","og_description":"Il Comitato Alpago 2 ruote &amp; solidariet\u00e0, in occasione del Santo Natale e grazie alla generosit\u00e0 del panificio Collarini di Puos d\u2019Alpago, uno degli sponsor storici del Giro del Lago di Santa Croce, distribuir\u00e0 nella mattinata di marted\u00ec 22 dicembre\u00a0circa 300 panettoni agli ospiti e ai dipendenti della Casa di Soggiorno di Puos d\u2019Alpago (ore [&hellip;]","og_url":"https:\/\/www.bellunopress.it\/fr\/2009\/12\/21\/trecento-panettoni-per-le-case-di-riposo-di-puos-e-santa-croce\/","og_site_name":"Bellunopress - Dolomiti","article_publisher":"https:\/\/www.facebook.com\/profile.php?id=100008943462799","article_published_time":"2009-12-21T12:14:24+00:00","og_image":[{"url":"http:\/\/www.bellunopress.it\/wp-content\/uploads\/2012\/07\/logo-bellunopress-250x250-2012.jpg","type":"","width":"","height":""}],"author":"redazione","twitter_card":"summary_large_image","twitter_creator":"@bellunopress","twitter_site":"@bellunopress","twitter_misc":{"\u00c9crit par":"redazione","Dur\u00e9e de lecture estim\u00e9e":"2 minutes"},"schema":{"@context":"https:\/\/schema.org","@graph":[{"@type":"Article","@id":"https:\/\/www.bellunopress.it\/2009\/12\/21\/trecento-panettoni-per-le-case-di-riposo-di-puos-e-santa-croce\/#article","isPartOf":{"@id":"https:\/\/www.bellunopress.it\/2009\/12\/21\/trecento-panettoni-per-le-case-di-riposo-di-puos-e-santa-croce\/"},"author":{"name":"redazione","@id":"https:\/\/www.bellunopress.it\/#\/schema\/person\/79bb06722b37ece1c03d3e94beb30d73"},"headline":"Trecento panettoni per le case di riposo di Puos e Santa Croce","datePublished":"2009-12-21T12:14:24+00:00","mainEntityOfPage":{"@id":"https:\/\/www.bellunopress.it\/2009\/12\/21\/trecento-panettoni-per-le-case-di-riposo-di-puos-e-santa-croce\/"},"wordCount":344,"publisher":{"@id":"https:\/\/www.bellunopress.it\/#organization"},"articleSection":["Cronaca\/Politica","Prima Pagina","Societ\u00e0, Associazioni, Istituzioni"],"inLanguage":"fr-FR"},{"@type":"WebPage","@id":"https:\/\/www.bellunopress.it\/2009\/12\/21\/trecento-panettoni-per-le-case-di-riposo-di-puos-e-santa-croce\/","url":"https:\/\/www.bellunopress.it\/2009\/12\/21\/trecento-panettoni-per-le-case-di-riposo-di-puos-e-santa-croce\/","name":"Trecento panettoni per le case di riposo di Puos e Santa Croce - Bellunopress - Dolomiti","isPartOf":{"@id":"https:\/\/www.bellunopress.it\/#website"},"datePublished":"2009-12-21T12:14:24+00:00","breadcrumb":{"@id":"https:\/\/www.bellunopress.it\/2009\/12\/21\/trecento-panettoni-per-le-case-di-riposo-di-puos-e-santa-croce\/#breadcrumb"},"inLanguage":"fr-FR","potentialAction":[{"@type":"ReadAction","target":["https:\/\/www.bellunopress.it\/2009\/12\/21\/trecento-panettoni-per-le-case-di-riposo-di-puos-e-santa-croce\/"]}]},{"@type":"BreadcrumbList","@id":"https:\/\/www.bellunopress.it\/2009\/12\/21\/trecento-panettoni-per-le-case-di-riposo-di-puos-e-santa-croce\/#breadcrumb","itemListElement":[{"@type":"ListItem","position":1,"name":"Home","item":"https:\/\/www.bellunopress.it\/"},{"@type":"ListItem","position":2,"name":"Trecento panettoni per le case di riposo di Puos e Santa Croce"}]},{"@type":"WebSite","@id":"https:\/\/www.bellunopress.it\/#website","url":"https:\/\/www.bellunopress.it\/","name":"Bellunopress - Dolomiti","description":"e-mail: redazione@bellunopress.it","publisher":{"@id":"https:\/\/www.bellunopress.it\/#organization"},"potentialAction":[{"@type":"SearchAction","target":{"@type":"EntryPoint","urlTemplate":"https:\/\/www.bellunopress.it\/?s={search_term_string}"},"query-input":{"@type":"PropertyValueSpecification","valueRequired":true,"valueName":"search_term_string"}}],"inLanguage":"fr-FR"},{"@type":"Organization","@id":"https:\/\/www.bellunopress.it\/#organization","name":"Bellunopress","url":"https:\/\/www.bellunopress.it\/","logo":{"@type":"ImageObject","inLanguage":"fr-FR","@id":"https:\/\/www.bellunopress.it\/#\/schema\/logo\/image\/","url":"https:\/\/www.bellunopress.it\/wp-content\/uploads\/2011\/05\/cropped-logo-bellunopress-.jpg","contentUrl":"https:\/\/www.bellunopress.it\/wp-content\/uploads\/2011\/05\/cropped-logo-bellunopress-.jpg","width":512,"height":512,"caption":"Bellunopress"},"image":{"@id":"https:\/\/www.bellunopress.it\/#\/schema\/logo\/image\/"},"sameAs":["https:\/\/www.facebook.com\/profile.php?id=100008943462799","https:\/\/x.com\/bellunopress","https:\/\/www.linkedin.com\/hp\/?dnr=JBzUWaJfMUw8vbXJJ2tVW5-I3jZKvC4wsoxE&amp;amp;amp;amp;amp;amp;trk=nav_responsive_tab_home","https:\/\/www.youtube.com\/channel\/UCxL0wu1uN0_3_7hGG0306cw"]},{"@type":"Person","@id":"https:\/\/www.bellunopress.it\/#\/schema\/person\/79bb06722b37ece1c03d3e94beb30d73","name":"r\u00e9daction","image":{"@type":"ImageObject","inLanguage":"fr-FR","@id":"https:\/\/secure.gravatar.com\/avatar\/37d968a2e67a6fd04c169c4bdef102d0bc5d31b2546345219e348575eb80e9a0?s=96&d=mm&r=g","url":"https:\/\/secure.gravatar.com\/avatar\/37d968a2e67a6fd04c169c4bdef102d0bc5d31b2546345219e348575eb80e9a0?s=96&d=mm&r=g","contentUrl":"https:\/\/secure.gravatar.com\/avatar\/37d968a2e67a6fd04c169c4bdef102d0bc5d31b2546345219e348575eb80e9a0?s=96&d=mm&r=g","caption":"redazione"},"sameAs":["http:\/\/www.bellunopress.it","https:\/\/x.com\/bellunopress"],"url":"https:\/\/www.bellunopress.it\/fr\/author\/redazione\/"}]}},"_links":{"self":[{"href":"https:\/\/www.bellunopress.it\/fr\/wp-json\/wp\/v2\/posts\/10880","targetHints":{"allow":["GET"]}}],"collection":[{"href":"https:\/\/www.bellunopress.it\/fr\/wp-json\/wp\/v2\/posts"}],"about":[{"href":"https:\/\/www.bellunopress.it\/fr\/wp-json\/wp\/v2\/types\/post"}],"author":[{"embeddable":true,"href":"https:\/\/www.bellunopress.it\/fr\/wp-json\/wp\/v2\/users\/2"}],"replies":[{"embeddable":true,"href":"https:\/\/www.bellunopress.it\/fr\/wp-json\/wp\/v2\/comments?post=10880"}],"version-history":[{"count":1,"href":"https:\/\/www.bellunopress.it\/fr\/wp-json\/wp\/v2\/posts\/10880\/revisions"}],"predecessor-version":[{"id":10883,"href":"https:\/\/www.bellunopress.it\/fr\/wp-json\/wp\/v2\/posts\/10880\/revisions\/10883"}],"wp:attachment":[{"href":"https:\/\/www.bellunopress.it\/fr\/wp-json\/wp\/v2\/media?parent=10880"}],"wp:term":[{"taxonomy":"category","embeddable":true,"href":"https:\/\/www.bellunopress.it\/fr\/wp-json\/wp\/v2\/categories?post=10880"},{"taxonomy":"post_tag","embeddable":true,"href":"https:\/\/www.bellunopress.it\/fr\/wp-json\/wp\/v2\/tags?post=10880"}],"curies":[{"name":"wp","href":"https:\/\/api.w.org\/{rel}","templated":true}]}}