{"id":108798,"date":"2019-10-17T11:53:15","date_gmt":"2019-10-17T09:53:15","guid":{"rendered":"http:\/\/www.bellunopress.it\/?p=108798"},"modified":"2019-10-17T17:44:36","modified_gmt":"2019-10-17T15:44:36","slug":"ad-erica-giopp-il-37mo-premio-gambrinus-giuseppe-mazzotti-nella-sezione-esplorazione-viaggi","status":"publish","type":"post","link":"https:\/\/www.bellunopress.it\/fr\/2019\/10\/17\/ad-erica-giopp-il-37mo-premio-gambrinus-giuseppe-mazzotti-nella-sezione-esplorazione-viaggi\/","title":{"rendered":"Ad Erica Giopp il 37mo Premio Gambrinus &#8220;Giuseppe Mazzotti&#8221; nella Sezione Esplorazione Viaggi"},"content":{"rendered":"<p><em><strong>La giovane originaria di Pieve di Cadore, Belluno, ha vinto con \u201cUn anno in barcastop\u201d (Alpinestudio, 2019), il suo primo libro. Sar\u00e0 premiata nel corso della serata conclusiva sabato 16 novembre al Parco Gambrinus di San Polo di Piave, Treviso.<\/strong><\/em><\/p>\n<figure id=\"attachment_108799\" aria-describedby=\"caption-attachment-108799\" style=\"width: 224px\" class=\"wp-caption alignleft\"><a href=\"http:\/\/www.bellunopress.it\/fr\/2019\/10\/17\/ad-erica-giopp-il-37mo-premio-gambrinus-giuseppe-mazzotti-nella-sezione-esplorazione-viaggi\/erica-giopp\/\" rel=\"attachment wp-att-108799\"><img loading=\"lazy\" decoding=\"async\" class=\"size-full wp-image-108799\" src=\"http:\/\/www.bellunopress.it\/wp-content\/uploads\/2019\/10\/Erica-Giopp.jpg\" alt=\"\" width=\"224\" height=\"300\" \/><\/a><figcaption id=\"caption-attachment-108799\" class=\"wp-caption-text\">Erica Giopp<\/figcaption><\/figure>\n<p>Sono stati finalmente annunciati i vincitori della XXXVII edizione 2019 del Premio Gambrinus \u201cGiuseppe Mazzotti\u201d per la letteratura di montagna, alpinismo, esplorazione &#8211; viaggi, ecologia e paesaggio, artigianato di tradizione e Finestra sulle Venezie: nella sezione \u201cEsplorazione &#8211; viaggi\u201d ha vinto la giovane cadorina Erica Giopp con il suo libro d\u2019esordio, l\u2019originale \u201cUn anno in barcastop\u201d (Alpinestudio, 2019).<br \/>\nNelle altre due sezioni in gara, \u201cMontagna: cultura e civilt\u00e0\u201d e \u201cFinestra sulle Venezie\u201d, hanno vinto rispettivamente Fabio Andina con \u201cLa pozza del Felice\u201d (Rubbettino, 2018) e Francesco Erbani con \u201cNon \u00e8 triste Venezia. Pietre, acque, persone. Reportage narrativo da una citt\u00e0 che deve ricominciare\u201d (Manni Editore, 2018).<br \/>\nE non manca in questa edizione il Premio Honoris Causa, che sar\u00e0 consegnato in occasione della cerimonia conclusiva di sabato 16 novembre al Parco Gambrinus di San Polo di Piave, Treviso, a Nives Meroi, signora dei 14 ottomila metri del pianeta. Il Premio \u201cGiuseppe Mazzotti\u201d Juniores, invece, avr\u00e0 una propria finale: i ragazzi vincitori della sezione letteraria e della sezione video saranno protagonisti della cerimonia di sabato 19 ottobre alle 16.00 a Palazzo dei Trecento, a Treviso.<\/p>\n<p>Le opere vincitrici sono state selezionate dalla giuria, composta da scrittori, divulgatori, docenti universitari e alpinisti e presieduta quest\u2019anno da Franco Viola, tra i 130 volumi inviati da 68 case editrici italiane, un numero notevole ma soprattutto di elevata qualit\u00e0.<br \/>\nUn anno in barcastop di Erica Giopp \u00e8 invece l\u2019opera vincitrice della sezione \u201cEsplorazione &#8211; Viaggi\u201d. La giovane autrice, che lavora come interprete, mediatrice, marketing manager, vivendo tra Milano, Roma e Pechino, ci regala una guida non convenzionale per barcastoppisti, autostoppisti del mare, raccontando il viaggio compiuto nel 2016 attraverso oceani, isole e persone che ci fa conoscere nei loro aspetti piu\u0300 crudi e grezzi.\u00a0Lontano dal diario di bordo, e\u0300 un concentrato di aneddoti e consigli: ironico e leggero, il libro trasmette messaggi universali senza la pretesa di ergersi a guida spirituale.<br \/>\nLa Giuria lo ha scelto perch\u00e9 si tratta di un\u2019\u201dOpera prima fresca e ironica, che ha il ritmo delle onde e profuma di salse di giovent\u00f9. La pratica del barcastop, poco conosciuto autostop marino per andare a zonzo per gli oceani in modo economico e avventuroso \u00e8 raccontata da un&#8217;autrice e viaggiatrice che impariamo a conoscere una pagina dopo l&#8217;altra e che alla fine vorremmo quasi incontrare davvero. Un racconto piacevole e divertente, sincero, narrato con una lingua a tratti ingenua ma spontanea e sapida, scorrevole, limpida e senza sbavature. Un viaggio diverso, uno stile di vita insolito, un&#8217;opera che si beve come un cocktail con ombrellino sul ponte di una barca\u201d.<\/p>\n<p>Come da tradizione, invece, l\u2019appuntamento finale con la premiazione del Premio Gambrinus \u201cGiuseppe Mazzotti\u201d sar\u00e0 sabato 16 novembre alle 16.30 al Parco Gambrinus di San Polo di Piave (Treviso): in tale occasione la Giuria dei quaranta lettori, composta da personalit\u00e0 provenienti da vari ambiti della cultura, con votazione e spoglio in diretta assegner\u00e0 il Super Premio \u201cLa Voce dei Lettori\u201d di 3.000,00 Euro ad uno dei tre vincitori delle altrettante sezioni di gara.<\/p>\n<p>Il Premio \u00e8 promosso dall\u2019Associazione \u201cPremio Letterario Giuseppe Mazzotti\u201d e ne \u00e8 main sponsor Intesa Sanpaolo, \u00e8 patrocinato e sostenuto da Touring Club Italiano, Club Alpino Italiano, Regione del Veneto, Reteventi Provincia di Treviso, Comune di San Polo di Piave, Parco Gambrinus, Fondazione \u201cAmerico e Vittoria Giol\u201d, Stiga S.p.A., Montura \u2013 Tasci s.r.l., Confartigianato del Veneto, Camera di Commercio Treviso-Belluno, Valcucine \u2013 Driade S.p.A. \u2013 FontanaArte S.p.A \u2013 Toscoquattro S.r.l, Dieffebi S.p.A., Unifarco S.p.A., Coldiretti Treviso, Consorzio Tutela Prosecco Doc, &#8211; Consorzio Vini Venezia, Latteria Soligo,.Acqua Pejo S.r.l., Greenova Italia S.r.l., Eclisse S.r.l., Confraternita del Raboso, Magis S.p.A., Umana S.p.A., Segmenti s.r.l., Assindustria Veneto Centro, Fondazione Mazzotti, Fondazione Giovanni Angelini, Associazione Bioforest.<\/p>\n<p>&nbsp;<\/p>\n<p>&nbsp;<\/p>","protected":false},"excerpt":{"rendered":"<p>La giovane originaria di Pieve di Cadore, Belluno, ha vinto con \u201cUn anno in barcastop\u201d (Alpinestudio, 2019), il suo primo libro. Sar\u00e0 premiata nel corso della serata conclusiva sabato 16 novembre al Parco Gambrinus di San Polo di Piave, Treviso. Sono stati finalmente annunciati i vincitori della XXXVII edizione 2019 del Premio Gambrinus \u201cGiuseppe Mazzotti\u201d [&hellip;]<\/p>\n","protected":false},"author":2,"featured_media":0,"comment_status":"closed","ping_status":"open","sticky":false,"template":"","format":"standard","meta":{"footnotes":""},"categories":[27,3,25],"tags":[],"class_list":["post-108798","post","type-post","status-publish","format-standard","category-appuntamenti","category-arte-cultura-spettacoli-scienza-archivi","category-pausa-caffe"],"yoast_head":"<!-- This site is optimized with the Yoast SEO plugin v28.4 - https:\/\/yoast.com\/product\/yoast-seo-wordpress\/ -->\n<title>Ad Erica Giopp il 37mo Premio Gambrinus &quot;Giuseppe Mazzotti&quot; nella Sezione Esplorazione Viaggi - Bellunopress - Dolomiti<\/title>\n<meta name=\"robots\" content=\"index, follow, max-snippet:-1, max-image-preview:large, max-video-preview:-1\" \/>\n<link rel=\"canonical\" href=\"https:\/\/www.bellunopress.it\/fr\/2019\/10\/17\/ad-erica-giopp-il-37mo-premio-gambrinus-giuseppe-mazzotti-nella-sezione-esplorazione-viaggi\/\" \/>\n<meta property=\"og:locale\" content=\"fr_FR\" \/>\n<meta property=\"og:type\" content=\"article\" \/>\n<meta property=\"og:title\" content=\"Ad Erica Giopp il 37mo Premio Gambrinus &quot;Giuseppe Mazzotti&quot; nella Sezione Esplorazione Viaggi - Bellunopress - Dolomiti\" \/>\n<meta property=\"og:description\" content=\"La giovane originaria di Pieve di Cadore, Belluno, ha vinto con \u201cUn anno in barcastop\u201d (Alpinestudio, 2019), il suo primo libro. Sar\u00e0 premiata nel corso della serata conclusiva sabato 16 novembre al Parco Gambrinus di San Polo di Piave, Treviso. Sono stati finalmente annunciati i vincitori della XXXVII edizione 2019 del Premio Gambrinus \u201cGiuseppe Mazzotti\u201d [&hellip;]\" \/>\n<meta property=\"og:url\" content=\"https:\/\/www.bellunopress.it\/fr\/2019\/10\/17\/ad-erica-giopp-il-37mo-premio-gambrinus-giuseppe-mazzotti-nella-sezione-esplorazione-viaggi\/\" \/>\n<meta property=\"og:site_name\" content=\"Bellunopress - Dolomiti\" \/>\n<meta property=\"article:publisher\" content=\"https:\/\/www.facebook.com\/profile.php?id=100008943462799\" \/>\n<meta property=\"article:published_time\" content=\"2019-10-17T09:53:15+00:00\" \/>\n<meta property=\"article:modified_time\" content=\"2019-10-17T15:44:36+00:00\" \/>\n<meta property=\"og:image\" content=\"http:\/\/www.bellunopress.it\/wp-content\/uploads\/2019\/10\/Erica-Giopp.jpg\" \/>\n<meta name=\"author\" content=\"redazione\" \/>\n<meta name=\"twitter:card\" content=\"summary_large_image\" \/>\n<meta name=\"twitter:creator\" content=\"@bellunopress\" \/>\n<meta name=\"twitter:site\" content=\"@bellunopress\" \/>\n<meta name=\"twitter:label1\" content=\"\u00c9crit par\" \/>\n\t<meta name=\"twitter:data1\" content=\"redazione\" \/>\n\t<meta name=\"twitter:label2\" content=\"Dur\u00e9e de lecture estim\u00e9e\" \/>\n\t<meta name=\"twitter:data2\" content=\"3 minutes\" \/>\n<script type=\"application\/ld+json\" class=\"yoast-schema-graph\">{\"@context\":\"https:\\\/\\\/schema.org\",\"@graph\":[{\"@type\":\"Article\",\"@id\":\"https:\\\/\\\/www.bellunopress.it\\\/2019\\\/10\\\/17\\\/ad-erica-giopp-il-37mo-premio-gambrinus-giuseppe-mazzotti-nella-sezione-esplorazione-viaggi\\\/#article\",\"isPartOf\":{\"@id\":\"https:\\\/\\\/www.bellunopress.it\\\/2019\\\/10\\\/17\\\/ad-erica-giopp-il-37mo-premio-gambrinus-giuseppe-mazzotti-nella-sezione-esplorazione-viaggi\\\/\"},\"author\":{\"name\":\"redazione\",\"@id\":\"https:\\\/\\\/www.bellunopress.it\\\/#\\\/schema\\\/person\\\/79bb06722b37ece1c03d3e94beb30d73\"},\"headline\":\"Ad Erica Giopp il 37mo Premio Gambrinus &#8220;Giuseppe Mazzotti&#8221; nella Sezione Esplorazione Viaggi\",\"datePublished\":\"2019-10-17T09:53:15+00:00\",\"dateModified\":\"2019-10-17T15:44:36+00:00\",\"mainEntityOfPage\":{\"@id\":\"https:\\\/\\\/www.bellunopress.it\\\/2019\\\/10\\\/17\\\/ad-erica-giopp-il-37mo-premio-gambrinus-giuseppe-mazzotti-nella-sezione-esplorazione-viaggi\\\/\"},\"wordCount\":688,\"publisher\":{\"@id\":\"https:\\\/\\\/www.bellunopress.it\\\/#organization\"},\"image\":{\"@id\":\"https:\\\/\\\/www.bellunopress.it\\\/2019\\\/10\\\/17\\\/ad-erica-giopp-il-37mo-premio-gambrinus-giuseppe-mazzotti-nella-sezione-esplorazione-viaggi\\\/#primaryimage\"},\"thumbnailUrl\":\"http:\\\/\\\/www.bellunopress.it\\\/wp-content\\\/uploads\\\/2019\\\/10\\\/Erica-Giopp.jpg\",\"articleSection\":[\"Appuntamenti, Eventi\",\"Arte, Cultura, Spettacoli, Scienza\",\"Pausa Caff\u00e8\"],\"inLanguage\":\"fr-FR\"},{\"@type\":\"WebPage\",\"@id\":\"https:\\\/\\\/www.bellunopress.it\\\/2019\\\/10\\\/17\\\/ad-erica-giopp-il-37mo-premio-gambrinus-giuseppe-mazzotti-nella-sezione-esplorazione-viaggi\\\/\",\"url\":\"https:\\\/\\\/www.bellunopress.it\\\/2019\\\/10\\\/17\\\/ad-erica-giopp-il-37mo-premio-gambrinus-giuseppe-mazzotti-nella-sezione-esplorazione-viaggi\\\/\",\"name\":\"Ad Erica Giopp il 37mo Premio Gambrinus \\\"Giuseppe Mazzotti\\\" nella Sezione Esplorazione Viaggi - Bellunopress - Dolomiti\",\"isPartOf\":{\"@id\":\"https:\\\/\\\/www.bellunopress.it\\\/#website\"},\"primaryImageOfPage\":{\"@id\":\"https:\\\/\\\/www.bellunopress.it\\\/2019\\\/10\\\/17\\\/ad-erica-giopp-il-37mo-premio-gambrinus-giuseppe-mazzotti-nella-sezione-esplorazione-viaggi\\\/#primaryimage\"},\"image\":{\"@id\":\"https:\\\/\\\/www.bellunopress.it\\\/2019\\\/10\\\/17\\\/ad-erica-giopp-il-37mo-premio-gambrinus-giuseppe-mazzotti-nella-sezione-esplorazione-viaggi\\\/#primaryimage\"},\"thumbnailUrl\":\"http:\\\/\\\/www.bellunopress.it\\\/wp-content\\\/uploads\\\/2019\\\/10\\\/Erica-Giopp.jpg\",\"datePublished\":\"2019-10-17T09:53:15+00:00\",\"dateModified\":\"2019-10-17T15:44:36+00:00\",\"breadcrumb\":{\"@id\":\"https:\\\/\\\/www.bellunopress.it\\\/2019\\\/10\\\/17\\\/ad-erica-giopp-il-37mo-premio-gambrinus-giuseppe-mazzotti-nella-sezione-esplorazione-viaggi\\\/#breadcrumb\"},\"inLanguage\":\"fr-FR\",\"potentialAction\":[{\"@type\":\"ReadAction\",\"target\":[\"https:\\\/\\\/www.bellunopress.it\\\/2019\\\/10\\\/17\\\/ad-erica-giopp-il-37mo-premio-gambrinus-giuseppe-mazzotti-nella-sezione-esplorazione-viaggi\\\/\"]}]},{\"@type\":\"ImageObject\",\"inLanguage\":\"fr-FR\",\"@id\":\"https:\\\/\\\/www.bellunopress.it\\\/2019\\\/10\\\/17\\\/ad-erica-giopp-il-37mo-premio-gambrinus-giuseppe-mazzotti-nella-sezione-esplorazione-viaggi\\\/#primaryimage\",\"url\":\"http:\\\/\\\/www.bellunopress.it\\\/wp-content\\\/uploads\\\/2019\\\/10\\\/Erica-Giopp.jpg\",\"contentUrl\":\"http:\\\/\\\/www.bellunopress.it\\\/wp-content\\\/uploads\\\/2019\\\/10\\\/Erica-Giopp.jpg\"},{\"@type\":\"BreadcrumbList\",\"@id\":\"https:\\\/\\\/www.bellunopress.it\\\/2019\\\/10\\\/17\\\/ad-erica-giopp-il-37mo-premio-gambrinus-giuseppe-mazzotti-nella-sezione-esplorazione-viaggi\\\/#breadcrumb\",\"itemListElement\":[{\"@type\":\"ListItem\",\"position\":1,\"name\":\"Home\",\"item\":\"https:\\\/\\\/www.bellunopress.it\\\/\"},{\"@type\":\"ListItem\",\"position\":2,\"name\":\"Ad Erica Giopp il 37mo Premio Gambrinus &#8220;Giuseppe Mazzotti&#8221; nella Sezione Esplorazione Viaggi\"}]},{\"@type\":\"WebSite\",\"@id\":\"https:\\\/\\\/www.bellunopress.it\\\/#website\",\"url\":\"https:\\\/\\\/www.bellunopress.it\\\/\",\"name\":\"Bellunopress - Dolomiti\",\"description\":\"e-mail: redazione@bellunopress.it\",\"publisher\":{\"@id\":\"https:\\\/\\\/www.bellunopress.it\\\/#organization\"},\"potentialAction\":[{\"@type\":\"SearchAction\",\"target\":{\"@type\":\"EntryPoint\",\"urlTemplate\":\"https:\\\/\\\/www.bellunopress.it\\\/?s={search_term_string}\"},\"query-input\":{\"@type\":\"PropertyValueSpecification\",\"valueRequired\":true,\"valueName\":\"search_term_string\"}}],\"inLanguage\":\"fr-FR\"},{\"@type\":\"Organization\",\"@id\":\"https:\\\/\\\/www.bellunopress.it\\\/#organization\",\"name\":\"Bellunopress\",\"url\":\"https:\\\/\\\/www.bellunopress.it\\\/\",\"logo\":{\"@type\":\"ImageObject\",\"inLanguage\":\"fr-FR\",\"@id\":\"https:\\\/\\\/www.bellunopress.it\\\/#\\\/schema\\\/logo\\\/image\\\/\",\"url\":\"https:\\\/\\\/www.bellunopress.it\\\/wp-content\\\/uploads\\\/2011\\\/05\\\/cropped-logo-bellunopress-.jpg\",\"contentUrl\":\"https:\\\/\\\/www.bellunopress.it\\\/wp-content\\\/uploads\\\/2011\\\/05\\\/cropped-logo-bellunopress-.jpg\",\"width\":512,\"height\":512,\"caption\":\"Bellunopress\"},\"image\":{\"@id\":\"https:\\\/\\\/www.bellunopress.it\\\/#\\\/schema\\\/logo\\\/image\\\/\"},\"sameAs\":[\"https:\\\/\\\/www.facebook.com\\\/profile.php?id=100008943462799\",\"https:\\\/\\\/x.com\\\/bellunopress\",\"https:\\\/\\\/www.linkedin.com\\\/hp\\\/?dnr=JBzUWaJfMUw8vbXJJ2tVW5-I3jZKvC4wsoxE&amp;amp;amp;amp;amp;amp;trk=nav_responsive_tab_home\",\"https:\\\/\\\/www.youtube.com\\\/channel\\\/UCxL0wu1uN0_3_7hGG0306cw\"]},{\"@type\":\"Person\",\"@id\":\"https:\\\/\\\/www.bellunopress.it\\\/#\\\/schema\\\/person\\\/79bb06722b37ece1c03d3e94beb30d73\",\"name\":\"redazione\",\"image\":{\"@type\":\"ImageObject\",\"inLanguage\":\"fr-FR\",\"@id\":\"https:\\\/\\\/secure.gravatar.com\\\/avatar\\\/37d968a2e67a6fd04c169c4bdef102d0bc5d31b2546345219e348575eb80e9a0?s=96&d=mm&r=g\",\"url\":\"https:\\\/\\\/secure.gravatar.com\\\/avatar\\\/37d968a2e67a6fd04c169c4bdef102d0bc5d31b2546345219e348575eb80e9a0?s=96&d=mm&r=g\",\"contentUrl\":\"https:\\\/\\\/secure.gravatar.com\\\/avatar\\\/37d968a2e67a6fd04c169c4bdef102d0bc5d31b2546345219e348575eb80e9a0?s=96&d=mm&r=g\",\"caption\":\"redazione\"},\"sameAs\":[\"http:\\\/\\\/www.bellunopress.it\",\"https:\\\/\\\/x.com\\\/bellunopress\"],\"url\":\"https:\\\/\\\/www.bellunopress.it\\\/fr\\\/author\\\/redazione\\\/\"}]}<\/script>\n<!-- \/ Yoast SEO plugin. -->","yoast_head_json":{"title":"Ad Erica Giopp il 37mo Premio Gambrinus \"Giuseppe Mazzotti\" nella Sezione Esplorazione Viaggi - Bellunopress - Dolomiti","robots":{"index":"index","follow":"follow","max-snippet":"max-snippet:-1","max-image-preview":"max-image-preview:large","max-video-preview":"max-video-preview:-1"},"canonical":"https:\/\/www.bellunopress.it\/fr\/2019\/10\/17\/ad-erica-giopp-il-37mo-premio-gambrinus-giuseppe-mazzotti-nella-sezione-esplorazione-viaggi\/","og_locale":"fr_FR","og_type":"article","og_title":"Ad Erica Giopp il 37mo Premio Gambrinus \"Giuseppe Mazzotti\" nella Sezione Esplorazione Viaggi - Bellunopress - Dolomiti","og_description":"La giovane originaria di Pieve di Cadore, Belluno, ha vinto con \u201cUn anno in barcastop\u201d (Alpinestudio, 2019), il suo primo libro. Sar\u00e0 premiata nel corso della serata conclusiva sabato 16 novembre al Parco Gambrinus di San Polo di Piave, Treviso. Sono stati finalmente annunciati i vincitori della XXXVII edizione 2019 del Premio Gambrinus \u201cGiuseppe Mazzotti\u201d [&hellip;]","og_url":"https:\/\/www.bellunopress.it\/fr\/2019\/10\/17\/ad-erica-giopp-il-37mo-premio-gambrinus-giuseppe-mazzotti-nella-sezione-esplorazione-viaggi\/","og_site_name":"Bellunopress - Dolomiti","article_publisher":"https:\/\/www.facebook.com\/profile.php?id=100008943462799","article_published_time":"2019-10-17T09:53:15+00:00","article_modified_time":"2019-10-17T15:44:36+00:00","og_image":[{"url":"http:\/\/www.bellunopress.it\/wp-content\/uploads\/2019\/10\/Erica-Giopp.jpg","type":"","width":"","height":""}],"author":"redazione","twitter_card":"summary_large_image","twitter_creator":"@bellunopress","twitter_site":"@bellunopress","twitter_misc":{"\u00c9crit par":"redazione","Dur\u00e9e de lecture estim\u00e9e":"3 minutes"},"schema":{"@context":"https:\/\/schema.org","@graph":[{"@type":"Article","@id":"https:\/\/www.bellunopress.it\/2019\/10\/17\/ad-erica-giopp-il-37mo-premio-gambrinus-giuseppe-mazzotti-nella-sezione-esplorazione-viaggi\/#article","isPartOf":{"@id":"https:\/\/www.bellunopress.it\/2019\/10\/17\/ad-erica-giopp-il-37mo-premio-gambrinus-giuseppe-mazzotti-nella-sezione-esplorazione-viaggi\/"},"author":{"name":"redazione","@id":"https:\/\/www.bellunopress.it\/#\/schema\/person\/79bb06722b37ece1c03d3e94beb30d73"},"headline":"Ad Erica Giopp il 37mo Premio Gambrinus &#8220;Giuseppe Mazzotti&#8221; nella Sezione Esplorazione Viaggi","datePublished":"2019-10-17T09:53:15+00:00","dateModified":"2019-10-17T15:44:36+00:00","mainEntityOfPage":{"@id":"https:\/\/www.bellunopress.it\/2019\/10\/17\/ad-erica-giopp-il-37mo-premio-gambrinus-giuseppe-mazzotti-nella-sezione-esplorazione-viaggi\/"},"wordCount":688,"publisher":{"@id":"https:\/\/www.bellunopress.it\/#organization"},"image":{"@id":"https:\/\/www.bellunopress.it\/2019\/10\/17\/ad-erica-giopp-il-37mo-premio-gambrinus-giuseppe-mazzotti-nella-sezione-esplorazione-viaggi\/#primaryimage"},"thumbnailUrl":"http:\/\/www.bellunopress.it\/wp-content\/uploads\/2019\/10\/Erica-Giopp.jpg","articleSection":["Appuntamenti, Eventi","Arte, Cultura, Spettacoli, Scienza","Pausa Caff\u00e8"],"inLanguage":"fr-FR"},{"@type":"WebPage","@id":"https:\/\/www.bellunopress.it\/2019\/10\/17\/ad-erica-giopp-il-37mo-premio-gambrinus-giuseppe-mazzotti-nella-sezione-esplorazione-viaggi\/","url":"https:\/\/www.bellunopress.it\/2019\/10\/17\/ad-erica-giopp-il-37mo-premio-gambrinus-giuseppe-mazzotti-nella-sezione-esplorazione-viaggi\/","name":"Ad Erica Giopp il 37mo Premio Gambrinus \"Giuseppe Mazzotti\" nella Sezione Esplorazione Viaggi - Bellunopress - Dolomiti","isPartOf":{"@id":"https:\/\/www.bellunopress.it\/#website"},"primaryImageOfPage":{"@id":"https:\/\/www.bellunopress.it\/2019\/10\/17\/ad-erica-giopp-il-37mo-premio-gambrinus-giuseppe-mazzotti-nella-sezione-esplorazione-viaggi\/#primaryimage"},"image":{"@id":"https:\/\/www.bellunopress.it\/2019\/10\/17\/ad-erica-giopp-il-37mo-premio-gambrinus-giuseppe-mazzotti-nella-sezione-esplorazione-viaggi\/#primaryimage"},"thumbnailUrl":"http:\/\/www.bellunopress.it\/wp-content\/uploads\/2019\/10\/Erica-Giopp.jpg","datePublished":"2019-10-17T09:53:15+00:00","dateModified":"2019-10-17T15:44:36+00:00","breadcrumb":{"@id":"https:\/\/www.bellunopress.it\/2019\/10\/17\/ad-erica-giopp-il-37mo-premio-gambrinus-giuseppe-mazzotti-nella-sezione-esplorazione-viaggi\/#breadcrumb"},"inLanguage":"fr-FR","potentialAction":[{"@type":"ReadAction","target":["https:\/\/www.bellunopress.it\/2019\/10\/17\/ad-erica-giopp-il-37mo-premio-gambrinus-giuseppe-mazzotti-nella-sezione-esplorazione-viaggi\/"]}]},{"@type":"ImageObject","inLanguage":"fr-FR","@id":"https:\/\/www.bellunopress.it\/2019\/10\/17\/ad-erica-giopp-il-37mo-premio-gambrinus-giuseppe-mazzotti-nella-sezione-esplorazione-viaggi\/#primaryimage","url":"http:\/\/www.bellunopress.it\/wp-content\/uploads\/2019\/10\/Erica-Giopp.jpg","contentUrl":"http:\/\/www.bellunopress.it\/wp-content\/uploads\/2019\/10\/Erica-Giopp.jpg"},{"@type":"BreadcrumbList","@id":"https:\/\/www.bellunopress.it\/2019\/10\/17\/ad-erica-giopp-il-37mo-premio-gambrinus-giuseppe-mazzotti-nella-sezione-esplorazione-viaggi\/#breadcrumb","itemListElement":[{"@type":"ListItem","position":1,"name":"Home","item":"https:\/\/www.bellunopress.it\/"},{"@type":"ListItem","position":2,"name":"Ad Erica Giopp il 37mo Premio Gambrinus &#8220;Giuseppe Mazzotti&#8221; nella Sezione Esplorazione Viaggi"}]},{"@type":"WebSite","@id":"https:\/\/www.bellunopress.it\/#website","url":"https:\/\/www.bellunopress.it\/","name":"Bellunopress - Dolomiti","description":"e-mail: redazione@bellunopress.it","publisher":{"@id":"https:\/\/www.bellunopress.it\/#organization"},"potentialAction":[{"@type":"SearchAction","target":{"@type":"EntryPoint","urlTemplate":"https:\/\/www.bellunopress.it\/?s={search_term_string}"},"query-input":{"@type":"PropertyValueSpecification","valueRequired":true,"valueName":"search_term_string"}}],"inLanguage":"fr-FR"},{"@type":"Organization","@id":"https:\/\/www.bellunopress.it\/#organization","name":"Bellunopress","url":"https:\/\/www.bellunopress.it\/","logo":{"@type":"ImageObject","inLanguage":"fr-FR","@id":"https:\/\/www.bellunopress.it\/#\/schema\/logo\/image\/","url":"https:\/\/www.bellunopress.it\/wp-content\/uploads\/2011\/05\/cropped-logo-bellunopress-.jpg","contentUrl":"https:\/\/www.bellunopress.it\/wp-content\/uploads\/2011\/05\/cropped-logo-bellunopress-.jpg","width":512,"height":512,"caption":"Bellunopress"},"image":{"@id":"https:\/\/www.bellunopress.it\/#\/schema\/logo\/image\/"},"sameAs":["https:\/\/www.facebook.com\/profile.php?id=100008943462799","https:\/\/x.com\/bellunopress","https:\/\/www.linkedin.com\/hp\/?dnr=JBzUWaJfMUw8vbXJJ2tVW5-I3jZKvC4wsoxE&amp;amp;amp;amp;amp;amp;trk=nav_responsive_tab_home","https:\/\/www.youtube.com\/channel\/UCxL0wu1uN0_3_7hGG0306cw"]},{"@type":"Person","@id":"https:\/\/www.bellunopress.it\/#\/schema\/person\/79bb06722b37ece1c03d3e94beb30d73","name":"r\u00e9daction","image":{"@type":"ImageObject","inLanguage":"fr-FR","@id":"https:\/\/secure.gravatar.com\/avatar\/37d968a2e67a6fd04c169c4bdef102d0bc5d31b2546345219e348575eb80e9a0?s=96&d=mm&r=g","url":"https:\/\/secure.gravatar.com\/avatar\/37d968a2e67a6fd04c169c4bdef102d0bc5d31b2546345219e348575eb80e9a0?s=96&d=mm&r=g","contentUrl":"https:\/\/secure.gravatar.com\/avatar\/37d968a2e67a6fd04c169c4bdef102d0bc5d31b2546345219e348575eb80e9a0?s=96&d=mm&r=g","caption":"redazione"},"sameAs":["http:\/\/www.bellunopress.it","https:\/\/x.com\/bellunopress"],"url":"https:\/\/www.bellunopress.it\/fr\/author\/redazione\/"}]}},"_links":{"self":[{"href":"https:\/\/www.bellunopress.it\/fr\/wp-json\/wp\/v2\/posts\/108798","targetHints":{"allow":["GET"]}}],"collection":[{"href":"https:\/\/www.bellunopress.it\/fr\/wp-json\/wp\/v2\/posts"}],"about":[{"href":"https:\/\/www.bellunopress.it\/fr\/wp-json\/wp\/v2\/types\/post"}],"author":[{"embeddable":true,"href":"https:\/\/www.bellunopress.it\/fr\/wp-json\/wp\/v2\/users\/2"}],"replies":[{"embeddable":true,"href":"https:\/\/www.bellunopress.it\/fr\/wp-json\/wp\/v2\/comments?post=108798"}],"version-history":[{"count":3,"href":"https:\/\/www.bellunopress.it\/fr\/wp-json\/wp\/v2\/posts\/108798\/revisions"}],"predecessor-version":[{"id":108836,"href":"https:\/\/www.bellunopress.it\/fr\/wp-json\/wp\/v2\/posts\/108798\/revisions\/108836"}],"wp:attachment":[{"href":"https:\/\/www.bellunopress.it\/fr\/wp-json\/wp\/v2\/media?parent=108798"}],"wp:term":[{"taxonomy":"category","embeddable":true,"href":"https:\/\/www.bellunopress.it\/fr\/wp-json\/wp\/v2\/categories?post=108798"},{"taxonomy":"post_tag","embeddable":true,"href":"https:\/\/www.bellunopress.it\/fr\/wp-json\/wp\/v2\/tags?post=108798"}],"curies":[{"name":"wp","href":"https:\/\/api.w.org\/{rel}","templated":true}]}}