{"id":10878,"date":"2009-12-21T13:06:23","date_gmt":"2009-12-21T12:06:23","guid":{"rendered":"http:\/\/www.bellunopress.it\/?p=10878"},"modified":"2009-12-21T13:06:23","modified_gmt":"2009-12-21T12:06:23","slug":"natale-a-canevoi-tutte-le-iniziative-del-comitato-frazionale","status":"publish","type":"post","link":"https:\/\/www.bellunopress.it\/fr\/2009\/12\/21\/natale-a-canevoi-tutte-le-iniziative-del-comitato-frazionale\/","title":{"rendered":"Natale a Canevoi: tutte le iniziative del comitato frazionale"},"content":{"rendered":"<p>E\u2019 un percorso che vale la pena di fare di sera per gustare appieno l\u2019atmosfera natalizia trasmessa dalle luci e dai colori sfumati; ma \u00e8 altrettanto bello compierlo di giorno per cogliere i particolari di lavori eseguiti in scala e con l\u2019arte della miniatura. E\u2019 questa la novit\u00e0 preparata dal comitato frazionale di Canevoi, in comune di Ponte nelle Alpi, per le Festivit\u00e0 di quest\u2019anno.<br \/>\nAll\u2019entrata del paese, a fianco del capitello di Sant\u2019Antonio, si trova \u201cil fienile\u201d, una realizzazione di sicuro effetto in cui nulla \u00e8 stato lasciato al caso. E\u2019 una minuscola costruzione in legno, curata pezzo per pezzo con maestria fin nei pi\u00f9 piccoli particolari, in cui trovano posto oggetti e utensili rigorosamente in rapporto con quelli reali, per eseguire i quali \u00e8 stata fatta persino una ricerca di materiali idonei da utilizzare.\u00a0 Ma soprattutto ogni cosa \u00e8 stata costruita con molta passione.<br \/>\nUn piccolo presepio \u00e8 collocato al centro di Canevoi, \u201csotto l\u2019albero\u201d.\u00a0 Si tratta della rappresentazione della Nativit\u00e0 sovrastata dal classico albero di Natale decorato con una settantina di piccoli babbi natale realizzati dalle signore che hanno dedicato tempo, bravura e pazienza.<br \/>\nTutta questa bella scenografia, dunque, \u00e8 stata preparata grazie a mesi di lavoro da parte di tutti. E il\u00a0 risultato e\u2019 stato ottimo.<br \/>\nIl presidente del Comitato frazionale di Canevoi esprime soddisfazione e rivolge un grosso ringraziamento a tutte le persone che hanno dedicato il loro tempo libero, soprattutto nei sabati e domeniche, e le loro idee per creare questi piccoli capolavori:\u00a0 \u201cGrazie ragazze e ragazzi pi\u00f9 o meno giovani per il lavoro che merita veramente di buttarci un occhio. Nel sito www.canevoi.it si pu\u00f2 vedere tutto il lavoro e le manifestazioni organizzate in questo anno, grazie naturalmente alla collaborazione di tanti paesani sempre pronti.\u00a0 Buone feste a tutti\u201d.<\/p>","protected":false},"excerpt":{"rendered":"<p>E\u2019 un percorso che vale la pena di fare di sera per gustare appieno l\u2019atmosfera natalizia trasmessa dalle luci e dai colori sfumati; ma \u00e8 altrettanto bello compierlo di giorno per cogliere i particolari di lavori eseguiti in scala e con l\u2019arte della miniatura. E\u2019 questa la novit\u00e0 preparata dal comitato frazionale di Canevoi, in [&hellip;]<\/p>\n","protected":false},"author":2,"featured_media":0,"comment_status":"closed","ping_status":"open","sticky":false,"template":"","format":"standard","meta":{"footnotes":""},"categories":[27,25],"tags":[],"class_list":["post-10878","post","type-post","status-publish","format-standard","category-appuntamenti","category-pausa-caffe"],"yoast_head":"<!-- This site is optimized with the Yoast SEO plugin v28.4 - https:\/\/yoast.com\/product\/yoast-seo-wordpress\/ -->\n<title>Natale a Canevoi: tutte le iniziative del comitato frazionale - Bellunopress - Dolomiti<\/title>\n<meta name=\"robots\" content=\"index, follow, max-snippet:-1, max-image-preview:large, max-video-preview:-1\" \/>\n<link rel=\"canonical\" href=\"https:\/\/www.bellunopress.it\/fr\/2009\/12\/21\/natale-a-canevoi-tutte-le-iniziative-del-comitato-frazionale\/\" \/>\n<meta property=\"og:locale\" content=\"fr_FR\" \/>\n<meta property=\"og:type\" content=\"article\" \/>\n<meta property=\"og:title\" content=\"Natale a Canevoi: tutte le iniziative del comitato frazionale - Bellunopress - Dolomiti\" \/>\n<meta property=\"og:description\" content=\"E\u2019 un percorso che vale la pena di fare di sera per gustare appieno l\u2019atmosfera natalizia trasmessa dalle luci e dai colori sfumati; ma \u00e8 altrettanto bello compierlo di giorno per cogliere i particolari di lavori eseguiti in scala e con l\u2019arte della miniatura. E\u2019 questa la novit\u00e0 preparata dal comitato frazionale di Canevoi, in [&hellip;]\" \/>\n<meta property=\"og:url\" content=\"https:\/\/www.bellunopress.it\/fr\/2009\/12\/21\/natale-a-canevoi-tutte-le-iniziative-del-comitato-frazionale\/\" \/>\n<meta property=\"og:site_name\" content=\"Bellunopress - Dolomiti\" \/>\n<meta property=\"article:publisher\" content=\"https:\/\/www.facebook.com\/profile.php?id=100008943462799\" \/>\n<meta property=\"article:published_time\" content=\"2009-12-21T12:06:23+00:00\" \/>\n<meta property=\"og:image\" content=\"http:\/\/www.bellunopress.it\/wp-content\/uploads\/2012\/07\/logo-bellunopress-250x250-2012.jpg\" \/>\n<meta name=\"author\" content=\"redazione\" \/>\n<meta name=\"twitter:card\" content=\"summary_large_image\" \/>\n<meta name=\"twitter:creator\" content=\"@bellunopress\" \/>\n<meta name=\"twitter:site\" content=\"@bellunopress\" \/>\n<meta name=\"twitter:label1\" content=\"\u00c9crit par\" \/>\n\t<meta name=\"twitter:data1\" content=\"redazione\" \/>\n\t<meta name=\"twitter:label2\" content=\"Dur\u00e9e de lecture estim\u00e9e\" \/>\n\t<meta name=\"twitter:data2\" content=\"1 minute\" \/>\n<script type=\"application\/ld+json\" class=\"yoast-schema-graph\">{\"@context\":\"https:\\\/\\\/schema.org\",\"@graph\":[{\"@type\":\"Article\",\"@id\":\"https:\\\/\\\/www.bellunopress.it\\\/2009\\\/12\\\/21\\\/natale-a-canevoi-tutte-le-iniziative-del-comitato-frazionale\\\/#article\",\"isPartOf\":{\"@id\":\"https:\\\/\\\/www.bellunopress.it\\\/2009\\\/12\\\/21\\\/natale-a-canevoi-tutte-le-iniziative-del-comitato-frazionale\\\/\"},\"author\":{\"name\":\"redazione\",\"@id\":\"https:\\\/\\\/www.bellunopress.it\\\/#\\\/schema\\\/person\\\/79bb06722b37ece1c03d3e94beb30d73\"},\"headline\":\"Natale a Canevoi: tutte le iniziative del comitato frazionale\",\"datePublished\":\"2009-12-21T12:06:23+00:00\",\"mainEntityOfPage\":{\"@id\":\"https:\\\/\\\/www.bellunopress.it\\\/2009\\\/12\\\/21\\\/natale-a-canevoi-tutte-le-iniziative-del-comitato-frazionale\\\/\"},\"wordCount\":307,\"publisher\":{\"@id\":\"https:\\\/\\\/www.bellunopress.it\\\/#organization\"},\"articleSection\":[\"Appuntamenti, Eventi\",\"Pausa Caff\u00e8\"],\"inLanguage\":\"fr-FR\"},{\"@type\":\"WebPage\",\"@id\":\"https:\\\/\\\/www.bellunopress.it\\\/2009\\\/12\\\/21\\\/natale-a-canevoi-tutte-le-iniziative-del-comitato-frazionale\\\/\",\"url\":\"https:\\\/\\\/www.bellunopress.it\\\/2009\\\/12\\\/21\\\/natale-a-canevoi-tutte-le-iniziative-del-comitato-frazionale\\\/\",\"name\":\"Natale a Canevoi: tutte le iniziative del comitato frazionale - Bellunopress - Dolomiti\",\"isPartOf\":{\"@id\":\"https:\\\/\\\/www.bellunopress.it\\\/#website\"},\"datePublished\":\"2009-12-21T12:06:23+00:00\",\"breadcrumb\":{\"@id\":\"https:\\\/\\\/www.bellunopress.it\\\/2009\\\/12\\\/21\\\/natale-a-canevoi-tutte-le-iniziative-del-comitato-frazionale\\\/#breadcrumb\"},\"inLanguage\":\"fr-FR\",\"potentialAction\":[{\"@type\":\"ReadAction\",\"target\":[\"https:\\\/\\\/www.bellunopress.it\\\/2009\\\/12\\\/21\\\/natale-a-canevoi-tutte-le-iniziative-del-comitato-frazionale\\\/\"]}]},{\"@type\":\"BreadcrumbList\",\"@id\":\"https:\\\/\\\/www.bellunopress.it\\\/2009\\\/12\\\/21\\\/natale-a-canevoi-tutte-le-iniziative-del-comitato-frazionale\\\/#breadcrumb\",\"itemListElement\":[{\"@type\":\"ListItem\",\"position\":1,\"name\":\"Home\",\"item\":\"https:\\\/\\\/www.bellunopress.it\\\/\"},{\"@type\":\"ListItem\",\"position\":2,\"name\":\"Natale a Canevoi: tutte le iniziative del comitato frazionale\"}]},{\"@type\":\"WebSite\",\"@id\":\"https:\\\/\\\/www.bellunopress.it\\\/#website\",\"url\":\"https:\\\/\\\/www.bellunopress.it\\\/\",\"name\":\"Bellunopress - Dolomiti\",\"description\":\"e-mail: redazione@bellunopress.it\",\"publisher\":{\"@id\":\"https:\\\/\\\/www.bellunopress.it\\\/#organization\"},\"potentialAction\":[{\"@type\":\"SearchAction\",\"target\":{\"@type\":\"EntryPoint\",\"urlTemplate\":\"https:\\\/\\\/www.bellunopress.it\\\/?s={search_term_string}\"},\"query-input\":{\"@type\":\"PropertyValueSpecification\",\"valueRequired\":true,\"valueName\":\"search_term_string\"}}],\"inLanguage\":\"fr-FR\"},{\"@type\":\"Organization\",\"@id\":\"https:\\\/\\\/www.bellunopress.it\\\/#organization\",\"name\":\"Bellunopress\",\"url\":\"https:\\\/\\\/www.bellunopress.it\\\/\",\"logo\":{\"@type\":\"ImageObject\",\"inLanguage\":\"fr-FR\",\"@id\":\"https:\\\/\\\/www.bellunopress.it\\\/#\\\/schema\\\/logo\\\/image\\\/\",\"url\":\"https:\\\/\\\/www.bellunopress.it\\\/wp-content\\\/uploads\\\/2011\\\/05\\\/cropped-logo-bellunopress-.jpg\",\"contentUrl\":\"https:\\\/\\\/www.bellunopress.it\\\/wp-content\\\/uploads\\\/2011\\\/05\\\/cropped-logo-bellunopress-.jpg\",\"width\":512,\"height\":512,\"caption\":\"Bellunopress\"},\"image\":{\"@id\":\"https:\\\/\\\/www.bellunopress.it\\\/#\\\/schema\\\/logo\\\/image\\\/\"},\"sameAs\":[\"https:\\\/\\\/www.facebook.com\\\/profile.php?id=100008943462799\",\"https:\\\/\\\/x.com\\\/bellunopress\",\"https:\\\/\\\/www.linkedin.com\\\/hp\\\/?dnr=JBzUWaJfMUw8vbXJJ2tVW5-I3jZKvC4wsoxE&amp;amp;amp;amp;amp;amp;trk=nav_responsive_tab_home\",\"https:\\\/\\\/www.youtube.com\\\/channel\\\/UCxL0wu1uN0_3_7hGG0306cw\"]},{\"@type\":\"Person\",\"@id\":\"https:\\\/\\\/www.bellunopress.it\\\/#\\\/schema\\\/person\\\/79bb06722b37ece1c03d3e94beb30d73\",\"name\":\"redazione\",\"image\":{\"@type\":\"ImageObject\",\"inLanguage\":\"fr-FR\",\"@id\":\"https:\\\/\\\/secure.gravatar.com\\\/avatar\\\/37d968a2e67a6fd04c169c4bdef102d0bc5d31b2546345219e348575eb80e9a0?s=96&d=mm&r=g\",\"url\":\"https:\\\/\\\/secure.gravatar.com\\\/avatar\\\/37d968a2e67a6fd04c169c4bdef102d0bc5d31b2546345219e348575eb80e9a0?s=96&d=mm&r=g\",\"contentUrl\":\"https:\\\/\\\/secure.gravatar.com\\\/avatar\\\/37d968a2e67a6fd04c169c4bdef102d0bc5d31b2546345219e348575eb80e9a0?s=96&d=mm&r=g\",\"caption\":\"redazione\"},\"sameAs\":[\"http:\\\/\\\/www.bellunopress.it\",\"https:\\\/\\\/x.com\\\/bellunopress\"],\"url\":\"https:\\\/\\\/www.bellunopress.it\\\/fr\\\/author\\\/redazione\\\/\"}]}<\/script>\n<!-- \/ Yoast SEO plugin. -->","yoast_head_json":{"title":"Natale a Canevoi: tutte le iniziative del comitato frazionale - Bellunopress - Dolomiti","robots":{"index":"index","follow":"follow","max-snippet":"max-snippet:-1","max-image-preview":"max-image-preview:large","max-video-preview":"max-video-preview:-1"},"canonical":"https:\/\/www.bellunopress.it\/fr\/2009\/12\/21\/natale-a-canevoi-tutte-le-iniziative-del-comitato-frazionale\/","og_locale":"fr_FR","og_type":"article","og_title":"Natale a Canevoi: tutte le iniziative del comitato frazionale - Bellunopress - Dolomiti","og_description":"E\u2019 un percorso che vale la pena di fare di sera per gustare appieno l\u2019atmosfera natalizia trasmessa dalle luci e dai colori sfumati; ma \u00e8 altrettanto bello compierlo di giorno per cogliere i particolari di lavori eseguiti in scala e con l\u2019arte della miniatura. E\u2019 questa la novit\u00e0 preparata dal comitato frazionale di Canevoi, in [&hellip;]","og_url":"https:\/\/www.bellunopress.it\/fr\/2009\/12\/21\/natale-a-canevoi-tutte-le-iniziative-del-comitato-frazionale\/","og_site_name":"Bellunopress - Dolomiti","article_publisher":"https:\/\/www.facebook.com\/profile.php?id=100008943462799","article_published_time":"2009-12-21T12:06:23+00:00","og_image":[{"url":"http:\/\/www.bellunopress.it\/wp-content\/uploads\/2012\/07\/logo-bellunopress-250x250-2012.jpg","type":"","width":"","height":""}],"author":"redazione","twitter_card":"summary_large_image","twitter_creator":"@bellunopress","twitter_site":"@bellunopress","twitter_misc":{"\u00c9crit par":"redazione","Dur\u00e9e de lecture estim\u00e9e":"1 minute"},"schema":{"@context":"https:\/\/schema.org","@graph":[{"@type":"Article","@id":"https:\/\/www.bellunopress.it\/2009\/12\/21\/natale-a-canevoi-tutte-le-iniziative-del-comitato-frazionale\/#article","isPartOf":{"@id":"https:\/\/www.bellunopress.it\/2009\/12\/21\/natale-a-canevoi-tutte-le-iniziative-del-comitato-frazionale\/"},"author":{"name":"redazione","@id":"https:\/\/www.bellunopress.it\/#\/schema\/person\/79bb06722b37ece1c03d3e94beb30d73"},"headline":"Natale a Canevoi: tutte le iniziative del comitato frazionale","datePublished":"2009-12-21T12:06:23+00:00","mainEntityOfPage":{"@id":"https:\/\/www.bellunopress.it\/2009\/12\/21\/natale-a-canevoi-tutte-le-iniziative-del-comitato-frazionale\/"},"wordCount":307,"publisher":{"@id":"https:\/\/www.bellunopress.it\/#organization"},"articleSection":["Appuntamenti, Eventi","Pausa Caff\u00e8"],"inLanguage":"fr-FR"},{"@type":"WebPage","@id":"https:\/\/www.bellunopress.it\/2009\/12\/21\/natale-a-canevoi-tutte-le-iniziative-del-comitato-frazionale\/","url":"https:\/\/www.bellunopress.it\/2009\/12\/21\/natale-a-canevoi-tutte-le-iniziative-del-comitato-frazionale\/","name":"Natale a Canevoi: tutte le iniziative del comitato frazionale - Bellunopress - Dolomiti","isPartOf":{"@id":"https:\/\/www.bellunopress.it\/#website"},"datePublished":"2009-12-21T12:06:23+00:00","breadcrumb":{"@id":"https:\/\/www.bellunopress.it\/2009\/12\/21\/natale-a-canevoi-tutte-le-iniziative-del-comitato-frazionale\/#breadcrumb"},"inLanguage":"fr-FR","potentialAction":[{"@type":"ReadAction","target":["https:\/\/www.bellunopress.it\/2009\/12\/21\/natale-a-canevoi-tutte-le-iniziative-del-comitato-frazionale\/"]}]},{"@type":"BreadcrumbList","@id":"https:\/\/www.bellunopress.it\/2009\/12\/21\/natale-a-canevoi-tutte-le-iniziative-del-comitato-frazionale\/#breadcrumb","itemListElement":[{"@type":"ListItem","position":1,"name":"Home","item":"https:\/\/www.bellunopress.it\/"},{"@type":"ListItem","position":2,"name":"Natale a Canevoi: tutte le iniziative del comitato frazionale"}]},{"@type":"WebSite","@id":"https:\/\/www.bellunopress.it\/#website","url":"https:\/\/www.bellunopress.it\/","name":"Bellunopress - Dolomiti","description":"e-mail: redazione@bellunopress.it","publisher":{"@id":"https:\/\/www.bellunopress.it\/#organization"},"potentialAction":[{"@type":"SearchAction","target":{"@type":"EntryPoint","urlTemplate":"https:\/\/www.bellunopress.it\/?s={search_term_string}"},"query-input":{"@type":"PropertyValueSpecification","valueRequired":true,"valueName":"search_term_string"}}],"inLanguage":"fr-FR"},{"@type":"Organization","@id":"https:\/\/www.bellunopress.it\/#organization","name":"Bellunopress","url":"https:\/\/www.bellunopress.it\/","logo":{"@type":"ImageObject","inLanguage":"fr-FR","@id":"https:\/\/www.bellunopress.it\/#\/schema\/logo\/image\/","url":"https:\/\/www.bellunopress.it\/wp-content\/uploads\/2011\/05\/cropped-logo-bellunopress-.jpg","contentUrl":"https:\/\/www.bellunopress.it\/wp-content\/uploads\/2011\/05\/cropped-logo-bellunopress-.jpg","width":512,"height":512,"caption":"Bellunopress"},"image":{"@id":"https:\/\/www.bellunopress.it\/#\/schema\/logo\/image\/"},"sameAs":["https:\/\/www.facebook.com\/profile.php?id=100008943462799","https:\/\/x.com\/bellunopress","https:\/\/www.linkedin.com\/hp\/?dnr=JBzUWaJfMUw8vbXJJ2tVW5-I3jZKvC4wsoxE&amp;amp;amp;amp;amp;amp;trk=nav_responsive_tab_home","https:\/\/www.youtube.com\/channel\/UCxL0wu1uN0_3_7hGG0306cw"]},{"@type":"Person","@id":"https:\/\/www.bellunopress.it\/#\/schema\/person\/79bb06722b37ece1c03d3e94beb30d73","name":"r\u00e9daction","image":{"@type":"ImageObject","inLanguage":"fr-FR","@id":"https:\/\/secure.gravatar.com\/avatar\/37d968a2e67a6fd04c169c4bdef102d0bc5d31b2546345219e348575eb80e9a0?s=96&d=mm&r=g","url":"https:\/\/secure.gravatar.com\/avatar\/37d968a2e67a6fd04c169c4bdef102d0bc5d31b2546345219e348575eb80e9a0?s=96&d=mm&r=g","contentUrl":"https:\/\/secure.gravatar.com\/avatar\/37d968a2e67a6fd04c169c4bdef102d0bc5d31b2546345219e348575eb80e9a0?s=96&d=mm&r=g","caption":"redazione"},"sameAs":["http:\/\/www.bellunopress.it","https:\/\/x.com\/bellunopress"],"url":"https:\/\/www.bellunopress.it\/fr\/author\/redazione\/"}]}},"_links":{"self":[{"href":"https:\/\/www.bellunopress.it\/fr\/wp-json\/wp\/v2\/posts\/10878","targetHints":{"allow":["GET"]}}],"collection":[{"href":"https:\/\/www.bellunopress.it\/fr\/wp-json\/wp\/v2\/posts"}],"about":[{"href":"https:\/\/www.bellunopress.it\/fr\/wp-json\/wp\/v2\/types\/post"}],"author":[{"embeddable":true,"href":"https:\/\/www.bellunopress.it\/fr\/wp-json\/wp\/v2\/users\/2"}],"replies":[{"embeddable":true,"href":"https:\/\/www.bellunopress.it\/fr\/wp-json\/wp\/v2\/comments?post=10878"}],"version-history":[{"count":1,"href":"https:\/\/www.bellunopress.it\/fr\/wp-json\/wp\/v2\/posts\/10878\/revisions"}],"predecessor-version":[{"id":10879,"href":"https:\/\/www.bellunopress.it\/fr\/wp-json\/wp\/v2\/posts\/10878\/revisions\/10879"}],"wp:attachment":[{"href":"https:\/\/www.bellunopress.it\/fr\/wp-json\/wp\/v2\/media?parent=10878"}],"wp:term":[{"taxonomy":"category","embeddable":true,"href":"https:\/\/www.bellunopress.it\/fr\/wp-json\/wp\/v2\/categories?post=10878"},{"taxonomy":"post_tag","embeddable":true,"href":"https:\/\/www.bellunopress.it\/fr\/wp-json\/wp\/v2\/tags?post=10878"}],"curies":[{"name":"wp","href":"https:\/\/api.w.org\/{rel}","templated":true}]}}