{"id":108768,"date":"2019-10-16T12:09:50","date_gmt":"2019-10-16T10:09:50","guid":{"rendered":"http:\/\/www.bellunopress.it\/?p=108768"},"modified":"2019-10-19T15:07:51","modified_gmt":"2019-10-19T13:07:51","slug":"ritratti-in-malga-venerdi-al-museo-di-seravella","status":"publish","type":"post","link":"https:\/\/www.bellunopress.it\/fr\/2019\/10\/16\/ritratti-in-malga-venerdi-al-museo-di-seravella\/","title":{"rendered":"Ritratti in malga, venerd\u00ec al Museo di Seravella"},"content":{"rendered":"<p>Appuntamento con la ruralit\u00e0 e l\u2019alpeggio a Seravella. Il Museo Etnografico della Provincia di Belluno propone una serata cineforum interamente dedicata alla vita tra i pascoli.<\/p>\n<figure id=\"attachment_68507\" aria-describedby=\"caption-attachment-68507\" style=\"width: 300px\" class=\"wp-caption alignleft\"><a href=\"http:\/\/www.bellunopress.it\/fr\/2015\/05\/04\/rete-dei-musei-della-provincia-di-belluno-formazione-e-aggiornamento-per-le-attivita-educative-nei-musei\/museo-seravella-2\/\" rel=\"attachment wp-att-68507\"><img loading=\"lazy\" decoding=\"async\" class=\"size-full wp-image-68507\" src=\"http:\/\/www.bellunopress.it\/wp-content\/uploads\/2015\/05\/museo-seravella-2.jpg\" alt=\"\" width=\"300\" height=\"186\" \/><\/a><figcaption id=\"caption-attachment-68507\" class=\"wp-caption-text\">Museo etnografico di Seravella (Cesiomaggiore &#8211; BL)<\/figcaption><\/figure>\n<p>Venerd\u00ec sera, alle 20, verr\u00e0 proiettato il docu-film \u201cRitratti in malga\u201d, nato da un\u2019idea di Danilo Gasparini (docente all\u2019Universit\u00e0 di Padova e storico dell\u2019agricoltura e dell\u2019alimentazione), per la regia di Michele Trentini; alla serata saranno presenti alcuni dei protagonisti delle storie raccontate dal documentario, una malgara feltrina, oltre al<br \/>\nregista e allo stesso Gasparini.<br \/>\n\u201cRitratti in malga\u201d \u00e8 stato girato attorno al massiccio del Cesen, sulle Prealpi Trevigiane, non lontano dalle rinomate terre del prosecco dove alcune persone producono formaggi di qualit\u00e0 lavorando latte crudo in piccole malghe un tempo attive su tutto il territorio.<br \/>\nQueste strutture rappresentano un&#8217;alternativa all&#8217;omologazione del gusto e all&#8217;abbandono dei pascoli montani. Il film osserva il lavoro quotidiano dei malghesi e pone in primo piano il loro punto di vista.<br \/>\nIl docu-film \u00e8 stato presentato a: Valsusa Film Festival (Premio Speciale Giuria \u201cLe Alpi\u201d); Cheese on The Screen &#8211; Slow Food (Bra);<br \/>\nTrento Film Festival; International Festival of Ethnlogical Film in Belgrade; Days of Ethnographic Film Lubiana; Days of Ethnographic Cinema Moscow; Food Film Fest Bergamo.<br \/>\nMichele Trentini, laureatosi in sociologia all\u2019universit\u00e0 di Dresda, \u00e8 autore di diversi documentari, tra cui \u201cPiccola terra\u201d (Miglior Documentario a Cinemambiente Torino 2012), e \u201cContadini di Montagna\u201d (Premio della Stampa e Premio RAI Trento Film Festival 2015).<\/p>","protected":false},"excerpt":{"rendered":"<p>Appuntamento con la ruralit\u00e0 e l\u2019alpeggio a Seravella. Il Museo Etnografico della Provincia di Belluno propone una serata cineforum interamente dedicata alla vita tra i pascoli. Venerd\u00ec sera, alle 20, verr\u00e0 proiettato il docu-film \u201cRitratti in malga\u201d, nato da un\u2019idea di Danilo Gasparini (docente all\u2019Universit\u00e0 di Padova e storico dell\u2019agricoltura e dell\u2019alimentazione), per la regia [&hellip;]<\/p>\n","protected":false},"author":2,"featured_media":0,"comment_status":"closed","ping_status":"open","sticky":false,"template":"","format":"standard","meta":{"footnotes":""},"categories":[27,3],"tags":[],"class_list":["post-108768","post","type-post","status-publish","format-standard","category-appuntamenti","category-arte-cultura-spettacoli-scienza-archivi"],"yoast_head":"<!-- This site is optimized with the Yoast SEO plugin v28.4 - https:\/\/yoast.com\/product\/yoast-seo-wordpress\/ -->\n<title>Ritratti in malga, venerd\u00ec al Museo di Seravella - Bellunopress - Dolomiti<\/title>\n<meta name=\"robots\" content=\"index, follow, max-snippet:-1, max-image-preview:large, max-video-preview:-1\" \/>\n<link rel=\"canonical\" href=\"https:\/\/www.bellunopress.it\/fr\/2019\/10\/16\/ritratti-in-malga-venerdi-al-museo-di-seravella\/\" \/>\n<meta property=\"og:locale\" content=\"fr_FR\" \/>\n<meta property=\"og:type\" content=\"article\" \/>\n<meta property=\"og:title\" content=\"Ritratti in malga, venerd\u00ec al Museo di Seravella - Bellunopress - Dolomiti\" \/>\n<meta property=\"og:description\" content=\"Appuntamento con la ruralit\u00e0 e l\u2019alpeggio a Seravella. Il Museo Etnografico della Provincia di Belluno propone una serata cineforum interamente dedicata alla vita tra i pascoli. Venerd\u00ec sera, alle 20, verr\u00e0 proiettato il docu-film \u201cRitratti in malga\u201d, nato da un\u2019idea di Danilo Gasparini (docente all\u2019Universit\u00e0 di Padova e storico dell\u2019agricoltura e dell\u2019alimentazione), per la regia [&hellip;]\" \/>\n<meta property=\"og:url\" content=\"https:\/\/www.bellunopress.it\/fr\/2019\/10\/16\/ritratti-in-malga-venerdi-al-museo-di-seravella\/\" \/>\n<meta property=\"og:site_name\" content=\"Bellunopress - Dolomiti\" \/>\n<meta property=\"article:publisher\" content=\"https:\/\/www.facebook.com\/profile.php?id=100008943462799\" \/>\n<meta property=\"article:published_time\" content=\"2019-10-16T10:09:50+00:00\" \/>\n<meta property=\"article:modified_time\" content=\"2019-10-19T13:07:51+00:00\" \/>\n<meta property=\"og:image\" content=\"http:\/\/www.bellunopress.it\/wp-content\/uploads\/2015\/05\/museo-seravella-2.jpg\" \/>\n<meta name=\"author\" content=\"redazione\" \/>\n<meta name=\"twitter:card\" content=\"summary_large_image\" \/>\n<meta name=\"twitter:creator\" content=\"@bellunopress\" \/>\n<meta name=\"twitter:site\" content=\"@bellunopress\" \/>\n<meta name=\"twitter:label1\" content=\"\u00c9crit par\" \/>\n\t<meta name=\"twitter:data1\" content=\"redazione\" \/>\n\t<meta name=\"twitter:label2\" content=\"Dur\u00e9e de lecture estim\u00e9e\" \/>\n\t<meta name=\"twitter:data2\" content=\"1 minute\" \/>\n<script type=\"application\/ld+json\" class=\"yoast-schema-graph\">{\"@context\":\"https:\\\/\\\/schema.org\",\"@graph\":[{\"@type\":\"Article\",\"@id\":\"https:\\\/\\\/www.bellunopress.it\\\/2019\\\/10\\\/16\\\/ritratti-in-malga-venerdi-al-museo-di-seravella\\\/#article\",\"isPartOf\":{\"@id\":\"https:\\\/\\\/www.bellunopress.it\\\/2019\\\/10\\\/16\\\/ritratti-in-malga-venerdi-al-museo-di-seravella\\\/\"},\"author\":{\"name\":\"redazione\",\"@id\":\"https:\\\/\\\/www.bellunopress.it\\\/#\\\/schema\\\/person\\\/79bb06722b37ece1c03d3e94beb30d73\"},\"headline\":\"Ritratti in malga, venerd\u00ec al Museo di Seravella\",\"datePublished\":\"2019-10-16T10:09:50+00:00\",\"dateModified\":\"2019-10-19T13:07:51+00:00\",\"mainEntityOfPage\":{\"@id\":\"https:\\\/\\\/www.bellunopress.it\\\/2019\\\/10\\\/16\\\/ritratti-in-malga-venerdi-al-museo-di-seravella\\\/\"},\"wordCount\":259,\"publisher\":{\"@id\":\"https:\\\/\\\/www.bellunopress.it\\\/#organization\"},\"image\":{\"@id\":\"https:\\\/\\\/www.bellunopress.it\\\/2019\\\/10\\\/16\\\/ritratti-in-malga-venerdi-al-museo-di-seravella\\\/#primaryimage\"},\"thumbnailUrl\":\"http:\\\/\\\/www.bellunopress.it\\\/wp-content\\\/uploads\\\/2015\\\/05\\\/museo-seravella-2.jpg\",\"articleSection\":[\"Appuntamenti, Eventi\",\"Arte, Cultura, Spettacoli, Scienza\"],\"inLanguage\":\"fr-FR\"},{\"@type\":\"WebPage\",\"@id\":\"https:\\\/\\\/www.bellunopress.it\\\/2019\\\/10\\\/16\\\/ritratti-in-malga-venerdi-al-museo-di-seravella\\\/\",\"url\":\"https:\\\/\\\/www.bellunopress.it\\\/2019\\\/10\\\/16\\\/ritratti-in-malga-venerdi-al-museo-di-seravella\\\/\",\"name\":\"Ritratti in malga, venerd\u00ec al Museo di Seravella - Bellunopress - Dolomiti\",\"isPartOf\":{\"@id\":\"https:\\\/\\\/www.bellunopress.it\\\/#website\"},\"primaryImageOfPage\":{\"@id\":\"https:\\\/\\\/www.bellunopress.it\\\/2019\\\/10\\\/16\\\/ritratti-in-malga-venerdi-al-museo-di-seravella\\\/#primaryimage\"},\"image\":{\"@id\":\"https:\\\/\\\/www.bellunopress.it\\\/2019\\\/10\\\/16\\\/ritratti-in-malga-venerdi-al-museo-di-seravella\\\/#primaryimage\"},\"thumbnailUrl\":\"http:\\\/\\\/www.bellunopress.it\\\/wp-content\\\/uploads\\\/2015\\\/05\\\/museo-seravella-2.jpg\",\"datePublished\":\"2019-10-16T10:09:50+00:00\",\"dateModified\":\"2019-10-19T13:07:51+00:00\",\"breadcrumb\":{\"@id\":\"https:\\\/\\\/www.bellunopress.it\\\/2019\\\/10\\\/16\\\/ritratti-in-malga-venerdi-al-museo-di-seravella\\\/#breadcrumb\"},\"inLanguage\":\"fr-FR\",\"potentialAction\":[{\"@type\":\"ReadAction\",\"target\":[\"https:\\\/\\\/www.bellunopress.it\\\/2019\\\/10\\\/16\\\/ritratti-in-malga-venerdi-al-museo-di-seravella\\\/\"]}]},{\"@type\":\"ImageObject\",\"inLanguage\":\"fr-FR\",\"@id\":\"https:\\\/\\\/www.bellunopress.it\\\/2019\\\/10\\\/16\\\/ritratti-in-malga-venerdi-al-museo-di-seravella\\\/#primaryimage\",\"url\":\"http:\\\/\\\/www.bellunopress.it\\\/wp-content\\\/uploads\\\/2015\\\/05\\\/museo-seravella-2.jpg\",\"contentUrl\":\"http:\\\/\\\/www.bellunopress.it\\\/wp-content\\\/uploads\\\/2015\\\/05\\\/museo-seravella-2.jpg\"},{\"@type\":\"BreadcrumbList\",\"@id\":\"https:\\\/\\\/www.bellunopress.it\\\/2019\\\/10\\\/16\\\/ritratti-in-malga-venerdi-al-museo-di-seravella\\\/#breadcrumb\",\"itemListElement\":[{\"@type\":\"ListItem\",\"position\":1,\"name\":\"Home\",\"item\":\"https:\\\/\\\/www.bellunopress.it\\\/\"},{\"@type\":\"ListItem\",\"position\":2,\"name\":\"Ritratti in malga, venerd\u00ec al Museo di Seravella\"}]},{\"@type\":\"WebSite\",\"@id\":\"https:\\\/\\\/www.bellunopress.it\\\/#website\",\"url\":\"https:\\\/\\\/www.bellunopress.it\\\/\",\"name\":\"Bellunopress - Dolomiti\",\"description\":\"e-mail: redazione@bellunopress.it\",\"publisher\":{\"@id\":\"https:\\\/\\\/www.bellunopress.it\\\/#organization\"},\"potentialAction\":[{\"@type\":\"SearchAction\",\"target\":{\"@type\":\"EntryPoint\",\"urlTemplate\":\"https:\\\/\\\/www.bellunopress.it\\\/?s={search_term_string}\"},\"query-input\":{\"@type\":\"PropertyValueSpecification\",\"valueRequired\":true,\"valueName\":\"search_term_string\"}}],\"inLanguage\":\"fr-FR\"},{\"@type\":\"Organization\",\"@id\":\"https:\\\/\\\/www.bellunopress.it\\\/#organization\",\"name\":\"Bellunopress\",\"url\":\"https:\\\/\\\/www.bellunopress.it\\\/\",\"logo\":{\"@type\":\"ImageObject\",\"inLanguage\":\"fr-FR\",\"@id\":\"https:\\\/\\\/www.bellunopress.it\\\/#\\\/schema\\\/logo\\\/image\\\/\",\"url\":\"https:\\\/\\\/www.bellunopress.it\\\/wp-content\\\/uploads\\\/2011\\\/05\\\/cropped-logo-bellunopress-.jpg\",\"contentUrl\":\"https:\\\/\\\/www.bellunopress.it\\\/wp-content\\\/uploads\\\/2011\\\/05\\\/cropped-logo-bellunopress-.jpg\",\"width\":512,\"height\":512,\"caption\":\"Bellunopress\"},\"image\":{\"@id\":\"https:\\\/\\\/www.bellunopress.it\\\/#\\\/schema\\\/logo\\\/image\\\/\"},\"sameAs\":[\"https:\\\/\\\/www.facebook.com\\\/profile.php?id=100008943462799\",\"https:\\\/\\\/x.com\\\/bellunopress\",\"https:\\\/\\\/www.linkedin.com\\\/hp\\\/?dnr=JBzUWaJfMUw8vbXJJ2tVW5-I3jZKvC4wsoxE&amp;amp;amp;amp;amp;amp;trk=nav_responsive_tab_home\",\"https:\\\/\\\/www.youtube.com\\\/channel\\\/UCxL0wu1uN0_3_7hGG0306cw\"]},{\"@type\":\"Person\",\"@id\":\"https:\\\/\\\/www.bellunopress.it\\\/#\\\/schema\\\/person\\\/79bb06722b37ece1c03d3e94beb30d73\",\"name\":\"redazione\",\"image\":{\"@type\":\"ImageObject\",\"inLanguage\":\"fr-FR\",\"@id\":\"https:\\\/\\\/secure.gravatar.com\\\/avatar\\\/37d968a2e67a6fd04c169c4bdef102d0bc5d31b2546345219e348575eb80e9a0?s=96&d=mm&r=g\",\"url\":\"https:\\\/\\\/secure.gravatar.com\\\/avatar\\\/37d968a2e67a6fd04c169c4bdef102d0bc5d31b2546345219e348575eb80e9a0?s=96&d=mm&r=g\",\"contentUrl\":\"https:\\\/\\\/secure.gravatar.com\\\/avatar\\\/37d968a2e67a6fd04c169c4bdef102d0bc5d31b2546345219e348575eb80e9a0?s=96&d=mm&r=g\",\"caption\":\"redazione\"},\"sameAs\":[\"http:\\\/\\\/www.bellunopress.it\",\"https:\\\/\\\/x.com\\\/bellunopress\"],\"url\":\"https:\\\/\\\/www.bellunopress.it\\\/fr\\\/author\\\/redazione\\\/\"}]}<\/script>\n<!-- \/ Yoast SEO plugin. -->","yoast_head_json":{"title":"Ritratti in malga, venerd\u00ec al Museo di Seravella - Bellunopress - Dolomiti","robots":{"index":"index","follow":"follow","max-snippet":"max-snippet:-1","max-image-preview":"max-image-preview:large","max-video-preview":"max-video-preview:-1"},"canonical":"https:\/\/www.bellunopress.it\/fr\/2019\/10\/16\/ritratti-in-malga-venerdi-al-museo-di-seravella\/","og_locale":"fr_FR","og_type":"article","og_title":"Ritratti in malga, venerd\u00ec al Museo di Seravella - Bellunopress - Dolomiti","og_description":"Appuntamento con la ruralit\u00e0 e l\u2019alpeggio a Seravella. Il Museo Etnografico della Provincia di Belluno propone una serata cineforum interamente dedicata alla vita tra i pascoli. Venerd\u00ec sera, alle 20, verr\u00e0 proiettato il docu-film \u201cRitratti in malga\u201d, nato da un\u2019idea di Danilo Gasparini (docente all\u2019Universit\u00e0 di Padova e storico dell\u2019agricoltura e dell\u2019alimentazione), per la regia [&hellip;]","og_url":"https:\/\/www.bellunopress.it\/fr\/2019\/10\/16\/ritratti-in-malga-venerdi-al-museo-di-seravella\/","og_site_name":"Bellunopress - Dolomiti","article_publisher":"https:\/\/www.facebook.com\/profile.php?id=100008943462799","article_published_time":"2019-10-16T10:09:50+00:00","article_modified_time":"2019-10-19T13:07:51+00:00","og_image":[{"url":"http:\/\/www.bellunopress.it\/wp-content\/uploads\/2015\/05\/museo-seravella-2.jpg","type":"","width":"","height":""}],"author":"redazione","twitter_card":"summary_large_image","twitter_creator":"@bellunopress","twitter_site":"@bellunopress","twitter_misc":{"\u00c9crit par":"redazione","Dur\u00e9e de lecture estim\u00e9e":"1 minute"},"schema":{"@context":"https:\/\/schema.org","@graph":[{"@type":"Article","@id":"https:\/\/www.bellunopress.it\/2019\/10\/16\/ritratti-in-malga-venerdi-al-museo-di-seravella\/#article","isPartOf":{"@id":"https:\/\/www.bellunopress.it\/2019\/10\/16\/ritratti-in-malga-venerdi-al-museo-di-seravella\/"},"author":{"name":"redazione","@id":"https:\/\/www.bellunopress.it\/#\/schema\/person\/79bb06722b37ece1c03d3e94beb30d73"},"headline":"Ritratti in malga, venerd\u00ec al Museo di Seravella","datePublished":"2019-10-16T10:09:50+00:00","dateModified":"2019-10-19T13:07:51+00:00","mainEntityOfPage":{"@id":"https:\/\/www.bellunopress.it\/2019\/10\/16\/ritratti-in-malga-venerdi-al-museo-di-seravella\/"},"wordCount":259,"publisher":{"@id":"https:\/\/www.bellunopress.it\/#organization"},"image":{"@id":"https:\/\/www.bellunopress.it\/2019\/10\/16\/ritratti-in-malga-venerdi-al-museo-di-seravella\/#primaryimage"},"thumbnailUrl":"http:\/\/www.bellunopress.it\/wp-content\/uploads\/2015\/05\/museo-seravella-2.jpg","articleSection":["Appuntamenti, Eventi","Arte, Cultura, Spettacoli, Scienza"],"inLanguage":"fr-FR"},{"@type":"WebPage","@id":"https:\/\/www.bellunopress.it\/2019\/10\/16\/ritratti-in-malga-venerdi-al-museo-di-seravella\/","url":"https:\/\/www.bellunopress.it\/2019\/10\/16\/ritratti-in-malga-venerdi-al-museo-di-seravella\/","name":"Ritratti in malga, venerd\u00ec al Museo di Seravella - Bellunopress - Dolomiti","isPartOf":{"@id":"https:\/\/www.bellunopress.it\/#website"},"primaryImageOfPage":{"@id":"https:\/\/www.bellunopress.it\/2019\/10\/16\/ritratti-in-malga-venerdi-al-museo-di-seravella\/#primaryimage"},"image":{"@id":"https:\/\/www.bellunopress.it\/2019\/10\/16\/ritratti-in-malga-venerdi-al-museo-di-seravella\/#primaryimage"},"thumbnailUrl":"http:\/\/www.bellunopress.it\/wp-content\/uploads\/2015\/05\/museo-seravella-2.jpg","datePublished":"2019-10-16T10:09:50+00:00","dateModified":"2019-10-19T13:07:51+00:00","breadcrumb":{"@id":"https:\/\/www.bellunopress.it\/2019\/10\/16\/ritratti-in-malga-venerdi-al-museo-di-seravella\/#breadcrumb"},"inLanguage":"fr-FR","potentialAction":[{"@type":"ReadAction","target":["https:\/\/www.bellunopress.it\/2019\/10\/16\/ritratti-in-malga-venerdi-al-museo-di-seravella\/"]}]},{"@type":"ImageObject","inLanguage":"fr-FR","@id":"https:\/\/www.bellunopress.it\/2019\/10\/16\/ritratti-in-malga-venerdi-al-museo-di-seravella\/#primaryimage","url":"http:\/\/www.bellunopress.it\/wp-content\/uploads\/2015\/05\/museo-seravella-2.jpg","contentUrl":"http:\/\/www.bellunopress.it\/wp-content\/uploads\/2015\/05\/museo-seravella-2.jpg"},{"@type":"BreadcrumbList","@id":"https:\/\/www.bellunopress.it\/2019\/10\/16\/ritratti-in-malga-venerdi-al-museo-di-seravella\/#breadcrumb","itemListElement":[{"@type":"ListItem","position":1,"name":"Home","item":"https:\/\/www.bellunopress.it\/"},{"@type":"ListItem","position":2,"name":"Ritratti in malga, venerd\u00ec al Museo di Seravella"}]},{"@type":"WebSite","@id":"https:\/\/www.bellunopress.it\/#website","url":"https:\/\/www.bellunopress.it\/","name":"Bellunopress - Dolomiti","description":"e-mail: redazione@bellunopress.it","publisher":{"@id":"https:\/\/www.bellunopress.it\/#organization"},"potentialAction":[{"@type":"SearchAction","target":{"@type":"EntryPoint","urlTemplate":"https:\/\/www.bellunopress.it\/?s={search_term_string}"},"query-input":{"@type":"PropertyValueSpecification","valueRequired":true,"valueName":"search_term_string"}}],"inLanguage":"fr-FR"},{"@type":"Organization","@id":"https:\/\/www.bellunopress.it\/#organization","name":"Bellunopress","url":"https:\/\/www.bellunopress.it\/","logo":{"@type":"ImageObject","inLanguage":"fr-FR","@id":"https:\/\/www.bellunopress.it\/#\/schema\/logo\/image\/","url":"https:\/\/www.bellunopress.it\/wp-content\/uploads\/2011\/05\/cropped-logo-bellunopress-.jpg","contentUrl":"https:\/\/www.bellunopress.it\/wp-content\/uploads\/2011\/05\/cropped-logo-bellunopress-.jpg","width":512,"height":512,"caption":"Bellunopress"},"image":{"@id":"https:\/\/www.bellunopress.it\/#\/schema\/logo\/image\/"},"sameAs":["https:\/\/www.facebook.com\/profile.php?id=100008943462799","https:\/\/x.com\/bellunopress","https:\/\/www.linkedin.com\/hp\/?dnr=JBzUWaJfMUw8vbXJJ2tVW5-I3jZKvC4wsoxE&amp;amp;amp;amp;amp;amp;trk=nav_responsive_tab_home","https:\/\/www.youtube.com\/channel\/UCxL0wu1uN0_3_7hGG0306cw"]},{"@type":"Person","@id":"https:\/\/www.bellunopress.it\/#\/schema\/person\/79bb06722b37ece1c03d3e94beb30d73","name":"r\u00e9daction","image":{"@type":"ImageObject","inLanguage":"fr-FR","@id":"https:\/\/secure.gravatar.com\/avatar\/37d968a2e67a6fd04c169c4bdef102d0bc5d31b2546345219e348575eb80e9a0?s=96&d=mm&r=g","url":"https:\/\/secure.gravatar.com\/avatar\/37d968a2e67a6fd04c169c4bdef102d0bc5d31b2546345219e348575eb80e9a0?s=96&d=mm&r=g","contentUrl":"https:\/\/secure.gravatar.com\/avatar\/37d968a2e67a6fd04c169c4bdef102d0bc5d31b2546345219e348575eb80e9a0?s=96&d=mm&r=g","caption":"redazione"},"sameAs":["http:\/\/www.bellunopress.it","https:\/\/x.com\/bellunopress"],"url":"https:\/\/www.bellunopress.it\/fr\/author\/redazione\/"}]}},"_links":{"self":[{"href":"https:\/\/www.bellunopress.it\/fr\/wp-json\/wp\/v2\/posts\/108768","targetHints":{"allow":["GET"]}}],"collection":[{"href":"https:\/\/www.bellunopress.it\/fr\/wp-json\/wp\/v2\/posts"}],"about":[{"href":"https:\/\/www.bellunopress.it\/fr\/wp-json\/wp\/v2\/types\/post"}],"author":[{"embeddable":true,"href":"https:\/\/www.bellunopress.it\/fr\/wp-json\/wp\/v2\/users\/2"}],"replies":[{"embeddable":true,"href":"https:\/\/www.bellunopress.it\/fr\/wp-json\/wp\/v2\/comments?post=108768"}],"version-history":[{"count":1,"href":"https:\/\/www.bellunopress.it\/fr\/wp-json\/wp\/v2\/posts\/108768\/revisions"}],"predecessor-version":[{"id":108769,"href":"https:\/\/www.bellunopress.it\/fr\/wp-json\/wp\/v2\/posts\/108768\/revisions\/108769"}],"wp:attachment":[{"href":"https:\/\/www.bellunopress.it\/fr\/wp-json\/wp\/v2\/media?parent=108768"}],"wp:term":[{"taxonomy":"category","embeddable":true,"href":"https:\/\/www.bellunopress.it\/fr\/wp-json\/wp\/v2\/categories?post=108768"},{"taxonomy":"post_tag","embeddable":true,"href":"https:\/\/www.bellunopress.it\/fr\/wp-json\/wp\/v2\/tags?post=108768"}],"curies":[{"name":"wp","href":"https:\/\/api.w.org\/{rel}","templated":true}]}}