{"id":108764,"date":"2019-10-15T17:33:56","date_gmt":"2019-10-15T15:33:56","guid":{"rendered":"http:\/\/www.bellunopress.it\/?p=108764"},"modified":"2019-10-15T17:33:56","modified_gmt":"2019-10-15T15:33:56","slug":"la-luiss-arriva-a-belluno-massaro-palazzo-bembo-sempre-piu-palazzo-della-cultura-e-del-sapere","status":"publish","type":"post","link":"https:\/\/www.bellunopress.it\/fr\/2019\/10\/15\/la-luiss-arriva-a-belluno-massaro-palazzo-bembo-sempre-piu-palazzo-della-cultura-e-del-sapere\/","title":{"rendered":"La Luiss arriva a Belluno. Massaro: &#8220;Palazzo Bembo sempre pi\u00f9 palazzo della cultura e del sapere&#8221;"},"content":{"rendered":"<figure id=\"attachment_87543\" aria-describedby=\"caption-attachment-87543\" style=\"width: 300px\" class=\"wp-caption alignleft\"><a href=\"http:\/\/www.bellunopress.it\/fr\/2017\/07\/08\/ecco-la-nuova-giunta-di-belluno\/insediamento-massaro-5\/\" rel=\"attachment wp-att-87543\"><img loading=\"lazy\" decoding=\"async\" class=\"size-full wp-image-87543\" src=\"http:\/\/www.bellunopress.it\/wp-content\/uploads\/2017\/07\/Insediamento-Massaro-5.jpg\" alt=\"\" width=\"300\" height=\"282\" \/><\/a><figcaption id=\"caption-attachment-87543\" class=\"wp-caption-text\">Jacopo Massaro<\/figcaption><\/figure>\n<p>La Luiss Business School apre a Belluno: il capoluogo dolomitico diventer\u00e0 l&#8217;Hub Veneto delle Dolomiti, il polo del Nord Est dell&#8217;alta formazione, consulenza e ricerca applicata nell\u2019area del business e management rivolto alle imprese presenti sul territorio.<br \/>\nBelluno diventa quindi la terza citt\u00e0 italiana, dopo Roma e Milano, ad ospitare i corsi della LUISS, prima scuola di alta formazione italiana ad essere entrata nel Global Business School Network (Gbsn), rete che vanta le principali realt\u00e0 mondiali del settore.<\/p>\n<p>Entusiasta per il risultato ottenuto il sindaco di Belluno, Jacopo Massaro: \u00abQuesto \u00e8 il frutto di un grande lavoro di squadra, che ha visto come capofila Confindustria Belluno Dolomiti, alla quale vanno i miei complimenti e ringraziamenti. &#8211; commenta Massaro \u2013 Come Comune di Belluno, abbiamo sin da subito messo a disposizione del progetto Palazzo Bembo, ormai sempre pi\u00f9 \u201cpalazzo della cultura e del sapere\u201d: in alcune delle numerose stanze dell&#8217;edificio, troveranno spazio i corsi della LUISS, il museo archeologico, le attivit\u00e0 di InLab, a cui l&#8217;arrivo della Luiss \u00e8 strettamente collegato, e alcune iniziative della rete di partner di questi progetti, dalle Universit\u00e0 di Bologna e Ca&#8217; Foscari fino all&#8217;Istituto Universitario Salesiano di Venezia \u2013 Iusve e Confindustria\u00bb.<br \/>\n\u00abBelluno incrementa le proprie eccellenze: &#8211; conclude il primo cittadino \u2013eccellenza ambientale, della sicurezza, del sociale, recentemente anche dell&#8217;educazione e ora dell&#8217;alta formazione. Si completa un quadro che accresce la qualit\u00e0 della vita dei cittadini del nostro territorio, ma si rafforzano anche le conoscenze e le capacit\u00e0 delle risorse umane per le nostre aziende. Questi corsi sono anche uno strumento contro lo spopolamento: saranno infatti un richiamo per i nostri giovani che negli anni hanno lasciato la provincia per seguire l&#8217;universit\u00e0 nelle citt\u00e0 della pianura, e che ora potranno terminare il proprio percorso di studi con attivit\u00e0 di altissimo livello proprio a Belluno\u00bb.<\/p>\n<p>Con Confindustria Belluno Dolomiti e il Comune di Belluno, al progetto Luiss hanno collaborato il Comune di Feltre, la Provincia di Belluno e il Consorzio Bim Piave.<\/p>","protected":false},"excerpt":{"rendered":"<p>La Luiss Business School apre a Belluno: il capoluogo dolomitico diventer\u00e0 l&#8217;Hub Veneto delle Dolomiti, il polo del Nord Est dell&#8217;alta formazione, consulenza e ricerca applicata nell\u2019area del business e management rivolto alle imprese presenti sul territorio. Belluno diventa quindi la terza citt\u00e0 italiana, dopo Roma e Milano, ad ospitare i corsi della LUISS, prima [&hellip;]<\/p>\n","protected":false},"author":2,"featured_media":0,"comment_status":"closed","ping_status":"open","sticky":false,"template":"","format":"standard","meta":{"footnotes":""},"categories":[3,5,26],"tags":[],"class_list":["post-108764","post","type-post","status-publish","format-standard","category-arte-cultura-spettacoli-scienza-archivi","category-cronaca","category-prima-pagina"],"yoast_head":"<!-- This site is optimized with the Yoast SEO plugin v28.4 - https:\/\/yoast.com\/product\/yoast-seo-wordpress\/ -->\n<title>La Luiss arriva a Belluno. Massaro: &quot;Palazzo Bembo sempre pi\u00f9 palazzo della cultura e del sapere&quot; - Bellunopress - Dolomiti<\/title>\n<meta name=\"robots\" content=\"index, follow, max-snippet:-1, max-image-preview:large, max-video-preview:-1\" \/>\n<link rel=\"canonical\" href=\"https:\/\/www.bellunopress.it\/fr\/2019\/10\/15\/la-luiss-arriva-a-belluno-massaro-palazzo-bembo-sempre-piu-palazzo-della-cultura-e-del-sapere\/\" \/>\n<meta property=\"og:locale\" content=\"fr_FR\" \/>\n<meta property=\"og:type\" content=\"article\" \/>\n<meta property=\"og:title\" content=\"La Luiss arriva a Belluno. Massaro: &quot;Palazzo Bembo sempre pi\u00f9 palazzo della cultura e del sapere&quot; - Bellunopress - Dolomiti\" \/>\n<meta property=\"og:description\" content=\"La Luiss Business School apre a Belluno: il capoluogo dolomitico diventer\u00e0 l&#8217;Hub Veneto delle Dolomiti, il polo del Nord Est dell&#8217;alta formazione, consulenza e ricerca applicata nell\u2019area del business e management rivolto alle imprese presenti sul territorio. Belluno diventa quindi la terza citt\u00e0 italiana, dopo Roma e Milano, ad ospitare i corsi della LUISS, prima [&hellip;]\" \/>\n<meta property=\"og:url\" content=\"https:\/\/www.bellunopress.it\/fr\/2019\/10\/15\/la-luiss-arriva-a-belluno-massaro-palazzo-bembo-sempre-piu-palazzo-della-cultura-e-del-sapere\/\" \/>\n<meta property=\"og:site_name\" content=\"Bellunopress - Dolomiti\" \/>\n<meta property=\"article:publisher\" content=\"https:\/\/www.facebook.com\/profile.php?id=100008943462799\" \/>\n<meta property=\"article:published_time\" content=\"2019-10-15T15:33:56+00:00\" \/>\n<meta property=\"og:image\" content=\"http:\/\/www.bellunopress.it\/wp-content\/uploads\/2017\/07\/Insediamento-Massaro-5.jpg\" \/>\n<meta name=\"author\" content=\"redazione\" \/>\n<meta name=\"twitter:card\" content=\"summary_large_image\" \/>\n<meta name=\"twitter:creator\" content=\"@bellunopress\" \/>\n<meta name=\"twitter:site\" content=\"@bellunopress\" \/>\n<meta name=\"twitter:label1\" content=\"\u00c9crit par\" \/>\n\t<meta name=\"twitter:data1\" content=\"redazione\" \/>\n\t<meta name=\"twitter:label2\" content=\"Dur\u00e9e de lecture estim\u00e9e\" \/>\n\t<meta name=\"twitter:data2\" content=\"2 minutes\" \/>\n<script type=\"application\/ld+json\" class=\"yoast-schema-graph\">{\"@context\":\"https:\\\/\\\/schema.org\",\"@graph\":[{\"@type\":\"Article\",\"@id\":\"https:\\\/\\\/www.bellunopress.it\\\/2019\\\/10\\\/15\\\/la-luiss-arriva-a-belluno-massaro-palazzo-bembo-sempre-piu-palazzo-della-cultura-e-del-sapere\\\/#article\",\"isPartOf\":{\"@id\":\"https:\\\/\\\/www.bellunopress.it\\\/2019\\\/10\\\/15\\\/la-luiss-arriva-a-belluno-massaro-palazzo-bembo-sempre-piu-palazzo-della-cultura-e-del-sapere\\\/\"},\"author\":{\"name\":\"redazione\",\"@id\":\"https:\\\/\\\/www.bellunopress.it\\\/#\\\/schema\\\/person\\\/79bb06722b37ece1c03d3e94beb30d73\"},\"headline\":\"La Luiss arriva a Belluno. Massaro: &#8220;Palazzo Bembo sempre pi\u00f9 palazzo della cultura e del sapere&#8221;\",\"datePublished\":\"2019-10-15T15:33:56+00:00\",\"mainEntityOfPage\":{\"@id\":\"https:\\\/\\\/www.bellunopress.it\\\/2019\\\/10\\\/15\\\/la-luiss-arriva-a-belluno-massaro-palazzo-bembo-sempre-piu-palazzo-della-cultura-e-del-sapere\\\/\"},\"wordCount\":357,\"publisher\":{\"@id\":\"https:\\\/\\\/www.bellunopress.it\\\/#organization\"},\"image\":{\"@id\":\"https:\\\/\\\/www.bellunopress.it\\\/2019\\\/10\\\/15\\\/la-luiss-arriva-a-belluno-massaro-palazzo-bembo-sempre-piu-palazzo-della-cultura-e-del-sapere\\\/#primaryimage\"},\"thumbnailUrl\":\"http:\\\/\\\/www.bellunopress.it\\\/wp-content\\\/uploads\\\/2017\\\/07\\\/Insediamento-Massaro-5.jpg\",\"articleSection\":[\"Arte, Cultura, Spettacoli, Scienza\",\"Cronaca\\\/Politica\",\"Prima Pagina\"],\"inLanguage\":\"fr-FR\"},{\"@type\":\"WebPage\",\"@id\":\"https:\\\/\\\/www.bellunopress.it\\\/2019\\\/10\\\/15\\\/la-luiss-arriva-a-belluno-massaro-palazzo-bembo-sempre-piu-palazzo-della-cultura-e-del-sapere\\\/\",\"url\":\"https:\\\/\\\/www.bellunopress.it\\\/2019\\\/10\\\/15\\\/la-luiss-arriva-a-belluno-massaro-palazzo-bembo-sempre-piu-palazzo-della-cultura-e-del-sapere\\\/\",\"name\":\"La Luiss arriva a Belluno. Massaro: \\\"Palazzo Bembo sempre pi\u00f9 palazzo della cultura e del sapere\\\" - Bellunopress - Dolomiti\",\"isPartOf\":{\"@id\":\"https:\\\/\\\/www.bellunopress.it\\\/#website\"},\"primaryImageOfPage\":{\"@id\":\"https:\\\/\\\/www.bellunopress.it\\\/2019\\\/10\\\/15\\\/la-luiss-arriva-a-belluno-massaro-palazzo-bembo-sempre-piu-palazzo-della-cultura-e-del-sapere\\\/#primaryimage\"},\"image\":{\"@id\":\"https:\\\/\\\/www.bellunopress.it\\\/2019\\\/10\\\/15\\\/la-luiss-arriva-a-belluno-massaro-palazzo-bembo-sempre-piu-palazzo-della-cultura-e-del-sapere\\\/#primaryimage\"},\"thumbnailUrl\":\"http:\\\/\\\/www.bellunopress.it\\\/wp-content\\\/uploads\\\/2017\\\/07\\\/Insediamento-Massaro-5.jpg\",\"datePublished\":\"2019-10-15T15:33:56+00:00\",\"breadcrumb\":{\"@id\":\"https:\\\/\\\/www.bellunopress.it\\\/2019\\\/10\\\/15\\\/la-luiss-arriva-a-belluno-massaro-palazzo-bembo-sempre-piu-palazzo-della-cultura-e-del-sapere\\\/#breadcrumb\"},\"inLanguage\":\"fr-FR\",\"potentialAction\":[{\"@type\":\"ReadAction\",\"target\":[\"https:\\\/\\\/www.bellunopress.it\\\/2019\\\/10\\\/15\\\/la-luiss-arriva-a-belluno-massaro-palazzo-bembo-sempre-piu-palazzo-della-cultura-e-del-sapere\\\/\"]}]},{\"@type\":\"ImageObject\",\"inLanguage\":\"fr-FR\",\"@id\":\"https:\\\/\\\/www.bellunopress.it\\\/2019\\\/10\\\/15\\\/la-luiss-arriva-a-belluno-massaro-palazzo-bembo-sempre-piu-palazzo-della-cultura-e-del-sapere\\\/#primaryimage\",\"url\":\"http:\\\/\\\/www.bellunopress.it\\\/wp-content\\\/uploads\\\/2017\\\/07\\\/Insediamento-Massaro-5.jpg\",\"contentUrl\":\"http:\\\/\\\/www.bellunopress.it\\\/wp-content\\\/uploads\\\/2017\\\/07\\\/Insediamento-Massaro-5.jpg\"},{\"@type\":\"BreadcrumbList\",\"@id\":\"https:\\\/\\\/www.bellunopress.it\\\/2019\\\/10\\\/15\\\/la-luiss-arriva-a-belluno-massaro-palazzo-bembo-sempre-piu-palazzo-della-cultura-e-del-sapere\\\/#breadcrumb\",\"itemListElement\":[{\"@type\":\"ListItem\",\"position\":1,\"name\":\"Home\",\"item\":\"https:\\\/\\\/www.bellunopress.it\\\/\"},{\"@type\":\"ListItem\",\"position\":2,\"name\":\"La Luiss arriva a Belluno. Massaro: &#8220;Palazzo Bembo sempre pi\u00f9 palazzo della cultura e del sapere&#8221;\"}]},{\"@type\":\"WebSite\",\"@id\":\"https:\\\/\\\/www.bellunopress.it\\\/#website\",\"url\":\"https:\\\/\\\/www.bellunopress.it\\\/\",\"name\":\"Bellunopress - Dolomiti\",\"description\":\"e-mail: redazione@bellunopress.it\",\"publisher\":{\"@id\":\"https:\\\/\\\/www.bellunopress.it\\\/#organization\"},\"potentialAction\":[{\"@type\":\"SearchAction\",\"target\":{\"@type\":\"EntryPoint\",\"urlTemplate\":\"https:\\\/\\\/www.bellunopress.it\\\/?s={search_term_string}\"},\"query-input\":{\"@type\":\"PropertyValueSpecification\",\"valueRequired\":true,\"valueName\":\"search_term_string\"}}],\"inLanguage\":\"fr-FR\"},{\"@type\":\"Organization\",\"@id\":\"https:\\\/\\\/www.bellunopress.it\\\/#organization\",\"name\":\"Bellunopress\",\"url\":\"https:\\\/\\\/www.bellunopress.it\\\/\",\"logo\":{\"@type\":\"ImageObject\",\"inLanguage\":\"fr-FR\",\"@id\":\"https:\\\/\\\/www.bellunopress.it\\\/#\\\/schema\\\/logo\\\/image\\\/\",\"url\":\"https:\\\/\\\/www.bellunopress.it\\\/wp-content\\\/uploads\\\/2011\\\/05\\\/cropped-logo-bellunopress-.jpg\",\"contentUrl\":\"https:\\\/\\\/www.bellunopress.it\\\/wp-content\\\/uploads\\\/2011\\\/05\\\/cropped-logo-bellunopress-.jpg\",\"width\":512,\"height\":512,\"caption\":\"Bellunopress\"},\"image\":{\"@id\":\"https:\\\/\\\/www.bellunopress.it\\\/#\\\/schema\\\/logo\\\/image\\\/\"},\"sameAs\":[\"https:\\\/\\\/www.facebook.com\\\/profile.php?id=100008943462799\",\"https:\\\/\\\/x.com\\\/bellunopress\",\"https:\\\/\\\/www.linkedin.com\\\/hp\\\/?dnr=JBzUWaJfMUw8vbXJJ2tVW5-I3jZKvC4wsoxE&amp;amp;amp;amp;amp;amp;trk=nav_responsive_tab_home\",\"https:\\\/\\\/www.youtube.com\\\/channel\\\/UCxL0wu1uN0_3_7hGG0306cw\"]},{\"@type\":\"Person\",\"@id\":\"https:\\\/\\\/www.bellunopress.it\\\/#\\\/schema\\\/person\\\/79bb06722b37ece1c03d3e94beb30d73\",\"name\":\"redazione\",\"image\":{\"@type\":\"ImageObject\",\"inLanguage\":\"fr-FR\",\"@id\":\"https:\\\/\\\/secure.gravatar.com\\\/avatar\\\/37d968a2e67a6fd04c169c4bdef102d0bc5d31b2546345219e348575eb80e9a0?s=96&d=mm&r=g\",\"url\":\"https:\\\/\\\/secure.gravatar.com\\\/avatar\\\/37d968a2e67a6fd04c169c4bdef102d0bc5d31b2546345219e348575eb80e9a0?s=96&d=mm&r=g\",\"contentUrl\":\"https:\\\/\\\/secure.gravatar.com\\\/avatar\\\/37d968a2e67a6fd04c169c4bdef102d0bc5d31b2546345219e348575eb80e9a0?s=96&d=mm&r=g\",\"caption\":\"redazione\"},\"sameAs\":[\"http:\\\/\\\/www.bellunopress.it\",\"https:\\\/\\\/x.com\\\/bellunopress\"],\"url\":\"https:\\\/\\\/www.bellunopress.it\\\/fr\\\/author\\\/redazione\\\/\"}]}<\/script>\n<!-- \/ Yoast SEO plugin. -->","yoast_head_json":{"title":"La Luiss arriva a Belluno. Massaro: \"Palazzo Bembo sempre pi\u00f9 palazzo della cultura e del sapere\" - Bellunopress - Dolomiti","robots":{"index":"index","follow":"follow","max-snippet":"max-snippet:-1","max-image-preview":"max-image-preview:large","max-video-preview":"max-video-preview:-1"},"canonical":"https:\/\/www.bellunopress.it\/fr\/2019\/10\/15\/la-luiss-arriva-a-belluno-massaro-palazzo-bembo-sempre-piu-palazzo-della-cultura-e-del-sapere\/","og_locale":"fr_FR","og_type":"article","og_title":"La Luiss arriva a Belluno. Massaro: \"Palazzo Bembo sempre pi\u00f9 palazzo della cultura e del sapere\" - Bellunopress - Dolomiti","og_description":"La Luiss Business School apre a Belluno: il capoluogo dolomitico diventer\u00e0 l&#8217;Hub Veneto delle Dolomiti, il polo del Nord Est dell&#8217;alta formazione, consulenza e ricerca applicata nell\u2019area del business e management rivolto alle imprese presenti sul territorio. Belluno diventa quindi la terza citt\u00e0 italiana, dopo Roma e Milano, ad ospitare i corsi della LUISS, prima [&hellip;]","og_url":"https:\/\/www.bellunopress.it\/fr\/2019\/10\/15\/la-luiss-arriva-a-belluno-massaro-palazzo-bembo-sempre-piu-palazzo-della-cultura-e-del-sapere\/","og_site_name":"Bellunopress - Dolomiti","article_publisher":"https:\/\/www.facebook.com\/profile.php?id=100008943462799","article_published_time":"2019-10-15T15:33:56+00:00","og_image":[{"url":"http:\/\/www.bellunopress.it\/wp-content\/uploads\/2017\/07\/Insediamento-Massaro-5.jpg","type":"","width":"","height":""}],"author":"redazione","twitter_card":"summary_large_image","twitter_creator":"@bellunopress","twitter_site":"@bellunopress","twitter_misc":{"\u00c9crit par":"redazione","Dur\u00e9e de lecture estim\u00e9e":"2 minutes"},"schema":{"@context":"https:\/\/schema.org","@graph":[{"@type":"Article","@id":"https:\/\/www.bellunopress.it\/2019\/10\/15\/la-luiss-arriva-a-belluno-massaro-palazzo-bembo-sempre-piu-palazzo-della-cultura-e-del-sapere\/#article","isPartOf":{"@id":"https:\/\/www.bellunopress.it\/2019\/10\/15\/la-luiss-arriva-a-belluno-massaro-palazzo-bembo-sempre-piu-palazzo-della-cultura-e-del-sapere\/"},"author":{"name":"redazione","@id":"https:\/\/www.bellunopress.it\/#\/schema\/person\/79bb06722b37ece1c03d3e94beb30d73"},"headline":"La Luiss arriva a Belluno. Massaro: &#8220;Palazzo Bembo sempre pi\u00f9 palazzo della cultura e del sapere&#8221;","datePublished":"2019-10-15T15:33:56+00:00","mainEntityOfPage":{"@id":"https:\/\/www.bellunopress.it\/2019\/10\/15\/la-luiss-arriva-a-belluno-massaro-palazzo-bembo-sempre-piu-palazzo-della-cultura-e-del-sapere\/"},"wordCount":357,"publisher":{"@id":"https:\/\/www.bellunopress.it\/#organization"},"image":{"@id":"https:\/\/www.bellunopress.it\/2019\/10\/15\/la-luiss-arriva-a-belluno-massaro-palazzo-bembo-sempre-piu-palazzo-della-cultura-e-del-sapere\/#primaryimage"},"thumbnailUrl":"http:\/\/www.bellunopress.it\/wp-content\/uploads\/2017\/07\/Insediamento-Massaro-5.jpg","articleSection":["Arte, Cultura, Spettacoli, Scienza","Cronaca\/Politica","Prima Pagina"],"inLanguage":"fr-FR"},{"@type":"WebPage","@id":"https:\/\/www.bellunopress.it\/2019\/10\/15\/la-luiss-arriva-a-belluno-massaro-palazzo-bembo-sempre-piu-palazzo-della-cultura-e-del-sapere\/","url":"https:\/\/www.bellunopress.it\/2019\/10\/15\/la-luiss-arriva-a-belluno-massaro-palazzo-bembo-sempre-piu-palazzo-della-cultura-e-del-sapere\/","name":"La Luiss arriva a Belluno. Massaro: \"Palazzo Bembo sempre pi\u00f9 palazzo della cultura e del sapere\" - Bellunopress - Dolomiti","isPartOf":{"@id":"https:\/\/www.bellunopress.it\/#website"},"primaryImageOfPage":{"@id":"https:\/\/www.bellunopress.it\/2019\/10\/15\/la-luiss-arriva-a-belluno-massaro-palazzo-bembo-sempre-piu-palazzo-della-cultura-e-del-sapere\/#primaryimage"},"image":{"@id":"https:\/\/www.bellunopress.it\/2019\/10\/15\/la-luiss-arriva-a-belluno-massaro-palazzo-bembo-sempre-piu-palazzo-della-cultura-e-del-sapere\/#primaryimage"},"thumbnailUrl":"http:\/\/www.bellunopress.it\/wp-content\/uploads\/2017\/07\/Insediamento-Massaro-5.jpg","datePublished":"2019-10-15T15:33:56+00:00","breadcrumb":{"@id":"https:\/\/www.bellunopress.it\/2019\/10\/15\/la-luiss-arriva-a-belluno-massaro-palazzo-bembo-sempre-piu-palazzo-della-cultura-e-del-sapere\/#breadcrumb"},"inLanguage":"fr-FR","potentialAction":[{"@type":"ReadAction","target":["https:\/\/www.bellunopress.it\/2019\/10\/15\/la-luiss-arriva-a-belluno-massaro-palazzo-bembo-sempre-piu-palazzo-della-cultura-e-del-sapere\/"]}]},{"@type":"ImageObject","inLanguage":"fr-FR","@id":"https:\/\/www.bellunopress.it\/2019\/10\/15\/la-luiss-arriva-a-belluno-massaro-palazzo-bembo-sempre-piu-palazzo-della-cultura-e-del-sapere\/#primaryimage","url":"http:\/\/www.bellunopress.it\/wp-content\/uploads\/2017\/07\/Insediamento-Massaro-5.jpg","contentUrl":"http:\/\/www.bellunopress.it\/wp-content\/uploads\/2017\/07\/Insediamento-Massaro-5.jpg"},{"@type":"BreadcrumbList","@id":"https:\/\/www.bellunopress.it\/2019\/10\/15\/la-luiss-arriva-a-belluno-massaro-palazzo-bembo-sempre-piu-palazzo-della-cultura-e-del-sapere\/#breadcrumb","itemListElement":[{"@type":"ListItem","position":1,"name":"Home","item":"https:\/\/www.bellunopress.it\/"},{"@type":"ListItem","position":2,"name":"La Luiss arriva a Belluno. Massaro: &#8220;Palazzo Bembo sempre pi\u00f9 palazzo della cultura e del sapere&#8221;"}]},{"@type":"WebSite","@id":"https:\/\/www.bellunopress.it\/#website","url":"https:\/\/www.bellunopress.it\/","name":"Bellunopress - Dolomiti","description":"e-mail: redazione@bellunopress.it","publisher":{"@id":"https:\/\/www.bellunopress.it\/#organization"},"potentialAction":[{"@type":"SearchAction","target":{"@type":"EntryPoint","urlTemplate":"https:\/\/www.bellunopress.it\/?s={search_term_string}"},"query-input":{"@type":"PropertyValueSpecification","valueRequired":true,"valueName":"search_term_string"}}],"inLanguage":"fr-FR"},{"@type":"Organization","@id":"https:\/\/www.bellunopress.it\/#organization","name":"Bellunopress","url":"https:\/\/www.bellunopress.it\/","logo":{"@type":"ImageObject","inLanguage":"fr-FR","@id":"https:\/\/www.bellunopress.it\/#\/schema\/logo\/image\/","url":"https:\/\/www.bellunopress.it\/wp-content\/uploads\/2011\/05\/cropped-logo-bellunopress-.jpg","contentUrl":"https:\/\/www.bellunopress.it\/wp-content\/uploads\/2011\/05\/cropped-logo-bellunopress-.jpg","width":512,"height":512,"caption":"Bellunopress"},"image":{"@id":"https:\/\/www.bellunopress.it\/#\/schema\/logo\/image\/"},"sameAs":["https:\/\/www.facebook.com\/profile.php?id=100008943462799","https:\/\/x.com\/bellunopress","https:\/\/www.linkedin.com\/hp\/?dnr=JBzUWaJfMUw8vbXJJ2tVW5-I3jZKvC4wsoxE&amp;amp;amp;amp;amp;amp;trk=nav_responsive_tab_home","https:\/\/www.youtube.com\/channel\/UCxL0wu1uN0_3_7hGG0306cw"]},{"@type":"Person","@id":"https:\/\/www.bellunopress.it\/#\/schema\/person\/79bb06722b37ece1c03d3e94beb30d73","name":"r\u00e9daction","image":{"@type":"ImageObject","inLanguage":"fr-FR","@id":"https:\/\/secure.gravatar.com\/avatar\/37d968a2e67a6fd04c169c4bdef102d0bc5d31b2546345219e348575eb80e9a0?s=96&d=mm&r=g","url":"https:\/\/secure.gravatar.com\/avatar\/37d968a2e67a6fd04c169c4bdef102d0bc5d31b2546345219e348575eb80e9a0?s=96&d=mm&r=g","contentUrl":"https:\/\/secure.gravatar.com\/avatar\/37d968a2e67a6fd04c169c4bdef102d0bc5d31b2546345219e348575eb80e9a0?s=96&d=mm&r=g","caption":"redazione"},"sameAs":["http:\/\/www.bellunopress.it","https:\/\/x.com\/bellunopress"],"url":"https:\/\/www.bellunopress.it\/fr\/author\/redazione\/"}]}},"_links":{"self":[{"href":"https:\/\/www.bellunopress.it\/fr\/wp-json\/wp\/v2\/posts\/108764","targetHints":{"allow":["GET"]}}],"collection":[{"href":"https:\/\/www.bellunopress.it\/fr\/wp-json\/wp\/v2\/posts"}],"about":[{"href":"https:\/\/www.bellunopress.it\/fr\/wp-json\/wp\/v2\/types\/post"}],"author":[{"embeddable":true,"href":"https:\/\/www.bellunopress.it\/fr\/wp-json\/wp\/v2\/users\/2"}],"replies":[{"embeddable":true,"href":"https:\/\/www.bellunopress.it\/fr\/wp-json\/wp\/v2\/comments?post=108764"}],"version-history":[{"count":1,"href":"https:\/\/www.bellunopress.it\/fr\/wp-json\/wp\/v2\/posts\/108764\/revisions"}],"predecessor-version":[{"id":108765,"href":"https:\/\/www.bellunopress.it\/fr\/wp-json\/wp\/v2\/posts\/108764\/revisions\/108765"}],"wp:attachment":[{"href":"https:\/\/www.bellunopress.it\/fr\/wp-json\/wp\/v2\/media?parent=108764"}],"wp:term":[{"taxonomy":"category","embeddable":true,"href":"https:\/\/www.bellunopress.it\/fr\/wp-json\/wp\/v2\/categories?post=108764"},{"taxonomy":"post_tag","embeddable":true,"href":"https:\/\/www.bellunopress.it\/fr\/wp-json\/wp\/v2\/tags?post=108764"}],"curies":[{"name":"wp","href":"https:\/\/api.w.org\/{rel}","templated":true}]}}