{"id":108759,"date":"2019-10-15T16:17:31","date_gmt":"2019-10-15T14:17:31","guid":{"rendered":"http:\/\/www.bellunopress.it\/?p=108759"},"modified":"2019-10-15T16:17:32","modified_gmt":"2019-10-15T14:17:32","slug":"qualita-dellaria-diminuiscono-le-polveri-sottili-ma-aumenta-il-benzoapirene-da-cattiva-combustione-della-legna","status":"publish","type":"post","link":"https:\/\/www.bellunopress.it\/fr\/2019\/10\/15\/qualita-dellaria-diminuiscono-le-polveri-sottili-ma-aumenta-il-benzoapirene-da-cattiva-combustione-della-legna\/","title":{"rendered":"Qualit\u00e0 dell&#8217;aria: diminuiscono le polveri sottili ma aumenta il benzo(a)pirene da cattiva combustione della legna"},"content":{"rendered":"<p><a href=\"http:\/\/www.bellunopress.it\/fr\/2019\/10\/15\/qualita-dellaria-diminuiscono-le-polveri-sottili-ma-aumenta-il-benzoapirene-da-cattiva-combustione-della-legna\/caminetto\/\" rel=\"attachment wp-att-108761\"><img loading=\"lazy\" decoding=\"async\" class=\"alignleft size-full wp-image-108761\" src=\"http:\/\/www.bellunopress.it\/wp-content\/uploads\/2019\/10\/caminetto.jpg\" alt=\"\" width=\"300\" height=\"227\" \/><\/a>Si \u00e8 riunito questa mattina nella sede della Provincia di Belluno il Tavolo Tecnico Zonale previsto dal Piano Regionale di tutela e risanamento dell\u2019atmosfera. La riunione \u00e8 servita a fare il punto sugli ultimi dati Arpav della qualit\u00e0 dell\u2019aria. E ha illustrato agli amministratori presenti l\u2019ordinanza adottata dal Comune di Belluno (in attuazione degli accordi previsti all\u2019interno del Bacino Padano), ribadendo che le misure di prevenzione dell\u2019inquinamento atmosferico passano attraverso una condivisione tra amministrazioni locali, una costante informazione ai cittadini e anche attraverso l\u2019adozione di buone pratiche nella vita di tutti i giorni.<\/p>\n<p>I dati Arpav confermano che sul fronte delle Pm10 il trend \u00e8 in calo negli ultimi anni. Il superamento del valore limite giornaliero (50 \u00b5g\\m3) dal 2005 al 2018 \u00e8 sempre rimasto entro la soglia dei 35 sforamenti all\u2019anno per le stazioni di Belluno e Alpago, mentre per la stazione di Feltre mostra un decremento consistente e pi\u00f9 o meno costante (dal picco dei 102 sforamenti del 2006 ai 28 del 201. A richiamare l\u2019attenzione \u00e8 soprattutto il dato relativo al benzo(a)pirene, che per il territorio bellunese mostra concentrazioni pi\u00f9 elevate rispetto a quanto richiederebbe la soglia limite, fissata a 1 ng\/m3 (la stazione di Belluno segna una media di 1,4 ng\/m3 al 31\/08\/18 e 1,1 ng\/m3 al 31\/08\/19; la stazione di Feltre arriva a una media di 1,6 ng\/m3 al 3\/09\/18 e a 1,5 ng\/m3 al 3\/09\/19).<\/p>\n<p>Il benzo(a)pirene \u00e8 un idrocarburo policiclico, classificato come potenzialmente cancerogeno, che deriva dalla combustione delle stufe e dei caminetti (soprattutto da una cattiva e incompleta combustione della biomassa legnosa). L\u2019attenzione dei partecipanti al Tavolo Tecnico Zonale \u00e8 quindi orientata a una corretta e costante informazione sulle possibilit\u00e0 di incentivi per la rottamazione delle vecchie stufe (grazie a bandi regionali), sulla qualit\u00e0 della biomassa da utilizzare come combustibile, e su come bisogna fare per utilizzare i camini in modo corretto e funzionale alla minor produzione possibile di sostanze inquinanti. Si tratta di interventi minimali che per\u00f2 consentono di raggiungere risultati immediati e duraturi sul fronte della qualit\u00e0 dell\u2019aria.<br \/>\nIl Tavolo Tecnico Zonale si aggiorner\u00e0 alla prossima primavera, con i dati relativi al periodo invernale. La Provincia di Belluno trasmetter\u00e0 il resoconto della seduta odierna alla Regione Veneto.<\/p>","protected":false},"excerpt":{"rendered":"<p>Si \u00e8 riunito questa mattina nella sede della Provincia di Belluno il Tavolo Tecnico Zonale previsto dal Piano Regionale di tutela e risanamento dell\u2019atmosfera. La riunione \u00e8 servita a fare il punto sugli ultimi dati Arpav della qualit\u00e0 dell\u2019aria. E ha illustrato agli amministratori presenti l\u2019ordinanza adottata dal Comune di Belluno (in attuazione degli accordi [&hellip;]<\/p>\n","protected":false},"author":2,"featured_media":0,"comment_status":"closed","ping_status":"open","sticky":false,"template":"","format":"standard","meta":{"footnotes":""},"categories":[5,38,26],"tags":[],"class_list":["post-108759","post","type-post","status-publish","format-standard","category-cronaca","category-natura-ambiente","category-prima-pagina"],"yoast_head":"<!-- This site is optimized with the Yoast SEO plugin v28.4 - https:\/\/yoast.com\/product\/yoast-seo-wordpress\/ -->\n<title>Qualit\u00e0 dell&#039;aria: diminuiscono le polveri sottili ma aumenta il benzo(a)pirene da cattiva combustione della legna - Bellunopress - Dolomiti<\/title>\n<meta name=\"robots\" content=\"index, follow, max-snippet:-1, max-image-preview:large, max-video-preview:-1\" \/>\n<link rel=\"canonical\" href=\"https:\/\/www.bellunopress.it\/fr\/2019\/10\/15\/qualita-dellaria-diminuiscono-le-polveri-sottili-ma-aumenta-il-benzoapirene-da-cattiva-combustione-della-legna\/\" \/>\n<meta property=\"og:locale\" content=\"fr_FR\" \/>\n<meta property=\"og:type\" content=\"article\" \/>\n<meta property=\"og:title\" content=\"Qualit\u00e0 dell&#039;aria: diminuiscono le polveri sottili ma aumenta il benzo(a)pirene da cattiva combustione della legna - Bellunopress - Dolomiti\" \/>\n<meta property=\"og:description\" content=\"Si \u00e8 riunito questa mattina nella sede della Provincia di Belluno il Tavolo Tecnico Zonale previsto dal Piano Regionale di tutela e risanamento dell\u2019atmosfera. La riunione \u00e8 servita a fare il punto sugli ultimi dati Arpav della qualit\u00e0 dell\u2019aria. E ha illustrato agli amministratori presenti l\u2019ordinanza adottata dal Comune di Belluno (in attuazione degli accordi [&hellip;]\" \/>\n<meta property=\"og:url\" content=\"https:\/\/www.bellunopress.it\/fr\/2019\/10\/15\/qualita-dellaria-diminuiscono-le-polveri-sottili-ma-aumenta-il-benzoapirene-da-cattiva-combustione-della-legna\/\" \/>\n<meta property=\"og:site_name\" content=\"Bellunopress - Dolomiti\" \/>\n<meta property=\"article:publisher\" content=\"https:\/\/www.facebook.com\/profile.php?id=100008943462799\" \/>\n<meta property=\"article:published_time\" content=\"2019-10-15T14:17:31+00:00\" \/>\n<meta property=\"article:modified_time\" content=\"2019-10-15T14:17:32+00:00\" \/>\n<meta property=\"og:image\" content=\"http:\/\/www.bellunopress.it\/wp-content\/uploads\/2019\/10\/caminetto.jpg\" \/>\n<meta name=\"author\" content=\"redazione\" \/>\n<meta name=\"twitter:card\" content=\"summary_large_image\" \/>\n<meta name=\"twitter:creator\" content=\"@bellunopress\" \/>\n<meta name=\"twitter:site\" content=\"@bellunopress\" \/>\n<meta name=\"twitter:label1\" content=\"\u00c9crit par\" \/>\n\t<meta name=\"twitter:data1\" content=\"redazione\" \/>\n\t<meta name=\"twitter:label2\" content=\"Dur\u00e9e de lecture estim\u00e9e\" \/>\n\t<meta name=\"twitter:data2\" content=\"2 minutes\" \/>\n<script type=\"application\/ld+json\" class=\"yoast-schema-graph\">{\"@context\":\"https:\\\/\\\/schema.org\",\"@graph\":[{\"@type\":\"Article\",\"@id\":\"https:\\\/\\\/www.bellunopress.it\\\/2019\\\/10\\\/15\\\/qualita-dellaria-diminuiscono-le-polveri-sottili-ma-aumenta-il-benzoapirene-da-cattiva-combustione-della-legna\\\/#article\",\"isPartOf\":{\"@id\":\"https:\\\/\\\/www.bellunopress.it\\\/2019\\\/10\\\/15\\\/qualita-dellaria-diminuiscono-le-polveri-sottili-ma-aumenta-il-benzoapirene-da-cattiva-combustione-della-legna\\\/\"},\"author\":{\"name\":\"redazione\",\"@id\":\"https:\\\/\\\/www.bellunopress.it\\\/#\\\/schema\\\/person\\\/79bb06722b37ece1c03d3e94beb30d73\"},\"headline\":\"Qualit\u00e0 dell&#8217;aria: diminuiscono le polveri sottili ma aumenta il benzo(a)pirene da cattiva combustione della legna\",\"datePublished\":\"2019-10-15T14:17:31+00:00\",\"dateModified\":\"2019-10-15T14:17:32+00:00\",\"mainEntityOfPage\":{\"@id\":\"https:\\\/\\\/www.bellunopress.it\\\/2019\\\/10\\\/15\\\/qualita-dellaria-diminuiscono-le-polveri-sottili-ma-aumenta-il-benzoapirene-da-cattiva-combustione-della-legna\\\/\"},\"wordCount\":381,\"publisher\":{\"@id\":\"https:\\\/\\\/www.bellunopress.it\\\/#organization\"},\"image\":{\"@id\":\"https:\\\/\\\/www.bellunopress.it\\\/2019\\\/10\\\/15\\\/qualita-dellaria-diminuiscono-le-polveri-sottili-ma-aumenta-il-benzoapirene-da-cattiva-combustione-della-legna\\\/#primaryimage\"},\"thumbnailUrl\":\"http:\\\/\\\/www.bellunopress.it\\\/wp-content\\\/uploads\\\/2019\\\/10\\\/caminetto.jpg\",\"articleSection\":[\"Cronaca\\\/Politica\",\"Meteo, natura, ambiente, animali\",\"Prima Pagina\"],\"inLanguage\":\"fr-FR\"},{\"@type\":\"WebPage\",\"@id\":\"https:\\\/\\\/www.bellunopress.it\\\/2019\\\/10\\\/15\\\/qualita-dellaria-diminuiscono-le-polveri-sottili-ma-aumenta-il-benzoapirene-da-cattiva-combustione-della-legna\\\/\",\"url\":\"https:\\\/\\\/www.bellunopress.it\\\/2019\\\/10\\\/15\\\/qualita-dellaria-diminuiscono-le-polveri-sottili-ma-aumenta-il-benzoapirene-da-cattiva-combustione-della-legna\\\/\",\"name\":\"Qualit\u00e0 dell'aria: diminuiscono le polveri sottili ma aumenta il benzo(a)pirene da cattiva combustione della legna - Bellunopress - Dolomiti\",\"isPartOf\":{\"@id\":\"https:\\\/\\\/www.bellunopress.it\\\/#website\"},\"primaryImageOfPage\":{\"@id\":\"https:\\\/\\\/www.bellunopress.it\\\/2019\\\/10\\\/15\\\/qualita-dellaria-diminuiscono-le-polveri-sottili-ma-aumenta-il-benzoapirene-da-cattiva-combustione-della-legna\\\/#primaryimage\"},\"image\":{\"@id\":\"https:\\\/\\\/www.bellunopress.it\\\/2019\\\/10\\\/15\\\/qualita-dellaria-diminuiscono-le-polveri-sottili-ma-aumenta-il-benzoapirene-da-cattiva-combustione-della-legna\\\/#primaryimage\"},\"thumbnailUrl\":\"http:\\\/\\\/www.bellunopress.it\\\/wp-content\\\/uploads\\\/2019\\\/10\\\/caminetto.jpg\",\"datePublished\":\"2019-10-15T14:17:31+00:00\",\"dateModified\":\"2019-10-15T14:17:32+00:00\",\"breadcrumb\":{\"@id\":\"https:\\\/\\\/www.bellunopress.it\\\/2019\\\/10\\\/15\\\/qualita-dellaria-diminuiscono-le-polveri-sottili-ma-aumenta-il-benzoapirene-da-cattiva-combustione-della-legna\\\/#breadcrumb\"},\"inLanguage\":\"fr-FR\",\"potentialAction\":[{\"@type\":\"ReadAction\",\"target\":[\"https:\\\/\\\/www.bellunopress.it\\\/2019\\\/10\\\/15\\\/qualita-dellaria-diminuiscono-le-polveri-sottili-ma-aumenta-il-benzoapirene-da-cattiva-combustione-della-legna\\\/\"]}]},{\"@type\":\"ImageObject\",\"inLanguage\":\"fr-FR\",\"@id\":\"https:\\\/\\\/www.bellunopress.it\\\/2019\\\/10\\\/15\\\/qualita-dellaria-diminuiscono-le-polveri-sottili-ma-aumenta-il-benzoapirene-da-cattiva-combustione-della-legna\\\/#primaryimage\",\"url\":\"http:\\\/\\\/www.bellunopress.it\\\/wp-content\\\/uploads\\\/2019\\\/10\\\/caminetto.jpg\",\"contentUrl\":\"http:\\\/\\\/www.bellunopress.it\\\/wp-content\\\/uploads\\\/2019\\\/10\\\/caminetto.jpg\"},{\"@type\":\"BreadcrumbList\",\"@id\":\"https:\\\/\\\/www.bellunopress.it\\\/2019\\\/10\\\/15\\\/qualita-dellaria-diminuiscono-le-polveri-sottili-ma-aumenta-il-benzoapirene-da-cattiva-combustione-della-legna\\\/#breadcrumb\",\"itemListElement\":[{\"@type\":\"ListItem\",\"position\":1,\"name\":\"Home\",\"item\":\"https:\\\/\\\/www.bellunopress.it\\\/\"},{\"@type\":\"ListItem\",\"position\":2,\"name\":\"Qualit\u00e0 dell&#8217;aria: diminuiscono le polveri sottili ma aumenta il benzo(a)pirene da cattiva combustione della legna\"}]},{\"@type\":\"WebSite\",\"@id\":\"https:\\\/\\\/www.bellunopress.it\\\/#website\",\"url\":\"https:\\\/\\\/www.bellunopress.it\\\/\",\"name\":\"Bellunopress - Dolomiti\",\"description\":\"e-mail: redazione@bellunopress.it\",\"publisher\":{\"@id\":\"https:\\\/\\\/www.bellunopress.it\\\/#organization\"},\"potentialAction\":[{\"@type\":\"SearchAction\",\"target\":{\"@type\":\"EntryPoint\",\"urlTemplate\":\"https:\\\/\\\/www.bellunopress.it\\\/?s={search_term_string}\"},\"query-input\":{\"@type\":\"PropertyValueSpecification\",\"valueRequired\":true,\"valueName\":\"search_term_string\"}}],\"inLanguage\":\"fr-FR\"},{\"@type\":\"Organization\",\"@id\":\"https:\\\/\\\/www.bellunopress.it\\\/#organization\",\"name\":\"Bellunopress\",\"url\":\"https:\\\/\\\/www.bellunopress.it\\\/\",\"logo\":{\"@type\":\"ImageObject\",\"inLanguage\":\"fr-FR\",\"@id\":\"https:\\\/\\\/www.bellunopress.it\\\/#\\\/schema\\\/logo\\\/image\\\/\",\"url\":\"https:\\\/\\\/www.bellunopress.it\\\/wp-content\\\/uploads\\\/2011\\\/05\\\/cropped-logo-bellunopress-.jpg\",\"contentUrl\":\"https:\\\/\\\/www.bellunopress.it\\\/wp-content\\\/uploads\\\/2011\\\/05\\\/cropped-logo-bellunopress-.jpg\",\"width\":512,\"height\":512,\"caption\":\"Bellunopress\"},\"image\":{\"@id\":\"https:\\\/\\\/www.bellunopress.it\\\/#\\\/schema\\\/logo\\\/image\\\/\"},\"sameAs\":[\"https:\\\/\\\/www.facebook.com\\\/profile.php?id=100008943462799\",\"https:\\\/\\\/x.com\\\/bellunopress\",\"https:\\\/\\\/www.linkedin.com\\\/hp\\\/?dnr=JBzUWaJfMUw8vbXJJ2tVW5-I3jZKvC4wsoxE&amp;amp;amp;amp;amp;amp;trk=nav_responsive_tab_home\",\"https:\\\/\\\/www.youtube.com\\\/channel\\\/UCxL0wu1uN0_3_7hGG0306cw\"]},{\"@type\":\"Person\",\"@id\":\"https:\\\/\\\/www.bellunopress.it\\\/#\\\/schema\\\/person\\\/79bb06722b37ece1c03d3e94beb30d73\",\"name\":\"redazione\",\"image\":{\"@type\":\"ImageObject\",\"inLanguage\":\"fr-FR\",\"@id\":\"https:\\\/\\\/secure.gravatar.com\\\/avatar\\\/37d968a2e67a6fd04c169c4bdef102d0bc5d31b2546345219e348575eb80e9a0?s=96&d=mm&r=g\",\"url\":\"https:\\\/\\\/secure.gravatar.com\\\/avatar\\\/37d968a2e67a6fd04c169c4bdef102d0bc5d31b2546345219e348575eb80e9a0?s=96&d=mm&r=g\",\"contentUrl\":\"https:\\\/\\\/secure.gravatar.com\\\/avatar\\\/37d968a2e67a6fd04c169c4bdef102d0bc5d31b2546345219e348575eb80e9a0?s=96&d=mm&r=g\",\"caption\":\"redazione\"},\"sameAs\":[\"http:\\\/\\\/www.bellunopress.it\",\"https:\\\/\\\/x.com\\\/bellunopress\"],\"url\":\"https:\\\/\\\/www.bellunopress.it\\\/fr\\\/author\\\/redazione\\\/\"}]}<\/script>\n<!-- \/ Yoast SEO plugin. -->","yoast_head_json":{"title":"Qualit\u00e0 dell'aria: diminuiscono le polveri sottili ma aumenta il benzo(a)pirene da cattiva combustione della legna - Bellunopress - Dolomiti","robots":{"index":"index","follow":"follow","max-snippet":"max-snippet:-1","max-image-preview":"max-image-preview:large","max-video-preview":"max-video-preview:-1"},"canonical":"https:\/\/www.bellunopress.it\/fr\/2019\/10\/15\/qualita-dellaria-diminuiscono-le-polveri-sottili-ma-aumenta-il-benzoapirene-da-cattiva-combustione-della-legna\/","og_locale":"fr_FR","og_type":"article","og_title":"Qualit\u00e0 dell'aria: diminuiscono le polveri sottili ma aumenta il benzo(a)pirene da cattiva combustione della legna - Bellunopress - Dolomiti","og_description":"Si \u00e8 riunito questa mattina nella sede della Provincia di Belluno il Tavolo Tecnico Zonale previsto dal Piano Regionale di tutela e risanamento dell\u2019atmosfera. La riunione \u00e8 servita a fare il punto sugli ultimi dati Arpav della qualit\u00e0 dell\u2019aria. E ha illustrato agli amministratori presenti l\u2019ordinanza adottata dal Comune di Belluno (in attuazione degli accordi [&hellip;]","og_url":"https:\/\/www.bellunopress.it\/fr\/2019\/10\/15\/qualita-dellaria-diminuiscono-le-polveri-sottili-ma-aumenta-il-benzoapirene-da-cattiva-combustione-della-legna\/","og_site_name":"Bellunopress - Dolomiti","article_publisher":"https:\/\/www.facebook.com\/profile.php?id=100008943462799","article_published_time":"2019-10-15T14:17:31+00:00","article_modified_time":"2019-10-15T14:17:32+00:00","og_image":[{"url":"http:\/\/www.bellunopress.it\/wp-content\/uploads\/2019\/10\/caminetto.jpg","type":"","width":"","height":""}],"author":"redazione","twitter_card":"summary_large_image","twitter_creator":"@bellunopress","twitter_site":"@bellunopress","twitter_misc":{"\u00c9crit par":"redazione","Dur\u00e9e de lecture estim\u00e9e":"2 minutes"},"schema":{"@context":"https:\/\/schema.org","@graph":[{"@type":"Article","@id":"https:\/\/www.bellunopress.it\/2019\/10\/15\/qualita-dellaria-diminuiscono-le-polveri-sottili-ma-aumenta-il-benzoapirene-da-cattiva-combustione-della-legna\/#article","isPartOf":{"@id":"https:\/\/www.bellunopress.it\/2019\/10\/15\/qualita-dellaria-diminuiscono-le-polveri-sottili-ma-aumenta-il-benzoapirene-da-cattiva-combustione-della-legna\/"},"author":{"name":"redazione","@id":"https:\/\/www.bellunopress.it\/#\/schema\/person\/79bb06722b37ece1c03d3e94beb30d73"},"headline":"Qualit\u00e0 dell&#8217;aria: diminuiscono le polveri sottili ma aumenta il benzo(a)pirene da cattiva combustione della legna","datePublished":"2019-10-15T14:17:31+00:00","dateModified":"2019-10-15T14:17:32+00:00","mainEntityOfPage":{"@id":"https:\/\/www.bellunopress.it\/2019\/10\/15\/qualita-dellaria-diminuiscono-le-polveri-sottili-ma-aumenta-il-benzoapirene-da-cattiva-combustione-della-legna\/"},"wordCount":381,"publisher":{"@id":"https:\/\/www.bellunopress.it\/#organization"},"image":{"@id":"https:\/\/www.bellunopress.it\/2019\/10\/15\/qualita-dellaria-diminuiscono-le-polveri-sottili-ma-aumenta-il-benzoapirene-da-cattiva-combustione-della-legna\/#primaryimage"},"thumbnailUrl":"http:\/\/www.bellunopress.it\/wp-content\/uploads\/2019\/10\/caminetto.jpg","articleSection":["Cronaca\/Politica","Meteo, natura, ambiente, animali","Prima Pagina"],"inLanguage":"fr-FR"},{"@type":"WebPage","@id":"https:\/\/www.bellunopress.it\/2019\/10\/15\/qualita-dellaria-diminuiscono-le-polveri-sottili-ma-aumenta-il-benzoapirene-da-cattiva-combustione-della-legna\/","url":"https:\/\/www.bellunopress.it\/2019\/10\/15\/qualita-dellaria-diminuiscono-le-polveri-sottili-ma-aumenta-il-benzoapirene-da-cattiva-combustione-della-legna\/","name":"Qualit\u00e0 dell'aria: diminuiscono le polveri sottili ma aumenta il benzo(a)pirene da cattiva combustione della legna - Bellunopress - Dolomiti","isPartOf":{"@id":"https:\/\/www.bellunopress.it\/#website"},"primaryImageOfPage":{"@id":"https:\/\/www.bellunopress.it\/2019\/10\/15\/qualita-dellaria-diminuiscono-le-polveri-sottili-ma-aumenta-il-benzoapirene-da-cattiva-combustione-della-legna\/#primaryimage"},"image":{"@id":"https:\/\/www.bellunopress.it\/2019\/10\/15\/qualita-dellaria-diminuiscono-le-polveri-sottili-ma-aumenta-il-benzoapirene-da-cattiva-combustione-della-legna\/#primaryimage"},"thumbnailUrl":"http:\/\/www.bellunopress.it\/wp-content\/uploads\/2019\/10\/caminetto.jpg","datePublished":"2019-10-15T14:17:31+00:00","dateModified":"2019-10-15T14:17:32+00:00","breadcrumb":{"@id":"https:\/\/www.bellunopress.it\/2019\/10\/15\/qualita-dellaria-diminuiscono-le-polveri-sottili-ma-aumenta-il-benzoapirene-da-cattiva-combustione-della-legna\/#breadcrumb"},"inLanguage":"fr-FR","potentialAction":[{"@type":"ReadAction","target":["https:\/\/www.bellunopress.it\/2019\/10\/15\/qualita-dellaria-diminuiscono-le-polveri-sottili-ma-aumenta-il-benzoapirene-da-cattiva-combustione-della-legna\/"]}]},{"@type":"ImageObject","inLanguage":"fr-FR","@id":"https:\/\/www.bellunopress.it\/2019\/10\/15\/qualita-dellaria-diminuiscono-le-polveri-sottili-ma-aumenta-il-benzoapirene-da-cattiva-combustione-della-legna\/#primaryimage","url":"http:\/\/www.bellunopress.it\/wp-content\/uploads\/2019\/10\/caminetto.jpg","contentUrl":"http:\/\/www.bellunopress.it\/wp-content\/uploads\/2019\/10\/caminetto.jpg"},{"@type":"BreadcrumbList","@id":"https:\/\/www.bellunopress.it\/2019\/10\/15\/qualita-dellaria-diminuiscono-le-polveri-sottili-ma-aumenta-il-benzoapirene-da-cattiva-combustione-della-legna\/#breadcrumb","itemListElement":[{"@type":"ListItem","position":1,"name":"Home","item":"https:\/\/www.bellunopress.it\/"},{"@type":"ListItem","position":2,"name":"Qualit\u00e0 dell&#8217;aria: diminuiscono le polveri sottili ma aumenta il benzo(a)pirene da cattiva combustione della legna"}]},{"@type":"WebSite","@id":"https:\/\/www.bellunopress.it\/#website","url":"https:\/\/www.bellunopress.it\/","name":"Bellunopress - Dolomiti","description":"e-mail: redazione@bellunopress.it","publisher":{"@id":"https:\/\/www.bellunopress.it\/#organization"},"potentialAction":[{"@type":"SearchAction","target":{"@type":"EntryPoint","urlTemplate":"https:\/\/www.bellunopress.it\/?s={search_term_string}"},"query-input":{"@type":"PropertyValueSpecification","valueRequired":true,"valueName":"search_term_string"}}],"inLanguage":"fr-FR"},{"@type":"Organization","@id":"https:\/\/www.bellunopress.it\/#organization","name":"Bellunopress","url":"https:\/\/www.bellunopress.it\/","logo":{"@type":"ImageObject","inLanguage":"fr-FR","@id":"https:\/\/www.bellunopress.it\/#\/schema\/logo\/image\/","url":"https:\/\/www.bellunopress.it\/wp-content\/uploads\/2011\/05\/cropped-logo-bellunopress-.jpg","contentUrl":"https:\/\/www.bellunopress.it\/wp-content\/uploads\/2011\/05\/cropped-logo-bellunopress-.jpg","width":512,"height":512,"caption":"Bellunopress"},"image":{"@id":"https:\/\/www.bellunopress.it\/#\/schema\/logo\/image\/"},"sameAs":["https:\/\/www.facebook.com\/profile.php?id=100008943462799","https:\/\/x.com\/bellunopress","https:\/\/www.linkedin.com\/hp\/?dnr=JBzUWaJfMUw8vbXJJ2tVW5-I3jZKvC4wsoxE&amp;amp;amp;amp;amp;amp;trk=nav_responsive_tab_home","https:\/\/www.youtube.com\/channel\/UCxL0wu1uN0_3_7hGG0306cw"]},{"@type":"Person","@id":"https:\/\/www.bellunopress.it\/#\/schema\/person\/79bb06722b37ece1c03d3e94beb30d73","name":"r\u00e9daction","image":{"@type":"ImageObject","inLanguage":"fr-FR","@id":"https:\/\/secure.gravatar.com\/avatar\/37d968a2e67a6fd04c169c4bdef102d0bc5d31b2546345219e348575eb80e9a0?s=96&d=mm&r=g","url":"https:\/\/secure.gravatar.com\/avatar\/37d968a2e67a6fd04c169c4bdef102d0bc5d31b2546345219e348575eb80e9a0?s=96&d=mm&r=g","contentUrl":"https:\/\/secure.gravatar.com\/avatar\/37d968a2e67a6fd04c169c4bdef102d0bc5d31b2546345219e348575eb80e9a0?s=96&d=mm&r=g","caption":"redazione"},"sameAs":["http:\/\/www.bellunopress.it","https:\/\/x.com\/bellunopress"],"url":"https:\/\/www.bellunopress.it\/fr\/author\/redazione\/"}]}},"_links":{"self":[{"href":"https:\/\/www.bellunopress.it\/fr\/wp-json\/wp\/v2\/posts\/108759","targetHints":{"allow":["GET"]}}],"collection":[{"href":"https:\/\/www.bellunopress.it\/fr\/wp-json\/wp\/v2\/posts"}],"about":[{"href":"https:\/\/www.bellunopress.it\/fr\/wp-json\/wp\/v2\/types\/post"}],"author":[{"embeddable":true,"href":"https:\/\/www.bellunopress.it\/fr\/wp-json\/wp\/v2\/users\/2"}],"replies":[{"embeddable":true,"href":"https:\/\/www.bellunopress.it\/fr\/wp-json\/wp\/v2\/comments?post=108759"}],"version-history":[{"count":2,"href":"https:\/\/www.bellunopress.it\/fr\/wp-json\/wp\/v2\/posts\/108759\/revisions"}],"predecessor-version":[{"id":108763,"href":"https:\/\/www.bellunopress.it\/fr\/wp-json\/wp\/v2\/posts\/108759\/revisions\/108763"}],"wp:attachment":[{"href":"https:\/\/www.bellunopress.it\/fr\/wp-json\/wp\/v2\/media?parent=108759"}],"wp:term":[{"taxonomy":"category","embeddable":true,"href":"https:\/\/www.bellunopress.it\/fr\/wp-json\/wp\/v2\/categories?post=108759"},{"taxonomy":"post_tag","embeddable":true,"href":"https:\/\/www.bellunopress.it\/fr\/wp-json\/wp\/v2\/tags?post=108759"}],"curies":[{"name":"wp","href":"https:\/\/api.w.org\/{rel}","templated":true}]}}