{"id":108744,"date":"2019-10-15T11:02:39","date_gmt":"2019-10-15T09:02:39","guid":{"rendered":"http:\/\/www.bellunopress.it\/?p=108744"},"modified":"2019-10-15T11:02:39","modified_gmt":"2019-10-15T09:02:39","slug":"hanno-provato-a-fare-i-furbi-e-la-stampa-italiana-ci-e-cascata-lalto-adige-sudtirol-e-il-reiterato-schema-della-polemica-etnica","status":"publish","type":"post","link":"https:\/\/www.bellunopress.it\/fr\/2019\/10\/15\/hanno-provato-a-fare-i-furbi-e-la-stampa-italiana-ci-e-cascata-lalto-adige-sudtirol-e-il-reiterato-schema-della-polemica-etnica\/","title":{"rendered":"&#8220;Hanno provato a fare i furbi e la stampa italiana ci \u00e8 cascata&#8221;. L&#8217;Alto Adige\/S\u00fcdtirol e il reiterato schema della polemica etnica"},"content":{"rendered":"<p><em><strong>La polemica etnica, a Bolzano, segue spesso lo stesso canovaccio. E mentre in provincia la reazione a catena tra le forze politiche si ripete, al di fuori la lente della contrapposizione etnica distorce e semplifica ogni cosa. Anche in questo caso, per\u00f2, il tutto si risolver\u00e0 con tanto fumo e poco arrosto<\/strong><\/em><\/p>\n<p><a href=\"http:\/\/www.bellunopress.it\/fr\/2019\/10\/13\/bolzano-cancella-le-parole-alto-adige-e-altoatesino-da-una-legge-non-cambia-niente-ma-il-segnale-e-forte-urzi-epurazione-linguistica-che-offende-gli-italiani\/il-dolomiti-quotidiano-on-line\/\" rel=\"attachment wp-att-108700\"><img loading=\"lazy\" decoding=\"async\" class=\"alignleft size-full wp-image-108700\" src=\"http:\/\/www.bellunopress.it\/wp-content\/uploads\/2019\/10\/Il-Dolomiti-quotidiano-on-line.jpg\" alt=\"\" width=\"300\" height=\"85\" \/><\/a>TRENTO. Che una parte della destra sudtirolese combatta un&#8217;annosa battaglia sulla toponomastica, dizione \u201cAlto Adige\u201d in testa, non \u00e8 cosa nuova. Che la destra italiana, di contro, reagisca a ogni \u201cprovocazione\u201d dei separatisti sudtirolesi con un irrigidimento nazionalistico, difendendo l&#8217;appartenenza all&#8217;Italia di questo lembo di terra tra la chiusa di Salorno e il passo del Brennero, men che meno.<\/p>\n<p>L&#8217;intero spettro politico altoatesino, d&#8217;altronde, finisce in questo caso per rispondere sempre alla stessa maniera. La \u201cdestra interna\u201d o la \u201cdestra esterna\u201d all&#8217;Svp fa la sua uscita nazionalistica, la destra italiana insorge, l&#8217;Svp fa le orecchie da mercante, la forza italiana che siede dalla parte della maggioranza tace. Ingurgita il rospo o leva qualche confusa protesta.<\/p>\n<p>E a Roma? I giornali nazionali, spesso dimostrando una scarsa se non nulla conoscenza della realt\u00e0 altoatesina, cadono automaticamente nella trappola dello scontro etnico. Gli italiani sono pochi \u2013 buoni &#8211; e discriminati, i tedeschi revanscisti \u2013 e cattivi. Politica e informazione, pertanto, non fanno altro che alimentare battaglie identitarie di retroguardia trasformandole in casi nazionali. Tanto fumo, poco arrosto, per chi vive tra Salorno e il Brennero. Ma il fumo \u00e8 tossico, e di conseguenza s&#8217;intossica la convivenza.<\/p>\n<p>C&#8217;\u00e8 chi lo definisce \u201cdilettantismo istituzionale\u201d, quello di chi da sempre governa la provincia di Bolzano, \u201cperch\u00e9 non \u00e8 con una \u201cleggina\u201d che si affronta un tema del genere\u201d. A dirlo \u00e8 lo storico di lingua tedesca Hannes Obermair. Al tempo stesso \u201cuna tempesta in un bicchiere alimentata dalla stampa italiana\u201d, sempre pronta in Alto Adige a gridare al complotto, ignorante e pregiudizialmente impostata al di fuori dell&#8217;Alto Adige, sin dai tempi in cui un giovane Sebastiano Vassalli scrisse in un celebre reportage che gli italiani d&#8217;Alto Adige erano \u201ctrasparenti\u201d, dimenticati e abbandonati da Roma, lanciati verso quella \u201cmarcia della morte\u201d che dal &#8217;72, anno dell\u2019approvazione del secondo Statuto d&#8217;autonomia, non concerneva pi\u00f9 la minoranza linguistica nazionale (i tedescofoni) ma la minoranza linguistica provinciale (gli italofoni).<\/p>\n<p>\u201cHanno provato a fare i furbi \u2013 gli fa eco Giorgio Delle Donne, storico e gi\u00e0 editorialista de l&#8217;Alto Adige, voce consapevole e mai banale su un giornale spesso imputato di foraggiare il conflitto \u2013 e la stampa italiana ci \u00e8 andata dietro. Il nome Alto Adige non pu\u00f2 essere cambiato cos\u00ec, \u00e8 vincolato da leggi, \u00e8 solo una maniera per creare polemica etnica. Si guardi al 2013: l&#8217;Svp confeziona una legge sulla toponomastica, approvata in Consiglio provinciale anche coi voti del Pd, ma teme il ricorso della Corte costituzionale. Quando capisce che c&#8217;\u00e8 la possibilit\u00e0 che venga bocciata, la ritirano. E&#8217; uno schema che si ripete\u201d.<\/p>\n<p>L&#8217;amo viene lanciato, e c&#8217;\u00e8 chi c&#8217;abbocca, insomma. In questo caso \u00e8 un emendamento del partito di destra tedesco della S\u00fcd-Tiroler Freheit che cambia in una legge che regola i rapporti tra Provincia di Bolzano e Unione Europea la dizione \u201cAlto Adige\u201d in \u201cProvincia di Bolzano\u201d e quella di \u201caltoatesino\u201d in \u201cdella provincia di Bolzano\u201d &#8211; senza cambiare assolutamente nulla, tra l&#8217;altro, nella denominazione ufficiale della provincia \u2013 a far scattare la scintilla.<\/p>\n<p>La destra italiana insorge \u2013 mantenendo, unica, una certa coerenza, si veda la reazione di Alessandro Urz\u00ec \u2013 distorcendo realt\u00e0 e narrazione \u2013 si veda la reazione di Micaela Biancofiore -, presentando all&#8217;intero Paese l&#8217;immagine trita e ritrita degli altoatesini di lingua italiana vessati e defraudati dai sudtirolesi di lingua tedesca.<\/p>\n<p>E la Lega, alleata dell&#8217;Svp nella Giunta provinciale? Da buon partito cooptato nella maggioranza \u2013 per legge \u2013 si vede tirare la maglietta da una parte dalla destra italiana che la richiama all&#8217;ordine e dall&#8217;altra dai suoi doveri di dire sempre di s\u00ec alla Volkspartei. Vota s\u00ec in Commissione, vota no in Consiglio provinciale. Confusa, imbarazzata, dice di considerare \u201cAlto Adige\u201d e \u201cProvincia di Bolzano\u201d dei sinonimi, poi ci ripensa. Il commissario del Carroccio in provincia di Bolzano Maurizio Bosatra rivendica l&#8217;importanza del nome Alto Adige, poi liquida infastidito le domande della stampa parlando di fake news.<\/p>\n<p>Il ministro Francesco Boccia, da parte sua, viene tirato per i capelli. \u201cAvrebbe chiuso un occhio \u2013 assicura Delle Donne \u2013 ma ha dovuto reagire ai mass media nazionali\u201d. \u201cSpesso si vive di suggestioni&#8230;\u201d, soggiunge Obermair.<\/p>\n<p>A latitare, come spesso accade, sono flessibilit\u00e0, tolleranza e onest\u00e0 intellettuale. Il termine Alto Adige, infatti, \u00e8 uno dei pochi toponimi italiani \u2013 usato dai napoleonici per indicare un territorio comprendente anche il Trentino &#8211; precedenti a Tolomei, all&#8217;occasione (etnica) eroe o becchino provinciale. L&#8217;appropriazione nazionalista prima e fascista poi furono successive. La Storia \u00e8 trasformata in clava da agitare, poi tutto torner\u00e0 a tacere. Pronti per la prossima, ennesima, sterile polemica.<\/p>\n<p>Davide Leveghi &#8211; 14 ottobre 2019 (Fonte: <a href=\"https:\/\/www.ildolomiti.it\/politica\/2019\/hanno-provato-a-fare-i-furbi-e-la-stampa-italiana-ci-e-cascata-lalto-adigesudtirol-e-il-reiterato-schema-della-polemica-etnica?fbclid=IwAR1ees12ivcH-qsiYzg9BbJJBRDkD74aXNwx_9rXpZq_dGE24sVsB6NgsvY\">ildolomiti.it<\/a>)<\/p>","protected":false},"excerpt":{"rendered":"<p>La polemica etnica, a Bolzano, segue spesso lo stesso canovaccio. E mentre in provincia la reazione a catena tra le forze politiche si ripete, al di fuori la lente della contrapposizione etnica distorce e semplifica ogni cosa. Anche in questo caso, per\u00f2, il tutto si risolver\u00e0 con tanto fumo e poco arrosto TRENTO. Che una [&hellip;]<\/p>\n","protected":false},"author":2,"featured_media":0,"comment_status":"closed","ping_status":"open","sticky":false,"template":"","format":"standard","meta":{"footnotes":""},"categories":[5,26],"tags":[],"class_list":["post-108744","post","type-post","status-publish","format-standard","category-cronaca","category-prima-pagina"],"yoast_head":"<!-- This site is optimized with the Yoast SEO plugin v28.4 - https:\/\/yoast.com\/product\/yoast-seo-wordpress\/ -->\n<title>&quot;Hanno provato a fare i furbi e la stampa italiana ci \u00e8 cascata&quot;. L&#039;Alto Adige\/S\u00fcdtirol e il reiterato schema della polemica etnica - Bellunopress - Dolomiti<\/title>\n<meta name=\"robots\" content=\"index, follow, max-snippet:-1, max-image-preview:large, max-video-preview:-1\" \/>\n<link rel=\"canonical\" href=\"https:\/\/www.bellunopress.it\/fr\/2019\/10\/15\/hanno-provato-a-fare-i-furbi-e-la-stampa-italiana-ci-e-cascata-lalto-adige-sudtirol-e-il-reiterato-schema-della-polemica-etnica\/\" \/>\n<meta property=\"og:locale\" content=\"fr_FR\" \/>\n<meta property=\"og:type\" content=\"article\" \/>\n<meta property=\"og:title\" content=\"&quot;Hanno provato a fare i furbi e la stampa italiana ci \u00e8 cascata&quot;. L&#039;Alto Adige\/S\u00fcdtirol e il reiterato schema della polemica etnica - Bellunopress - Dolomiti\" \/>\n<meta property=\"og:description\" content=\"La polemica etnica, a Bolzano, segue spesso lo stesso canovaccio. E mentre in provincia la reazione a catena tra le forze politiche si ripete, al di fuori la lente della contrapposizione etnica distorce e semplifica ogni cosa. Anche in questo caso, per\u00f2, il tutto si risolver\u00e0 con tanto fumo e poco arrosto TRENTO. Che una [&hellip;]\" \/>\n<meta property=\"og:url\" content=\"https:\/\/www.bellunopress.it\/fr\/2019\/10\/15\/hanno-provato-a-fare-i-furbi-e-la-stampa-italiana-ci-e-cascata-lalto-adige-sudtirol-e-il-reiterato-schema-della-polemica-etnica\/\" \/>\n<meta property=\"og:site_name\" content=\"Bellunopress - Dolomiti\" \/>\n<meta property=\"article:publisher\" content=\"https:\/\/www.facebook.com\/profile.php?id=100008943462799\" \/>\n<meta property=\"article:published_time\" content=\"2019-10-15T09:02:39+00:00\" \/>\n<meta property=\"og:image\" content=\"http:\/\/www.bellunopress.it\/wp-content\/uploads\/2019\/10\/Il-Dolomiti-quotidiano-on-line.jpg\" \/>\n<meta name=\"author\" content=\"redazione\" \/>\n<meta name=\"twitter:card\" content=\"summary_large_image\" \/>\n<meta name=\"twitter:creator\" content=\"@bellunopress\" \/>\n<meta name=\"twitter:site\" content=\"@bellunopress\" \/>\n<meta name=\"twitter:label1\" content=\"\u00c9crit par\" \/>\n\t<meta name=\"twitter:data1\" content=\"redazione\" \/>\n\t<meta name=\"twitter:label2\" content=\"Dur\u00e9e de lecture estim\u00e9e\" \/>\n\t<meta name=\"twitter:data2\" content=\"4 minutes\" \/>\n<script type=\"application\/ld+json\" class=\"yoast-schema-graph\">{\"@context\":\"https:\\\/\\\/schema.org\",\"@graph\":[{\"@type\":\"Article\",\"@id\":\"https:\\\/\\\/www.bellunopress.it\\\/2019\\\/10\\\/15\\\/hanno-provato-a-fare-i-furbi-e-la-stampa-italiana-ci-e-cascata-lalto-adige-sudtirol-e-il-reiterato-schema-della-polemica-etnica\\\/#article\",\"isPartOf\":{\"@id\":\"https:\\\/\\\/www.bellunopress.it\\\/2019\\\/10\\\/15\\\/hanno-provato-a-fare-i-furbi-e-la-stampa-italiana-ci-e-cascata-lalto-adige-sudtirol-e-il-reiterato-schema-della-polemica-etnica\\\/\"},\"author\":{\"name\":\"redazione\",\"@id\":\"https:\\\/\\\/www.bellunopress.it\\\/#\\\/schema\\\/person\\\/79bb06722b37ece1c03d3e94beb30d73\"},\"headline\":\"&#8220;Hanno provato a fare i furbi e la stampa italiana ci \u00e8 cascata&#8221;. L&#8217;Alto Adige\\\/S\u00fcdtirol e il reiterato schema della polemica etnica\",\"datePublished\":\"2019-10-15T09:02:39+00:00\",\"mainEntityOfPage\":{\"@id\":\"https:\\\/\\\/www.bellunopress.it\\\/2019\\\/10\\\/15\\\/hanno-provato-a-fare-i-furbi-e-la-stampa-italiana-ci-e-cascata-lalto-adige-sudtirol-e-il-reiterato-schema-della-polemica-etnica\\\/\"},\"wordCount\":840,\"publisher\":{\"@id\":\"https:\\\/\\\/www.bellunopress.it\\\/#organization\"},\"image\":{\"@id\":\"https:\\\/\\\/www.bellunopress.it\\\/2019\\\/10\\\/15\\\/hanno-provato-a-fare-i-furbi-e-la-stampa-italiana-ci-e-cascata-lalto-adige-sudtirol-e-il-reiterato-schema-della-polemica-etnica\\\/#primaryimage\"},\"thumbnailUrl\":\"http:\\\/\\\/www.bellunopress.it\\\/wp-content\\\/uploads\\\/2019\\\/10\\\/Il-Dolomiti-quotidiano-on-line.jpg\",\"articleSection\":[\"Cronaca\\\/Politica\",\"Prima Pagina\"],\"inLanguage\":\"fr-FR\"},{\"@type\":\"WebPage\",\"@id\":\"https:\\\/\\\/www.bellunopress.it\\\/2019\\\/10\\\/15\\\/hanno-provato-a-fare-i-furbi-e-la-stampa-italiana-ci-e-cascata-lalto-adige-sudtirol-e-il-reiterato-schema-della-polemica-etnica\\\/\",\"url\":\"https:\\\/\\\/www.bellunopress.it\\\/2019\\\/10\\\/15\\\/hanno-provato-a-fare-i-furbi-e-la-stampa-italiana-ci-e-cascata-lalto-adige-sudtirol-e-il-reiterato-schema-della-polemica-etnica\\\/\",\"name\":\"\\\"Hanno provato a fare i furbi e la stampa italiana ci \u00e8 cascata\\\". L'Alto Adige\\\/S\u00fcdtirol e il reiterato schema della polemica etnica - Bellunopress - Dolomiti\",\"isPartOf\":{\"@id\":\"https:\\\/\\\/www.bellunopress.it\\\/#website\"},\"primaryImageOfPage\":{\"@id\":\"https:\\\/\\\/www.bellunopress.it\\\/2019\\\/10\\\/15\\\/hanno-provato-a-fare-i-furbi-e-la-stampa-italiana-ci-e-cascata-lalto-adige-sudtirol-e-il-reiterato-schema-della-polemica-etnica\\\/#primaryimage\"},\"image\":{\"@id\":\"https:\\\/\\\/www.bellunopress.it\\\/2019\\\/10\\\/15\\\/hanno-provato-a-fare-i-furbi-e-la-stampa-italiana-ci-e-cascata-lalto-adige-sudtirol-e-il-reiterato-schema-della-polemica-etnica\\\/#primaryimage\"},\"thumbnailUrl\":\"http:\\\/\\\/www.bellunopress.it\\\/wp-content\\\/uploads\\\/2019\\\/10\\\/Il-Dolomiti-quotidiano-on-line.jpg\",\"datePublished\":\"2019-10-15T09:02:39+00:00\",\"breadcrumb\":{\"@id\":\"https:\\\/\\\/www.bellunopress.it\\\/2019\\\/10\\\/15\\\/hanno-provato-a-fare-i-furbi-e-la-stampa-italiana-ci-e-cascata-lalto-adige-sudtirol-e-il-reiterato-schema-della-polemica-etnica\\\/#breadcrumb\"},\"inLanguage\":\"fr-FR\",\"potentialAction\":[{\"@type\":\"ReadAction\",\"target\":[\"https:\\\/\\\/www.bellunopress.it\\\/2019\\\/10\\\/15\\\/hanno-provato-a-fare-i-furbi-e-la-stampa-italiana-ci-e-cascata-lalto-adige-sudtirol-e-il-reiterato-schema-della-polemica-etnica\\\/\"]}]},{\"@type\":\"ImageObject\",\"inLanguage\":\"fr-FR\",\"@id\":\"https:\\\/\\\/www.bellunopress.it\\\/2019\\\/10\\\/15\\\/hanno-provato-a-fare-i-furbi-e-la-stampa-italiana-ci-e-cascata-lalto-adige-sudtirol-e-il-reiterato-schema-della-polemica-etnica\\\/#primaryimage\",\"url\":\"http:\\\/\\\/www.bellunopress.it\\\/wp-content\\\/uploads\\\/2019\\\/10\\\/Il-Dolomiti-quotidiano-on-line.jpg\",\"contentUrl\":\"http:\\\/\\\/www.bellunopress.it\\\/wp-content\\\/uploads\\\/2019\\\/10\\\/Il-Dolomiti-quotidiano-on-line.jpg\"},{\"@type\":\"BreadcrumbList\",\"@id\":\"https:\\\/\\\/www.bellunopress.it\\\/2019\\\/10\\\/15\\\/hanno-provato-a-fare-i-furbi-e-la-stampa-italiana-ci-e-cascata-lalto-adige-sudtirol-e-il-reiterato-schema-della-polemica-etnica\\\/#breadcrumb\",\"itemListElement\":[{\"@type\":\"ListItem\",\"position\":1,\"name\":\"Home\",\"item\":\"https:\\\/\\\/www.bellunopress.it\\\/\"},{\"@type\":\"ListItem\",\"position\":2,\"name\":\"&#8220;Hanno provato a fare i furbi e la stampa italiana ci \u00e8 cascata&#8221;. L&#8217;Alto Adige\\\/S\u00fcdtirol e il reiterato schema della polemica etnica\"}]},{\"@type\":\"WebSite\",\"@id\":\"https:\\\/\\\/www.bellunopress.it\\\/#website\",\"url\":\"https:\\\/\\\/www.bellunopress.it\\\/\",\"name\":\"Bellunopress - Dolomiti\",\"description\":\"e-mail: redazione@bellunopress.it\",\"publisher\":{\"@id\":\"https:\\\/\\\/www.bellunopress.it\\\/#organization\"},\"potentialAction\":[{\"@type\":\"SearchAction\",\"target\":{\"@type\":\"EntryPoint\",\"urlTemplate\":\"https:\\\/\\\/www.bellunopress.it\\\/?s={search_term_string}\"},\"query-input\":{\"@type\":\"PropertyValueSpecification\",\"valueRequired\":true,\"valueName\":\"search_term_string\"}}],\"inLanguage\":\"fr-FR\"},{\"@type\":\"Organization\",\"@id\":\"https:\\\/\\\/www.bellunopress.it\\\/#organization\",\"name\":\"Bellunopress\",\"url\":\"https:\\\/\\\/www.bellunopress.it\\\/\",\"logo\":{\"@type\":\"ImageObject\",\"inLanguage\":\"fr-FR\",\"@id\":\"https:\\\/\\\/www.bellunopress.it\\\/#\\\/schema\\\/logo\\\/image\\\/\",\"url\":\"https:\\\/\\\/www.bellunopress.it\\\/wp-content\\\/uploads\\\/2011\\\/05\\\/cropped-logo-bellunopress-.jpg\",\"contentUrl\":\"https:\\\/\\\/www.bellunopress.it\\\/wp-content\\\/uploads\\\/2011\\\/05\\\/cropped-logo-bellunopress-.jpg\",\"width\":512,\"height\":512,\"caption\":\"Bellunopress\"},\"image\":{\"@id\":\"https:\\\/\\\/www.bellunopress.it\\\/#\\\/schema\\\/logo\\\/image\\\/\"},\"sameAs\":[\"https:\\\/\\\/www.facebook.com\\\/profile.php?id=100008943462799\",\"https:\\\/\\\/x.com\\\/bellunopress\",\"https:\\\/\\\/www.linkedin.com\\\/hp\\\/?dnr=JBzUWaJfMUw8vbXJJ2tVW5-I3jZKvC4wsoxE&amp;amp;amp;amp;amp;amp;trk=nav_responsive_tab_home\",\"https:\\\/\\\/www.youtube.com\\\/channel\\\/UCxL0wu1uN0_3_7hGG0306cw\"]},{\"@type\":\"Person\",\"@id\":\"https:\\\/\\\/www.bellunopress.it\\\/#\\\/schema\\\/person\\\/79bb06722b37ece1c03d3e94beb30d73\",\"name\":\"redazione\",\"image\":{\"@type\":\"ImageObject\",\"inLanguage\":\"fr-FR\",\"@id\":\"https:\\\/\\\/secure.gravatar.com\\\/avatar\\\/37d968a2e67a6fd04c169c4bdef102d0bc5d31b2546345219e348575eb80e9a0?s=96&d=mm&r=g\",\"url\":\"https:\\\/\\\/secure.gravatar.com\\\/avatar\\\/37d968a2e67a6fd04c169c4bdef102d0bc5d31b2546345219e348575eb80e9a0?s=96&d=mm&r=g\",\"contentUrl\":\"https:\\\/\\\/secure.gravatar.com\\\/avatar\\\/37d968a2e67a6fd04c169c4bdef102d0bc5d31b2546345219e348575eb80e9a0?s=96&d=mm&r=g\",\"caption\":\"redazione\"},\"sameAs\":[\"http:\\\/\\\/www.bellunopress.it\",\"https:\\\/\\\/x.com\\\/bellunopress\"],\"url\":\"https:\\\/\\\/www.bellunopress.it\\\/fr\\\/author\\\/redazione\\\/\"}]}<\/script>\n<!-- \/ Yoast SEO plugin. -->","yoast_head_json":{"title":"\"Hanno provato a fare i furbi e la stampa italiana ci \u00e8 cascata\". L'Alto Adige\/S\u00fcdtirol e il reiterato schema della polemica etnica - Bellunopress - Dolomiti","robots":{"index":"index","follow":"follow","max-snippet":"max-snippet:-1","max-image-preview":"max-image-preview:large","max-video-preview":"max-video-preview:-1"},"canonical":"https:\/\/www.bellunopress.it\/fr\/2019\/10\/15\/hanno-provato-a-fare-i-furbi-e-la-stampa-italiana-ci-e-cascata-lalto-adige-sudtirol-e-il-reiterato-schema-della-polemica-etnica\/","og_locale":"fr_FR","og_type":"article","og_title":"\"Hanno provato a fare i furbi e la stampa italiana ci \u00e8 cascata\". L'Alto Adige\/S\u00fcdtirol e il reiterato schema della polemica etnica - Bellunopress - Dolomiti","og_description":"La polemica etnica, a Bolzano, segue spesso lo stesso canovaccio. E mentre in provincia la reazione a catena tra le forze politiche si ripete, al di fuori la lente della contrapposizione etnica distorce e semplifica ogni cosa. Anche in questo caso, per\u00f2, il tutto si risolver\u00e0 con tanto fumo e poco arrosto TRENTO. Che una [&hellip;]","og_url":"https:\/\/www.bellunopress.it\/fr\/2019\/10\/15\/hanno-provato-a-fare-i-furbi-e-la-stampa-italiana-ci-e-cascata-lalto-adige-sudtirol-e-il-reiterato-schema-della-polemica-etnica\/","og_site_name":"Bellunopress - Dolomiti","article_publisher":"https:\/\/www.facebook.com\/profile.php?id=100008943462799","article_published_time":"2019-10-15T09:02:39+00:00","og_image":[{"url":"http:\/\/www.bellunopress.it\/wp-content\/uploads\/2019\/10\/Il-Dolomiti-quotidiano-on-line.jpg","type":"","width":"","height":""}],"author":"redazione","twitter_card":"summary_large_image","twitter_creator":"@bellunopress","twitter_site":"@bellunopress","twitter_misc":{"\u00c9crit par":"redazione","Dur\u00e9e de lecture estim\u00e9e":"4 minutes"},"schema":{"@context":"https:\/\/schema.org","@graph":[{"@type":"Article","@id":"https:\/\/www.bellunopress.it\/2019\/10\/15\/hanno-provato-a-fare-i-furbi-e-la-stampa-italiana-ci-e-cascata-lalto-adige-sudtirol-e-il-reiterato-schema-della-polemica-etnica\/#article","isPartOf":{"@id":"https:\/\/www.bellunopress.it\/2019\/10\/15\/hanno-provato-a-fare-i-furbi-e-la-stampa-italiana-ci-e-cascata-lalto-adige-sudtirol-e-il-reiterato-schema-della-polemica-etnica\/"},"author":{"name":"redazione","@id":"https:\/\/www.bellunopress.it\/#\/schema\/person\/79bb06722b37ece1c03d3e94beb30d73"},"headline":"&#8220;Hanno provato a fare i furbi e la stampa italiana ci \u00e8 cascata&#8221;. L&#8217;Alto Adige\/S\u00fcdtirol e il reiterato schema della polemica etnica","datePublished":"2019-10-15T09:02:39+00:00","mainEntityOfPage":{"@id":"https:\/\/www.bellunopress.it\/2019\/10\/15\/hanno-provato-a-fare-i-furbi-e-la-stampa-italiana-ci-e-cascata-lalto-adige-sudtirol-e-il-reiterato-schema-della-polemica-etnica\/"},"wordCount":840,"publisher":{"@id":"https:\/\/www.bellunopress.it\/#organization"},"image":{"@id":"https:\/\/www.bellunopress.it\/2019\/10\/15\/hanno-provato-a-fare-i-furbi-e-la-stampa-italiana-ci-e-cascata-lalto-adige-sudtirol-e-il-reiterato-schema-della-polemica-etnica\/#primaryimage"},"thumbnailUrl":"http:\/\/www.bellunopress.it\/wp-content\/uploads\/2019\/10\/Il-Dolomiti-quotidiano-on-line.jpg","articleSection":["Cronaca\/Politica","Prima Pagina"],"inLanguage":"fr-FR"},{"@type":"WebPage","@id":"https:\/\/www.bellunopress.it\/2019\/10\/15\/hanno-provato-a-fare-i-furbi-e-la-stampa-italiana-ci-e-cascata-lalto-adige-sudtirol-e-il-reiterato-schema-della-polemica-etnica\/","url":"https:\/\/www.bellunopress.it\/2019\/10\/15\/hanno-provato-a-fare-i-furbi-e-la-stampa-italiana-ci-e-cascata-lalto-adige-sudtirol-e-il-reiterato-schema-della-polemica-etnica\/","name":"\"Hanno provato a fare i furbi e la stampa italiana ci \u00e8 cascata\". L'Alto Adige\/S\u00fcdtirol e il reiterato schema della polemica etnica - Bellunopress - Dolomiti","isPartOf":{"@id":"https:\/\/www.bellunopress.it\/#website"},"primaryImageOfPage":{"@id":"https:\/\/www.bellunopress.it\/2019\/10\/15\/hanno-provato-a-fare-i-furbi-e-la-stampa-italiana-ci-e-cascata-lalto-adige-sudtirol-e-il-reiterato-schema-della-polemica-etnica\/#primaryimage"},"image":{"@id":"https:\/\/www.bellunopress.it\/2019\/10\/15\/hanno-provato-a-fare-i-furbi-e-la-stampa-italiana-ci-e-cascata-lalto-adige-sudtirol-e-il-reiterato-schema-della-polemica-etnica\/#primaryimage"},"thumbnailUrl":"http:\/\/www.bellunopress.it\/wp-content\/uploads\/2019\/10\/Il-Dolomiti-quotidiano-on-line.jpg","datePublished":"2019-10-15T09:02:39+00:00","breadcrumb":{"@id":"https:\/\/www.bellunopress.it\/2019\/10\/15\/hanno-provato-a-fare-i-furbi-e-la-stampa-italiana-ci-e-cascata-lalto-adige-sudtirol-e-il-reiterato-schema-della-polemica-etnica\/#breadcrumb"},"inLanguage":"fr-FR","potentialAction":[{"@type":"ReadAction","target":["https:\/\/www.bellunopress.it\/2019\/10\/15\/hanno-provato-a-fare-i-furbi-e-la-stampa-italiana-ci-e-cascata-lalto-adige-sudtirol-e-il-reiterato-schema-della-polemica-etnica\/"]}]},{"@type":"ImageObject","inLanguage":"fr-FR","@id":"https:\/\/www.bellunopress.it\/2019\/10\/15\/hanno-provato-a-fare-i-furbi-e-la-stampa-italiana-ci-e-cascata-lalto-adige-sudtirol-e-il-reiterato-schema-della-polemica-etnica\/#primaryimage","url":"http:\/\/www.bellunopress.it\/wp-content\/uploads\/2019\/10\/Il-Dolomiti-quotidiano-on-line.jpg","contentUrl":"http:\/\/www.bellunopress.it\/wp-content\/uploads\/2019\/10\/Il-Dolomiti-quotidiano-on-line.jpg"},{"@type":"BreadcrumbList","@id":"https:\/\/www.bellunopress.it\/2019\/10\/15\/hanno-provato-a-fare-i-furbi-e-la-stampa-italiana-ci-e-cascata-lalto-adige-sudtirol-e-il-reiterato-schema-della-polemica-etnica\/#breadcrumb","itemListElement":[{"@type":"ListItem","position":1,"name":"Home","item":"https:\/\/www.bellunopress.it\/"},{"@type":"ListItem","position":2,"name":"&#8220;Hanno provato a fare i furbi e la stampa italiana ci \u00e8 cascata&#8221;. L&#8217;Alto Adige\/S\u00fcdtirol e il reiterato schema della polemica etnica"}]},{"@type":"WebSite","@id":"https:\/\/www.bellunopress.it\/#website","url":"https:\/\/www.bellunopress.it\/","name":"Bellunopress - Dolomiti","description":"e-mail: redazione@bellunopress.it","publisher":{"@id":"https:\/\/www.bellunopress.it\/#organization"},"potentialAction":[{"@type":"SearchAction","target":{"@type":"EntryPoint","urlTemplate":"https:\/\/www.bellunopress.it\/?s={search_term_string}"},"query-input":{"@type":"PropertyValueSpecification","valueRequired":true,"valueName":"search_term_string"}}],"inLanguage":"fr-FR"},{"@type":"Organization","@id":"https:\/\/www.bellunopress.it\/#organization","name":"Bellunopress","url":"https:\/\/www.bellunopress.it\/","logo":{"@type":"ImageObject","inLanguage":"fr-FR","@id":"https:\/\/www.bellunopress.it\/#\/schema\/logo\/image\/","url":"https:\/\/www.bellunopress.it\/wp-content\/uploads\/2011\/05\/cropped-logo-bellunopress-.jpg","contentUrl":"https:\/\/www.bellunopress.it\/wp-content\/uploads\/2011\/05\/cropped-logo-bellunopress-.jpg","width":512,"height":512,"caption":"Bellunopress"},"image":{"@id":"https:\/\/www.bellunopress.it\/#\/schema\/logo\/image\/"},"sameAs":["https:\/\/www.facebook.com\/profile.php?id=100008943462799","https:\/\/x.com\/bellunopress","https:\/\/www.linkedin.com\/hp\/?dnr=JBzUWaJfMUw8vbXJJ2tVW5-I3jZKvC4wsoxE&amp;amp;amp;amp;amp;amp;trk=nav_responsive_tab_home","https:\/\/www.youtube.com\/channel\/UCxL0wu1uN0_3_7hGG0306cw"]},{"@type":"Person","@id":"https:\/\/www.bellunopress.it\/#\/schema\/person\/79bb06722b37ece1c03d3e94beb30d73","name":"r\u00e9daction","image":{"@type":"ImageObject","inLanguage":"fr-FR","@id":"https:\/\/secure.gravatar.com\/avatar\/37d968a2e67a6fd04c169c4bdef102d0bc5d31b2546345219e348575eb80e9a0?s=96&d=mm&r=g","url":"https:\/\/secure.gravatar.com\/avatar\/37d968a2e67a6fd04c169c4bdef102d0bc5d31b2546345219e348575eb80e9a0?s=96&d=mm&r=g","contentUrl":"https:\/\/secure.gravatar.com\/avatar\/37d968a2e67a6fd04c169c4bdef102d0bc5d31b2546345219e348575eb80e9a0?s=96&d=mm&r=g","caption":"redazione"},"sameAs":["http:\/\/www.bellunopress.it","https:\/\/x.com\/bellunopress"],"url":"https:\/\/www.bellunopress.it\/fr\/author\/redazione\/"}]}},"_links":{"self":[{"href":"https:\/\/www.bellunopress.it\/fr\/wp-json\/wp\/v2\/posts\/108744","targetHints":{"allow":["GET"]}}],"collection":[{"href":"https:\/\/www.bellunopress.it\/fr\/wp-json\/wp\/v2\/posts"}],"about":[{"href":"https:\/\/www.bellunopress.it\/fr\/wp-json\/wp\/v2\/types\/post"}],"author":[{"embeddable":true,"href":"https:\/\/www.bellunopress.it\/fr\/wp-json\/wp\/v2\/users\/2"}],"replies":[{"embeddable":true,"href":"https:\/\/www.bellunopress.it\/fr\/wp-json\/wp\/v2\/comments?post=108744"}],"version-history":[{"count":1,"href":"https:\/\/www.bellunopress.it\/fr\/wp-json\/wp\/v2\/posts\/108744\/revisions"}],"predecessor-version":[{"id":108745,"href":"https:\/\/www.bellunopress.it\/fr\/wp-json\/wp\/v2\/posts\/108744\/revisions\/108745"}],"wp:attachment":[{"href":"https:\/\/www.bellunopress.it\/fr\/wp-json\/wp\/v2\/media?parent=108744"}],"wp:term":[{"taxonomy":"category","embeddable":true,"href":"https:\/\/www.bellunopress.it\/fr\/wp-json\/wp\/v2\/categories?post=108744"},{"taxonomy":"post_tag","embeddable":true,"href":"https:\/\/www.bellunopress.it\/fr\/wp-json\/wp\/v2\/tags?post=108744"}],"curies":[{"name":"wp","href":"https:\/\/api.w.org\/{rel}","templated":true}]}}