{"id":108737,"date":"2019-10-14T18:09:47","date_gmt":"2019-10-14T16:09:47","guid":{"rendered":"http:\/\/www.bellunopress.it\/?p=108737"},"modified":"2022-12-10T07:51:38","modified_gmt":"2022-12-10T06:51:38","slug":"sabato-sera-nella-sala-del-municipio-di-fonzaso-la-presentazione-del-libro-i-soldi-della-contessa","status":"publish","type":"post","link":"https:\/\/www.bellunopress.it\/fr\/2019\/10\/14\/sabato-sera-nella-sala-del-municipio-di-fonzaso-la-presentazione-del-libro-i-soldi-della-contessa\/","title":{"rendered":"Sabato sera nella Sala del Municipio di Fonzaso la presentazione del libro &#8220;I soldi della Contessa&#8221;"},"content":{"rendered":"<p>Sabato 19 ottobre alle ore 20.30 a Fonzaso, nella sala del Municipio in Piazza I\u00b0 Novembre, si terr\u00e0 la presentazione del libro &#8220;I soldi della contessa&#8221; di Roberto De Nart, giornalista, fondatore del quotidiano on line Bellunopress.<\/p>\n<p><a href=\"http:\/\/www.bellunopress.it\/fr\/i-soldi-della-contessa-copertina-2\/\"><img loading=\"lazy\" decoding=\"async\" class=\"alignleft size-full wp-image-108462\" src=\"http:\/\/www.bellunopress.it\/wp-content\/uploads\/2019\/10\/I-soldi-della-contessa-copertina-2.jpg\" alt=\"\" width=\"260\" height=\"403\" \/><\/a>Francesco De Bortoli, organizzatore dell&#8217;evento e appassionato di storia locale, dialogher\u00e0 con l&#8217;autore sull&#8217;<a href=\"https:\/\/www.google.com\/search?q=roberto+de+nart&amp;rlz=1C1ONGR_itIT1020IT1020&amp;oq=roberto+de+nart&amp;aqs=chrome.0.35i39j46i512j35i39j0i22i30l2j0i10i22i30l2j69i60.4332j0j15&amp;sourceid=chrome&amp;ie=UTF-8#fpstate=ive&amp;vld=cid:ae72004d,vid:ekjBJ2O2Y30\">omicidio di Marta Kusch, detta &#8220;La contessa<\/a>&#8221; avvenuto a Pedavena nel maggio del 1945 a guerra finita. Il libro \u00e8 tratto dagli atti processuali della Corte d&#8217;Assise di Belluno del 1950 e depositati all&#8217;Archivio di Stato di Venezia, racconta gli ultimi anni di vita della Kusch. La donna era tedesca di nascita e di cittadinanza americana a seguito del matrimonio nel 1920 con l&#8217;ingegnere americano Alfredo Rower. Negli ultimi anni intrattiene una relazione sentimentale con il conte Ottaviano Borgoncelli, titolare della ditta Aices di Pedavena, che eseguiva i lavori di fortificazione per conto della Todt nel Feltrino. I particolari della storia si devono alla intraprendenza di Erminia Reja Kusch, cognata di Marta Kusch, che nel 1947 indaga di sua iniziativa sul caso e l&#8217;anno dopo invia un esposto alla Questura di Belluno per avere giustizia. Il processo per\u00f2, si ferma al primo livello di responsabilit\u00e0, con la sola identificazione degli esecutori materiali, ossia dei cinque partigiani che ad una indagine patrimoniale risulteranno poveri prima e anche dopo la rapina e l&#8217;omicidio della Kusch. I soldi della contessa, dunque, prendono altre strade. Nel novembre del 1950 si celebra il processo nell\u2019aula della Corte d\u2019Assise di Belluno, che si conclude con la scarcerazione degli imputati in forza della cosiddetta \u201cAmnistia Togliatti\u201d.<\/p>\n<p><a href=\"https:\/\/www.spreaker.com\/user\/radiobelluno\/soldidellacontessa?fbclid=IwAR0olBKYaxhQofKGcCCjhWnmE9BskUP3Il4UxF-Ex2YRt3oGfHM2AEAsaoY\">L&#8217;intervista di Guido Beretta a Radio Belluno<\/a><\/p>\n<p>&nbsp;<\/p>","protected":false},"excerpt":{"rendered":"<p>Sabato 19 ottobre alle ore 20.30 a Fonzaso, nella sala del Municipio in Piazza I\u00b0 Novembre, si terr\u00e0 la presentazione del libro &#8220;I soldi della contessa&#8221; di Roberto De Nart, giornalista, fondatore del quotidiano on line Bellunopress. Francesco De Bortoli, organizzatore dell&#8217;evento e appassionato di storia locale, dialogher\u00e0 con l&#8217;autore sull&#8217;omicidio di Marta Kusch, detta [&hellip;]<\/p>\n","protected":false},"author":2,"featured_media":0,"comment_status":"closed","ping_status":"open","sticky":false,"template":"","format":"standard","meta":{"footnotes":""},"categories":[27,3,25],"tags":[3440],"class_list":["post-108737","post","type-post","status-publish","format-standard","category-appuntamenti","category-arte-cultura-spettacoli-scienza-archivi","category-pausa-caffe","tag-i-soldi-della-contessa"],"yoast_head":"<!-- This site is optimized with the Yoast SEO plugin v28.4 - https:\/\/yoast.com\/product\/yoast-seo-wordpress\/ -->\n<title>Sabato sera nella Sala del Municipio di Fonzaso la presentazione del libro &quot;I soldi della Contessa&quot; - Bellunopress - Dolomiti<\/title>\n<meta name=\"robots\" content=\"index, follow, max-snippet:-1, max-image-preview:large, max-video-preview:-1\" \/>\n<link rel=\"canonical\" href=\"https:\/\/www.bellunopress.it\/fr\/2019\/10\/14\/sabato-sera-nella-sala-del-municipio-di-fonzaso-la-presentazione-del-libro-i-soldi-della-contessa\/\" \/>\n<meta property=\"og:locale\" content=\"fr_FR\" \/>\n<meta property=\"og:type\" content=\"article\" \/>\n<meta property=\"og:title\" content=\"Sabato sera nella Sala del Municipio di Fonzaso la presentazione del libro &quot;I soldi della Contessa&quot; - Bellunopress - Dolomiti\" \/>\n<meta property=\"og:description\" content=\"Sabato 19 ottobre alle ore 20.30 a Fonzaso, nella sala del Municipio in Piazza I\u00b0 Novembre, si terr\u00e0 la presentazione del libro &#8220;I soldi della contessa&#8221; di Roberto De Nart, giornalista, fondatore del quotidiano on line Bellunopress. Francesco De Bortoli, organizzatore dell&#8217;evento e appassionato di storia locale, dialogher\u00e0 con l&#8217;autore sull&#8217;omicidio di Marta Kusch, detta [&hellip;]\" \/>\n<meta property=\"og:url\" content=\"https:\/\/www.bellunopress.it\/fr\/2019\/10\/14\/sabato-sera-nella-sala-del-municipio-di-fonzaso-la-presentazione-del-libro-i-soldi-della-contessa\/\" \/>\n<meta property=\"og:site_name\" content=\"Bellunopress - Dolomiti\" \/>\n<meta property=\"article:publisher\" content=\"https:\/\/www.facebook.com\/profile.php?id=100008943462799\" \/>\n<meta property=\"article:published_time\" content=\"2019-10-14T16:09:47+00:00\" \/>\n<meta property=\"article:modified_time\" content=\"2022-12-10T06:51:38+00:00\" \/>\n<meta property=\"og:image\" content=\"http:\/\/www.bellunopress.it\/wp-content\/uploads\/2019\/10\/I-soldi-della-contessa-copertina-2.jpg\" \/>\n<meta name=\"author\" content=\"redazione\" \/>\n<meta name=\"twitter:card\" content=\"summary_large_image\" \/>\n<meta name=\"twitter:creator\" content=\"@bellunopress\" \/>\n<meta name=\"twitter:site\" content=\"@bellunopress\" \/>\n<meta name=\"twitter:label1\" content=\"\u00c9crit par\" \/>\n\t<meta name=\"twitter:data1\" content=\"redazione\" \/>\n\t<meta name=\"twitter:label2\" content=\"Dur\u00e9e de lecture estim\u00e9e\" \/>\n\t<meta name=\"twitter:data2\" content=\"2 minutes\" \/>\n<script type=\"application\/ld+json\" class=\"yoast-schema-graph\">{\"@context\":\"https:\\\/\\\/schema.org\",\"@graph\":[{\"@type\":\"Article\",\"@id\":\"https:\\\/\\\/www.bellunopress.it\\\/2019\\\/10\\\/14\\\/sabato-sera-nella-sala-del-municipio-di-fonzaso-la-presentazione-del-libro-i-soldi-della-contessa\\\/#article\",\"isPartOf\":{\"@id\":\"https:\\\/\\\/www.bellunopress.it\\\/2019\\\/10\\\/14\\\/sabato-sera-nella-sala-del-municipio-di-fonzaso-la-presentazione-del-libro-i-soldi-della-contessa\\\/\"},\"author\":{\"name\":\"redazione\",\"@id\":\"https:\\\/\\\/www.bellunopress.it\\\/#\\\/schema\\\/person\\\/79bb06722b37ece1c03d3e94beb30d73\"},\"headline\":\"Sabato sera nella Sala del Municipio di Fonzaso la presentazione del libro &#8220;I soldi della Contessa&#8221;\",\"datePublished\":\"2019-10-14T16:09:47+00:00\",\"dateModified\":\"2022-12-10T06:51:38+00:00\",\"mainEntityOfPage\":{\"@id\":\"https:\\\/\\\/www.bellunopress.it\\\/2019\\\/10\\\/14\\\/sabato-sera-nella-sala-del-municipio-di-fonzaso-la-presentazione-del-libro-i-soldi-della-contessa\\\/\"},\"wordCount\":286,\"publisher\":{\"@id\":\"https:\\\/\\\/www.bellunopress.it\\\/#organization\"},\"image\":{\"@id\":\"https:\\\/\\\/www.bellunopress.it\\\/2019\\\/10\\\/14\\\/sabato-sera-nella-sala-del-municipio-di-fonzaso-la-presentazione-del-libro-i-soldi-della-contessa\\\/#primaryimage\"},\"thumbnailUrl\":\"http:\\\/\\\/www.bellunopress.it\\\/wp-content\\\/uploads\\\/2019\\\/10\\\/I-soldi-della-contessa-copertina-2.jpg\",\"keywords\":[\"I soldi della contessa\"],\"articleSection\":[\"Appuntamenti, Eventi\",\"Arte, Cultura, Spettacoli, Scienza\",\"Pausa Caff\u00e8\"],\"inLanguage\":\"fr-FR\"},{\"@type\":\"WebPage\",\"@id\":\"https:\\\/\\\/www.bellunopress.it\\\/2019\\\/10\\\/14\\\/sabato-sera-nella-sala-del-municipio-di-fonzaso-la-presentazione-del-libro-i-soldi-della-contessa\\\/\",\"url\":\"https:\\\/\\\/www.bellunopress.it\\\/2019\\\/10\\\/14\\\/sabato-sera-nella-sala-del-municipio-di-fonzaso-la-presentazione-del-libro-i-soldi-della-contessa\\\/\",\"name\":\"Sabato sera nella Sala del Municipio di Fonzaso la presentazione del libro \\\"I soldi della Contessa\\\" - Bellunopress - Dolomiti\",\"isPartOf\":{\"@id\":\"https:\\\/\\\/www.bellunopress.it\\\/#website\"},\"primaryImageOfPage\":{\"@id\":\"https:\\\/\\\/www.bellunopress.it\\\/2019\\\/10\\\/14\\\/sabato-sera-nella-sala-del-municipio-di-fonzaso-la-presentazione-del-libro-i-soldi-della-contessa\\\/#primaryimage\"},\"image\":{\"@id\":\"https:\\\/\\\/www.bellunopress.it\\\/2019\\\/10\\\/14\\\/sabato-sera-nella-sala-del-municipio-di-fonzaso-la-presentazione-del-libro-i-soldi-della-contessa\\\/#primaryimage\"},\"thumbnailUrl\":\"http:\\\/\\\/www.bellunopress.it\\\/wp-content\\\/uploads\\\/2019\\\/10\\\/I-soldi-della-contessa-copertina-2.jpg\",\"datePublished\":\"2019-10-14T16:09:47+00:00\",\"dateModified\":\"2022-12-10T06:51:38+00:00\",\"breadcrumb\":{\"@id\":\"https:\\\/\\\/www.bellunopress.it\\\/2019\\\/10\\\/14\\\/sabato-sera-nella-sala-del-municipio-di-fonzaso-la-presentazione-del-libro-i-soldi-della-contessa\\\/#breadcrumb\"},\"inLanguage\":\"fr-FR\",\"potentialAction\":[{\"@type\":\"ReadAction\",\"target\":[\"https:\\\/\\\/www.bellunopress.it\\\/2019\\\/10\\\/14\\\/sabato-sera-nella-sala-del-municipio-di-fonzaso-la-presentazione-del-libro-i-soldi-della-contessa\\\/\"]}]},{\"@type\":\"ImageObject\",\"inLanguage\":\"fr-FR\",\"@id\":\"https:\\\/\\\/www.bellunopress.it\\\/2019\\\/10\\\/14\\\/sabato-sera-nella-sala-del-municipio-di-fonzaso-la-presentazione-del-libro-i-soldi-della-contessa\\\/#primaryimage\",\"url\":\"http:\\\/\\\/www.bellunopress.it\\\/wp-content\\\/uploads\\\/2019\\\/10\\\/I-soldi-della-contessa-copertina-2.jpg\",\"contentUrl\":\"http:\\\/\\\/www.bellunopress.it\\\/wp-content\\\/uploads\\\/2019\\\/10\\\/I-soldi-della-contessa-copertina-2.jpg\"},{\"@type\":\"BreadcrumbList\",\"@id\":\"https:\\\/\\\/www.bellunopress.it\\\/2019\\\/10\\\/14\\\/sabato-sera-nella-sala-del-municipio-di-fonzaso-la-presentazione-del-libro-i-soldi-della-contessa\\\/#breadcrumb\",\"itemListElement\":[{\"@type\":\"ListItem\",\"position\":1,\"name\":\"Home\",\"item\":\"https:\\\/\\\/www.bellunopress.it\\\/\"},{\"@type\":\"ListItem\",\"position\":2,\"name\":\"Sabato sera nella Sala del Municipio di Fonzaso la presentazione del libro &#8220;I soldi della Contessa&#8221;\"}]},{\"@type\":\"WebSite\",\"@id\":\"https:\\\/\\\/www.bellunopress.it\\\/#website\",\"url\":\"https:\\\/\\\/www.bellunopress.it\\\/\",\"name\":\"Bellunopress - Dolomiti\",\"description\":\"e-mail: redazione@bellunopress.it\",\"publisher\":{\"@id\":\"https:\\\/\\\/www.bellunopress.it\\\/#organization\"},\"potentialAction\":[{\"@type\":\"SearchAction\",\"target\":{\"@type\":\"EntryPoint\",\"urlTemplate\":\"https:\\\/\\\/www.bellunopress.it\\\/?s={search_term_string}\"},\"query-input\":{\"@type\":\"PropertyValueSpecification\",\"valueRequired\":true,\"valueName\":\"search_term_string\"}}],\"inLanguage\":\"fr-FR\"},{\"@type\":\"Organization\",\"@id\":\"https:\\\/\\\/www.bellunopress.it\\\/#organization\",\"name\":\"Bellunopress\",\"url\":\"https:\\\/\\\/www.bellunopress.it\\\/\",\"logo\":{\"@type\":\"ImageObject\",\"inLanguage\":\"fr-FR\",\"@id\":\"https:\\\/\\\/www.bellunopress.it\\\/#\\\/schema\\\/logo\\\/image\\\/\",\"url\":\"https:\\\/\\\/www.bellunopress.it\\\/wp-content\\\/uploads\\\/2011\\\/05\\\/cropped-logo-bellunopress-.jpg\",\"contentUrl\":\"https:\\\/\\\/www.bellunopress.it\\\/wp-content\\\/uploads\\\/2011\\\/05\\\/cropped-logo-bellunopress-.jpg\",\"width\":512,\"height\":512,\"caption\":\"Bellunopress\"},\"image\":{\"@id\":\"https:\\\/\\\/www.bellunopress.it\\\/#\\\/schema\\\/logo\\\/image\\\/\"},\"sameAs\":[\"https:\\\/\\\/www.facebook.com\\\/profile.php?id=100008943462799\",\"https:\\\/\\\/x.com\\\/bellunopress\",\"https:\\\/\\\/www.linkedin.com\\\/hp\\\/?dnr=JBzUWaJfMUw8vbXJJ2tVW5-I3jZKvC4wsoxE&amp;amp;amp;amp;amp;amp;trk=nav_responsive_tab_home\",\"https:\\\/\\\/www.youtube.com\\\/channel\\\/UCxL0wu1uN0_3_7hGG0306cw\"]},{\"@type\":\"Person\",\"@id\":\"https:\\\/\\\/www.bellunopress.it\\\/#\\\/schema\\\/person\\\/79bb06722b37ece1c03d3e94beb30d73\",\"name\":\"redazione\",\"image\":{\"@type\":\"ImageObject\",\"inLanguage\":\"fr-FR\",\"@id\":\"https:\\\/\\\/secure.gravatar.com\\\/avatar\\\/37d968a2e67a6fd04c169c4bdef102d0bc5d31b2546345219e348575eb80e9a0?s=96&d=mm&r=g\",\"url\":\"https:\\\/\\\/secure.gravatar.com\\\/avatar\\\/37d968a2e67a6fd04c169c4bdef102d0bc5d31b2546345219e348575eb80e9a0?s=96&d=mm&r=g\",\"contentUrl\":\"https:\\\/\\\/secure.gravatar.com\\\/avatar\\\/37d968a2e67a6fd04c169c4bdef102d0bc5d31b2546345219e348575eb80e9a0?s=96&d=mm&r=g\",\"caption\":\"redazione\"},\"sameAs\":[\"http:\\\/\\\/www.bellunopress.it\",\"https:\\\/\\\/x.com\\\/bellunopress\"],\"url\":\"https:\\\/\\\/www.bellunopress.it\\\/fr\\\/author\\\/redazione\\\/\"}]}<\/script>\n<!-- \/ Yoast SEO plugin. -->","yoast_head_json":{"title":"Sabato sera nella Sala del Municipio di Fonzaso la presentazione del libro \"I soldi della Contessa\" - Bellunopress - Dolomiti","robots":{"index":"index","follow":"follow","max-snippet":"max-snippet:-1","max-image-preview":"max-image-preview:large","max-video-preview":"max-video-preview:-1"},"canonical":"https:\/\/www.bellunopress.it\/fr\/2019\/10\/14\/sabato-sera-nella-sala-del-municipio-di-fonzaso-la-presentazione-del-libro-i-soldi-della-contessa\/","og_locale":"fr_FR","og_type":"article","og_title":"Sabato sera nella Sala del Municipio di Fonzaso la presentazione del libro \"I soldi della Contessa\" - Bellunopress - Dolomiti","og_description":"Sabato 19 ottobre alle ore 20.30 a Fonzaso, nella sala del Municipio in Piazza I\u00b0 Novembre, si terr\u00e0 la presentazione del libro &#8220;I soldi della contessa&#8221; di Roberto De Nart, giornalista, fondatore del quotidiano on line Bellunopress. Francesco De Bortoli, organizzatore dell&#8217;evento e appassionato di storia locale, dialogher\u00e0 con l&#8217;autore sull&#8217;omicidio di Marta Kusch, detta [&hellip;]","og_url":"https:\/\/www.bellunopress.it\/fr\/2019\/10\/14\/sabato-sera-nella-sala-del-municipio-di-fonzaso-la-presentazione-del-libro-i-soldi-della-contessa\/","og_site_name":"Bellunopress - Dolomiti","article_publisher":"https:\/\/www.facebook.com\/profile.php?id=100008943462799","article_published_time":"2019-10-14T16:09:47+00:00","article_modified_time":"2022-12-10T06:51:38+00:00","og_image":[{"url":"http:\/\/www.bellunopress.it\/wp-content\/uploads\/2019\/10\/I-soldi-della-contessa-copertina-2.jpg","type":"","width":"","height":""}],"author":"redazione","twitter_card":"summary_large_image","twitter_creator":"@bellunopress","twitter_site":"@bellunopress","twitter_misc":{"\u00c9crit par":"redazione","Dur\u00e9e de lecture estim\u00e9e":"2 minutes"},"schema":{"@context":"https:\/\/schema.org","@graph":[{"@type":"Article","@id":"https:\/\/www.bellunopress.it\/2019\/10\/14\/sabato-sera-nella-sala-del-municipio-di-fonzaso-la-presentazione-del-libro-i-soldi-della-contessa\/#article","isPartOf":{"@id":"https:\/\/www.bellunopress.it\/2019\/10\/14\/sabato-sera-nella-sala-del-municipio-di-fonzaso-la-presentazione-del-libro-i-soldi-della-contessa\/"},"author":{"name":"redazione","@id":"https:\/\/www.bellunopress.it\/#\/schema\/person\/79bb06722b37ece1c03d3e94beb30d73"},"headline":"Sabato sera nella Sala del Municipio di Fonzaso la presentazione del libro &#8220;I soldi della Contessa&#8221;","datePublished":"2019-10-14T16:09:47+00:00","dateModified":"2022-12-10T06:51:38+00:00","mainEntityOfPage":{"@id":"https:\/\/www.bellunopress.it\/2019\/10\/14\/sabato-sera-nella-sala-del-municipio-di-fonzaso-la-presentazione-del-libro-i-soldi-della-contessa\/"},"wordCount":286,"publisher":{"@id":"https:\/\/www.bellunopress.it\/#organization"},"image":{"@id":"https:\/\/www.bellunopress.it\/2019\/10\/14\/sabato-sera-nella-sala-del-municipio-di-fonzaso-la-presentazione-del-libro-i-soldi-della-contessa\/#primaryimage"},"thumbnailUrl":"http:\/\/www.bellunopress.it\/wp-content\/uploads\/2019\/10\/I-soldi-della-contessa-copertina-2.jpg","keywords":["I soldi della contessa"],"articleSection":["Appuntamenti, Eventi","Arte, Cultura, Spettacoli, Scienza","Pausa Caff\u00e8"],"inLanguage":"fr-FR"},{"@type":"WebPage","@id":"https:\/\/www.bellunopress.it\/2019\/10\/14\/sabato-sera-nella-sala-del-municipio-di-fonzaso-la-presentazione-del-libro-i-soldi-della-contessa\/","url":"https:\/\/www.bellunopress.it\/2019\/10\/14\/sabato-sera-nella-sala-del-municipio-di-fonzaso-la-presentazione-del-libro-i-soldi-della-contessa\/","name":"Sabato sera nella Sala del Municipio di Fonzaso la presentazione del libro \"I soldi della Contessa\" - Bellunopress - Dolomiti","isPartOf":{"@id":"https:\/\/www.bellunopress.it\/#website"},"primaryImageOfPage":{"@id":"https:\/\/www.bellunopress.it\/2019\/10\/14\/sabato-sera-nella-sala-del-municipio-di-fonzaso-la-presentazione-del-libro-i-soldi-della-contessa\/#primaryimage"},"image":{"@id":"https:\/\/www.bellunopress.it\/2019\/10\/14\/sabato-sera-nella-sala-del-municipio-di-fonzaso-la-presentazione-del-libro-i-soldi-della-contessa\/#primaryimage"},"thumbnailUrl":"http:\/\/www.bellunopress.it\/wp-content\/uploads\/2019\/10\/I-soldi-della-contessa-copertina-2.jpg","datePublished":"2019-10-14T16:09:47+00:00","dateModified":"2022-12-10T06:51:38+00:00","breadcrumb":{"@id":"https:\/\/www.bellunopress.it\/2019\/10\/14\/sabato-sera-nella-sala-del-municipio-di-fonzaso-la-presentazione-del-libro-i-soldi-della-contessa\/#breadcrumb"},"inLanguage":"fr-FR","potentialAction":[{"@type":"ReadAction","target":["https:\/\/www.bellunopress.it\/2019\/10\/14\/sabato-sera-nella-sala-del-municipio-di-fonzaso-la-presentazione-del-libro-i-soldi-della-contessa\/"]}]},{"@type":"ImageObject","inLanguage":"fr-FR","@id":"https:\/\/www.bellunopress.it\/2019\/10\/14\/sabato-sera-nella-sala-del-municipio-di-fonzaso-la-presentazione-del-libro-i-soldi-della-contessa\/#primaryimage","url":"http:\/\/www.bellunopress.it\/wp-content\/uploads\/2019\/10\/I-soldi-della-contessa-copertina-2.jpg","contentUrl":"http:\/\/www.bellunopress.it\/wp-content\/uploads\/2019\/10\/I-soldi-della-contessa-copertina-2.jpg"},{"@type":"BreadcrumbList","@id":"https:\/\/www.bellunopress.it\/2019\/10\/14\/sabato-sera-nella-sala-del-municipio-di-fonzaso-la-presentazione-del-libro-i-soldi-della-contessa\/#breadcrumb","itemListElement":[{"@type":"ListItem","position":1,"name":"Home","item":"https:\/\/www.bellunopress.it\/"},{"@type":"ListItem","position":2,"name":"Sabato sera nella Sala del Municipio di Fonzaso la presentazione del libro &#8220;I soldi della Contessa&#8221;"}]},{"@type":"WebSite","@id":"https:\/\/www.bellunopress.it\/#website","url":"https:\/\/www.bellunopress.it\/","name":"Bellunopress - Dolomiti","description":"e-mail: redazione@bellunopress.it","publisher":{"@id":"https:\/\/www.bellunopress.it\/#organization"},"potentialAction":[{"@type":"SearchAction","target":{"@type":"EntryPoint","urlTemplate":"https:\/\/www.bellunopress.it\/?s={search_term_string}"},"query-input":{"@type":"PropertyValueSpecification","valueRequired":true,"valueName":"search_term_string"}}],"inLanguage":"fr-FR"},{"@type":"Organization","@id":"https:\/\/www.bellunopress.it\/#organization","name":"Bellunopress","url":"https:\/\/www.bellunopress.it\/","logo":{"@type":"ImageObject","inLanguage":"fr-FR","@id":"https:\/\/www.bellunopress.it\/#\/schema\/logo\/image\/","url":"https:\/\/www.bellunopress.it\/wp-content\/uploads\/2011\/05\/cropped-logo-bellunopress-.jpg","contentUrl":"https:\/\/www.bellunopress.it\/wp-content\/uploads\/2011\/05\/cropped-logo-bellunopress-.jpg","width":512,"height":512,"caption":"Bellunopress"},"image":{"@id":"https:\/\/www.bellunopress.it\/#\/schema\/logo\/image\/"},"sameAs":["https:\/\/www.facebook.com\/profile.php?id=100008943462799","https:\/\/x.com\/bellunopress","https:\/\/www.linkedin.com\/hp\/?dnr=JBzUWaJfMUw8vbXJJ2tVW5-I3jZKvC4wsoxE&amp;amp;amp;amp;amp;amp;trk=nav_responsive_tab_home","https:\/\/www.youtube.com\/channel\/UCxL0wu1uN0_3_7hGG0306cw"]},{"@type":"Person","@id":"https:\/\/www.bellunopress.it\/#\/schema\/person\/79bb06722b37ece1c03d3e94beb30d73","name":"r\u00e9daction","image":{"@type":"ImageObject","inLanguage":"fr-FR","@id":"https:\/\/secure.gravatar.com\/avatar\/37d968a2e67a6fd04c169c4bdef102d0bc5d31b2546345219e348575eb80e9a0?s=96&d=mm&r=g","url":"https:\/\/secure.gravatar.com\/avatar\/37d968a2e67a6fd04c169c4bdef102d0bc5d31b2546345219e348575eb80e9a0?s=96&d=mm&r=g","contentUrl":"https:\/\/secure.gravatar.com\/avatar\/37d968a2e67a6fd04c169c4bdef102d0bc5d31b2546345219e348575eb80e9a0?s=96&d=mm&r=g","caption":"redazione"},"sameAs":["http:\/\/www.bellunopress.it","https:\/\/x.com\/bellunopress"],"url":"https:\/\/www.bellunopress.it\/fr\/author\/redazione\/"}]}},"_links":{"self":[{"href":"https:\/\/www.bellunopress.it\/fr\/wp-json\/wp\/v2\/posts\/108737","targetHints":{"allow":["GET"]}}],"collection":[{"href":"https:\/\/www.bellunopress.it\/fr\/wp-json\/wp\/v2\/posts"}],"about":[{"href":"https:\/\/www.bellunopress.it\/fr\/wp-json\/wp\/v2\/types\/post"}],"author":[{"embeddable":true,"href":"https:\/\/www.bellunopress.it\/fr\/wp-json\/wp\/v2\/users\/2"}],"replies":[{"embeddable":true,"href":"https:\/\/www.bellunopress.it\/fr\/wp-json\/wp\/v2\/comments?post=108737"}],"version-history":[{"count":4,"href":"https:\/\/www.bellunopress.it\/fr\/wp-json\/wp\/v2\/posts\/108737\/revisions"}],"predecessor-version":[{"id":138253,"href":"https:\/\/www.bellunopress.it\/fr\/wp-json\/wp\/v2\/posts\/108737\/revisions\/138253"}],"wp:attachment":[{"href":"https:\/\/www.bellunopress.it\/fr\/wp-json\/wp\/v2\/media?parent=108737"}],"wp:term":[{"taxonomy":"category","embeddable":true,"href":"https:\/\/www.bellunopress.it\/fr\/wp-json\/wp\/v2\/categories?post=108737"},{"taxonomy":"post_tag","embeddable":true,"href":"https:\/\/www.bellunopress.it\/fr\/wp-json\/wp\/v2\/tags?post=108737"}],"curies":[{"name":"wp","href":"https:\/\/api.w.org\/{rel}","templated":true}]}}