{"id":108731,"date":"2019-10-14T17:21:28","date_gmt":"2019-10-14T15:21:28","guid":{"rendered":"http:\/\/www.bellunopress.it\/?p=108731"},"modified":"2019-10-14T17:21:28","modified_gmt":"2019-10-14T15:21:28","slug":"carenza-di-medici-successo-del-primo-bando-veneto-con-224-domande","status":"publish","type":"post","link":"https:\/\/www.bellunopress.it\/fr\/2019\/10\/14\/carenza-di-medici-successo-del-primo-bando-veneto-con-224-domande\/","title":{"rendered":"Carenza di medici. Successo del primo bando veneto con 224 domande"},"content":{"rendered":"<figure id=\"attachment_107382\" aria-describedby=\"caption-attachment-107382\" style=\"width: 241px\" class=\"wp-caption alignleft\"><a href=\"http:\/\/www.bellunopress.it\/fr\/2019\/08\/27\/edilizia-popolare-zaia-14mila-famiglie-in-stato-di-bisogno-attendono-casa\/luca-zaia-4\/\" rel=\"attachment wp-att-107382\"><img loading=\"lazy\" decoding=\"async\" class=\"size-full wp-image-107382\" src=\"http:\/\/www.bellunopress.it\/wp-content\/uploads\/2019\/08\/Luca-Zaia.jpg\" alt=\"\" width=\"241\" height=\"300\" \/><\/a><figcaption id=\"caption-attachment-107382\" class=\"wp-caption-text\">Luca Zaia &#8211; Presidente della Regione del Veneto<\/figcaption><\/figure>\n<figure id=\"attachment_75088\" aria-describedby=\"caption-attachment-75088\" style=\"width: 249px\" class=\"wp-caption alignleft\"><a href=\"http:\/\/www.bellunopress.it\/fr\/2016\/01\/31\/immigrati-rapporto-veneto-2015-aumentano-i-nuovi-cittadini-arrivi-in-flessione-lanzarin-preoccupano-i-flussi-profughi\/manuela-lanzarin-assessore\/\" rel=\"attachment wp-att-75088\"><img loading=\"lazy\" decoding=\"async\" class=\"size-full wp-image-75088\" src=\"http:\/\/www.bellunopress.it\/wp-content\/uploads\/2016\/01\/manuela-lanzarin-assessore.jpg\" alt=\"\" width=\"249\" height=\"309\" \/><\/a><figcaption id=\"caption-attachment-75088\" class=\"wp-caption-text\">Manuela Lanzarin assessore regionale<\/figcaption><\/figure>\n<p>Venezia, 14 ottobre 2019\u00a0 &#8211;\u00a0\u00a0Si \u00e8 chiuso oggi in Veneto, con ben 224 domande arrivate, il bando per il reclutamento di giovani medici laureati, abilitati, ma non ancora specializzati, da inserire negli ospedali con un contratto autonomo. Il bando riguarda l\u2019inserimento nell\u2019area Pronto Soccorso. Da oggi, come previsto dalle relative delibere assunte lo scorso agosto per far fronte alla grave carenza di medici, parte quello riservato all\u2019area internistica.<\/p>\n<p>Ne ha dato oggi notizia il presidente della Regione del Veneto, Luca Zaia intervenendo oggi, affiancato dall\u2019Assessore alla Sanit\u00e0 Manuela Lanzarin, a un evento all\u2019Ospedale di Castelfranco Veneto.<\/p>\n<p>Il percorso formativo che preceder\u00e0 la fase dell\u2019inserimento negli ospedali sar\u00e0 realizzato in collaborazione e confronto con le Universit\u00e0, partendo da quanto previsto dalle delibera di giunta di agosto, cio\u00e8 una parte teorica di formazione d\u2019aula e un\u2019attivit\u00e0 di tirocinio pratico con tutoraggio.<\/p>\n<p>\u201cL\u2019adesione \u00e8 stata importante \u2013 commenta Zaia \u2013 il che dimostra quanta voglia di lavorare e di mettersi alla prova ci sia tra i nostri giovani medici, imprigionati nell\u2019assurdit\u00e0 nazionale delle borse di specialit\u00e0 in numero largamente inferiore ai laureati in medicina, elemento questo tra i pi\u00f9 determinanti per la ormai emergenziale carenza di medici in tutta Italia (53.000) e in Veneto (almeno 1.300). In questi mesi \u2013 aggiunge il Governatore \u2013 abbiamo sentito un mare di teorie, ma fatti concreti, nessuno. Il primo e unico \u00e8 stato il documento del Veneto che tutte le Regioni hanno fatto proprio e approvato, inviandolo gi\u00e0 il 26 settembre scorso al Governo e al Ministero della Salute. Come Regione non abbiamo voluto arrenderci all\u2019ineluttabilit\u00e0 di non poter dare ai nostri cittadini tutta l\u2019assistenza di cui hanno bisogno e abbiamo deciso di percorrere questa strada, certamente inedita, certamente coraggiosa, ma altrettanto certamente non campata in aria. Non butteremo mai allo sbaraglio questi ragazzi \u2013 aggiunge \u2013 ma li inseriremo gradatamente, vicino ai colleghi strutturati, e a occuparsi delle situazioni pi\u00f9 semplici, non certo di codici rossi. Abbiamo fiducia nelle nostre Universit\u00e0 e siamo certi che, con la preparazione ottenuta, i giovani medici saranno preziosi occupandosi, ad esempio, di codici bianchi o, al massimo, verdi\u201d.<\/p>\n<p>\u201cLe 224 domande arrivate \u2013 precisa la Lanzarin \u2013 saranno ora velocemente valutate per verificare i requisiti richiesti. Nel frattempo abbiamo fatto partire il secondo bando, quello per l\u2019inserimento nell\u2019area internistica con 150 posti. Se, come fa intendere l\u2019esito di quello chiuso oggi, anche il prossimo sar\u00e0 un successo \u2013 aggiunge l\u2019Assessore \u2013 disporremo di centinaia di forze fresche da inserire nel sistema, garantendo loro un lavoro e un\u2019occasione unica per potersi formare sul campo. E\u2019 chiaro \u2013 dice la Lanzarin \u2013 che si tratta di una soluzione di tipo emergenziale ma, come evidenzia bene il documento approvato da tutte le Regioni italiane, la questione ha due facce: quella dell\u2019urgenza e quella della programmazione di prospettiva. L\u2019urgenza \u00e8 dettata dalla necessit\u00e0 di non chiudere reparti, e questo la Regione Veneto non lo far\u00e0 mai; la prospettiva \u00e8 quella di una profonda riforma che snellisca e sburocratizzi l\u2019intero cammino verso l\u2019esercizio della professione medica\u201d.<\/p>\n<p>Il Documento, dal titolo \u201cProposte Riguardanti la Carenza di Medici Specialisti e la Valorizzazione delle Professioni Sanitarie non Dirigenziali\u201d si articola in 16 punti e 5 linee strategiche: Interventi inerenti l\u2019Accesso al Lavoro nel Servizio Sanitario Nazionale (SSN); interventi per rendere la Formazione pi\u00f9 Vicina alle Mutate Esigenze del SSN; interventi per Valorizzare e Rendere Maggiormente Attrattivo il lavoro all\u2019Interno del SSN. interventi per Migliorare la Programmazione Futura dei Professionisti del SSN; interventi di Armonizzazione agli Standard e ai riferimenti Europei in Materia di Tempi e Funzioni.<\/p>\n<p>&nbsp;<\/p>","protected":false},"excerpt":{"rendered":"<p>Venezia, 14 ottobre 2019\u00a0 &#8211;\u00a0\u00a0Si \u00e8 chiuso oggi in Veneto, con ben 224 domande arrivate, il bando per il reclutamento di giovani medici laureati, abilitati, ma non ancora specializzati, da inserire negli ospedali con un contratto autonomo. Il bando riguarda l\u2019inserimento nell\u2019area Pronto Soccorso. Da oggi, come previsto dalle relative delibere assunte lo scorso agosto [&hellip;]<\/p>\n","protected":false},"author":2,"featured_media":0,"comment_status":"closed","ping_status":"open","sticky":false,"template":"","format":"standard","meta":{"footnotes":""},"categories":[5,26,17],"tags":[],"class_list":["post-108731","post","type-post","status-publish","format-standard","category-cronaca","category-prima-pagina","category-sanita"],"yoast_head":"<!-- This site is optimized with the Yoast SEO plugin v28.4 - https:\/\/yoast.com\/product\/yoast-seo-wordpress\/ -->\n<title>Carenza di medici. Successo del primo bando veneto con 224 domande - Bellunopress - Dolomiti<\/title>\n<meta name=\"robots\" content=\"index, follow, max-snippet:-1, max-image-preview:large, max-video-preview:-1\" \/>\n<link rel=\"canonical\" href=\"https:\/\/www.bellunopress.it\/fr\/2019\/10\/14\/carenza-di-medici-successo-del-primo-bando-veneto-con-224-domande\/\" \/>\n<meta property=\"og:locale\" content=\"fr_FR\" \/>\n<meta property=\"og:type\" content=\"article\" \/>\n<meta property=\"og:title\" content=\"Carenza di medici. Successo del primo bando veneto con 224 domande - Bellunopress - Dolomiti\" \/>\n<meta property=\"og:description\" content=\"Venezia, 14 ottobre 2019\u00a0 &#8211;\u00a0\u00a0Si \u00e8 chiuso oggi in Veneto, con ben 224 domande arrivate, il bando per il reclutamento di giovani medici laureati, abilitati, ma non ancora specializzati, da inserire negli ospedali con un contratto autonomo. Il bando riguarda l\u2019inserimento nell\u2019area Pronto Soccorso. Da oggi, come previsto dalle relative delibere assunte lo scorso agosto [&hellip;]\" \/>\n<meta property=\"og:url\" content=\"https:\/\/www.bellunopress.it\/fr\/2019\/10\/14\/carenza-di-medici-successo-del-primo-bando-veneto-con-224-domande\/\" \/>\n<meta property=\"og:site_name\" content=\"Bellunopress - Dolomiti\" \/>\n<meta property=\"article:publisher\" content=\"https:\/\/www.facebook.com\/profile.php?id=100008943462799\" \/>\n<meta property=\"article:published_time\" content=\"2019-10-14T15:21:28+00:00\" \/>\n<meta property=\"og:image\" content=\"http:\/\/www.bellunopress.it\/wp-content\/uploads\/2019\/08\/Luca-Zaia.jpg\" \/>\n<meta name=\"author\" content=\"redazione\" \/>\n<meta name=\"twitter:card\" content=\"summary_large_image\" \/>\n<meta name=\"twitter:creator\" content=\"@bellunopress\" \/>\n<meta name=\"twitter:site\" content=\"@bellunopress\" \/>\n<meta name=\"twitter:label1\" content=\"\u00c9crit par\" \/>\n\t<meta name=\"twitter:data1\" content=\"redazione\" \/>\n\t<meta name=\"twitter:label2\" content=\"Dur\u00e9e de lecture estim\u00e9e\" \/>\n\t<meta name=\"twitter:data2\" content=\"3 minutes\" \/>\n<script type=\"application\/ld+json\" class=\"yoast-schema-graph\">{\"@context\":\"https:\\\/\\\/schema.org\",\"@graph\":[{\"@type\":\"Article\",\"@id\":\"https:\\\/\\\/www.bellunopress.it\\\/2019\\\/10\\\/14\\\/carenza-di-medici-successo-del-primo-bando-veneto-con-224-domande\\\/#article\",\"isPartOf\":{\"@id\":\"https:\\\/\\\/www.bellunopress.it\\\/2019\\\/10\\\/14\\\/carenza-di-medici-successo-del-primo-bando-veneto-con-224-domande\\\/\"},\"author\":{\"name\":\"redazione\",\"@id\":\"https:\\\/\\\/www.bellunopress.it\\\/#\\\/schema\\\/person\\\/79bb06722b37ece1c03d3e94beb30d73\"},\"headline\":\"Carenza di medici. Successo del primo bando veneto con 224 domande\",\"datePublished\":\"2019-10-14T15:21:28+00:00\",\"mainEntityOfPage\":{\"@id\":\"https:\\\/\\\/www.bellunopress.it\\\/2019\\\/10\\\/14\\\/carenza-di-medici-successo-del-primo-bando-veneto-con-224-domande\\\/\"},\"wordCount\":623,\"publisher\":{\"@id\":\"https:\\\/\\\/www.bellunopress.it\\\/#organization\"},\"image\":{\"@id\":\"https:\\\/\\\/www.bellunopress.it\\\/2019\\\/10\\\/14\\\/carenza-di-medici-successo-del-primo-bando-veneto-con-224-domande\\\/#primaryimage\"},\"thumbnailUrl\":\"http:\\\/\\\/www.bellunopress.it\\\/wp-content\\\/uploads\\\/2019\\\/08\\\/Luca-Zaia.jpg\",\"articleSection\":[\"Cronaca\\\/Politica\",\"Prima Pagina\",\"Sanit\u00e0 Medicina\"],\"inLanguage\":\"fr-FR\"},{\"@type\":\"WebPage\",\"@id\":\"https:\\\/\\\/www.bellunopress.it\\\/2019\\\/10\\\/14\\\/carenza-di-medici-successo-del-primo-bando-veneto-con-224-domande\\\/\",\"url\":\"https:\\\/\\\/www.bellunopress.it\\\/2019\\\/10\\\/14\\\/carenza-di-medici-successo-del-primo-bando-veneto-con-224-domande\\\/\",\"name\":\"Carenza di medici. Successo del primo bando veneto con 224 domande - Bellunopress - Dolomiti\",\"isPartOf\":{\"@id\":\"https:\\\/\\\/www.bellunopress.it\\\/#website\"},\"primaryImageOfPage\":{\"@id\":\"https:\\\/\\\/www.bellunopress.it\\\/2019\\\/10\\\/14\\\/carenza-di-medici-successo-del-primo-bando-veneto-con-224-domande\\\/#primaryimage\"},\"image\":{\"@id\":\"https:\\\/\\\/www.bellunopress.it\\\/2019\\\/10\\\/14\\\/carenza-di-medici-successo-del-primo-bando-veneto-con-224-domande\\\/#primaryimage\"},\"thumbnailUrl\":\"http:\\\/\\\/www.bellunopress.it\\\/wp-content\\\/uploads\\\/2019\\\/08\\\/Luca-Zaia.jpg\",\"datePublished\":\"2019-10-14T15:21:28+00:00\",\"breadcrumb\":{\"@id\":\"https:\\\/\\\/www.bellunopress.it\\\/2019\\\/10\\\/14\\\/carenza-di-medici-successo-del-primo-bando-veneto-con-224-domande\\\/#breadcrumb\"},\"inLanguage\":\"fr-FR\",\"potentialAction\":[{\"@type\":\"ReadAction\",\"target\":[\"https:\\\/\\\/www.bellunopress.it\\\/2019\\\/10\\\/14\\\/carenza-di-medici-successo-del-primo-bando-veneto-con-224-domande\\\/\"]}]},{\"@type\":\"ImageObject\",\"inLanguage\":\"fr-FR\",\"@id\":\"https:\\\/\\\/www.bellunopress.it\\\/2019\\\/10\\\/14\\\/carenza-di-medici-successo-del-primo-bando-veneto-con-224-domande\\\/#primaryimage\",\"url\":\"http:\\\/\\\/www.bellunopress.it\\\/wp-content\\\/uploads\\\/2019\\\/08\\\/Luca-Zaia.jpg\",\"contentUrl\":\"http:\\\/\\\/www.bellunopress.it\\\/wp-content\\\/uploads\\\/2019\\\/08\\\/Luca-Zaia.jpg\"},{\"@type\":\"BreadcrumbList\",\"@id\":\"https:\\\/\\\/www.bellunopress.it\\\/2019\\\/10\\\/14\\\/carenza-di-medici-successo-del-primo-bando-veneto-con-224-domande\\\/#breadcrumb\",\"itemListElement\":[{\"@type\":\"ListItem\",\"position\":1,\"name\":\"Home\",\"item\":\"https:\\\/\\\/www.bellunopress.it\\\/\"},{\"@type\":\"ListItem\",\"position\":2,\"name\":\"Carenza di medici. Successo del primo bando veneto con 224 domande\"}]},{\"@type\":\"WebSite\",\"@id\":\"https:\\\/\\\/www.bellunopress.it\\\/#website\",\"url\":\"https:\\\/\\\/www.bellunopress.it\\\/\",\"name\":\"Bellunopress - Dolomiti\",\"description\":\"e-mail: redazione@bellunopress.it\",\"publisher\":{\"@id\":\"https:\\\/\\\/www.bellunopress.it\\\/#organization\"},\"potentialAction\":[{\"@type\":\"SearchAction\",\"target\":{\"@type\":\"EntryPoint\",\"urlTemplate\":\"https:\\\/\\\/www.bellunopress.it\\\/?s={search_term_string}\"},\"query-input\":{\"@type\":\"PropertyValueSpecification\",\"valueRequired\":true,\"valueName\":\"search_term_string\"}}],\"inLanguage\":\"fr-FR\"},{\"@type\":\"Organization\",\"@id\":\"https:\\\/\\\/www.bellunopress.it\\\/#organization\",\"name\":\"Bellunopress\",\"url\":\"https:\\\/\\\/www.bellunopress.it\\\/\",\"logo\":{\"@type\":\"ImageObject\",\"inLanguage\":\"fr-FR\",\"@id\":\"https:\\\/\\\/www.bellunopress.it\\\/#\\\/schema\\\/logo\\\/image\\\/\",\"url\":\"https:\\\/\\\/www.bellunopress.it\\\/wp-content\\\/uploads\\\/2011\\\/05\\\/cropped-logo-bellunopress-.jpg\",\"contentUrl\":\"https:\\\/\\\/www.bellunopress.it\\\/wp-content\\\/uploads\\\/2011\\\/05\\\/cropped-logo-bellunopress-.jpg\",\"width\":512,\"height\":512,\"caption\":\"Bellunopress\"},\"image\":{\"@id\":\"https:\\\/\\\/www.bellunopress.it\\\/#\\\/schema\\\/logo\\\/image\\\/\"},\"sameAs\":[\"https:\\\/\\\/www.facebook.com\\\/profile.php?id=100008943462799\",\"https:\\\/\\\/x.com\\\/bellunopress\",\"https:\\\/\\\/www.linkedin.com\\\/hp\\\/?dnr=JBzUWaJfMUw8vbXJJ2tVW5-I3jZKvC4wsoxE&amp;amp;amp;amp;amp;amp;trk=nav_responsive_tab_home\",\"https:\\\/\\\/www.youtube.com\\\/channel\\\/UCxL0wu1uN0_3_7hGG0306cw\"]},{\"@type\":\"Person\",\"@id\":\"https:\\\/\\\/www.bellunopress.it\\\/#\\\/schema\\\/person\\\/79bb06722b37ece1c03d3e94beb30d73\",\"name\":\"redazione\",\"image\":{\"@type\":\"ImageObject\",\"inLanguage\":\"fr-FR\",\"@id\":\"https:\\\/\\\/secure.gravatar.com\\\/avatar\\\/37d968a2e67a6fd04c169c4bdef102d0bc5d31b2546345219e348575eb80e9a0?s=96&d=mm&r=g\",\"url\":\"https:\\\/\\\/secure.gravatar.com\\\/avatar\\\/37d968a2e67a6fd04c169c4bdef102d0bc5d31b2546345219e348575eb80e9a0?s=96&d=mm&r=g\",\"contentUrl\":\"https:\\\/\\\/secure.gravatar.com\\\/avatar\\\/37d968a2e67a6fd04c169c4bdef102d0bc5d31b2546345219e348575eb80e9a0?s=96&d=mm&r=g\",\"caption\":\"redazione\"},\"sameAs\":[\"http:\\\/\\\/www.bellunopress.it\",\"https:\\\/\\\/x.com\\\/bellunopress\"],\"url\":\"https:\\\/\\\/www.bellunopress.it\\\/fr\\\/author\\\/redazione\\\/\"}]}<\/script>\n<!-- \/ Yoast SEO plugin. -->","yoast_head_json":{"title":"Carenza di medici. Successo del primo bando veneto con 224 domande - Bellunopress - Dolomiti","robots":{"index":"index","follow":"follow","max-snippet":"max-snippet:-1","max-image-preview":"max-image-preview:large","max-video-preview":"max-video-preview:-1"},"canonical":"https:\/\/www.bellunopress.it\/fr\/2019\/10\/14\/carenza-di-medici-successo-del-primo-bando-veneto-con-224-domande\/","og_locale":"fr_FR","og_type":"article","og_title":"Carenza di medici. Successo del primo bando veneto con 224 domande - Bellunopress - Dolomiti","og_description":"Venezia, 14 ottobre 2019\u00a0 &#8211;\u00a0\u00a0Si \u00e8 chiuso oggi in Veneto, con ben 224 domande arrivate, il bando per il reclutamento di giovani medici laureati, abilitati, ma non ancora specializzati, da inserire negli ospedali con un contratto autonomo. Il bando riguarda l\u2019inserimento nell\u2019area Pronto Soccorso. Da oggi, come previsto dalle relative delibere assunte lo scorso agosto [&hellip;]","og_url":"https:\/\/www.bellunopress.it\/fr\/2019\/10\/14\/carenza-di-medici-successo-del-primo-bando-veneto-con-224-domande\/","og_site_name":"Bellunopress - Dolomiti","article_publisher":"https:\/\/www.facebook.com\/profile.php?id=100008943462799","article_published_time":"2019-10-14T15:21:28+00:00","og_image":[{"url":"http:\/\/www.bellunopress.it\/wp-content\/uploads\/2019\/08\/Luca-Zaia.jpg","type":"","width":"","height":""}],"author":"redazione","twitter_card":"summary_large_image","twitter_creator":"@bellunopress","twitter_site":"@bellunopress","twitter_misc":{"\u00c9crit par":"redazione","Dur\u00e9e de lecture estim\u00e9e":"3 minutes"},"schema":{"@context":"https:\/\/schema.org","@graph":[{"@type":"Article","@id":"https:\/\/www.bellunopress.it\/2019\/10\/14\/carenza-di-medici-successo-del-primo-bando-veneto-con-224-domande\/#article","isPartOf":{"@id":"https:\/\/www.bellunopress.it\/2019\/10\/14\/carenza-di-medici-successo-del-primo-bando-veneto-con-224-domande\/"},"author":{"name":"redazione","@id":"https:\/\/www.bellunopress.it\/#\/schema\/person\/79bb06722b37ece1c03d3e94beb30d73"},"headline":"Carenza di medici. Successo del primo bando veneto con 224 domande","datePublished":"2019-10-14T15:21:28+00:00","mainEntityOfPage":{"@id":"https:\/\/www.bellunopress.it\/2019\/10\/14\/carenza-di-medici-successo-del-primo-bando-veneto-con-224-domande\/"},"wordCount":623,"publisher":{"@id":"https:\/\/www.bellunopress.it\/#organization"},"image":{"@id":"https:\/\/www.bellunopress.it\/2019\/10\/14\/carenza-di-medici-successo-del-primo-bando-veneto-con-224-domande\/#primaryimage"},"thumbnailUrl":"http:\/\/www.bellunopress.it\/wp-content\/uploads\/2019\/08\/Luca-Zaia.jpg","articleSection":["Cronaca\/Politica","Prima Pagina","Sanit\u00e0 Medicina"],"inLanguage":"fr-FR"},{"@type":"WebPage","@id":"https:\/\/www.bellunopress.it\/2019\/10\/14\/carenza-di-medici-successo-del-primo-bando-veneto-con-224-domande\/","url":"https:\/\/www.bellunopress.it\/2019\/10\/14\/carenza-di-medici-successo-del-primo-bando-veneto-con-224-domande\/","name":"Carenza di medici. Successo del primo bando veneto con 224 domande - Bellunopress - Dolomiti","isPartOf":{"@id":"https:\/\/www.bellunopress.it\/#website"},"primaryImageOfPage":{"@id":"https:\/\/www.bellunopress.it\/2019\/10\/14\/carenza-di-medici-successo-del-primo-bando-veneto-con-224-domande\/#primaryimage"},"image":{"@id":"https:\/\/www.bellunopress.it\/2019\/10\/14\/carenza-di-medici-successo-del-primo-bando-veneto-con-224-domande\/#primaryimage"},"thumbnailUrl":"http:\/\/www.bellunopress.it\/wp-content\/uploads\/2019\/08\/Luca-Zaia.jpg","datePublished":"2019-10-14T15:21:28+00:00","breadcrumb":{"@id":"https:\/\/www.bellunopress.it\/2019\/10\/14\/carenza-di-medici-successo-del-primo-bando-veneto-con-224-domande\/#breadcrumb"},"inLanguage":"fr-FR","potentialAction":[{"@type":"ReadAction","target":["https:\/\/www.bellunopress.it\/2019\/10\/14\/carenza-di-medici-successo-del-primo-bando-veneto-con-224-domande\/"]}]},{"@type":"ImageObject","inLanguage":"fr-FR","@id":"https:\/\/www.bellunopress.it\/2019\/10\/14\/carenza-di-medici-successo-del-primo-bando-veneto-con-224-domande\/#primaryimage","url":"http:\/\/www.bellunopress.it\/wp-content\/uploads\/2019\/08\/Luca-Zaia.jpg","contentUrl":"http:\/\/www.bellunopress.it\/wp-content\/uploads\/2019\/08\/Luca-Zaia.jpg"},{"@type":"BreadcrumbList","@id":"https:\/\/www.bellunopress.it\/2019\/10\/14\/carenza-di-medici-successo-del-primo-bando-veneto-con-224-domande\/#breadcrumb","itemListElement":[{"@type":"ListItem","position":1,"name":"Home","item":"https:\/\/www.bellunopress.it\/"},{"@type":"ListItem","position":2,"name":"Carenza di medici. Successo del primo bando veneto con 224 domande"}]},{"@type":"WebSite","@id":"https:\/\/www.bellunopress.it\/#website","url":"https:\/\/www.bellunopress.it\/","name":"Bellunopress - Dolomiti","description":"e-mail: redazione@bellunopress.it","publisher":{"@id":"https:\/\/www.bellunopress.it\/#organization"},"potentialAction":[{"@type":"SearchAction","target":{"@type":"EntryPoint","urlTemplate":"https:\/\/www.bellunopress.it\/?s={search_term_string}"},"query-input":{"@type":"PropertyValueSpecification","valueRequired":true,"valueName":"search_term_string"}}],"inLanguage":"fr-FR"},{"@type":"Organization","@id":"https:\/\/www.bellunopress.it\/#organization","name":"Bellunopress","url":"https:\/\/www.bellunopress.it\/","logo":{"@type":"ImageObject","inLanguage":"fr-FR","@id":"https:\/\/www.bellunopress.it\/#\/schema\/logo\/image\/","url":"https:\/\/www.bellunopress.it\/wp-content\/uploads\/2011\/05\/cropped-logo-bellunopress-.jpg","contentUrl":"https:\/\/www.bellunopress.it\/wp-content\/uploads\/2011\/05\/cropped-logo-bellunopress-.jpg","width":512,"height":512,"caption":"Bellunopress"},"image":{"@id":"https:\/\/www.bellunopress.it\/#\/schema\/logo\/image\/"},"sameAs":["https:\/\/www.facebook.com\/profile.php?id=100008943462799","https:\/\/x.com\/bellunopress","https:\/\/www.linkedin.com\/hp\/?dnr=JBzUWaJfMUw8vbXJJ2tVW5-I3jZKvC4wsoxE&amp;amp;amp;amp;amp;amp;trk=nav_responsive_tab_home","https:\/\/www.youtube.com\/channel\/UCxL0wu1uN0_3_7hGG0306cw"]},{"@type":"Person","@id":"https:\/\/www.bellunopress.it\/#\/schema\/person\/79bb06722b37ece1c03d3e94beb30d73","name":"r\u00e9daction","image":{"@type":"ImageObject","inLanguage":"fr-FR","@id":"https:\/\/secure.gravatar.com\/avatar\/37d968a2e67a6fd04c169c4bdef102d0bc5d31b2546345219e348575eb80e9a0?s=96&d=mm&r=g","url":"https:\/\/secure.gravatar.com\/avatar\/37d968a2e67a6fd04c169c4bdef102d0bc5d31b2546345219e348575eb80e9a0?s=96&d=mm&r=g","contentUrl":"https:\/\/secure.gravatar.com\/avatar\/37d968a2e67a6fd04c169c4bdef102d0bc5d31b2546345219e348575eb80e9a0?s=96&d=mm&r=g","caption":"redazione"},"sameAs":["http:\/\/www.bellunopress.it","https:\/\/x.com\/bellunopress"],"url":"https:\/\/www.bellunopress.it\/fr\/author\/redazione\/"}]}},"_links":{"self":[{"href":"https:\/\/www.bellunopress.it\/fr\/wp-json\/wp\/v2\/posts\/108731","targetHints":{"allow":["GET"]}}],"collection":[{"href":"https:\/\/www.bellunopress.it\/fr\/wp-json\/wp\/v2\/posts"}],"about":[{"href":"https:\/\/www.bellunopress.it\/fr\/wp-json\/wp\/v2\/types\/post"}],"author":[{"embeddable":true,"href":"https:\/\/www.bellunopress.it\/fr\/wp-json\/wp\/v2\/users\/2"}],"replies":[{"embeddable":true,"href":"https:\/\/www.bellunopress.it\/fr\/wp-json\/wp\/v2\/comments?post=108731"}],"version-history":[{"count":1,"href":"https:\/\/www.bellunopress.it\/fr\/wp-json\/wp\/v2\/posts\/108731\/revisions"}],"predecessor-version":[{"id":108732,"href":"https:\/\/www.bellunopress.it\/fr\/wp-json\/wp\/v2\/posts\/108731\/revisions\/108732"}],"wp:attachment":[{"href":"https:\/\/www.bellunopress.it\/fr\/wp-json\/wp\/v2\/media?parent=108731"}],"wp:term":[{"taxonomy":"category","embeddable":true,"href":"https:\/\/www.bellunopress.it\/fr\/wp-json\/wp\/v2\/categories?post=108731"},{"taxonomy":"post_tag","embeddable":true,"href":"https:\/\/www.bellunopress.it\/fr\/wp-json\/wp\/v2\/tags?post=108731"}],"curies":[{"name":"wp","href":"https:\/\/api.w.org\/{rel}","templated":true}]}}