{"id":10873,"date":"2009-12-21T12:46:24","date_gmt":"2009-12-21T11:46:24","guid":{"rendered":"http:\/\/www.bellunopress.it\/?p=10873"},"modified":"2009-12-21T12:46:24","modified_gmt":"2009-12-21T11:46:24","slug":"il-parco-nazionale-dolomiti-bellunesi-pubblica-il-bando-per-la-gestione-della-val-del-mis","status":"publish","type":"post","link":"https:\/\/www.bellunopress.it\/fr\/2009\/12\/21\/il-parco-nazionale-dolomiti-bellunesi-pubblica-il-bando-per-la-gestione-della-val-del-mis\/","title":{"rendered":"Il Parco Nazionale Dolomiti Bellunesi pubblica il bando per la gestione della Val del Mis"},"content":{"rendered":"<p>Il vincitore gestir\u00e0 l\u2019area pic nic, il punto ristoro di Pian Falcina, il giardino botanico Campanula morettiana e l\u2019area dei Cadini del Brenton Il Parco Nazionale Dolomiti Bellunesi ha pubblicato il bando per concedere in gestione le strutture presenti in Val del Mis, nelle due aree di Pian Falcina e del Brenton.<br \/>\nLa zona di Pian Falcina ospita un\u2019area ristoro\/attivit\u00e0 didattiche, un parcheggio, un\u2019area pic-nic, un\u2019area sosta camper (che pu\u00f2 ospitare fino a 12 camper ed \u00e8 affiancata da piazzole per le tende), un\u2019area giochi, servizi igienici e un\u2019area per attivit\u00e0 culturali all\u2019aperto, costituita da un piccolo anfiteatro coperto da una tensostruttura.<br \/>\nEntro il 2010 l\u2019Ente Parco realizzer\u00e0, accanto all\u2019area camper, tre bungalow per un totale di 24 posti letto.<br \/>\nIn Val Brenton si trovano invece il giardino botanico \u201cCampanula morettiana\u201d (che, inaugurato nel luglio 2008, ha registrato l\u2019estate scorsa oltre 15.600 visitatori), tavoli per pic nic, servizi igienici e un\u2019aula didattica.<br \/>\nLa durata della concessione \u00e8 fissata in cinque anni a decorrere dalla data di sottoscrizione del contratto e potr\u00e0 essere prorogata per un ulteriore anno.<br \/>\nLe offerte vanno inviate a mezzo posta, entro le ore 12.00 del 18 febbraio 2010, a:<br \/>\nParco Nazionale Dolomiti Bellunesi<br \/>\nPiazzale Zancanaro, 1<br \/>\n32032 Feltre BL<br \/>\nI moduli per presentare le offerte, il testo completo del bando di gara e il relativo disciplinare sono scaricabili dal sito internet del Parco www.dolomitipark.it<\/p>","protected":false},"excerpt":{"rendered":"<p>Il vincitore gestir\u00e0 l\u2019area pic nic, il punto ristoro di Pian Falcina, il giardino botanico Campanula morettiana e l\u2019area dei Cadini del Brenton Il Parco Nazionale Dolomiti Bellunesi ha pubblicato il bando per concedere in gestione le strutture presenti in Val del Mis, nelle due aree di Pian Falcina e del Brenton. La zona di [&hellip;]<\/p>\n","protected":false},"author":2,"featured_media":0,"comment_status":"closed","ping_status":"open","sticky":false,"template":"","format":"standard","meta":{"footnotes":""},"categories":[5,36,38,26],"tags":[63,302],"class_list":["post-10873","post","type-post","status-publish","format-standard","category-cronaca","category-lavoro-economia","category-natura-ambiente","category-prima-pagina","tag-dolomiti","tag-feltre"],"yoast_head":"<!-- This site is optimized with the Yoast SEO plugin v28.4 - https:\/\/yoast.com\/product\/yoast-seo-wordpress\/ -->\n<title>Il Parco Nazionale Dolomiti Bellunesi pubblica il bando per la gestione della Val del Mis - Bellunopress - Dolomiti<\/title>\n<meta name=\"robots\" content=\"index, follow, max-snippet:-1, max-image-preview:large, max-video-preview:-1\" \/>\n<link rel=\"canonical\" href=\"https:\/\/www.bellunopress.it\/fr\/2009\/12\/21\/il-parco-nazionale-dolomiti-bellunesi-pubblica-il-bando-per-la-gestione-della-val-del-mis\/\" \/>\n<meta property=\"og:locale\" content=\"fr_FR\" \/>\n<meta property=\"og:type\" content=\"article\" \/>\n<meta property=\"og:title\" content=\"Il Parco Nazionale Dolomiti Bellunesi pubblica il bando per la gestione della Val del Mis - Bellunopress - Dolomiti\" \/>\n<meta property=\"og:description\" content=\"Il vincitore gestir\u00e0 l\u2019area pic nic, il punto ristoro di Pian Falcina, il giardino botanico Campanula morettiana e l\u2019area dei Cadini del Brenton Il Parco Nazionale Dolomiti Bellunesi ha pubblicato il bando per concedere in gestione le strutture presenti in Val del Mis, nelle due aree di Pian Falcina e del Brenton. La zona di [&hellip;]\" \/>\n<meta property=\"og:url\" content=\"https:\/\/www.bellunopress.it\/fr\/2009\/12\/21\/il-parco-nazionale-dolomiti-bellunesi-pubblica-il-bando-per-la-gestione-della-val-del-mis\/\" \/>\n<meta property=\"og:site_name\" content=\"Bellunopress - Dolomiti\" \/>\n<meta property=\"article:publisher\" content=\"https:\/\/www.facebook.com\/profile.php?id=100008943462799\" \/>\n<meta property=\"article:published_time\" content=\"2009-12-21T11:46:24+00:00\" \/>\n<meta property=\"og:image\" content=\"http:\/\/www.bellunopress.it\/wp-content\/uploads\/2012\/07\/logo-bellunopress-250x250-2012.jpg\" \/>\n<meta name=\"author\" content=\"redazione\" \/>\n<meta name=\"twitter:card\" content=\"summary_large_image\" \/>\n<meta name=\"twitter:creator\" content=\"@bellunopress\" \/>\n<meta name=\"twitter:site\" content=\"@bellunopress\" \/>\n<meta name=\"twitter:label1\" content=\"\u00c9crit par\" \/>\n\t<meta name=\"twitter:data1\" content=\"redazione\" \/>\n\t<meta name=\"twitter:label2\" content=\"Dur\u00e9e de lecture estim\u00e9e\" \/>\n\t<meta name=\"twitter:data2\" content=\"1 minute\" \/>\n<script type=\"application\/ld+json\" class=\"yoast-schema-graph\">{\"@context\":\"https:\\\/\\\/schema.org\",\"@graph\":[{\"@type\":\"Article\",\"@id\":\"https:\\\/\\\/www.bellunopress.it\\\/2009\\\/12\\\/21\\\/il-parco-nazionale-dolomiti-bellunesi-pubblica-il-bando-per-la-gestione-della-val-del-mis\\\/#article\",\"isPartOf\":{\"@id\":\"https:\\\/\\\/www.bellunopress.it\\\/2009\\\/12\\\/21\\\/il-parco-nazionale-dolomiti-bellunesi-pubblica-il-bando-per-la-gestione-della-val-del-mis\\\/\"},\"author\":{\"name\":\"redazione\",\"@id\":\"https:\\\/\\\/www.bellunopress.it\\\/#\\\/schema\\\/person\\\/79bb06722b37ece1c03d3e94beb30d73\"},\"headline\":\"Il Parco Nazionale Dolomiti Bellunesi pubblica il bando per la gestione della Val del Mis\",\"datePublished\":\"2009-12-21T11:46:24+00:00\",\"mainEntityOfPage\":{\"@id\":\"https:\\\/\\\/www.bellunopress.it\\\/2009\\\/12\\\/21\\\/il-parco-nazionale-dolomiti-bellunesi-pubblica-il-bando-per-la-gestione-della-val-del-mis\\\/\"},\"wordCount\":246,\"publisher\":{\"@id\":\"https:\\\/\\\/www.bellunopress.it\\\/#organization\"},\"keywords\":[\"Dolomiti\",\"Feltre\"],\"articleSection\":[\"Cronaca\\\/Politica\",\"Lavoro, Economia, Turismo\",\"Meteo, natura, ambiente, animali\",\"Prima Pagina\"],\"inLanguage\":\"fr-FR\"},{\"@type\":\"WebPage\",\"@id\":\"https:\\\/\\\/www.bellunopress.it\\\/2009\\\/12\\\/21\\\/il-parco-nazionale-dolomiti-bellunesi-pubblica-il-bando-per-la-gestione-della-val-del-mis\\\/\",\"url\":\"https:\\\/\\\/www.bellunopress.it\\\/2009\\\/12\\\/21\\\/il-parco-nazionale-dolomiti-bellunesi-pubblica-il-bando-per-la-gestione-della-val-del-mis\\\/\",\"name\":\"Il Parco Nazionale Dolomiti Bellunesi pubblica il bando per la gestione della Val del Mis - Bellunopress - Dolomiti\",\"isPartOf\":{\"@id\":\"https:\\\/\\\/www.bellunopress.it\\\/#website\"},\"datePublished\":\"2009-12-21T11:46:24+00:00\",\"breadcrumb\":{\"@id\":\"https:\\\/\\\/www.bellunopress.it\\\/2009\\\/12\\\/21\\\/il-parco-nazionale-dolomiti-bellunesi-pubblica-il-bando-per-la-gestione-della-val-del-mis\\\/#breadcrumb\"},\"inLanguage\":\"fr-FR\",\"potentialAction\":[{\"@type\":\"ReadAction\",\"target\":[\"https:\\\/\\\/www.bellunopress.it\\\/2009\\\/12\\\/21\\\/il-parco-nazionale-dolomiti-bellunesi-pubblica-il-bando-per-la-gestione-della-val-del-mis\\\/\"]}]},{\"@type\":\"BreadcrumbList\",\"@id\":\"https:\\\/\\\/www.bellunopress.it\\\/2009\\\/12\\\/21\\\/il-parco-nazionale-dolomiti-bellunesi-pubblica-il-bando-per-la-gestione-della-val-del-mis\\\/#breadcrumb\",\"itemListElement\":[{\"@type\":\"ListItem\",\"position\":1,\"name\":\"Home\",\"item\":\"https:\\\/\\\/www.bellunopress.it\\\/\"},{\"@type\":\"ListItem\",\"position\":2,\"name\":\"Il Parco Nazionale Dolomiti Bellunesi pubblica il bando per la gestione della Val del Mis\"}]},{\"@type\":\"WebSite\",\"@id\":\"https:\\\/\\\/www.bellunopress.it\\\/#website\",\"url\":\"https:\\\/\\\/www.bellunopress.it\\\/\",\"name\":\"Bellunopress - Dolomiti\",\"description\":\"e-mail: redazione@bellunopress.it\",\"publisher\":{\"@id\":\"https:\\\/\\\/www.bellunopress.it\\\/#organization\"},\"potentialAction\":[{\"@type\":\"SearchAction\",\"target\":{\"@type\":\"EntryPoint\",\"urlTemplate\":\"https:\\\/\\\/www.bellunopress.it\\\/?s={search_term_string}\"},\"query-input\":{\"@type\":\"PropertyValueSpecification\",\"valueRequired\":true,\"valueName\":\"search_term_string\"}}],\"inLanguage\":\"fr-FR\"},{\"@type\":\"Organization\",\"@id\":\"https:\\\/\\\/www.bellunopress.it\\\/#organization\",\"name\":\"Bellunopress\",\"url\":\"https:\\\/\\\/www.bellunopress.it\\\/\",\"logo\":{\"@type\":\"ImageObject\",\"inLanguage\":\"fr-FR\",\"@id\":\"https:\\\/\\\/www.bellunopress.it\\\/#\\\/schema\\\/logo\\\/image\\\/\",\"url\":\"https:\\\/\\\/www.bellunopress.it\\\/wp-content\\\/uploads\\\/2011\\\/05\\\/cropped-logo-bellunopress-.jpg\",\"contentUrl\":\"https:\\\/\\\/www.bellunopress.it\\\/wp-content\\\/uploads\\\/2011\\\/05\\\/cropped-logo-bellunopress-.jpg\",\"width\":512,\"height\":512,\"caption\":\"Bellunopress\"},\"image\":{\"@id\":\"https:\\\/\\\/www.bellunopress.it\\\/#\\\/schema\\\/logo\\\/image\\\/\"},\"sameAs\":[\"https:\\\/\\\/www.facebook.com\\\/profile.php?id=100008943462799\",\"https:\\\/\\\/x.com\\\/bellunopress\",\"https:\\\/\\\/www.linkedin.com\\\/hp\\\/?dnr=JBzUWaJfMUw8vbXJJ2tVW5-I3jZKvC4wsoxE&amp;amp;amp;amp;amp;amp;trk=nav_responsive_tab_home\",\"https:\\\/\\\/www.youtube.com\\\/channel\\\/UCxL0wu1uN0_3_7hGG0306cw\"]},{\"@type\":\"Person\",\"@id\":\"https:\\\/\\\/www.bellunopress.it\\\/#\\\/schema\\\/person\\\/79bb06722b37ece1c03d3e94beb30d73\",\"name\":\"redazione\",\"image\":{\"@type\":\"ImageObject\",\"inLanguage\":\"fr-FR\",\"@id\":\"https:\\\/\\\/secure.gravatar.com\\\/avatar\\\/37d968a2e67a6fd04c169c4bdef102d0bc5d31b2546345219e348575eb80e9a0?s=96&d=mm&r=g\",\"url\":\"https:\\\/\\\/secure.gravatar.com\\\/avatar\\\/37d968a2e67a6fd04c169c4bdef102d0bc5d31b2546345219e348575eb80e9a0?s=96&d=mm&r=g\",\"contentUrl\":\"https:\\\/\\\/secure.gravatar.com\\\/avatar\\\/37d968a2e67a6fd04c169c4bdef102d0bc5d31b2546345219e348575eb80e9a0?s=96&d=mm&r=g\",\"caption\":\"redazione\"},\"sameAs\":[\"http:\\\/\\\/www.bellunopress.it\",\"https:\\\/\\\/x.com\\\/bellunopress\"],\"url\":\"https:\\\/\\\/www.bellunopress.it\\\/fr\\\/author\\\/redazione\\\/\"}]}<\/script>\n<!-- \/ Yoast SEO plugin. -->","yoast_head_json":{"title":"Il Parco Nazionale Dolomiti Bellunesi pubblica il bando per la gestione della Val del Mis - Bellunopress - Dolomiti","robots":{"index":"index","follow":"follow","max-snippet":"max-snippet:-1","max-image-preview":"max-image-preview:large","max-video-preview":"max-video-preview:-1"},"canonical":"https:\/\/www.bellunopress.it\/fr\/2009\/12\/21\/il-parco-nazionale-dolomiti-bellunesi-pubblica-il-bando-per-la-gestione-della-val-del-mis\/","og_locale":"fr_FR","og_type":"article","og_title":"Il Parco Nazionale Dolomiti Bellunesi pubblica il bando per la gestione della Val del Mis - Bellunopress - Dolomiti","og_description":"Il vincitore gestir\u00e0 l\u2019area pic nic, il punto ristoro di Pian Falcina, il giardino botanico Campanula morettiana e l\u2019area dei Cadini del Brenton Il Parco Nazionale Dolomiti Bellunesi ha pubblicato il bando per concedere in gestione le strutture presenti in Val del Mis, nelle due aree di Pian Falcina e del Brenton. La zona di [&hellip;]","og_url":"https:\/\/www.bellunopress.it\/fr\/2009\/12\/21\/il-parco-nazionale-dolomiti-bellunesi-pubblica-il-bando-per-la-gestione-della-val-del-mis\/","og_site_name":"Bellunopress - Dolomiti","article_publisher":"https:\/\/www.facebook.com\/profile.php?id=100008943462799","article_published_time":"2009-12-21T11:46:24+00:00","og_image":[{"url":"http:\/\/www.bellunopress.it\/wp-content\/uploads\/2012\/07\/logo-bellunopress-250x250-2012.jpg","type":"","width":"","height":""}],"author":"redazione","twitter_card":"summary_large_image","twitter_creator":"@bellunopress","twitter_site":"@bellunopress","twitter_misc":{"\u00c9crit par":"redazione","Dur\u00e9e de lecture estim\u00e9e":"1 minute"},"schema":{"@context":"https:\/\/schema.org","@graph":[{"@type":"Article","@id":"https:\/\/www.bellunopress.it\/2009\/12\/21\/il-parco-nazionale-dolomiti-bellunesi-pubblica-il-bando-per-la-gestione-della-val-del-mis\/#article","isPartOf":{"@id":"https:\/\/www.bellunopress.it\/2009\/12\/21\/il-parco-nazionale-dolomiti-bellunesi-pubblica-il-bando-per-la-gestione-della-val-del-mis\/"},"author":{"name":"redazione","@id":"https:\/\/www.bellunopress.it\/#\/schema\/person\/79bb06722b37ece1c03d3e94beb30d73"},"headline":"Il Parco Nazionale Dolomiti Bellunesi pubblica il bando per la gestione della Val del Mis","datePublished":"2009-12-21T11:46:24+00:00","mainEntityOfPage":{"@id":"https:\/\/www.bellunopress.it\/2009\/12\/21\/il-parco-nazionale-dolomiti-bellunesi-pubblica-il-bando-per-la-gestione-della-val-del-mis\/"},"wordCount":246,"publisher":{"@id":"https:\/\/www.bellunopress.it\/#organization"},"keywords":["Dolomiti","Feltre"],"articleSection":["Cronaca\/Politica","Lavoro, Economia, Turismo","Meteo, natura, ambiente, animali","Prima Pagina"],"inLanguage":"fr-FR"},{"@type":"WebPage","@id":"https:\/\/www.bellunopress.it\/2009\/12\/21\/il-parco-nazionale-dolomiti-bellunesi-pubblica-il-bando-per-la-gestione-della-val-del-mis\/","url":"https:\/\/www.bellunopress.it\/2009\/12\/21\/il-parco-nazionale-dolomiti-bellunesi-pubblica-il-bando-per-la-gestione-della-val-del-mis\/","name":"Il Parco Nazionale Dolomiti Bellunesi pubblica il bando per la gestione della Val del Mis - Bellunopress - Dolomiti","isPartOf":{"@id":"https:\/\/www.bellunopress.it\/#website"},"datePublished":"2009-12-21T11:46:24+00:00","breadcrumb":{"@id":"https:\/\/www.bellunopress.it\/2009\/12\/21\/il-parco-nazionale-dolomiti-bellunesi-pubblica-il-bando-per-la-gestione-della-val-del-mis\/#breadcrumb"},"inLanguage":"fr-FR","potentialAction":[{"@type":"ReadAction","target":["https:\/\/www.bellunopress.it\/2009\/12\/21\/il-parco-nazionale-dolomiti-bellunesi-pubblica-il-bando-per-la-gestione-della-val-del-mis\/"]}]},{"@type":"BreadcrumbList","@id":"https:\/\/www.bellunopress.it\/2009\/12\/21\/il-parco-nazionale-dolomiti-bellunesi-pubblica-il-bando-per-la-gestione-della-val-del-mis\/#breadcrumb","itemListElement":[{"@type":"ListItem","position":1,"name":"Home","item":"https:\/\/www.bellunopress.it\/"},{"@type":"ListItem","position":2,"name":"Il Parco Nazionale Dolomiti Bellunesi pubblica il bando per la gestione della Val del Mis"}]},{"@type":"WebSite","@id":"https:\/\/www.bellunopress.it\/#website","url":"https:\/\/www.bellunopress.it\/","name":"Bellunopress - Dolomiti","description":"e-mail: redazione@bellunopress.it","publisher":{"@id":"https:\/\/www.bellunopress.it\/#organization"},"potentialAction":[{"@type":"SearchAction","target":{"@type":"EntryPoint","urlTemplate":"https:\/\/www.bellunopress.it\/?s={search_term_string}"},"query-input":{"@type":"PropertyValueSpecification","valueRequired":true,"valueName":"search_term_string"}}],"inLanguage":"fr-FR"},{"@type":"Organization","@id":"https:\/\/www.bellunopress.it\/#organization","name":"Bellunopress","url":"https:\/\/www.bellunopress.it\/","logo":{"@type":"ImageObject","inLanguage":"fr-FR","@id":"https:\/\/www.bellunopress.it\/#\/schema\/logo\/image\/","url":"https:\/\/www.bellunopress.it\/wp-content\/uploads\/2011\/05\/cropped-logo-bellunopress-.jpg","contentUrl":"https:\/\/www.bellunopress.it\/wp-content\/uploads\/2011\/05\/cropped-logo-bellunopress-.jpg","width":512,"height":512,"caption":"Bellunopress"},"image":{"@id":"https:\/\/www.bellunopress.it\/#\/schema\/logo\/image\/"},"sameAs":["https:\/\/www.facebook.com\/profile.php?id=100008943462799","https:\/\/x.com\/bellunopress","https:\/\/www.linkedin.com\/hp\/?dnr=JBzUWaJfMUw8vbXJJ2tVW5-I3jZKvC4wsoxE&amp;amp;amp;amp;amp;amp;trk=nav_responsive_tab_home","https:\/\/www.youtube.com\/channel\/UCxL0wu1uN0_3_7hGG0306cw"]},{"@type":"Person","@id":"https:\/\/www.bellunopress.it\/#\/schema\/person\/79bb06722b37ece1c03d3e94beb30d73","name":"r\u00e9daction","image":{"@type":"ImageObject","inLanguage":"fr-FR","@id":"https:\/\/secure.gravatar.com\/avatar\/37d968a2e67a6fd04c169c4bdef102d0bc5d31b2546345219e348575eb80e9a0?s=96&d=mm&r=g","url":"https:\/\/secure.gravatar.com\/avatar\/37d968a2e67a6fd04c169c4bdef102d0bc5d31b2546345219e348575eb80e9a0?s=96&d=mm&r=g","contentUrl":"https:\/\/secure.gravatar.com\/avatar\/37d968a2e67a6fd04c169c4bdef102d0bc5d31b2546345219e348575eb80e9a0?s=96&d=mm&r=g","caption":"redazione"},"sameAs":["http:\/\/www.bellunopress.it","https:\/\/x.com\/bellunopress"],"url":"https:\/\/www.bellunopress.it\/fr\/author\/redazione\/"}]}},"_links":{"self":[{"href":"https:\/\/www.bellunopress.it\/fr\/wp-json\/wp\/v2\/posts\/10873","targetHints":{"allow":["GET"]}}],"collection":[{"href":"https:\/\/www.bellunopress.it\/fr\/wp-json\/wp\/v2\/posts"}],"about":[{"href":"https:\/\/www.bellunopress.it\/fr\/wp-json\/wp\/v2\/types\/post"}],"author":[{"embeddable":true,"href":"https:\/\/www.bellunopress.it\/fr\/wp-json\/wp\/v2\/users\/2"}],"replies":[{"embeddable":true,"href":"https:\/\/www.bellunopress.it\/fr\/wp-json\/wp\/v2\/comments?post=10873"}],"version-history":[{"count":1,"href":"https:\/\/www.bellunopress.it\/fr\/wp-json\/wp\/v2\/posts\/10873\/revisions"}],"predecessor-version":[{"id":10874,"href":"https:\/\/www.bellunopress.it\/fr\/wp-json\/wp\/v2\/posts\/10873\/revisions\/10874"}],"wp:attachment":[{"href":"https:\/\/www.bellunopress.it\/fr\/wp-json\/wp\/v2\/media?parent=10873"}],"wp:term":[{"taxonomy":"category","embeddable":true,"href":"https:\/\/www.bellunopress.it\/fr\/wp-json\/wp\/v2\/categories?post=10873"},{"taxonomy":"post_tag","embeddable":true,"href":"https:\/\/www.bellunopress.it\/fr\/wp-json\/wp\/v2\/tags?post=10873"}],"curies":[{"name":"wp","href":"https:\/\/api.w.org\/{rel}","templated":true}]}}