{"id":108729,"date":"2019-10-14T17:18:08","date_gmt":"2019-10-14T15:18:08","guid":{"rendered":"http:\/\/www.bellunopress.it\/?p=108729"},"modified":"2019-10-14T17:18:08","modified_gmt":"2019-10-14T15:18:08","slug":"expo-misteri-domenica-a-maras-di-sospirolo","status":"publish","type":"post","link":"https:\/\/www.bellunopress.it\/fr\/2019\/10\/14\/expo-misteri-domenica-a-maras-di-sospirolo\/","title":{"rendered":"Expo misteri, domenica a Maras di Sospirolo"},"content":{"rendered":"<p>Grande attesa per &#8220;Expo Misteri&#8221; a Maras di Sospirolo. Domenica 20 ottobre dalle 10 alle 17 si svolge la giornata tutta dedicata all&#8217;expo di artigianato artistico e tradizionale e a spettacoli, giochi, mostre, laboratori, piatti tipici. L&#8217;ormai tradizionale appuntamento \u00e8 parte di &#8220;Spettacoli di Mistero&#8221; di Unpli regionale e Regione Veneto.<\/p>\n<p><a href=\"http:\/\/www.bellunopress.it\/fr\/2015\/10\/26\/tutto-esaurito-allexpo-dei-misteri-a-maras-di-sospirolo\/expo-maras-di-sospirolo-da-ada\/\" rel=\"attachment wp-att-72720\"><img loading=\"lazy\" decoding=\"async\" class=\"alignleft size-full wp-image-72720\" src=\"http:\/\/www.bellunopress.it\/wp-content\/uploads\/2015\/10\/expo-maras-di-sospirolo-da-ada.jpg\" alt=\"\" width=\"300\" height=\"201\" \/><\/a>Quest&#8217;anno il tema \u00e8 legato alle tradizioni, cio\u00e8 ai giochi d&#8217;un tempo, quelli pi\u00f9 strani, quelli pi\u00f9 misteriosi \u2013 ormai sconosciuti agli occhi dei bambini d&#8217;oggi \u2013 alla trama di esperienze, ricordi e storie che si nascondono nelle loro manifestazioni e nei loro valori sociali e umani. Sar\u00e0 protagonista il colorato mondo dei giocattoli, come oggetti ma anche come giochi nella loro essenza di condivisione e personificazione di ruoli.<\/p>\n<p>Denso il programma: dalle 10 fino a sera Mostra mercato per le vie e i cortili del paese, alle 10,30 caccia al dettaglio &#8220;Visita i cortili&#8230; aguzza la vista&#8221; con iscrizioni sul posto. Durante tutta la giornata &#8220;panoie e segala&#8221; con l&#8217;antica trebbia e al ventolon, raduno &#8220;de machine da segar&#8221;. Alle 11 spettacolo dei fratelli Al, alle 12 all&#8217;osteria della Ada polenta e scioss, canederli e altri piatti della tradizione mentre, al punto &#8220;ristoro sud&#8221; minestrone dei frati, formaggio alla piastra e altri piatti. Alla stessa ora e alle 15,30 Gruppo folk dei bati orz da San Tomas con canti popolari, alle 14 e alle 16 &#8220;i dughi de na olta&#8221;, letture animate per bambini; alle 14 e alle 16 canti della tradizione con &#8220;Le voci dai Cortivi&#8221;; per le vie del paese nel pomeriggio la Strega Fl\u00f2 mangiafuoco. Durante la giornata i giri in calesse e, alla bottega de Romeo, &#8220;Oltre le creste&#8221; rassegna cinema di montagna; aperta anche, nelle pertinenze della vicina Villa Zasso, &#8220;Dalle montagne al mare&#8221;, scatti di Mauro Bianchet (ore 17 inaugurazione, poi aperta domenica 20 ore 10-17, sabato 26 e domenica 27 ore 16-19) . Gran finale in festa presso l&#8217;osteria della Ada alle 17. Molte le mostre in corso: esposizione agricola e degustazione panoiot, laboratorio per bambini di decorazione zucche, arredi e oggetti sacri nella chiesetta, caprette al pascolo, &#8220;La caza salvarega&#8221; con la Riserva comunale di caccia e l&#8217;associazione Pesca sportiva Val Mis, l&#8217;angolo della Biblioteca civica, moto d&#8217;epoca in vetrina, mostra di pittura.<\/p>\n<p>L&#8217;evento \u00e8 realizzato da associazione San Bartolomeo Maras e Pro loco Monti del Sole in collaborazione con Comune di Sospirolo, Biblioteca civica e suoi volontari, L&#8217;Arcobaleno di Dal Pont, Centro studi della montagna sospirolese, Anc Santa Giustina, Club del calierin, Silvano &amp; Aldo, azienda agricola Pilotti Christian, associzione In Viaggio con i Potoli. Per info proloco@sospirolo.net, 320 334 2082. In caso di maltempo rinvio a domenica 27 ottobre.<\/p>","protected":false},"excerpt":{"rendered":"<p>Grande attesa per &#8220;Expo Misteri&#8221; a Maras di Sospirolo. Domenica 20 ottobre dalle 10 alle 17 si svolge la giornata tutta dedicata all&#8217;expo di artigianato artistico e tradizionale e a spettacoli, giochi, mostre, laboratori, piatti tipici. L&#8217;ormai tradizionale appuntamento \u00e8 parte di &#8220;Spettacoli di Mistero&#8221; di Unpli regionale e Regione Veneto. Quest&#8217;anno il tema \u00e8 [&hellip;]<\/p>\n","protected":false},"author":2,"featured_media":0,"comment_status":"closed","ping_status":"open","sticky":false,"template":"","format":"standard","meta":{"footnotes":""},"categories":[27,3,25,8],"tags":[],"class_list":["post-108729","post","type-post","status-publish","format-standard","category-appuntamenti","category-arte-cultura-spettacoli-scienza-archivi","category-pausa-caffe","category-societa-istituzioni"],"yoast_head":"<!-- This site is optimized with the Yoast SEO plugin v28.4 - https:\/\/yoast.com\/product\/yoast-seo-wordpress\/ -->\n<title>Expo misteri, domenica a Maras di Sospirolo - Bellunopress - Dolomiti<\/title>\n<meta name=\"robots\" content=\"index, follow, max-snippet:-1, max-image-preview:large, max-video-preview:-1\" \/>\n<link rel=\"canonical\" href=\"https:\/\/www.bellunopress.it\/fr\/2019\/10\/14\/expo-misteri-domenica-a-maras-di-sospirolo\/\" \/>\n<meta property=\"og:locale\" content=\"fr_FR\" \/>\n<meta property=\"og:type\" content=\"article\" \/>\n<meta property=\"og:title\" content=\"Expo misteri, domenica a Maras di Sospirolo - Bellunopress - Dolomiti\" \/>\n<meta property=\"og:description\" content=\"Grande attesa per &#8220;Expo Misteri&#8221; a Maras di Sospirolo. Domenica 20 ottobre dalle 10 alle 17 si svolge la giornata tutta dedicata all&#8217;expo di artigianato artistico e tradizionale e a spettacoli, giochi, mostre, laboratori, piatti tipici. L&#8217;ormai tradizionale appuntamento \u00e8 parte di &#8220;Spettacoli di Mistero&#8221; di Unpli regionale e Regione Veneto. Quest&#8217;anno il tema \u00e8 [&hellip;]\" \/>\n<meta property=\"og:url\" content=\"https:\/\/www.bellunopress.it\/fr\/2019\/10\/14\/expo-misteri-domenica-a-maras-di-sospirolo\/\" \/>\n<meta property=\"og:site_name\" content=\"Bellunopress - Dolomiti\" \/>\n<meta property=\"article:publisher\" content=\"https:\/\/www.facebook.com\/profile.php?id=100008943462799\" \/>\n<meta property=\"article:published_time\" content=\"2019-10-14T15:18:08+00:00\" \/>\n<meta property=\"og:image\" content=\"http:\/\/www.bellunopress.it\/wp-content\/uploads\/2015\/10\/expo-maras-di-sospirolo-da-ada.jpg\" \/>\n<meta name=\"author\" content=\"redazione\" \/>\n<meta name=\"twitter:card\" content=\"summary_large_image\" \/>\n<meta name=\"twitter:creator\" content=\"@bellunopress\" \/>\n<meta name=\"twitter:site\" content=\"@bellunopress\" \/>\n<meta name=\"twitter:label1\" content=\"\u00c9crit par\" \/>\n\t<meta name=\"twitter:data1\" content=\"redazione\" \/>\n\t<meta name=\"twitter:label2\" content=\"Dur\u00e9e de lecture estim\u00e9e\" \/>\n\t<meta name=\"twitter:data2\" content=\"2 minutes\" \/>\n<script type=\"application\/ld+json\" class=\"yoast-schema-graph\">{\"@context\":\"https:\\\/\\\/schema.org\",\"@graph\":[{\"@type\":\"Article\",\"@id\":\"https:\\\/\\\/www.bellunopress.it\\\/2019\\\/10\\\/14\\\/expo-misteri-domenica-a-maras-di-sospirolo\\\/#article\",\"isPartOf\":{\"@id\":\"https:\\\/\\\/www.bellunopress.it\\\/2019\\\/10\\\/14\\\/expo-misteri-domenica-a-maras-di-sospirolo\\\/\"},\"author\":{\"name\":\"redazione\",\"@id\":\"https:\\\/\\\/www.bellunopress.it\\\/#\\\/schema\\\/person\\\/79bb06722b37ece1c03d3e94beb30d73\"},\"headline\":\"Expo misteri, domenica a Maras di Sospirolo\",\"datePublished\":\"2019-10-14T15:18:08+00:00\",\"mainEntityOfPage\":{\"@id\":\"https:\\\/\\\/www.bellunopress.it\\\/2019\\\/10\\\/14\\\/expo-misteri-domenica-a-maras-di-sospirolo\\\/\"},\"wordCount\":436,\"publisher\":{\"@id\":\"https:\\\/\\\/www.bellunopress.it\\\/#organization\"},\"image\":{\"@id\":\"https:\\\/\\\/www.bellunopress.it\\\/2019\\\/10\\\/14\\\/expo-misteri-domenica-a-maras-di-sospirolo\\\/#primaryimage\"},\"thumbnailUrl\":\"http:\\\/\\\/www.bellunopress.it\\\/wp-content\\\/uploads\\\/2015\\\/10\\\/expo-maras-di-sospirolo-da-ada.jpg\",\"articleSection\":[\"Appuntamenti, Eventi\",\"Arte, Cultura, Spettacoli, Scienza\",\"Pausa Caff\u00e8\",\"Societ\u00e0, Associazioni, Istituzioni\"],\"inLanguage\":\"fr-FR\"},{\"@type\":\"WebPage\",\"@id\":\"https:\\\/\\\/www.bellunopress.it\\\/2019\\\/10\\\/14\\\/expo-misteri-domenica-a-maras-di-sospirolo\\\/\",\"url\":\"https:\\\/\\\/www.bellunopress.it\\\/2019\\\/10\\\/14\\\/expo-misteri-domenica-a-maras-di-sospirolo\\\/\",\"name\":\"Expo misteri, domenica a Maras di Sospirolo - Bellunopress - Dolomiti\",\"isPartOf\":{\"@id\":\"https:\\\/\\\/www.bellunopress.it\\\/#website\"},\"primaryImageOfPage\":{\"@id\":\"https:\\\/\\\/www.bellunopress.it\\\/2019\\\/10\\\/14\\\/expo-misteri-domenica-a-maras-di-sospirolo\\\/#primaryimage\"},\"image\":{\"@id\":\"https:\\\/\\\/www.bellunopress.it\\\/2019\\\/10\\\/14\\\/expo-misteri-domenica-a-maras-di-sospirolo\\\/#primaryimage\"},\"thumbnailUrl\":\"http:\\\/\\\/www.bellunopress.it\\\/wp-content\\\/uploads\\\/2015\\\/10\\\/expo-maras-di-sospirolo-da-ada.jpg\",\"datePublished\":\"2019-10-14T15:18:08+00:00\",\"breadcrumb\":{\"@id\":\"https:\\\/\\\/www.bellunopress.it\\\/2019\\\/10\\\/14\\\/expo-misteri-domenica-a-maras-di-sospirolo\\\/#breadcrumb\"},\"inLanguage\":\"fr-FR\",\"potentialAction\":[{\"@type\":\"ReadAction\",\"target\":[\"https:\\\/\\\/www.bellunopress.it\\\/2019\\\/10\\\/14\\\/expo-misteri-domenica-a-maras-di-sospirolo\\\/\"]}]},{\"@type\":\"ImageObject\",\"inLanguage\":\"fr-FR\",\"@id\":\"https:\\\/\\\/www.bellunopress.it\\\/2019\\\/10\\\/14\\\/expo-misteri-domenica-a-maras-di-sospirolo\\\/#primaryimage\",\"url\":\"http:\\\/\\\/www.bellunopress.it\\\/wp-content\\\/uploads\\\/2015\\\/10\\\/expo-maras-di-sospirolo-da-ada.jpg\",\"contentUrl\":\"http:\\\/\\\/www.bellunopress.it\\\/wp-content\\\/uploads\\\/2015\\\/10\\\/expo-maras-di-sospirolo-da-ada.jpg\"},{\"@type\":\"BreadcrumbList\",\"@id\":\"https:\\\/\\\/www.bellunopress.it\\\/2019\\\/10\\\/14\\\/expo-misteri-domenica-a-maras-di-sospirolo\\\/#breadcrumb\",\"itemListElement\":[{\"@type\":\"ListItem\",\"position\":1,\"name\":\"Home\",\"item\":\"https:\\\/\\\/www.bellunopress.it\\\/\"},{\"@type\":\"ListItem\",\"position\":2,\"name\":\"Expo misteri, domenica a Maras di Sospirolo\"}]},{\"@type\":\"WebSite\",\"@id\":\"https:\\\/\\\/www.bellunopress.it\\\/#website\",\"url\":\"https:\\\/\\\/www.bellunopress.it\\\/\",\"name\":\"Bellunopress - Dolomiti\",\"description\":\"e-mail: redazione@bellunopress.it\",\"publisher\":{\"@id\":\"https:\\\/\\\/www.bellunopress.it\\\/#organization\"},\"potentialAction\":[{\"@type\":\"SearchAction\",\"target\":{\"@type\":\"EntryPoint\",\"urlTemplate\":\"https:\\\/\\\/www.bellunopress.it\\\/?s={search_term_string}\"},\"query-input\":{\"@type\":\"PropertyValueSpecification\",\"valueRequired\":true,\"valueName\":\"search_term_string\"}}],\"inLanguage\":\"fr-FR\"},{\"@type\":\"Organization\",\"@id\":\"https:\\\/\\\/www.bellunopress.it\\\/#organization\",\"name\":\"Bellunopress\",\"url\":\"https:\\\/\\\/www.bellunopress.it\\\/\",\"logo\":{\"@type\":\"ImageObject\",\"inLanguage\":\"fr-FR\",\"@id\":\"https:\\\/\\\/www.bellunopress.it\\\/#\\\/schema\\\/logo\\\/image\\\/\",\"url\":\"https:\\\/\\\/www.bellunopress.it\\\/wp-content\\\/uploads\\\/2011\\\/05\\\/cropped-logo-bellunopress-.jpg\",\"contentUrl\":\"https:\\\/\\\/www.bellunopress.it\\\/wp-content\\\/uploads\\\/2011\\\/05\\\/cropped-logo-bellunopress-.jpg\",\"width\":512,\"height\":512,\"caption\":\"Bellunopress\"},\"image\":{\"@id\":\"https:\\\/\\\/www.bellunopress.it\\\/#\\\/schema\\\/logo\\\/image\\\/\"},\"sameAs\":[\"https:\\\/\\\/www.facebook.com\\\/profile.php?id=100008943462799\",\"https:\\\/\\\/x.com\\\/bellunopress\",\"https:\\\/\\\/www.linkedin.com\\\/hp\\\/?dnr=JBzUWaJfMUw8vbXJJ2tVW5-I3jZKvC4wsoxE&amp;amp;amp;amp;amp;amp;trk=nav_responsive_tab_home\",\"https:\\\/\\\/www.youtube.com\\\/channel\\\/UCxL0wu1uN0_3_7hGG0306cw\"]},{\"@type\":\"Person\",\"@id\":\"https:\\\/\\\/www.bellunopress.it\\\/#\\\/schema\\\/person\\\/79bb06722b37ece1c03d3e94beb30d73\",\"name\":\"redazione\",\"image\":{\"@type\":\"ImageObject\",\"inLanguage\":\"fr-FR\",\"@id\":\"https:\\\/\\\/secure.gravatar.com\\\/avatar\\\/37d968a2e67a6fd04c169c4bdef102d0bc5d31b2546345219e348575eb80e9a0?s=96&d=mm&r=g\",\"url\":\"https:\\\/\\\/secure.gravatar.com\\\/avatar\\\/37d968a2e67a6fd04c169c4bdef102d0bc5d31b2546345219e348575eb80e9a0?s=96&d=mm&r=g\",\"contentUrl\":\"https:\\\/\\\/secure.gravatar.com\\\/avatar\\\/37d968a2e67a6fd04c169c4bdef102d0bc5d31b2546345219e348575eb80e9a0?s=96&d=mm&r=g\",\"caption\":\"redazione\"},\"sameAs\":[\"http:\\\/\\\/www.bellunopress.it\",\"https:\\\/\\\/x.com\\\/bellunopress\"],\"url\":\"https:\\\/\\\/www.bellunopress.it\\\/fr\\\/author\\\/redazione\\\/\"}]}<\/script>\n<!-- \/ Yoast SEO plugin. -->","yoast_head_json":{"title":"Expo misteri, domenica a Maras di Sospirolo - Bellunopress - Dolomiti","robots":{"index":"index","follow":"follow","max-snippet":"max-snippet:-1","max-image-preview":"max-image-preview:large","max-video-preview":"max-video-preview:-1"},"canonical":"https:\/\/www.bellunopress.it\/fr\/2019\/10\/14\/expo-misteri-domenica-a-maras-di-sospirolo\/","og_locale":"fr_FR","og_type":"article","og_title":"Expo misteri, domenica a Maras di Sospirolo - Bellunopress - Dolomiti","og_description":"Grande attesa per &#8220;Expo Misteri&#8221; a Maras di Sospirolo. Domenica 20 ottobre dalle 10 alle 17 si svolge la giornata tutta dedicata all&#8217;expo di artigianato artistico e tradizionale e a spettacoli, giochi, mostre, laboratori, piatti tipici. L&#8217;ormai tradizionale appuntamento \u00e8 parte di &#8220;Spettacoli di Mistero&#8221; di Unpli regionale e Regione Veneto. Quest&#8217;anno il tema \u00e8 [&hellip;]","og_url":"https:\/\/www.bellunopress.it\/fr\/2019\/10\/14\/expo-misteri-domenica-a-maras-di-sospirolo\/","og_site_name":"Bellunopress - Dolomiti","article_publisher":"https:\/\/www.facebook.com\/profile.php?id=100008943462799","article_published_time":"2019-10-14T15:18:08+00:00","og_image":[{"url":"http:\/\/www.bellunopress.it\/wp-content\/uploads\/2015\/10\/expo-maras-di-sospirolo-da-ada.jpg","type":"","width":"","height":""}],"author":"redazione","twitter_card":"summary_large_image","twitter_creator":"@bellunopress","twitter_site":"@bellunopress","twitter_misc":{"\u00c9crit par":"redazione","Dur\u00e9e de lecture estim\u00e9e":"2 minutes"},"schema":{"@context":"https:\/\/schema.org","@graph":[{"@type":"Article","@id":"https:\/\/www.bellunopress.it\/2019\/10\/14\/expo-misteri-domenica-a-maras-di-sospirolo\/#article","isPartOf":{"@id":"https:\/\/www.bellunopress.it\/2019\/10\/14\/expo-misteri-domenica-a-maras-di-sospirolo\/"},"author":{"name":"redazione","@id":"https:\/\/www.bellunopress.it\/#\/schema\/person\/79bb06722b37ece1c03d3e94beb30d73"},"headline":"Expo misteri, domenica a Maras di Sospirolo","datePublished":"2019-10-14T15:18:08+00:00","mainEntityOfPage":{"@id":"https:\/\/www.bellunopress.it\/2019\/10\/14\/expo-misteri-domenica-a-maras-di-sospirolo\/"},"wordCount":436,"publisher":{"@id":"https:\/\/www.bellunopress.it\/#organization"},"image":{"@id":"https:\/\/www.bellunopress.it\/2019\/10\/14\/expo-misteri-domenica-a-maras-di-sospirolo\/#primaryimage"},"thumbnailUrl":"http:\/\/www.bellunopress.it\/wp-content\/uploads\/2015\/10\/expo-maras-di-sospirolo-da-ada.jpg","articleSection":["Appuntamenti, Eventi","Arte, Cultura, Spettacoli, Scienza","Pausa Caff\u00e8","Societ\u00e0, Associazioni, Istituzioni"],"inLanguage":"fr-FR"},{"@type":"WebPage","@id":"https:\/\/www.bellunopress.it\/2019\/10\/14\/expo-misteri-domenica-a-maras-di-sospirolo\/","url":"https:\/\/www.bellunopress.it\/2019\/10\/14\/expo-misteri-domenica-a-maras-di-sospirolo\/","name":"Expo misteri, domenica a Maras di Sospirolo - Bellunopress - Dolomiti","isPartOf":{"@id":"https:\/\/www.bellunopress.it\/#website"},"primaryImageOfPage":{"@id":"https:\/\/www.bellunopress.it\/2019\/10\/14\/expo-misteri-domenica-a-maras-di-sospirolo\/#primaryimage"},"image":{"@id":"https:\/\/www.bellunopress.it\/2019\/10\/14\/expo-misteri-domenica-a-maras-di-sospirolo\/#primaryimage"},"thumbnailUrl":"http:\/\/www.bellunopress.it\/wp-content\/uploads\/2015\/10\/expo-maras-di-sospirolo-da-ada.jpg","datePublished":"2019-10-14T15:18:08+00:00","breadcrumb":{"@id":"https:\/\/www.bellunopress.it\/2019\/10\/14\/expo-misteri-domenica-a-maras-di-sospirolo\/#breadcrumb"},"inLanguage":"fr-FR","potentialAction":[{"@type":"ReadAction","target":["https:\/\/www.bellunopress.it\/2019\/10\/14\/expo-misteri-domenica-a-maras-di-sospirolo\/"]}]},{"@type":"ImageObject","inLanguage":"fr-FR","@id":"https:\/\/www.bellunopress.it\/2019\/10\/14\/expo-misteri-domenica-a-maras-di-sospirolo\/#primaryimage","url":"http:\/\/www.bellunopress.it\/wp-content\/uploads\/2015\/10\/expo-maras-di-sospirolo-da-ada.jpg","contentUrl":"http:\/\/www.bellunopress.it\/wp-content\/uploads\/2015\/10\/expo-maras-di-sospirolo-da-ada.jpg"},{"@type":"BreadcrumbList","@id":"https:\/\/www.bellunopress.it\/2019\/10\/14\/expo-misteri-domenica-a-maras-di-sospirolo\/#breadcrumb","itemListElement":[{"@type":"ListItem","position":1,"name":"Home","item":"https:\/\/www.bellunopress.it\/"},{"@type":"ListItem","position":2,"name":"Expo misteri, domenica a Maras di Sospirolo"}]},{"@type":"WebSite","@id":"https:\/\/www.bellunopress.it\/#website","url":"https:\/\/www.bellunopress.it\/","name":"Bellunopress - Dolomiti","description":"e-mail: redazione@bellunopress.it","publisher":{"@id":"https:\/\/www.bellunopress.it\/#organization"},"potentialAction":[{"@type":"SearchAction","target":{"@type":"EntryPoint","urlTemplate":"https:\/\/www.bellunopress.it\/?s={search_term_string}"},"query-input":{"@type":"PropertyValueSpecification","valueRequired":true,"valueName":"search_term_string"}}],"inLanguage":"fr-FR"},{"@type":"Organization","@id":"https:\/\/www.bellunopress.it\/#organization","name":"Bellunopress","url":"https:\/\/www.bellunopress.it\/","logo":{"@type":"ImageObject","inLanguage":"fr-FR","@id":"https:\/\/www.bellunopress.it\/#\/schema\/logo\/image\/","url":"https:\/\/www.bellunopress.it\/wp-content\/uploads\/2011\/05\/cropped-logo-bellunopress-.jpg","contentUrl":"https:\/\/www.bellunopress.it\/wp-content\/uploads\/2011\/05\/cropped-logo-bellunopress-.jpg","width":512,"height":512,"caption":"Bellunopress"},"image":{"@id":"https:\/\/www.bellunopress.it\/#\/schema\/logo\/image\/"},"sameAs":["https:\/\/www.facebook.com\/profile.php?id=100008943462799","https:\/\/x.com\/bellunopress","https:\/\/www.linkedin.com\/hp\/?dnr=JBzUWaJfMUw8vbXJJ2tVW5-I3jZKvC4wsoxE&amp;amp;amp;amp;amp;amp;trk=nav_responsive_tab_home","https:\/\/www.youtube.com\/channel\/UCxL0wu1uN0_3_7hGG0306cw"]},{"@type":"Person","@id":"https:\/\/www.bellunopress.it\/#\/schema\/person\/79bb06722b37ece1c03d3e94beb30d73","name":"r\u00e9daction","image":{"@type":"ImageObject","inLanguage":"fr-FR","@id":"https:\/\/secure.gravatar.com\/avatar\/37d968a2e67a6fd04c169c4bdef102d0bc5d31b2546345219e348575eb80e9a0?s=96&d=mm&r=g","url":"https:\/\/secure.gravatar.com\/avatar\/37d968a2e67a6fd04c169c4bdef102d0bc5d31b2546345219e348575eb80e9a0?s=96&d=mm&r=g","contentUrl":"https:\/\/secure.gravatar.com\/avatar\/37d968a2e67a6fd04c169c4bdef102d0bc5d31b2546345219e348575eb80e9a0?s=96&d=mm&r=g","caption":"redazione"},"sameAs":["http:\/\/www.bellunopress.it","https:\/\/x.com\/bellunopress"],"url":"https:\/\/www.bellunopress.it\/fr\/author\/redazione\/"}]}},"_links":{"self":[{"href":"https:\/\/www.bellunopress.it\/fr\/wp-json\/wp\/v2\/posts\/108729","targetHints":{"allow":["GET"]}}],"collection":[{"href":"https:\/\/www.bellunopress.it\/fr\/wp-json\/wp\/v2\/posts"}],"about":[{"href":"https:\/\/www.bellunopress.it\/fr\/wp-json\/wp\/v2\/types\/post"}],"author":[{"embeddable":true,"href":"https:\/\/www.bellunopress.it\/fr\/wp-json\/wp\/v2\/users\/2"}],"replies":[{"embeddable":true,"href":"https:\/\/www.bellunopress.it\/fr\/wp-json\/wp\/v2\/comments?post=108729"}],"version-history":[{"count":1,"href":"https:\/\/www.bellunopress.it\/fr\/wp-json\/wp\/v2\/posts\/108729\/revisions"}],"predecessor-version":[{"id":108730,"href":"https:\/\/www.bellunopress.it\/fr\/wp-json\/wp\/v2\/posts\/108729\/revisions\/108730"}],"wp:attachment":[{"href":"https:\/\/www.bellunopress.it\/fr\/wp-json\/wp\/v2\/media?parent=108729"}],"wp:term":[{"taxonomy":"category","embeddable":true,"href":"https:\/\/www.bellunopress.it\/fr\/wp-json\/wp\/v2\/categories?post=108729"},{"taxonomy":"post_tag","embeddable":true,"href":"https:\/\/www.bellunopress.it\/fr\/wp-json\/wp\/v2\/tags?post=108729"}],"curies":[{"name":"wp","href":"https:\/\/api.w.org\/{rel}","templated":true}]}}