{"id":108716,"date":"2019-10-14T12:02:27","date_gmt":"2019-10-14T10:02:27","guid":{"rendered":"http:\/\/www.bellunopress.it\/?p=108716"},"modified":"2019-10-14T17:06:06","modified_gmt":"2019-10-14T15:06:06","slug":"martedi-il-presidio-in-piazza-duomo-di-cgil-cisl-uil-solidarieta-alla-popolazione-curda-lunione-europea-riveda-gli-accordi-con-la-turchia-lonu-garantisca-i-diritti-umani","status":"publish","type":"post","link":"https:\/\/www.bellunopress.it\/fr\/2019\/10\/14\/martedi-il-presidio-in-piazza-duomo-di-cgil-cisl-uil-solidarieta-alla-popolazione-curda-lunione-europea-riveda-gli-accordi-con-la-turchia-lonu-garantisca-i-diritti-umani\/","title":{"rendered":"Marted\u00ec il presidio in piazza Duomo di Cgil-Cisl-Uil: solidariet\u00e0 alla popolazione curda. L&#8217;Unione europea riveda gli accordi con la Turchia. L&#8217;Onu garantisca i diritti umani"},"content":{"rendered":"<p><a href=\"http:\/\/www.bellunopress.it\/fr\/2011\/12\/19\/pubblico-impiego-in-sciopero-e-sit-in-in-piazza-duomo-ecco-i-motivi-della-protesta-sostenuti-da-cgil-cisl-e-uil\/sit-in-dipendenti-pubblici-cgil-cisl-uil\/\" rel=\"attachment wp-att-33494\"><img loading=\"lazy\" decoding=\"async\" class=\"alignleft size-full wp-image-33494\" src=\"http:\/\/www.bellunopress.it\/wp-content\/uploads\/2011\/12\/sit-in-dipendenti-pubblici-cgil-cisl-uil.jpg\" alt=\"\" width=\"270\" height=\"270\" srcset=\"https:\/\/www.bellunopress.it\/wp-content\/uploads\/2011\/12\/sit-in-dipendenti-pubblici-cgil-cisl-uil.jpg 270w, https:\/\/www.bellunopress.it\/wp-content\/uploads\/2011\/12\/sit-in-dipendenti-pubblici-cgil-cisl-uil-150x150.jpg 150w\" sizes=\"auto, (max-width: 270px) 100vw, 270px\" \/><\/a>Belluno, 14 ottobre 2019 &#8211; Presidio in piazza Duomo marted\u00ec 15 ottobre alle ore 17.00\u00a0 organizzato dalle segreterie provinciali dei sindacati Cgil, Cisl e Uil.\u00a0Le Organizzazioni sindacali di Belluno, con la sezione territoriale dell&#8217;ANPI, invitano i cittadini a manifestare piena solidariet\u00e0 al popolo curdo, verso il quale la comunit\u00e0 internazionale ha un debito di riconoscenza per l&#8217;essersi battuto fino alla morte per fermare il comune nemico Isis e salvaguardare la sicurezza dell&#8217;Europa e del nostro Paese.<\/p>\n<p>L&#8217;Italia, l&#8217;Europa e gli organismi internazionali non possono restare indifferenti: Cgil, Cisl e Uil chiedono che si metta in campo ogni sforzo possibile per bloccare l&#8217;invasione della Turchia in Siria.<\/p>\n<p>Cgil Cisl e Uil esprimono la loro profonda preoccupazione di fronte ai bombardamenti contro la popolazione curda nel nord della Siria e all\u2019ingresso di truppe turche in Siria.<\/p>\n<p>Una escalation militare che si sta generando nella Siria gi\u00e0 martoriata dalla guerra cominciata nel 2011 e che ha fatto oltre 250.000 vittime, quasi la met\u00e0 civili, che hanno perso la vita nel conflitto violento contro l\u2019Isis. Il conflitto, per il quale si era costituita una coalizione internazionale dal 2014 con il sostegno degli Stati Uniti di Barack Obama, aveva visto soprattutto donne e uomini dell\u2019esercito curdo battersi in prima linea per respingere l\u2019offensiva del sedicente stato islamico e finalmente costringerlo alla resa. La decisione del Presidente della Turchia Erdogan di attaccare di nuovo la Siria di Bashar Assad, con lo scopo di liberare l\u2019area dai curdi, ha avuto sostanzialmente il<br \/>\nvia libera dal Presidente USA Donald Trump, che ha cos\u00ec voltato le spalle ai combattenti che hanno guidato la resistenza contro i fondamentalisti islamici dell\u2019Isis.<br \/>\nTutto questo si inserisce in un quadro gi\u00e0 fortemente instabile dell\u2019area.<\/p>\n<p>In tutto questo il silenzio dell\u2019Europa, che fino ad oggi ha stretto un accordo con la Turchia, chiudendo un occhio sulla pi\u00f9 che discutibile guida politica del Presidente Erdogan, in totale contrapposizione con i principi di difesa dei diritti umani cui tutti i valori europei sono ispirati, pagando 6 miliardi di euro per il mantenimento dei campi profughi degli esuli siriani.<br \/>\nL\u2019Europa tace anche di fronte alla minaccia di inviare i profughi verso l\u2019Europa.<br \/>\nCgil, Cisl e Uil esprimono la preoccupazione dei lavoratori italiani di fronte all\u2019aggravamento della crisi che gi\u00e0 determina ulteriori perdite di vite umane e potrebbe destabilizzare completamente gli equilibri politici internazionali.<br \/>\nFanno appello alla Comunit\u00e0 internazionale perch\u00e9 si fermi immediatamente la deriva militare e si apra una conferenza che affidi alla diplomazia la soluzione di tutti i problemi tuttora aperti nella regione.<\/p>\n<p>CGIL CISL e UIL, anche in linea con le posizioni espresse dalla CES nella lettera inviata ai vertici delle Istituzioni europee, fanno appello al Governo italiano perch\u00e9 si attivi per una iniziativa della Unione Europea che riveda gli accordi con la Turchia e si faccia garante per la ricerca di una soluzione pacifica con l\u2019apertura immediata di una piattaforma multilaterale in sede ONU che garantisca innanzitutto la pace e la tutela dei diritti umani.<br \/>\nPer questo Cgil Cisl e Uil lanciano una mobilitazione per luned\u00ec 14 ottobre alle ore 17.30 a Piazza Santi Apostoli e invitano le proprie strutture ad attivarsi con iniziative a livello territoriale.<\/p>\n<p>CGIL CISL UIL<br \/>\n(Nino Baseotto) (Giorgio Graziani) (Pierpaolo Bombardieri)<\/p>","protected":false},"excerpt":{"rendered":"<p>Belluno, 14 ottobre 2019 &#8211; Presidio in piazza Duomo marted\u00ec 15 ottobre alle ore 17.00\u00a0 organizzato dalle segreterie provinciali dei sindacati Cgil, Cisl e Uil.\u00a0Le Organizzazioni sindacali di Belluno, con la sezione territoriale dell&#8217;ANPI, invitano i cittadini a manifestare piena solidariet\u00e0 al popolo curdo, verso il quale la comunit\u00e0 internazionale ha un debito di riconoscenza [&hellip;]<\/p>\n","protected":false},"author":2,"featured_media":0,"comment_status":"closed","ping_status":"open","sticky":false,"template":"","format":"standard","meta":{"footnotes":""},"categories":[27,5,26,8],"tags":[],"class_list":["post-108716","post","type-post","status-publish","format-standard","category-appuntamenti","category-cronaca","category-prima-pagina","category-societa-istituzioni"],"yoast_head":"<!-- This site is optimized with the Yoast SEO plugin v28.4 - https:\/\/yoast.com\/product\/yoast-seo-wordpress\/ -->\n<title>Marted\u00ec il presidio in piazza Duomo di Cgil-Cisl-Uil: solidariet\u00e0 alla popolazione curda. L&#039;Unione europea riveda gli accordi con la Turchia. L&#039;Onu garantisca i diritti umani - Bellunopress - Dolomiti<\/title>\n<meta name=\"robots\" content=\"index, follow, max-snippet:-1, max-image-preview:large, max-video-preview:-1\" \/>\n<link rel=\"canonical\" href=\"https:\/\/www.bellunopress.it\/fr\/2019\/10\/14\/martedi-il-presidio-in-piazza-duomo-di-cgil-cisl-uil-solidarieta-alla-popolazione-curda-lunione-europea-riveda-gli-accordi-con-la-turchia-lonu-garantisca-i-diritti-umani\/\" \/>\n<meta property=\"og:locale\" content=\"fr_FR\" \/>\n<meta property=\"og:type\" content=\"article\" \/>\n<meta property=\"og:title\" content=\"Marted\u00ec il presidio in piazza Duomo di Cgil-Cisl-Uil: solidariet\u00e0 alla popolazione curda. L&#039;Unione europea riveda gli accordi con la Turchia. L&#039;Onu garantisca i diritti umani - Bellunopress - Dolomiti\" \/>\n<meta property=\"og:description\" content=\"Belluno, 14 ottobre 2019 &#8211; Presidio in piazza Duomo marted\u00ec 15 ottobre alle ore 17.00\u00a0 organizzato dalle segreterie provinciali dei sindacati Cgil, Cisl e Uil.\u00a0Le Organizzazioni sindacali di Belluno, con la sezione territoriale dell&#8217;ANPI, invitano i cittadini a manifestare piena solidariet\u00e0 al popolo curdo, verso il quale la comunit\u00e0 internazionale ha un debito di riconoscenza [&hellip;]\" \/>\n<meta property=\"og:url\" content=\"https:\/\/www.bellunopress.it\/fr\/2019\/10\/14\/martedi-il-presidio-in-piazza-duomo-di-cgil-cisl-uil-solidarieta-alla-popolazione-curda-lunione-europea-riveda-gli-accordi-con-la-turchia-lonu-garantisca-i-diritti-umani\/\" \/>\n<meta property=\"og:site_name\" content=\"Bellunopress - Dolomiti\" \/>\n<meta property=\"article:publisher\" content=\"https:\/\/www.facebook.com\/profile.php?id=100008943462799\" \/>\n<meta property=\"article:published_time\" content=\"2019-10-14T10:02:27+00:00\" \/>\n<meta property=\"article:modified_time\" content=\"2019-10-14T15:06:06+00:00\" \/>\n<meta property=\"og:image\" content=\"http:\/\/www.bellunopress.it\/wp-content\/uploads\/2011\/12\/sit-in-dipendenti-pubblici-cgil-cisl-uil.jpg\" \/>\n<meta name=\"author\" content=\"redazione\" \/>\n<meta name=\"twitter:card\" content=\"summary_large_image\" \/>\n<meta name=\"twitter:creator\" content=\"@bellunopress\" \/>\n<meta name=\"twitter:site\" content=\"@bellunopress\" \/>\n<meta name=\"twitter:label1\" content=\"\u00c9crit par\" \/>\n\t<meta name=\"twitter:data1\" content=\"redazione\" \/>\n\t<meta name=\"twitter:label2\" content=\"Dur\u00e9e de lecture estim\u00e9e\" \/>\n\t<meta name=\"twitter:data2\" content=\"3 minutes\" \/>\n<script type=\"application\/ld+json\" class=\"yoast-schema-graph\">{\"@context\":\"https:\\\/\\\/schema.org\",\"@graph\":[{\"@type\":\"Article\",\"@id\":\"https:\\\/\\\/www.bellunopress.it\\\/2019\\\/10\\\/14\\\/martedi-il-presidio-in-piazza-duomo-di-cgil-cisl-uil-solidarieta-alla-popolazione-curda-lunione-europea-riveda-gli-accordi-con-la-turchia-lonu-garantisca-i-diritti-umani\\\/#article\",\"isPartOf\":{\"@id\":\"https:\\\/\\\/www.bellunopress.it\\\/2019\\\/10\\\/14\\\/martedi-il-presidio-in-piazza-duomo-di-cgil-cisl-uil-solidarieta-alla-popolazione-curda-lunione-europea-riveda-gli-accordi-con-la-turchia-lonu-garantisca-i-diritti-umani\\\/\"},\"author\":{\"name\":\"redazione\",\"@id\":\"https:\\\/\\\/www.bellunopress.it\\\/#\\\/schema\\\/person\\\/79bb06722b37ece1c03d3e94beb30d73\"},\"headline\":\"Marted\u00ec il presidio in piazza Duomo di Cgil-Cisl-Uil: solidariet\u00e0 alla popolazione curda. L&#8217;Unione europea riveda gli accordi con la Turchia. L&#8217;Onu garantisca i diritti umani\",\"datePublished\":\"2019-10-14T10:02:27+00:00\",\"dateModified\":\"2019-10-14T15:06:06+00:00\",\"mainEntityOfPage\":{\"@id\":\"https:\\\/\\\/www.bellunopress.it\\\/2019\\\/10\\\/14\\\/martedi-il-presidio-in-piazza-duomo-di-cgil-cisl-uil-solidarieta-alla-popolazione-curda-lunione-europea-riveda-gli-accordi-con-la-turchia-lonu-garantisca-i-diritti-umani\\\/\"},\"wordCount\":568,\"publisher\":{\"@id\":\"https:\\\/\\\/www.bellunopress.it\\\/#organization\"},\"image\":{\"@id\":\"https:\\\/\\\/www.bellunopress.it\\\/2019\\\/10\\\/14\\\/martedi-il-presidio-in-piazza-duomo-di-cgil-cisl-uil-solidarieta-alla-popolazione-curda-lunione-europea-riveda-gli-accordi-con-la-turchia-lonu-garantisca-i-diritti-umani\\\/#primaryimage\"},\"thumbnailUrl\":\"http:\\\/\\\/www.bellunopress.it\\\/wp-content\\\/uploads\\\/2011\\\/12\\\/sit-in-dipendenti-pubblici-cgil-cisl-uil.jpg\",\"articleSection\":[\"Appuntamenti, Eventi\",\"Cronaca\\\/Politica\",\"Prima Pagina\",\"Societ\u00e0, Associazioni, Istituzioni\"],\"inLanguage\":\"fr-FR\"},{\"@type\":\"WebPage\",\"@id\":\"https:\\\/\\\/www.bellunopress.it\\\/2019\\\/10\\\/14\\\/martedi-il-presidio-in-piazza-duomo-di-cgil-cisl-uil-solidarieta-alla-popolazione-curda-lunione-europea-riveda-gli-accordi-con-la-turchia-lonu-garantisca-i-diritti-umani\\\/\",\"url\":\"https:\\\/\\\/www.bellunopress.it\\\/2019\\\/10\\\/14\\\/martedi-il-presidio-in-piazza-duomo-di-cgil-cisl-uil-solidarieta-alla-popolazione-curda-lunione-europea-riveda-gli-accordi-con-la-turchia-lonu-garantisca-i-diritti-umani\\\/\",\"name\":\"Marted\u00ec il presidio in piazza Duomo di Cgil-Cisl-Uil: solidariet\u00e0 alla popolazione curda. L'Unione europea riveda gli accordi con la Turchia. L'Onu garantisca i diritti umani - Bellunopress - Dolomiti\",\"isPartOf\":{\"@id\":\"https:\\\/\\\/www.bellunopress.it\\\/#website\"},\"primaryImageOfPage\":{\"@id\":\"https:\\\/\\\/www.bellunopress.it\\\/2019\\\/10\\\/14\\\/martedi-il-presidio-in-piazza-duomo-di-cgil-cisl-uil-solidarieta-alla-popolazione-curda-lunione-europea-riveda-gli-accordi-con-la-turchia-lonu-garantisca-i-diritti-umani\\\/#primaryimage\"},\"image\":{\"@id\":\"https:\\\/\\\/www.bellunopress.it\\\/2019\\\/10\\\/14\\\/martedi-il-presidio-in-piazza-duomo-di-cgil-cisl-uil-solidarieta-alla-popolazione-curda-lunione-europea-riveda-gli-accordi-con-la-turchia-lonu-garantisca-i-diritti-umani\\\/#primaryimage\"},\"thumbnailUrl\":\"http:\\\/\\\/www.bellunopress.it\\\/wp-content\\\/uploads\\\/2011\\\/12\\\/sit-in-dipendenti-pubblici-cgil-cisl-uil.jpg\",\"datePublished\":\"2019-10-14T10:02:27+00:00\",\"dateModified\":\"2019-10-14T15:06:06+00:00\",\"breadcrumb\":{\"@id\":\"https:\\\/\\\/www.bellunopress.it\\\/2019\\\/10\\\/14\\\/martedi-il-presidio-in-piazza-duomo-di-cgil-cisl-uil-solidarieta-alla-popolazione-curda-lunione-europea-riveda-gli-accordi-con-la-turchia-lonu-garantisca-i-diritti-umani\\\/#breadcrumb\"},\"inLanguage\":\"fr-FR\",\"potentialAction\":[{\"@type\":\"ReadAction\",\"target\":[\"https:\\\/\\\/www.bellunopress.it\\\/2019\\\/10\\\/14\\\/martedi-il-presidio-in-piazza-duomo-di-cgil-cisl-uil-solidarieta-alla-popolazione-curda-lunione-europea-riveda-gli-accordi-con-la-turchia-lonu-garantisca-i-diritti-umani\\\/\"]}]},{\"@type\":\"ImageObject\",\"inLanguage\":\"fr-FR\",\"@id\":\"https:\\\/\\\/www.bellunopress.it\\\/2019\\\/10\\\/14\\\/martedi-il-presidio-in-piazza-duomo-di-cgil-cisl-uil-solidarieta-alla-popolazione-curda-lunione-europea-riveda-gli-accordi-con-la-turchia-lonu-garantisca-i-diritti-umani\\\/#primaryimage\",\"url\":\"http:\\\/\\\/www.bellunopress.it\\\/wp-content\\\/uploads\\\/2011\\\/12\\\/sit-in-dipendenti-pubblici-cgil-cisl-uil.jpg\",\"contentUrl\":\"http:\\\/\\\/www.bellunopress.it\\\/wp-content\\\/uploads\\\/2011\\\/12\\\/sit-in-dipendenti-pubblici-cgil-cisl-uil.jpg\"},{\"@type\":\"BreadcrumbList\",\"@id\":\"https:\\\/\\\/www.bellunopress.it\\\/2019\\\/10\\\/14\\\/martedi-il-presidio-in-piazza-duomo-di-cgil-cisl-uil-solidarieta-alla-popolazione-curda-lunione-europea-riveda-gli-accordi-con-la-turchia-lonu-garantisca-i-diritti-umani\\\/#breadcrumb\",\"itemListElement\":[{\"@type\":\"ListItem\",\"position\":1,\"name\":\"Home\",\"item\":\"https:\\\/\\\/www.bellunopress.it\\\/\"},{\"@type\":\"ListItem\",\"position\":2,\"name\":\"Marted\u00ec il presidio in piazza Duomo di Cgil-Cisl-Uil: solidariet\u00e0 alla popolazione curda. L&#8217;Unione europea riveda gli accordi con la Turchia. L&#8217;Onu garantisca i diritti umani\"}]},{\"@type\":\"WebSite\",\"@id\":\"https:\\\/\\\/www.bellunopress.it\\\/#website\",\"url\":\"https:\\\/\\\/www.bellunopress.it\\\/\",\"name\":\"Bellunopress - Dolomiti\",\"description\":\"e-mail: redazione@bellunopress.it\",\"publisher\":{\"@id\":\"https:\\\/\\\/www.bellunopress.it\\\/#organization\"},\"potentialAction\":[{\"@type\":\"SearchAction\",\"target\":{\"@type\":\"EntryPoint\",\"urlTemplate\":\"https:\\\/\\\/www.bellunopress.it\\\/?s={search_term_string}\"},\"query-input\":{\"@type\":\"PropertyValueSpecification\",\"valueRequired\":true,\"valueName\":\"search_term_string\"}}],\"inLanguage\":\"fr-FR\"},{\"@type\":\"Organization\",\"@id\":\"https:\\\/\\\/www.bellunopress.it\\\/#organization\",\"name\":\"Bellunopress\",\"url\":\"https:\\\/\\\/www.bellunopress.it\\\/\",\"logo\":{\"@type\":\"ImageObject\",\"inLanguage\":\"fr-FR\",\"@id\":\"https:\\\/\\\/www.bellunopress.it\\\/#\\\/schema\\\/logo\\\/image\\\/\",\"url\":\"https:\\\/\\\/www.bellunopress.it\\\/wp-content\\\/uploads\\\/2011\\\/05\\\/cropped-logo-bellunopress-.jpg\",\"contentUrl\":\"https:\\\/\\\/www.bellunopress.it\\\/wp-content\\\/uploads\\\/2011\\\/05\\\/cropped-logo-bellunopress-.jpg\",\"width\":512,\"height\":512,\"caption\":\"Bellunopress\"},\"image\":{\"@id\":\"https:\\\/\\\/www.bellunopress.it\\\/#\\\/schema\\\/logo\\\/image\\\/\"},\"sameAs\":[\"https:\\\/\\\/www.facebook.com\\\/profile.php?id=100008943462799\",\"https:\\\/\\\/x.com\\\/bellunopress\",\"https:\\\/\\\/www.linkedin.com\\\/hp\\\/?dnr=JBzUWaJfMUw8vbXJJ2tVW5-I3jZKvC4wsoxE&amp;amp;amp;amp;amp;amp;trk=nav_responsive_tab_home\",\"https:\\\/\\\/www.youtube.com\\\/channel\\\/UCxL0wu1uN0_3_7hGG0306cw\"]},{\"@type\":\"Person\",\"@id\":\"https:\\\/\\\/www.bellunopress.it\\\/#\\\/schema\\\/person\\\/79bb06722b37ece1c03d3e94beb30d73\",\"name\":\"redazione\",\"image\":{\"@type\":\"ImageObject\",\"inLanguage\":\"fr-FR\",\"@id\":\"https:\\\/\\\/secure.gravatar.com\\\/avatar\\\/37d968a2e67a6fd04c169c4bdef102d0bc5d31b2546345219e348575eb80e9a0?s=96&d=mm&r=g\",\"url\":\"https:\\\/\\\/secure.gravatar.com\\\/avatar\\\/37d968a2e67a6fd04c169c4bdef102d0bc5d31b2546345219e348575eb80e9a0?s=96&d=mm&r=g\",\"contentUrl\":\"https:\\\/\\\/secure.gravatar.com\\\/avatar\\\/37d968a2e67a6fd04c169c4bdef102d0bc5d31b2546345219e348575eb80e9a0?s=96&d=mm&r=g\",\"caption\":\"redazione\"},\"sameAs\":[\"http:\\\/\\\/www.bellunopress.it\",\"https:\\\/\\\/x.com\\\/bellunopress\"],\"url\":\"https:\\\/\\\/www.bellunopress.it\\\/fr\\\/author\\\/redazione\\\/\"}]}<\/script>\n<!-- \/ Yoast SEO plugin. -->","yoast_head_json":{"title":"Marted\u00ec il presidio in piazza Duomo di Cgil-Cisl-Uil: solidariet\u00e0 alla popolazione curda. L'Unione europea riveda gli accordi con la Turchia. L'Onu garantisca i diritti umani - Bellunopress - Dolomiti","robots":{"index":"index","follow":"follow","max-snippet":"max-snippet:-1","max-image-preview":"max-image-preview:large","max-video-preview":"max-video-preview:-1"},"canonical":"https:\/\/www.bellunopress.it\/fr\/2019\/10\/14\/martedi-il-presidio-in-piazza-duomo-di-cgil-cisl-uil-solidarieta-alla-popolazione-curda-lunione-europea-riveda-gli-accordi-con-la-turchia-lonu-garantisca-i-diritti-umani\/","og_locale":"fr_FR","og_type":"article","og_title":"Marted\u00ec il presidio in piazza Duomo di Cgil-Cisl-Uil: solidariet\u00e0 alla popolazione curda. L'Unione europea riveda gli accordi con la Turchia. L'Onu garantisca i diritti umani - Bellunopress - Dolomiti","og_description":"Belluno, 14 ottobre 2019 &#8211; Presidio in piazza Duomo marted\u00ec 15 ottobre alle ore 17.00\u00a0 organizzato dalle segreterie provinciali dei sindacati Cgil, Cisl e Uil.\u00a0Le Organizzazioni sindacali di Belluno, con la sezione territoriale dell&#8217;ANPI, invitano i cittadini a manifestare piena solidariet\u00e0 al popolo curdo, verso il quale la comunit\u00e0 internazionale ha un debito di riconoscenza [&hellip;]","og_url":"https:\/\/www.bellunopress.it\/fr\/2019\/10\/14\/martedi-il-presidio-in-piazza-duomo-di-cgil-cisl-uil-solidarieta-alla-popolazione-curda-lunione-europea-riveda-gli-accordi-con-la-turchia-lonu-garantisca-i-diritti-umani\/","og_site_name":"Bellunopress - Dolomiti","article_publisher":"https:\/\/www.facebook.com\/profile.php?id=100008943462799","article_published_time":"2019-10-14T10:02:27+00:00","article_modified_time":"2019-10-14T15:06:06+00:00","og_image":[{"url":"http:\/\/www.bellunopress.it\/wp-content\/uploads\/2011\/12\/sit-in-dipendenti-pubblici-cgil-cisl-uil.jpg","type":"","width":"","height":""}],"author":"redazione","twitter_card":"summary_large_image","twitter_creator":"@bellunopress","twitter_site":"@bellunopress","twitter_misc":{"\u00c9crit par":"redazione","Dur\u00e9e de lecture estim\u00e9e":"3 minutes"},"schema":{"@context":"https:\/\/schema.org","@graph":[{"@type":"Article","@id":"https:\/\/www.bellunopress.it\/2019\/10\/14\/martedi-il-presidio-in-piazza-duomo-di-cgil-cisl-uil-solidarieta-alla-popolazione-curda-lunione-europea-riveda-gli-accordi-con-la-turchia-lonu-garantisca-i-diritti-umani\/#article","isPartOf":{"@id":"https:\/\/www.bellunopress.it\/2019\/10\/14\/martedi-il-presidio-in-piazza-duomo-di-cgil-cisl-uil-solidarieta-alla-popolazione-curda-lunione-europea-riveda-gli-accordi-con-la-turchia-lonu-garantisca-i-diritti-umani\/"},"author":{"name":"redazione","@id":"https:\/\/www.bellunopress.it\/#\/schema\/person\/79bb06722b37ece1c03d3e94beb30d73"},"headline":"Marted\u00ec il presidio in piazza Duomo di Cgil-Cisl-Uil: solidariet\u00e0 alla popolazione curda. L&#8217;Unione europea riveda gli accordi con la Turchia. L&#8217;Onu garantisca i diritti umani","datePublished":"2019-10-14T10:02:27+00:00","dateModified":"2019-10-14T15:06:06+00:00","mainEntityOfPage":{"@id":"https:\/\/www.bellunopress.it\/2019\/10\/14\/martedi-il-presidio-in-piazza-duomo-di-cgil-cisl-uil-solidarieta-alla-popolazione-curda-lunione-europea-riveda-gli-accordi-con-la-turchia-lonu-garantisca-i-diritti-umani\/"},"wordCount":568,"publisher":{"@id":"https:\/\/www.bellunopress.it\/#organization"},"image":{"@id":"https:\/\/www.bellunopress.it\/2019\/10\/14\/martedi-il-presidio-in-piazza-duomo-di-cgil-cisl-uil-solidarieta-alla-popolazione-curda-lunione-europea-riveda-gli-accordi-con-la-turchia-lonu-garantisca-i-diritti-umani\/#primaryimage"},"thumbnailUrl":"http:\/\/www.bellunopress.it\/wp-content\/uploads\/2011\/12\/sit-in-dipendenti-pubblici-cgil-cisl-uil.jpg","articleSection":["Appuntamenti, Eventi","Cronaca\/Politica","Prima Pagina","Societ\u00e0, Associazioni, Istituzioni"],"inLanguage":"fr-FR"},{"@type":"WebPage","@id":"https:\/\/www.bellunopress.it\/2019\/10\/14\/martedi-il-presidio-in-piazza-duomo-di-cgil-cisl-uil-solidarieta-alla-popolazione-curda-lunione-europea-riveda-gli-accordi-con-la-turchia-lonu-garantisca-i-diritti-umani\/","url":"https:\/\/www.bellunopress.it\/2019\/10\/14\/martedi-il-presidio-in-piazza-duomo-di-cgil-cisl-uil-solidarieta-alla-popolazione-curda-lunione-europea-riveda-gli-accordi-con-la-turchia-lonu-garantisca-i-diritti-umani\/","name":"Marted\u00ec il presidio in piazza Duomo di Cgil-Cisl-Uil: solidariet\u00e0 alla popolazione curda. L'Unione europea riveda gli accordi con la Turchia. L'Onu garantisca i diritti umani - Bellunopress - Dolomiti","isPartOf":{"@id":"https:\/\/www.bellunopress.it\/#website"},"primaryImageOfPage":{"@id":"https:\/\/www.bellunopress.it\/2019\/10\/14\/martedi-il-presidio-in-piazza-duomo-di-cgil-cisl-uil-solidarieta-alla-popolazione-curda-lunione-europea-riveda-gli-accordi-con-la-turchia-lonu-garantisca-i-diritti-umani\/#primaryimage"},"image":{"@id":"https:\/\/www.bellunopress.it\/2019\/10\/14\/martedi-il-presidio-in-piazza-duomo-di-cgil-cisl-uil-solidarieta-alla-popolazione-curda-lunione-europea-riveda-gli-accordi-con-la-turchia-lonu-garantisca-i-diritti-umani\/#primaryimage"},"thumbnailUrl":"http:\/\/www.bellunopress.it\/wp-content\/uploads\/2011\/12\/sit-in-dipendenti-pubblici-cgil-cisl-uil.jpg","datePublished":"2019-10-14T10:02:27+00:00","dateModified":"2019-10-14T15:06:06+00:00","breadcrumb":{"@id":"https:\/\/www.bellunopress.it\/2019\/10\/14\/martedi-il-presidio-in-piazza-duomo-di-cgil-cisl-uil-solidarieta-alla-popolazione-curda-lunione-europea-riveda-gli-accordi-con-la-turchia-lonu-garantisca-i-diritti-umani\/#breadcrumb"},"inLanguage":"fr-FR","potentialAction":[{"@type":"ReadAction","target":["https:\/\/www.bellunopress.it\/2019\/10\/14\/martedi-il-presidio-in-piazza-duomo-di-cgil-cisl-uil-solidarieta-alla-popolazione-curda-lunione-europea-riveda-gli-accordi-con-la-turchia-lonu-garantisca-i-diritti-umani\/"]}]},{"@type":"ImageObject","inLanguage":"fr-FR","@id":"https:\/\/www.bellunopress.it\/2019\/10\/14\/martedi-il-presidio-in-piazza-duomo-di-cgil-cisl-uil-solidarieta-alla-popolazione-curda-lunione-europea-riveda-gli-accordi-con-la-turchia-lonu-garantisca-i-diritti-umani\/#primaryimage","url":"http:\/\/www.bellunopress.it\/wp-content\/uploads\/2011\/12\/sit-in-dipendenti-pubblici-cgil-cisl-uil.jpg","contentUrl":"http:\/\/www.bellunopress.it\/wp-content\/uploads\/2011\/12\/sit-in-dipendenti-pubblici-cgil-cisl-uil.jpg"},{"@type":"BreadcrumbList","@id":"https:\/\/www.bellunopress.it\/2019\/10\/14\/martedi-il-presidio-in-piazza-duomo-di-cgil-cisl-uil-solidarieta-alla-popolazione-curda-lunione-europea-riveda-gli-accordi-con-la-turchia-lonu-garantisca-i-diritti-umani\/#breadcrumb","itemListElement":[{"@type":"ListItem","position":1,"name":"Home","item":"https:\/\/www.bellunopress.it\/"},{"@type":"ListItem","position":2,"name":"Marted\u00ec il presidio in piazza Duomo di Cgil-Cisl-Uil: solidariet\u00e0 alla popolazione curda. L&#8217;Unione europea riveda gli accordi con la Turchia. L&#8217;Onu garantisca i diritti umani"}]},{"@type":"WebSite","@id":"https:\/\/www.bellunopress.it\/#website","url":"https:\/\/www.bellunopress.it\/","name":"Bellunopress - Dolomiti","description":"e-mail: redazione@bellunopress.it","publisher":{"@id":"https:\/\/www.bellunopress.it\/#organization"},"potentialAction":[{"@type":"SearchAction","target":{"@type":"EntryPoint","urlTemplate":"https:\/\/www.bellunopress.it\/?s={search_term_string}"},"query-input":{"@type":"PropertyValueSpecification","valueRequired":true,"valueName":"search_term_string"}}],"inLanguage":"fr-FR"},{"@type":"Organization","@id":"https:\/\/www.bellunopress.it\/#organization","name":"Bellunopress","url":"https:\/\/www.bellunopress.it\/","logo":{"@type":"ImageObject","inLanguage":"fr-FR","@id":"https:\/\/www.bellunopress.it\/#\/schema\/logo\/image\/","url":"https:\/\/www.bellunopress.it\/wp-content\/uploads\/2011\/05\/cropped-logo-bellunopress-.jpg","contentUrl":"https:\/\/www.bellunopress.it\/wp-content\/uploads\/2011\/05\/cropped-logo-bellunopress-.jpg","width":512,"height":512,"caption":"Bellunopress"},"image":{"@id":"https:\/\/www.bellunopress.it\/#\/schema\/logo\/image\/"},"sameAs":["https:\/\/www.facebook.com\/profile.php?id=100008943462799","https:\/\/x.com\/bellunopress","https:\/\/www.linkedin.com\/hp\/?dnr=JBzUWaJfMUw8vbXJJ2tVW5-I3jZKvC4wsoxE&amp;amp;amp;amp;amp;amp;trk=nav_responsive_tab_home","https:\/\/www.youtube.com\/channel\/UCxL0wu1uN0_3_7hGG0306cw"]},{"@type":"Person","@id":"https:\/\/www.bellunopress.it\/#\/schema\/person\/79bb06722b37ece1c03d3e94beb30d73","name":"r\u00e9daction","image":{"@type":"ImageObject","inLanguage":"fr-FR","@id":"https:\/\/secure.gravatar.com\/avatar\/37d968a2e67a6fd04c169c4bdef102d0bc5d31b2546345219e348575eb80e9a0?s=96&d=mm&r=g","url":"https:\/\/secure.gravatar.com\/avatar\/37d968a2e67a6fd04c169c4bdef102d0bc5d31b2546345219e348575eb80e9a0?s=96&d=mm&r=g","contentUrl":"https:\/\/secure.gravatar.com\/avatar\/37d968a2e67a6fd04c169c4bdef102d0bc5d31b2546345219e348575eb80e9a0?s=96&d=mm&r=g","caption":"redazione"},"sameAs":["http:\/\/www.bellunopress.it","https:\/\/x.com\/bellunopress"],"url":"https:\/\/www.bellunopress.it\/fr\/author\/redazione\/"}]}},"_links":{"self":[{"href":"https:\/\/www.bellunopress.it\/fr\/wp-json\/wp\/v2\/posts\/108716","targetHints":{"allow":["GET"]}}],"collection":[{"href":"https:\/\/www.bellunopress.it\/fr\/wp-json\/wp\/v2\/posts"}],"about":[{"href":"https:\/\/www.bellunopress.it\/fr\/wp-json\/wp\/v2\/types\/post"}],"author":[{"embeddable":true,"href":"https:\/\/www.bellunopress.it\/fr\/wp-json\/wp\/v2\/users\/2"}],"replies":[{"embeddable":true,"href":"https:\/\/www.bellunopress.it\/fr\/wp-json\/wp\/v2\/comments?post=108716"}],"version-history":[{"count":2,"href":"https:\/\/www.bellunopress.it\/fr\/wp-json\/wp\/v2\/posts\/108716\/revisions"}],"predecessor-version":[{"id":108726,"href":"https:\/\/www.bellunopress.it\/fr\/wp-json\/wp\/v2\/posts\/108716\/revisions\/108726"}],"wp:attachment":[{"href":"https:\/\/www.bellunopress.it\/fr\/wp-json\/wp\/v2\/media?parent=108716"}],"wp:term":[{"taxonomy":"category","embeddable":true,"href":"https:\/\/www.bellunopress.it\/fr\/wp-json\/wp\/v2\/categories?post=108716"},{"taxonomy":"post_tag","embeddable":true,"href":"https:\/\/www.bellunopress.it\/fr\/wp-json\/wp\/v2\/tags?post=108716"}],"curies":[{"name":"wp","href":"https:\/\/api.w.org\/{rel}","templated":true}]}}