{"id":108710,"date":"2019-10-13T21:05:38","date_gmt":"2019-10-13T19:05:38","guid":{"rendered":"http:\/\/www.bellunopress.it\/?p=108710"},"modified":"2019-10-13T21:05:39","modified_gmt":"2019-10-13T19:05:39","slug":"consegnati-gli-attestati-ai-volontari-della-protezione-civile-oggi-a-borca-di-cadore-bortoluzzi-la-solidarieta-delle-tute-fluo-e-indispensabile-per-il-nostro-territorio","status":"publish","type":"post","link":"https:\/\/www.bellunopress.it\/fr\/2019\/10\/13\/consegnati-gli-attestati-ai-volontari-della-protezione-civile-oggi-a-borca-di-cadore-bortoluzzi-la-solidarieta-delle-tute-fluo-e-indispensabile-per-il-nostro-territorio\/","title":{"rendered":"Consegnati gli attestati ai volontari della Protezione civile oggi a Borca di Cadore. Bortoluzzi. &#8220;La solidariet\u00e0 delle tute fluo \u00e8 indispensabile per il nostro territorio&#8221;"},"content":{"rendered":"<p><a href=\"http:\/\/www.bellunopress.it\/fr\/2019\/10\/13\/consegnati-gli-attestati-ai-volontari-della-protezione-civile-oggi-a-borca-di-cadore-bortoluzzi-la-solidarieta-delle-tute-fluo-e-indispensabile-per-il-nostro-territorio\/protezione-civile\/\" rel=\"attachment wp-att-108711\"><img loading=\"lazy\" decoding=\"async\" class=\"alignleft size-full wp-image-108711\" src=\"http:\/\/www.bellunopress.it\/wp-content\/uploads\/2019\/10\/protezione-civile.jpg\" alt=\"\" width=\"300\" height=\"239\" \/><\/a>\u00abLa solidariet\u00e0 e l\u2019impegno delle tute fluo sono una forza trainante e indispensabile per il nostro territorio. Lo abbiamo toccato con mano durante i giorni dell\u2019emergenza Vaia; lo vediamo tutti gli anni, dal 2009, a Cancia\u00bb. \u00c8 quanto affermato dal consigliere provinciale Massimo Bortoluzzi, intervenuto stamattina a Borca di Cadore, per la consegna degli attestati ai volontari di Protezione Civile che da fine maggio a fine settembre monitorano il canalone della frana.<br \/>\nLa procedura di monitoraggio \u201cumano\u201d a Cancia avviene da dieci anni, vale a dire da dopo gli eventi tragici del luglio 2009. I volontari, provenienti da tutto il Veneto, si occupano di controllare il canalone e segnalare l\u2019eventuale passaggio di materiale detritico, soprattutto durante i temporali estivi. In caso di emergenza, tocca a loro avvisare il sindaco, per un tempestivo avvio del sistema di allarme. Quest\u2019anno sono stati 36 i gruppi che hanno prestato servizio, per la maggior parte provenienti dalla pianura veneta. Hanno coperto 185 turni di monitoraggio, con 4 persone alla volta; per un totale di 740 volontari impegnati.<\/p>\n<p>\u00abA queste persone va un grazie grandissimo &#8211; ha detto il consigliere provinciale Bortoluzzi -. Hanno sottratto parte delle loro ferie e del loro tempo libero per dare una mano al nostro territorio, a titolo gratuito. I volontari sono indispensabili per il controllo del canalone, ma molto spesso garantiscono anche un aiuto in paese, con la manutenzione dei sentieri che portano alla frana di Cancia e con una presenza costante alle situazioni di necessit\u00e0\u00bb.<br \/>\nA margine della cerimonia di consegna degli attestati, il consigliere Bortoluzzi e il responsabile di Protezione Civile della Provincia, Carlo Zampieri, hanno illustrato il progetto di messa in sicurezza del canalone di Cancia, i cui lavori stanno proseguendo spediti. \u00abSpererei di non dover pi\u00f9 ricorrere all\u2019impegno dei volontari per il monitoraggio della frana &#8211; ha detto Bortoluzzi -. Ma so che ancora per un po\u2019 dovremo abusare della pazienza di queste persone, almeno finch\u00e9 non entrer\u00e0 in funzione il monitoraggio e allarme automatico che stiamo predisponendo. Lo abbiamo visto anche con Vaia: possiamo sempre fare affidamento sulla preparazione e sulla solidariet\u00e0 delle tute fluo. E per questo non smetteremo mai di ringraziarli\u00bb.<\/p>","protected":false},"excerpt":{"rendered":"<p>\u00abLa solidariet\u00e0 e l\u2019impegno delle tute fluo sono una forza trainante e indispensabile per il nostro territorio. Lo abbiamo toccato con mano durante i giorni dell\u2019emergenza Vaia; lo vediamo tutti gli anni, dal 2009, a Cancia\u00bb. \u00c8 quanto affermato dal consigliere provinciale Massimo Bortoluzzi, intervenuto stamattina a Borca di Cadore, per la consegna degli attestati [&hellip;]<\/p>\n","protected":false},"author":2,"featured_media":0,"comment_status":"closed","ping_status":"open","sticky":false,"template":"","format":"standard","meta":{"footnotes":""},"categories":[5,26,8],"tags":[],"class_list":["post-108710","post","type-post","status-publish","format-standard","category-cronaca","category-prima-pagina","category-societa-istituzioni"],"yoast_head":"<!-- This site is optimized with the Yoast SEO plugin v28.4 - https:\/\/yoast.com\/product\/yoast-seo-wordpress\/ -->\n<title>Consegnati gli attestati ai volontari della Protezione civile oggi a Borca di Cadore. Bortoluzzi. &quot;La solidariet\u00e0 delle tute fluo \u00e8 indispensabile per il nostro territorio&quot; - Bellunopress - Dolomiti<\/title>\n<meta name=\"robots\" content=\"index, follow, max-snippet:-1, max-image-preview:large, max-video-preview:-1\" \/>\n<link rel=\"canonical\" href=\"https:\/\/www.bellunopress.it\/fr\/2019\/10\/13\/consegnati-gli-attestati-ai-volontari-della-protezione-civile-oggi-a-borca-di-cadore-bortoluzzi-la-solidarieta-delle-tute-fluo-e-indispensabile-per-il-nostro-territorio\/\" \/>\n<meta property=\"og:locale\" content=\"fr_FR\" \/>\n<meta property=\"og:type\" content=\"article\" \/>\n<meta property=\"og:title\" content=\"Consegnati gli attestati ai volontari della Protezione civile oggi a Borca di Cadore. Bortoluzzi. &quot;La solidariet\u00e0 delle tute fluo \u00e8 indispensabile per il nostro territorio&quot; - Bellunopress - Dolomiti\" \/>\n<meta property=\"og:description\" content=\"\u00abLa solidariet\u00e0 e l\u2019impegno delle tute fluo sono una forza trainante e indispensabile per il nostro territorio. Lo abbiamo toccato con mano durante i giorni dell\u2019emergenza Vaia; lo vediamo tutti gli anni, dal 2009, a Cancia\u00bb. \u00c8 quanto affermato dal consigliere provinciale Massimo Bortoluzzi, intervenuto stamattina a Borca di Cadore, per la consegna degli attestati [&hellip;]\" \/>\n<meta property=\"og:url\" content=\"https:\/\/www.bellunopress.it\/fr\/2019\/10\/13\/consegnati-gli-attestati-ai-volontari-della-protezione-civile-oggi-a-borca-di-cadore-bortoluzzi-la-solidarieta-delle-tute-fluo-e-indispensabile-per-il-nostro-territorio\/\" \/>\n<meta property=\"og:site_name\" content=\"Bellunopress - Dolomiti\" \/>\n<meta property=\"article:publisher\" content=\"https:\/\/www.facebook.com\/profile.php?id=100008943462799\" \/>\n<meta property=\"article:published_time\" content=\"2019-10-13T19:05:38+00:00\" \/>\n<meta property=\"article:modified_time\" content=\"2019-10-13T19:05:39+00:00\" \/>\n<meta property=\"og:image\" content=\"http:\/\/www.bellunopress.it\/wp-content\/uploads\/2019\/10\/protezione-civile.jpg\" \/>\n<meta name=\"author\" content=\"redazione\" \/>\n<meta name=\"twitter:card\" content=\"summary_large_image\" \/>\n<meta name=\"twitter:creator\" content=\"@bellunopress\" \/>\n<meta name=\"twitter:site\" content=\"@bellunopress\" \/>\n<meta name=\"twitter:label1\" content=\"\u00c9crit par\" \/>\n\t<meta name=\"twitter:data1\" content=\"redazione\" \/>\n\t<meta name=\"twitter:label2\" content=\"Dur\u00e9e de lecture estim\u00e9e\" \/>\n\t<meta name=\"twitter:data2\" content=\"2 minutes\" \/>\n<script type=\"application\/ld+json\" class=\"yoast-schema-graph\">{\"@context\":\"https:\\\/\\\/schema.org\",\"@graph\":[{\"@type\":\"Article\",\"@id\":\"https:\\\/\\\/www.bellunopress.it\\\/2019\\\/10\\\/13\\\/consegnati-gli-attestati-ai-volontari-della-protezione-civile-oggi-a-borca-di-cadore-bortoluzzi-la-solidarieta-delle-tute-fluo-e-indispensabile-per-il-nostro-territorio\\\/#article\",\"isPartOf\":{\"@id\":\"https:\\\/\\\/www.bellunopress.it\\\/2019\\\/10\\\/13\\\/consegnati-gli-attestati-ai-volontari-della-protezione-civile-oggi-a-borca-di-cadore-bortoluzzi-la-solidarieta-delle-tute-fluo-e-indispensabile-per-il-nostro-territorio\\\/\"},\"author\":{\"name\":\"redazione\",\"@id\":\"https:\\\/\\\/www.bellunopress.it\\\/#\\\/schema\\\/person\\\/79bb06722b37ece1c03d3e94beb30d73\"},\"headline\":\"Consegnati gli attestati ai volontari della Protezione civile oggi a Borca di Cadore. Bortoluzzi. &#8220;La solidariet\u00e0 delle tute fluo \u00e8 indispensabile per il nostro territorio&#8221;\",\"datePublished\":\"2019-10-13T19:05:38+00:00\",\"dateModified\":\"2019-10-13T19:05:39+00:00\",\"mainEntityOfPage\":{\"@id\":\"https:\\\/\\\/www.bellunopress.it\\\/2019\\\/10\\\/13\\\/consegnati-gli-attestati-ai-volontari-della-protezione-civile-oggi-a-borca-di-cadore-bortoluzzi-la-solidarieta-delle-tute-fluo-e-indispensabile-per-il-nostro-territorio\\\/\"},\"wordCount\":381,\"publisher\":{\"@id\":\"https:\\\/\\\/www.bellunopress.it\\\/#organization\"},\"image\":{\"@id\":\"https:\\\/\\\/www.bellunopress.it\\\/2019\\\/10\\\/13\\\/consegnati-gli-attestati-ai-volontari-della-protezione-civile-oggi-a-borca-di-cadore-bortoluzzi-la-solidarieta-delle-tute-fluo-e-indispensabile-per-il-nostro-territorio\\\/#primaryimage\"},\"thumbnailUrl\":\"http:\\\/\\\/www.bellunopress.it\\\/wp-content\\\/uploads\\\/2019\\\/10\\\/protezione-civile.jpg\",\"articleSection\":[\"Cronaca\\\/Politica\",\"Prima Pagina\",\"Societ\u00e0, Associazioni, Istituzioni\"],\"inLanguage\":\"fr-FR\"},{\"@type\":\"WebPage\",\"@id\":\"https:\\\/\\\/www.bellunopress.it\\\/2019\\\/10\\\/13\\\/consegnati-gli-attestati-ai-volontari-della-protezione-civile-oggi-a-borca-di-cadore-bortoluzzi-la-solidarieta-delle-tute-fluo-e-indispensabile-per-il-nostro-territorio\\\/\",\"url\":\"https:\\\/\\\/www.bellunopress.it\\\/2019\\\/10\\\/13\\\/consegnati-gli-attestati-ai-volontari-della-protezione-civile-oggi-a-borca-di-cadore-bortoluzzi-la-solidarieta-delle-tute-fluo-e-indispensabile-per-il-nostro-territorio\\\/\",\"name\":\"Consegnati gli attestati ai volontari della Protezione civile oggi a Borca di Cadore. Bortoluzzi. \\\"La solidariet\u00e0 delle tute fluo \u00e8 indispensabile per il nostro territorio\\\" - Bellunopress - Dolomiti\",\"isPartOf\":{\"@id\":\"https:\\\/\\\/www.bellunopress.it\\\/#website\"},\"primaryImageOfPage\":{\"@id\":\"https:\\\/\\\/www.bellunopress.it\\\/2019\\\/10\\\/13\\\/consegnati-gli-attestati-ai-volontari-della-protezione-civile-oggi-a-borca-di-cadore-bortoluzzi-la-solidarieta-delle-tute-fluo-e-indispensabile-per-il-nostro-territorio\\\/#primaryimage\"},\"image\":{\"@id\":\"https:\\\/\\\/www.bellunopress.it\\\/2019\\\/10\\\/13\\\/consegnati-gli-attestati-ai-volontari-della-protezione-civile-oggi-a-borca-di-cadore-bortoluzzi-la-solidarieta-delle-tute-fluo-e-indispensabile-per-il-nostro-territorio\\\/#primaryimage\"},\"thumbnailUrl\":\"http:\\\/\\\/www.bellunopress.it\\\/wp-content\\\/uploads\\\/2019\\\/10\\\/protezione-civile.jpg\",\"datePublished\":\"2019-10-13T19:05:38+00:00\",\"dateModified\":\"2019-10-13T19:05:39+00:00\",\"breadcrumb\":{\"@id\":\"https:\\\/\\\/www.bellunopress.it\\\/2019\\\/10\\\/13\\\/consegnati-gli-attestati-ai-volontari-della-protezione-civile-oggi-a-borca-di-cadore-bortoluzzi-la-solidarieta-delle-tute-fluo-e-indispensabile-per-il-nostro-territorio\\\/#breadcrumb\"},\"inLanguage\":\"fr-FR\",\"potentialAction\":[{\"@type\":\"ReadAction\",\"target\":[\"https:\\\/\\\/www.bellunopress.it\\\/2019\\\/10\\\/13\\\/consegnati-gli-attestati-ai-volontari-della-protezione-civile-oggi-a-borca-di-cadore-bortoluzzi-la-solidarieta-delle-tute-fluo-e-indispensabile-per-il-nostro-territorio\\\/\"]}]},{\"@type\":\"ImageObject\",\"inLanguage\":\"fr-FR\",\"@id\":\"https:\\\/\\\/www.bellunopress.it\\\/2019\\\/10\\\/13\\\/consegnati-gli-attestati-ai-volontari-della-protezione-civile-oggi-a-borca-di-cadore-bortoluzzi-la-solidarieta-delle-tute-fluo-e-indispensabile-per-il-nostro-territorio\\\/#primaryimage\",\"url\":\"http:\\\/\\\/www.bellunopress.it\\\/wp-content\\\/uploads\\\/2019\\\/10\\\/protezione-civile.jpg\",\"contentUrl\":\"http:\\\/\\\/www.bellunopress.it\\\/wp-content\\\/uploads\\\/2019\\\/10\\\/protezione-civile.jpg\"},{\"@type\":\"BreadcrumbList\",\"@id\":\"https:\\\/\\\/www.bellunopress.it\\\/2019\\\/10\\\/13\\\/consegnati-gli-attestati-ai-volontari-della-protezione-civile-oggi-a-borca-di-cadore-bortoluzzi-la-solidarieta-delle-tute-fluo-e-indispensabile-per-il-nostro-territorio\\\/#breadcrumb\",\"itemListElement\":[{\"@type\":\"ListItem\",\"position\":1,\"name\":\"Home\",\"item\":\"https:\\\/\\\/www.bellunopress.it\\\/\"},{\"@type\":\"ListItem\",\"position\":2,\"name\":\"Consegnati gli attestati ai volontari della Protezione civile oggi a Borca di Cadore. Bortoluzzi. &#8220;La solidariet\u00e0 delle tute fluo \u00e8 indispensabile per il nostro territorio&#8221;\"}]},{\"@type\":\"WebSite\",\"@id\":\"https:\\\/\\\/www.bellunopress.it\\\/#website\",\"url\":\"https:\\\/\\\/www.bellunopress.it\\\/\",\"name\":\"Bellunopress - Dolomiti\",\"description\":\"e-mail: redazione@bellunopress.it\",\"publisher\":{\"@id\":\"https:\\\/\\\/www.bellunopress.it\\\/#organization\"},\"potentialAction\":[{\"@type\":\"SearchAction\",\"target\":{\"@type\":\"EntryPoint\",\"urlTemplate\":\"https:\\\/\\\/www.bellunopress.it\\\/?s={search_term_string}\"},\"query-input\":{\"@type\":\"PropertyValueSpecification\",\"valueRequired\":true,\"valueName\":\"search_term_string\"}}],\"inLanguage\":\"fr-FR\"},{\"@type\":\"Organization\",\"@id\":\"https:\\\/\\\/www.bellunopress.it\\\/#organization\",\"name\":\"Bellunopress\",\"url\":\"https:\\\/\\\/www.bellunopress.it\\\/\",\"logo\":{\"@type\":\"ImageObject\",\"inLanguage\":\"fr-FR\",\"@id\":\"https:\\\/\\\/www.bellunopress.it\\\/#\\\/schema\\\/logo\\\/image\\\/\",\"url\":\"https:\\\/\\\/www.bellunopress.it\\\/wp-content\\\/uploads\\\/2011\\\/05\\\/cropped-logo-bellunopress-.jpg\",\"contentUrl\":\"https:\\\/\\\/www.bellunopress.it\\\/wp-content\\\/uploads\\\/2011\\\/05\\\/cropped-logo-bellunopress-.jpg\",\"width\":512,\"height\":512,\"caption\":\"Bellunopress\"},\"image\":{\"@id\":\"https:\\\/\\\/www.bellunopress.it\\\/#\\\/schema\\\/logo\\\/image\\\/\"},\"sameAs\":[\"https:\\\/\\\/www.facebook.com\\\/profile.php?id=100008943462799\",\"https:\\\/\\\/x.com\\\/bellunopress\",\"https:\\\/\\\/www.linkedin.com\\\/hp\\\/?dnr=JBzUWaJfMUw8vbXJJ2tVW5-I3jZKvC4wsoxE&amp;amp;amp;amp;amp;amp;trk=nav_responsive_tab_home\",\"https:\\\/\\\/www.youtube.com\\\/channel\\\/UCxL0wu1uN0_3_7hGG0306cw\"]},{\"@type\":\"Person\",\"@id\":\"https:\\\/\\\/www.bellunopress.it\\\/#\\\/schema\\\/person\\\/79bb06722b37ece1c03d3e94beb30d73\",\"name\":\"redazione\",\"image\":{\"@type\":\"ImageObject\",\"inLanguage\":\"fr-FR\",\"@id\":\"https:\\\/\\\/secure.gravatar.com\\\/avatar\\\/37d968a2e67a6fd04c169c4bdef102d0bc5d31b2546345219e348575eb80e9a0?s=96&d=mm&r=g\",\"url\":\"https:\\\/\\\/secure.gravatar.com\\\/avatar\\\/37d968a2e67a6fd04c169c4bdef102d0bc5d31b2546345219e348575eb80e9a0?s=96&d=mm&r=g\",\"contentUrl\":\"https:\\\/\\\/secure.gravatar.com\\\/avatar\\\/37d968a2e67a6fd04c169c4bdef102d0bc5d31b2546345219e348575eb80e9a0?s=96&d=mm&r=g\",\"caption\":\"redazione\"},\"sameAs\":[\"http:\\\/\\\/www.bellunopress.it\",\"https:\\\/\\\/x.com\\\/bellunopress\"],\"url\":\"https:\\\/\\\/www.bellunopress.it\\\/fr\\\/author\\\/redazione\\\/\"}]}<\/script>\n<!-- \/ Yoast SEO plugin. -->","yoast_head_json":{"title":"Consegnati gli attestati ai volontari della Protezione civile oggi a Borca di Cadore. Bortoluzzi. \"La solidariet\u00e0 delle tute fluo \u00e8 indispensabile per il nostro territorio\" - Bellunopress - Dolomiti","robots":{"index":"index","follow":"follow","max-snippet":"max-snippet:-1","max-image-preview":"max-image-preview:large","max-video-preview":"max-video-preview:-1"},"canonical":"https:\/\/www.bellunopress.it\/fr\/2019\/10\/13\/consegnati-gli-attestati-ai-volontari-della-protezione-civile-oggi-a-borca-di-cadore-bortoluzzi-la-solidarieta-delle-tute-fluo-e-indispensabile-per-il-nostro-territorio\/","og_locale":"fr_FR","og_type":"article","og_title":"Consegnati gli attestati ai volontari della Protezione civile oggi a Borca di Cadore. Bortoluzzi. \"La solidariet\u00e0 delle tute fluo \u00e8 indispensabile per il nostro territorio\" - Bellunopress - Dolomiti","og_description":"\u00abLa solidariet\u00e0 e l\u2019impegno delle tute fluo sono una forza trainante e indispensabile per il nostro territorio. Lo abbiamo toccato con mano durante i giorni dell\u2019emergenza Vaia; lo vediamo tutti gli anni, dal 2009, a Cancia\u00bb. \u00c8 quanto affermato dal consigliere provinciale Massimo Bortoluzzi, intervenuto stamattina a Borca di Cadore, per la consegna degli attestati [&hellip;]","og_url":"https:\/\/www.bellunopress.it\/fr\/2019\/10\/13\/consegnati-gli-attestati-ai-volontari-della-protezione-civile-oggi-a-borca-di-cadore-bortoluzzi-la-solidarieta-delle-tute-fluo-e-indispensabile-per-il-nostro-territorio\/","og_site_name":"Bellunopress - Dolomiti","article_publisher":"https:\/\/www.facebook.com\/profile.php?id=100008943462799","article_published_time":"2019-10-13T19:05:38+00:00","article_modified_time":"2019-10-13T19:05:39+00:00","og_image":[{"url":"http:\/\/www.bellunopress.it\/wp-content\/uploads\/2019\/10\/protezione-civile.jpg","type":"","width":"","height":""}],"author":"redazione","twitter_card":"summary_large_image","twitter_creator":"@bellunopress","twitter_site":"@bellunopress","twitter_misc":{"\u00c9crit par":"redazione","Dur\u00e9e de lecture estim\u00e9e":"2 minutes"},"schema":{"@context":"https:\/\/schema.org","@graph":[{"@type":"Article","@id":"https:\/\/www.bellunopress.it\/2019\/10\/13\/consegnati-gli-attestati-ai-volontari-della-protezione-civile-oggi-a-borca-di-cadore-bortoluzzi-la-solidarieta-delle-tute-fluo-e-indispensabile-per-il-nostro-territorio\/#article","isPartOf":{"@id":"https:\/\/www.bellunopress.it\/2019\/10\/13\/consegnati-gli-attestati-ai-volontari-della-protezione-civile-oggi-a-borca-di-cadore-bortoluzzi-la-solidarieta-delle-tute-fluo-e-indispensabile-per-il-nostro-territorio\/"},"author":{"name":"redazione","@id":"https:\/\/www.bellunopress.it\/#\/schema\/person\/79bb06722b37ece1c03d3e94beb30d73"},"headline":"Consegnati gli attestati ai volontari della Protezione civile oggi a Borca di Cadore. Bortoluzzi. &#8220;La solidariet\u00e0 delle tute fluo \u00e8 indispensabile per il nostro territorio&#8221;","datePublished":"2019-10-13T19:05:38+00:00","dateModified":"2019-10-13T19:05:39+00:00","mainEntityOfPage":{"@id":"https:\/\/www.bellunopress.it\/2019\/10\/13\/consegnati-gli-attestati-ai-volontari-della-protezione-civile-oggi-a-borca-di-cadore-bortoluzzi-la-solidarieta-delle-tute-fluo-e-indispensabile-per-il-nostro-territorio\/"},"wordCount":381,"publisher":{"@id":"https:\/\/www.bellunopress.it\/#organization"},"image":{"@id":"https:\/\/www.bellunopress.it\/2019\/10\/13\/consegnati-gli-attestati-ai-volontari-della-protezione-civile-oggi-a-borca-di-cadore-bortoluzzi-la-solidarieta-delle-tute-fluo-e-indispensabile-per-il-nostro-territorio\/#primaryimage"},"thumbnailUrl":"http:\/\/www.bellunopress.it\/wp-content\/uploads\/2019\/10\/protezione-civile.jpg","articleSection":["Cronaca\/Politica","Prima Pagina","Societ\u00e0, Associazioni, Istituzioni"],"inLanguage":"fr-FR"},{"@type":"WebPage","@id":"https:\/\/www.bellunopress.it\/2019\/10\/13\/consegnati-gli-attestati-ai-volontari-della-protezione-civile-oggi-a-borca-di-cadore-bortoluzzi-la-solidarieta-delle-tute-fluo-e-indispensabile-per-il-nostro-territorio\/","url":"https:\/\/www.bellunopress.it\/2019\/10\/13\/consegnati-gli-attestati-ai-volontari-della-protezione-civile-oggi-a-borca-di-cadore-bortoluzzi-la-solidarieta-delle-tute-fluo-e-indispensabile-per-il-nostro-territorio\/","name":"Consegnati gli attestati ai volontari della Protezione civile oggi a Borca di Cadore. Bortoluzzi. \"La solidariet\u00e0 delle tute fluo \u00e8 indispensabile per il nostro territorio\" - Bellunopress - Dolomiti","isPartOf":{"@id":"https:\/\/www.bellunopress.it\/#website"},"primaryImageOfPage":{"@id":"https:\/\/www.bellunopress.it\/2019\/10\/13\/consegnati-gli-attestati-ai-volontari-della-protezione-civile-oggi-a-borca-di-cadore-bortoluzzi-la-solidarieta-delle-tute-fluo-e-indispensabile-per-il-nostro-territorio\/#primaryimage"},"image":{"@id":"https:\/\/www.bellunopress.it\/2019\/10\/13\/consegnati-gli-attestati-ai-volontari-della-protezione-civile-oggi-a-borca-di-cadore-bortoluzzi-la-solidarieta-delle-tute-fluo-e-indispensabile-per-il-nostro-territorio\/#primaryimage"},"thumbnailUrl":"http:\/\/www.bellunopress.it\/wp-content\/uploads\/2019\/10\/protezione-civile.jpg","datePublished":"2019-10-13T19:05:38+00:00","dateModified":"2019-10-13T19:05:39+00:00","breadcrumb":{"@id":"https:\/\/www.bellunopress.it\/2019\/10\/13\/consegnati-gli-attestati-ai-volontari-della-protezione-civile-oggi-a-borca-di-cadore-bortoluzzi-la-solidarieta-delle-tute-fluo-e-indispensabile-per-il-nostro-territorio\/#breadcrumb"},"inLanguage":"fr-FR","potentialAction":[{"@type":"ReadAction","target":["https:\/\/www.bellunopress.it\/2019\/10\/13\/consegnati-gli-attestati-ai-volontari-della-protezione-civile-oggi-a-borca-di-cadore-bortoluzzi-la-solidarieta-delle-tute-fluo-e-indispensabile-per-il-nostro-territorio\/"]}]},{"@type":"ImageObject","inLanguage":"fr-FR","@id":"https:\/\/www.bellunopress.it\/2019\/10\/13\/consegnati-gli-attestati-ai-volontari-della-protezione-civile-oggi-a-borca-di-cadore-bortoluzzi-la-solidarieta-delle-tute-fluo-e-indispensabile-per-il-nostro-territorio\/#primaryimage","url":"http:\/\/www.bellunopress.it\/wp-content\/uploads\/2019\/10\/protezione-civile.jpg","contentUrl":"http:\/\/www.bellunopress.it\/wp-content\/uploads\/2019\/10\/protezione-civile.jpg"},{"@type":"BreadcrumbList","@id":"https:\/\/www.bellunopress.it\/2019\/10\/13\/consegnati-gli-attestati-ai-volontari-della-protezione-civile-oggi-a-borca-di-cadore-bortoluzzi-la-solidarieta-delle-tute-fluo-e-indispensabile-per-il-nostro-territorio\/#breadcrumb","itemListElement":[{"@type":"ListItem","position":1,"name":"Home","item":"https:\/\/www.bellunopress.it\/"},{"@type":"ListItem","position":2,"name":"Consegnati gli attestati ai volontari della Protezione civile oggi a Borca di Cadore. Bortoluzzi. &#8220;La solidariet\u00e0 delle tute fluo \u00e8 indispensabile per il nostro territorio&#8221;"}]},{"@type":"WebSite","@id":"https:\/\/www.bellunopress.it\/#website","url":"https:\/\/www.bellunopress.it\/","name":"Bellunopress - Dolomiti","description":"e-mail: redazione@bellunopress.it","publisher":{"@id":"https:\/\/www.bellunopress.it\/#organization"},"potentialAction":[{"@type":"SearchAction","target":{"@type":"EntryPoint","urlTemplate":"https:\/\/www.bellunopress.it\/?s={search_term_string}"},"query-input":{"@type":"PropertyValueSpecification","valueRequired":true,"valueName":"search_term_string"}}],"inLanguage":"fr-FR"},{"@type":"Organization","@id":"https:\/\/www.bellunopress.it\/#organization","name":"Bellunopress","url":"https:\/\/www.bellunopress.it\/","logo":{"@type":"ImageObject","inLanguage":"fr-FR","@id":"https:\/\/www.bellunopress.it\/#\/schema\/logo\/image\/","url":"https:\/\/www.bellunopress.it\/wp-content\/uploads\/2011\/05\/cropped-logo-bellunopress-.jpg","contentUrl":"https:\/\/www.bellunopress.it\/wp-content\/uploads\/2011\/05\/cropped-logo-bellunopress-.jpg","width":512,"height":512,"caption":"Bellunopress"},"image":{"@id":"https:\/\/www.bellunopress.it\/#\/schema\/logo\/image\/"},"sameAs":["https:\/\/www.facebook.com\/profile.php?id=100008943462799","https:\/\/x.com\/bellunopress","https:\/\/www.linkedin.com\/hp\/?dnr=JBzUWaJfMUw8vbXJJ2tVW5-I3jZKvC4wsoxE&amp;amp;amp;amp;amp;amp;trk=nav_responsive_tab_home","https:\/\/www.youtube.com\/channel\/UCxL0wu1uN0_3_7hGG0306cw"]},{"@type":"Person","@id":"https:\/\/www.bellunopress.it\/#\/schema\/person\/79bb06722b37ece1c03d3e94beb30d73","name":"r\u00e9daction","image":{"@type":"ImageObject","inLanguage":"fr-FR","@id":"https:\/\/secure.gravatar.com\/avatar\/37d968a2e67a6fd04c169c4bdef102d0bc5d31b2546345219e348575eb80e9a0?s=96&d=mm&r=g","url":"https:\/\/secure.gravatar.com\/avatar\/37d968a2e67a6fd04c169c4bdef102d0bc5d31b2546345219e348575eb80e9a0?s=96&d=mm&r=g","contentUrl":"https:\/\/secure.gravatar.com\/avatar\/37d968a2e67a6fd04c169c4bdef102d0bc5d31b2546345219e348575eb80e9a0?s=96&d=mm&r=g","caption":"redazione"},"sameAs":["http:\/\/www.bellunopress.it","https:\/\/x.com\/bellunopress"],"url":"https:\/\/www.bellunopress.it\/fr\/author\/redazione\/"}]}},"_links":{"self":[{"href":"https:\/\/www.bellunopress.it\/fr\/wp-json\/wp\/v2\/posts\/108710","targetHints":{"allow":["GET"]}}],"collection":[{"href":"https:\/\/www.bellunopress.it\/fr\/wp-json\/wp\/v2\/posts"}],"about":[{"href":"https:\/\/www.bellunopress.it\/fr\/wp-json\/wp\/v2\/types\/post"}],"author":[{"embeddable":true,"href":"https:\/\/www.bellunopress.it\/fr\/wp-json\/wp\/v2\/users\/2"}],"replies":[{"embeddable":true,"href":"https:\/\/www.bellunopress.it\/fr\/wp-json\/wp\/v2\/comments?post=108710"}],"version-history":[{"count":2,"href":"https:\/\/www.bellunopress.it\/fr\/wp-json\/wp\/v2\/posts\/108710\/revisions"}],"predecessor-version":[{"id":108713,"href":"https:\/\/www.bellunopress.it\/fr\/wp-json\/wp\/v2\/posts\/108710\/revisions\/108713"}],"wp:attachment":[{"href":"https:\/\/www.bellunopress.it\/fr\/wp-json\/wp\/v2\/media?parent=108710"}],"wp:term":[{"taxonomy":"category","embeddable":true,"href":"https:\/\/www.bellunopress.it\/fr\/wp-json\/wp\/v2\/categories?post=108710"},{"taxonomy":"post_tag","embeddable":true,"href":"https:\/\/www.bellunopress.it\/fr\/wp-json\/wp\/v2\/tags?post=108710"}],"curies":[{"name":"wp","href":"https:\/\/api.w.org\/{rel}","templated":true}]}}