{"id":108688,"date":"2019-10-13T11:34:58","date_gmt":"2019-10-13T09:34:58","guid":{"rendered":"http:\/\/www.bellunopress.it\/?p=108688"},"modified":"2019-10-13T11:34:58","modified_gmt":"2019-10-13T09:34:58","slug":"spettacoli-del-mistero-viaggio-tra-gli-arcani-enigmi-della-regione-dal-15-ottobre-al-1-dicembre-2019","status":"publish","type":"post","link":"https:\/\/www.bellunopress.it\/fr\/2019\/10\/13\/spettacoli-del-mistero-viaggio-tra-gli-arcani-enigmi-della-regione-dal-15-ottobre-al-1-dicembre-2019\/","title":{"rendered":"Spettacoli del mistero, viaggio tra gli arcani enigmi della Regione. Dal 15 ottobre al 1 dicembre 2019"},"content":{"rendered":"<p>Regione del Veneto e UNPLI promuovono raccontano l&#8217;identit\u00e0 ancestrale del territorio con tantissimi eventi coordinati dai volontari.<\/p>\n<p><a href=\"http:\/\/www.bellunopress.it\/fr\/2010\/10\/28\/veneto-spettacoli-di-mistero-2010\/mistero-130x130\/\" rel=\"attachment wp-att-20622\"><img loading=\"lazy\" decoding=\"async\" class=\"alignleft size-full wp-image-20622\" src=\"http:\/\/www.bellunopress.it\/wp-content\/uploads\/2010\/10\/mistero-130x130.png\" alt=\"\" width=\"130\" height=\"130\" \/><\/a>In Veneto, da sempre, la fantasia popolare ha dato forma a leggende e racconti oscuri, di cui cavalieri e dame, streghe e folletti, diavoli e santi sono i protagonisti. Storie fantastiche, scaturite &#8211; forse &#8211; a causa delle nebbie che in inverno avvolgono la pianura e ammantano di mistero ogni cosa, o dal timore verso ci\u00f2 che \u00e8 ignoto e sconosciuto&#8230; di certo vi \u00e8 solo una tradizione popolare ricca di enigmi e storie tenebrose, tramandate di generazione in generazione.<\/p>\n<p>Con questa consapevolezza Regione del Veneto e UNPLI Veneto hanno dato vita a &#8220;Veneto: Spettacoli di Mistero&#8221;, il festival dedicato interamente ai luoghi leggendari e misteriosi della regione. Un evento giunto oramai all&#8217;undicesima edizione che, grazie al lavoro di centinaia di artisti e al supporto di migliaia di volontari, ogni anno mette in scena quasi 200 racconti della tradizione ambientati tra piazze, ville, teatri, castelli, boschi e zone di mare.<\/p>\n<p>La presentazione ufficiale del nuovo calendario di appuntamenti si \u00e8 svolta sabato 12 ottobre presso Palazzo Rinaldi, a Treviso, alla presenza di Giovanni Follador, Presidente Unpli Veneto e Alberto Toso Fei, Direttore Artistico del Festival che, ancora una volta, ha stilato un cartellone tutto da vivere.<\/p>\n<p>In video collegamento \u00e8 arrivato anche il saluto dell&#8217;Assessore Regionale all&#8217;Identit\u00e0 Veneta Cristiano Corazzari che, pur non potendo presenziare all&#8217;incontro, non ha fatto mancare il proprio sostegno alla rassegna:&#8221;Veneto: Spettacoli di Mistero \u00e8 un festival ricco, ben progettato e organizzato, per il quale ringrazio UNPLI-Unione delle Pro Loco del Veneto, il Direttore artistico Alberto Toso Fei e tutte le persone che vi lavorano a vario titolo, compresi tutti i volontari e le strutture regionali che collaborano all&#8217;iniziativa. Un progetto che \u00e8 un importante tassello in quello che possiamo definire il mosaico della identit\u00e0 veneta, una ricchezza unica e speciale che credo tutti dobbiamo essere convinti nel voler preservare e diffondere, dato che attorno ad essa, ancora oggi, si aggregano generazioni diverse. Se il Festival, ormai alla sua 11 edizione, ha un suo consolidato fine culturale, non va tralasciato il fatto che rappresenta un&#8217;ulteriore occasione di ospitalit\u00e0 e di turismo, in una stagione solitamente trascurata dai flussi tradizionali. Una proposta che davvero si connota come tra le pi\u00f9 originali del panorama culturale regionale, presentando anche il pregio di contribuire a far conoscere luoghi e percorsi a volte sconosciuti ma pur sempre bellissimi&#8221;.<\/p>\n<p>&#8220;Questo Festival nasce da un&#8217;idea di Alberto Toso Fei \u2013 ha sottolineato Giovanni Follador, presidente UNPLI Veneto &#8211; che la Regione del Veneto ha colto per la sua valenza culturale ed innovatrice. Non \u00e8 una contrapposizione ad Halloween ma un modo di ricordare le storie che ci facevano tremare quando eravamo bambini e che \u00e8 giusto far conoscere anche ai nostri figli. Il mio grazie va a tutte le Pro Loco coinvolte e ai loro volontari che, con grande entusiasmo, lavorano per realizzare un Festival divertente e ricco di contenuti&#8221;.<\/p>\n<p>&#8220;Sono quasi 200 gli spettacoli messi in scena in questa edizione \u2013 ha proseguito Alberto Toso Fei, direttore artistico del Festival- che lega la tradizione a quella enogastronomica, uno dei tanti aspetti che caratterizzano la nostra regione. Un vortice di spettacoli teatrali, serate di racconto, visite guidate, rievocazioni in costume e cene a tema, mostre, proiezioni e presentazioni, passeggiate, performance artistiche, concerti, musical, ricostruzioni storiche e giochi per i pi\u00f9 piccoli. Una festa che ripercorre la scia tracciata dall&#8217;incredibile eredit\u00e0 immateriale della tradizione veneta, dalle sue credenze, dalle sue figure fantastiche e dalla sua essenza pi\u00f9 profonda. Un festival ideato da Regione Veneto e UNPLI Veneto con l&#8217;intento dichiarato di condividere una maggiore conoscenza del territorio attraverso quel patrimonio artistico e architettonico che \u00e8 parte integrante del nostro Veneto&#8221;.<\/p>\n<p>A partire dal prologo del 15 ottobre, e fino a domenica 1 dicembre, si accenderanno dunque i riflettori su storie, leggende, tradizioni, celate nelle citt\u00e0 capoluogo del Veneto: con i sette eventi provinciali, che si terranno tra venerd\u00ec 25 e sabato 26 ottobre nel tradizionale &#8220;Weekend del Mistero&#8221;, prender\u00e0 ufficialmente il via l&#8217;undicesima edizione di &#8220;Veneto: Spettacoli di Mistero&#8221;, manifestazione che render\u00e0 protagonista anche il pubblico.<\/p>\n<p>Tutte le foto realizzate nelle varie tappe del programma potranno infatti partecipare al concorso &#8220;Scatta l&#8217;ora del mistero&#8221;, giunto all&#8217;8^ edizione.<\/p>\n<p>Storie, racconti e location diverranno cos\u00ec ricordi indelebili della nuova edizione dell&#8217;evento che vivr\u00e0 anche sui canali social, grazie all&#8217;hashtag #spettacolimistero<\/p>\n<p>Tutte le informazioni su <a href=\"http:\/\/www.spettacolidimistero.it\">www.spettacolidimistero.it<\/a><\/p>","protected":false},"excerpt":{"rendered":"<p>Regione del Veneto e UNPLI promuovono raccontano l&#8217;identit\u00e0 ancestrale del territorio con tantissimi eventi coordinati dai volontari. In Veneto, da sempre, la fantasia popolare ha dato forma a leggende e racconti oscuri, di cui cavalieri e dame, streghe e folletti, diavoli e santi sono i protagonisti. Storie fantastiche, scaturite &#8211; forse &#8211; a causa delle [&hellip;]<\/p>\n","protected":false},"author":2,"featured_media":0,"comment_status":"closed","ping_status":"open","sticky":false,"template":"","format":"standard","meta":{"footnotes":""},"categories":[27,3,3394,25],"tags":[],"class_list":["post-108688","post","type-post","status-publish","format-standard","category-appuntamenti","category-arte-cultura-spettacoli-scienza-archivi","category-cultura-e-spettacoli-fuori-provincia","category-pausa-caffe"],"yoast_head":"<!-- This site is optimized with the Yoast SEO plugin v28.4 - https:\/\/yoast.com\/product\/yoast-seo-wordpress\/ -->\n<title>Spettacoli del mistero, viaggio tra gli arcani enigmi della Regione. Dal 15 ottobre al 1 dicembre 2019 - Bellunopress - Dolomiti<\/title>\n<meta name=\"robots\" content=\"index, follow, max-snippet:-1, max-image-preview:large, max-video-preview:-1\" \/>\n<link rel=\"canonical\" href=\"https:\/\/www.bellunopress.it\/fr\/2019\/10\/13\/spettacoli-del-mistero-viaggio-tra-gli-arcani-enigmi-della-regione-dal-15-ottobre-al-1-dicembre-2019\/\" \/>\n<meta property=\"og:locale\" content=\"fr_FR\" \/>\n<meta property=\"og:type\" content=\"article\" \/>\n<meta property=\"og:title\" content=\"Spettacoli del mistero, viaggio tra gli arcani enigmi della Regione. Dal 15 ottobre al 1 dicembre 2019 - Bellunopress - Dolomiti\" \/>\n<meta property=\"og:description\" content=\"Regione del Veneto e UNPLI promuovono raccontano l&#8217;identit\u00e0 ancestrale del territorio con tantissimi eventi coordinati dai volontari. In Veneto, da sempre, la fantasia popolare ha dato forma a leggende e racconti oscuri, di cui cavalieri e dame, streghe e folletti, diavoli e santi sono i protagonisti. Storie fantastiche, scaturite &#8211; forse &#8211; a causa delle [&hellip;]\" \/>\n<meta property=\"og:url\" content=\"https:\/\/www.bellunopress.it\/fr\/2019\/10\/13\/spettacoli-del-mistero-viaggio-tra-gli-arcani-enigmi-della-regione-dal-15-ottobre-al-1-dicembre-2019\/\" \/>\n<meta property=\"og:site_name\" content=\"Bellunopress - Dolomiti\" \/>\n<meta property=\"article:publisher\" content=\"https:\/\/www.facebook.com\/profile.php?id=100008943462799\" \/>\n<meta property=\"article:published_time\" content=\"2019-10-13T09:34:58+00:00\" \/>\n<meta property=\"og:image\" content=\"http:\/\/www.bellunopress.it\/wp-content\/uploads\/2010\/10\/mistero-130x130.png\" \/>\n<meta name=\"author\" content=\"redazione\" \/>\n<meta name=\"twitter:card\" content=\"summary_large_image\" \/>\n<meta name=\"twitter:creator\" content=\"@bellunopress\" \/>\n<meta name=\"twitter:site\" content=\"@bellunopress\" \/>\n<meta name=\"twitter:label1\" content=\"\u00c9crit par\" \/>\n\t<meta name=\"twitter:data1\" content=\"redazione\" \/>\n\t<meta name=\"twitter:label2\" content=\"Dur\u00e9e de lecture estim\u00e9e\" \/>\n\t<meta name=\"twitter:data2\" content=\"4 minutes\" \/>\n<script type=\"application\/ld+json\" class=\"yoast-schema-graph\">{\"@context\":\"https:\\\/\\\/schema.org\",\"@graph\":[{\"@type\":\"Article\",\"@id\":\"https:\\\/\\\/www.bellunopress.it\\\/2019\\\/10\\\/13\\\/spettacoli-del-mistero-viaggio-tra-gli-arcani-enigmi-della-regione-dal-15-ottobre-al-1-dicembre-2019\\\/#article\",\"isPartOf\":{\"@id\":\"https:\\\/\\\/www.bellunopress.it\\\/2019\\\/10\\\/13\\\/spettacoli-del-mistero-viaggio-tra-gli-arcani-enigmi-della-regione-dal-15-ottobre-al-1-dicembre-2019\\\/\"},\"author\":{\"name\":\"redazione\",\"@id\":\"https:\\\/\\\/www.bellunopress.it\\\/#\\\/schema\\\/person\\\/79bb06722b37ece1c03d3e94beb30d73\"},\"headline\":\"Spettacoli del mistero, viaggio tra gli arcani enigmi della Regione. Dal 15 ottobre al 1 dicembre 2019\",\"datePublished\":\"2019-10-13T09:34:58+00:00\",\"mainEntityOfPage\":{\"@id\":\"https:\\\/\\\/www.bellunopress.it\\\/2019\\\/10\\\/13\\\/spettacoli-del-mistero-viaggio-tra-gli-arcani-enigmi-della-regione-dal-15-ottobre-al-1-dicembre-2019\\\/\"},\"wordCount\":748,\"publisher\":{\"@id\":\"https:\\\/\\\/www.bellunopress.it\\\/#organization\"},\"image\":{\"@id\":\"https:\\\/\\\/www.bellunopress.it\\\/2019\\\/10\\\/13\\\/spettacoli-del-mistero-viaggio-tra-gli-arcani-enigmi-della-regione-dal-15-ottobre-al-1-dicembre-2019\\\/#primaryimage\"},\"thumbnailUrl\":\"http:\\\/\\\/www.bellunopress.it\\\/wp-content\\\/uploads\\\/2010\\\/10\\\/mistero-130x130.png\",\"articleSection\":[\"Appuntamenti, Eventi\",\"Arte, Cultura, Spettacoli, Scienza\",\"Cultura e spettacoli, tempo libero, benessere, fuori provincia\",\"Pausa Caff\u00e8\"],\"inLanguage\":\"fr-FR\"},{\"@type\":\"WebPage\",\"@id\":\"https:\\\/\\\/www.bellunopress.it\\\/2019\\\/10\\\/13\\\/spettacoli-del-mistero-viaggio-tra-gli-arcani-enigmi-della-regione-dal-15-ottobre-al-1-dicembre-2019\\\/\",\"url\":\"https:\\\/\\\/www.bellunopress.it\\\/2019\\\/10\\\/13\\\/spettacoli-del-mistero-viaggio-tra-gli-arcani-enigmi-della-regione-dal-15-ottobre-al-1-dicembre-2019\\\/\",\"name\":\"Spettacoli del mistero, viaggio tra gli arcani enigmi della Regione. Dal 15 ottobre al 1 dicembre 2019 - Bellunopress - Dolomiti\",\"isPartOf\":{\"@id\":\"https:\\\/\\\/www.bellunopress.it\\\/#website\"},\"primaryImageOfPage\":{\"@id\":\"https:\\\/\\\/www.bellunopress.it\\\/2019\\\/10\\\/13\\\/spettacoli-del-mistero-viaggio-tra-gli-arcani-enigmi-della-regione-dal-15-ottobre-al-1-dicembre-2019\\\/#primaryimage\"},\"image\":{\"@id\":\"https:\\\/\\\/www.bellunopress.it\\\/2019\\\/10\\\/13\\\/spettacoli-del-mistero-viaggio-tra-gli-arcani-enigmi-della-regione-dal-15-ottobre-al-1-dicembre-2019\\\/#primaryimage\"},\"thumbnailUrl\":\"http:\\\/\\\/www.bellunopress.it\\\/wp-content\\\/uploads\\\/2010\\\/10\\\/mistero-130x130.png\",\"datePublished\":\"2019-10-13T09:34:58+00:00\",\"breadcrumb\":{\"@id\":\"https:\\\/\\\/www.bellunopress.it\\\/2019\\\/10\\\/13\\\/spettacoli-del-mistero-viaggio-tra-gli-arcani-enigmi-della-regione-dal-15-ottobre-al-1-dicembre-2019\\\/#breadcrumb\"},\"inLanguage\":\"fr-FR\",\"potentialAction\":[{\"@type\":\"ReadAction\",\"target\":[\"https:\\\/\\\/www.bellunopress.it\\\/2019\\\/10\\\/13\\\/spettacoli-del-mistero-viaggio-tra-gli-arcani-enigmi-della-regione-dal-15-ottobre-al-1-dicembre-2019\\\/\"]}]},{\"@type\":\"ImageObject\",\"inLanguage\":\"fr-FR\",\"@id\":\"https:\\\/\\\/www.bellunopress.it\\\/2019\\\/10\\\/13\\\/spettacoli-del-mistero-viaggio-tra-gli-arcani-enigmi-della-regione-dal-15-ottobre-al-1-dicembre-2019\\\/#primaryimage\",\"url\":\"http:\\\/\\\/www.bellunopress.it\\\/wp-content\\\/uploads\\\/2010\\\/10\\\/mistero-130x130.png\",\"contentUrl\":\"http:\\\/\\\/www.bellunopress.it\\\/wp-content\\\/uploads\\\/2010\\\/10\\\/mistero-130x130.png\"},{\"@type\":\"BreadcrumbList\",\"@id\":\"https:\\\/\\\/www.bellunopress.it\\\/2019\\\/10\\\/13\\\/spettacoli-del-mistero-viaggio-tra-gli-arcani-enigmi-della-regione-dal-15-ottobre-al-1-dicembre-2019\\\/#breadcrumb\",\"itemListElement\":[{\"@type\":\"ListItem\",\"position\":1,\"name\":\"Home\",\"item\":\"https:\\\/\\\/www.bellunopress.it\\\/\"},{\"@type\":\"ListItem\",\"position\":2,\"name\":\"Spettacoli del mistero, viaggio tra gli arcani enigmi della Regione. Dal 15 ottobre al 1 dicembre 2019\"}]},{\"@type\":\"WebSite\",\"@id\":\"https:\\\/\\\/www.bellunopress.it\\\/#website\",\"url\":\"https:\\\/\\\/www.bellunopress.it\\\/\",\"name\":\"Bellunopress - Dolomiti\",\"description\":\"e-mail: redazione@bellunopress.it\",\"publisher\":{\"@id\":\"https:\\\/\\\/www.bellunopress.it\\\/#organization\"},\"potentialAction\":[{\"@type\":\"SearchAction\",\"target\":{\"@type\":\"EntryPoint\",\"urlTemplate\":\"https:\\\/\\\/www.bellunopress.it\\\/?s={search_term_string}\"},\"query-input\":{\"@type\":\"PropertyValueSpecification\",\"valueRequired\":true,\"valueName\":\"search_term_string\"}}],\"inLanguage\":\"fr-FR\"},{\"@type\":\"Organization\",\"@id\":\"https:\\\/\\\/www.bellunopress.it\\\/#organization\",\"name\":\"Bellunopress\",\"url\":\"https:\\\/\\\/www.bellunopress.it\\\/\",\"logo\":{\"@type\":\"ImageObject\",\"inLanguage\":\"fr-FR\",\"@id\":\"https:\\\/\\\/www.bellunopress.it\\\/#\\\/schema\\\/logo\\\/image\\\/\",\"url\":\"https:\\\/\\\/www.bellunopress.it\\\/wp-content\\\/uploads\\\/2011\\\/05\\\/cropped-logo-bellunopress-.jpg\",\"contentUrl\":\"https:\\\/\\\/www.bellunopress.it\\\/wp-content\\\/uploads\\\/2011\\\/05\\\/cropped-logo-bellunopress-.jpg\",\"width\":512,\"height\":512,\"caption\":\"Bellunopress\"},\"image\":{\"@id\":\"https:\\\/\\\/www.bellunopress.it\\\/#\\\/schema\\\/logo\\\/image\\\/\"},\"sameAs\":[\"https:\\\/\\\/www.facebook.com\\\/profile.php?id=100008943462799\",\"https:\\\/\\\/x.com\\\/bellunopress\",\"https:\\\/\\\/www.linkedin.com\\\/hp\\\/?dnr=JBzUWaJfMUw8vbXJJ2tVW5-I3jZKvC4wsoxE&amp;amp;amp;amp;amp;amp;trk=nav_responsive_tab_home\",\"https:\\\/\\\/www.youtube.com\\\/channel\\\/UCxL0wu1uN0_3_7hGG0306cw\"]},{\"@type\":\"Person\",\"@id\":\"https:\\\/\\\/www.bellunopress.it\\\/#\\\/schema\\\/person\\\/79bb06722b37ece1c03d3e94beb30d73\",\"name\":\"redazione\",\"image\":{\"@type\":\"ImageObject\",\"inLanguage\":\"fr-FR\",\"@id\":\"https:\\\/\\\/secure.gravatar.com\\\/avatar\\\/37d968a2e67a6fd04c169c4bdef102d0bc5d31b2546345219e348575eb80e9a0?s=96&d=mm&r=g\",\"url\":\"https:\\\/\\\/secure.gravatar.com\\\/avatar\\\/37d968a2e67a6fd04c169c4bdef102d0bc5d31b2546345219e348575eb80e9a0?s=96&d=mm&r=g\",\"contentUrl\":\"https:\\\/\\\/secure.gravatar.com\\\/avatar\\\/37d968a2e67a6fd04c169c4bdef102d0bc5d31b2546345219e348575eb80e9a0?s=96&d=mm&r=g\",\"caption\":\"redazione\"},\"sameAs\":[\"http:\\\/\\\/www.bellunopress.it\",\"https:\\\/\\\/x.com\\\/bellunopress\"],\"url\":\"https:\\\/\\\/www.bellunopress.it\\\/fr\\\/author\\\/redazione\\\/\"}]}<\/script>\n<!-- \/ Yoast SEO plugin. -->","yoast_head_json":{"title":"Spettacoli del mistero, viaggio tra gli arcani enigmi della Regione. Dal 15 ottobre al 1 dicembre 2019 - Bellunopress - Dolomiti","robots":{"index":"index","follow":"follow","max-snippet":"max-snippet:-1","max-image-preview":"max-image-preview:large","max-video-preview":"max-video-preview:-1"},"canonical":"https:\/\/www.bellunopress.it\/fr\/2019\/10\/13\/spettacoli-del-mistero-viaggio-tra-gli-arcani-enigmi-della-regione-dal-15-ottobre-al-1-dicembre-2019\/","og_locale":"fr_FR","og_type":"article","og_title":"Spettacoli del mistero, viaggio tra gli arcani enigmi della Regione. Dal 15 ottobre al 1 dicembre 2019 - Bellunopress - Dolomiti","og_description":"Regione del Veneto e UNPLI promuovono raccontano l&#8217;identit\u00e0 ancestrale del territorio con tantissimi eventi coordinati dai volontari. In Veneto, da sempre, la fantasia popolare ha dato forma a leggende e racconti oscuri, di cui cavalieri e dame, streghe e folletti, diavoli e santi sono i protagonisti. Storie fantastiche, scaturite &#8211; forse &#8211; a causa delle [&hellip;]","og_url":"https:\/\/www.bellunopress.it\/fr\/2019\/10\/13\/spettacoli-del-mistero-viaggio-tra-gli-arcani-enigmi-della-regione-dal-15-ottobre-al-1-dicembre-2019\/","og_site_name":"Bellunopress - Dolomiti","article_publisher":"https:\/\/www.facebook.com\/profile.php?id=100008943462799","article_published_time":"2019-10-13T09:34:58+00:00","og_image":[{"url":"http:\/\/www.bellunopress.it\/wp-content\/uploads\/2010\/10\/mistero-130x130.png","type":"","width":"","height":""}],"author":"redazione","twitter_card":"summary_large_image","twitter_creator":"@bellunopress","twitter_site":"@bellunopress","twitter_misc":{"\u00c9crit par":"redazione","Dur\u00e9e de lecture estim\u00e9e":"4 minutes"},"schema":{"@context":"https:\/\/schema.org","@graph":[{"@type":"Article","@id":"https:\/\/www.bellunopress.it\/2019\/10\/13\/spettacoli-del-mistero-viaggio-tra-gli-arcani-enigmi-della-regione-dal-15-ottobre-al-1-dicembre-2019\/#article","isPartOf":{"@id":"https:\/\/www.bellunopress.it\/2019\/10\/13\/spettacoli-del-mistero-viaggio-tra-gli-arcani-enigmi-della-regione-dal-15-ottobre-al-1-dicembre-2019\/"},"author":{"name":"redazione","@id":"https:\/\/www.bellunopress.it\/#\/schema\/person\/79bb06722b37ece1c03d3e94beb30d73"},"headline":"Spettacoli del mistero, viaggio tra gli arcani enigmi della Regione. Dal 15 ottobre al 1 dicembre 2019","datePublished":"2019-10-13T09:34:58+00:00","mainEntityOfPage":{"@id":"https:\/\/www.bellunopress.it\/2019\/10\/13\/spettacoli-del-mistero-viaggio-tra-gli-arcani-enigmi-della-regione-dal-15-ottobre-al-1-dicembre-2019\/"},"wordCount":748,"publisher":{"@id":"https:\/\/www.bellunopress.it\/#organization"},"image":{"@id":"https:\/\/www.bellunopress.it\/2019\/10\/13\/spettacoli-del-mistero-viaggio-tra-gli-arcani-enigmi-della-regione-dal-15-ottobre-al-1-dicembre-2019\/#primaryimage"},"thumbnailUrl":"http:\/\/www.bellunopress.it\/wp-content\/uploads\/2010\/10\/mistero-130x130.png","articleSection":["Appuntamenti, Eventi","Arte, Cultura, Spettacoli, Scienza","Cultura e spettacoli, tempo libero, benessere, fuori provincia","Pausa Caff\u00e8"],"inLanguage":"fr-FR"},{"@type":"WebPage","@id":"https:\/\/www.bellunopress.it\/2019\/10\/13\/spettacoli-del-mistero-viaggio-tra-gli-arcani-enigmi-della-regione-dal-15-ottobre-al-1-dicembre-2019\/","url":"https:\/\/www.bellunopress.it\/2019\/10\/13\/spettacoli-del-mistero-viaggio-tra-gli-arcani-enigmi-della-regione-dal-15-ottobre-al-1-dicembre-2019\/","name":"Spettacoli del mistero, viaggio tra gli arcani enigmi della Regione. Dal 15 ottobre al 1 dicembre 2019 - Bellunopress - Dolomiti","isPartOf":{"@id":"https:\/\/www.bellunopress.it\/#website"},"primaryImageOfPage":{"@id":"https:\/\/www.bellunopress.it\/2019\/10\/13\/spettacoli-del-mistero-viaggio-tra-gli-arcani-enigmi-della-regione-dal-15-ottobre-al-1-dicembre-2019\/#primaryimage"},"image":{"@id":"https:\/\/www.bellunopress.it\/2019\/10\/13\/spettacoli-del-mistero-viaggio-tra-gli-arcani-enigmi-della-regione-dal-15-ottobre-al-1-dicembre-2019\/#primaryimage"},"thumbnailUrl":"http:\/\/www.bellunopress.it\/wp-content\/uploads\/2010\/10\/mistero-130x130.png","datePublished":"2019-10-13T09:34:58+00:00","breadcrumb":{"@id":"https:\/\/www.bellunopress.it\/2019\/10\/13\/spettacoli-del-mistero-viaggio-tra-gli-arcani-enigmi-della-regione-dal-15-ottobre-al-1-dicembre-2019\/#breadcrumb"},"inLanguage":"fr-FR","potentialAction":[{"@type":"ReadAction","target":["https:\/\/www.bellunopress.it\/2019\/10\/13\/spettacoli-del-mistero-viaggio-tra-gli-arcani-enigmi-della-regione-dal-15-ottobre-al-1-dicembre-2019\/"]}]},{"@type":"ImageObject","inLanguage":"fr-FR","@id":"https:\/\/www.bellunopress.it\/2019\/10\/13\/spettacoli-del-mistero-viaggio-tra-gli-arcani-enigmi-della-regione-dal-15-ottobre-al-1-dicembre-2019\/#primaryimage","url":"http:\/\/www.bellunopress.it\/wp-content\/uploads\/2010\/10\/mistero-130x130.png","contentUrl":"http:\/\/www.bellunopress.it\/wp-content\/uploads\/2010\/10\/mistero-130x130.png"},{"@type":"BreadcrumbList","@id":"https:\/\/www.bellunopress.it\/2019\/10\/13\/spettacoli-del-mistero-viaggio-tra-gli-arcani-enigmi-della-regione-dal-15-ottobre-al-1-dicembre-2019\/#breadcrumb","itemListElement":[{"@type":"ListItem","position":1,"name":"Home","item":"https:\/\/www.bellunopress.it\/"},{"@type":"ListItem","position":2,"name":"Spettacoli del mistero, viaggio tra gli arcani enigmi della Regione. Dal 15 ottobre al 1 dicembre 2019"}]},{"@type":"WebSite","@id":"https:\/\/www.bellunopress.it\/#website","url":"https:\/\/www.bellunopress.it\/","name":"Bellunopress - Dolomiti","description":"e-mail: redazione@bellunopress.it","publisher":{"@id":"https:\/\/www.bellunopress.it\/#organization"},"potentialAction":[{"@type":"SearchAction","target":{"@type":"EntryPoint","urlTemplate":"https:\/\/www.bellunopress.it\/?s={search_term_string}"},"query-input":{"@type":"PropertyValueSpecification","valueRequired":true,"valueName":"search_term_string"}}],"inLanguage":"fr-FR"},{"@type":"Organization","@id":"https:\/\/www.bellunopress.it\/#organization","name":"Bellunopress","url":"https:\/\/www.bellunopress.it\/","logo":{"@type":"ImageObject","inLanguage":"fr-FR","@id":"https:\/\/www.bellunopress.it\/#\/schema\/logo\/image\/","url":"https:\/\/www.bellunopress.it\/wp-content\/uploads\/2011\/05\/cropped-logo-bellunopress-.jpg","contentUrl":"https:\/\/www.bellunopress.it\/wp-content\/uploads\/2011\/05\/cropped-logo-bellunopress-.jpg","width":512,"height":512,"caption":"Bellunopress"},"image":{"@id":"https:\/\/www.bellunopress.it\/#\/schema\/logo\/image\/"},"sameAs":["https:\/\/www.facebook.com\/profile.php?id=100008943462799","https:\/\/x.com\/bellunopress","https:\/\/www.linkedin.com\/hp\/?dnr=JBzUWaJfMUw8vbXJJ2tVW5-I3jZKvC4wsoxE&amp;amp;amp;amp;amp;amp;trk=nav_responsive_tab_home","https:\/\/www.youtube.com\/channel\/UCxL0wu1uN0_3_7hGG0306cw"]},{"@type":"Person","@id":"https:\/\/www.bellunopress.it\/#\/schema\/person\/79bb06722b37ece1c03d3e94beb30d73","name":"r\u00e9daction","image":{"@type":"ImageObject","inLanguage":"fr-FR","@id":"https:\/\/secure.gravatar.com\/avatar\/37d968a2e67a6fd04c169c4bdef102d0bc5d31b2546345219e348575eb80e9a0?s=96&d=mm&r=g","url":"https:\/\/secure.gravatar.com\/avatar\/37d968a2e67a6fd04c169c4bdef102d0bc5d31b2546345219e348575eb80e9a0?s=96&d=mm&r=g","contentUrl":"https:\/\/secure.gravatar.com\/avatar\/37d968a2e67a6fd04c169c4bdef102d0bc5d31b2546345219e348575eb80e9a0?s=96&d=mm&r=g","caption":"redazione"},"sameAs":["http:\/\/www.bellunopress.it","https:\/\/x.com\/bellunopress"],"url":"https:\/\/www.bellunopress.it\/fr\/author\/redazione\/"}]}},"_links":{"self":[{"href":"https:\/\/www.bellunopress.it\/fr\/wp-json\/wp\/v2\/posts\/108688","targetHints":{"allow":["GET"]}}],"collection":[{"href":"https:\/\/www.bellunopress.it\/fr\/wp-json\/wp\/v2\/posts"}],"about":[{"href":"https:\/\/www.bellunopress.it\/fr\/wp-json\/wp\/v2\/types\/post"}],"author":[{"embeddable":true,"href":"https:\/\/www.bellunopress.it\/fr\/wp-json\/wp\/v2\/users\/2"}],"replies":[{"embeddable":true,"href":"https:\/\/www.bellunopress.it\/fr\/wp-json\/wp\/v2\/comments?post=108688"}],"version-history":[{"count":1,"href":"https:\/\/www.bellunopress.it\/fr\/wp-json\/wp\/v2\/posts\/108688\/revisions"}],"predecessor-version":[{"id":108689,"href":"https:\/\/www.bellunopress.it\/fr\/wp-json\/wp\/v2\/posts\/108688\/revisions\/108689"}],"wp:attachment":[{"href":"https:\/\/www.bellunopress.it\/fr\/wp-json\/wp\/v2\/media?parent=108688"}],"wp:term":[{"taxonomy":"category","embeddable":true,"href":"https:\/\/www.bellunopress.it\/fr\/wp-json\/wp\/v2\/categories?post=108688"},{"taxonomy":"post_tag","embeddable":true,"href":"https:\/\/www.bellunopress.it\/fr\/wp-json\/wp\/v2\/tags?post=108688"}],"curies":[{"name":"wp","href":"https:\/\/api.w.org\/{rel}","templated":true}]}}