{"id":108686,"date":"2019-10-13T11:24:51","date_gmt":"2019-10-13T09:24:51","guid":{"rendered":"http:\/\/www.bellunopress.it\/?p=108686"},"modified":"2019-10-13T11:25:44","modified_gmt":"2019-10-13T09:25:44","slug":"fucilateli-il-documentario-sulla-i-guerra-mondiale-venerdi-sera-a-montebelluna","status":"publish","type":"post","link":"https:\/\/www.bellunopress.it\/fr\/2019\/10\/13\/fucilateli-il-documentario-sulla-i-guerra-mondiale-venerdi-sera-a-montebelluna\/","title":{"rendered":"Fucilateli! Il documentario sulla I^ Guerra mondiale venerd\u00ec sera a Montebelluna"},"content":{"rendered":"<p>Tra il 24 ottobre e il 12 dicembre 1917 avvenne la battaglia di Caporetto, nome che da allora \u00e8 sinonimo di sconfitta disastrosa. Caporetto \u00e8 oggi un comune sloveno (Kobarid) di poco pi\u00f9 di 4000 abitanti e sede del Museo di quella disfatta. Nelle carte di guerra austro-ungariche il paese era annotato come Karfreit. Dopo la sconfitta di Caporetto lesercito italiano si assest\u00f2 sulla linea del Piave. Furono giorni di confusione e di tensione, di esodo, saccheggio, stupri e fucilazioni. &#8220;Qui si fucila senza piet\u00e0!, affermava allora Monsignor Longhin, Prevosto di Montebelluna.<\/p>\n<p>Il documentario &#8220;Fucilateli-Commissione di inchiesta su Caporetto 1918-19&#8221;, proiettato lo scorso maggio al Senato, sar\u00e0 proiettato Venerd\u00ec 18 ottobre 2019 ore 20:45 al Teatro Binotto di Montebelluna, a cura del MEVE Memoriale della Grande Guerra, con sede a Villa Correr Pisani.<br \/>\nIl documentario \u00e8 scritto e diretto da Manuel Zarpellon e Giorgia Lorenzato, musica di&#8230;, prodotto da Sole e Luna Production di Manuel Zarpellon, distribuito da Emera Film.<br \/>\nIl lavoro \u00e8 stato girato in gran parte lungo le sponde del Piave e importante \u00e8 stato il contributo di B.I.M. Piave di Treviso, della consulenza di prof. Marco Mondini (Universit\u00e0 degli Studi di Padova) e delle dichiarazioni del Procuratore Militare Dottor Marco De Paolis, della Dottoressa Irene Guerrini e del Dottor Marco Pluviano. Il documentario, inoltre \u00e8 patrocinato dal Ministero della Difesa e ha certificazione storico-scientifica dellUniversit\u00e0 degli Studi di Padova.<br \/>\nLa Commissione dInchiesta, promossa dallallora Presidente del Consiglio Orlando e presieduta dal Generale Caneva, fu istituita nel gennaio 1918 e chiusa nei primi mesi del 1919. Per quanto riguarda il tema delle fucilazioni, i primi dati resi noti dalla Commissione parlano di 729 condanne eseguite tra il maggio del 15 e il novembre del 18, con una media di 17 al mese. Vi furono proteste e sgmonento per cui i risultati della Commissione furono ritirati e tenuti segreti.<br \/>\nVi fu una fucilazione anche vicino a Montebelluna. La brigata Treviso, \u00e8 a Nervesa della Battaglia. Tre soldati, fra cui un caporale, erano stati sorpresi dal Colonnello Brigadiere Giuseppe Barbieri che uscivano da una villa di Nervesa con della biancheria, un paio di camicie e mutande pulite con le quali cambiarsi di indumenti sporchi e pieni di insetti. Vennero interrogati e tre ore arriv\u00f2 dal Comandato di Brigata lordine di fucilarli. Invano valse il tentativo del colonnello stesso di far ridurre la pena. Furono fucilati il 2 novembre 1917 da un plotone desecuzione che pianse per lordine assurdo. Dovettero presenziare ufficiali e compagni darmi sgomenti. I fucilati non si lamentarono n\u00e9 vollero essere bendati.<br \/>\nL&#8217; Italia detiene il record pesante di essere al primo posto in fatto di fucilati e decimati. In un esercito di 4 milioni e 200 mila soldati al fronte ne giustizi\u00f2 circa 1000. Lesercito francese che inizi\u00f2 la guerra nel 1914, un anno prima, ebbe 6 milioni di soldati e 700 fucilati. Nellesercito inglese furono 350 e in quello tedesco una cinquantina.<\/p>\n<p>Il documentario &#8220;Fucilateli-Commissione di inchiesta su Caporetto 1918-19&#8221; ha il merito di raccontare questa tragedia nella tragedia. Pu\u00f2, inoltre, stimolare la ripresa di un&#8217;azione per la riabilitazione collettiva dei fucilati e decimati durante la Grande Guerra, Grande Massacro 1915 \u2014 1918.\u00a0I fucilati e decimati durante la Grande Guerra non vanno perdonati, ma riabilitati.<\/p>\n<p>Francesco Cecchini<\/p>\n<p><iframe loading=\"lazy\" title=\"FUCILATELI - Commissione d&#039;Inchiesta su Caporetto 1918 - 19 Official Trailer\" src=\"https:\/\/player.vimeo.com\/video\/345445428?dnt=1&amp;app_id=122963\" width=\"696\" height=\"376\" frameborder=\"0\" allow=\"autoplay; fullscreen\" allowfullscreen><\/iframe><\/p>","protected":false},"excerpt":{"rendered":"<p>Tra il 24 ottobre e il 12 dicembre 1917 avvenne la battaglia di Caporetto, nome che da allora \u00e8 sinonimo di sconfitta disastrosa. Caporetto \u00e8 oggi un comune sloveno (Kobarid) di poco pi\u00f9 di 4000 abitanti e sede del Museo di quella disfatta. Nelle carte di guerra austro-ungariche il paese era annotato come Karfreit. Dopo [&hellip;]<\/p>\n","protected":false},"author":2,"featured_media":0,"comment_status":"closed","ping_status":"open","sticky":false,"template":"","format":"standard","meta":{"footnotes":""},"categories":[27,3,3394,25],"tags":[],"class_list":["post-108686","post","type-post","status-publish","format-standard","category-appuntamenti","category-arte-cultura-spettacoli-scienza-archivi","category-cultura-e-spettacoli-fuori-provincia","category-pausa-caffe"],"yoast_head":"<!-- This site is optimized with the Yoast SEO plugin v28.4 - https:\/\/yoast.com\/product\/yoast-seo-wordpress\/ -->\n<title>Fucilateli! Il documentario sulla I^ Guerra mondiale venerd\u00ec sera a Montebelluna - Bellunopress - Dolomiti<\/title>\n<meta name=\"robots\" content=\"index, follow, max-snippet:-1, max-image-preview:large, max-video-preview:-1\" \/>\n<link rel=\"canonical\" href=\"https:\/\/www.bellunopress.it\/fr\/2019\/10\/13\/fucilateli-il-documentario-sulla-i-guerra-mondiale-venerdi-sera-a-montebelluna\/\" \/>\n<meta property=\"og:locale\" content=\"fr_FR\" \/>\n<meta property=\"og:type\" content=\"article\" \/>\n<meta property=\"og:title\" content=\"Fucilateli! Il documentario sulla I^ Guerra mondiale venerd\u00ec sera a Montebelluna - Bellunopress - Dolomiti\" \/>\n<meta property=\"og:description\" content=\"Tra il 24 ottobre e il 12 dicembre 1917 avvenne la battaglia di Caporetto, nome che da allora \u00e8 sinonimo di sconfitta disastrosa. Caporetto \u00e8 oggi un comune sloveno (Kobarid) di poco pi\u00f9 di 4000 abitanti e sede del Museo di quella disfatta. Nelle carte di guerra austro-ungariche il paese era annotato come Karfreit. Dopo [&hellip;]\" \/>\n<meta property=\"og:url\" content=\"https:\/\/www.bellunopress.it\/fr\/2019\/10\/13\/fucilateli-il-documentario-sulla-i-guerra-mondiale-venerdi-sera-a-montebelluna\/\" \/>\n<meta property=\"og:site_name\" content=\"Bellunopress - Dolomiti\" \/>\n<meta property=\"article:publisher\" content=\"https:\/\/www.facebook.com\/profile.php?id=100008943462799\" \/>\n<meta property=\"article:published_time\" content=\"2019-10-13T09:24:51+00:00\" \/>\n<meta property=\"article:modified_time\" content=\"2019-10-13T09:25:44+00:00\" \/>\n<meta property=\"og:image\" content=\"http:\/\/www.bellunopress.it\/wp-content\/uploads\/2012\/07\/logo-bellunopress-250x250-2012.jpg\" \/>\n<meta name=\"author\" content=\"redazione\" \/>\n<meta name=\"twitter:card\" content=\"summary_large_image\" \/>\n<meta name=\"twitter:creator\" content=\"@bellunopress\" \/>\n<meta name=\"twitter:site\" content=\"@bellunopress\" \/>\n<meta name=\"twitter:label1\" content=\"\u00c9crit par\" \/>\n\t<meta name=\"twitter:data1\" content=\"redazione\" \/>\n\t<meta name=\"twitter:label2\" content=\"Dur\u00e9e de lecture estim\u00e9e\" \/>\n\t<meta name=\"twitter:data2\" content=\"3 minutes\" \/>\n<script type=\"application\/ld+json\" class=\"yoast-schema-graph\">{\"@context\":\"https:\\\/\\\/schema.org\",\"@graph\":[{\"@type\":\"Article\",\"@id\":\"https:\\\/\\\/www.bellunopress.it\\\/2019\\\/10\\\/13\\\/fucilateli-il-documentario-sulla-i-guerra-mondiale-venerdi-sera-a-montebelluna\\\/#article\",\"isPartOf\":{\"@id\":\"https:\\\/\\\/www.bellunopress.it\\\/2019\\\/10\\\/13\\\/fucilateli-il-documentario-sulla-i-guerra-mondiale-venerdi-sera-a-montebelluna\\\/\"},\"author\":{\"name\":\"redazione\",\"@id\":\"https:\\\/\\\/www.bellunopress.it\\\/#\\\/schema\\\/person\\\/79bb06722b37ece1c03d3e94beb30d73\"},\"headline\":\"Fucilateli! Il documentario sulla I^ Guerra mondiale venerd\u00ec sera a Montebelluna\",\"datePublished\":\"2019-10-13T09:24:51+00:00\",\"dateModified\":\"2019-10-13T09:25:44+00:00\",\"mainEntityOfPage\":{\"@id\":\"https:\\\/\\\/www.bellunopress.it\\\/2019\\\/10\\\/13\\\/fucilateli-il-documentario-sulla-i-guerra-mondiale-venerdi-sera-a-montebelluna\\\/\"},\"wordCount\":527,\"publisher\":{\"@id\":\"https:\\\/\\\/www.bellunopress.it\\\/#organization\"},\"articleSection\":[\"Appuntamenti, Eventi\",\"Arte, Cultura, Spettacoli, Scienza\",\"Cultura e spettacoli, tempo libero, benessere, fuori provincia\",\"Pausa Caff\u00e8\"],\"inLanguage\":\"fr-FR\"},{\"@type\":\"WebPage\",\"@id\":\"https:\\\/\\\/www.bellunopress.it\\\/2019\\\/10\\\/13\\\/fucilateli-il-documentario-sulla-i-guerra-mondiale-venerdi-sera-a-montebelluna\\\/\",\"url\":\"https:\\\/\\\/www.bellunopress.it\\\/2019\\\/10\\\/13\\\/fucilateli-il-documentario-sulla-i-guerra-mondiale-venerdi-sera-a-montebelluna\\\/\",\"name\":\"Fucilateli! Il documentario sulla I^ Guerra mondiale venerd\u00ec sera a Montebelluna - Bellunopress - Dolomiti\",\"isPartOf\":{\"@id\":\"https:\\\/\\\/www.bellunopress.it\\\/#website\"},\"datePublished\":\"2019-10-13T09:24:51+00:00\",\"dateModified\":\"2019-10-13T09:25:44+00:00\",\"breadcrumb\":{\"@id\":\"https:\\\/\\\/www.bellunopress.it\\\/2019\\\/10\\\/13\\\/fucilateli-il-documentario-sulla-i-guerra-mondiale-venerdi-sera-a-montebelluna\\\/#breadcrumb\"},\"inLanguage\":\"fr-FR\",\"potentialAction\":[{\"@type\":\"ReadAction\",\"target\":[\"https:\\\/\\\/www.bellunopress.it\\\/2019\\\/10\\\/13\\\/fucilateli-il-documentario-sulla-i-guerra-mondiale-venerdi-sera-a-montebelluna\\\/\"]}]},{\"@type\":\"BreadcrumbList\",\"@id\":\"https:\\\/\\\/www.bellunopress.it\\\/2019\\\/10\\\/13\\\/fucilateli-il-documentario-sulla-i-guerra-mondiale-venerdi-sera-a-montebelluna\\\/#breadcrumb\",\"itemListElement\":[{\"@type\":\"ListItem\",\"position\":1,\"name\":\"Home\",\"item\":\"https:\\\/\\\/www.bellunopress.it\\\/\"},{\"@type\":\"ListItem\",\"position\":2,\"name\":\"Fucilateli! Il documentario sulla I^ Guerra mondiale venerd\u00ec sera a Montebelluna\"}]},{\"@type\":\"WebSite\",\"@id\":\"https:\\\/\\\/www.bellunopress.it\\\/#website\",\"url\":\"https:\\\/\\\/www.bellunopress.it\\\/\",\"name\":\"Bellunopress - Dolomiti\",\"description\":\"e-mail: redazione@bellunopress.it\",\"publisher\":{\"@id\":\"https:\\\/\\\/www.bellunopress.it\\\/#organization\"},\"potentialAction\":[{\"@type\":\"SearchAction\",\"target\":{\"@type\":\"EntryPoint\",\"urlTemplate\":\"https:\\\/\\\/www.bellunopress.it\\\/?s={search_term_string}\"},\"query-input\":{\"@type\":\"PropertyValueSpecification\",\"valueRequired\":true,\"valueName\":\"search_term_string\"}}],\"inLanguage\":\"fr-FR\"},{\"@type\":\"Organization\",\"@id\":\"https:\\\/\\\/www.bellunopress.it\\\/#organization\",\"name\":\"Bellunopress\",\"url\":\"https:\\\/\\\/www.bellunopress.it\\\/\",\"logo\":{\"@type\":\"ImageObject\",\"inLanguage\":\"fr-FR\",\"@id\":\"https:\\\/\\\/www.bellunopress.it\\\/#\\\/schema\\\/logo\\\/image\\\/\",\"url\":\"https:\\\/\\\/www.bellunopress.it\\\/wp-content\\\/uploads\\\/2011\\\/05\\\/cropped-logo-bellunopress-.jpg\",\"contentUrl\":\"https:\\\/\\\/www.bellunopress.it\\\/wp-content\\\/uploads\\\/2011\\\/05\\\/cropped-logo-bellunopress-.jpg\",\"width\":512,\"height\":512,\"caption\":\"Bellunopress\"},\"image\":{\"@id\":\"https:\\\/\\\/www.bellunopress.it\\\/#\\\/schema\\\/logo\\\/image\\\/\"},\"sameAs\":[\"https:\\\/\\\/www.facebook.com\\\/profile.php?id=100008943462799\",\"https:\\\/\\\/x.com\\\/bellunopress\",\"https:\\\/\\\/www.linkedin.com\\\/hp\\\/?dnr=JBzUWaJfMUw8vbXJJ2tVW5-I3jZKvC4wsoxE&amp;amp;amp;amp;amp;amp;trk=nav_responsive_tab_home\",\"https:\\\/\\\/www.youtube.com\\\/channel\\\/UCxL0wu1uN0_3_7hGG0306cw\"]},{\"@type\":\"Person\",\"@id\":\"https:\\\/\\\/www.bellunopress.it\\\/#\\\/schema\\\/person\\\/79bb06722b37ece1c03d3e94beb30d73\",\"name\":\"redazione\",\"image\":{\"@type\":\"ImageObject\",\"inLanguage\":\"fr-FR\",\"@id\":\"https:\\\/\\\/secure.gravatar.com\\\/avatar\\\/37d968a2e67a6fd04c169c4bdef102d0bc5d31b2546345219e348575eb80e9a0?s=96&d=mm&r=g\",\"url\":\"https:\\\/\\\/secure.gravatar.com\\\/avatar\\\/37d968a2e67a6fd04c169c4bdef102d0bc5d31b2546345219e348575eb80e9a0?s=96&d=mm&r=g\",\"contentUrl\":\"https:\\\/\\\/secure.gravatar.com\\\/avatar\\\/37d968a2e67a6fd04c169c4bdef102d0bc5d31b2546345219e348575eb80e9a0?s=96&d=mm&r=g\",\"caption\":\"redazione\"},\"sameAs\":[\"http:\\\/\\\/www.bellunopress.it\",\"https:\\\/\\\/x.com\\\/bellunopress\"],\"url\":\"https:\\\/\\\/www.bellunopress.it\\\/fr\\\/author\\\/redazione\\\/\"}]}<\/script>\n<!-- \/ Yoast SEO plugin. -->","yoast_head_json":{"title":"Fucilateli! Il documentario sulla I^ Guerra mondiale venerd\u00ec sera a Montebelluna - Bellunopress - Dolomiti","robots":{"index":"index","follow":"follow","max-snippet":"max-snippet:-1","max-image-preview":"max-image-preview:large","max-video-preview":"max-video-preview:-1"},"canonical":"https:\/\/www.bellunopress.it\/fr\/2019\/10\/13\/fucilateli-il-documentario-sulla-i-guerra-mondiale-venerdi-sera-a-montebelluna\/","og_locale":"fr_FR","og_type":"article","og_title":"Fucilateli! Il documentario sulla I^ Guerra mondiale venerd\u00ec sera a Montebelluna - Bellunopress - Dolomiti","og_description":"Tra il 24 ottobre e il 12 dicembre 1917 avvenne la battaglia di Caporetto, nome che da allora \u00e8 sinonimo di sconfitta disastrosa. Caporetto \u00e8 oggi un comune sloveno (Kobarid) di poco pi\u00f9 di 4000 abitanti e sede del Museo di quella disfatta. Nelle carte di guerra austro-ungariche il paese era annotato come Karfreit. Dopo [&hellip;]","og_url":"https:\/\/www.bellunopress.it\/fr\/2019\/10\/13\/fucilateli-il-documentario-sulla-i-guerra-mondiale-venerdi-sera-a-montebelluna\/","og_site_name":"Bellunopress - Dolomiti","article_publisher":"https:\/\/www.facebook.com\/profile.php?id=100008943462799","article_published_time":"2019-10-13T09:24:51+00:00","article_modified_time":"2019-10-13T09:25:44+00:00","og_image":[{"url":"http:\/\/www.bellunopress.it\/wp-content\/uploads\/2012\/07\/logo-bellunopress-250x250-2012.jpg","type":"","width":"","height":""}],"author":"redazione","twitter_card":"summary_large_image","twitter_creator":"@bellunopress","twitter_site":"@bellunopress","twitter_misc":{"\u00c9crit par":"redazione","Dur\u00e9e de lecture estim\u00e9e":"3 minutes"},"schema":{"@context":"https:\/\/schema.org","@graph":[{"@type":"Article","@id":"https:\/\/www.bellunopress.it\/2019\/10\/13\/fucilateli-il-documentario-sulla-i-guerra-mondiale-venerdi-sera-a-montebelluna\/#article","isPartOf":{"@id":"https:\/\/www.bellunopress.it\/2019\/10\/13\/fucilateli-il-documentario-sulla-i-guerra-mondiale-venerdi-sera-a-montebelluna\/"},"author":{"name":"redazione","@id":"https:\/\/www.bellunopress.it\/#\/schema\/person\/79bb06722b37ece1c03d3e94beb30d73"},"headline":"Fucilateli! Il documentario sulla I^ Guerra mondiale venerd\u00ec sera a Montebelluna","datePublished":"2019-10-13T09:24:51+00:00","dateModified":"2019-10-13T09:25:44+00:00","mainEntityOfPage":{"@id":"https:\/\/www.bellunopress.it\/2019\/10\/13\/fucilateli-il-documentario-sulla-i-guerra-mondiale-venerdi-sera-a-montebelluna\/"},"wordCount":527,"publisher":{"@id":"https:\/\/www.bellunopress.it\/#organization"},"articleSection":["Appuntamenti, Eventi","Arte, Cultura, Spettacoli, Scienza","Cultura e spettacoli, tempo libero, benessere, fuori provincia","Pausa Caff\u00e8"],"inLanguage":"fr-FR"},{"@type":"WebPage","@id":"https:\/\/www.bellunopress.it\/2019\/10\/13\/fucilateli-il-documentario-sulla-i-guerra-mondiale-venerdi-sera-a-montebelluna\/","url":"https:\/\/www.bellunopress.it\/2019\/10\/13\/fucilateli-il-documentario-sulla-i-guerra-mondiale-venerdi-sera-a-montebelluna\/","name":"Fucilateli! Il documentario sulla I^ Guerra mondiale venerd\u00ec sera a Montebelluna - Bellunopress - Dolomiti","isPartOf":{"@id":"https:\/\/www.bellunopress.it\/#website"},"datePublished":"2019-10-13T09:24:51+00:00","dateModified":"2019-10-13T09:25:44+00:00","breadcrumb":{"@id":"https:\/\/www.bellunopress.it\/2019\/10\/13\/fucilateli-il-documentario-sulla-i-guerra-mondiale-venerdi-sera-a-montebelluna\/#breadcrumb"},"inLanguage":"fr-FR","potentialAction":[{"@type":"ReadAction","target":["https:\/\/www.bellunopress.it\/2019\/10\/13\/fucilateli-il-documentario-sulla-i-guerra-mondiale-venerdi-sera-a-montebelluna\/"]}]},{"@type":"BreadcrumbList","@id":"https:\/\/www.bellunopress.it\/2019\/10\/13\/fucilateli-il-documentario-sulla-i-guerra-mondiale-venerdi-sera-a-montebelluna\/#breadcrumb","itemListElement":[{"@type":"ListItem","position":1,"name":"Home","item":"https:\/\/www.bellunopress.it\/"},{"@type":"ListItem","position":2,"name":"Fucilateli! Il documentario sulla I^ Guerra mondiale venerd\u00ec sera a Montebelluna"}]},{"@type":"WebSite","@id":"https:\/\/www.bellunopress.it\/#website","url":"https:\/\/www.bellunopress.it\/","name":"Bellunopress - Dolomiti","description":"e-mail: redazione@bellunopress.it","publisher":{"@id":"https:\/\/www.bellunopress.it\/#organization"},"potentialAction":[{"@type":"SearchAction","target":{"@type":"EntryPoint","urlTemplate":"https:\/\/www.bellunopress.it\/?s={search_term_string}"},"query-input":{"@type":"PropertyValueSpecification","valueRequired":true,"valueName":"search_term_string"}}],"inLanguage":"fr-FR"},{"@type":"Organization","@id":"https:\/\/www.bellunopress.it\/#organization","name":"Bellunopress","url":"https:\/\/www.bellunopress.it\/","logo":{"@type":"ImageObject","inLanguage":"fr-FR","@id":"https:\/\/www.bellunopress.it\/#\/schema\/logo\/image\/","url":"https:\/\/www.bellunopress.it\/wp-content\/uploads\/2011\/05\/cropped-logo-bellunopress-.jpg","contentUrl":"https:\/\/www.bellunopress.it\/wp-content\/uploads\/2011\/05\/cropped-logo-bellunopress-.jpg","width":512,"height":512,"caption":"Bellunopress"},"image":{"@id":"https:\/\/www.bellunopress.it\/#\/schema\/logo\/image\/"},"sameAs":["https:\/\/www.facebook.com\/profile.php?id=100008943462799","https:\/\/x.com\/bellunopress","https:\/\/www.linkedin.com\/hp\/?dnr=JBzUWaJfMUw8vbXJJ2tVW5-I3jZKvC4wsoxE&amp;amp;amp;amp;amp;amp;trk=nav_responsive_tab_home","https:\/\/www.youtube.com\/channel\/UCxL0wu1uN0_3_7hGG0306cw"]},{"@type":"Person","@id":"https:\/\/www.bellunopress.it\/#\/schema\/person\/79bb06722b37ece1c03d3e94beb30d73","name":"r\u00e9daction","image":{"@type":"ImageObject","inLanguage":"fr-FR","@id":"https:\/\/secure.gravatar.com\/avatar\/37d968a2e67a6fd04c169c4bdef102d0bc5d31b2546345219e348575eb80e9a0?s=96&d=mm&r=g","url":"https:\/\/secure.gravatar.com\/avatar\/37d968a2e67a6fd04c169c4bdef102d0bc5d31b2546345219e348575eb80e9a0?s=96&d=mm&r=g","contentUrl":"https:\/\/secure.gravatar.com\/avatar\/37d968a2e67a6fd04c169c4bdef102d0bc5d31b2546345219e348575eb80e9a0?s=96&d=mm&r=g","caption":"redazione"},"sameAs":["http:\/\/www.bellunopress.it","https:\/\/x.com\/bellunopress"],"url":"https:\/\/www.bellunopress.it\/fr\/author\/redazione\/"}]}},"_links":{"self":[{"href":"https:\/\/www.bellunopress.it\/fr\/wp-json\/wp\/v2\/posts\/108686","targetHints":{"allow":["GET"]}}],"collection":[{"href":"https:\/\/www.bellunopress.it\/fr\/wp-json\/wp\/v2\/posts"}],"about":[{"href":"https:\/\/www.bellunopress.it\/fr\/wp-json\/wp\/v2\/types\/post"}],"author":[{"embeddable":true,"href":"https:\/\/www.bellunopress.it\/fr\/wp-json\/wp\/v2\/users\/2"}],"replies":[{"embeddable":true,"href":"https:\/\/www.bellunopress.it\/fr\/wp-json\/wp\/v2\/comments?post=108686"}],"version-history":[{"count":1,"href":"https:\/\/www.bellunopress.it\/fr\/wp-json\/wp\/v2\/posts\/108686\/revisions"}],"predecessor-version":[{"id":108687,"href":"https:\/\/www.bellunopress.it\/fr\/wp-json\/wp\/v2\/posts\/108686\/revisions\/108687"}],"wp:attachment":[{"href":"https:\/\/www.bellunopress.it\/fr\/wp-json\/wp\/v2\/media?parent=108686"}],"wp:term":[{"taxonomy":"category","embeddable":true,"href":"https:\/\/www.bellunopress.it\/fr\/wp-json\/wp\/v2\/categories?post=108686"},{"taxonomy":"post_tag","embeddable":true,"href":"https:\/\/www.bellunopress.it\/fr\/wp-json\/wp\/v2\/tags?post=108686"}],"curies":[{"name":"wp","href":"https:\/\/api.w.org\/{rel}","templated":true}]}}