{"id":108680,"date":"2019-10-12T14:12:05","date_gmt":"2019-10-12T12:12:05","guid":{"rendered":"http:\/\/www.bellunopress.it\/?p=108680"},"modified":"2019-10-13T12:42:29","modified_gmt":"2019-10-13T10:42:29","slug":"consapevolezza-della-morte-infantile-e-perdita-in-gravidanza-martedi-teatro-e-san-rocco-illuminati-di-rosa-e-azzurro","status":"publish","type":"post","link":"https:\/\/www.bellunopress.it\/fr\/2019\/10\/12\/consapevolezza-della-morte-infantile-e-perdita-in-gravidanza-martedi-teatro-e-san-rocco-illuminati-di-rosa-e-azzurro\/","title":{"rendered":"\u201cConsapevolezza della morte infantile e perdita in gravidanza\u201d. Marted\u00ec Teatro e San Rocco illuminati di rosa e azzurro"},"content":{"rendered":"<p>Il 15 ottobre verr\u00e0 celebrata per la seconda volta anche a Belluno la \u201cGiornata della consapevolezza sulla morte infantile e sulla perdita in gravidanza\u201d: in citt\u00e0 protagonisti dell&#8217;evento di sensibilizzazione, diffuso in tutto il mondo e che in Italia coinvolge pi\u00f9 di cinquanta citt\u00e0, saranno il Teatro Comunale e la chiesa di San Rocco, in Piazza dei Martiri, per l&#8217;occasione illuminati di rosa e azzurro.<\/p>\n<figure id=\"attachment_106865\" aria-describedby=\"caption-attachment-106865\" style=\"width: 230px\" class=\"wp-caption alignleft\"><a href=\"http:\/\/www.bellunopress.it\/fr\/2019\/08\/05\/firmato-il-decreto-di-nomina-dellassessore-de-biasi-si-occupera-di-risorse-umane-logistica-e-organizzazione-welfare-aziendale-progettualita-con-lente-provincia-di-belluno\/francesca-de-biasi-2\/\" rel=\"attachment wp-att-106865\"><img loading=\"lazy\" decoding=\"async\" class=\"size-full wp-image-106865\" src=\"http:\/\/www.bellunopress.it\/wp-content\/uploads\/2019\/08\/Francesca-De-Biasi.jpg\" alt=\"\" width=\"230\" height=\"300\" \/><\/a><figcaption id=\"caption-attachment-106865\" class=\"wp-caption-text\">Francesca De Biasi, assessore al Comune di Belluno e presidente del Fondo Welfare<\/figcaption><\/figure>\n<p>Nel pomeriggio di marted\u00ec 15 ottobre si accender\u00e0 l&#8217;illuminazione dei due monumenti, mentre dalle 16 sar\u00e0 attivo un gazebo informativo con la presenza del truccabimbi; seguiranno alcune letture di brani sul lutto perinatale e dalle 19, in contemporanea in tutto il mondo, verr\u00e0 accesa un\u2019onda di luce contro la morte perinatale, con l\u2019accensione delle candeline in ricordare dei bimbi scomparsi prematuramente. Novit\u00e0 di quest&#8217;anno, la \u201clinea green\u201d dell&#8217;evento: fino all&#8217;anno scorso era infatti tradizione far volare anche dei palloncini, che da questa edizione, per rispettare l&#8217;ambiente, saranno sostituiti da bolle di sapone.<br \/>\nL\u2019evento \u00e8 realizzato in collaborazione con \u201cCiao Lapo Onlus\u201d e vede la collaborazione del gruppo di Auto Mutuo Aiuto \u201cNon ti scordar di me\u201d e il patrocinio del Comune di Belluno, dell&#8217;Aulss 1 Dolomiti e della Provincia di Belluno.<br \/>\n\u00abSiamo molto lieti di aver avuto la possibilit\u00e0 di portare il nostro contributo a Belluno. &#8211; spiega Rita Meloni, referente di &#8220;Non ti scordar di me&#8221; &#8211; La nostra associazione nasce nel 2016 per rispondere al bisogno<br \/>\ndi sostegno e condivisione di genitori che hanno perso dei figli durante il periodo della gravidanza. Siamo molto lieti di aver anche contribuito al progetto di formazione organizzato quest\u2019anno dall&#8217;Aulss 1 Dolomiti,<br \/>\nsensibile nell\u2019attivare un percorso integrato per la dimissione della donna fragile\u00bb.\u200b<br \/>\nAd illustrare il progetto &#8220;Il case management e la dimissione protetta della donna fragile&#8221; \u00e8 il Direttore della Unit\u00e0 Operativa Complessa Cure Primarie, il dottor Giampaolo Ben: \u00abIl fine dell&#8217;iniziativa \u00e8 la formazione degli operatori sanitari coinvolti nell&#8217;assistenza delle pazienti fragili che abbiano subito lutto ostetrico e perinatale, al fine di facilitare la continuit\u00e0 assistenziale dal ricovero ospedaliero al ritorno a domicilio, e garantire alle assistite percorsi assistenziali personalizzati ed integrati\u00bb.<br \/>\nIl progetto formativo, organizzato dalla Centrale Operativa Territoriale di Belluno, ha visto coinvolti pi\u00f9 di 80 operatori sanitari ed \u00e8 stato organizzato in collaborazione con i reparti di Ginecologia, Ostetricia e Pediatria di Belluno e Feltre, i consultori dei Distretti, i servizi del territorio, il servizio di psicologia ospedaliera, gli Uffici formazione, qualit\u00e0 e accreditamento, le associazioni di volontariato \u201cCiao Lapo\u201d, \u201cGenitori Sempre\u201d, il gruppo Auto Mutuo Aiuto \u201cNon ti Scordar di me\u201d, e l&#8217;associazione \u201cThe Compassionate Friends\u201d.<br \/>\n\u00abAbbiamo ritenuto di sostenere con convinzione questa iniziativa, perch\u00e9 \u00e8 molto importante aprire a tutta la comunit\u00e0 questi temi, altrimenti destinati a restare confinati in un lutto isolante e difficile da recuperare. &#8211;<br \/>\nspiega l&#8217;assessore Francesca De Biasi &#8211; Questo evento vuole essere quindi l&#8217;occasione per parlare di tutto ci\u00f2 che porta alla solitudine e della necessit\u00e0 della condivisione, anche con la comunit\u00e0, per essere superato\u00bb.<\/p>","protected":false},"excerpt":{"rendered":"<p>Il 15 ottobre verr\u00e0 celebrata per la seconda volta anche a Belluno la \u201cGiornata della consapevolezza sulla morte infantile e sulla perdita in gravidanza\u201d: in citt\u00e0 protagonisti dell&#8217;evento di sensibilizzazione, diffuso in tutto il mondo e che in Italia coinvolge pi\u00f9 di cinquanta citt\u00e0, saranno il Teatro Comunale e la chiesa di San Rocco, in [&hellip;]<\/p>\n","protected":false},"author":2,"featured_media":0,"comment_status":"closed","ping_status":"open","sticky":false,"template":"","format":"standard","meta":{"footnotes":""},"categories":[27,17,8],"tags":[],"class_list":["post-108680","post","type-post","status-publish","format-standard","category-appuntamenti","category-sanita","category-societa-istituzioni"],"yoast_head":"<!-- This site is optimized with the Yoast SEO plugin v28.4 - https:\/\/yoast.com\/product\/yoast-seo-wordpress\/ -->\n<title>\u201cConsapevolezza della morte infantile e perdita in gravidanza\u201d. Marted\u00ec Teatro e San Rocco illuminati di rosa e azzurro - Bellunopress - Dolomiti<\/title>\n<meta name=\"robots\" content=\"index, follow, max-snippet:-1, max-image-preview:large, max-video-preview:-1\" \/>\n<link rel=\"canonical\" href=\"https:\/\/www.bellunopress.it\/fr\/2019\/10\/12\/consapevolezza-della-morte-infantile-e-perdita-in-gravidanza-martedi-teatro-e-san-rocco-illuminati-di-rosa-e-azzurro\/\" \/>\n<meta property=\"og:locale\" content=\"fr_FR\" \/>\n<meta property=\"og:type\" content=\"article\" \/>\n<meta property=\"og:title\" content=\"\u201cConsapevolezza della morte infantile e perdita in gravidanza\u201d. Marted\u00ec Teatro e San Rocco illuminati di rosa e azzurro - Bellunopress - Dolomiti\" \/>\n<meta property=\"og:description\" content=\"Il 15 ottobre verr\u00e0 celebrata per la seconda volta anche a Belluno la \u201cGiornata della consapevolezza sulla morte infantile e sulla perdita in gravidanza\u201d: in citt\u00e0 protagonisti dell&#8217;evento di sensibilizzazione, diffuso in tutto il mondo e che in Italia coinvolge pi\u00f9 di cinquanta citt\u00e0, saranno il Teatro Comunale e la chiesa di San Rocco, in [&hellip;]\" \/>\n<meta property=\"og:url\" content=\"https:\/\/www.bellunopress.it\/fr\/2019\/10\/12\/consapevolezza-della-morte-infantile-e-perdita-in-gravidanza-martedi-teatro-e-san-rocco-illuminati-di-rosa-e-azzurro\/\" \/>\n<meta property=\"og:site_name\" content=\"Bellunopress - Dolomiti\" \/>\n<meta property=\"article:publisher\" content=\"https:\/\/www.facebook.com\/profile.php?id=100008943462799\" \/>\n<meta property=\"article:published_time\" content=\"2019-10-12T12:12:05+00:00\" \/>\n<meta property=\"article:modified_time\" content=\"2019-10-13T10:42:29+00:00\" \/>\n<meta property=\"og:image\" content=\"http:\/\/www.bellunopress.it\/wp-content\/uploads\/2019\/08\/Francesca-De-Biasi.jpg\" \/>\n<meta name=\"author\" content=\"redazione\" \/>\n<meta name=\"twitter:card\" content=\"summary_large_image\" \/>\n<meta name=\"twitter:creator\" content=\"@bellunopress\" \/>\n<meta name=\"twitter:site\" content=\"@bellunopress\" \/>\n<meta name=\"twitter:label1\" content=\"\u00c9crit par\" \/>\n\t<meta name=\"twitter:data1\" content=\"redazione\" \/>\n\t<meta name=\"twitter:label2\" content=\"Dur\u00e9e de lecture estim\u00e9e\" \/>\n\t<meta name=\"twitter:data2\" content=\"3 minutes\" \/>\n<script type=\"application\/ld+json\" class=\"yoast-schema-graph\">{\"@context\":\"https:\\\/\\\/schema.org\",\"@graph\":[{\"@type\":\"Article\",\"@id\":\"https:\\\/\\\/www.bellunopress.it\\\/2019\\\/10\\\/12\\\/consapevolezza-della-morte-infantile-e-perdita-in-gravidanza-martedi-teatro-e-san-rocco-illuminati-di-rosa-e-azzurro\\\/#article\",\"isPartOf\":{\"@id\":\"https:\\\/\\\/www.bellunopress.it\\\/2019\\\/10\\\/12\\\/consapevolezza-della-morte-infantile-e-perdita-in-gravidanza-martedi-teatro-e-san-rocco-illuminati-di-rosa-e-azzurro\\\/\"},\"author\":{\"name\":\"redazione\",\"@id\":\"https:\\\/\\\/www.bellunopress.it\\\/#\\\/schema\\\/person\\\/79bb06722b37ece1c03d3e94beb30d73\"},\"headline\":\"\u201cConsapevolezza della morte infantile e perdita in gravidanza\u201d. Marted\u00ec Teatro e San Rocco illuminati di rosa e azzurro\",\"datePublished\":\"2019-10-12T12:12:05+00:00\",\"dateModified\":\"2019-10-13T10:42:29+00:00\",\"mainEntityOfPage\":{\"@id\":\"https:\\\/\\\/www.bellunopress.it\\\/2019\\\/10\\\/12\\\/consapevolezza-della-morte-infantile-e-perdita-in-gravidanza-martedi-teatro-e-san-rocco-illuminati-di-rosa-e-azzurro\\\/\"},\"wordCount\":535,\"publisher\":{\"@id\":\"https:\\\/\\\/www.bellunopress.it\\\/#organization\"},\"image\":{\"@id\":\"https:\\\/\\\/www.bellunopress.it\\\/2019\\\/10\\\/12\\\/consapevolezza-della-morte-infantile-e-perdita-in-gravidanza-martedi-teatro-e-san-rocco-illuminati-di-rosa-e-azzurro\\\/#primaryimage\"},\"thumbnailUrl\":\"http:\\\/\\\/www.bellunopress.it\\\/wp-content\\\/uploads\\\/2019\\\/08\\\/Francesca-De-Biasi.jpg\",\"articleSection\":[\"Appuntamenti, Eventi\",\"Sanit\u00e0 Medicina\",\"Societ\u00e0, Associazioni, Istituzioni\"],\"inLanguage\":\"fr-FR\"},{\"@type\":\"WebPage\",\"@id\":\"https:\\\/\\\/www.bellunopress.it\\\/2019\\\/10\\\/12\\\/consapevolezza-della-morte-infantile-e-perdita-in-gravidanza-martedi-teatro-e-san-rocco-illuminati-di-rosa-e-azzurro\\\/\",\"url\":\"https:\\\/\\\/www.bellunopress.it\\\/2019\\\/10\\\/12\\\/consapevolezza-della-morte-infantile-e-perdita-in-gravidanza-martedi-teatro-e-san-rocco-illuminati-di-rosa-e-azzurro\\\/\",\"name\":\"\u201cConsapevolezza della morte infantile e perdita in gravidanza\u201d. Marted\u00ec Teatro e San Rocco illuminati di rosa e azzurro - Bellunopress - Dolomiti\",\"isPartOf\":{\"@id\":\"https:\\\/\\\/www.bellunopress.it\\\/#website\"},\"primaryImageOfPage\":{\"@id\":\"https:\\\/\\\/www.bellunopress.it\\\/2019\\\/10\\\/12\\\/consapevolezza-della-morte-infantile-e-perdita-in-gravidanza-martedi-teatro-e-san-rocco-illuminati-di-rosa-e-azzurro\\\/#primaryimage\"},\"image\":{\"@id\":\"https:\\\/\\\/www.bellunopress.it\\\/2019\\\/10\\\/12\\\/consapevolezza-della-morte-infantile-e-perdita-in-gravidanza-martedi-teatro-e-san-rocco-illuminati-di-rosa-e-azzurro\\\/#primaryimage\"},\"thumbnailUrl\":\"http:\\\/\\\/www.bellunopress.it\\\/wp-content\\\/uploads\\\/2019\\\/08\\\/Francesca-De-Biasi.jpg\",\"datePublished\":\"2019-10-12T12:12:05+00:00\",\"dateModified\":\"2019-10-13T10:42:29+00:00\",\"breadcrumb\":{\"@id\":\"https:\\\/\\\/www.bellunopress.it\\\/2019\\\/10\\\/12\\\/consapevolezza-della-morte-infantile-e-perdita-in-gravidanza-martedi-teatro-e-san-rocco-illuminati-di-rosa-e-azzurro\\\/#breadcrumb\"},\"inLanguage\":\"fr-FR\",\"potentialAction\":[{\"@type\":\"ReadAction\",\"target\":[\"https:\\\/\\\/www.bellunopress.it\\\/2019\\\/10\\\/12\\\/consapevolezza-della-morte-infantile-e-perdita-in-gravidanza-martedi-teatro-e-san-rocco-illuminati-di-rosa-e-azzurro\\\/\"]}]},{\"@type\":\"ImageObject\",\"inLanguage\":\"fr-FR\",\"@id\":\"https:\\\/\\\/www.bellunopress.it\\\/2019\\\/10\\\/12\\\/consapevolezza-della-morte-infantile-e-perdita-in-gravidanza-martedi-teatro-e-san-rocco-illuminati-di-rosa-e-azzurro\\\/#primaryimage\",\"url\":\"http:\\\/\\\/www.bellunopress.it\\\/wp-content\\\/uploads\\\/2019\\\/08\\\/Francesca-De-Biasi.jpg\",\"contentUrl\":\"http:\\\/\\\/www.bellunopress.it\\\/wp-content\\\/uploads\\\/2019\\\/08\\\/Francesca-De-Biasi.jpg\"},{\"@type\":\"BreadcrumbList\",\"@id\":\"https:\\\/\\\/www.bellunopress.it\\\/2019\\\/10\\\/12\\\/consapevolezza-della-morte-infantile-e-perdita-in-gravidanza-martedi-teatro-e-san-rocco-illuminati-di-rosa-e-azzurro\\\/#breadcrumb\",\"itemListElement\":[{\"@type\":\"ListItem\",\"position\":1,\"name\":\"Home\",\"item\":\"https:\\\/\\\/www.bellunopress.it\\\/\"},{\"@type\":\"ListItem\",\"position\":2,\"name\":\"\u201cConsapevolezza della morte infantile e perdita in gravidanza\u201d. Marted\u00ec Teatro e San Rocco illuminati di rosa e azzurro\"}]},{\"@type\":\"WebSite\",\"@id\":\"https:\\\/\\\/www.bellunopress.it\\\/#website\",\"url\":\"https:\\\/\\\/www.bellunopress.it\\\/\",\"name\":\"Bellunopress - Dolomiti\",\"description\":\"e-mail: redazione@bellunopress.it\",\"publisher\":{\"@id\":\"https:\\\/\\\/www.bellunopress.it\\\/#organization\"},\"potentialAction\":[{\"@type\":\"SearchAction\",\"target\":{\"@type\":\"EntryPoint\",\"urlTemplate\":\"https:\\\/\\\/www.bellunopress.it\\\/?s={search_term_string}\"},\"query-input\":{\"@type\":\"PropertyValueSpecification\",\"valueRequired\":true,\"valueName\":\"search_term_string\"}}],\"inLanguage\":\"fr-FR\"},{\"@type\":\"Organization\",\"@id\":\"https:\\\/\\\/www.bellunopress.it\\\/#organization\",\"name\":\"Bellunopress\",\"url\":\"https:\\\/\\\/www.bellunopress.it\\\/\",\"logo\":{\"@type\":\"ImageObject\",\"inLanguage\":\"fr-FR\",\"@id\":\"https:\\\/\\\/www.bellunopress.it\\\/#\\\/schema\\\/logo\\\/image\\\/\",\"url\":\"https:\\\/\\\/www.bellunopress.it\\\/wp-content\\\/uploads\\\/2011\\\/05\\\/cropped-logo-bellunopress-.jpg\",\"contentUrl\":\"https:\\\/\\\/www.bellunopress.it\\\/wp-content\\\/uploads\\\/2011\\\/05\\\/cropped-logo-bellunopress-.jpg\",\"width\":512,\"height\":512,\"caption\":\"Bellunopress\"},\"image\":{\"@id\":\"https:\\\/\\\/www.bellunopress.it\\\/#\\\/schema\\\/logo\\\/image\\\/\"},\"sameAs\":[\"https:\\\/\\\/www.facebook.com\\\/profile.php?id=100008943462799\",\"https:\\\/\\\/x.com\\\/bellunopress\",\"https:\\\/\\\/www.linkedin.com\\\/hp\\\/?dnr=JBzUWaJfMUw8vbXJJ2tVW5-I3jZKvC4wsoxE&amp;amp;amp;amp;amp;amp;trk=nav_responsive_tab_home\",\"https:\\\/\\\/www.youtube.com\\\/channel\\\/UCxL0wu1uN0_3_7hGG0306cw\"]},{\"@type\":\"Person\",\"@id\":\"https:\\\/\\\/www.bellunopress.it\\\/#\\\/schema\\\/person\\\/79bb06722b37ece1c03d3e94beb30d73\",\"name\":\"redazione\",\"image\":{\"@type\":\"ImageObject\",\"inLanguage\":\"fr-FR\",\"@id\":\"https:\\\/\\\/secure.gravatar.com\\\/avatar\\\/37d968a2e67a6fd04c169c4bdef102d0bc5d31b2546345219e348575eb80e9a0?s=96&d=mm&r=g\",\"url\":\"https:\\\/\\\/secure.gravatar.com\\\/avatar\\\/37d968a2e67a6fd04c169c4bdef102d0bc5d31b2546345219e348575eb80e9a0?s=96&d=mm&r=g\",\"contentUrl\":\"https:\\\/\\\/secure.gravatar.com\\\/avatar\\\/37d968a2e67a6fd04c169c4bdef102d0bc5d31b2546345219e348575eb80e9a0?s=96&d=mm&r=g\",\"caption\":\"redazione\"},\"sameAs\":[\"http:\\\/\\\/www.bellunopress.it\",\"https:\\\/\\\/x.com\\\/bellunopress\"],\"url\":\"https:\\\/\\\/www.bellunopress.it\\\/fr\\\/author\\\/redazione\\\/\"}]}<\/script>\n<!-- \/ Yoast SEO plugin. -->","yoast_head_json":{"title":"\u201cConsapevolezza della morte infantile e perdita in gravidanza\u201d. Marted\u00ec Teatro e San Rocco illuminati di rosa e azzurro - Bellunopress - Dolomiti","robots":{"index":"index","follow":"follow","max-snippet":"max-snippet:-1","max-image-preview":"max-image-preview:large","max-video-preview":"max-video-preview:-1"},"canonical":"https:\/\/www.bellunopress.it\/fr\/2019\/10\/12\/consapevolezza-della-morte-infantile-e-perdita-in-gravidanza-martedi-teatro-e-san-rocco-illuminati-di-rosa-e-azzurro\/","og_locale":"fr_FR","og_type":"article","og_title":"\u201cConsapevolezza della morte infantile e perdita in gravidanza\u201d. Marted\u00ec Teatro e San Rocco illuminati di rosa e azzurro - Bellunopress - Dolomiti","og_description":"Il 15 ottobre verr\u00e0 celebrata per la seconda volta anche a Belluno la \u201cGiornata della consapevolezza sulla morte infantile e sulla perdita in gravidanza\u201d: in citt\u00e0 protagonisti dell&#8217;evento di sensibilizzazione, diffuso in tutto il mondo e che in Italia coinvolge pi\u00f9 di cinquanta citt\u00e0, saranno il Teatro Comunale e la chiesa di San Rocco, in [&hellip;]","og_url":"https:\/\/www.bellunopress.it\/fr\/2019\/10\/12\/consapevolezza-della-morte-infantile-e-perdita-in-gravidanza-martedi-teatro-e-san-rocco-illuminati-di-rosa-e-azzurro\/","og_site_name":"Bellunopress - Dolomiti","article_publisher":"https:\/\/www.facebook.com\/profile.php?id=100008943462799","article_published_time":"2019-10-12T12:12:05+00:00","article_modified_time":"2019-10-13T10:42:29+00:00","og_image":[{"url":"http:\/\/www.bellunopress.it\/wp-content\/uploads\/2019\/08\/Francesca-De-Biasi.jpg","type":"","width":"","height":""}],"author":"redazione","twitter_card":"summary_large_image","twitter_creator":"@bellunopress","twitter_site":"@bellunopress","twitter_misc":{"\u00c9crit par":"redazione","Dur\u00e9e de lecture estim\u00e9e":"3 minutes"},"schema":{"@context":"https:\/\/schema.org","@graph":[{"@type":"Article","@id":"https:\/\/www.bellunopress.it\/2019\/10\/12\/consapevolezza-della-morte-infantile-e-perdita-in-gravidanza-martedi-teatro-e-san-rocco-illuminati-di-rosa-e-azzurro\/#article","isPartOf":{"@id":"https:\/\/www.bellunopress.it\/2019\/10\/12\/consapevolezza-della-morte-infantile-e-perdita-in-gravidanza-martedi-teatro-e-san-rocco-illuminati-di-rosa-e-azzurro\/"},"author":{"name":"redazione","@id":"https:\/\/www.bellunopress.it\/#\/schema\/person\/79bb06722b37ece1c03d3e94beb30d73"},"headline":"\u201cConsapevolezza della morte infantile e perdita in gravidanza\u201d. Marted\u00ec Teatro e San Rocco illuminati di rosa e azzurro","datePublished":"2019-10-12T12:12:05+00:00","dateModified":"2019-10-13T10:42:29+00:00","mainEntityOfPage":{"@id":"https:\/\/www.bellunopress.it\/2019\/10\/12\/consapevolezza-della-morte-infantile-e-perdita-in-gravidanza-martedi-teatro-e-san-rocco-illuminati-di-rosa-e-azzurro\/"},"wordCount":535,"publisher":{"@id":"https:\/\/www.bellunopress.it\/#organization"},"image":{"@id":"https:\/\/www.bellunopress.it\/2019\/10\/12\/consapevolezza-della-morte-infantile-e-perdita-in-gravidanza-martedi-teatro-e-san-rocco-illuminati-di-rosa-e-azzurro\/#primaryimage"},"thumbnailUrl":"http:\/\/www.bellunopress.it\/wp-content\/uploads\/2019\/08\/Francesca-De-Biasi.jpg","articleSection":["Appuntamenti, Eventi","Sanit\u00e0 Medicina","Societ\u00e0, Associazioni, Istituzioni"],"inLanguage":"fr-FR"},{"@type":"WebPage","@id":"https:\/\/www.bellunopress.it\/2019\/10\/12\/consapevolezza-della-morte-infantile-e-perdita-in-gravidanza-martedi-teatro-e-san-rocco-illuminati-di-rosa-e-azzurro\/","url":"https:\/\/www.bellunopress.it\/2019\/10\/12\/consapevolezza-della-morte-infantile-e-perdita-in-gravidanza-martedi-teatro-e-san-rocco-illuminati-di-rosa-e-azzurro\/","name":"\u201cConsapevolezza della morte infantile e perdita in gravidanza\u201d. Marted\u00ec Teatro e San Rocco illuminati di rosa e azzurro - Bellunopress - Dolomiti","isPartOf":{"@id":"https:\/\/www.bellunopress.it\/#website"},"primaryImageOfPage":{"@id":"https:\/\/www.bellunopress.it\/2019\/10\/12\/consapevolezza-della-morte-infantile-e-perdita-in-gravidanza-martedi-teatro-e-san-rocco-illuminati-di-rosa-e-azzurro\/#primaryimage"},"image":{"@id":"https:\/\/www.bellunopress.it\/2019\/10\/12\/consapevolezza-della-morte-infantile-e-perdita-in-gravidanza-martedi-teatro-e-san-rocco-illuminati-di-rosa-e-azzurro\/#primaryimage"},"thumbnailUrl":"http:\/\/www.bellunopress.it\/wp-content\/uploads\/2019\/08\/Francesca-De-Biasi.jpg","datePublished":"2019-10-12T12:12:05+00:00","dateModified":"2019-10-13T10:42:29+00:00","breadcrumb":{"@id":"https:\/\/www.bellunopress.it\/2019\/10\/12\/consapevolezza-della-morte-infantile-e-perdita-in-gravidanza-martedi-teatro-e-san-rocco-illuminati-di-rosa-e-azzurro\/#breadcrumb"},"inLanguage":"fr-FR","potentialAction":[{"@type":"ReadAction","target":["https:\/\/www.bellunopress.it\/2019\/10\/12\/consapevolezza-della-morte-infantile-e-perdita-in-gravidanza-martedi-teatro-e-san-rocco-illuminati-di-rosa-e-azzurro\/"]}]},{"@type":"ImageObject","inLanguage":"fr-FR","@id":"https:\/\/www.bellunopress.it\/2019\/10\/12\/consapevolezza-della-morte-infantile-e-perdita-in-gravidanza-martedi-teatro-e-san-rocco-illuminati-di-rosa-e-azzurro\/#primaryimage","url":"http:\/\/www.bellunopress.it\/wp-content\/uploads\/2019\/08\/Francesca-De-Biasi.jpg","contentUrl":"http:\/\/www.bellunopress.it\/wp-content\/uploads\/2019\/08\/Francesca-De-Biasi.jpg"},{"@type":"BreadcrumbList","@id":"https:\/\/www.bellunopress.it\/2019\/10\/12\/consapevolezza-della-morte-infantile-e-perdita-in-gravidanza-martedi-teatro-e-san-rocco-illuminati-di-rosa-e-azzurro\/#breadcrumb","itemListElement":[{"@type":"ListItem","position":1,"name":"Home","item":"https:\/\/www.bellunopress.it\/"},{"@type":"ListItem","position":2,"name":"\u201cConsapevolezza della morte infantile e perdita in gravidanza\u201d. Marted\u00ec Teatro e San Rocco illuminati di rosa e azzurro"}]},{"@type":"WebSite","@id":"https:\/\/www.bellunopress.it\/#website","url":"https:\/\/www.bellunopress.it\/","name":"Bellunopress - Dolomiti","description":"e-mail: redazione@bellunopress.it","publisher":{"@id":"https:\/\/www.bellunopress.it\/#organization"},"potentialAction":[{"@type":"SearchAction","target":{"@type":"EntryPoint","urlTemplate":"https:\/\/www.bellunopress.it\/?s={search_term_string}"},"query-input":{"@type":"PropertyValueSpecification","valueRequired":true,"valueName":"search_term_string"}}],"inLanguage":"fr-FR"},{"@type":"Organization","@id":"https:\/\/www.bellunopress.it\/#organization","name":"Bellunopress","url":"https:\/\/www.bellunopress.it\/","logo":{"@type":"ImageObject","inLanguage":"fr-FR","@id":"https:\/\/www.bellunopress.it\/#\/schema\/logo\/image\/","url":"https:\/\/www.bellunopress.it\/wp-content\/uploads\/2011\/05\/cropped-logo-bellunopress-.jpg","contentUrl":"https:\/\/www.bellunopress.it\/wp-content\/uploads\/2011\/05\/cropped-logo-bellunopress-.jpg","width":512,"height":512,"caption":"Bellunopress"},"image":{"@id":"https:\/\/www.bellunopress.it\/#\/schema\/logo\/image\/"},"sameAs":["https:\/\/www.facebook.com\/profile.php?id=100008943462799","https:\/\/x.com\/bellunopress","https:\/\/www.linkedin.com\/hp\/?dnr=JBzUWaJfMUw8vbXJJ2tVW5-I3jZKvC4wsoxE&amp;amp;amp;amp;amp;amp;trk=nav_responsive_tab_home","https:\/\/www.youtube.com\/channel\/UCxL0wu1uN0_3_7hGG0306cw"]},{"@type":"Person","@id":"https:\/\/www.bellunopress.it\/#\/schema\/person\/79bb06722b37ece1c03d3e94beb30d73","name":"r\u00e9daction","image":{"@type":"ImageObject","inLanguage":"fr-FR","@id":"https:\/\/secure.gravatar.com\/avatar\/37d968a2e67a6fd04c169c4bdef102d0bc5d31b2546345219e348575eb80e9a0?s=96&d=mm&r=g","url":"https:\/\/secure.gravatar.com\/avatar\/37d968a2e67a6fd04c169c4bdef102d0bc5d31b2546345219e348575eb80e9a0?s=96&d=mm&r=g","contentUrl":"https:\/\/secure.gravatar.com\/avatar\/37d968a2e67a6fd04c169c4bdef102d0bc5d31b2546345219e348575eb80e9a0?s=96&d=mm&r=g","caption":"redazione"},"sameAs":["http:\/\/www.bellunopress.it","https:\/\/x.com\/bellunopress"],"url":"https:\/\/www.bellunopress.it\/fr\/author\/redazione\/"}]}},"_links":{"self":[{"href":"https:\/\/www.bellunopress.it\/fr\/wp-json\/wp\/v2\/posts\/108680","targetHints":{"allow":["GET"]}}],"collection":[{"href":"https:\/\/www.bellunopress.it\/fr\/wp-json\/wp\/v2\/posts"}],"about":[{"href":"https:\/\/www.bellunopress.it\/fr\/wp-json\/wp\/v2\/types\/post"}],"author":[{"embeddable":true,"href":"https:\/\/www.bellunopress.it\/fr\/wp-json\/wp\/v2\/users\/2"}],"replies":[{"embeddable":true,"href":"https:\/\/www.bellunopress.it\/fr\/wp-json\/wp\/v2\/comments?post=108680"}],"version-history":[{"count":2,"href":"https:\/\/www.bellunopress.it\/fr\/wp-json\/wp\/v2\/posts\/108680\/revisions"}],"predecessor-version":[{"id":108698,"href":"https:\/\/www.bellunopress.it\/fr\/wp-json\/wp\/v2\/posts\/108680\/revisions\/108698"}],"wp:attachment":[{"href":"https:\/\/www.bellunopress.it\/fr\/wp-json\/wp\/v2\/media?parent=108680"}],"wp:term":[{"taxonomy":"category","embeddable":true,"href":"https:\/\/www.bellunopress.it\/fr\/wp-json\/wp\/v2\/categories?post=108680"},{"taxonomy":"post_tag","embeddable":true,"href":"https:\/\/www.bellunopress.it\/fr\/wp-json\/wp\/v2\/tags?post=108680"}],"curies":[{"name":"wp","href":"https:\/\/api.w.org\/{rel}","templated":true}]}}