{"id":108666,"date":"2019-10-11T21:11:17","date_gmt":"2019-10-11T19:11:17","guid":{"rendered":"http:\/\/www.bellunopress.it\/?p=108666"},"modified":"2019-10-11T21:11:17","modified_gmt":"2019-10-11T19:11:17","slug":"belluno-cittra-educativa-firmata-la-convenzione-r-i-c-e-e-convegno-a-lentiai-rigenerazione-immateriale-per-la-gabelli","status":"publish","type":"post","link":"https:\/\/www.bellunopress.it\/fr\/2019\/10\/11\/belluno-cittra-educativa-firmata-la-convenzione-r-i-c-e-e-convegno-a-lentiai-rigenerazione-immateriale-per-la-gabelli\/","title":{"rendered":"Belluno cittr\u00e0 educativa.  Firmata la convenzione R.I.C.E. e convegno a Lentiai. Rigenerazione \u201cimmateriale\u201d per la Gabelli"},"content":{"rendered":"<figure id=\"attachment_108633\" aria-describedby=\"caption-attachment-108633\" style=\"width: 300px\" class=\"wp-caption alignleft\"><a href=\"http:\/\/www.bellunopress.it\/fr\/2019\/10\/10\/la-proposta-del-comune-di-belluno-lassicurazione-di-comunita-massaro-una-polizza-per-furti-e-danni-a-cento-euro-lanno-35-euro-per-solo-furto-e-65-quella-per-danni-atmosferici\/palazzo-rosso-notte\/\" rel=\"attachment wp-att-108633\"><img loading=\"lazy\" decoding=\"async\" class=\"size-full wp-image-108633\" src=\"http:\/\/www.bellunopress.it\/wp-content\/uploads\/2019\/10\/palazzo-rosso-notte.jpg\" alt=\"\" width=\"300\" height=\"226\" \/><\/a><figcaption id=\"caption-attachment-108633\" class=\"wp-caption-text\">Palazzo Rosso, sede dell&#8217;amministrazione comunale di Belluno<\/figcaption><\/figure>\n<p>Belluno, 11 ottobre 2019 &#8211;\u00a0In attesa dell&#8217;apertura del cantiere, prevista entro il mese di ottobre, ecco una nuova azione, pur se immateriale, di rigenerazione urbana alla Scuola Gabelli: con la firma ufficiale della convenzione e del protocollo d\u2019intesa, Belluno entra infatti nella Rete Internazionale delle Citt\u00e0 Educative del progetto R.I.C.E..<br \/>\nIl primo appuntamento con il progetto ha avuto luogo questa sera alle 17.00, in Sala Consiglio di Palazzo Rosso, con la la firma che proclama ufficialmente Belluno &#8220;Citt\u00e0 Educativa&#8221;; il capoluogo va cos\u00ec ad affiancare a decine di altre citt\u00e0 italiane e internazionali, da Treviso e Bologna fino alla Grecia, Francia, Spagna e Belgio, solo per citare alcuni casi.<br \/>\nScopo del R.I.C.E. \u00e8 quello di promuovere buone pratiche co-educative, inclusive e di orientamento nei servizi educativi, scolastici e sociali del territorio, rivolte a bambini, adolescenti e giovani tramite il coinvolgimento, anche formativo, di famiglie ed insegnanti.<br \/>\nIl progetto, come detto, \u00e8 un&#8217;azione immateriale inserita nel pi\u00f9 ampio percorso di rigenerazione urbana della Scuola Gabelli; responsabile del coordinamento e dell\u2019implementazione delle diverse azioni educative che saranno sperimentate in provincia nei prossimi tre anni, oltre al Comune di Belluno, \u00e8 l\u2019Istituto Universitario Salesiano di Venezia (IUSVE), che fornir\u00e0 il supporto scientifico e il proprio know how in materia.<\/p>\n<p>Tra i prossimi obbiettivi, c&#8217;\u00e8 anche quello di allargare la rete dei partner firmatari: il Comune di Belluno, con il Centro di Ricerca ASBL de l\u2019UMONS \u201cEducation et Famille\u201d di Mons (Belgio) e l\u2019Istituto Universitario Salesiano di Venezia (IUSVE), hanno gi\u00e0 avviato contatti in questo senso con l\u2019Ufficio Scolastico Territoriale di Belluno, la Direzione Servizi Socio Sanitari dell\u2019Aulss 1, gli Istituti Comprensivi 1, 2 e 3 di Belluno, l\u2019Associazione Cittadini per il Recupero della Gabelli, la Federazione Italiana Scuole Materne (FISM) di Belluno, l\u2019Istituto Caburlotto Venezia &#8211; Sede di Lentiai, il Comune di Borgo Valbelluna, il Comune di Feltre, l\u2019Universit\u00e0 Statale di Bologna UNIBO &#8211; Dipartimento di Scienze dell\u2019Educazione, l\u2019Associazione Caff\u00e8 Pedagogico di Belluno e l\u2019Associazione Amici delle Scuole in Rete APS.<\/p>\n<p>Nemmeno il tempo di firmare il protocollo ed ecco subito la prima attivit\u00e0: domani, sabato 12 ottobre, dalle ore 8.30 alle ore 13.00, alla Casa di Spiritualit\u00e0 \u201cStella Maris\u201d di Lentiai, si svolger\u00e0 il convegno internazionale dal titolo \u201cCo-educare in una Societ\u00e0 in continuo divenire\u201d. (locandina in allegato). Ospite d&#8217;onore dell&#8217;evento sar\u00e0 il professor Jean-Pierre Pourtois, Professore Emerito dell&#8217;Universit\u00e0 di Mons e Presidente ASBL \u201cEducation Famille\u201d, uno dei pi\u00f9 importanti pedagogisti dell&#8217;epoca moderna.<br \/>\nNel corso del triennio, saranno poi organizzati workshop, convegni e corsi di formazione orientati a formare insegnanti, genitori e professionisti, oltre a dirigenti ed operatori degli enti, delle istituzioni e delle associazioni coinvolte nella rete.<\/p>","protected":false},"excerpt":{"rendered":"<p>Belluno, 11 ottobre 2019 &#8211;\u00a0In attesa dell&#8217;apertura del cantiere, prevista entro il mese di ottobre, ecco una nuova azione, pur se immateriale, di rigenerazione urbana alla Scuola Gabelli: con la firma ufficiale della convenzione e del protocollo d\u2019intesa, Belluno entra infatti nella Rete Internazionale delle Citt\u00e0 Educative del progetto R.I.C.E.. Il primo appuntamento con il [&hellip;]<\/p>\n","protected":false},"author":2,"featured_media":0,"comment_status":"closed","ping_status":"open","sticky":false,"template":"","format":"standard","meta":{"footnotes":""},"categories":[5,26],"tags":[],"class_list":["post-108666","post","type-post","status-publish","format-standard","category-cronaca","category-prima-pagina"],"yoast_head":"<!-- This site is optimized with the Yoast SEO plugin v28.4 - https:\/\/yoast.com\/product\/yoast-seo-wordpress\/ -->\n<title>Belluno cittr\u00e0 educativa. Firmata la convenzione R.I.C.E. e convegno a Lentiai. Rigenerazione \u201cimmateriale\u201d per la Gabelli - Bellunopress - Dolomiti<\/title>\n<meta name=\"robots\" content=\"index, follow, max-snippet:-1, max-image-preview:large, max-video-preview:-1\" \/>\n<link rel=\"canonical\" href=\"https:\/\/www.bellunopress.it\/fr\/2019\/10\/11\/belluno-cittra-educativa-firmata-la-convenzione-r-i-c-e-e-convegno-a-lentiai-rigenerazione-immateriale-per-la-gabelli\/\" \/>\n<meta property=\"og:locale\" content=\"fr_FR\" \/>\n<meta property=\"og:type\" content=\"article\" \/>\n<meta property=\"og:title\" content=\"Belluno cittr\u00e0 educativa. Firmata la convenzione R.I.C.E. e convegno a Lentiai. Rigenerazione \u201cimmateriale\u201d per la Gabelli - Bellunopress - Dolomiti\" \/>\n<meta property=\"og:description\" content=\"Belluno, 11 ottobre 2019 &#8211;\u00a0In attesa dell&#8217;apertura del cantiere, prevista entro il mese di ottobre, ecco una nuova azione, pur se immateriale, di rigenerazione urbana alla Scuola Gabelli: con la firma ufficiale della convenzione e del protocollo d\u2019intesa, Belluno entra infatti nella Rete Internazionale delle Citt\u00e0 Educative del progetto R.I.C.E.. Il primo appuntamento con il [&hellip;]\" \/>\n<meta property=\"og:url\" content=\"https:\/\/www.bellunopress.it\/fr\/2019\/10\/11\/belluno-cittra-educativa-firmata-la-convenzione-r-i-c-e-e-convegno-a-lentiai-rigenerazione-immateriale-per-la-gabelli\/\" \/>\n<meta property=\"og:site_name\" content=\"Bellunopress - Dolomiti\" \/>\n<meta property=\"article:publisher\" content=\"https:\/\/www.facebook.com\/profile.php?id=100008943462799\" \/>\n<meta property=\"article:published_time\" content=\"2019-10-11T19:11:17+00:00\" \/>\n<meta property=\"og:image\" content=\"http:\/\/www.bellunopress.it\/wp-content\/uploads\/2019\/10\/palazzo-rosso-notte.jpg\" \/>\n<meta name=\"author\" content=\"redazione\" \/>\n<meta name=\"twitter:card\" content=\"summary_large_image\" \/>\n<meta name=\"twitter:creator\" content=\"@bellunopress\" \/>\n<meta name=\"twitter:site\" content=\"@bellunopress\" \/>\n<meta name=\"twitter:label1\" content=\"\u00c9crit par\" \/>\n\t<meta name=\"twitter:data1\" content=\"redazione\" \/>\n\t<meta name=\"twitter:label2\" content=\"Dur\u00e9e de lecture estim\u00e9e\" \/>\n\t<meta name=\"twitter:data2\" content=\"2 minutes\" \/>\n<script type=\"application\/ld+json\" class=\"yoast-schema-graph\">{\"@context\":\"https:\\\/\\\/schema.org\",\"@graph\":[{\"@type\":\"Article\",\"@id\":\"https:\\\/\\\/www.bellunopress.it\\\/2019\\\/10\\\/11\\\/belluno-cittra-educativa-firmata-la-convenzione-r-i-c-e-e-convegno-a-lentiai-rigenerazione-immateriale-per-la-gabelli\\\/#article\",\"isPartOf\":{\"@id\":\"https:\\\/\\\/www.bellunopress.it\\\/2019\\\/10\\\/11\\\/belluno-cittra-educativa-firmata-la-convenzione-r-i-c-e-e-convegno-a-lentiai-rigenerazione-immateriale-per-la-gabelli\\\/\"},\"author\":{\"name\":\"redazione\",\"@id\":\"https:\\\/\\\/www.bellunopress.it\\\/#\\\/schema\\\/person\\\/79bb06722b37ece1c03d3e94beb30d73\"},\"headline\":\"Belluno cittr\u00e0 educativa. Firmata la convenzione R.I.C.E. e convegno a Lentiai. Rigenerazione \u201cimmateriale\u201d per la Gabelli\",\"datePublished\":\"2019-10-11T19:11:17+00:00\",\"mainEntityOfPage\":{\"@id\":\"https:\\\/\\\/www.bellunopress.it\\\/2019\\\/10\\\/11\\\/belluno-cittra-educativa-firmata-la-convenzione-r-i-c-e-e-convegno-a-lentiai-rigenerazione-immateriale-per-la-gabelli\\\/\"},\"wordCount\":483,\"publisher\":{\"@id\":\"https:\\\/\\\/www.bellunopress.it\\\/#organization\"},\"image\":{\"@id\":\"https:\\\/\\\/www.bellunopress.it\\\/2019\\\/10\\\/11\\\/belluno-cittra-educativa-firmata-la-convenzione-r-i-c-e-e-convegno-a-lentiai-rigenerazione-immateriale-per-la-gabelli\\\/#primaryimage\"},\"thumbnailUrl\":\"http:\\\/\\\/www.bellunopress.it\\\/wp-content\\\/uploads\\\/2019\\\/10\\\/palazzo-rosso-notte.jpg\",\"articleSection\":[\"Cronaca\\\/Politica\",\"Prima Pagina\"],\"inLanguage\":\"fr-FR\"},{\"@type\":\"WebPage\",\"@id\":\"https:\\\/\\\/www.bellunopress.it\\\/2019\\\/10\\\/11\\\/belluno-cittra-educativa-firmata-la-convenzione-r-i-c-e-e-convegno-a-lentiai-rigenerazione-immateriale-per-la-gabelli\\\/\",\"url\":\"https:\\\/\\\/www.bellunopress.it\\\/2019\\\/10\\\/11\\\/belluno-cittra-educativa-firmata-la-convenzione-r-i-c-e-e-convegno-a-lentiai-rigenerazione-immateriale-per-la-gabelli\\\/\",\"name\":\"Belluno cittr\u00e0 educativa. Firmata la convenzione R.I.C.E. e convegno a Lentiai. Rigenerazione \u201cimmateriale\u201d per la Gabelli - Bellunopress - Dolomiti\",\"isPartOf\":{\"@id\":\"https:\\\/\\\/www.bellunopress.it\\\/#website\"},\"primaryImageOfPage\":{\"@id\":\"https:\\\/\\\/www.bellunopress.it\\\/2019\\\/10\\\/11\\\/belluno-cittra-educativa-firmata-la-convenzione-r-i-c-e-e-convegno-a-lentiai-rigenerazione-immateriale-per-la-gabelli\\\/#primaryimage\"},\"image\":{\"@id\":\"https:\\\/\\\/www.bellunopress.it\\\/2019\\\/10\\\/11\\\/belluno-cittra-educativa-firmata-la-convenzione-r-i-c-e-e-convegno-a-lentiai-rigenerazione-immateriale-per-la-gabelli\\\/#primaryimage\"},\"thumbnailUrl\":\"http:\\\/\\\/www.bellunopress.it\\\/wp-content\\\/uploads\\\/2019\\\/10\\\/palazzo-rosso-notte.jpg\",\"datePublished\":\"2019-10-11T19:11:17+00:00\",\"breadcrumb\":{\"@id\":\"https:\\\/\\\/www.bellunopress.it\\\/2019\\\/10\\\/11\\\/belluno-cittra-educativa-firmata-la-convenzione-r-i-c-e-e-convegno-a-lentiai-rigenerazione-immateriale-per-la-gabelli\\\/#breadcrumb\"},\"inLanguage\":\"fr-FR\",\"potentialAction\":[{\"@type\":\"ReadAction\",\"target\":[\"https:\\\/\\\/www.bellunopress.it\\\/2019\\\/10\\\/11\\\/belluno-cittra-educativa-firmata-la-convenzione-r-i-c-e-e-convegno-a-lentiai-rigenerazione-immateriale-per-la-gabelli\\\/\"]}]},{\"@type\":\"ImageObject\",\"inLanguage\":\"fr-FR\",\"@id\":\"https:\\\/\\\/www.bellunopress.it\\\/2019\\\/10\\\/11\\\/belluno-cittra-educativa-firmata-la-convenzione-r-i-c-e-e-convegno-a-lentiai-rigenerazione-immateriale-per-la-gabelli\\\/#primaryimage\",\"url\":\"http:\\\/\\\/www.bellunopress.it\\\/wp-content\\\/uploads\\\/2019\\\/10\\\/palazzo-rosso-notte.jpg\",\"contentUrl\":\"http:\\\/\\\/www.bellunopress.it\\\/wp-content\\\/uploads\\\/2019\\\/10\\\/palazzo-rosso-notte.jpg\"},{\"@type\":\"BreadcrumbList\",\"@id\":\"https:\\\/\\\/www.bellunopress.it\\\/2019\\\/10\\\/11\\\/belluno-cittra-educativa-firmata-la-convenzione-r-i-c-e-e-convegno-a-lentiai-rigenerazione-immateriale-per-la-gabelli\\\/#breadcrumb\",\"itemListElement\":[{\"@type\":\"ListItem\",\"position\":1,\"name\":\"Home\",\"item\":\"https:\\\/\\\/www.bellunopress.it\\\/\"},{\"@type\":\"ListItem\",\"position\":2,\"name\":\"Belluno cittr\u00e0 educativa. Firmata la convenzione R.I.C.E. e convegno a Lentiai. Rigenerazione \u201cimmateriale\u201d per la Gabelli\"}]},{\"@type\":\"WebSite\",\"@id\":\"https:\\\/\\\/www.bellunopress.it\\\/#website\",\"url\":\"https:\\\/\\\/www.bellunopress.it\\\/\",\"name\":\"Bellunopress - Dolomiti\",\"description\":\"e-mail: redazione@bellunopress.it\",\"publisher\":{\"@id\":\"https:\\\/\\\/www.bellunopress.it\\\/#organization\"},\"potentialAction\":[{\"@type\":\"SearchAction\",\"target\":{\"@type\":\"EntryPoint\",\"urlTemplate\":\"https:\\\/\\\/www.bellunopress.it\\\/?s={search_term_string}\"},\"query-input\":{\"@type\":\"PropertyValueSpecification\",\"valueRequired\":true,\"valueName\":\"search_term_string\"}}],\"inLanguage\":\"fr-FR\"},{\"@type\":\"Organization\",\"@id\":\"https:\\\/\\\/www.bellunopress.it\\\/#organization\",\"name\":\"Bellunopress\",\"url\":\"https:\\\/\\\/www.bellunopress.it\\\/\",\"logo\":{\"@type\":\"ImageObject\",\"inLanguage\":\"fr-FR\",\"@id\":\"https:\\\/\\\/www.bellunopress.it\\\/#\\\/schema\\\/logo\\\/image\\\/\",\"url\":\"https:\\\/\\\/www.bellunopress.it\\\/wp-content\\\/uploads\\\/2011\\\/05\\\/cropped-logo-bellunopress-.jpg\",\"contentUrl\":\"https:\\\/\\\/www.bellunopress.it\\\/wp-content\\\/uploads\\\/2011\\\/05\\\/cropped-logo-bellunopress-.jpg\",\"width\":512,\"height\":512,\"caption\":\"Bellunopress\"},\"image\":{\"@id\":\"https:\\\/\\\/www.bellunopress.it\\\/#\\\/schema\\\/logo\\\/image\\\/\"},\"sameAs\":[\"https:\\\/\\\/www.facebook.com\\\/profile.php?id=100008943462799\",\"https:\\\/\\\/x.com\\\/bellunopress\",\"https:\\\/\\\/www.linkedin.com\\\/hp\\\/?dnr=JBzUWaJfMUw8vbXJJ2tVW5-I3jZKvC4wsoxE&amp;amp;amp;amp;amp;amp;trk=nav_responsive_tab_home\",\"https:\\\/\\\/www.youtube.com\\\/channel\\\/UCxL0wu1uN0_3_7hGG0306cw\"]},{\"@type\":\"Person\",\"@id\":\"https:\\\/\\\/www.bellunopress.it\\\/#\\\/schema\\\/person\\\/79bb06722b37ece1c03d3e94beb30d73\",\"name\":\"redazione\",\"image\":{\"@type\":\"ImageObject\",\"inLanguage\":\"fr-FR\",\"@id\":\"https:\\\/\\\/secure.gravatar.com\\\/avatar\\\/37d968a2e67a6fd04c169c4bdef102d0bc5d31b2546345219e348575eb80e9a0?s=96&d=mm&r=g\",\"url\":\"https:\\\/\\\/secure.gravatar.com\\\/avatar\\\/37d968a2e67a6fd04c169c4bdef102d0bc5d31b2546345219e348575eb80e9a0?s=96&d=mm&r=g\",\"contentUrl\":\"https:\\\/\\\/secure.gravatar.com\\\/avatar\\\/37d968a2e67a6fd04c169c4bdef102d0bc5d31b2546345219e348575eb80e9a0?s=96&d=mm&r=g\",\"caption\":\"redazione\"},\"sameAs\":[\"http:\\\/\\\/www.bellunopress.it\",\"https:\\\/\\\/x.com\\\/bellunopress\"],\"url\":\"https:\\\/\\\/www.bellunopress.it\\\/fr\\\/author\\\/redazione\\\/\"}]}<\/script>\n<!-- \/ Yoast SEO plugin. -->","yoast_head_json":{"title":"Belluno cittr\u00e0 educativa. Firmata la convenzione R.I.C.E. e convegno a Lentiai. Rigenerazione \u201cimmateriale\u201d per la Gabelli - Bellunopress - Dolomiti","robots":{"index":"index","follow":"follow","max-snippet":"max-snippet:-1","max-image-preview":"max-image-preview:large","max-video-preview":"max-video-preview:-1"},"canonical":"https:\/\/www.bellunopress.it\/fr\/2019\/10\/11\/belluno-cittra-educativa-firmata-la-convenzione-r-i-c-e-e-convegno-a-lentiai-rigenerazione-immateriale-per-la-gabelli\/","og_locale":"fr_FR","og_type":"article","og_title":"Belluno cittr\u00e0 educativa. Firmata la convenzione R.I.C.E. e convegno a Lentiai. Rigenerazione \u201cimmateriale\u201d per la Gabelli - Bellunopress - Dolomiti","og_description":"Belluno, 11 ottobre 2019 &#8211;\u00a0In attesa dell&#8217;apertura del cantiere, prevista entro il mese di ottobre, ecco una nuova azione, pur se immateriale, di rigenerazione urbana alla Scuola Gabelli: con la firma ufficiale della convenzione e del protocollo d\u2019intesa, Belluno entra infatti nella Rete Internazionale delle Citt\u00e0 Educative del progetto R.I.C.E.. Il primo appuntamento con il [&hellip;]","og_url":"https:\/\/www.bellunopress.it\/fr\/2019\/10\/11\/belluno-cittra-educativa-firmata-la-convenzione-r-i-c-e-e-convegno-a-lentiai-rigenerazione-immateriale-per-la-gabelli\/","og_site_name":"Bellunopress - Dolomiti","article_publisher":"https:\/\/www.facebook.com\/profile.php?id=100008943462799","article_published_time":"2019-10-11T19:11:17+00:00","og_image":[{"url":"http:\/\/www.bellunopress.it\/wp-content\/uploads\/2019\/10\/palazzo-rosso-notte.jpg","type":"","width":"","height":""}],"author":"redazione","twitter_card":"summary_large_image","twitter_creator":"@bellunopress","twitter_site":"@bellunopress","twitter_misc":{"\u00c9crit par":"redazione","Dur\u00e9e de lecture estim\u00e9e":"2 minutes"},"schema":{"@context":"https:\/\/schema.org","@graph":[{"@type":"Article","@id":"https:\/\/www.bellunopress.it\/2019\/10\/11\/belluno-cittra-educativa-firmata-la-convenzione-r-i-c-e-e-convegno-a-lentiai-rigenerazione-immateriale-per-la-gabelli\/#article","isPartOf":{"@id":"https:\/\/www.bellunopress.it\/2019\/10\/11\/belluno-cittra-educativa-firmata-la-convenzione-r-i-c-e-e-convegno-a-lentiai-rigenerazione-immateriale-per-la-gabelli\/"},"author":{"name":"redazione","@id":"https:\/\/www.bellunopress.it\/#\/schema\/person\/79bb06722b37ece1c03d3e94beb30d73"},"headline":"Belluno cittr\u00e0 educativa. Firmata la convenzione R.I.C.E. e convegno a Lentiai. Rigenerazione \u201cimmateriale\u201d per la Gabelli","datePublished":"2019-10-11T19:11:17+00:00","mainEntityOfPage":{"@id":"https:\/\/www.bellunopress.it\/2019\/10\/11\/belluno-cittra-educativa-firmata-la-convenzione-r-i-c-e-e-convegno-a-lentiai-rigenerazione-immateriale-per-la-gabelli\/"},"wordCount":483,"publisher":{"@id":"https:\/\/www.bellunopress.it\/#organization"},"image":{"@id":"https:\/\/www.bellunopress.it\/2019\/10\/11\/belluno-cittra-educativa-firmata-la-convenzione-r-i-c-e-e-convegno-a-lentiai-rigenerazione-immateriale-per-la-gabelli\/#primaryimage"},"thumbnailUrl":"http:\/\/www.bellunopress.it\/wp-content\/uploads\/2019\/10\/palazzo-rosso-notte.jpg","articleSection":["Cronaca\/Politica","Prima Pagina"],"inLanguage":"fr-FR"},{"@type":"WebPage","@id":"https:\/\/www.bellunopress.it\/2019\/10\/11\/belluno-cittra-educativa-firmata-la-convenzione-r-i-c-e-e-convegno-a-lentiai-rigenerazione-immateriale-per-la-gabelli\/","url":"https:\/\/www.bellunopress.it\/2019\/10\/11\/belluno-cittra-educativa-firmata-la-convenzione-r-i-c-e-e-convegno-a-lentiai-rigenerazione-immateriale-per-la-gabelli\/","name":"Belluno cittr\u00e0 educativa. Firmata la convenzione R.I.C.E. e convegno a Lentiai. Rigenerazione \u201cimmateriale\u201d per la Gabelli - Bellunopress - Dolomiti","isPartOf":{"@id":"https:\/\/www.bellunopress.it\/#website"},"primaryImageOfPage":{"@id":"https:\/\/www.bellunopress.it\/2019\/10\/11\/belluno-cittra-educativa-firmata-la-convenzione-r-i-c-e-e-convegno-a-lentiai-rigenerazione-immateriale-per-la-gabelli\/#primaryimage"},"image":{"@id":"https:\/\/www.bellunopress.it\/2019\/10\/11\/belluno-cittra-educativa-firmata-la-convenzione-r-i-c-e-e-convegno-a-lentiai-rigenerazione-immateriale-per-la-gabelli\/#primaryimage"},"thumbnailUrl":"http:\/\/www.bellunopress.it\/wp-content\/uploads\/2019\/10\/palazzo-rosso-notte.jpg","datePublished":"2019-10-11T19:11:17+00:00","breadcrumb":{"@id":"https:\/\/www.bellunopress.it\/2019\/10\/11\/belluno-cittra-educativa-firmata-la-convenzione-r-i-c-e-e-convegno-a-lentiai-rigenerazione-immateriale-per-la-gabelli\/#breadcrumb"},"inLanguage":"fr-FR","potentialAction":[{"@type":"ReadAction","target":["https:\/\/www.bellunopress.it\/2019\/10\/11\/belluno-cittra-educativa-firmata-la-convenzione-r-i-c-e-e-convegno-a-lentiai-rigenerazione-immateriale-per-la-gabelli\/"]}]},{"@type":"ImageObject","inLanguage":"fr-FR","@id":"https:\/\/www.bellunopress.it\/2019\/10\/11\/belluno-cittra-educativa-firmata-la-convenzione-r-i-c-e-e-convegno-a-lentiai-rigenerazione-immateriale-per-la-gabelli\/#primaryimage","url":"http:\/\/www.bellunopress.it\/wp-content\/uploads\/2019\/10\/palazzo-rosso-notte.jpg","contentUrl":"http:\/\/www.bellunopress.it\/wp-content\/uploads\/2019\/10\/palazzo-rosso-notte.jpg"},{"@type":"BreadcrumbList","@id":"https:\/\/www.bellunopress.it\/2019\/10\/11\/belluno-cittra-educativa-firmata-la-convenzione-r-i-c-e-e-convegno-a-lentiai-rigenerazione-immateriale-per-la-gabelli\/#breadcrumb","itemListElement":[{"@type":"ListItem","position":1,"name":"Home","item":"https:\/\/www.bellunopress.it\/"},{"@type":"ListItem","position":2,"name":"Belluno cittr\u00e0 educativa. Firmata la convenzione R.I.C.E. e convegno a Lentiai. Rigenerazione \u201cimmateriale\u201d per la Gabelli"}]},{"@type":"WebSite","@id":"https:\/\/www.bellunopress.it\/#website","url":"https:\/\/www.bellunopress.it\/","name":"Bellunopress - Dolomiti","description":"e-mail: redazione@bellunopress.it","publisher":{"@id":"https:\/\/www.bellunopress.it\/#organization"},"potentialAction":[{"@type":"SearchAction","target":{"@type":"EntryPoint","urlTemplate":"https:\/\/www.bellunopress.it\/?s={search_term_string}"},"query-input":{"@type":"PropertyValueSpecification","valueRequired":true,"valueName":"search_term_string"}}],"inLanguage":"fr-FR"},{"@type":"Organization","@id":"https:\/\/www.bellunopress.it\/#organization","name":"Bellunopress","url":"https:\/\/www.bellunopress.it\/","logo":{"@type":"ImageObject","inLanguage":"fr-FR","@id":"https:\/\/www.bellunopress.it\/#\/schema\/logo\/image\/","url":"https:\/\/www.bellunopress.it\/wp-content\/uploads\/2011\/05\/cropped-logo-bellunopress-.jpg","contentUrl":"https:\/\/www.bellunopress.it\/wp-content\/uploads\/2011\/05\/cropped-logo-bellunopress-.jpg","width":512,"height":512,"caption":"Bellunopress"},"image":{"@id":"https:\/\/www.bellunopress.it\/#\/schema\/logo\/image\/"},"sameAs":["https:\/\/www.facebook.com\/profile.php?id=100008943462799","https:\/\/x.com\/bellunopress","https:\/\/www.linkedin.com\/hp\/?dnr=JBzUWaJfMUw8vbXJJ2tVW5-I3jZKvC4wsoxE&amp;amp;amp;amp;amp;amp;trk=nav_responsive_tab_home","https:\/\/www.youtube.com\/channel\/UCxL0wu1uN0_3_7hGG0306cw"]},{"@type":"Person","@id":"https:\/\/www.bellunopress.it\/#\/schema\/person\/79bb06722b37ece1c03d3e94beb30d73","name":"r\u00e9daction","image":{"@type":"ImageObject","inLanguage":"fr-FR","@id":"https:\/\/secure.gravatar.com\/avatar\/37d968a2e67a6fd04c169c4bdef102d0bc5d31b2546345219e348575eb80e9a0?s=96&d=mm&r=g","url":"https:\/\/secure.gravatar.com\/avatar\/37d968a2e67a6fd04c169c4bdef102d0bc5d31b2546345219e348575eb80e9a0?s=96&d=mm&r=g","contentUrl":"https:\/\/secure.gravatar.com\/avatar\/37d968a2e67a6fd04c169c4bdef102d0bc5d31b2546345219e348575eb80e9a0?s=96&d=mm&r=g","caption":"redazione"},"sameAs":["http:\/\/www.bellunopress.it","https:\/\/x.com\/bellunopress"],"url":"https:\/\/www.bellunopress.it\/fr\/author\/redazione\/"}]}},"_links":{"self":[{"href":"https:\/\/www.bellunopress.it\/fr\/wp-json\/wp\/v2\/posts\/108666","targetHints":{"allow":["GET"]}}],"collection":[{"href":"https:\/\/www.bellunopress.it\/fr\/wp-json\/wp\/v2\/posts"}],"about":[{"href":"https:\/\/www.bellunopress.it\/fr\/wp-json\/wp\/v2\/types\/post"}],"author":[{"embeddable":true,"href":"https:\/\/www.bellunopress.it\/fr\/wp-json\/wp\/v2\/users\/2"}],"replies":[{"embeddable":true,"href":"https:\/\/www.bellunopress.it\/fr\/wp-json\/wp\/v2\/comments?post=108666"}],"version-history":[{"count":1,"href":"https:\/\/www.bellunopress.it\/fr\/wp-json\/wp\/v2\/posts\/108666\/revisions"}],"predecessor-version":[{"id":108667,"href":"https:\/\/www.bellunopress.it\/fr\/wp-json\/wp\/v2\/posts\/108666\/revisions\/108667"}],"wp:attachment":[{"href":"https:\/\/www.bellunopress.it\/fr\/wp-json\/wp\/v2\/media?parent=108666"}],"wp:term":[{"taxonomy":"category","embeddable":true,"href":"https:\/\/www.bellunopress.it\/fr\/wp-json\/wp\/v2\/categories?post=108666"},{"taxonomy":"post_tag","embeddable":true,"href":"https:\/\/www.bellunopress.it\/fr\/wp-json\/wp\/v2\/tags?post=108666"}],"curies":[{"name":"wp","href":"https:\/\/api.w.org\/{rel}","templated":true}]}}