{"id":108664,"date":"2019-10-11T16:48:17","date_gmt":"2019-10-11T14:48:17","guid":{"rendered":"http:\/\/www.bellunopress.it\/?p=108664"},"modified":"2019-10-11T16:48:17","modified_gmt":"2019-10-11T14:48:17","slug":"disagi-autobus-studenti-padrin-servono-strumenti-diversi-per-consentire-alle-province-di-garantire-i-servizi","status":"publish","type":"post","link":"https:\/\/www.bellunopress.it\/fr\/2019\/10\/11\/disagi-autobus-studenti-padrin-servono-strumenti-diversi-per-consentire-alle-province-di-garantire-i-servizi\/","title":{"rendered":"Disagi autobus studenti. Padrin: &#8220;Servono strumenti diversi per consentire alle province di garantire i servizi&#8221;"},"content":{"rendered":"<figure id=\"attachment_100912\" aria-describedby=\"caption-attachment-100912\" style=\"width: 243px\" class=\"wp-caption alignleft\"><a href=\"http:\/\/www.bellunopress.it\/fr\/2019\/01\/03\/la-valle-del-grisol-non-si-tocca-padrin-la-cassazione-ha-deciso-lannullamento-totale-della-concessione-di-prelievo-idrico-per-fini-idroelettrici\/roberto-padrin-3\/\" rel=\"attachment wp-att-100912\"><img loading=\"lazy\" decoding=\"async\" class=\"size-full wp-image-100912\" src=\"http:\/\/www.bellunopress.it\/wp-content\/uploads\/2019\/01\/roberto-padrin.jpg\" alt=\"\" width=\"243\" height=\"300\" \/><\/a><figcaption id=\"caption-attachment-100912\" class=\"wp-caption-text\">Roberto Padrin, sindaco di Longarone e presidente della Provincia<\/figcaption><\/figure>\n<p>\u00abRingrazio l\u2019onorevole De Carlo per l\u2019impegno che sta mettendo nella soluzione dei disagi delle corriere del Cadore. Purtroppo questo genere di problemi sono lo specchio della debolezza finanziaria delle Province. Mi auguro che De Carlo, assieme agli altri parlamentari bellunesi, possa attivarsi a Roma per provare a garantire alle Province interamente montane un trattamento diverso\u00bb.<\/p>\n<p>\u00c8 quanto afferma il presidente della Provincia Roberto Padrin, sulla questione del sovraffollamento degli autobus per gli studenti della linea Cortina-Calalzo-Belluno, sollevata da Luca De Carlo. \u00abNelle ultime settimane, grazie anche all\u2019impegno del consigliere delegato Lorenzi e di Dolomitibus, abbiamo ottenuto alcuni notevoli miglioramenti del servizio\u00bb ricorda Padrin. \u00abEvidentemente non sono stati sufficienti a eliminare totalmente i disagi. Questo \u00e8 uno degli esempi delle condizioni in cui versano le Province, soprattutto quelle montane, gravate da funzioni indispensabili per il territorio, ma private di risorse e personale. Chiedo una mano all\u2019onorevole De Carlo e a tutti gli altri parlamentari bellunesi: fate capire a Roma che cos\u00ec non possiamo pi\u00f9 andare avanti.<\/p>\n<p>La Provincia di Belluno finora ha potuto garantire una serie di servizi al territorio, nonostante i tagli e le difficolt\u00e0 imposte dalla legge Delrio. Adesso, per\u00f2, serve un cambio di rotta, soprattutto a fronte di un territorio che si sta spopolando e impoverendo. Serve che la questione elettivit\u00e0 e risorse sia riportata al centro dell\u2019agenda politica, quanto meno per le Province interamente montane, come la nostra. Colgo l\u2019occasione per congratularmi con l\u2019onorevole Roger De Menech per la nomina a presidente del Comitato Paritetico Fondo Comuni di confine: \u00e8 importante che la guida sia rimasta in mano a un bellunese, che conosce il territorio e le sue dinamiche. Ringrazio il senatore Paolo Saviane per il lavoro svolto e per la collaborazione che ci ha sempre dimostrato\u00bb.<\/p>","protected":false},"excerpt":{"rendered":"<p>\u00abRingrazio l\u2019onorevole De Carlo per l\u2019impegno che sta mettendo nella soluzione dei disagi delle corriere del Cadore. Purtroppo questo genere di problemi sono lo specchio della debolezza finanziaria delle Province. Mi auguro che De Carlo, assieme agli altri parlamentari bellunesi, possa attivarsi a Roma per provare a garantire alle Province interamente montane un trattamento diverso\u00bb. [&hellip;]<\/p>\n","protected":false},"author":2,"featured_media":0,"comment_status":"closed","ping_status":"open","sticky":false,"template":"","format":"standard","meta":{"footnotes":""},"categories":[5,8],"tags":[],"class_list":["post-108664","post","type-post","status-publish","format-standard","category-cronaca","category-societa-istituzioni"],"yoast_head":"<!-- This site is optimized with the Yoast SEO plugin v28.4 - https:\/\/yoast.com\/product\/yoast-seo-wordpress\/ -->\n<title>Disagi autobus studenti. Padrin: &quot;Servono strumenti diversi per consentire alle province di garantire i servizi&quot; - Bellunopress - Dolomiti<\/title>\n<meta name=\"robots\" content=\"index, follow, max-snippet:-1, max-image-preview:large, max-video-preview:-1\" \/>\n<link rel=\"canonical\" href=\"https:\/\/www.bellunopress.it\/fr\/2019\/10\/11\/disagi-autobus-studenti-padrin-servono-strumenti-diversi-per-consentire-alle-province-di-garantire-i-servizi\/\" \/>\n<meta property=\"og:locale\" content=\"fr_FR\" \/>\n<meta property=\"og:type\" content=\"article\" \/>\n<meta property=\"og:title\" content=\"Disagi autobus studenti. Padrin: &quot;Servono strumenti diversi per consentire alle province di garantire i servizi&quot; - Bellunopress - Dolomiti\" \/>\n<meta property=\"og:description\" content=\"\u00abRingrazio l\u2019onorevole De Carlo per l\u2019impegno che sta mettendo nella soluzione dei disagi delle corriere del Cadore. Purtroppo questo genere di problemi sono lo specchio della debolezza finanziaria delle Province. Mi auguro che De Carlo, assieme agli altri parlamentari bellunesi, possa attivarsi a Roma per provare a garantire alle Province interamente montane un trattamento diverso\u00bb. [&hellip;]\" \/>\n<meta property=\"og:url\" content=\"https:\/\/www.bellunopress.it\/fr\/2019\/10\/11\/disagi-autobus-studenti-padrin-servono-strumenti-diversi-per-consentire-alle-province-di-garantire-i-servizi\/\" \/>\n<meta property=\"og:site_name\" content=\"Bellunopress - Dolomiti\" \/>\n<meta property=\"article:publisher\" content=\"https:\/\/www.facebook.com\/profile.php?id=100008943462799\" \/>\n<meta property=\"article:published_time\" content=\"2019-10-11T14:48:17+00:00\" \/>\n<meta property=\"og:image\" content=\"http:\/\/www.bellunopress.it\/wp-content\/uploads\/2019\/01\/roberto-padrin.jpg\" \/>\n<meta name=\"author\" content=\"redazione\" \/>\n<meta name=\"twitter:card\" content=\"summary_large_image\" \/>\n<meta name=\"twitter:creator\" content=\"@bellunopress\" \/>\n<meta name=\"twitter:site\" content=\"@bellunopress\" \/>\n<meta name=\"twitter:label1\" content=\"\u00c9crit par\" \/>\n\t<meta name=\"twitter:data1\" content=\"redazione\" \/>\n\t<meta name=\"twitter:label2\" content=\"Dur\u00e9e de lecture estim\u00e9e\" \/>\n\t<meta name=\"twitter:data2\" content=\"2 minutes\" \/>\n<script type=\"application\/ld+json\" class=\"yoast-schema-graph\">{\"@context\":\"https:\\\/\\\/schema.org\",\"@graph\":[{\"@type\":\"Article\",\"@id\":\"https:\\\/\\\/www.bellunopress.it\\\/2019\\\/10\\\/11\\\/disagi-autobus-studenti-padrin-servono-strumenti-diversi-per-consentire-alle-province-di-garantire-i-servizi\\\/#article\",\"isPartOf\":{\"@id\":\"https:\\\/\\\/www.bellunopress.it\\\/2019\\\/10\\\/11\\\/disagi-autobus-studenti-padrin-servono-strumenti-diversi-per-consentire-alle-province-di-garantire-i-servizi\\\/\"},\"author\":{\"name\":\"redazione\",\"@id\":\"https:\\\/\\\/www.bellunopress.it\\\/#\\\/schema\\\/person\\\/79bb06722b37ece1c03d3e94beb30d73\"},\"headline\":\"Disagi autobus studenti. Padrin: &#8220;Servono strumenti diversi per consentire alle province di garantire i servizi&#8221;\",\"datePublished\":\"2019-10-11T14:48:17+00:00\",\"mainEntityOfPage\":{\"@id\":\"https:\\\/\\\/www.bellunopress.it\\\/2019\\\/10\\\/11\\\/disagi-autobus-studenti-padrin-servono-strumenti-diversi-per-consentire-alle-province-di-garantire-i-servizi\\\/\"},\"wordCount\":325,\"publisher\":{\"@id\":\"https:\\\/\\\/www.bellunopress.it\\\/#organization\"},\"image\":{\"@id\":\"https:\\\/\\\/www.bellunopress.it\\\/2019\\\/10\\\/11\\\/disagi-autobus-studenti-padrin-servono-strumenti-diversi-per-consentire-alle-province-di-garantire-i-servizi\\\/#primaryimage\"},\"thumbnailUrl\":\"http:\\\/\\\/www.bellunopress.it\\\/wp-content\\\/uploads\\\/2019\\\/01\\\/roberto-padrin.jpg\",\"articleSection\":[\"Cronaca\\\/Politica\",\"Societ\u00e0, Associazioni, Istituzioni\"],\"inLanguage\":\"fr-FR\"},{\"@type\":\"WebPage\",\"@id\":\"https:\\\/\\\/www.bellunopress.it\\\/2019\\\/10\\\/11\\\/disagi-autobus-studenti-padrin-servono-strumenti-diversi-per-consentire-alle-province-di-garantire-i-servizi\\\/\",\"url\":\"https:\\\/\\\/www.bellunopress.it\\\/2019\\\/10\\\/11\\\/disagi-autobus-studenti-padrin-servono-strumenti-diversi-per-consentire-alle-province-di-garantire-i-servizi\\\/\",\"name\":\"Disagi autobus studenti. Padrin: \\\"Servono strumenti diversi per consentire alle province di garantire i servizi\\\" - Bellunopress - Dolomiti\",\"isPartOf\":{\"@id\":\"https:\\\/\\\/www.bellunopress.it\\\/#website\"},\"primaryImageOfPage\":{\"@id\":\"https:\\\/\\\/www.bellunopress.it\\\/2019\\\/10\\\/11\\\/disagi-autobus-studenti-padrin-servono-strumenti-diversi-per-consentire-alle-province-di-garantire-i-servizi\\\/#primaryimage\"},\"image\":{\"@id\":\"https:\\\/\\\/www.bellunopress.it\\\/2019\\\/10\\\/11\\\/disagi-autobus-studenti-padrin-servono-strumenti-diversi-per-consentire-alle-province-di-garantire-i-servizi\\\/#primaryimage\"},\"thumbnailUrl\":\"http:\\\/\\\/www.bellunopress.it\\\/wp-content\\\/uploads\\\/2019\\\/01\\\/roberto-padrin.jpg\",\"datePublished\":\"2019-10-11T14:48:17+00:00\",\"breadcrumb\":{\"@id\":\"https:\\\/\\\/www.bellunopress.it\\\/2019\\\/10\\\/11\\\/disagi-autobus-studenti-padrin-servono-strumenti-diversi-per-consentire-alle-province-di-garantire-i-servizi\\\/#breadcrumb\"},\"inLanguage\":\"fr-FR\",\"potentialAction\":[{\"@type\":\"ReadAction\",\"target\":[\"https:\\\/\\\/www.bellunopress.it\\\/2019\\\/10\\\/11\\\/disagi-autobus-studenti-padrin-servono-strumenti-diversi-per-consentire-alle-province-di-garantire-i-servizi\\\/\"]}]},{\"@type\":\"ImageObject\",\"inLanguage\":\"fr-FR\",\"@id\":\"https:\\\/\\\/www.bellunopress.it\\\/2019\\\/10\\\/11\\\/disagi-autobus-studenti-padrin-servono-strumenti-diversi-per-consentire-alle-province-di-garantire-i-servizi\\\/#primaryimage\",\"url\":\"http:\\\/\\\/www.bellunopress.it\\\/wp-content\\\/uploads\\\/2019\\\/01\\\/roberto-padrin.jpg\",\"contentUrl\":\"http:\\\/\\\/www.bellunopress.it\\\/wp-content\\\/uploads\\\/2019\\\/01\\\/roberto-padrin.jpg\"},{\"@type\":\"BreadcrumbList\",\"@id\":\"https:\\\/\\\/www.bellunopress.it\\\/2019\\\/10\\\/11\\\/disagi-autobus-studenti-padrin-servono-strumenti-diversi-per-consentire-alle-province-di-garantire-i-servizi\\\/#breadcrumb\",\"itemListElement\":[{\"@type\":\"ListItem\",\"position\":1,\"name\":\"Home\",\"item\":\"https:\\\/\\\/www.bellunopress.it\\\/\"},{\"@type\":\"ListItem\",\"position\":2,\"name\":\"Disagi autobus studenti. Padrin: &#8220;Servono strumenti diversi per consentire alle province di garantire i servizi&#8221;\"}]},{\"@type\":\"WebSite\",\"@id\":\"https:\\\/\\\/www.bellunopress.it\\\/#website\",\"url\":\"https:\\\/\\\/www.bellunopress.it\\\/\",\"name\":\"Bellunopress - Dolomiti\",\"description\":\"e-mail: redazione@bellunopress.it\",\"publisher\":{\"@id\":\"https:\\\/\\\/www.bellunopress.it\\\/#organization\"},\"potentialAction\":[{\"@type\":\"SearchAction\",\"target\":{\"@type\":\"EntryPoint\",\"urlTemplate\":\"https:\\\/\\\/www.bellunopress.it\\\/?s={search_term_string}\"},\"query-input\":{\"@type\":\"PropertyValueSpecification\",\"valueRequired\":true,\"valueName\":\"search_term_string\"}}],\"inLanguage\":\"fr-FR\"},{\"@type\":\"Organization\",\"@id\":\"https:\\\/\\\/www.bellunopress.it\\\/#organization\",\"name\":\"Bellunopress\",\"url\":\"https:\\\/\\\/www.bellunopress.it\\\/\",\"logo\":{\"@type\":\"ImageObject\",\"inLanguage\":\"fr-FR\",\"@id\":\"https:\\\/\\\/www.bellunopress.it\\\/#\\\/schema\\\/logo\\\/image\\\/\",\"url\":\"https:\\\/\\\/www.bellunopress.it\\\/wp-content\\\/uploads\\\/2011\\\/05\\\/cropped-logo-bellunopress-.jpg\",\"contentUrl\":\"https:\\\/\\\/www.bellunopress.it\\\/wp-content\\\/uploads\\\/2011\\\/05\\\/cropped-logo-bellunopress-.jpg\",\"width\":512,\"height\":512,\"caption\":\"Bellunopress\"},\"image\":{\"@id\":\"https:\\\/\\\/www.bellunopress.it\\\/#\\\/schema\\\/logo\\\/image\\\/\"},\"sameAs\":[\"https:\\\/\\\/www.facebook.com\\\/profile.php?id=100008943462799\",\"https:\\\/\\\/x.com\\\/bellunopress\",\"https:\\\/\\\/www.linkedin.com\\\/hp\\\/?dnr=JBzUWaJfMUw8vbXJJ2tVW5-I3jZKvC4wsoxE&amp;amp;amp;amp;amp;amp;trk=nav_responsive_tab_home\",\"https:\\\/\\\/www.youtube.com\\\/channel\\\/UCxL0wu1uN0_3_7hGG0306cw\"]},{\"@type\":\"Person\",\"@id\":\"https:\\\/\\\/www.bellunopress.it\\\/#\\\/schema\\\/person\\\/79bb06722b37ece1c03d3e94beb30d73\",\"name\":\"redazione\",\"image\":{\"@type\":\"ImageObject\",\"inLanguage\":\"fr-FR\",\"@id\":\"https:\\\/\\\/secure.gravatar.com\\\/avatar\\\/37d968a2e67a6fd04c169c4bdef102d0bc5d31b2546345219e348575eb80e9a0?s=96&d=mm&r=g\",\"url\":\"https:\\\/\\\/secure.gravatar.com\\\/avatar\\\/37d968a2e67a6fd04c169c4bdef102d0bc5d31b2546345219e348575eb80e9a0?s=96&d=mm&r=g\",\"contentUrl\":\"https:\\\/\\\/secure.gravatar.com\\\/avatar\\\/37d968a2e67a6fd04c169c4bdef102d0bc5d31b2546345219e348575eb80e9a0?s=96&d=mm&r=g\",\"caption\":\"redazione\"},\"sameAs\":[\"http:\\\/\\\/www.bellunopress.it\",\"https:\\\/\\\/x.com\\\/bellunopress\"],\"url\":\"https:\\\/\\\/www.bellunopress.it\\\/fr\\\/author\\\/redazione\\\/\"}]}<\/script>\n<!-- \/ Yoast SEO plugin. -->","yoast_head_json":{"title":"Disagi autobus studenti. Padrin: \"Servono strumenti diversi per consentire alle province di garantire i servizi\" - Bellunopress - Dolomiti","robots":{"index":"index","follow":"follow","max-snippet":"max-snippet:-1","max-image-preview":"max-image-preview:large","max-video-preview":"max-video-preview:-1"},"canonical":"https:\/\/www.bellunopress.it\/fr\/2019\/10\/11\/disagi-autobus-studenti-padrin-servono-strumenti-diversi-per-consentire-alle-province-di-garantire-i-servizi\/","og_locale":"fr_FR","og_type":"article","og_title":"Disagi autobus studenti. Padrin: \"Servono strumenti diversi per consentire alle province di garantire i servizi\" - Bellunopress - Dolomiti","og_description":"\u00abRingrazio l\u2019onorevole De Carlo per l\u2019impegno che sta mettendo nella soluzione dei disagi delle corriere del Cadore. Purtroppo questo genere di problemi sono lo specchio della debolezza finanziaria delle Province. Mi auguro che De Carlo, assieme agli altri parlamentari bellunesi, possa attivarsi a Roma per provare a garantire alle Province interamente montane un trattamento diverso\u00bb. [&hellip;]","og_url":"https:\/\/www.bellunopress.it\/fr\/2019\/10\/11\/disagi-autobus-studenti-padrin-servono-strumenti-diversi-per-consentire-alle-province-di-garantire-i-servizi\/","og_site_name":"Bellunopress - Dolomiti","article_publisher":"https:\/\/www.facebook.com\/profile.php?id=100008943462799","article_published_time":"2019-10-11T14:48:17+00:00","og_image":[{"url":"http:\/\/www.bellunopress.it\/wp-content\/uploads\/2019\/01\/roberto-padrin.jpg","type":"","width":"","height":""}],"author":"redazione","twitter_card":"summary_large_image","twitter_creator":"@bellunopress","twitter_site":"@bellunopress","twitter_misc":{"\u00c9crit par":"redazione","Dur\u00e9e de lecture estim\u00e9e":"2 minutes"},"schema":{"@context":"https:\/\/schema.org","@graph":[{"@type":"Article","@id":"https:\/\/www.bellunopress.it\/2019\/10\/11\/disagi-autobus-studenti-padrin-servono-strumenti-diversi-per-consentire-alle-province-di-garantire-i-servizi\/#article","isPartOf":{"@id":"https:\/\/www.bellunopress.it\/2019\/10\/11\/disagi-autobus-studenti-padrin-servono-strumenti-diversi-per-consentire-alle-province-di-garantire-i-servizi\/"},"author":{"name":"redazione","@id":"https:\/\/www.bellunopress.it\/#\/schema\/person\/79bb06722b37ece1c03d3e94beb30d73"},"headline":"Disagi autobus studenti. Padrin: &#8220;Servono strumenti diversi per consentire alle province di garantire i servizi&#8221;","datePublished":"2019-10-11T14:48:17+00:00","mainEntityOfPage":{"@id":"https:\/\/www.bellunopress.it\/2019\/10\/11\/disagi-autobus-studenti-padrin-servono-strumenti-diversi-per-consentire-alle-province-di-garantire-i-servizi\/"},"wordCount":325,"publisher":{"@id":"https:\/\/www.bellunopress.it\/#organization"},"image":{"@id":"https:\/\/www.bellunopress.it\/2019\/10\/11\/disagi-autobus-studenti-padrin-servono-strumenti-diversi-per-consentire-alle-province-di-garantire-i-servizi\/#primaryimage"},"thumbnailUrl":"http:\/\/www.bellunopress.it\/wp-content\/uploads\/2019\/01\/roberto-padrin.jpg","articleSection":["Cronaca\/Politica","Societ\u00e0, Associazioni, Istituzioni"],"inLanguage":"fr-FR"},{"@type":"WebPage","@id":"https:\/\/www.bellunopress.it\/2019\/10\/11\/disagi-autobus-studenti-padrin-servono-strumenti-diversi-per-consentire-alle-province-di-garantire-i-servizi\/","url":"https:\/\/www.bellunopress.it\/2019\/10\/11\/disagi-autobus-studenti-padrin-servono-strumenti-diversi-per-consentire-alle-province-di-garantire-i-servizi\/","name":"Disagi autobus studenti. Padrin: \"Servono strumenti diversi per consentire alle province di garantire i servizi\" - Bellunopress - Dolomiti","isPartOf":{"@id":"https:\/\/www.bellunopress.it\/#website"},"primaryImageOfPage":{"@id":"https:\/\/www.bellunopress.it\/2019\/10\/11\/disagi-autobus-studenti-padrin-servono-strumenti-diversi-per-consentire-alle-province-di-garantire-i-servizi\/#primaryimage"},"image":{"@id":"https:\/\/www.bellunopress.it\/2019\/10\/11\/disagi-autobus-studenti-padrin-servono-strumenti-diversi-per-consentire-alle-province-di-garantire-i-servizi\/#primaryimage"},"thumbnailUrl":"http:\/\/www.bellunopress.it\/wp-content\/uploads\/2019\/01\/roberto-padrin.jpg","datePublished":"2019-10-11T14:48:17+00:00","breadcrumb":{"@id":"https:\/\/www.bellunopress.it\/2019\/10\/11\/disagi-autobus-studenti-padrin-servono-strumenti-diversi-per-consentire-alle-province-di-garantire-i-servizi\/#breadcrumb"},"inLanguage":"fr-FR","potentialAction":[{"@type":"ReadAction","target":["https:\/\/www.bellunopress.it\/2019\/10\/11\/disagi-autobus-studenti-padrin-servono-strumenti-diversi-per-consentire-alle-province-di-garantire-i-servizi\/"]}]},{"@type":"ImageObject","inLanguage":"fr-FR","@id":"https:\/\/www.bellunopress.it\/2019\/10\/11\/disagi-autobus-studenti-padrin-servono-strumenti-diversi-per-consentire-alle-province-di-garantire-i-servizi\/#primaryimage","url":"http:\/\/www.bellunopress.it\/wp-content\/uploads\/2019\/01\/roberto-padrin.jpg","contentUrl":"http:\/\/www.bellunopress.it\/wp-content\/uploads\/2019\/01\/roberto-padrin.jpg"},{"@type":"BreadcrumbList","@id":"https:\/\/www.bellunopress.it\/2019\/10\/11\/disagi-autobus-studenti-padrin-servono-strumenti-diversi-per-consentire-alle-province-di-garantire-i-servizi\/#breadcrumb","itemListElement":[{"@type":"ListItem","position":1,"name":"Home","item":"https:\/\/www.bellunopress.it\/"},{"@type":"ListItem","position":2,"name":"Disagi autobus studenti. Padrin: &#8220;Servono strumenti diversi per consentire alle province di garantire i servizi&#8221;"}]},{"@type":"WebSite","@id":"https:\/\/www.bellunopress.it\/#website","url":"https:\/\/www.bellunopress.it\/","name":"Bellunopress - Dolomiti","description":"e-mail: redazione@bellunopress.it","publisher":{"@id":"https:\/\/www.bellunopress.it\/#organization"},"potentialAction":[{"@type":"SearchAction","target":{"@type":"EntryPoint","urlTemplate":"https:\/\/www.bellunopress.it\/?s={search_term_string}"},"query-input":{"@type":"PropertyValueSpecification","valueRequired":true,"valueName":"search_term_string"}}],"inLanguage":"fr-FR"},{"@type":"Organization","@id":"https:\/\/www.bellunopress.it\/#organization","name":"Bellunopress","url":"https:\/\/www.bellunopress.it\/","logo":{"@type":"ImageObject","inLanguage":"fr-FR","@id":"https:\/\/www.bellunopress.it\/#\/schema\/logo\/image\/","url":"https:\/\/www.bellunopress.it\/wp-content\/uploads\/2011\/05\/cropped-logo-bellunopress-.jpg","contentUrl":"https:\/\/www.bellunopress.it\/wp-content\/uploads\/2011\/05\/cropped-logo-bellunopress-.jpg","width":512,"height":512,"caption":"Bellunopress"},"image":{"@id":"https:\/\/www.bellunopress.it\/#\/schema\/logo\/image\/"},"sameAs":["https:\/\/www.facebook.com\/profile.php?id=100008943462799","https:\/\/x.com\/bellunopress","https:\/\/www.linkedin.com\/hp\/?dnr=JBzUWaJfMUw8vbXJJ2tVW5-I3jZKvC4wsoxE&amp;amp;amp;amp;amp;amp;trk=nav_responsive_tab_home","https:\/\/www.youtube.com\/channel\/UCxL0wu1uN0_3_7hGG0306cw"]},{"@type":"Person","@id":"https:\/\/www.bellunopress.it\/#\/schema\/person\/79bb06722b37ece1c03d3e94beb30d73","name":"r\u00e9daction","image":{"@type":"ImageObject","inLanguage":"fr-FR","@id":"https:\/\/secure.gravatar.com\/avatar\/37d968a2e67a6fd04c169c4bdef102d0bc5d31b2546345219e348575eb80e9a0?s=96&d=mm&r=g","url":"https:\/\/secure.gravatar.com\/avatar\/37d968a2e67a6fd04c169c4bdef102d0bc5d31b2546345219e348575eb80e9a0?s=96&d=mm&r=g","contentUrl":"https:\/\/secure.gravatar.com\/avatar\/37d968a2e67a6fd04c169c4bdef102d0bc5d31b2546345219e348575eb80e9a0?s=96&d=mm&r=g","caption":"redazione"},"sameAs":["http:\/\/www.bellunopress.it","https:\/\/x.com\/bellunopress"],"url":"https:\/\/www.bellunopress.it\/fr\/author\/redazione\/"}]}},"_links":{"self":[{"href":"https:\/\/www.bellunopress.it\/fr\/wp-json\/wp\/v2\/posts\/108664","targetHints":{"allow":["GET"]}}],"collection":[{"href":"https:\/\/www.bellunopress.it\/fr\/wp-json\/wp\/v2\/posts"}],"about":[{"href":"https:\/\/www.bellunopress.it\/fr\/wp-json\/wp\/v2\/types\/post"}],"author":[{"embeddable":true,"href":"https:\/\/www.bellunopress.it\/fr\/wp-json\/wp\/v2\/users\/2"}],"replies":[{"embeddable":true,"href":"https:\/\/www.bellunopress.it\/fr\/wp-json\/wp\/v2\/comments?post=108664"}],"version-history":[{"count":1,"href":"https:\/\/www.bellunopress.it\/fr\/wp-json\/wp\/v2\/posts\/108664\/revisions"}],"predecessor-version":[{"id":108665,"href":"https:\/\/www.bellunopress.it\/fr\/wp-json\/wp\/v2\/posts\/108664\/revisions\/108665"}],"wp:attachment":[{"href":"https:\/\/www.bellunopress.it\/fr\/wp-json\/wp\/v2\/media?parent=108664"}],"wp:term":[{"taxonomy":"category","embeddable":true,"href":"https:\/\/www.bellunopress.it\/fr\/wp-json\/wp\/v2\/categories?post=108664"},{"taxonomy":"post_tag","embeddable":true,"href":"https:\/\/www.bellunopress.it\/fr\/wp-json\/wp\/v2\/tags?post=108664"}],"curies":[{"name":"wp","href":"https:\/\/api.w.org\/{rel}","templated":true}]}}