{"id":108659,"date":"2019-10-11T11:46:23","date_gmt":"2019-10-11T09:46:23","guid":{"rendered":"http:\/\/www.bellunopress.it\/?p=108659"},"modified":"2019-10-11T12:56:44","modified_gmt":"2019-10-11T10:56:44","slug":"cervo-impigliato-nella-rete-di-calcio-a-cortina","status":"publish","type":"post","link":"https:\/\/www.bellunopress.it\/fr\/2019\/10\/11\/cervo-impigliato-nella-rete-di-calcio-a-cortina\/","title":{"rendered":"Cervo impigliato nella rete di calcio a Cortina"},"content":{"rendered":"<p>Cortina d&#8217;Ampezzo, 11 ottobre 2019\u00a0 &#8211;\u00a0 Questa mattina verso le 8 un cervo \u00e8 rimasto impigliato nelle reti del campo da calcio in localit\u00e0 Alver\u00e0 a Cortina d&#8217;Ampezzo. Su posto, per liberarlo, sono intervenuti i carabinieri, i vigili del fuoco e la polizia provinciale.<\/p>\n<p>La cronaca<\/p>\n<p>La Polizia Provinciale \u00e8 intervenuta questa mattina nel territorio di Cortina per recuperare e liberare un cervo. L\u2019animale si era perso in localit\u00e0 Alver\u00e0 ed era rimasto impigliato con le corna nella rete di protezione del campo sportivo. Il fatto \u00e8 accaduto alle prime luci dell\u2019alba e la segnalazione \u00e8 arrivata attorno alle 7.<br \/>\nLa Provincia di Belluno ha immediatamente attivato la squadra catture, nucleo specialistico della Polizia Provinciale, dotato di tutta l\u2019attrezzatura idonea al recupero in sicurezza della fauna selvatica. Sul posto sono intervenuti anche i Vigili del Fuoco, i Carabinieri Forestali e alcuni soci della riserva alpina di caccia di Cortina, assieme al veterinario dell\u2019Ulss, che ha deciso il dosaggio dell\u2019anestetico necessario ad addormentare l\u2019animale. Il cervo, un esemplare maschio adulto di 3-4 anni, del peso di circa 150-160 chili (considerato che al termine della stagione degli amori questo genere di ungulati perde pi\u00f9 o meno il 25 per cento del peso corporeo), \u00e8 stato sedato tramite teleanestesia. L\u2019intervento \u00e8 stato effettuato attorno alle 10. Dopo il taglio della rete che si era impigliata attorno alle corna, il veterinario ha potuto constatare le ottime condizioni di salute dell\u2019animale. Il cervo \u00e8 stato restituito ai boschi poco dopo le 10.30.<br \/>\nL\u2019operazione condotta dalla Polizia Provinciale segue di pochi giorni un\u2019altra liberazione di un altro cervo, che si era perso nel centro di Cortina, e si era introdotto in un negozio di abbigliamento. Anche in quel caso, l\u2019animale aveva perso l\u2019orientamento, come spesso accade durante la stagione degli accoppiamenti.<\/p>\n<p>&nbsp;<\/p>\n<div class=\"youtube-embed\" data-video_id=\"iNE00zpvlQs\"><iframe loading=\"lazy\" title=\"Cervo impigliato nella rete a Cortina\" width=\"696\" height=\"392\" src=\"https:\/\/www.youtube.com\/embed\/iNE00zpvlQs?feature=oembed&#038;enablejsapi=1\" frameborder=\"0\" allow=\"accelerometer; autoplay; encrypted-media; gyroscope; picture-in-picture\" allowfullscreen><\/iframe><\/div>","protected":false},"excerpt":{"rendered":"<p>Cortina d&#8217;Ampezzo, 11 ottobre 2019\u00a0 &#8211;\u00a0 Questa mattina verso le 8 un cervo \u00e8 rimasto impigliato nelle reti del campo da calcio in localit\u00e0 Alver\u00e0 a Cortina d&#8217;Ampezzo. Su posto, per liberarlo, sono intervenuti i carabinieri, i vigili del fuoco e la polizia provinciale. La cronaca La Polizia Provinciale \u00e8 intervenuta questa mattina nel territorio [&hellip;]<\/p>\n","protected":false},"author":2,"featured_media":0,"comment_status":"closed","ping_status":"open","sticky":false,"template":"","format":"standard","meta":{"footnotes":""},"categories":[5,38,26],"tags":[],"class_list":["post-108659","post","type-post","status-publish","format-standard","category-cronaca","category-natura-ambiente","category-prima-pagina"],"yoast_head":"<!-- This site is optimized with the Yoast SEO plugin v28.4 - https:\/\/yoast.com\/product\/yoast-seo-wordpress\/ -->\n<title>Cervo impigliato nella rete di calcio a Cortina - Bellunopress - Dolomiti<\/title>\n<meta name=\"robots\" content=\"index, follow, max-snippet:-1, max-image-preview:large, max-video-preview:-1\" \/>\n<link rel=\"canonical\" href=\"https:\/\/www.bellunopress.it\/fr\/2019\/10\/11\/cervo-impigliato-nella-rete-di-calcio-a-cortina\/\" \/>\n<meta property=\"og:locale\" content=\"fr_FR\" \/>\n<meta property=\"og:type\" content=\"article\" \/>\n<meta property=\"og:title\" content=\"Cervo impigliato nella rete di calcio a Cortina - Bellunopress - Dolomiti\" \/>\n<meta property=\"og:description\" content=\"Cortina d&#8217;Ampezzo, 11 ottobre 2019\u00a0 &#8211;\u00a0 Questa mattina verso le 8 un cervo \u00e8 rimasto impigliato nelle reti del campo da calcio in localit\u00e0 Alver\u00e0 a Cortina d&#8217;Ampezzo. Su posto, per liberarlo, sono intervenuti i carabinieri, i vigili del fuoco e la polizia provinciale. La cronaca La Polizia Provinciale \u00e8 intervenuta questa mattina nel territorio [&hellip;]\" \/>\n<meta property=\"og:url\" content=\"https:\/\/www.bellunopress.it\/fr\/2019\/10\/11\/cervo-impigliato-nella-rete-di-calcio-a-cortina\/\" \/>\n<meta property=\"og:site_name\" content=\"Bellunopress - Dolomiti\" \/>\n<meta property=\"article:publisher\" content=\"https:\/\/www.facebook.com\/profile.php?id=100008943462799\" \/>\n<meta property=\"article:published_time\" content=\"2019-10-11T09:46:23+00:00\" \/>\n<meta property=\"article:modified_time\" content=\"2019-10-11T10:56:44+00:00\" \/>\n<meta property=\"og:image\" content=\"http:\/\/www.bellunopress.it\/wp-content\/uploads\/2012\/07\/logo-bellunopress-250x250-2012.jpg\" \/>\n<meta name=\"author\" content=\"redazione\" \/>\n<meta name=\"twitter:card\" content=\"summary_large_image\" \/>\n<meta name=\"twitter:creator\" content=\"@bellunopress\" \/>\n<meta name=\"twitter:site\" content=\"@bellunopress\" \/>\n<meta name=\"twitter:label1\" content=\"\u00c9crit par\" \/>\n\t<meta name=\"twitter:data1\" content=\"redazione\" \/>\n\t<meta name=\"twitter:label2\" content=\"Dur\u00e9e de lecture estim\u00e9e\" \/>\n\t<meta name=\"twitter:data2\" content=\"2 minutes\" \/>\n<script type=\"application\/ld+json\" class=\"yoast-schema-graph\">{\"@context\":\"https:\\\/\\\/schema.org\",\"@graph\":[{\"@type\":\"Article\",\"@id\":\"https:\\\/\\\/www.bellunopress.it\\\/2019\\\/10\\\/11\\\/cervo-impigliato-nella-rete-di-calcio-a-cortina\\\/#article\",\"isPartOf\":{\"@id\":\"https:\\\/\\\/www.bellunopress.it\\\/2019\\\/10\\\/11\\\/cervo-impigliato-nella-rete-di-calcio-a-cortina\\\/\"},\"author\":{\"name\":\"redazione\",\"@id\":\"https:\\\/\\\/www.bellunopress.it\\\/#\\\/schema\\\/person\\\/79bb06722b37ece1c03d3e94beb30d73\"},\"headline\":\"Cervo impigliato nella rete di calcio a Cortina\",\"datePublished\":\"2019-10-11T09:46:23+00:00\",\"dateModified\":\"2019-10-11T10:56:44+00:00\",\"mainEntityOfPage\":{\"@id\":\"https:\\\/\\\/www.bellunopress.it\\\/2019\\\/10\\\/11\\\/cervo-impigliato-nella-rete-di-calcio-a-cortina\\\/\"},\"wordCount\":316,\"publisher\":{\"@id\":\"https:\\\/\\\/www.bellunopress.it\\\/#organization\"},\"articleSection\":[\"Cronaca\\\/Politica\",\"Meteo, natura, ambiente, animali\",\"Prima Pagina\"],\"inLanguage\":\"fr-FR\"},{\"@type\":\"WebPage\",\"@id\":\"https:\\\/\\\/www.bellunopress.it\\\/2019\\\/10\\\/11\\\/cervo-impigliato-nella-rete-di-calcio-a-cortina\\\/\",\"url\":\"https:\\\/\\\/www.bellunopress.it\\\/2019\\\/10\\\/11\\\/cervo-impigliato-nella-rete-di-calcio-a-cortina\\\/\",\"name\":\"Cervo impigliato nella rete di calcio a Cortina - Bellunopress - Dolomiti\",\"isPartOf\":{\"@id\":\"https:\\\/\\\/www.bellunopress.it\\\/#website\"},\"datePublished\":\"2019-10-11T09:46:23+00:00\",\"dateModified\":\"2019-10-11T10:56:44+00:00\",\"breadcrumb\":{\"@id\":\"https:\\\/\\\/www.bellunopress.it\\\/2019\\\/10\\\/11\\\/cervo-impigliato-nella-rete-di-calcio-a-cortina\\\/#breadcrumb\"},\"inLanguage\":\"fr-FR\",\"potentialAction\":[{\"@type\":\"ReadAction\",\"target\":[\"https:\\\/\\\/www.bellunopress.it\\\/2019\\\/10\\\/11\\\/cervo-impigliato-nella-rete-di-calcio-a-cortina\\\/\"]}]},{\"@type\":\"BreadcrumbList\",\"@id\":\"https:\\\/\\\/www.bellunopress.it\\\/2019\\\/10\\\/11\\\/cervo-impigliato-nella-rete-di-calcio-a-cortina\\\/#breadcrumb\",\"itemListElement\":[{\"@type\":\"ListItem\",\"position\":1,\"name\":\"Home\",\"item\":\"https:\\\/\\\/www.bellunopress.it\\\/\"},{\"@type\":\"ListItem\",\"position\":2,\"name\":\"Cervo impigliato nella rete di calcio a Cortina\"}]},{\"@type\":\"WebSite\",\"@id\":\"https:\\\/\\\/www.bellunopress.it\\\/#website\",\"url\":\"https:\\\/\\\/www.bellunopress.it\\\/\",\"name\":\"Bellunopress - Dolomiti\",\"description\":\"e-mail: redazione@bellunopress.it\",\"publisher\":{\"@id\":\"https:\\\/\\\/www.bellunopress.it\\\/#organization\"},\"potentialAction\":[{\"@type\":\"SearchAction\",\"target\":{\"@type\":\"EntryPoint\",\"urlTemplate\":\"https:\\\/\\\/www.bellunopress.it\\\/?s={search_term_string}\"},\"query-input\":{\"@type\":\"PropertyValueSpecification\",\"valueRequired\":true,\"valueName\":\"search_term_string\"}}],\"inLanguage\":\"fr-FR\"},{\"@type\":\"Organization\",\"@id\":\"https:\\\/\\\/www.bellunopress.it\\\/#organization\",\"name\":\"Bellunopress\",\"url\":\"https:\\\/\\\/www.bellunopress.it\\\/\",\"logo\":{\"@type\":\"ImageObject\",\"inLanguage\":\"fr-FR\",\"@id\":\"https:\\\/\\\/www.bellunopress.it\\\/#\\\/schema\\\/logo\\\/image\\\/\",\"url\":\"https:\\\/\\\/www.bellunopress.it\\\/wp-content\\\/uploads\\\/2011\\\/05\\\/cropped-logo-bellunopress-.jpg\",\"contentUrl\":\"https:\\\/\\\/www.bellunopress.it\\\/wp-content\\\/uploads\\\/2011\\\/05\\\/cropped-logo-bellunopress-.jpg\",\"width\":512,\"height\":512,\"caption\":\"Bellunopress\"},\"image\":{\"@id\":\"https:\\\/\\\/www.bellunopress.it\\\/#\\\/schema\\\/logo\\\/image\\\/\"},\"sameAs\":[\"https:\\\/\\\/www.facebook.com\\\/profile.php?id=100008943462799\",\"https:\\\/\\\/x.com\\\/bellunopress\",\"https:\\\/\\\/www.linkedin.com\\\/hp\\\/?dnr=JBzUWaJfMUw8vbXJJ2tVW5-I3jZKvC4wsoxE&amp;amp;amp;amp;amp;amp;trk=nav_responsive_tab_home\",\"https:\\\/\\\/www.youtube.com\\\/channel\\\/UCxL0wu1uN0_3_7hGG0306cw\"]},{\"@type\":\"Person\",\"@id\":\"https:\\\/\\\/www.bellunopress.it\\\/#\\\/schema\\\/person\\\/79bb06722b37ece1c03d3e94beb30d73\",\"name\":\"redazione\",\"image\":{\"@type\":\"ImageObject\",\"inLanguage\":\"fr-FR\",\"@id\":\"https:\\\/\\\/secure.gravatar.com\\\/avatar\\\/37d968a2e67a6fd04c169c4bdef102d0bc5d31b2546345219e348575eb80e9a0?s=96&d=mm&r=g\",\"url\":\"https:\\\/\\\/secure.gravatar.com\\\/avatar\\\/37d968a2e67a6fd04c169c4bdef102d0bc5d31b2546345219e348575eb80e9a0?s=96&d=mm&r=g\",\"contentUrl\":\"https:\\\/\\\/secure.gravatar.com\\\/avatar\\\/37d968a2e67a6fd04c169c4bdef102d0bc5d31b2546345219e348575eb80e9a0?s=96&d=mm&r=g\",\"caption\":\"redazione\"},\"sameAs\":[\"http:\\\/\\\/www.bellunopress.it\",\"https:\\\/\\\/x.com\\\/bellunopress\"],\"url\":\"https:\\\/\\\/www.bellunopress.it\\\/fr\\\/author\\\/redazione\\\/\"}]}<\/script>\n<!-- \/ Yoast SEO plugin. -->","yoast_head_json":{"title":"Cervo impigliato nella rete di calcio a Cortina - Bellunopress - Dolomiti","robots":{"index":"index","follow":"follow","max-snippet":"max-snippet:-1","max-image-preview":"max-image-preview:large","max-video-preview":"max-video-preview:-1"},"canonical":"https:\/\/www.bellunopress.it\/fr\/2019\/10\/11\/cervo-impigliato-nella-rete-di-calcio-a-cortina\/","og_locale":"fr_FR","og_type":"article","og_title":"Cervo impigliato nella rete di calcio a Cortina - Bellunopress - Dolomiti","og_description":"Cortina d&#8217;Ampezzo, 11 ottobre 2019\u00a0 &#8211;\u00a0 Questa mattina verso le 8 un cervo \u00e8 rimasto impigliato nelle reti del campo da calcio in localit\u00e0 Alver\u00e0 a Cortina d&#8217;Ampezzo. Su posto, per liberarlo, sono intervenuti i carabinieri, i vigili del fuoco e la polizia provinciale. La cronaca La Polizia Provinciale \u00e8 intervenuta questa mattina nel territorio [&hellip;]","og_url":"https:\/\/www.bellunopress.it\/fr\/2019\/10\/11\/cervo-impigliato-nella-rete-di-calcio-a-cortina\/","og_site_name":"Bellunopress - Dolomiti","article_publisher":"https:\/\/www.facebook.com\/profile.php?id=100008943462799","article_published_time":"2019-10-11T09:46:23+00:00","article_modified_time":"2019-10-11T10:56:44+00:00","og_image":[{"url":"http:\/\/www.bellunopress.it\/wp-content\/uploads\/2012\/07\/logo-bellunopress-250x250-2012.jpg","type":"","width":"","height":""}],"author":"redazione","twitter_card":"summary_large_image","twitter_creator":"@bellunopress","twitter_site":"@bellunopress","twitter_misc":{"\u00c9crit par":"redazione","Dur\u00e9e de lecture estim\u00e9e":"2 minutes"},"schema":{"@context":"https:\/\/schema.org","@graph":[{"@type":"Article","@id":"https:\/\/www.bellunopress.it\/2019\/10\/11\/cervo-impigliato-nella-rete-di-calcio-a-cortina\/#article","isPartOf":{"@id":"https:\/\/www.bellunopress.it\/2019\/10\/11\/cervo-impigliato-nella-rete-di-calcio-a-cortina\/"},"author":{"name":"redazione","@id":"https:\/\/www.bellunopress.it\/#\/schema\/person\/79bb06722b37ece1c03d3e94beb30d73"},"headline":"Cervo impigliato nella rete di calcio a Cortina","datePublished":"2019-10-11T09:46:23+00:00","dateModified":"2019-10-11T10:56:44+00:00","mainEntityOfPage":{"@id":"https:\/\/www.bellunopress.it\/2019\/10\/11\/cervo-impigliato-nella-rete-di-calcio-a-cortina\/"},"wordCount":316,"publisher":{"@id":"https:\/\/www.bellunopress.it\/#organization"},"articleSection":["Cronaca\/Politica","Meteo, natura, ambiente, animali","Prima Pagina"],"inLanguage":"fr-FR"},{"@type":"WebPage","@id":"https:\/\/www.bellunopress.it\/2019\/10\/11\/cervo-impigliato-nella-rete-di-calcio-a-cortina\/","url":"https:\/\/www.bellunopress.it\/2019\/10\/11\/cervo-impigliato-nella-rete-di-calcio-a-cortina\/","name":"Cervo impigliato nella rete di calcio a Cortina - Bellunopress - Dolomiti","isPartOf":{"@id":"https:\/\/www.bellunopress.it\/#website"},"datePublished":"2019-10-11T09:46:23+00:00","dateModified":"2019-10-11T10:56:44+00:00","breadcrumb":{"@id":"https:\/\/www.bellunopress.it\/2019\/10\/11\/cervo-impigliato-nella-rete-di-calcio-a-cortina\/#breadcrumb"},"inLanguage":"fr-FR","potentialAction":[{"@type":"ReadAction","target":["https:\/\/www.bellunopress.it\/2019\/10\/11\/cervo-impigliato-nella-rete-di-calcio-a-cortina\/"]}]},{"@type":"BreadcrumbList","@id":"https:\/\/www.bellunopress.it\/2019\/10\/11\/cervo-impigliato-nella-rete-di-calcio-a-cortina\/#breadcrumb","itemListElement":[{"@type":"ListItem","position":1,"name":"Home","item":"https:\/\/www.bellunopress.it\/"},{"@type":"ListItem","position":2,"name":"Cervo impigliato nella rete di calcio a Cortina"}]},{"@type":"WebSite","@id":"https:\/\/www.bellunopress.it\/#website","url":"https:\/\/www.bellunopress.it\/","name":"Bellunopress - Dolomiti","description":"e-mail: redazione@bellunopress.it","publisher":{"@id":"https:\/\/www.bellunopress.it\/#organization"},"potentialAction":[{"@type":"SearchAction","target":{"@type":"EntryPoint","urlTemplate":"https:\/\/www.bellunopress.it\/?s={search_term_string}"},"query-input":{"@type":"PropertyValueSpecification","valueRequired":true,"valueName":"search_term_string"}}],"inLanguage":"fr-FR"},{"@type":"Organization","@id":"https:\/\/www.bellunopress.it\/#organization","name":"Bellunopress","url":"https:\/\/www.bellunopress.it\/","logo":{"@type":"ImageObject","inLanguage":"fr-FR","@id":"https:\/\/www.bellunopress.it\/#\/schema\/logo\/image\/","url":"https:\/\/www.bellunopress.it\/wp-content\/uploads\/2011\/05\/cropped-logo-bellunopress-.jpg","contentUrl":"https:\/\/www.bellunopress.it\/wp-content\/uploads\/2011\/05\/cropped-logo-bellunopress-.jpg","width":512,"height":512,"caption":"Bellunopress"},"image":{"@id":"https:\/\/www.bellunopress.it\/#\/schema\/logo\/image\/"},"sameAs":["https:\/\/www.facebook.com\/profile.php?id=100008943462799","https:\/\/x.com\/bellunopress","https:\/\/www.linkedin.com\/hp\/?dnr=JBzUWaJfMUw8vbXJJ2tVW5-I3jZKvC4wsoxE&amp;amp;amp;amp;amp;amp;trk=nav_responsive_tab_home","https:\/\/www.youtube.com\/channel\/UCxL0wu1uN0_3_7hGG0306cw"]},{"@type":"Person","@id":"https:\/\/www.bellunopress.it\/#\/schema\/person\/79bb06722b37ece1c03d3e94beb30d73","name":"r\u00e9daction","image":{"@type":"ImageObject","inLanguage":"fr-FR","@id":"https:\/\/secure.gravatar.com\/avatar\/37d968a2e67a6fd04c169c4bdef102d0bc5d31b2546345219e348575eb80e9a0?s=96&d=mm&r=g","url":"https:\/\/secure.gravatar.com\/avatar\/37d968a2e67a6fd04c169c4bdef102d0bc5d31b2546345219e348575eb80e9a0?s=96&d=mm&r=g","contentUrl":"https:\/\/secure.gravatar.com\/avatar\/37d968a2e67a6fd04c169c4bdef102d0bc5d31b2546345219e348575eb80e9a0?s=96&d=mm&r=g","caption":"redazione"},"sameAs":["http:\/\/www.bellunopress.it","https:\/\/x.com\/bellunopress"],"url":"https:\/\/www.bellunopress.it\/fr\/author\/redazione\/"}]}},"_links":{"self":[{"href":"https:\/\/www.bellunopress.it\/fr\/wp-json\/wp\/v2\/posts\/108659","targetHints":{"allow":["GET"]}}],"collection":[{"href":"https:\/\/www.bellunopress.it\/fr\/wp-json\/wp\/v2\/posts"}],"about":[{"href":"https:\/\/www.bellunopress.it\/fr\/wp-json\/wp\/v2\/types\/post"}],"author":[{"embeddable":true,"href":"https:\/\/www.bellunopress.it\/fr\/wp-json\/wp\/v2\/users\/2"}],"replies":[{"embeddable":true,"href":"https:\/\/www.bellunopress.it\/fr\/wp-json\/wp\/v2\/comments?post=108659"}],"version-history":[{"count":2,"href":"https:\/\/www.bellunopress.it\/fr\/wp-json\/wp\/v2\/posts\/108659\/revisions"}],"predecessor-version":[{"id":108661,"href":"https:\/\/www.bellunopress.it\/fr\/wp-json\/wp\/v2\/posts\/108659\/revisions\/108661"}],"wp:attachment":[{"href":"https:\/\/www.bellunopress.it\/fr\/wp-json\/wp\/v2\/media?parent=108659"}],"wp:term":[{"taxonomy":"category","embeddable":true,"href":"https:\/\/www.bellunopress.it\/fr\/wp-json\/wp\/v2\/categories?post=108659"},{"taxonomy":"post_tag","embeddable":true,"href":"https:\/\/www.bellunopress.it\/fr\/wp-json\/wp\/v2\/tags?post=108659"}],"curies":[{"name":"wp","href":"https:\/\/api.w.org\/{rel}","templated":true}]}}