{"id":108657,"date":"2019-10-11T09:14:31","date_gmt":"2019-10-11T07:14:31","guid":{"rendered":"http:\/\/www.bellunopress.it\/?p=108657"},"modified":"2019-10-11T09:14:31","modified_gmt":"2019-10-11T07:14:31","slug":"crac-banche-criticita-della-legge-riflessioni-dellavvocato-cavallari-il-coordinamento-don-torta-chiede-tutele-per-i-risparmiatori-fino-a-200mila-euro","status":"publish","type":"post","link":"https:\/\/www.bellunopress.it\/fr\/2019\/10\/11\/crac-banche-criticita-della-legge-riflessioni-dellavvocato-cavallari-il-coordinamento-don-torta-chiede-tutele-per-i-risparmiatori-fino-a-200mila-euro\/","title":{"rendered":"Crac Banche. Criticit\u00e0 della legge. Riflessioni dell\u2019avvocato Cavallari. Il Coordinamento Don Torta chiede tutele per i risparmiatori fino a 200mila euro\u00a0"},"content":{"rendered":"<p><a href=\"http:\/\/www.bellunopress.it\/fr\/2018\/08\/18\/crack-banche-venete-le-associazioni-riunite-a-padova-chiedono-al-governo-limmediata-pubblicazione-del-decreto-lunedi-a-vicenza-la-riunione-a-palazzo-trissino\/banche-venete-popolare-vicenza\/\" rel=\"attachment wp-att-97237\"><img loading=\"lazy\" decoding=\"async\" class=\"alignleft size-full wp-image-97237\" src=\"http:\/\/www.bellunopress.it\/wp-content\/uploads\/2018\/08\/banche-venete-popolare-vicenza.jpg\" alt=\"\" width=\"300\" height=\"178\" \/><\/a>L\u2019importante convegno che avr\u00e0 luogo oggi a Vicenza con inizio alle ore 16.15 nella sala Giuseppe Lazzati collocata all\u2019interno del Palazzo delle opere cattoliche in Piazza Duomo, vedr\u00e0 oltre al professor Cesare Mirabelli Presidente Emerito della Corte costituzionale approfondire in modo dettagliato l\u2019art. 47 di tutela del risparmio. Probabilmente l\u2019analisi prender\u00e0 in considerazione la salvaguardia dei soggetti economicamente pi\u00f9 deboli, che meritano di essere ancor di pi\u00f9 garantiti. La fiducia tradita da una mala gestio da parte dei gerenti e dei controllori degli istituti di credito nei confronti dei \u201crisparmi di una vita\u201d, \u00e8 un torto pesante specie verso cittadini che, in gran parte, hanno superato la terza et\u00e0.<\/p>\n<p>I promotori dell\u2019iniziativa sono Adusbef (associazione per la difesa degli utenti dei servizi bancari e finanziari), Codacons (coordinamento delle associazioni per la difesa dell&#8217;ambiente e dei diritti degli utenti e dei consumatori) ed ANLA (associazione nazionale lavoratori aziendali) che con questo incontro intendono allargare il ragionamento ri-attivando &#8211; possibilmente &#8211; un fronte compatto per uscire dai \u201cpaletti di rimborso\u201d tutt\u2019ora esistenti e dal tempo finora perso. Su questi aspetti di analisi del passato recente, ma soprattutto del cammino che resta ancora da percorrere per raggiungere la meta del 100% del danno ingiustamente patito dai centinaia di migliaia di truffati, si soffermer\u00e0 il Presidente di Codacons Veneto avvocato Franco Conte.<br \/>\nIl Coordinatore Regionale di Adusbef approfondir\u00e0, invece, il tema delle criticit\u00e0 della disciplina vigente. Sull\u2019argomento sono stati elaborati dei contenuti in base ai quali il \u201cconcetto di violazioni massive riguardano la bont\u00e0 del prodotto in s\u00e9, prescindendo dal grado di consapevolezza del risparmiatore in ordine alla qualit\u00e0 o caratteristiche dello strumento finanziario acquistato\u201d. La legge vigente, a contrario, aggancia alla violazione degli obblighi di diligenza, correttezza e trasparenza verso il risparmiatore \u201cuna serie di comportamenti tipici, molto simili alla casistica esaminata dall\u2019Arbitro per le Controversie Finanziarie e dalla giurisprudenza. Di fatto ha introdotto un giudizio arbitrale (la valutazione in capo alla Commissione degli Esperti) ma spurio, sulla scorta di una riscrittura del TUF (Testo Unico Finanza) tradendo lo spirito stesso del concetto di violazione massiva inizialmente concepito. Un ibrido insomma. In ipotesi, la commissione dovrebbe tipizzare tante violazioni massive, quanti potranno essere i singoli casi sottoposti alla sua attenzione \u201c.<\/p>\n<p>Inoltre spetta al medesimo organismo &#8221; stabilisce criteri generali e linee guida per la tipizzazione delle violazioni massive, individuali o di portata generale, di natura contrattuale o extracontrattuale, e la corrispondente modulazione degli elementi oggettivi e\/o soggettivi nonch\u00e9 dei periodi temporali di riferimento in presenza dei quali, anche tenendo conto delle diverse tipologie di violazione in concreto prese in esame, sussistono il danno subito da ciascun richiedente e il nesso causale tra le suddette violazioni e tale danno. &#8221; La domanda sorge spontanea, ma tutto questo sta nelle facolt\u00e0 e completezza di competenze di una Commissione Tecnica? Continua ancora l\u2019avvocato F. Cavallari \u201ca volte nei giudizi attuali non bastano tutte le norme del TUF per interpretare e fare giustizia del caso singolo. Un limite deducibile dall\u2019esperienza della legge applicata \u00e8 sempre quello di non poter mai essere in grado di prevedere -in anteprima- tutti i casi che verranno sottoposti alla pronuncia di un giudice. Qui si \u00e8 preteso di costruire un mini-testo unico di intermediazione finanziaria per esigenze di celerit\u00e0 e di adattamento forzato al concetto di violazione massiva, confezionando una norma fasulla che con le truffe di massa non ha nulla a che vedere\u201d.<br \/>\nIn pratica l\u2019arbitro uscito dalla porta \u00e8 rientrato dalla finestra, in ottemperanza a quanto chiesto dall\u2019Unione Europea sull\u2019inserimento obbligato di un soggetto esterno di valutazione. A dire il vero, il legislatore nostrano ha scelto di incardinare una Commissione di \u201cdomestica\u201d, ovvero nominata a cura del Ministro pro-tempore in carica, Prof. Giovanni Tria.<\/p>\n<p>A proposito di Europa, \u00e8 a tutti noto che la legge nr. 145 del 30 dicembre 2018 nel ripetere i due paletti gi\u00e0 inseriti a settembre dello stesso anno a cura del Governo formato da Leghisti e Pentastellati, 30% di ristoro e fino ad un massimo di 100 mila \u20ac ha rinviato in un comma successivamente inserito nel decreto-legge nr. 34\/2019, al beneplacito dell\u2019Unione Europea la possibilit\u00e0 di elevare la soglia di accesso al risarcimento anche a chi possiede fino a 200 mila \u20ac di patrimonio mobiliare. \u00c8 perfino banale ripeterlo, la riscrittura voluta dal Governo Giallo-Verde in sede di approvazione al Senato della legge di bilancio per il 2019, con una disciplina approvata in netto contrasto con le regole europee, ha comportato una perdita di tempo di ben otto mesi per varare le correzioni con il c.d. \u201cdecreto-crescita\u201d, cui hanno seguito 3 provvedimenti esecutivi, l\u2019ultimo in data 21 agosto. La prima conseguenza pratica \u00e8 che il 2019, grazie all\u2019opera meritoria dei governanti precedenti molto attenti alle istanze provenienti da Vicenza, sta trascorrendo tra un software poco funzionante e chiarimenti sulla modulistica ancor in itinere. Fastidioso ribadirlo, ma a causa dei ritardi finora accumulati, i primi rimborsi arriveranno per il miserevole 30% previsto dalla norma senza alcuna rivalutazione ed a forfait , a partire dalla prossima estate, forse. Ecco in questo contesto, cosi brillante e ricco di risultati finora ottenuti due rappresentanti collegati al Coordinamento Don Torta, Andrea Arman e Luigi Ugone, hanno -di recente- prodotto una richiesta di conoscere la corrispondenza intercorsa tra Governo italiano (Ministero Economia) ed Unione Europea (Commissione apposita Direzione) riguardante, tra l\u2019altro, la possibilit\u00e0 di \u201cinnalzamento del limite patrimoniale mobiliare per accedere alla modalit\u00e0 di indennizzo a forfait ad Euro 200.000\u201d. Chiss\u00e0 questi due epigoni dov\u2019erano, allorch\u00e9 i deputati di Forza Italia On.li R. Brunetta e P. Zanettin ed il Senatore A. Ferrazzi del Partito Democratico, a primavera avevano chiesto non ricevendo alcuna risposta, il medesimo carteggio.<\/p>\n<p>L\u2019art. 47 della Costituzione tutela il risparmio di tutti, ivi incluso quello di coloro che posseggono patrimoni valevoli oltre il quadruplo od il doppio della media riscontrata tra i truffati. Infatti, i dati ACF dei casi finora esaminati certificano che oltre il 90 % sta nella fascia 1,00 \u20ac 100.000,00; di questi quasi il 70% sta nello scalino 1,00- 50.000,00. \u00c8 qui il caso di offrire un\u2019ulteriore trascurabile informazione. Per come \u00e8 stata scritta la norma dei 200 mila \u20ac, sempre a cura della defunta maggioranza giallo-verde, in caso di accoglimento della stessa non baster\u00e0 un semplice decreto ministeriale (ovvio e facile da adottarsi !?), ma servir\u00e0 un decreto del presidente del Consiglio dei ministri, ancora pi\u00f9 scontato da ottenere. Sul punto, non resta che attendere l\u2019esito della domanda fatta da cosi importanti personaggi. Va da s\u00e9 che il termine finale di presentazione delle domande di indennizzo oggi fissato al 22 febbraio 2020, sar\u00e0 presumibilmente spostato ulteriormente in avanti, con buona pace e consolazione per tutti. Un interrogativo resta insoluto, ma a chi ed a che serve un\u2019azione cosi fatta proprio ora?<\/p>\n<p>11 ottobre 2019 Enzo De Biasi<\/p>","protected":false},"excerpt":{"rendered":"<p>L\u2019importante convegno che avr\u00e0 luogo oggi a Vicenza con inizio alle ore 16.15 nella sala Giuseppe Lazzati collocata all\u2019interno del Palazzo delle opere cattoliche in Piazza Duomo, vedr\u00e0 oltre al professor Cesare Mirabelli Presidente Emerito della Corte costituzionale approfondire in modo dettagliato l\u2019art. 47 di tutela del risparmio. Probabilmente l\u2019analisi prender\u00e0 in considerazione la salvaguardia [&hellip;]<\/p>\n","protected":false},"author":2,"featured_media":0,"comment_status":"closed","ping_status":"open","sticky":false,"template":"","format":"standard","meta":{"footnotes":""},"categories":[5,26,8],"tags":[],"class_list":["post-108657","post","type-post","status-publish","format-standard","category-cronaca","category-prima-pagina","category-societa-istituzioni"],"yoast_head":"<!-- This site is optimized with the Yoast SEO plugin v28.4 - https:\/\/yoast.com\/product\/yoast-seo-wordpress\/ -->\n<title>Crac Banche. Criticit\u00e0 della legge. Riflessioni dell\u2019avvocato Cavallari. Il Coordinamento Don Torta chiede tutele per i risparmiatori fino a 200mila euro\u00a0 - Bellunopress - Dolomiti<\/title>\n<meta name=\"robots\" content=\"index, follow, max-snippet:-1, max-image-preview:large, max-video-preview:-1\" \/>\n<link rel=\"canonical\" href=\"https:\/\/www.bellunopress.it\/fr\/2019\/10\/11\/crac-banche-criticita-della-legge-riflessioni-dellavvocato-cavallari-il-coordinamento-don-torta-chiede-tutele-per-i-risparmiatori-fino-a-200mila-euro\/\" \/>\n<meta property=\"og:locale\" content=\"fr_FR\" \/>\n<meta property=\"og:type\" content=\"article\" \/>\n<meta property=\"og:title\" content=\"Crac Banche. Criticit\u00e0 della legge. Riflessioni dell\u2019avvocato Cavallari. Il Coordinamento Don Torta chiede tutele per i risparmiatori fino a 200mila euro\u00a0 - Bellunopress - Dolomiti\" \/>\n<meta property=\"og:description\" content=\"L\u2019importante convegno che avr\u00e0 luogo oggi a Vicenza con inizio alle ore 16.15 nella sala Giuseppe Lazzati collocata all\u2019interno del Palazzo delle opere cattoliche in Piazza Duomo, vedr\u00e0 oltre al professor Cesare Mirabelli Presidente Emerito della Corte costituzionale approfondire in modo dettagliato l\u2019art. 47 di tutela del risparmio. Probabilmente l\u2019analisi prender\u00e0 in considerazione la salvaguardia [&hellip;]\" \/>\n<meta property=\"og:url\" content=\"https:\/\/www.bellunopress.it\/fr\/2019\/10\/11\/crac-banche-criticita-della-legge-riflessioni-dellavvocato-cavallari-il-coordinamento-don-torta-chiede-tutele-per-i-risparmiatori-fino-a-200mila-euro\/\" \/>\n<meta property=\"og:site_name\" content=\"Bellunopress - Dolomiti\" \/>\n<meta property=\"article:publisher\" content=\"https:\/\/www.facebook.com\/profile.php?id=100008943462799\" \/>\n<meta property=\"article:published_time\" content=\"2019-10-11T07:14:31+00:00\" \/>\n<meta property=\"og:image\" content=\"http:\/\/www.bellunopress.it\/wp-content\/uploads\/2018\/08\/banche-venete-popolare-vicenza.jpg\" \/>\n<meta name=\"author\" content=\"redazione\" \/>\n<meta name=\"twitter:card\" content=\"summary_large_image\" \/>\n<meta name=\"twitter:creator\" content=\"@bellunopress\" \/>\n<meta name=\"twitter:site\" content=\"@bellunopress\" \/>\n<meta name=\"twitter:label1\" content=\"\u00c9crit par\" \/>\n\t<meta name=\"twitter:data1\" content=\"redazione\" \/>\n\t<meta name=\"twitter:label2\" content=\"Dur\u00e9e de lecture estim\u00e9e\" \/>\n\t<meta name=\"twitter:data2\" content=\"6 minutes\" \/>\n<script type=\"application\/ld+json\" class=\"yoast-schema-graph\">{\"@context\":\"https:\\\/\\\/schema.org\",\"@graph\":[{\"@type\":\"Article\",\"@id\":\"https:\\\/\\\/www.bellunopress.it\\\/2019\\\/10\\\/11\\\/crac-banche-criticita-della-legge-riflessioni-dellavvocato-cavallari-il-coordinamento-don-torta-chiede-tutele-per-i-risparmiatori-fino-a-200mila-euro\\\/#article\",\"isPartOf\":{\"@id\":\"https:\\\/\\\/www.bellunopress.it\\\/2019\\\/10\\\/11\\\/crac-banche-criticita-della-legge-riflessioni-dellavvocato-cavallari-il-coordinamento-don-torta-chiede-tutele-per-i-risparmiatori-fino-a-200mila-euro\\\/\"},\"author\":{\"name\":\"redazione\",\"@id\":\"https:\\\/\\\/www.bellunopress.it\\\/#\\\/schema\\\/person\\\/79bb06722b37ece1c03d3e94beb30d73\"},\"headline\":\"Crac Banche. Criticit\u00e0 della legge. Riflessioni dell\u2019avvocato Cavallari. Il Coordinamento Don Torta chiede tutele per i risparmiatori fino a 200mila euro\u00a0\",\"datePublished\":\"2019-10-11T07:14:31+00:00\",\"mainEntityOfPage\":{\"@id\":\"https:\\\/\\\/www.bellunopress.it\\\/2019\\\/10\\\/11\\\/crac-banche-criticita-della-legge-riflessioni-dellavvocato-cavallari-il-coordinamento-don-torta-chiede-tutele-per-i-risparmiatori-fino-a-200mila-euro\\\/\"},\"wordCount\":1127,\"publisher\":{\"@id\":\"https:\\\/\\\/www.bellunopress.it\\\/#organization\"},\"image\":{\"@id\":\"https:\\\/\\\/www.bellunopress.it\\\/2019\\\/10\\\/11\\\/crac-banche-criticita-della-legge-riflessioni-dellavvocato-cavallari-il-coordinamento-don-torta-chiede-tutele-per-i-risparmiatori-fino-a-200mila-euro\\\/#primaryimage\"},\"thumbnailUrl\":\"http:\\\/\\\/www.bellunopress.it\\\/wp-content\\\/uploads\\\/2018\\\/08\\\/banche-venete-popolare-vicenza.jpg\",\"articleSection\":[\"Cronaca\\\/Politica\",\"Prima Pagina\",\"Societ\u00e0, Associazioni, Istituzioni\"],\"inLanguage\":\"fr-FR\"},{\"@type\":\"WebPage\",\"@id\":\"https:\\\/\\\/www.bellunopress.it\\\/2019\\\/10\\\/11\\\/crac-banche-criticita-della-legge-riflessioni-dellavvocato-cavallari-il-coordinamento-don-torta-chiede-tutele-per-i-risparmiatori-fino-a-200mila-euro\\\/\",\"url\":\"https:\\\/\\\/www.bellunopress.it\\\/2019\\\/10\\\/11\\\/crac-banche-criticita-della-legge-riflessioni-dellavvocato-cavallari-il-coordinamento-don-torta-chiede-tutele-per-i-risparmiatori-fino-a-200mila-euro\\\/\",\"name\":\"Crac Banche. Criticit\u00e0 della legge. Riflessioni dell\u2019avvocato Cavallari. Il Coordinamento Don Torta chiede tutele per i risparmiatori fino a 200mila euro\u00a0 - Bellunopress - Dolomiti\",\"isPartOf\":{\"@id\":\"https:\\\/\\\/www.bellunopress.it\\\/#website\"},\"primaryImageOfPage\":{\"@id\":\"https:\\\/\\\/www.bellunopress.it\\\/2019\\\/10\\\/11\\\/crac-banche-criticita-della-legge-riflessioni-dellavvocato-cavallari-il-coordinamento-don-torta-chiede-tutele-per-i-risparmiatori-fino-a-200mila-euro\\\/#primaryimage\"},\"image\":{\"@id\":\"https:\\\/\\\/www.bellunopress.it\\\/2019\\\/10\\\/11\\\/crac-banche-criticita-della-legge-riflessioni-dellavvocato-cavallari-il-coordinamento-don-torta-chiede-tutele-per-i-risparmiatori-fino-a-200mila-euro\\\/#primaryimage\"},\"thumbnailUrl\":\"http:\\\/\\\/www.bellunopress.it\\\/wp-content\\\/uploads\\\/2018\\\/08\\\/banche-venete-popolare-vicenza.jpg\",\"datePublished\":\"2019-10-11T07:14:31+00:00\",\"breadcrumb\":{\"@id\":\"https:\\\/\\\/www.bellunopress.it\\\/2019\\\/10\\\/11\\\/crac-banche-criticita-della-legge-riflessioni-dellavvocato-cavallari-il-coordinamento-don-torta-chiede-tutele-per-i-risparmiatori-fino-a-200mila-euro\\\/#breadcrumb\"},\"inLanguage\":\"fr-FR\",\"potentialAction\":[{\"@type\":\"ReadAction\",\"target\":[\"https:\\\/\\\/www.bellunopress.it\\\/2019\\\/10\\\/11\\\/crac-banche-criticita-della-legge-riflessioni-dellavvocato-cavallari-il-coordinamento-don-torta-chiede-tutele-per-i-risparmiatori-fino-a-200mila-euro\\\/\"]}]},{\"@type\":\"ImageObject\",\"inLanguage\":\"fr-FR\",\"@id\":\"https:\\\/\\\/www.bellunopress.it\\\/2019\\\/10\\\/11\\\/crac-banche-criticita-della-legge-riflessioni-dellavvocato-cavallari-il-coordinamento-don-torta-chiede-tutele-per-i-risparmiatori-fino-a-200mila-euro\\\/#primaryimage\",\"url\":\"http:\\\/\\\/www.bellunopress.it\\\/wp-content\\\/uploads\\\/2018\\\/08\\\/banche-venete-popolare-vicenza.jpg\",\"contentUrl\":\"http:\\\/\\\/www.bellunopress.it\\\/wp-content\\\/uploads\\\/2018\\\/08\\\/banche-venete-popolare-vicenza.jpg\"},{\"@type\":\"BreadcrumbList\",\"@id\":\"https:\\\/\\\/www.bellunopress.it\\\/2019\\\/10\\\/11\\\/crac-banche-criticita-della-legge-riflessioni-dellavvocato-cavallari-il-coordinamento-don-torta-chiede-tutele-per-i-risparmiatori-fino-a-200mila-euro\\\/#breadcrumb\",\"itemListElement\":[{\"@type\":\"ListItem\",\"position\":1,\"name\":\"Home\",\"item\":\"https:\\\/\\\/www.bellunopress.it\\\/\"},{\"@type\":\"ListItem\",\"position\":2,\"name\":\"Crac Banche. Criticit\u00e0 della legge. Riflessioni dell\u2019avvocato Cavallari. Il Coordinamento Don Torta chiede tutele per i risparmiatori fino a 200mila euro\u00a0\"}]},{\"@type\":\"WebSite\",\"@id\":\"https:\\\/\\\/www.bellunopress.it\\\/#website\",\"url\":\"https:\\\/\\\/www.bellunopress.it\\\/\",\"name\":\"Bellunopress - Dolomiti\",\"description\":\"e-mail: redazione@bellunopress.it\",\"publisher\":{\"@id\":\"https:\\\/\\\/www.bellunopress.it\\\/#organization\"},\"potentialAction\":[{\"@type\":\"SearchAction\",\"target\":{\"@type\":\"EntryPoint\",\"urlTemplate\":\"https:\\\/\\\/www.bellunopress.it\\\/?s={search_term_string}\"},\"query-input\":{\"@type\":\"PropertyValueSpecification\",\"valueRequired\":true,\"valueName\":\"search_term_string\"}}],\"inLanguage\":\"fr-FR\"},{\"@type\":\"Organization\",\"@id\":\"https:\\\/\\\/www.bellunopress.it\\\/#organization\",\"name\":\"Bellunopress\",\"url\":\"https:\\\/\\\/www.bellunopress.it\\\/\",\"logo\":{\"@type\":\"ImageObject\",\"inLanguage\":\"fr-FR\",\"@id\":\"https:\\\/\\\/www.bellunopress.it\\\/#\\\/schema\\\/logo\\\/image\\\/\",\"url\":\"https:\\\/\\\/www.bellunopress.it\\\/wp-content\\\/uploads\\\/2011\\\/05\\\/cropped-logo-bellunopress-.jpg\",\"contentUrl\":\"https:\\\/\\\/www.bellunopress.it\\\/wp-content\\\/uploads\\\/2011\\\/05\\\/cropped-logo-bellunopress-.jpg\",\"width\":512,\"height\":512,\"caption\":\"Bellunopress\"},\"image\":{\"@id\":\"https:\\\/\\\/www.bellunopress.it\\\/#\\\/schema\\\/logo\\\/image\\\/\"},\"sameAs\":[\"https:\\\/\\\/www.facebook.com\\\/profile.php?id=100008943462799\",\"https:\\\/\\\/x.com\\\/bellunopress\",\"https:\\\/\\\/www.linkedin.com\\\/hp\\\/?dnr=JBzUWaJfMUw8vbXJJ2tVW5-I3jZKvC4wsoxE&amp;amp;amp;amp;amp;amp;trk=nav_responsive_tab_home\",\"https:\\\/\\\/www.youtube.com\\\/channel\\\/UCxL0wu1uN0_3_7hGG0306cw\"]},{\"@type\":\"Person\",\"@id\":\"https:\\\/\\\/www.bellunopress.it\\\/#\\\/schema\\\/person\\\/79bb06722b37ece1c03d3e94beb30d73\",\"name\":\"redazione\",\"image\":{\"@type\":\"ImageObject\",\"inLanguage\":\"fr-FR\",\"@id\":\"https:\\\/\\\/secure.gravatar.com\\\/avatar\\\/37d968a2e67a6fd04c169c4bdef102d0bc5d31b2546345219e348575eb80e9a0?s=96&d=mm&r=g\",\"url\":\"https:\\\/\\\/secure.gravatar.com\\\/avatar\\\/37d968a2e67a6fd04c169c4bdef102d0bc5d31b2546345219e348575eb80e9a0?s=96&d=mm&r=g\",\"contentUrl\":\"https:\\\/\\\/secure.gravatar.com\\\/avatar\\\/37d968a2e67a6fd04c169c4bdef102d0bc5d31b2546345219e348575eb80e9a0?s=96&d=mm&r=g\",\"caption\":\"redazione\"},\"sameAs\":[\"http:\\\/\\\/www.bellunopress.it\",\"https:\\\/\\\/x.com\\\/bellunopress\"],\"url\":\"https:\\\/\\\/www.bellunopress.it\\\/fr\\\/author\\\/redazione\\\/\"}]}<\/script>\n<!-- \/ Yoast SEO plugin. -->","yoast_head_json":{"title":"Crac Banche. Criticit\u00e0 della legge. Riflessioni dell\u2019avvocato Cavallari. Il Coordinamento Don Torta chiede tutele per i risparmiatori fino a 200mila euro\u00a0 - Bellunopress - Dolomiti","robots":{"index":"index","follow":"follow","max-snippet":"max-snippet:-1","max-image-preview":"max-image-preview:large","max-video-preview":"max-video-preview:-1"},"canonical":"https:\/\/www.bellunopress.it\/fr\/2019\/10\/11\/crac-banche-criticita-della-legge-riflessioni-dellavvocato-cavallari-il-coordinamento-don-torta-chiede-tutele-per-i-risparmiatori-fino-a-200mila-euro\/","og_locale":"fr_FR","og_type":"article","og_title":"Crac Banche. Criticit\u00e0 della legge. Riflessioni dell\u2019avvocato Cavallari. Il Coordinamento Don Torta chiede tutele per i risparmiatori fino a 200mila euro\u00a0 - Bellunopress - Dolomiti","og_description":"L\u2019importante convegno che avr\u00e0 luogo oggi a Vicenza con inizio alle ore 16.15 nella sala Giuseppe Lazzati collocata all\u2019interno del Palazzo delle opere cattoliche in Piazza Duomo, vedr\u00e0 oltre al professor Cesare Mirabelli Presidente Emerito della Corte costituzionale approfondire in modo dettagliato l\u2019art. 47 di tutela del risparmio. Probabilmente l\u2019analisi prender\u00e0 in considerazione la salvaguardia [&hellip;]","og_url":"https:\/\/www.bellunopress.it\/fr\/2019\/10\/11\/crac-banche-criticita-della-legge-riflessioni-dellavvocato-cavallari-il-coordinamento-don-torta-chiede-tutele-per-i-risparmiatori-fino-a-200mila-euro\/","og_site_name":"Bellunopress - Dolomiti","article_publisher":"https:\/\/www.facebook.com\/profile.php?id=100008943462799","article_published_time":"2019-10-11T07:14:31+00:00","og_image":[{"url":"http:\/\/www.bellunopress.it\/wp-content\/uploads\/2018\/08\/banche-venete-popolare-vicenza.jpg","type":"","width":"","height":""}],"author":"redazione","twitter_card":"summary_large_image","twitter_creator":"@bellunopress","twitter_site":"@bellunopress","twitter_misc":{"\u00c9crit par":"redazione","Dur\u00e9e de lecture estim\u00e9e":"6 minutes"},"schema":{"@context":"https:\/\/schema.org","@graph":[{"@type":"Article","@id":"https:\/\/www.bellunopress.it\/2019\/10\/11\/crac-banche-criticita-della-legge-riflessioni-dellavvocato-cavallari-il-coordinamento-don-torta-chiede-tutele-per-i-risparmiatori-fino-a-200mila-euro\/#article","isPartOf":{"@id":"https:\/\/www.bellunopress.it\/2019\/10\/11\/crac-banche-criticita-della-legge-riflessioni-dellavvocato-cavallari-il-coordinamento-don-torta-chiede-tutele-per-i-risparmiatori-fino-a-200mila-euro\/"},"author":{"name":"redazione","@id":"https:\/\/www.bellunopress.it\/#\/schema\/person\/79bb06722b37ece1c03d3e94beb30d73"},"headline":"Crac Banche. Criticit\u00e0 della legge. Riflessioni dell\u2019avvocato Cavallari. Il Coordinamento Don Torta chiede tutele per i risparmiatori fino a 200mila euro\u00a0","datePublished":"2019-10-11T07:14:31+00:00","mainEntityOfPage":{"@id":"https:\/\/www.bellunopress.it\/2019\/10\/11\/crac-banche-criticita-della-legge-riflessioni-dellavvocato-cavallari-il-coordinamento-don-torta-chiede-tutele-per-i-risparmiatori-fino-a-200mila-euro\/"},"wordCount":1127,"publisher":{"@id":"https:\/\/www.bellunopress.it\/#organization"},"image":{"@id":"https:\/\/www.bellunopress.it\/2019\/10\/11\/crac-banche-criticita-della-legge-riflessioni-dellavvocato-cavallari-il-coordinamento-don-torta-chiede-tutele-per-i-risparmiatori-fino-a-200mila-euro\/#primaryimage"},"thumbnailUrl":"http:\/\/www.bellunopress.it\/wp-content\/uploads\/2018\/08\/banche-venete-popolare-vicenza.jpg","articleSection":["Cronaca\/Politica","Prima Pagina","Societ\u00e0, Associazioni, Istituzioni"],"inLanguage":"fr-FR"},{"@type":"WebPage","@id":"https:\/\/www.bellunopress.it\/2019\/10\/11\/crac-banche-criticita-della-legge-riflessioni-dellavvocato-cavallari-il-coordinamento-don-torta-chiede-tutele-per-i-risparmiatori-fino-a-200mila-euro\/","url":"https:\/\/www.bellunopress.it\/2019\/10\/11\/crac-banche-criticita-della-legge-riflessioni-dellavvocato-cavallari-il-coordinamento-don-torta-chiede-tutele-per-i-risparmiatori-fino-a-200mila-euro\/","name":"Crac Banche. Criticit\u00e0 della legge. Riflessioni dell\u2019avvocato Cavallari. Il Coordinamento Don Torta chiede tutele per i risparmiatori fino a 200mila euro\u00a0 - Bellunopress - Dolomiti","isPartOf":{"@id":"https:\/\/www.bellunopress.it\/#website"},"primaryImageOfPage":{"@id":"https:\/\/www.bellunopress.it\/2019\/10\/11\/crac-banche-criticita-della-legge-riflessioni-dellavvocato-cavallari-il-coordinamento-don-torta-chiede-tutele-per-i-risparmiatori-fino-a-200mila-euro\/#primaryimage"},"image":{"@id":"https:\/\/www.bellunopress.it\/2019\/10\/11\/crac-banche-criticita-della-legge-riflessioni-dellavvocato-cavallari-il-coordinamento-don-torta-chiede-tutele-per-i-risparmiatori-fino-a-200mila-euro\/#primaryimage"},"thumbnailUrl":"http:\/\/www.bellunopress.it\/wp-content\/uploads\/2018\/08\/banche-venete-popolare-vicenza.jpg","datePublished":"2019-10-11T07:14:31+00:00","breadcrumb":{"@id":"https:\/\/www.bellunopress.it\/2019\/10\/11\/crac-banche-criticita-della-legge-riflessioni-dellavvocato-cavallari-il-coordinamento-don-torta-chiede-tutele-per-i-risparmiatori-fino-a-200mila-euro\/#breadcrumb"},"inLanguage":"fr-FR","potentialAction":[{"@type":"ReadAction","target":["https:\/\/www.bellunopress.it\/2019\/10\/11\/crac-banche-criticita-della-legge-riflessioni-dellavvocato-cavallari-il-coordinamento-don-torta-chiede-tutele-per-i-risparmiatori-fino-a-200mila-euro\/"]}]},{"@type":"ImageObject","inLanguage":"fr-FR","@id":"https:\/\/www.bellunopress.it\/2019\/10\/11\/crac-banche-criticita-della-legge-riflessioni-dellavvocato-cavallari-il-coordinamento-don-torta-chiede-tutele-per-i-risparmiatori-fino-a-200mila-euro\/#primaryimage","url":"http:\/\/www.bellunopress.it\/wp-content\/uploads\/2018\/08\/banche-venete-popolare-vicenza.jpg","contentUrl":"http:\/\/www.bellunopress.it\/wp-content\/uploads\/2018\/08\/banche-venete-popolare-vicenza.jpg"},{"@type":"BreadcrumbList","@id":"https:\/\/www.bellunopress.it\/2019\/10\/11\/crac-banche-criticita-della-legge-riflessioni-dellavvocato-cavallari-il-coordinamento-don-torta-chiede-tutele-per-i-risparmiatori-fino-a-200mila-euro\/#breadcrumb","itemListElement":[{"@type":"ListItem","position":1,"name":"Home","item":"https:\/\/www.bellunopress.it\/"},{"@type":"ListItem","position":2,"name":"Crac Banche. Criticit\u00e0 della legge. Riflessioni dell\u2019avvocato Cavallari. Il Coordinamento Don Torta chiede tutele per i risparmiatori fino a 200mila euro\u00a0"}]},{"@type":"WebSite","@id":"https:\/\/www.bellunopress.it\/#website","url":"https:\/\/www.bellunopress.it\/","name":"Bellunopress - Dolomiti","description":"e-mail: redazione@bellunopress.it","publisher":{"@id":"https:\/\/www.bellunopress.it\/#organization"},"potentialAction":[{"@type":"SearchAction","target":{"@type":"EntryPoint","urlTemplate":"https:\/\/www.bellunopress.it\/?s={search_term_string}"},"query-input":{"@type":"PropertyValueSpecification","valueRequired":true,"valueName":"search_term_string"}}],"inLanguage":"fr-FR"},{"@type":"Organization","@id":"https:\/\/www.bellunopress.it\/#organization","name":"Bellunopress","url":"https:\/\/www.bellunopress.it\/","logo":{"@type":"ImageObject","inLanguage":"fr-FR","@id":"https:\/\/www.bellunopress.it\/#\/schema\/logo\/image\/","url":"https:\/\/www.bellunopress.it\/wp-content\/uploads\/2011\/05\/cropped-logo-bellunopress-.jpg","contentUrl":"https:\/\/www.bellunopress.it\/wp-content\/uploads\/2011\/05\/cropped-logo-bellunopress-.jpg","width":512,"height":512,"caption":"Bellunopress"},"image":{"@id":"https:\/\/www.bellunopress.it\/#\/schema\/logo\/image\/"},"sameAs":["https:\/\/www.facebook.com\/profile.php?id=100008943462799","https:\/\/x.com\/bellunopress","https:\/\/www.linkedin.com\/hp\/?dnr=JBzUWaJfMUw8vbXJJ2tVW5-I3jZKvC4wsoxE&amp;amp;amp;amp;amp;amp;trk=nav_responsive_tab_home","https:\/\/www.youtube.com\/channel\/UCxL0wu1uN0_3_7hGG0306cw"]},{"@type":"Person","@id":"https:\/\/www.bellunopress.it\/#\/schema\/person\/79bb06722b37ece1c03d3e94beb30d73","name":"r\u00e9daction","image":{"@type":"ImageObject","inLanguage":"fr-FR","@id":"https:\/\/secure.gravatar.com\/avatar\/37d968a2e67a6fd04c169c4bdef102d0bc5d31b2546345219e348575eb80e9a0?s=96&d=mm&r=g","url":"https:\/\/secure.gravatar.com\/avatar\/37d968a2e67a6fd04c169c4bdef102d0bc5d31b2546345219e348575eb80e9a0?s=96&d=mm&r=g","contentUrl":"https:\/\/secure.gravatar.com\/avatar\/37d968a2e67a6fd04c169c4bdef102d0bc5d31b2546345219e348575eb80e9a0?s=96&d=mm&r=g","caption":"redazione"},"sameAs":["http:\/\/www.bellunopress.it","https:\/\/x.com\/bellunopress"],"url":"https:\/\/www.bellunopress.it\/fr\/author\/redazione\/"}]}},"_links":{"self":[{"href":"https:\/\/www.bellunopress.it\/fr\/wp-json\/wp\/v2\/posts\/108657","targetHints":{"allow":["GET"]}}],"collection":[{"href":"https:\/\/www.bellunopress.it\/fr\/wp-json\/wp\/v2\/posts"}],"about":[{"href":"https:\/\/www.bellunopress.it\/fr\/wp-json\/wp\/v2\/types\/post"}],"author":[{"embeddable":true,"href":"https:\/\/www.bellunopress.it\/fr\/wp-json\/wp\/v2\/users\/2"}],"replies":[{"embeddable":true,"href":"https:\/\/www.bellunopress.it\/fr\/wp-json\/wp\/v2\/comments?post=108657"}],"version-history":[{"count":1,"href":"https:\/\/www.bellunopress.it\/fr\/wp-json\/wp\/v2\/posts\/108657\/revisions"}],"predecessor-version":[{"id":108658,"href":"https:\/\/www.bellunopress.it\/fr\/wp-json\/wp\/v2\/posts\/108657\/revisions\/108658"}],"wp:attachment":[{"href":"https:\/\/www.bellunopress.it\/fr\/wp-json\/wp\/v2\/media?parent=108657"}],"wp:term":[{"taxonomy":"category","embeddable":true,"href":"https:\/\/www.bellunopress.it\/fr\/wp-json\/wp\/v2\/categories?post=108657"},{"taxonomy":"post_tag","embeddable":true,"href":"https:\/\/www.bellunopress.it\/fr\/wp-json\/wp\/v2\/tags?post=108657"}],"curies":[{"name":"wp","href":"https:\/\/api.w.org\/{rel}","templated":true}]}}