{"id":108647,"date":"2019-10-10T17:25:32","date_gmt":"2019-10-10T15:25:32","guid":{"rendered":"http:\/\/www.bellunopress.it\/?p=108647"},"modified":"2019-10-10T17:25:32","modified_gmt":"2019-10-10T15:25:32","slug":"ancora-corriere-stracolme-de-carlo-scrive-al-presidente-della-provincia-ai-sindaci-del-cadore-e-dolomitibus-piu-controlli-e-nuove-corse","status":"publish","type":"post","link":"https:\/\/www.bellunopress.it\/fr\/2019\/10\/10\/ancora-corriere-stracolme-de-carlo-scrive-al-presidente-della-provincia-ai-sindaci-del-cadore-e-dolomitibus-piu-controlli-e-nuove-corse\/","title":{"rendered":"Ancora corriere stracolme. De Carlo scrive al presidente della Provincia, ai sindaci del Cadore e Dolomitibus: &#8220;Pi\u00f9 controlli e nuove corse&#8221;"},"content":{"rendered":"<figure id=\"attachment_94339\" aria-describedby=\"caption-attachment-94339\" style=\"width: 227px\" class=\"wp-caption alignleft\"><a href=\"http:\/\/www.bellunopress.it\/fr\/2018\/04\/15\/il-gazzettino-riduce-gli-stipendi-dei-collaboratori-de-carlo-una-decisione-inammissibile-che-lede-la-dignita-umana-e-professionale-e-mette-a-rischio-la-qualita-dellinformazione\/luca-de-carlo-3\/\" rel=\"attachment wp-att-94339\"><img loading=\"lazy\" decoding=\"async\" class=\"size-full wp-image-94339\" src=\"http:\/\/www.bellunopress.it\/wp-content\/uploads\/2018\/04\/Luca-De-Carlo.jpg\" alt=\"\" width=\"227\" height=\"271\" \/><\/a><figcaption id=\"caption-attachment-94339\" class=\"wp-caption-text\">Luca De Carlo, deputato<\/figcaption><\/figure>\n<p>Ancora problemi di sovraffollamento sulle corriere che portano gli studenti da Cortina a Calalzo e da Calalzo a Belluno: il deputato di Fratelli d&#8217;Italia e Sindaco di Calalzo di Cadore, Luca De Carlo, continua a raccogliere segnalazioni sui disagi nel trasporto scolastico provinciale.<\/p>\n<p>\u201cRispetto alle prime segnalazioni, grazie anche all&#8217;impegno del consigliere provinciale Gianluca Lorenzi, la situazione \u00e8 migliorata ma non \u00e8 ancora ottimale, viste le telefonate e i messaggi che continuo a ricevere\u201d, sottolinea De Carlo.<\/p>\n<p>Per porre rimedio alla situazione, il deputato ha messo in atto due iniziative: \u201cInnanzitutto, ho scritto a tutti i sindaci del Cadore e al Presidente della Provincia, nonch\u00e9 sindaco di Longarone, chiedendo che intensifichino con il proprio personale di vigilanza i controlli sulle corriere, per monitorare e segnalare eventuali sovrannumeri\u201d, annuncia<br \/>\nDe Carlo. \u201cA Calalzo gi\u00e0 mettiamo in atto questi controlli, ma come capolinea molto spesso troviamo i bus mezzi vuoti; in localit\u00e0 come Longarone o Ospitale, ad esempio, si potrebbero invece rilevare situazioni di sovraffollamento ben differenti\u201d.<\/p>\n<p>Carta e penna alla mano, il deputato cadorino ha scritto anche a Dolomitibus \u201cper verificare la possibilit\u00e0 di istituire una corsa dedicata agli studenti tra Auronzo e Cortina, passando per il Passo Tre Croci: in molti mi hanno confermato che un servizio simile sarebbe molto utile, permettendo ai ragazzi di raggiungere le due localit\u00e0 senza per<br \/>\nforza fare il lungo giro per il Centro Cadore e la Val Boite. Non solo chi gi\u00e0 viaggia in corriera si \u00e8 detto interessato, ma ho ricevuto anche la disponibilit\u00e0 di nuovi potenziali utenti, attirati dalla prospettiva di un viaggio pi\u00f9 veloce e comodo\u201d, conclude De Carlo.<\/p>","protected":false},"excerpt":{"rendered":"<p>Ancora problemi di sovraffollamento sulle corriere che portano gli studenti da Cortina a Calalzo e da Calalzo a Belluno: il deputato di Fratelli d&#8217;Italia e Sindaco di Calalzo di Cadore, Luca De Carlo, continua a raccogliere segnalazioni sui disagi nel trasporto scolastico provinciale. \u201cRispetto alle prime segnalazioni, grazie anche all&#8217;impegno del consigliere provinciale Gianluca Lorenzi, [&hellip;]<\/p>\n","protected":false},"author":2,"featured_media":0,"comment_status":"closed","ping_status":"open","sticky":false,"template":"","format":"standard","meta":{"footnotes":""},"categories":[5,26,15],"tags":[],"class_list":["post-108647","post","type-post","status-publish","format-standard","category-cronaca","category-prima-pagina","category-scuola"],"yoast_head":"<!-- This site is optimized with the Yoast SEO plugin v28.4 - https:\/\/yoast.com\/product\/yoast-seo-wordpress\/ -->\n<title>Ancora corriere stracolme. De Carlo scrive al presidente della Provincia, ai sindaci del Cadore e Dolomitibus: &quot;Pi\u00f9 controlli e nuove corse&quot; - Bellunopress - Dolomiti<\/title>\n<meta name=\"robots\" content=\"index, follow, max-snippet:-1, max-image-preview:large, max-video-preview:-1\" \/>\n<link rel=\"canonical\" href=\"https:\/\/www.bellunopress.it\/fr\/2019\/10\/10\/ancora-corriere-stracolme-de-carlo-scrive-al-presidente-della-provincia-ai-sindaci-del-cadore-e-dolomitibus-piu-controlli-e-nuove-corse\/\" \/>\n<meta property=\"og:locale\" content=\"fr_FR\" \/>\n<meta property=\"og:type\" content=\"article\" \/>\n<meta property=\"og:title\" content=\"Ancora corriere stracolme. De Carlo scrive al presidente della Provincia, ai sindaci del Cadore e Dolomitibus: &quot;Pi\u00f9 controlli e nuove corse&quot; - Bellunopress - Dolomiti\" \/>\n<meta property=\"og:description\" content=\"Ancora problemi di sovraffollamento sulle corriere che portano gli studenti da Cortina a Calalzo e da Calalzo a Belluno: il deputato di Fratelli d&#8217;Italia e Sindaco di Calalzo di Cadore, Luca De Carlo, continua a raccogliere segnalazioni sui disagi nel trasporto scolastico provinciale. \u201cRispetto alle prime segnalazioni, grazie anche all&#8217;impegno del consigliere provinciale Gianluca Lorenzi, [&hellip;]\" \/>\n<meta property=\"og:url\" content=\"https:\/\/www.bellunopress.it\/fr\/2019\/10\/10\/ancora-corriere-stracolme-de-carlo-scrive-al-presidente-della-provincia-ai-sindaci-del-cadore-e-dolomitibus-piu-controlli-e-nuove-corse\/\" \/>\n<meta property=\"og:site_name\" content=\"Bellunopress - Dolomiti\" \/>\n<meta property=\"article:publisher\" content=\"https:\/\/www.facebook.com\/profile.php?id=100008943462799\" \/>\n<meta property=\"article:published_time\" content=\"2019-10-10T15:25:32+00:00\" \/>\n<meta property=\"og:image\" content=\"http:\/\/www.bellunopress.it\/wp-content\/uploads\/2018\/04\/Luca-De-Carlo.jpg\" \/>\n<meta name=\"author\" content=\"redazione\" \/>\n<meta name=\"twitter:card\" content=\"summary_large_image\" \/>\n<meta name=\"twitter:creator\" content=\"@bellunopress\" \/>\n<meta name=\"twitter:site\" content=\"@bellunopress\" \/>\n<meta name=\"twitter:label1\" content=\"\u00c9crit par\" \/>\n\t<meta name=\"twitter:data1\" content=\"redazione\" \/>\n\t<meta name=\"twitter:label2\" content=\"Dur\u00e9e de lecture estim\u00e9e\" \/>\n\t<meta name=\"twitter:data2\" content=\"1 minute\" \/>\n<script type=\"application\/ld+json\" class=\"yoast-schema-graph\">{\"@context\":\"https:\\\/\\\/schema.org\",\"@graph\":[{\"@type\":\"Article\",\"@id\":\"https:\\\/\\\/www.bellunopress.it\\\/2019\\\/10\\\/10\\\/ancora-corriere-stracolme-de-carlo-scrive-al-presidente-della-provincia-ai-sindaci-del-cadore-e-dolomitibus-piu-controlli-e-nuove-corse\\\/#article\",\"isPartOf\":{\"@id\":\"https:\\\/\\\/www.bellunopress.it\\\/2019\\\/10\\\/10\\\/ancora-corriere-stracolme-de-carlo-scrive-al-presidente-della-provincia-ai-sindaci-del-cadore-e-dolomitibus-piu-controlli-e-nuove-corse\\\/\"},\"author\":{\"name\":\"redazione\",\"@id\":\"https:\\\/\\\/www.bellunopress.it\\\/#\\\/schema\\\/person\\\/79bb06722b37ece1c03d3e94beb30d73\"},\"headline\":\"Ancora corriere stracolme. De Carlo scrive al presidente della Provincia, ai sindaci del Cadore e Dolomitibus: &#8220;Pi\u00f9 controlli e nuove corse&#8221;\",\"datePublished\":\"2019-10-10T15:25:32+00:00\",\"mainEntityOfPage\":{\"@id\":\"https:\\\/\\\/www.bellunopress.it\\\/2019\\\/10\\\/10\\\/ancora-corriere-stracolme-de-carlo-scrive-al-presidente-della-provincia-ai-sindaci-del-cadore-e-dolomitibus-piu-controlli-e-nuove-corse\\\/\"},\"wordCount\":299,\"publisher\":{\"@id\":\"https:\\\/\\\/www.bellunopress.it\\\/#organization\"},\"image\":{\"@id\":\"https:\\\/\\\/www.bellunopress.it\\\/2019\\\/10\\\/10\\\/ancora-corriere-stracolme-de-carlo-scrive-al-presidente-della-provincia-ai-sindaci-del-cadore-e-dolomitibus-piu-controlli-e-nuove-corse\\\/#primaryimage\"},\"thumbnailUrl\":\"http:\\\/\\\/www.bellunopress.it\\\/wp-content\\\/uploads\\\/2018\\\/04\\\/Luca-De-Carlo.jpg\",\"articleSection\":[\"Cronaca\\\/Politica\",\"Prima Pagina\",\"Scuola\"],\"inLanguage\":\"fr-FR\"},{\"@type\":\"WebPage\",\"@id\":\"https:\\\/\\\/www.bellunopress.it\\\/2019\\\/10\\\/10\\\/ancora-corriere-stracolme-de-carlo-scrive-al-presidente-della-provincia-ai-sindaci-del-cadore-e-dolomitibus-piu-controlli-e-nuove-corse\\\/\",\"url\":\"https:\\\/\\\/www.bellunopress.it\\\/2019\\\/10\\\/10\\\/ancora-corriere-stracolme-de-carlo-scrive-al-presidente-della-provincia-ai-sindaci-del-cadore-e-dolomitibus-piu-controlli-e-nuove-corse\\\/\",\"name\":\"Ancora corriere stracolme. De Carlo scrive al presidente della Provincia, ai sindaci del Cadore e Dolomitibus: \\\"Pi\u00f9 controlli e nuove corse\\\" - Bellunopress - Dolomiti\",\"isPartOf\":{\"@id\":\"https:\\\/\\\/www.bellunopress.it\\\/#website\"},\"primaryImageOfPage\":{\"@id\":\"https:\\\/\\\/www.bellunopress.it\\\/2019\\\/10\\\/10\\\/ancora-corriere-stracolme-de-carlo-scrive-al-presidente-della-provincia-ai-sindaci-del-cadore-e-dolomitibus-piu-controlli-e-nuove-corse\\\/#primaryimage\"},\"image\":{\"@id\":\"https:\\\/\\\/www.bellunopress.it\\\/2019\\\/10\\\/10\\\/ancora-corriere-stracolme-de-carlo-scrive-al-presidente-della-provincia-ai-sindaci-del-cadore-e-dolomitibus-piu-controlli-e-nuove-corse\\\/#primaryimage\"},\"thumbnailUrl\":\"http:\\\/\\\/www.bellunopress.it\\\/wp-content\\\/uploads\\\/2018\\\/04\\\/Luca-De-Carlo.jpg\",\"datePublished\":\"2019-10-10T15:25:32+00:00\",\"breadcrumb\":{\"@id\":\"https:\\\/\\\/www.bellunopress.it\\\/2019\\\/10\\\/10\\\/ancora-corriere-stracolme-de-carlo-scrive-al-presidente-della-provincia-ai-sindaci-del-cadore-e-dolomitibus-piu-controlli-e-nuove-corse\\\/#breadcrumb\"},\"inLanguage\":\"fr-FR\",\"potentialAction\":[{\"@type\":\"ReadAction\",\"target\":[\"https:\\\/\\\/www.bellunopress.it\\\/2019\\\/10\\\/10\\\/ancora-corriere-stracolme-de-carlo-scrive-al-presidente-della-provincia-ai-sindaci-del-cadore-e-dolomitibus-piu-controlli-e-nuove-corse\\\/\"]}]},{\"@type\":\"ImageObject\",\"inLanguage\":\"fr-FR\",\"@id\":\"https:\\\/\\\/www.bellunopress.it\\\/2019\\\/10\\\/10\\\/ancora-corriere-stracolme-de-carlo-scrive-al-presidente-della-provincia-ai-sindaci-del-cadore-e-dolomitibus-piu-controlli-e-nuove-corse\\\/#primaryimage\",\"url\":\"http:\\\/\\\/www.bellunopress.it\\\/wp-content\\\/uploads\\\/2018\\\/04\\\/Luca-De-Carlo.jpg\",\"contentUrl\":\"http:\\\/\\\/www.bellunopress.it\\\/wp-content\\\/uploads\\\/2018\\\/04\\\/Luca-De-Carlo.jpg\"},{\"@type\":\"BreadcrumbList\",\"@id\":\"https:\\\/\\\/www.bellunopress.it\\\/2019\\\/10\\\/10\\\/ancora-corriere-stracolme-de-carlo-scrive-al-presidente-della-provincia-ai-sindaci-del-cadore-e-dolomitibus-piu-controlli-e-nuove-corse\\\/#breadcrumb\",\"itemListElement\":[{\"@type\":\"ListItem\",\"position\":1,\"name\":\"Home\",\"item\":\"https:\\\/\\\/www.bellunopress.it\\\/\"},{\"@type\":\"ListItem\",\"position\":2,\"name\":\"Ancora corriere stracolme. De Carlo scrive al presidente della Provincia, ai sindaci del Cadore e Dolomitibus: &#8220;Pi\u00f9 controlli e nuove corse&#8221;\"}]},{\"@type\":\"WebSite\",\"@id\":\"https:\\\/\\\/www.bellunopress.it\\\/#website\",\"url\":\"https:\\\/\\\/www.bellunopress.it\\\/\",\"name\":\"Bellunopress - Dolomiti\",\"description\":\"e-mail: redazione@bellunopress.it\",\"publisher\":{\"@id\":\"https:\\\/\\\/www.bellunopress.it\\\/#organization\"},\"potentialAction\":[{\"@type\":\"SearchAction\",\"target\":{\"@type\":\"EntryPoint\",\"urlTemplate\":\"https:\\\/\\\/www.bellunopress.it\\\/?s={search_term_string}\"},\"query-input\":{\"@type\":\"PropertyValueSpecification\",\"valueRequired\":true,\"valueName\":\"search_term_string\"}}],\"inLanguage\":\"fr-FR\"},{\"@type\":\"Organization\",\"@id\":\"https:\\\/\\\/www.bellunopress.it\\\/#organization\",\"name\":\"Bellunopress\",\"url\":\"https:\\\/\\\/www.bellunopress.it\\\/\",\"logo\":{\"@type\":\"ImageObject\",\"inLanguage\":\"fr-FR\",\"@id\":\"https:\\\/\\\/www.bellunopress.it\\\/#\\\/schema\\\/logo\\\/image\\\/\",\"url\":\"https:\\\/\\\/www.bellunopress.it\\\/wp-content\\\/uploads\\\/2011\\\/05\\\/cropped-logo-bellunopress-.jpg\",\"contentUrl\":\"https:\\\/\\\/www.bellunopress.it\\\/wp-content\\\/uploads\\\/2011\\\/05\\\/cropped-logo-bellunopress-.jpg\",\"width\":512,\"height\":512,\"caption\":\"Bellunopress\"},\"image\":{\"@id\":\"https:\\\/\\\/www.bellunopress.it\\\/#\\\/schema\\\/logo\\\/image\\\/\"},\"sameAs\":[\"https:\\\/\\\/www.facebook.com\\\/profile.php?id=100008943462799\",\"https:\\\/\\\/x.com\\\/bellunopress\",\"https:\\\/\\\/www.linkedin.com\\\/hp\\\/?dnr=JBzUWaJfMUw8vbXJJ2tVW5-I3jZKvC4wsoxE&amp;amp;amp;amp;amp;amp;trk=nav_responsive_tab_home\",\"https:\\\/\\\/www.youtube.com\\\/channel\\\/UCxL0wu1uN0_3_7hGG0306cw\"]},{\"@type\":\"Person\",\"@id\":\"https:\\\/\\\/www.bellunopress.it\\\/#\\\/schema\\\/person\\\/79bb06722b37ece1c03d3e94beb30d73\",\"name\":\"redazione\",\"image\":{\"@type\":\"ImageObject\",\"inLanguage\":\"fr-FR\",\"@id\":\"https:\\\/\\\/secure.gravatar.com\\\/avatar\\\/37d968a2e67a6fd04c169c4bdef102d0bc5d31b2546345219e348575eb80e9a0?s=96&d=mm&r=g\",\"url\":\"https:\\\/\\\/secure.gravatar.com\\\/avatar\\\/37d968a2e67a6fd04c169c4bdef102d0bc5d31b2546345219e348575eb80e9a0?s=96&d=mm&r=g\",\"contentUrl\":\"https:\\\/\\\/secure.gravatar.com\\\/avatar\\\/37d968a2e67a6fd04c169c4bdef102d0bc5d31b2546345219e348575eb80e9a0?s=96&d=mm&r=g\",\"caption\":\"redazione\"},\"sameAs\":[\"http:\\\/\\\/www.bellunopress.it\",\"https:\\\/\\\/x.com\\\/bellunopress\"],\"url\":\"https:\\\/\\\/www.bellunopress.it\\\/fr\\\/author\\\/redazione\\\/\"}]}<\/script>\n<!-- \/ Yoast SEO plugin. -->","yoast_head_json":{"title":"Ancora corriere stracolme. De Carlo scrive al presidente della Provincia, ai sindaci del Cadore e Dolomitibus: \"Pi\u00f9 controlli e nuove corse\" - Bellunopress - Dolomiti","robots":{"index":"index","follow":"follow","max-snippet":"max-snippet:-1","max-image-preview":"max-image-preview:large","max-video-preview":"max-video-preview:-1"},"canonical":"https:\/\/www.bellunopress.it\/fr\/2019\/10\/10\/ancora-corriere-stracolme-de-carlo-scrive-al-presidente-della-provincia-ai-sindaci-del-cadore-e-dolomitibus-piu-controlli-e-nuove-corse\/","og_locale":"fr_FR","og_type":"article","og_title":"Ancora corriere stracolme. De Carlo scrive al presidente della Provincia, ai sindaci del Cadore e Dolomitibus: \"Pi\u00f9 controlli e nuove corse\" - Bellunopress - Dolomiti","og_description":"Ancora problemi di sovraffollamento sulle corriere che portano gli studenti da Cortina a Calalzo e da Calalzo a Belluno: il deputato di Fratelli d&#8217;Italia e Sindaco di Calalzo di Cadore, Luca De Carlo, continua a raccogliere segnalazioni sui disagi nel trasporto scolastico provinciale. \u201cRispetto alle prime segnalazioni, grazie anche all&#8217;impegno del consigliere provinciale Gianluca Lorenzi, [&hellip;]","og_url":"https:\/\/www.bellunopress.it\/fr\/2019\/10\/10\/ancora-corriere-stracolme-de-carlo-scrive-al-presidente-della-provincia-ai-sindaci-del-cadore-e-dolomitibus-piu-controlli-e-nuove-corse\/","og_site_name":"Bellunopress - Dolomiti","article_publisher":"https:\/\/www.facebook.com\/profile.php?id=100008943462799","article_published_time":"2019-10-10T15:25:32+00:00","og_image":[{"url":"http:\/\/www.bellunopress.it\/wp-content\/uploads\/2018\/04\/Luca-De-Carlo.jpg","type":"","width":"","height":""}],"author":"redazione","twitter_card":"summary_large_image","twitter_creator":"@bellunopress","twitter_site":"@bellunopress","twitter_misc":{"\u00c9crit par":"redazione","Dur\u00e9e de lecture estim\u00e9e":"1 minute"},"schema":{"@context":"https:\/\/schema.org","@graph":[{"@type":"Article","@id":"https:\/\/www.bellunopress.it\/2019\/10\/10\/ancora-corriere-stracolme-de-carlo-scrive-al-presidente-della-provincia-ai-sindaci-del-cadore-e-dolomitibus-piu-controlli-e-nuove-corse\/#article","isPartOf":{"@id":"https:\/\/www.bellunopress.it\/2019\/10\/10\/ancora-corriere-stracolme-de-carlo-scrive-al-presidente-della-provincia-ai-sindaci-del-cadore-e-dolomitibus-piu-controlli-e-nuove-corse\/"},"author":{"name":"redazione","@id":"https:\/\/www.bellunopress.it\/#\/schema\/person\/79bb06722b37ece1c03d3e94beb30d73"},"headline":"Ancora corriere stracolme. De Carlo scrive al presidente della Provincia, ai sindaci del Cadore e Dolomitibus: &#8220;Pi\u00f9 controlli e nuove corse&#8221;","datePublished":"2019-10-10T15:25:32+00:00","mainEntityOfPage":{"@id":"https:\/\/www.bellunopress.it\/2019\/10\/10\/ancora-corriere-stracolme-de-carlo-scrive-al-presidente-della-provincia-ai-sindaci-del-cadore-e-dolomitibus-piu-controlli-e-nuove-corse\/"},"wordCount":299,"publisher":{"@id":"https:\/\/www.bellunopress.it\/#organization"},"image":{"@id":"https:\/\/www.bellunopress.it\/2019\/10\/10\/ancora-corriere-stracolme-de-carlo-scrive-al-presidente-della-provincia-ai-sindaci-del-cadore-e-dolomitibus-piu-controlli-e-nuove-corse\/#primaryimage"},"thumbnailUrl":"http:\/\/www.bellunopress.it\/wp-content\/uploads\/2018\/04\/Luca-De-Carlo.jpg","articleSection":["Cronaca\/Politica","Prima Pagina","Scuola"],"inLanguage":"fr-FR"},{"@type":"WebPage","@id":"https:\/\/www.bellunopress.it\/2019\/10\/10\/ancora-corriere-stracolme-de-carlo-scrive-al-presidente-della-provincia-ai-sindaci-del-cadore-e-dolomitibus-piu-controlli-e-nuove-corse\/","url":"https:\/\/www.bellunopress.it\/2019\/10\/10\/ancora-corriere-stracolme-de-carlo-scrive-al-presidente-della-provincia-ai-sindaci-del-cadore-e-dolomitibus-piu-controlli-e-nuove-corse\/","name":"Ancora corriere stracolme. De Carlo scrive al presidente della Provincia, ai sindaci del Cadore e Dolomitibus: \"Pi\u00f9 controlli e nuove corse\" - Bellunopress - Dolomiti","isPartOf":{"@id":"https:\/\/www.bellunopress.it\/#website"},"primaryImageOfPage":{"@id":"https:\/\/www.bellunopress.it\/2019\/10\/10\/ancora-corriere-stracolme-de-carlo-scrive-al-presidente-della-provincia-ai-sindaci-del-cadore-e-dolomitibus-piu-controlli-e-nuove-corse\/#primaryimage"},"image":{"@id":"https:\/\/www.bellunopress.it\/2019\/10\/10\/ancora-corriere-stracolme-de-carlo-scrive-al-presidente-della-provincia-ai-sindaci-del-cadore-e-dolomitibus-piu-controlli-e-nuove-corse\/#primaryimage"},"thumbnailUrl":"http:\/\/www.bellunopress.it\/wp-content\/uploads\/2018\/04\/Luca-De-Carlo.jpg","datePublished":"2019-10-10T15:25:32+00:00","breadcrumb":{"@id":"https:\/\/www.bellunopress.it\/2019\/10\/10\/ancora-corriere-stracolme-de-carlo-scrive-al-presidente-della-provincia-ai-sindaci-del-cadore-e-dolomitibus-piu-controlli-e-nuove-corse\/#breadcrumb"},"inLanguage":"fr-FR","potentialAction":[{"@type":"ReadAction","target":["https:\/\/www.bellunopress.it\/2019\/10\/10\/ancora-corriere-stracolme-de-carlo-scrive-al-presidente-della-provincia-ai-sindaci-del-cadore-e-dolomitibus-piu-controlli-e-nuove-corse\/"]}]},{"@type":"ImageObject","inLanguage":"fr-FR","@id":"https:\/\/www.bellunopress.it\/2019\/10\/10\/ancora-corriere-stracolme-de-carlo-scrive-al-presidente-della-provincia-ai-sindaci-del-cadore-e-dolomitibus-piu-controlli-e-nuove-corse\/#primaryimage","url":"http:\/\/www.bellunopress.it\/wp-content\/uploads\/2018\/04\/Luca-De-Carlo.jpg","contentUrl":"http:\/\/www.bellunopress.it\/wp-content\/uploads\/2018\/04\/Luca-De-Carlo.jpg"},{"@type":"BreadcrumbList","@id":"https:\/\/www.bellunopress.it\/2019\/10\/10\/ancora-corriere-stracolme-de-carlo-scrive-al-presidente-della-provincia-ai-sindaci-del-cadore-e-dolomitibus-piu-controlli-e-nuove-corse\/#breadcrumb","itemListElement":[{"@type":"ListItem","position":1,"name":"Home","item":"https:\/\/www.bellunopress.it\/"},{"@type":"ListItem","position":2,"name":"Ancora corriere stracolme. De Carlo scrive al presidente della Provincia, ai sindaci del Cadore e Dolomitibus: &#8220;Pi\u00f9 controlli e nuove corse&#8221;"}]},{"@type":"WebSite","@id":"https:\/\/www.bellunopress.it\/#website","url":"https:\/\/www.bellunopress.it\/","name":"Bellunopress - Dolomiti","description":"e-mail: redazione@bellunopress.it","publisher":{"@id":"https:\/\/www.bellunopress.it\/#organization"},"potentialAction":[{"@type":"SearchAction","target":{"@type":"EntryPoint","urlTemplate":"https:\/\/www.bellunopress.it\/?s={search_term_string}"},"query-input":{"@type":"PropertyValueSpecification","valueRequired":true,"valueName":"search_term_string"}}],"inLanguage":"fr-FR"},{"@type":"Organization","@id":"https:\/\/www.bellunopress.it\/#organization","name":"Bellunopress","url":"https:\/\/www.bellunopress.it\/","logo":{"@type":"ImageObject","inLanguage":"fr-FR","@id":"https:\/\/www.bellunopress.it\/#\/schema\/logo\/image\/","url":"https:\/\/www.bellunopress.it\/wp-content\/uploads\/2011\/05\/cropped-logo-bellunopress-.jpg","contentUrl":"https:\/\/www.bellunopress.it\/wp-content\/uploads\/2011\/05\/cropped-logo-bellunopress-.jpg","width":512,"height":512,"caption":"Bellunopress"},"image":{"@id":"https:\/\/www.bellunopress.it\/#\/schema\/logo\/image\/"},"sameAs":["https:\/\/www.facebook.com\/profile.php?id=100008943462799","https:\/\/x.com\/bellunopress","https:\/\/www.linkedin.com\/hp\/?dnr=JBzUWaJfMUw8vbXJJ2tVW5-I3jZKvC4wsoxE&amp;amp;amp;amp;amp;amp;trk=nav_responsive_tab_home","https:\/\/www.youtube.com\/channel\/UCxL0wu1uN0_3_7hGG0306cw"]},{"@type":"Person","@id":"https:\/\/www.bellunopress.it\/#\/schema\/person\/79bb06722b37ece1c03d3e94beb30d73","name":"r\u00e9daction","image":{"@type":"ImageObject","inLanguage":"fr-FR","@id":"https:\/\/secure.gravatar.com\/avatar\/37d968a2e67a6fd04c169c4bdef102d0bc5d31b2546345219e348575eb80e9a0?s=96&d=mm&r=g","url":"https:\/\/secure.gravatar.com\/avatar\/37d968a2e67a6fd04c169c4bdef102d0bc5d31b2546345219e348575eb80e9a0?s=96&d=mm&r=g","contentUrl":"https:\/\/secure.gravatar.com\/avatar\/37d968a2e67a6fd04c169c4bdef102d0bc5d31b2546345219e348575eb80e9a0?s=96&d=mm&r=g","caption":"redazione"},"sameAs":["http:\/\/www.bellunopress.it","https:\/\/x.com\/bellunopress"],"url":"https:\/\/www.bellunopress.it\/fr\/author\/redazione\/"}]}},"_links":{"self":[{"href":"https:\/\/www.bellunopress.it\/fr\/wp-json\/wp\/v2\/posts\/108647","targetHints":{"allow":["GET"]}}],"collection":[{"href":"https:\/\/www.bellunopress.it\/fr\/wp-json\/wp\/v2\/posts"}],"about":[{"href":"https:\/\/www.bellunopress.it\/fr\/wp-json\/wp\/v2\/types\/post"}],"author":[{"embeddable":true,"href":"https:\/\/www.bellunopress.it\/fr\/wp-json\/wp\/v2\/users\/2"}],"replies":[{"embeddable":true,"href":"https:\/\/www.bellunopress.it\/fr\/wp-json\/wp\/v2\/comments?post=108647"}],"version-history":[{"count":1,"href":"https:\/\/www.bellunopress.it\/fr\/wp-json\/wp\/v2\/posts\/108647\/revisions"}],"predecessor-version":[{"id":108648,"href":"https:\/\/www.bellunopress.it\/fr\/wp-json\/wp\/v2\/posts\/108647\/revisions\/108648"}],"wp:attachment":[{"href":"https:\/\/www.bellunopress.it\/fr\/wp-json\/wp\/v2\/media?parent=108647"}],"wp:term":[{"taxonomy":"category","embeddable":true,"href":"https:\/\/www.bellunopress.it\/fr\/wp-json\/wp\/v2\/categories?post=108647"},{"taxonomy":"post_tag","embeddable":true,"href":"https:\/\/www.bellunopress.it\/fr\/wp-json\/wp\/v2\/tags?post=108647"}],"curies":[{"name":"wp","href":"https:\/\/api.w.org\/{rel}","templated":true}]}}