{"id":108642,"date":"2019-10-27T14:14:19","date_gmt":"2019-10-27T13:14:19","guid":{"rendered":"http:\/\/www.bellunopress.it\/?p=108642"},"modified":"2019-10-30T21:21:40","modified_gmt":"2019-10-30T20:21:40","slug":"onde-elettromagnetiche-e-tumori-incontro-con-il-prof-marinelli-biologo-40-anni-di-ricerca-mercoledi-ore-16-30-allhotel-benito-di-ponte-nelle-alpi","status":"publish","type":"post","link":"https:\/\/www.bellunopress.it\/fr\/2019\/10\/27\/onde-elettromagnetiche-e-tumori-incontro-con-il-prof-marinelli-biologo-40-anni-di-ricerca-mercoledi-ore-16-30-allhotel-benito-di-ponte-nelle-alpi\/","title":{"rendered":"Onde elettromagnetiche e tumori. Incontro con il prof. Marinelli, biologo, 40 anni di ricerca. Mercoled\u00ec ore 16.30 all&#8217;hotel Benito di Ponte nelle Alpi"},"content":{"rendered":"<p>Cellule ionizzate e non, cellule vegetali e animali, cellule in assenza di gravit\u00e0, cellule congelate per conservarle o fritte nel forno a microonde, cellule nelle mire Wi-Fi e sotto le potenti emissioni dei ponti 5G (previsti pure nel Bellunese), cellule colpite da frequenze geologiche e dai banali cordless di casa, cellule osservate nel Dna e possibilmente fotografate da lenti e computer ultrapotenti. Da oltre 40 anni il prof. Fiorenzo Marinelli, biologo marchigiano, si dedica anima e corpo a scoprire che cosa vitalizza o danneggia le cellule umane, in rapporto ad eventi naturali provenienti dal loro interno e dall\u2019influsso di eventi provenienti dall\u2019ambiente.<\/p>\n<p><a href=\"http:\/\/www.bellunopress.it\/fr\/2018\/05\/07\/lorigine-della-vita-intervista-al-professor-paolo-tortora-relatore-sabato-ai-grandi-incontri-di-liberal-belluno\/dna\/\" rel=\"attachment wp-att-94836\"><img loading=\"lazy\" decoding=\"async\" class=\"alignleft size-full wp-image-94836\" src=\"http:\/\/www.bellunopress.it\/wp-content\/uploads\/2018\/05\/dna.jpg\" alt=\"\" width=\"266\" height=\"190\" \/><\/a>Il prof. Marinelli, ricercatore di fama mondiale, sar\u00e0 all&#8217;Hotel Benito di Ponte nelle Alpi mercoled\u00ec 30 ottobre alle 16.30, con il patrocinio del Comune. Cercher\u00e0 di trattare nello specifico gli influssi delle onde elettromagnetiche, di varia provenienza, sul corpo e la salute umana. L\u2019influsso dei cellulari e non solo. Parler\u00e0 come ricercatore e come scienziato. Val la pena conoscere qualcosa del suo lavoro poich\u00e9 medici, tecnici e professionisti possono essere interessati a capire qualcosa di certo sulla delicata questione. L\u2019interesse comunque \u00e8 per tutti e si otterranno indicazioni pratiche.<br \/>\nMarinelli ha progettato per oltre 20 anni strumenti per la ricerca sperimentale sulla ionizzazione delle cellule, le quali, composte all\u2019interno di acqua, sono soggette alla dinamica elettromagnetica. Per esempio esponendo cellule in coltura a radiazioni non ionizzanti a 900 MHz nel sistema telefonico cellulare connessi ai ponti di telefonia mobile. Dall\u201986 Marinelli studia le modificazioni dell\u2019aria in ambienti confinati e all\u2019aperto, in rapporto agli effetti della ionizzazione del sistema immunitario. Ha fatto ricerca, presso i laboratori del National Cancer Institute, sulla struttura della cromatina, sostanza nel nucleo cellulare composta di Dna e proteine, che ha a che fare con la divisione cellulare per formare i cromosomi ed \u00e8 affine ai coloranti basici, da cui prende nome. Ha trattato delle misure dei fenomeni elettrici, fatte col captatore ionico, e dei rischi sanitari collegati all\u2019inquinamento da radiazioni non ionizzanti.<\/p>\n<p>Le cifre parlano da sole, come carriera accademica: titolare e collaboratore di oltre 20 progetti di ricerca, decine di corsi e tutoraggio di ricerche e tesi di laurea, 7 convegni specialistici, oltre 30 pubblicazioni e 7 volumi scientifici. Consulente e collaboratore tecnico di molte amministrazioni comunali sull\u2019esposizione della popolazione alle stazioni radio-base, poich\u00e9 c\u2019\u00e8 bisogno di indicazioni tecniche sicure.<br \/>\nLa presenza nel Bellunese del prof. Marinelli \u00e8 occasione molto importante, da non perdere. Quanto dice egli lo documenta e lo mostra, da persona semplice e caratteristica, capace di far vivere in prima persona quello che espone. S\u2019\u00e8 impegnato assumendo sempre dei rischi, poich\u00e9 ha dovuto unire la passione di biologo con la specializzazione in strumenti informatici ed elettronici, su cui case produttrici hanno investito, proprio per merito suo.<\/p>\n<p>L\u2019incontro si profila affascinante per conoscenza ed esperienza. Per di pi\u00f9 l\u2019ingresso \u00e8 libero, con inizio alle ore 16.30 del pomeriggio del 30 ottobre, all\u2019Hotel Benito a Pian di Vedoia Ponte nelle Alpi. Il programma prevede altri relatori con l\u2019esposizione pratica di strumenti e metodi per promuovere e proteggere la propria salute. Per informazioni: info@ceisbelluno.org<br \/>\npagina Facebook Centro Italiano di Solidariet\u00e0 di Belluno<\/p>","protected":false},"excerpt":{"rendered":"<p>Cellule ionizzate e non, cellule vegetali e animali, cellule in assenza di gravit\u00e0, cellule congelate per conservarle o fritte nel forno a microonde, cellule nelle mire Wi-Fi e sotto le potenti emissioni dei ponti 5G (previsti pure nel Bellunese), cellule colpite da frequenze geologiche e dai banali cordless di casa, cellule osservate nel Dna e [&hellip;]<\/p>\n","protected":false},"author":2,"featured_media":0,"comment_status":"closed","ping_status":"open","sticky":false,"template":"","format":"standard","meta":{"footnotes":""},"categories":[27,8],"tags":[],"class_list":["post-108642","post","type-post","status-publish","format-standard","category-appuntamenti","category-societa-istituzioni"],"yoast_head":"<!-- This site is optimized with the Yoast SEO plugin v28.4 - https:\/\/yoast.com\/product\/yoast-seo-wordpress\/ -->\n<title>Onde elettromagnetiche e tumori. Incontro con il prof. Marinelli, biologo, 40 anni di ricerca. Mercoled\u00ec ore 16.30 all&#039;hotel Benito di Ponte nelle Alpi - Bellunopress - Dolomiti<\/title>\n<meta name=\"robots\" content=\"index, follow, max-snippet:-1, max-image-preview:large, max-video-preview:-1\" \/>\n<link rel=\"canonical\" href=\"https:\/\/www.bellunopress.it\/fr\/2019\/10\/27\/onde-elettromagnetiche-e-tumori-incontro-con-il-prof-marinelli-biologo-40-anni-di-ricerca-mercoledi-ore-16-30-allhotel-benito-di-ponte-nelle-alpi\/\" \/>\n<meta property=\"og:locale\" content=\"fr_FR\" \/>\n<meta property=\"og:type\" content=\"article\" \/>\n<meta property=\"og:title\" content=\"Onde elettromagnetiche e tumori. Incontro con il prof. Marinelli, biologo, 40 anni di ricerca. Mercoled\u00ec ore 16.30 all&#039;hotel Benito di Ponte nelle Alpi - Bellunopress - Dolomiti\" \/>\n<meta property=\"og:description\" content=\"Cellule ionizzate e non, cellule vegetali e animali, cellule in assenza di gravit\u00e0, cellule congelate per conservarle o fritte nel forno a microonde, cellule nelle mire Wi-Fi e sotto le potenti emissioni dei ponti 5G (previsti pure nel Bellunese), cellule colpite da frequenze geologiche e dai banali cordless di casa, cellule osservate nel Dna e [&hellip;]\" \/>\n<meta property=\"og:url\" content=\"https:\/\/www.bellunopress.it\/fr\/2019\/10\/27\/onde-elettromagnetiche-e-tumori-incontro-con-il-prof-marinelli-biologo-40-anni-di-ricerca-mercoledi-ore-16-30-allhotel-benito-di-ponte-nelle-alpi\/\" \/>\n<meta property=\"og:site_name\" content=\"Bellunopress - Dolomiti\" \/>\n<meta property=\"article:publisher\" content=\"https:\/\/www.facebook.com\/profile.php?id=100008943462799\" \/>\n<meta property=\"article:published_time\" content=\"2019-10-27T13:14:19+00:00\" \/>\n<meta property=\"article:modified_time\" content=\"2019-10-30T20:21:40+00:00\" \/>\n<meta property=\"og:image\" content=\"http:\/\/www.bellunopress.it\/wp-content\/uploads\/2018\/05\/dna.jpg\" \/>\n<meta name=\"author\" content=\"redazione\" \/>\n<meta name=\"twitter:card\" content=\"summary_large_image\" \/>\n<meta name=\"twitter:creator\" content=\"@bellunopress\" \/>\n<meta name=\"twitter:site\" content=\"@bellunopress\" \/>\n<meta name=\"twitter:label1\" content=\"\u00c9crit par\" \/>\n\t<meta name=\"twitter:data1\" content=\"redazione\" \/>\n\t<meta name=\"twitter:label2\" content=\"Dur\u00e9e de lecture estim\u00e9e\" \/>\n\t<meta name=\"twitter:data2\" content=\"3 minutes\" \/>\n<script type=\"application\/ld+json\" class=\"yoast-schema-graph\">{\"@context\":\"https:\\\/\\\/schema.org\",\"@graph\":[{\"@type\":\"Article\",\"@id\":\"https:\\\/\\\/www.bellunopress.it\\\/2019\\\/10\\\/27\\\/onde-elettromagnetiche-e-tumori-incontro-con-il-prof-marinelli-biologo-40-anni-di-ricerca-mercoledi-ore-16-30-allhotel-benito-di-ponte-nelle-alpi\\\/#article\",\"isPartOf\":{\"@id\":\"https:\\\/\\\/www.bellunopress.it\\\/2019\\\/10\\\/27\\\/onde-elettromagnetiche-e-tumori-incontro-con-il-prof-marinelli-biologo-40-anni-di-ricerca-mercoledi-ore-16-30-allhotel-benito-di-ponte-nelle-alpi\\\/\"},\"author\":{\"name\":\"redazione\",\"@id\":\"https:\\\/\\\/www.bellunopress.it\\\/#\\\/schema\\\/person\\\/79bb06722b37ece1c03d3e94beb30d73\"},\"headline\":\"Onde elettromagnetiche e tumori. Incontro con il prof. Marinelli, biologo, 40 anni di ricerca. Mercoled\u00ec ore 16.30 all&#8217;hotel Benito di Ponte nelle Alpi\",\"datePublished\":\"2019-10-27T13:14:19+00:00\",\"dateModified\":\"2019-10-30T20:21:40+00:00\",\"mainEntityOfPage\":{\"@id\":\"https:\\\/\\\/www.bellunopress.it\\\/2019\\\/10\\\/27\\\/onde-elettromagnetiche-e-tumori-incontro-con-il-prof-marinelli-biologo-40-anni-di-ricerca-mercoledi-ore-16-30-allhotel-benito-di-ponte-nelle-alpi\\\/\"},\"wordCount\":542,\"publisher\":{\"@id\":\"https:\\\/\\\/www.bellunopress.it\\\/#organization\"},\"image\":{\"@id\":\"https:\\\/\\\/www.bellunopress.it\\\/2019\\\/10\\\/27\\\/onde-elettromagnetiche-e-tumori-incontro-con-il-prof-marinelli-biologo-40-anni-di-ricerca-mercoledi-ore-16-30-allhotel-benito-di-ponte-nelle-alpi\\\/#primaryimage\"},\"thumbnailUrl\":\"http:\\\/\\\/www.bellunopress.it\\\/wp-content\\\/uploads\\\/2018\\\/05\\\/dna.jpg\",\"articleSection\":[\"Appuntamenti, Eventi\",\"Societ\u00e0, Associazioni, Istituzioni\"],\"inLanguage\":\"fr-FR\"},{\"@type\":\"WebPage\",\"@id\":\"https:\\\/\\\/www.bellunopress.it\\\/2019\\\/10\\\/27\\\/onde-elettromagnetiche-e-tumori-incontro-con-il-prof-marinelli-biologo-40-anni-di-ricerca-mercoledi-ore-16-30-allhotel-benito-di-ponte-nelle-alpi\\\/\",\"url\":\"https:\\\/\\\/www.bellunopress.it\\\/2019\\\/10\\\/27\\\/onde-elettromagnetiche-e-tumori-incontro-con-il-prof-marinelli-biologo-40-anni-di-ricerca-mercoledi-ore-16-30-allhotel-benito-di-ponte-nelle-alpi\\\/\",\"name\":\"Onde elettromagnetiche e tumori. Incontro con il prof. Marinelli, biologo, 40 anni di ricerca. Mercoled\u00ec ore 16.30 all'hotel Benito di Ponte nelle Alpi - Bellunopress - Dolomiti\",\"isPartOf\":{\"@id\":\"https:\\\/\\\/www.bellunopress.it\\\/#website\"},\"primaryImageOfPage\":{\"@id\":\"https:\\\/\\\/www.bellunopress.it\\\/2019\\\/10\\\/27\\\/onde-elettromagnetiche-e-tumori-incontro-con-il-prof-marinelli-biologo-40-anni-di-ricerca-mercoledi-ore-16-30-allhotel-benito-di-ponte-nelle-alpi\\\/#primaryimage\"},\"image\":{\"@id\":\"https:\\\/\\\/www.bellunopress.it\\\/2019\\\/10\\\/27\\\/onde-elettromagnetiche-e-tumori-incontro-con-il-prof-marinelli-biologo-40-anni-di-ricerca-mercoledi-ore-16-30-allhotel-benito-di-ponte-nelle-alpi\\\/#primaryimage\"},\"thumbnailUrl\":\"http:\\\/\\\/www.bellunopress.it\\\/wp-content\\\/uploads\\\/2018\\\/05\\\/dna.jpg\",\"datePublished\":\"2019-10-27T13:14:19+00:00\",\"dateModified\":\"2019-10-30T20:21:40+00:00\",\"breadcrumb\":{\"@id\":\"https:\\\/\\\/www.bellunopress.it\\\/2019\\\/10\\\/27\\\/onde-elettromagnetiche-e-tumori-incontro-con-il-prof-marinelli-biologo-40-anni-di-ricerca-mercoledi-ore-16-30-allhotel-benito-di-ponte-nelle-alpi\\\/#breadcrumb\"},\"inLanguage\":\"fr-FR\",\"potentialAction\":[{\"@type\":\"ReadAction\",\"target\":[\"https:\\\/\\\/www.bellunopress.it\\\/2019\\\/10\\\/27\\\/onde-elettromagnetiche-e-tumori-incontro-con-il-prof-marinelli-biologo-40-anni-di-ricerca-mercoledi-ore-16-30-allhotel-benito-di-ponte-nelle-alpi\\\/\"]}]},{\"@type\":\"ImageObject\",\"inLanguage\":\"fr-FR\",\"@id\":\"https:\\\/\\\/www.bellunopress.it\\\/2019\\\/10\\\/27\\\/onde-elettromagnetiche-e-tumori-incontro-con-il-prof-marinelli-biologo-40-anni-di-ricerca-mercoledi-ore-16-30-allhotel-benito-di-ponte-nelle-alpi\\\/#primaryimage\",\"url\":\"http:\\\/\\\/www.bellunopress.it\\\/wp-content\\\/uploads\\\/2018\\\/05\\\/dna.jpg\",\"contentUrl\":\"http:\\\/\\\/www.bellunopress.it\\\/wp-content\\\/uploads\\\/2018\\\/05\\\/dna.jpg\"},{\"@type\":\"BreadcrumbList\",\"@id\":\"https:\\\/\\\/www.bellunopress.it\\\/2019\\\/10\\\/27\\\/onde-elettromagnetiche-e-tumori-incontro-con-il-prof-marinelli-biologo-40-anni-di-ricerca-mercoledi-ore-16-30-allhotel-benito-di-ponte-nelle-alpi\\\/#breadcrumb\",\"itemListElement\":[{\"@type\":\"ListItem\",\"position\":1,\"name\":\"Home\",\"item\":\"https:\\\/\\\/www.bellunopress.it\\\/\"},{\"@type\":\"ListItem\",\"position\":2,\"name\":\"Onde elettromagnetiche e tumori. Incontro con il prof. Marinelli, biologo, 40 anni di ricerca. Mercoled\u00ec ore 16.30 all&#8217;hotel Benito di Ponte nelle Alpi\"}]},{\"@type\":\"WebSite\",\"@id\":\"https:\\\/\\\/www.bellunopress.it\\\/#website\",\"url\":\"https:\\\/\\\/www.bellunopress.it\\\/\",\"name\":\"Bellunopress - Dolomiti\",\"description\":\"e-mail: redazione@bellunopress.it\",\"publisher\":{\"@id\":\"https:\\\/\\\/www.bellunopress.it\\\/#organization\"},\"potentialAction\":[{\"@type\":\"SearchAction\",\"target\":{\"@type\":\"EntryPoint\",\"urlTemplate\":\"https:\\\/\\\/www.bellunopress.it\\\/?s={search_term_string}\"},\"query-input\":{\"@type\":\"PropertyValueSpecification\",\"valueRequired\":true,\"valueName\":\"search_term_string\"}}],\"inLanguage\":\"fr-FR\"},{\"@type\":\"Organization\",\"@id\":\"https:\\\/\\\/www.bellunopress.it\\\/#organization\",\"name\":\"Bellunopress\",\"url\":\"https:\\\/\\\/www.bellunopress.it\\\/\",\"logo\":{\"@type\":\"ImageObject\",\"inLanguage\":\"fr-FR\",\"@id\":\"https:\\\/\\\/www.bellunopress.it\\\/#\\\/schema\\\/logo\\\/image\\\/\",\"url\":\"https:\\\/\\\/www.bellunopress.it\\\/wp-content\\\/uploads\\\/2011\\\/05\\\/cropped-logo-bellunopress-.jpg\",\"contentUrl\":\"https:\\\/\\\/www.bellunopress.it\\\/wp-content\\\/uploads\\\/2011\\\/05\\\/cropped-logo-bellunopress-.jpg\",\"width\":512,\"height\":512,\"caption\":\"Bellunopress\"},\"image\":{\"@id\":\"https:\\\/\\\/www.bellunopress.it\\\/#\\\/schema\\\/logo\\\/image\\\/\"},\"sameAs\":[\"https:\\\/\\\/www.facebook.com\\\/profile.php?id=100008943462799\",\"https:\\\/\\\/x.com\\\/bellunopress\",\"https:\\\/\\\/www.linkedin.com\\\/hp\\\/?dnr=JBzUWaJfMUw8vbXJJ2tVW5-I3jZKvC4wsoxE&amp;amp;amp;amp;amp;amp;trk=nav_responsive_tab_home\",\"https:\\\/\\\/www.youtube.com\\\/channel\\\/UCxL0wu1uN0_3_7hGG0306cw\"]},{\"@type\":\"Person\",\"@id\":\"https:\\\/\\\/www.bellunopress.it\\\/#\\\/schema\\\/person\\\/79bb06722b37ece1c03d3e94beb30d73\",\"name\":\"redazione\",\"image\":{\"@type\":\"ImageObject\",\"inLanguage\":\"fr-FR\",\"@id\":\"https:\\\/\\\/secure.gravatar.com\\\/avatar\\\/37d968a2e67a6fd04c169c4bdef102d0bc5d31b2546345219e348575eb80e9a0?s=96&d=mm&r=g\",\"url\":\"https:\\\/\\\/secure.gravatar.com\\\/avatar\\\/37d968a2e67a6fd04c169c4bdef102d0bc5d31b2546345219e348575eb80e9a0?s=96&d=mm&r=g\",\"contentUrl\":\"https:\\\/\\\/secure.gravatar.com\\\/avatar\\\/37d968a2e67a6fd04c169c4bdef102d0bc5d31b2546345219e348575eb80e9a0?s=96&d=mm&r=g\",\"caption\":\"redazione\"},\"sameAs\":[\"http:\\\/\\\/www.bellunopress.it\",\"https:\\\/\\\/x.com\\\/bellunopress\"],\"url\":\"https:\\\/\\\/www.bellunopress.it\\\/fr\\\/author\\\/redazione\\\/\"}]}<\/script>\n<!-- \/ Yoast SEO plugin. -->","yoast_head_json":{"title":"Onde elettromagnetiche e tumori. Incontro con il prof. Marinelli, biologo, 40 anni di ricerca. Mercoled\u00ec ore 16.30 all'hotel Benito di Ponte nelle Alpi - Bellunopress - Dolomiti","robots":{"index":"index","follow":"follow","max-snippet":"max-snippet:-1","max-image-preview":"max-image-preview:large","max-video-preview":"max-video-preview:-1"},"canonical":"https:\/\/www.bellunopress.it\/fr\/2019\/10\/27\/onde-elettromagnetiche-e-tumori-incontro-con-il-prof-marinelli-biologo-40-anni-di-ricerca-mercoledi-ore-16-30-allhotel-benito-di-ponte-nelle-alpi\/","og_locale":"fr_FR","og_type":"article","og_title":"Onde elettromagnetiche e tumori. Incontro con il prof. Marinelli, biologo, 40 anni di ricerca. Mercoled\u00ec ore 16.30 all'hotel Benito di Ponte nelle Alpi - Bellunopress - Dolomiti","og_description":"Cellule ionizzate e non, cellule vegetali e animali, cellule in assenza di gravit\u00e0, cellule congelate per conservarle o fritte nel forno a microonde, cellule nelle mire Wi-Fi e sotto le potenti emissioni dei ponti 5G (previsti pure nel Bellunese), cellule colpite da frequenze geologiche e dai banali cordless di casa, cellule osservate nel Dna e [&hellip;]","og_url":"https:\/\/www.bellunopress.it\/fr\/2019\/10\/27\/onde-elettromagnetiche-e-tumori-incontro-con-il-prof-marinelli-biologo-40-anni-di-ricerca-mercoledi-ore-16-30-allhotel-benito-di-ponte-nelle-alpi\/","og_site_name":"Bellunopress - Dolomiti","article_publisher":"https:\/\/www.facebook.com\/profile.php?id=100008943462799","article_published_time":"2019-10-27T13:14:19+00:00","article_modified_time":"2019-10-30T20:21:40+00:00","og_image":[{"url":"http:\/\/www.bellunopress.it\/wp-content\/uploads\/2018\/05\/dna.jpg","type":"","width":"","height":""}],"author":"redazione","twitter_card":"summary_large_image","twitter_creator":"@bellunopress","twitter_site":"@bellunopress","twitter_misc":{"\u00c9crit par":"redazione","Dur\u00e9e de lecture estim\u00e9e":"3 minutes"},"schema":{"@context":"https:\/\/schema.org","@graph":[{"@type":"Article","@id":"https:\/\/www.bellunopress.it\/2019\/10\/27\/onde-elettromagnetiche-e-tumori-incontro-con-il-prof-marinelli-biologo-40-anni-di-ricerca-mercoledi-ore-16-30-allhotel-benito-di-ponte-nelle-alpi\/#article","isPartOf":{"@id":"https:\/\/www.bellunopress.it\/2019\/10\/27\/onde-elettromagnetiche-e-tumori-incontro-con-il-prof-marinelli-biologo-40-anni-di-ricerca-mercoledi-ore-16-30-allhotel-benito-di-ponte-nelle-alpi\/"},"author":{"name":"redazione","@id":"https:\/\/www.bellunopress.it\/#\/schema\/person\/79bb06722b37ece1c03d3e94beb30d73"},"headline":"Onde elettromagnetiche e tumori. Incontro con il prof. Marinelli, biologo, 40 anni di ricerca. Mercoled\u00ec ore 16.30 all&#8217;hotel Benito di Ponte nelle Alpi","datePublished":"2019-10-27T13:14:19+00:00","dateModified":"2019-10-30T20:21:40+00:00","mainEntityOfPage":{"@id":"https:\/\/www.bellunopress.it\/2019\/10\/27\/onde-elettromagnetiche-e-tumori-incontro-con-il-prof-marinelli-biologo-40-anni-di-ricerca-mercoledi-ore-16-30-allhotel-benito-di-ponte-nelle-alpi\/"},"wordCount":542,"publisher":{"@id":"https:\/\/www.bellunopress.it\/#organization"},"image":{"@id":"https:\/\/www.bellunopress.it\/2019\/10\/27\/onde-elettromagnetiche-e-tumori-incontro-con-il-prof-marinelli-biologo-40-anni-di-ricerca-mercoledi-ore-16-30-allhotel-benito-di-ponte-nelle-alpi\/#primaryimage"},"thumbnailUrl":"http:\/\/www.bellunopress.it\/wp-content\/uploads\/2018\/05\/dna.jpg","articleSection":["Appuntamenti, Eventi","Societ\u00e0, Associazioni, Istituzioni"],"inLanguage":"fr-FR"},{"@type":"WebPage","@id":"https:\/\/www.bellunopress.it\/2019\/10\/27\/onde-elettromagnetiche-e-tumori-incontro-con-il-prof-marinelli-biologo-40-anni-di-ricerca-mercoledi-ore-16-30-allhotel-benito-di-ponte-nelle-alpi\/","url":"https:\/\/www.bellunopress.it\/2019\/10\/27\/onde-elettromagnetiche-e-tumori-incontro-con-il-prof-marinelli-biologo-40-anni-di-ricerca-mercoledi-ore-16-30-allhotel-benito-di-ponte-nelle-alpi\/","name":"Onde elettromagnetiche e tumori. Incontro con il prof. Marinelli, biologo, 40 anni di ricerca. Mercoled\u00ec ore 16.30 all'hotel Benito di Ponte nelle Alpi - Bellunopress - Dolomiti","isPartOf":{"@id":"https:\/\/www.bellunopress.it\/#website"},"primaryImageOfPage":{"@id":"https:\/\/www.bellunopress.it\/2019\/10\/27\/onde-elettromagnetiche-e-tumori-incontro-con-il-prof-marinelli-biologo-40-anni-di-ricerca-mercoledi-ore-16-30-allhotel-benito-di-ponte-nelle-alpi\/#primaryimage"},"image":{"@id":"https:\/\/www.bellunopress.it\/2019\/10\/27\/onde-elettromagnetiche-e-tumori-incontro-con-il-prof-marinelli-biologo-40-anni-di-ricerca-mercoledi-ore-16-30-allhotel-benito-di-ponte-nelle-alpi\/#primaryimage"},"thumbnailUrl":"http:\/\/www.bellunopress.it\/wp-content\/uploads\/2018\/05\/dna.jpg","datePublished":"2019-10-27T13:14:19+00:00","dateModified":"2019-10-30T20:21:40+00:00","breadcrumb":{"@id":"https:\/\/www.bellunopress.it\/2019\/10\/27\/onde-elettromagnetiche-e-tumori-incontro-con-il-prof-marinelli-biologo-40-anni-di-ricerca-mercoledi-ore-16-30-allhotel-benito-di-ponte-nelle-alpi\/#breadcrumb"},"inLanguage":"fr-FR","potentialAction":[{"@type":"ReadAction","target":["https:\/\/www.bellunopress.it\/2019\/10\/27\/onde-elettromagnetiche-e-tumori-incontro-con-il-prof-marinelli-biologo-40-anni-di-ricerca-mercoledi-ore-16-30-allhotel-benito-di-ponte-nelle-alpi\/"]}]},{"@type":"ImageObject","inLanguage":"fr-FR","@id":"https:\/\/www.bellunopress.it\/2019\/10\/27\/onde-elettromagnetiche-e-tumori-incontro-con-il-prof-marinelli-biologo-40-anni-di-ricerca-mercoledi-ore-16-30-allhotel-benito-di-ponte-nelle-alpi\/#primaryimage","url":"http:\/\/www.bellunopress.it\/wp-content\/uploads\/2018\/05\/dna.jpg","contentUrl":"http:\/\/www.bellunopress.it\/wp-content\/uploads\/2018\/05\/dna.jpg"},{"@type":"BreadcrumbList","@id":"https:\/\/www.bellunopress.it\/2019\/10\/27\/onde-elettromagnetiche-e-tumori-incontro-con-il-prof-marinelli-biologo-40-anni-di-ricerca-mercoledi-ore-16-30-allhotel-benito-di-ponte-nelle-alpi\/#breadcrumb","itemListElement":[{"@type":"ListItem","position":1,"name":"Home","item":"https:\/\/www.bellunopress.it\/"},{"@type":"ListItem","position":2,"name":"Onde elettromagnetiche e tumori. Incontro con il prof. Marinelli, biologo, 40 anni di ricerca. Mercoled\u00ec ore 16.30 all&#8217;hotel Benito di Ponte nelle Alpi"}]},{"@type":"WebSite","@id":"https:\/\/www.bellunopress.it\/#website","url":"https:\/\/www.bellunopress.it\/","name":"Bellunopress - Dolomiti","description":"e-mail: redazione@bellunopress.it","publisher":{"@id":"https:\/\/www.bellunopress.it\/#organization"},"potentialAction":[{"@type":"SearchAction","target":{"@type":"EntryPoint","urlTemplate":"https:\/\/www.bellunopress.it\/?s={search_term_string}"},"query-input":{"@type":"PropertyValueSpecification","valueRequired":true,"valueName":"search_term_string"}}],"inLanguage":"fr-FR"},{"@type":"Organization","@id":"https:\/\/www.bellunopress.it\/#organization","name":"Bellunopress","url":"https:\/\/www.bellunopress.it\/","logo":{"@type":"ImageObject","inLanguage":"fr-FR","@id":"https:\/\/www.bellunopress.it\/#\/schema\/logo\/image\/","url":"https:\/\/www.bellunopress.it\/wp-content\/uploads\/2011\/05\/cropped-logo-bellunopress-.jpg","contentUrl":"https:\/\/www.bellunopress.it\/wp-content\/uploads\/2011\/05\/cropped-logo-bellunopress-.jpg","width":512,"height":512,"caption":"Bellunopress"},"image":{"@id":"https:\/\/www.bellunopress.it\/#\/schema\/logo\/image\/"},"sameAs":["https:\/\/www.facebook.com\/profile.php?id=100008943462799","https:\/\/x.com\/bellunopress","https:\/\/www.linkedin.com\/hp\/?dnr=JBzUWaJfMUw8vbXJJ2tVW5-I3jZKvC4wsoxE&amp;amp;amp;amp;amp;amp;trk=nav_responsive_tab_home","https:\/\/www.youtube.com\/channel\/UCxL0wu1uN0_3_7hGG0306cw"]},{"@type":"Person","@id":"https:\/\/www.bellunopress.it\/#\/schema\/person\/79bb06722b37ece1c03d3e94beb30d73","name":"r\u00e9daction","image":{"@type":"ImageObject","inLanguage":"fr-FR","@id":"https:\/\/secure.gravatar.com\/avatar\/37d968a2e67a6fd04c169c4bdef102d0bc5d31b2546345219e348575eb80e9a0?s=96&d=mm&r=g","url":"https:\/\/secure.gravatar.com\/avatar\/37d968a2e67a6fd04c169c4bdef102d0bc5d31b2546345219e348575eb80e9a0?s=96&d=mm&r=g","contentUrl":"https:\/\/secure.gravatar.com\/avatar\/37d968a2e67a6fd04c169c4bdef102d0bc5d31b2546345219e348575eb80e9a0?s=96&d=mm&r=g","caption":"redazione"},"sameAs":["http:\/\/www.bellunopress.it","https:\/\/x.com\/bellunopress"],"url":"https:\/\/www.bellunopress.it\/fr\/author\/redazione\/"}]}},"_links":{"self":[{"href":"https:\/\/www.bellunopress.it\/fr\/wp-json\/wp\/v2\/posts\/108642","targetHints":{"allow":["GET"]}}],"collection":[{"href":"https:\/\/www.bellunopress.it\/fr\/wp-json\/wp\/v2\/posts"}],"about":[{"href":"https:\/\/www.bellunopress.it\/fr\/wp-json\/wp\/v2\/types\/post"}],"author":[{"embeddable":true,"href":"https:\/\/www.bellunopress.it\/fr\/wp-json\/wp\/v2\/users\/2"}],"replies":[{"embeddable":true,"href":"https:\/\/www.bellunopress.it\/fr\/wp-json\/wp\/v2\/comments?post=108642"}],"version-history":[{"count":1,"href":"https:\/\/www.bellunopress.it\/fr\/wp-json\/wp\/v2\/posts\/108642\/revisions"}],"predecessor-version":[{"id":108643,"href":"https:\/\/www.bellunopress.it\/fr\/wp-json\/wp\/v2\/posts\/108642\/revisions\/108643"}],"wp:attachment":[{"href":"https:\/\/www.bellunopress.it\/fr\/wp-json\/wp\/v2\/media?parent=108642"}],"wp:term":[{"taxonomy":"category","embeddable":true,"href":"https:\/\/www.bellunopress.it\/fr\/wp-json\/wp\/v2\/categories?post=108642"},{"taxonomy":"post_tag","embeddable":true,"href":"https:\/\/www.bellunopress.it\/fr\/wp-json\/wp\/v2\/tags?post=108642"}],"curies":[{"name":"wp","href":"https:\/\/api.w.org\/{rel}","templated":true}]}}