{"id":108622,"date":"2019-10-09T20:41:58","date_gmt":"2019-10-09T18:41:58","guid":{"rendered":"http:\/\/www.bellunopress.it\/?p=108622"},"modified":"2019-10-13T12:43:25","modified_gmt":"2019-10-13T10:43:25","slug":"sabato-12-ottobre-giuseppe-mendicino-presenta-il-suo-libro-su-nuto-revelli-a-oltre-le-vette","status":"publish","type":"post","link":"https:\/\/www.bellunopress.it\/fr\/2019\/10\/09\/sabato-12-ottobre-giuseppe-mendicino-presenta-il-suo-libro-su-nuto-revelli-a-oltre-le-vette\/","title":{"rendered":"Sabato 12 ottobre Giuseppe Mendicino presenta il suo libro su Nuto Revelli a Oltre le vette"},"content":{"rendered":"<p>Sabato 12 ottobre alle 18 alla Sala \u201cBianchi\u201d di Viale Fantuzzi lo scrittore Giuseppe Mendicino dialogher\u00e0 con Flavio Faoro sul suo ultimo libro Nuto Revelli- vita, guerre, libri edito da Priuli &amp; Verlucca.<\/p>\n<figure id=\"attachment_76765\" aria-describedby=\"caption-attachment-76765\" style=\"width: 300px\" class=\"wp-caption alignleft\"><a href=\"http:\/\/www.bellunopress.it\/fr\/2016\/04\/10\/giovedi-sala-bianchi-belluno-film-denuncia-sugli-allevamenti-intensivi-animali\/sala-bianchi-belluno\/\" rel=\"attachment wp-att-76765\"><img loading=\"lazy\" decoding=\"async\" class=\"size-full wp-image-76765\" src=\"http:\/\/www.bellunopress.it\/wp-content\/uploads\/2016\/04\/sala-bianchi-belluno.jpg\" alt=\"\" width=\"300\" height=\"200\" \/><\/a><figcaption id=\"caption-attachment-76765\" class=\"wp-caption-text\">Sala Bianchi &#8211; Belluno<\/figcaption><\/figure>\n<p>In questo libro dedicato a Revelli (nato giusto cento anni fa, nel 1919, e spentosi nel 2004), Mendicino percorre le vicende dello scrittore piemontese, uno dei pi\u00f9 intensi narratori degli eventi della guerra di Russia, in cui ha combattuto come tenente degli alpini nel battaglione Tirano. Durante la Resistenza Revelli \u00e8 stato poi comandante partigiano di Giustizia e Libert\u00e0 nelle montagne del Cuneese. Ha scritto numerose opere di testimonianza storica, tutte ricche di una rigorosa etica civile, dando voce ai caduti e ai dispersi della guerra e ai dimenticati del mondo contadino. Dopo la guerra Revelli ha infatti percorso le valli e le montagne del Cuneese, instancabilmente, per anni, lasciandoci testimonianze sulla vita degli ultimi valligiani di borghi abbandonati, di contadini e di alpigiani sfrattati dall\u2019isolamento, dalla concorrenza economica dei fondovalle, dalla insensibilit\u00e0 di enti pubblici e istituzioni. Il risultato sono libri straordinari, come La guerra dei poveri, La strada del davai, Mai tardi, L\u2019ultimo fronte, Il mondo dei vinti, L\u2019anello forte, Il disperso di Marburg, Le due guerre, tutti pubblicati dall\u2019editore Einaudi.<\/p>\n<p>Giuseppe Mendicino, \u00e8 segretario comunale e scrittore, e collabora con le riviste Doppiozero e Meridiani Montagne. Ha pubblicato negli ultimi alcuni volumi di notevole successo, dedicati a figure importanti dell\u2019universo alpino del Novecento. Ricordiamo Portfolio alpino &#8211; orizzonti di vita, letteratura, arte e libert\u00e0, del 2018, in cui ripercorre le biografie e le opere di oltre venti uomini e donne che hanno tenuto fede ai loro principi di libert\u00e0 e di grande amore per la montagna e, soprattutto, i due volumi dedicati a Mario Rigoni Stern: Mario Rigoni Stern \u2013 vita, guerre, libri, uscito nel 2016, corposo volume che rappresenta forse la pi\u00f9 intensa biografia dello scrittore di Asiago e Mario Rigoni Stern. Il coraggio di dire no &#8211; Conversazioni e interviste 1963 \u2013 2007, pubblicato nel 2018 da Einaudi.<\/p>\n<p>L\u2019evento \u00e8 organizzato in collaborazione con l\u2019Isbrec.<br \/>\nL\u2019ingresso all\u2019incontro \u00e8 libero fino ad esaurimento posti.<br \/>\nPer ogni altra informazione visitare il sito www.oltrelevette.it<\/p>","protected":false},"excerpt":{"rendered":"<p>Sabato 12 ottobre alle 18 alla Sala \u201cBianchi\u201d di Viale Fantuzzi lo scrittore Giuseppe Mendicino dialogher\u00e0 con Flavio Faoro sul suo ultimo libro Nuto Revelli- vita, guerre, libri edito da Priuli &amp; Verlucca. In questo libro dedicato a Revelli (nato giusto cento anni fa, nel 1919, e spentosi nel 2004), Mendicino percorre le vicende dello [&hellip;]<\/p>\n","protected":false},"author":2,"featured_media":0,"comment_status":"closed","ping_status":"open","sticky":false,"template":"","format":"standard","meta":{"footnotes":""},"categories":[27,3],"tags":[],"class_list":["post-108622","post","type-post","status-publish","format-standard","category-appuntamenti","category-arte-cultura-spettacoli-scienza-archivi"],"yoast_head":"<!-- This site is optimized with the Yoast SEO plugin v28.4 - https:\/\/yoast.com\/product\/yoast-seo-wordpress\/ -->\n<title>Sabato 12 ottobre Giuseppe Mendicino presenta il suo libro su Nuto Revelli a Oltre le vette - Bellunopress - Dolomiti<\/title>\n<meta name=\"robots\" content=\"index, follow, max-snippet:-1, max-image-preview:large, max-video-preview:-1\" \/>\n<link rel=\"canonical\" href=\"https:\/\/www.bellunopress.it\/fr\/2019\/10\/09\/sabato-12-ottobre-giuseppe-mendicino-presenta-il-suo-libro-su-nuto-revelli-a-oltre-le-vette\/\" \/>\n<meta property=\"og:locale\" content=\"fr_FR\" \/>\n<meta property=\"og:type\" content=\"article\" \/>\n<meta property=\"og:title\" content=\"Sabato 12 ottobre Giuseppe Mendicino presenta il suo libro su Nuto Revelli a Oltre le vette - Bellunopress - Dolomiti\" \/>\n<meta property=\"og:description\" content=\"Sabato 12 ottobre alle 18 alla Sala \u201cBianchi\u201d di Viale Fantuzzi lo scrittore Giuseppe Mendicino dialogher\u00e0 con Flavio Faoro sul suo ultimo libro Nuto Revelli- vita, guerre, libri edito da Priuli &amp; Verlucca. In questo libro dedicato a Revelli (nato giusto cento anni fa, nel 1919, e spentosi nel 2004), Mendicino percorre le vicende dello [&hellip;]\" \/>\n<meta property=\"og:url\" content=\"https:\/\/www.bellunopress.it\/fr\/2019\/10\/09\/sabato-12-ottobre-giuseppe-mendicino-presenta-il-suo-libro-su-nuto-revelli-a-oltre-le-vette\/\" \/>\n<meta property=\"og:site_name\" content=\"Bellunopress - Dolomiti\" \/>\n<meta property=\"article:publisher\" content=\"https:\/\/www.facebook.com\/profile.php?id=100008943462799\" \/>\n<meta property=\"article:published_time\" content=\"2019-10-09T18:41:58+00:00\" \/>\n<meta property=\"article:modified_time\" content=\"2019-10-13T10:43:25+00:00\" \/>\n<meta property=\"og:image\" content=\"http:\/\/www.bellunopress.it\/wp-content\/uploads\/2016\/04\/sala-bianchi-belluno.jpg\" \/>\n<meta name=\"author\" content=\"redazione\" \/>\n<meta name=\"twitter:card\" content=\"summary_large_image\" \/>\n<meta name=\"twitter:creator\" content=\"@bellunopress\" \/>\n<meta name=\"twitter:site\" content=\"@bellunopress\" \/>\n<meta name=\"twitter:label1\" content=\"\u00c9crit par\" \/>\n\t<meta name=\"twitter:data1\" content=\"redazione\" \/>\n\t<meta name=\"twitter:label2\" content=\"Dur\u00e9e de lecture estim\u00e9e\" \/>\n\t<meta name=\"twitter:data2\" content=\"2 minutes\" \/>\n<script type=\"application\/ld+json\" class=\"yoast-schema-graph\">{\"@context\":\"https:\\\/\\\/schema.org\",\"@graph\":[{\"@type\":\"Article\",\"@id\":\"https:\\\/\\\/www.bellunopress.it\\\/2019\\\/10\\\/09\\\/sabato-12-ottobre-giuseppe-mendicino-presenta-il-suo-libro-su-nuto-revelli-a-oltre-le-vette\\\/#article\",\"isPartOf\":{\"@id\":\"https:\\\/\\\/www.bellunopress.it\\\/2019\\\/10\\\/09\\\/sabato-12-ottobre-giuseppe-mendicino-presenta-il-suo-libro-su-nuto-revelli-a-oltre-le-vette\\\/\"},\"author\":{\"name\":\"redazione\",\"@id\":\"https:\\\/\\\/www.bellunopress.it\\\/#\\\/schema\\\/person\\\/79bb06722b37ece1c03d3e94beb30d73\"},\"headline\":\"Sabato 12 ottobre Giuseppe Mendicino presenta il suo libro su Nuto Revelli a Oltre le vette\",\"datePublished\":\"2019-10-09T18:41:58+00:00\",\"dateModified\":\"2019-10-13T10:43:25+00:00\",\"mainEntityOfPage\":{\"@id\":\"https:\\\/\\\/www.bellunopress.it\\\/2019\\\/10\\\/09\\\/sabato-12-ottobre-giuseppe-mendicino-presenta-il-suo-libro-su-nuto-revelli-a-oltre-le-vette\\\/\"},\"wordCount\":381,\"publisher\":{\"@id\":\"https:\\\/\\\/www.bellunopress.it\\\/#organization\"},\"image\":{\"@id\":\"https:\\\/\\\/www.bellunopress.it\\\/2019\\\/10\\\/09\\\/sabato-12-ottobre-giuseppe-mendicino-presenta-il-suo-libro-su-nuto-revelli-a-oltre-le-vette\\\/#primaryimage\"},\"thumbnailUrl\":\"http:\\\/\\\/www.bellunopress.it\\\/wp-content\\\/uploads\\\/2016\\\/04\\\/sala-bianchi-belluno.jpg\",\"articleSection\":[\"Appuntamenti, Eventi\",\"Arte, Cultura, Spettacoli, Scienza\"],\"inLanguage\":\"fr-FR\"},{\"@type\":\"WebPage\",\"@id\":\"https:\\\/\\\/www.bellunopress.it\\\/2019\\\/10\\\/09\\\/sabato-12-ottobre-giuseppe-mendicino-presenta-il-suo-libro-su-nuto-revelli-a-oltre-le-vette\\\/\",\"url\":\"https:\\\/\\\/www.bellunopress.it\\\/2019\\\/10\\\/09\\\/sabato-12-ottobre-giuseppe-mendicino-presenta-il-suo-libro-su-nuto-revelli-a-oltre-le-vette\\\/\",\"name\":\"Sabato 12 ottobre Giuseppe Mendicino presenta il suo libro su Nuto Revelli a Oltre le vette - Bellunopress - Dolomiti\",\"isPartOf\":{\"@id\":\"https:\\\/\\\/www.bellunopress.it\\\/#website\"},\"primaryImageOfPage\":{\"@id\":\"https:\\\/\\\/www.bellunopress.it\\\/2019\\\/10\\\/09\\\/sabato-12-ottobre-giuseppe-mendicino-presenta-il-suo-libro-su-nuto-revelli-a-oltre-le-vette\\\/#primaryimage\"},\"image\":{\"@id\":\"https:\\\/\\\/www.bellunopress.it\\\/2019\\\/10\\\/09\\\/sabato-12-ottobre-giuseppe-mendicino-presenta-il-suo-libro-su-nuto-revelli-a-oltre-le-vette\\\/#primaryimage\"},\"thumbnailUrl\":\"http:\\\/\\\/www.bellunopress.it\\\/wp-content\\\/uploads\\\/2016\\\/04\\\/sala-bianchi-belluno.jpg\",\"datePublished\":\"2019-10-09T18:41:58+00:00\",\"dateModified\":\"2019-10-13T10:43:25+00:00\",\"breadcrumb\":{\"@id\":\"https:\\\/\\\/www.bellunopress.it\\\/2019\\\/10\\\/09\\\/sabato-12-ottobre-giuseppe-mendicino-presenta-il-suo-libro-su-nuto-revelli-a-oltre-le-vette\\\/#breadcrumb\"},\"inLanguage\":\"fr-FR\",\"potentialAction\":[{\"@type\":\"ReadAction\",\"target\":[\"https:\\\/\\\/www.bellunopress.it\\\/2019\\\/10\\\/09\\\/sabato-12-ottobre-giuseppe-mendicino-presenta-il-suo-libro-su-nuto-revelli-a-oltre-le-vette\\\/\"]}]},{\"@type\":\"ImageObject\",\"inLanguage\":\"fr-FR\",\"@id\":\"https:\\\/\\\/www.bellunopress.it\\\/2019\\\/10\\\/09\\\/sabato-12-ottobre-giuseppe-mendicino-presenta-il-suo-libro-su-nuto-revelli-a-oltre-le-vette\\\/#primaryimage\",\"url\":\"http:\\\/\\\/www.bellunopress.it\\\/wp-content\\\/uploads\\\/2016\\\/04\\\/sala-bianchi-belluno.jpg\",\"contentUrl\":\"http:\\\/\\\/www.bellunopress.it\\\/wp-content\\\/uploads\\\/2016\\\/04\\\/sala-bianchi-belluno.jpg\"},{\"@type\":\"BreadcrumbList\",\"@id\":\"https:\\\/\\\/www.bellunopress.it\\\/2019\\\/10\\\/09\\\/sabato-12-ottobre-giuseppe-mendicino-presenta-il-suo-libro-su-nuto-revelli-a-oltre-le-vette\\\/#breadcrumb\",\"itemListElement\":[{\"@type\":\"ListItem\",\"position\":1,\"name\":\"Home\",\"item\":\"https:\\\/\\\/www.bellunopress.it\\\/\"},{\"@type\":\"ListItem\",\"position\":2,\"name\":\"Sabato 12 ottobre Giuseppe Mendicino presenta il suo libro su Nuto Revelli a Oltre le vette\"}]},{\"@type\":\"WebSite\",\"@id\":\"https:\\\/\\\/www.bellunopress.it\\\/#website\",\"url\":\"https:\\\/\\\/www.bellunopress.it\\\/\",\"name\":\"Bellunopress - Dolomiti\",\"description\":\"e-mail: redazione@bellunopress.it\",\"publisher\":{\"@id\":\"https:\\\/\\\/www.bellunopress.it\\\/#organization\"},\"potentialAction\":[{\"@type\":\"SearchAction\",\"target\":{\"@type\":\"EntryPoint\",\"urlTemplate\":\"https:\\\/\\\/www.bellunopress.it\\\/?s={search_term_string}\"},\"query-input\":{\"@type\":\"PropertyValueSpecification\",\"valueRequired\":true,\"valueName\":\"search_term_string\"}}],\"inLanguage\":\"fr-FR\"},{\"@type\":\"Organization\",\"@id\":\"https:\\\/\\\/www.bellunopress.it\\\/#organization\",\"name\":\"Bellunopress\",\"url\":\"https:\\\/\\\/www.bellunopress.it\\\/\",\"logo\":{\"@type\":\"ImageObject\",\"inLanguage\":\"fr-FR\",\"@id\":\"https:\\\/\\\/www.bellunopress.it\\\/#\\\/schema\\\/logo\\\/image\\\/\",\"url\":\"https:\\\/\\\/www.bellunopress.it\\\/wp-content\\\/uploads\\\/2011\\\/05\\\/cropped-logo-bellunopress-.jpg\",\"contentUrl\":\"https:\\\/\\\/www.bellunopress.it\\\/wp-content\\\/uploads\\\/2011\\\/05\\\/cropped-logo-bellunopress-.jpg\",\"width\":512,\"height\":512,\"caption\":\"Bellunopress\"},\"image\":{\"@id\":\"https:\\\/\\\/www.bellunopress.it\\\/#\\\/schema\\\/logo\\\/image\\\/\"},\"sameAs\":[\"https:\\\/\\\/www.facebook.com\\\/profile.php?id=100008943462799\",\"https:\\\/\\\/x.com\\\/bellunopress\",\"https:\\\/\\\/www.linkedin.com\\\/hp\\\/?dnr=JBzUWaJfMUw8vbXJJ2tVW5-I3jZKvC4wsoxE&amp;amp;amp;amp;amp;amp;trk=nav_responsive_tab_home\",\"https:\\\/\\\/www.youtube.com\\\/channel\\\/UCxL0wu1uN0_3_7hGG0306cw\"]},{\"@type\":\"Person\",\"@id\":\"https:\\\/\\\/www.bellunopress.it\\\/#\\\/schema\\\/person\\\/79bb06722b37ece1c03d3e94beb30d73\",\"name\":\"redazione\",\"image\":{\"@type\":\"ImageObject\",\"inLanguage\":\"fr-FR\",\"@id\":\"https:\\\/\\\/secure.gravatar.com\\\/avatar\\\/37d968a2e67a6fd04c169c4bdef102d0bc5d31b2546345219e348575eb80e9a0?s=96&d=mm&r=g\",\"url\":\"https:\\\/\\\/secure.gravatar.com\\\/avatar\\\/37d968a2e67a6fd04c169c4bdef102d0bc5d31b2546345219e348575eb80e9a0?s=96&d=mm&r=g\",\"contentUrl\":\"https:\\\/\\\/secure.gravatar.com\\\/avatar\\\/37d968a2e67a6fd04c169c4bdef102d0bc5d31b2546345219e348575eb80e9a0?s=96&d=mm&r=g\",\"caption\":\"redazione\"},\"sameAs\":[\"http:\\\/\\\/www.bellunopress.it\",\"https:\\\/\\\/x.com\\\/bellunopress\"],\"url\":\"https:\\\/\\\/www.bellunopress.it\\\/fr\\\/author\\\/redazione\\\/\"}]}<\/script>\n<!-- \/ Yoast SEO plugin. -->","yoast_head_json":{"title":"Sabato 12 ottobre Giuseppe Mendicino presenta il suo libro su Nuto Revelli a Oltre le vette - Bellunopress - Dolomiti","robots":{"index":"index","follow":"follow","max-snippet":"max-snippet:-1","max-image-preview":"max-image-preview:large","max-video-preview":"max-video-preview:-1"},"canonical":"https:\/\/www.bellunopress.it\/fr\/2019\/10\/09\/sabato-12-ottobre-giuseppe-mendicino-presenta-il-suo-libro-su-nuto-revelli-a-oltre-le-vette\/","og_locale":"fr_FR","og_type":"article","og_title":"Sabato 12 ottobre Giuseppe Mendicino presenta il suo libro su Nuto Revelli a Oltre le vette - Bellunopress - Dolomiti","og_description":"Sabato 12 ottobre alle 18 alla Sala \u201cBianchi\u201d di Viale Fantuzzi lo scrittore Giuseppe Mendicino dialogher\u00e0 con Flavio Faoro sul suo ultimo libro Nuto Revelli- vita, guerre, libri edito da Priuli &amp; Verlucca. In questo libro dedicato a Revelli (nato giusto cento anni fa, nel 1919, e spentosi nel 2004), Mendicino percorre le vicende dello [&hellip;]","og_url":"https:\/\/www.bellunopress.it\/fr\/2019\/10\/09\/sabato-12-ottobre-giuseppe-mendicino-presenta-il-suo-libro-su-nuto-revelli-a-oltre-le-vette\/","og_site_name":"Bellunopress - Dolomiti","article_publisher":"https:\/\/www.facebook.com\/profile.php?id=100008943462799","article_published_time":"2019-10-09T18:41:58+00:00","article_modified_time":"2019-10-13T10:43:25+00:00","og_image":[{"url":"http:\/\/www.bellunopress.it\/wp-content\/uploads\/2016\/04\/sala-bianchi-belluno.jpg","type":"","width":"","height":""}],"author":"redazione","twitter_card":"summary_large_image","twitter_creator":"@bellunopress","twitter_site":"@bellunopress","twitter_misc":{"\u00c9crit par":"redazione","Dur\u00e9e de lecture estim\u00e9e":"2 minutes"},"schema":{"@context":"https:\/\/schema.org","@graph":[{"@type":"Article","@id":"https:\/\/www.bellunopress.it\/2019\/10\/09\/sabato-12-ottobre-giuseppe-mendicino-presenta-il-suo-libro-su-nuto-revelli-a-oltre-le-vette\/#article","isPartOf":{"@id":"https:\/\/www.bellunopress.it\/2019\/10\/09\/sabato-12-ottobre-giuseppe-mendicino-presenta-il-suo-libro-su-nuto-revelli-a-oltre-le-vette\/"},"author":{"name":"redazione","@id":"https:\/\/www.bellunopress.it\/#\/schema\/person\/79bb06722b37ece1c03d3e94beb30d73"},"headline":"Sabato 12 ottobre Giuseppe Mendicino presenta il suo libro su Nuto Revelli a Oltre le vette","datePublished":"2019-10-09T18:41:58+00:00","dateModified":"2019-10-13T10:43:25+00:00","mainEntityOfPage":{"@id":"https:\/\/www.bellunopress.it\/2019\/10\/09\/sabato-12-ottobre-giuseppe-mendicino-presenta-il-suo-libro-su-nuto-revelli-a-oltre-le-vette\/"},"wordCount":381,"publisher":{"@id":"https:\/\/www.bellunopress.it\/#organization"},"image":{"@id":"https:\/\/www.bellunopress.it\/2019\/10\/09\/sabato-12-ottobre-giuseppe-mendicino-presenta-il-suo-libro-su-nuto-revelli-a-oltre-le-vette\/#primaryimage"},"thumbnailUrl":"http:\/\/www.bellunopress.it\/wp-content\/uploads\/2016\/04\/sala-bianchi-belluno.jpg","articleSection":["Appuntamenti, Eventi","Arte, Cultura, Spettacoli, Scienza"],"inLanguage":"fr-FR"},{"@type":"WebPage","@id":"https:\/\/www.bellunopress.it\/2019\/10\/09\/sabato-12-ottobre-giuseppe-mendicino-presenta-il-suo-libro-su-nuto-revelli-a-oltre-le-vette\/","url":"https:\/\/www.bellunopress.it\/2019\/10\/09\/sabato-12-ottobre-giuseppe-mendicino-presenta-il-suo-libro-su-nuto-revelli-a-oltre-le-vette\/","name":"Sabato 12 ottobre Giuseppe Mendicino presenta il suo libro su Nuto Revelli a Oltre le vette - Bellunopress - Dolomiti","isPartOf":{"@id":"https:\/\/www.bellunopress.it\/#website"},"primaryImageOfPage":{"@id":"https:\/\/www.bellunopress.it\/2019\/10\/09\/sabato-12-ottobre-giuseppe-mendicino-presenta-il-suo-libro-su-nuto-revelli-a-oltre-le-vette\/#primaryimage"},"image":{"@id":"https:\/\/www.bellunopress.it\/2019\/10\/09\/sabato-12-ottobre-giuseppe-mendicino-presenta-il-suo-libro-su-nuto-revelli-a-oltre-le-vette\/#primaryimage"},"thumbnailUrl":"http:\/\/www.bellunopress.it\/wp-content\/uploads\/2016\/04\/sala-bianchi-belluno.jpg","datePublished":"2019-10-09T18:41:58+00:00","dateModified":"2019-10-13T10:43:25+00:00","breadcrumb":{"@id":"https:\/\/www.bellunopress.it\/2019\/10\/09\/sabato-12-ottobre-giuseppe-mendicino-presenta-il-suo-libro-su-nuto-revelli-a-oltre-le-vette\/#breadcrumb"},"inLanguage":"fr-FR","potentialAction":[{"@type":"ReadAction","target":["https:\/\/www.bellunopress.it\/2019\/10\/09\/sabato-12-ottobre-giuseppe-mendicino-presenta-il-suo-libro-su-nuto-revelli-a-oltre-le-vette\/"]}]},{"@type":"ImageObject","inLanguage":"fr-FR","@id":"https:\/\/www.bellunopress.it\/2019\/10\/09\/sabato-12-ottobre-giuseppe-mendicino-presenta-il-suo-libro-su-nuto-revelli-a-oltre-le-vette\/#primaryimage","url":"http:\/\/www.bellunopress.it\/wp-content\/uploads\/2016\/04\/sala-bianchi-belluno.jpg","contentUrl":"http:\/\/www.bellunopress.it\/wp-content\/uploads\/2016\/04\/sala-bianchi-belluno.jpg"},{"@type":"BreadcrumbList","@id":"https:\/\/www.bellunopress.it\/2019\/10\/09\/sabato-12-ottobre-giuseppe-mendicino-presenta-il-suo-libro-su-nuto-revelli-a-oltre-le-vette\/#breadcrumb","itemListElement":[{"@type":"ListItem","position":1,"name":"Home","item":"https:\/\/www.bellunopress.it\/"},{"@type":"ListItem","position":2,"name":"Sabato 12 ottobre Giuseppe Mendicino presenta il suo libro su Nuto Revelli a Oltre le vette"}]},{"@type":"WebSite","@id":"https:\/\/www.bellunopress.it\/#website","url":"https:\/\/www.bellunopress.it\/","name":"Bellunopress - Dolomiti","description":"e-mail: redazione@bellunopress.it","publisher":{"@id":"https:\/\/www.bellunopress.it\/#organization"},"potentialAction":[{"@type":"SearchAction","target":{"@type":"EntryPoint","urlTemplate":"https:\/\/www.bellunopress.it\/?s={search_term_string}"},"query-input":{"@type":"PropertyValueSpecification","valueRequired":true,"valueName":"search_term_string"}}],"inLanguage":"fr-FR"},{"@type":"Organization","@id":"https:\/\/www.bellunopress.it\/#organization","name":"Bellunopress","url":"https:\/\/www.bellunopress.it\/","logo":{"@type":"ImageObject","inLanguage":"fr-FR","@id":"https:\/\/www.bellunopress.it\/#\/schema\/logo\/image\/","url":"https:\/\/www.bellunopress.it\/wp-content\/uploads\/2011\/05\/cropped-logo-bellunopress-.jpg","contentUrl":"https:\/\/www.bellunopress.it\/wp-content\/uploads\/2011\/05\/cropped-logo-bellunopress-.jpg","width":512,"height":512,"caption":"Bellunopress"},"image":{"@id":"https:\/\/www.bellunopress.it\/#\/schema\/logo\/image\/"},"sameAs":["https:\/\/www.facebook.com\/profile.php?id=100008943462799","https:\/\/x.com\/bellunopress","https:\/\/www.linkedin.com\/hp\/?dnr=JBzUWaJfMUw8vbXJJ2tVW5-I3jZKvC4wsoxE&amp;amp;amp;amp;amp;amp;trk=nav_responsive_tab_home","https:\/\/www.youtube.com\/channel\/UCxL0wu1uN0_3_7hGG0306cw"]},{"@type":"Person","@id":"https:\/\/www.bellunopress.it\/#\/schema\/person\/79bb06722b37ece1c03d3e94beb30d73","name":"r\u00e9daction","image":{"@type":"ImageObject","inLanguage":"fr-FR","@id":"https:\/\/secure.gravatar.com\/avatar\/37d968a2e67a6fd04c169c4bdef102d0bc5d31b2546345219e348575eb80e9a0?s=96&d=mm&r=g","url":"https:\/\/secure.gravatar.com\/avatar\/37d968a2e67a6fd04c169c4bdef102d0bc5d31b2546345219e348575eb80e9a0?s=96&d=mm&r=g","contentUrl":"https:\/\/secure.gravatar.com\/avatar\/37d968a2e67a6fd04c169c4bdef102d0bc5d31b2546345219e348575eb80e9a0?s=96&d=mm&r=g","caption":"redazione"},"sameAs":["http:\/\/www.bellunopress.it","https:\/\/x.com\/bellunopress"],"url":"https:\/\/www.bellunopress.it\/fr\/author\/redazione\/"}]}},"_links":{"self":[{"href":"https:\/\/www.bellunopress.it\/fr\/wp-json\/wp\/v2\/posts\/108622","targetHints":{"allow":["GET"]}}],"collection":[{"href":"https:\/\/www.bellunopress.it\/fr\/wp-json\/wp\/v2\/posts"}],"about":[{"href":"https:\/\/www.bellunopress.it\/fr\/wp-json\/wp\/v2\/types\/post"}],"author":[{"embeddable":true,"href":"https:\/\/www.bellunopress.it\/fr\/wp-json\/wp\/v2\/users\/2"}],"replies":[{"embeddable":true,"href":"https:\/\/www.bellunopress.it\/fr\/wp-json\/wp\/v2\/comments?post=108622"}],"version-history":[{"count":1,"href":"https:\/\/www.bellunopress.it\/fr\/wp-json\/wp\/v2\/posts\/108622\/revisions"}],"predecessor-version":[{"id":108623,"href":"https:\/\/www.bellunopress.it\/fr\/wp-json\/wp\/v2\/posts\/108622\/revisions\/108623"}],"wp:attachment":[{"href":"https:\/\/www.bellunopress.it\/fr\/wp-json\/wp\/v2\/media?parent=108622"}],"wp:term":[{"taxonomy":"category","embeddable":true,"href":"https:\/\/www.bellunopress.it\/fr\/wp-json\/wp\/v2\/categories?post=108622"},{"taxonomy":"post_tag","embeddable":true,"href":"https:\/\/www.bellunopress.it\/fr\/wp-json\/wp\/v2\/tags?post=108622"}],"curies":[{"name":"wp","href":"https:\/\/api.w.org\/{rel}","templated":true}]}}