{"id":108620,"date":"2019-10-09T20:36:27","date_gmt":"2019-10-09T18:36:27","guid":{"rendered":"http:\/\/www.bellunopress.it\/?p=108620"},"modified":"2019-10-09T20:36:27","modified_gmt":"2019-10-09T18:36:27","slug":"scuola-nasce-il-portale-veneto-dellorientamento-www-orientati-org-donazzan-strumento-innovativo-per-capire-il-mercato-del-lavoro","status":"publish","type":"post","link":"https:\/\/www.bellunopress.it\/fr\/2019\/10\/09\/scuola-nasce-il-portale-veneto-dellorientamento-www-orientati-org-donazzan-strumento-innovativo-per-capire-il-mercato-del-lavoro\/","title":{"rendered":"Scuola, nasce il portale veneto dell&#8217;orientamento www.orientati.org  Donazzan: &#8220;Strumento innovativo per capire il mercato del lavoro&#8221;"},"content":{"rendered":"<figure id=\"attachment_94736\" aria-describedby=\"caption-attachment-94736\" style=\"width: 190px\" class=\"wp-caption alignleft\"><a href=\"http:\/\/www.bellunopress.it\/fr\/2018\/05\/03\/pari-opportunita-donazzan-a-parita-di-contratto-una-donna-in-veneto-guadagna-tra-il-25-e-il-30-in-meno-deluomo\/elena-donazzan\/\" rel=\"attachment wp-att-94736\"><img loading=\"lazy\" decoding=\"async\" class=\"size-full wp-image-94736\" src=\"http:\/\/www.bellunopress.it\/wp-content\/uploads\/2018\/05\/Elena-Donazzan.jpg\" alt=\"\" width=\"190\" height=\"207\" \/><\/a><figcaption id=\"caption-attachment-94736\" class=\"wp-caption-text\">Elena Donazzan &#8211; Assessore regionale<\/figcaption><\/figure>\n<p>Venezia, 9 ottobre 2019\u00a0 &#8211;\u00a0\u00a0Che cosa far\u00f2 da grande? Quali sono le mie abilit\u00e0 e le mie inclinazioni? Quale indirizzo scegliere? Quali sono le professioni pi\u00f9 richieste? Quali le opportunit\u00e0 nel mio territorio? Dove posso trovare un servizio di consulenza che mi aiuti a scegliere la scuola o la professione del mio domani? Sono le domande ricorrenti dei ragazzi e delle famiglie ad ogni snodo del percorso scolastico. Da oggi in Veneto c\u2019\u00e8 uno strumento in pi\u00f9 che aiuta a scegliere: \u00e8 il portale della Regione Veneto dedicato all\u2019orientamento (<a href=\"https:\/\/www.orientati.org\/Landing\/\">www.orientati.org<\/a>) presentato in anteprima agli operatori dell\u2019informazione dall\u2019assessore regionale Elena Donazzan all\u2019istituto Algarotti di Venezia (diretto da Concetta Franco), affiancata dal direttore dell\u2019Area capitale Umano Santo Romano, dal responsabile della direzione regionale Istruzione Massimo Marzano e da Emilia Leopardi Barra, amministratore delegata di Edulife, l\u2019azienda veronese che nell\u2019ambito del progetto regionale sull\u2019orientamento ha sviluppato l\u2019interfaccia informatica.<\/p>\n<p>Il portale e l\u2019omonimo programma a sostegno delle attivit\u00e0 di orientamento dei giovani (#Orientati) \u00e8 un\u2019idea della Regione Veneto che ha investito 2,3 milioni di risorse Fse per sviluppare attivit\u00e0 in grado di aiutare i giovani a fare le scelte pi\u00f9 opportune nel campo della scuola, della formazione e del lavoro, soprattutto nei momenti di transizione.<\/p>\n<p>\u201cIl nostro \u00e8 un progetto coerente e capillare \u2013 ha spiegato l\u2019assessore regionale alla scuola, Elena Donazzan &#8211; che cerca di rispondere in modo omogeneo, in tutto il territorio regionale, alle esigenze dei ragazzi e delle famiglie di scegliere un percorso formativo e un progetto di vita adeguato alle proprie capacit\u00e0\/aspettative e alle opportunit\u00e0 del mondo del mondo del lavoro, e uno strumento per gli insegnanti e per le scuole, per ridurre la dispersione scolastica. Anche se in Veneto il tasso di dispersione \u00e8 inferiore alla media nazionale, ogni insuccesso rappresenta un costo, personale e per la collettivit\u00e0. Intraprendere il \u2018giusto\u2019 percorso significa trovare pi\u00f9 facilmente una occupazione coerente con ci\u00f2 che si \u00e8 studiato ed avere migliori chances di realizzazione personale\u201d.<\/p>\n<p>Articolato in sei aree tematiche (\u201cChe cosa far\u00f2 da grande?\u201d, \u201cConosci il mercato del lavoro\u201d, \u201cEsperienze di orientamento\u201d, \u201cEventi regionali\u201d, \u201cScopri le reti id orientamento\u201d e l\u2019Area riservata per gli operatori) il portale, pensato dai giovani per i giovani, fa parte del pi\u00f9 ampio progetto, avviato nel 2017, che coinvolge sul territorio regionale 17 reti territoriali che erogano servizi di orientamento. Le reti sono partecipate complessivamente da 775 organizzazioni, pubbliche e private, quali scuole, organismi di formazione, ITS Academy, Universit\u00e0, servizi al lavoro, Comuni, ed offrono \u2013 grazie al sostegno finanziario della Regione \u2013 laboratori fisici e virtuali, eventi e giornate di orientamento, servizi di autovalutazione, sportelli di orientamento e servizi di consulenza personalizzata.<\/p>\n<p>Le attivit\u00e0 di orientamento delle 17 reti venete hanno gi\u00e0 coinvolto circa 23.000 giovani (con l\u2019obiettivo di raggiungerne almeno 30.000 entro fine anno), circa 600 insegnanti e operatori e un migliaio di famiglie.<\/p>\n<p>In particolare le attivit\u00e0 di orientamento fin qui erogate hanno raggiunto 6100 ragazzi nel passaggio dalla scuola media alla secondaria superiore, 563 giovani del biennio superiore incerti se confermare o rivedere la propria scelta, 7000 studenti delle superiori alle prese con la scelta universitaria o di formazione superiore negli Its Academy, 255 giovani gi\u00e0 diplomati alla ricerca di inserimento lavorativo, nonch\u00e9 1600 giovani che hanno richiesto un servizio di autovalutazione ed esplorazione delle potenzialit\u00e0 e aspettative.<\/p>\n<p>Il portale, che si rivolge ai 354 mila studenti veneti della scuola secondaria di primo e secondo grado del Veneto, sar\u00e0 oggetto di presentazione ufficiale a Job&amp;Orienta 2019, il salone della scuola e dell\u2019orientamento in programma a Verona il mese prossimo.<\/p>\n<p>&nbsp;<\/p>","protected":false},"excerpt":{"rendered":"<p>Venezia, 9 ottobre 2019\u00a0 &#8211;\u00a0\u00a0Che cosa far\u00f2 da grande? Quali sono le mie abilit\u00e0 e le mie inclinazioni? Quale indirizzo scegliere? Quali sono le professioni pi\u00f9 richieste? Quali le opportunit\u00e0 nel mio territorio? Dove posso trovare un servizio di consulenza che mi aiuti a scegliere la scuola o la professione del mio domani? Sono le [&hellip;]<\/p>\n","protected":false},"author":2,"featured_media":0,"comment_status":"closed","ping_status":"open","sticky":false,"template":"","format":"standard","meta":{"footnotes":""},"categories":[5,26,15],"tags":[],"class_list":["post-108620","post","type-post","status-publish","format-standard","category-cronaca","category-prima-pagina","category-scuola"],"yoast_head":"<!-- This site is optimized with the Yoast SEO plugin v28.4 - https:\/\/yoast.com\/product\/yoast-seo-wordpress\/ -->\n<title>Scuola, nasce il portale veneto dell&#039;orientamento www.orientati.org Donazzan: &quot;Strumento innovativo per capire il mercato del lavoro&quot; - Bellunopress - Dolomiti<\/title>\n<meta name=\"robots\" content=\"index, follow, max-snippet:-1, max-image-preview:large, max-video-preview:-1\" \/>\n<link rel=\"canonical\" href=\"https:\/\/www.bellunopress.it\/fr\/2019\/10\/09\/scuola-nasce-il-portale-veneto-dellorientamento-www-orientati-org-donazzan-strumento-innovativo-per-capire-il-mercato-del-lavoro\/\" \/>\n<meta property=\"og:locale\" content=\"fr_FR\" \/>\n<meta property=\"og:type\" content=\"article\" \/>\n<meta property=\"og:title\" content=\"Scuola, nasce il portale veneto dell&#039;orientamento www.orientati.org Donazzan: &quot;Strumento innovativo per capire il mercato del lavoro&quot; - Bellunopress - Dolomiti\" \/>\n<meta property=\"og:description\" content=\"Venezia, 9 ottobre 2019\u00a0 &#8211;\u00a0\u00a0Che cosa far\u00f2 da grande? Quali sono le mie abilit\u00e0 e le mie inclinazioni? Quale indirizzo scegliere? Quali sono le professioni pi\u00f9 richieste? Quali le opportunit\u00e0 nel mio territorio? Dove posso trovare un servizio di consulenza che mi aiuti a scegliere la scuola o la professione del mio domani? Sono le [&hellip;]\" \/>\n<meta property=\"og:url\" content=\"https:\/\/www.bellunopress.it\/fr\/2019\/10\/09\/scuola-nasce-il-portale-veneto-dellorientamento-www-orientati-org-donazzan-strumento-innovativo-per-capire-il-mercato-del-lavoro\/\" \/>\n<meta property=\"og:site_name\" content=\"Bellunopress - Dolomiti\" \/>\n<meta property=\"article:publisher\" content=\"https:\/\/www.facebook.com\/profile.php?id=100008943462799\" \/>\n<meta property=\"article:published_time\" content=\"2019-10-09T18:36:27+00:00\" \/>\n<meta property=\"og:image\" content=\"http:\/\/www.bellunopress.it\/wp-content\/uploads\/2018\/05\/Elena-Donazzan.jpg\" \/>\n<meta name=\"author\" content=\"redazione\" \/>\n<meta name=\"twitter:card\" content=\"summary_large_image\" \/>\n<meta name=\"twitter:creator\" content=\"@bellunopress\" \/>\n<meta name=\"twitter:site\" content=\"@bellunopress\" \/>\n<meta name=\"twitter:label1\" content=\"\u00c9crit par\" \/>\n\t<meta name=\"twitter:data1\" content=\"redazione\" \/>\n\t<meta name=\"twitter:label2\" content=\"Dur\u00e9e de lecture estim\u00e9e\" \/>\n\t<meta name=\"twitter:data2\" content=\"3 minutes\" \/>\n<script type=\"application\/ld+json\" class=\"yoast-schema-graph\">{\"@context\":\"https:\\\/\\\/schema.org\",\"@graph\":[{\"@type\":\"Article\",\"@id\":\"https:\\\/\\\/www.bellunopress.it\\\/2019\\\/10\\\/09\\\/scuola-nasce-il-portale-veneto-dellorientamento-www-orientati-org-donazzan-strumento-innovativo-per-capire-il-mercato-del-lavoro\\\/#article\",\"isPartOf\":{\"@id\":\"https:\\\/\\\/www.bellunopress.it\\\/2019\\\/10\\\/09\\\/scuola-nasce-il-portale-veneto-dellorientamento-www-orientati-org-donazzan-strumento-innovativo-per-capire-il-mercato-del-lavoro\\\/\"},\"author\":{\"name\":\"redazione\",\"@id\":\"https:\\\/\\\/www.bellunopress.it\\\/#\\\/schema\\\/person\\\/79bb06722b37ece1c03d3e94beb30d73\"},\"headline\":\"Scuola, nasce il portale veneto dell&#8217;orientamento www.orientati.org Donazzan: &#8220;Strumento innovativo per capire il mercato del lavoro&#8221;\",\"datePublished\":\"2019-10-09T18:36:27+00:00\",\"mainEntityOfPage\":{\"@id\":\"https:\\\/\\\/www.bellunopress.it\\\/2019\\\/10\\\/09\\\/scuola-nasce-il-portale-veneto-dellorientamento-www-orientati-org-donazzan-strumento-innovativo-per-capire-il-mercato-del-lavoro\\\/\"},\"wordCount\":615,\"publisher\":{\"@id\":\"https:\\\/\\\/www.bellunopress.it\\\/#organization\"},\"image\":{\"@id\":\"https:\\\/\\\/www.bellunopress.it\\\/2019\\\/10\\\/09\\\/scuola-nasce-il-portale-veneto-dellorientamento-www-orientati-org-donazzan-strumento-innovativo-per-capire-il-mercato-del-lavoro\\\/#primaryimage\"},\"thumbnailUrl\":\"http:\\\/\\\/www.bellunopress.it\\\/wp-content\\\/uploads\\\/2018\\\/05\\\/Elena-Donazzan.jpg\",\"articleSection\":[\"Cronaca\\\/Politica\",\"Prima Pagina\",\"Scuola\"],\"inLanguage\":\"fr-FR\"},{\"@type\":\"WebPage\",\"@id\":\"https:\\\/\\\/www.bellunopress.it\\\/2019\\\/10\\\/09\\\/scuola-nasce-il-portale-veneto-dellorientamento-www-orientati-org-donazzan-strumento-innovativo-per-capire-il-mercato-del-lavoro\\\/\",\"url\":\"https:\\\/\\\/www.bellunopress.it\\\/2019\\\/10\\\/09\\\/scuola-nasce-il-portale-veneto-dellorientamento-www-orientati-org-donazzan-strumento-innovativo-per-capire-il-mercato-del-lavoro\\\/\",\"name\":\"Scuola, nasce il portale veneto dell'orientamento www.orientati.org Donazzan: \\\"Strumento innovativo per capire il mercato del lavoro\\\" - Bellunopress - Dolomiti\",\"isPartOf\":{\"@id\":\"https:\\\/\\\/www.bellunopress.it\\\/#website\"},\"primaryImageOfPage\":{\"@id\":\"https:\\\/\\\/www.bellunopress.it\\\/2019\\\/10\\\/09\\\/scuola-nasce-il-portale-veneto-dellorientamento-www-orientati-org-donazzan-strumento-innovativo-per-capire-il-mercato-del-lavoro\\\/#primaryimage\"},\"image\":{\"@id\":\"https:\\\/\\\/www.bellunopress.it\\\/2019\\\/10\\\/09\\\/scuola-nasce-il-portale-veneto-dellorientamento-www-orientati-org-donazzan-strumento-innovativo-per-capire-il-mercato-del-lavoro\\\/#primaryimage\"},\"thumbnailUrl\":\"http:\\\/\\\/www.bellunopress.it\\\/wp-content\\\/uploads\\\/2018\\\/05\\\/Elena-Donazzan.jpg\",\"datePublished\":\"2019-10-09T18:36:27+00:00\",\"breadcrumb\":{\"@id\":\"https:\\\/\\\/www.bellunopress.it\\\/2019\\\/10\\\/09\\\/scuola-nasce-il-portale-veneto-dellorientamento-www-orientati-org-donazzan-strumento-innovativo-per-capire-il-mercato-del-lavoro\\\/#breadcrumb\"},\"inLanguage\":\"fr-FR\",\"potentialAction\":[{\"@type\":\"ReadAction\",\"target\":[\"https:\\\/\\\/www.bellunopress.it\\\/2019\\\/10\\\/09\\\/scuola-nasce-il-portale-veneto-dellorientamento-www-orientati-org-donazzan-strumento-innovativo-per-capire-il-mercato-del-lavoro\\\/\"]}]},{\"@type\":\"ImageObject\",\"inLanguage\":\"fr-FR\",\"@id\":\"https:\\\/\\\/www.bellunopress.it\\\/2019\\\/10\\\/09\\\/scuola-nasce-il-portale-veneto-dellorientamento-www-orientati-org-donazzan-strumento-innovativo-per-capire-il-mercato-del-lavoro\\\/#primaryimage\",\"url\":\"http:\\\/\\\/www.bellunopress.it\\\/wp-content\\\/uploads\\\/2018\\\/05\\\/Elena-Donazzan.jpg\",\"contentUrl\":\"http:\\\/\\\/www.bellunopress.it\\\/wp-content\\\/uploads\\\/2018\\\/05\\\/Elena-Donazzan.jpg\"},{\"@type\":\"BreadcrumbList\",\"@id\":\"https:\\\/\\\/www.bellunopress.it\\\/2019\\\/10\\\/09\\\/scuola-nasce-il-portale-veneto-dellorientamento-www-orientati-org-donazzan-strumento-innovativo-per-capire-il-mercato-del-lavoro\\\/#breadcrumb\",\"itemListElement\":[{\"@type\":\"ListItem\",\"position\":1,\"name\":\"Home\",\"item\":\"https:\\\/\\\/www.bellunopress.it\\\/\"},{\"@type\":\"ListItem\",\"position\":2,\"name\":\"Scuola, nasce il portale veneto dell&#8217;orientamento www.orientati.org Donazzan: &#8220;Strumento innovativo per capire il mercato del lavoro&#8221;\"}]},{\"@type\":\"WebSite\",\"@id\":\"https:\\\/\\\/www.bellunopress.it\\\/#website\",\"url\":\"https:\\\/\\\/www.bellunopress.it\\\/\",\"name\":\"Bellunopress - Dolomiti\",\"description\":\"e-mail: redazione@bellunopress.it\",\"publisher\":{\"@id\":\"https:\\\/\\\/www.bellunopress.it\\\/#organization\"},\"potentialAction\":[{\"@type\":\"SearchAction\",\"target\":{\"@type\":\"EntryPoint\",\"urlTemplate\":\"https:\\\/\\\/www.bellunopress.it\\\/?s={search_term_string}\"},\"query-input\":{\"@type\":\"PropertyValueSpecification\",\"valueRequired\":true,\"valueName\":\"search_term_string\"}}],\"inLanguage\":\"fr-FR\"},{\"@type\":\"Organization\",\"@id\":\"https:\\\/\\\/www.bellunopress.it\\\/#organization\",\"name\":\"Bellunopress\",\"url\":\"https:\\\/\\\/www.bellunopress.it\\\/\",\"logo\":{\"@type\":\"ImageObject\",\"inLanguage\":\"fr-FR\",\"@id\":\"https:\\\/\\\/www.bellunopress.it\\\/#\\\/schema\\\/logo\\\/image\\\/\",\"url\":\"https:\\\/\\\/www.bellunopress.it\\\/wp-content\\\/uploads\\\/2011\\\/05\\\/cropped-logo-bellunopress-.jpg\",\"contentUrl\":\"https:\\\/\\\/www.bellunopress.it\\\/wp-content\\\/uploads\\\/2011\\\/05\\\/cropped-logo-bellunopress-.jpg\",\"width\":512,\"height\":512,\"caption\":\"Bellunopress\"},\"image\":{\"@id\":\"https:\\\/\\\/www.bellunopress.it\\\/#\\\/schema\\\/logo\\\/image\\\/\"},\"sameAs\":[\"https:\\\/\\\/www.facebook.com\\\/profile.php?id=100008943462799\",\"https:\\\/\\\/x.com\\\/bellunopress\",\"https:\\\/\\\/www.linkedin.com\\\/hp\\\/?dnr=JBzUWaJfMUw8vbXJJ2tVW5-I3jZKvC4wsoxE&amp;amp;amp;amp;amp;amp;trk=nav_responsive_tab_home\",\"https:\\\/\\\/www.youtube.com\\\/channel\\\/UCxL0wu1uN0_3_7hGG0306cw\"]},{\"@type\":\"Person\",\"@id\":\"https:\\\/\\\/www.bellunopress.it\\\/#\\\/schema\\\/person\\\/79bb06722b37ece1c03d3e94beb30d73\",\"name\":\"redazione\",\"image\":{\"@type\":\"ImageObject\",\"inLanguage\":\"fr-FR\",\"@id\":\"https:\\\/\\\/secure.gravatar.com\\\/avatar\\\/37d968a2e67a6fd04c169c4bdef102d0bc5d31b2546345219e348575eb80e9a0?s=96&d=mm&r=g\",\"url\":\"https:\\\/\\\/secure.gravatar.com\\\/avatar\\\/37d968a2e67a6fd04c169c4bdef102d0bc5d31b2546345219e348575eb80e9a0?s=96&d=mm&r=g\",\"contentUrl\":\"https:\\\/\\\/secure.gravatar.com\\\/avatar\\\/37d968a2e67a6fd04c169c4bdef102d0bc5d31b2546345219e348575eb80e9a0?s=96&d=mm&r=g\",\"caption\":\"redazione\"},\"sameAs\":[\"http:\\\/\\\/www.bellunopress.it\",\"https:\\\/\\\/x.com\\\/bellunopress\"],\"url\":\"https:\\\/\\\/www.bellunopress.it\\\/fr\\\/author\\\/redazione\\\/\"}]}<\/script>\n<!-- \/ Yoast SEO plugin. -->","yoast_head_json":{"title":"Scuola, nasce il portale veneto dell'orientamento www.orientati.org Donazzan: \"Strumento innovativo per capire il mercato del lavoro\" - Bellunopress - Dolomiti","robots":{"index":"index","follow":"follow","max-snippet":"max-snippet:-1","max-image-preview":"max-image-preview:large","max-video-preview":"max-video-preview:-1"},"canonical":"https:\/\/www.bellunopress.it\/fr\/2019\/10\/09\/scuola-nasce-il-portale-veneto-dellorientamento-www-orientati-org-donazzan-strumento-innovativo-per-capire-il-mercato-del-lavoro\/","og_locale":"fr_FR","og_type":"article","og_title":"Scuola, nasce il portale veneto dell'orientamento www.orientati.org Donazzan: \"Strumento innovativo per capire il mercato del lavoro\" - Bellunopress - Dolomiti","og_description":"Venezia, 9 ottobre 2019\u00a0 &#8211;\u00a0\u00a0Che cosa far\u00f2 da grande? Quali sono le mie abilit\u00e0 e le mie inclinazioni? Quale indirizzo scegliere? Quali sono le professioni pi\u00f9 richieste? Quali le opportunit\u00e0 nel mio territorio? Dove posso trovare un servizio di consulenza che mi aiuti a scegliere la scuola o la professione del mio domani? Sono le [&hellip;]","og_url":"https:\/\/www.bellunopress.it\/fr\/2019\/10\/09\/scuola-nasce-il-portale-veneto-dellorientamento-www-orientati-org-donazzan-strumento-innovativo-per-capire-il-mercato-del-lavoro\/","og_site_name":"Bellunopress - Dolomiti","article_publisher":"https:\/\/www.facebook.com\/profile.php?id=100008943462799","article_published_time":"2019-10-09T18:36:27+00:00","og_image":[{"url":"http:\/\/www.bellunopress.it\/wp-content\/uploads\/2018\/05\/Elena-Donazzan.jpg","type":"","width":"","height":""}],"author":"redazione","twitter_card":"summary_large_image","twitter_creator":"@bellunopress","twitter_site":"@bellunopress","twitter_misc":{"\u00c9crit par":"redazione","Dur\u00e9e de lecture estim\u00e9e":"3 minutes"},"schema":{"@context":"https:\/\/schema.org","@graph":[{"@type":"Article","@id":"https:\/\/www.bellunopress.it\/2019\/10\/09\/scuola-nasce-il-portale-veneto-dellorientamento-www-orientati-org-donazzan-strumento-innovativo-per-capire-il-mercato-del-lavoro\/#article","isPartOf":{"@id":"https:\/\/www.bellunopress.it\/2019\/10\/09\/scuola-nasce-il-portale-veneto-dellorientamento-www-orientati-org-donazzan-strumento-innovativo-per-capire-il-mercato-del-lavoro\/"},"author":{"name":"redazione","@id":"https:\/\/www.bellunopress.it\/#\/schema\/person\/79bb06722b37ece1c03d3e94beb30d73"},"headline":"Scuola, nasce il portale veneto dell&#8217;orientamento www.orientati.org Donazzan: &#8220;Strumento innovativo per capire il mercato del lavoro&#8221;","datePublished":"2019-10-09T18:36:27+00:00","mainEntityOfPage":{"@id":"https:\/\/www.bellunopress.it\/2019\/10\/09\/scuola-nasce-il-portale-veneto-dellorientamento-www-orientati-org-donazzan-strumento-innovativo-per-capire-il-mercato-del-lavoro\/"},"wordCount":615,"publisher":{"@id":"https:\/\/www.bellunopress.it\/#organization"},"image":{"@id":"https:\/\/www.bellunopress.it\/2019\/10\/09\/scuola-nasce-il-portale-veneto-dellorientamento-www-orientati-org-donazzan-strumento-innovativo-per-capire-il-mercato-del-lavoro\/#primaryimage"},"thumbnailUrl":"http:\/\/www.bellunopress.it\/wp-content\/uploads\/2018\/05\/Elena-Donazzan.jpg","articleSection":["Cronaca\/Politica","Prima Pagina","Scuola"],"inLanguage":"fr-FR"},{"@type":"WebPage","@id":"https:\/\/www.bellunopress.it\/2019\/10\/09\/scuola-nasce-il-portale-veneto-dellorientamento-www-orientati-org-donazzan-strumento-innovativo-per-capire-il-mercato-del-lavoro\/","url":"https:\/\/www.bellunopress.it\/2019\/10\/09\/scuola-nasce-il-portale-veneto-dellorientamento-www-orientati-org-donazzan-strumento-innovativo-per-capire-il-mercato-del-lavoro\/","name":"Scuola, nasce il portale veneto dell'orientamento www.orientati.org Donazzan: \"Strumento innovativo per capire il mercato del lavoro\" - Bellunopress - Dolomiti","isPartOf":{"@id":"https:\/\/www.bellunopress.it\/#website"},"primaryImageOfPage":{"@id":"https:\/\/www.bellunopress.it\/2019\/10\/09\/scuola-nasce-il-portale-veneto-dellorientamento-www-orientati-org-donazzan-strumento-innovativo-per-capire-il-mercato-del-lavoro\/#primaryimage"},"image":{"@id":"https:\/\/www.bellunopress.it\/2019\/10\/09\/scuola-nasce-il-portale-veneto-dellorientamento-www-orientati-org-donazzan-strumento-innovativo-per-capire-il-mercato-del-lavoro\/#primaryimage"},"thumbnailUrl":"http:\/\/www.bellunopress.it\/wp-content\/uploads\/2018\/05\/Elena-Donazzan.jpg","datePublished":"2019-10-09T18:36:27+00:00","breadcrumb":{"@id":"https:\/\/www.bellunopress.it\/2019\/10\/09\/scuola-nasce-il-portale-veneto-dellorientamento-www-orientati-org-donazzan-strumento-innovativo-per-capire-il-mercato-del-lavoro\/#breadcrumb"},"inLanguage":"fr-FR","potentialAction":[{"@type":"ReadAction","target":["https:\/\/www.bellunopress.it\/2019\/10\/09\/scuola-nasce-il-portale-veneto-dellorientamento-www-orientati-org-donazzan-strumento-innovativo-per-capire-il-mercato-del-lavoro\/"]}]},{"@type":"ImageObject","inLanguage":"fr-FR","@id":"https:\/\/www.bellunopress.it\/2019\/10\/09\/scuola-nasce-il-portale-veneto-dellorientamento-www-orientati-org-donazzan-strumento-innovativo-per-capire-il-mercato-del-lavoro\/#primaryimage","url":"http:\/\/www.bellunopress.it\/wp-content\/uploads\/2018\/05\/Elena-Donazzan.jpg","contentUrl":"http:\/\/www.bellunopress.it\/wp-content\/uploads\/2018\/05\/Elena-Donazzan.jpg"},{"@type":"BreadcrumbList","@id":"https:\/\/www.bellunopress.it\/2019\/10\/09\/scuola-nasce-il-portale-veneto-dellorientamento-www-orientati-org-donazzan-strumento-innovativo-per-capire-il-mercato-del-lavoro\/#breadcrumb","itemListElement":[{"@type":"ListItem","position":1,"name":"Home","item":"https:\/\/www.bellunopress.it\/"},{"@type":"ListItem","position":2,"name":"Scuola, nasce il portale veneto dell&#8217;orientamento www.orientati.org Donazzan: &#8220;Strumento innovativo per capire il mercato del lavoro&#8221;"}]},{"@type":"WebSite","@id":"https:\/\/www.bellunopress.it\/#website","url":"https:\/\/www.bellunopress.it\/","name":"Bellunopress - Dolomiti","description":"e-mail: redazione@bellunopress.it","publisher":{"@id":"https:\/\/www.bellunopress.it\/#organization"},"potentialAction":[{"@type":"SearchAction","target":{"@type":"EntryPoint","urlTemplate":"https:\/\/www.bellunopress.it\/?s={search_term_string}"},"query-input":{"@type":"PropertyValueSpecification","valueRequired":true,"valueName":"search_term_string"}}],"inLanguage":"fr-FR"},{"@type":"Organization","@id":"https:\/\/www.bellunopress.it\/#organization","name":"Bellunopress","url":"https:\/\/www.bellunopress.it\/","logo":{"@type":"ImageObject","inLanguage":"fr-FR","@id":"https:\/\/www.bellunopress.it\/#\/schema\/logo\/image\/","url":"https:\/\/www.bellunopress.it\/wp-content\/uploads\/2011\/05\/cropped-logo-bellunopress-.jpg","contentUrl":"https:\/\/www.bellunopress.it\/wp-content\/uploads\/2011\/05\/cropped-logo-bellunopress-.jpg","width":512,"height":512,"caption":"Bellunopress"},"image":{"@id":"https:\/\/www.bellunopress.it\/#\/schema\/logo\/image\/"},"sameAs":["https:\/\/www.facebook.com\/profile.php?id=100008943462799","https:\/\/x.com\/bellunopress","https:\/\/www.linkedin.com\/hp\/?dnr=JBzUWaJfMUw8vbXJJ2tVW5-I3jZKvC4wsoxE&amp;amp;amp;amp;amp;amp;trk=nav_responsive_tab_home","https:\/\/www.youtube.com\/channel\/UCxL0wu1uN0_3_7hGG0306cw"]},{"@type":"Person","@id":"https:\/\/www.bellunopress.it\/#\/schema\/person\/79bb06722b37ece1c03d3e94beb30d73","name":"r\u00e9daction","image":{"@type":"ImageObject","inLanguage":"fr-FR","@id":"https:\/\/secure.gravatar.com\/avatar\/37d968a2e67a6fd04c169c4bdef102d0bc5d31b2546345219e348575eb80e9a0?s=96&d=mm&r=g","url":"https:\/\/secure.gravatar.com\/avatar\/37d968a2e67a6fd04c169c4bdef102d0bc5d31b2546345219e348575eb80e9a0?s=96&d=mm&r=g","contentUrl":"https:\/\/secure.gravatar.com\/avatar\/37d968a2e67a6fd04c169c4bdef102d0bc5d31b2546345219e348575eb80e9a0?s=96&d=mm&r=g","caption":"redazione"},"sameAs":["http:\/\/www.bellunopress.it","https:\/\/x.com\/bellunopress"],"url":"https:\/\/www.bellunopress.it\/fr\/author\/redazione\/"}]}},"_links":{"self":[{"href":"https:\/\/www.bellunopress.it\/fr\/wp-json\/wp\/v2\/posts\/108620","targetHints":{"allow":["GET"]}}],"collection":[{"href":"https:\/\/www.bellunopress.it\/fr\/wp-json\/wp\/v2\/posts"}],"about":[{"href":"https:\/\/www.bellunopress.it\/fr\/wp-json\/wp\/v2\/types\/post"}],"author":[{"embeddable":true,"href":"https:\/\/www.bellunopress.it\/fr\/wp-json\/wp\/v2\/users\/2"}],"replies":[{"embeddable":true,"href":"https:\/\/www.bellunopress.it\/fr\/wp-json\/wp\/v2\/comments?post=108620"}],"version-history":[{"count":1,"href":"https:\/\/www.bellunopress.it\/fr\/wp-json\/wp\/v2\/posts\/108620\/revisions"}],"predecessor-version":[{"id":108621,"href":"https:\/\/www.bellunopress.it\/fr\/wp-json\/wp\/v2\/posts\/108620\/revisions\/108621"}],"wp:attachment":[{"href":"https:\/\/www.bellunopress.it\/fr\/wp-json\/wp\/v2\/media?parent=108620"}],"wp:term":[{"taxonomy":"category","embeddable":true,"href":"https:\/\/www.bellunopress.it\/fr\/wp-json\/wp\/v2\/categories?post=108620"},{"taxonomy":"post_tag","embeddable":true,"href":"https:\/\/www.bellunopress.it\/fr\/wp-json\/wp\/v2\/tags?post=108620"}],"curies":[{"name":"wp","href":"https:\/\/api.w.org\/{rel}","templated":true}]}}