{"id":108608,"date":"2019-10-10T11:20:20","date_gmt":"2019-10-10T09:20:20","guid":{"rendered":"http:\/\/www.bellunopress.it\/?p=108608"},"modified":"2019-10-11T21:13:05","modified_gmt":"2019-10-11T19:13:05","slug":"crac-banche-la-tutela-del-risparmio-come-patrimonio-sociale-sul-tema-il-professor-cesare-mirabelli-presidente-emerito-corte-costituzionale","status":"publish","type":"post","link":"https:\/\/www.bellunopress.it\/fr\/2019\/10\/10\/crac-banche-la-tutela-del-risparmio-come-patrimonio-sociale-sul-tema-il-professor-cesare-mirabelli-presidente-emerito-corte-costituzionale\/","title":{"rendered":"Crac Banche. La tutela del risparmio come patrimonio sociale. Sul tema il professor Cesare Mirabelli, presidente emerito Corte costituzionale"},"content":{"rendered":"<p>Domani, venerd\u00ec 11 ottobre, con inizio alle ore 16.15 a Vicenza Palazzo delle opere cattoliche in Piazza Duomo, sala Giuseppe Lazzati avr\u00e0 luogo un importante meeting che, oltre alla presenza del Prof. Mirabelli, vedr\u00e0 la partecipazione del Sindaco avv. Francesco Rucco, dell\u2019on. le avv. Pierantonio Zanettin \u201cUnione Europea, BCE e tutela del risparmio\u201d, degli avvocati Fulvio Cavallari di Adusbef \u201cViolazioni massive e misseling\u201d e Franco Conte \u201c100.000 veneti in attesa di buona politica\u201d.<\/p>\n<p><a href=\"http:\/\/www.bellunopress.it\/fr\/2018\/08\/18\/crack-banche-venete-le-associazioni-riunite-a-padova-chiedono-al-governo-limmediata-pubblicazione-del-decreto-lunedi-a-vicenza-la-riunione-a-palazzo-trissino\/banche-venete-popolare-vicenza\/\" rel=\"attachment wp-att-97237\"><img loading=\"lazy\" decoding=\"async\" class=\"alignleft size-full wp-image-97237\" src=\"http:\/\/www.bellunopress.it\/wp-content\/uploads\/2018\/08\/banche-venete-popolare-vicenza.jpg\" alt=\"\" width=\"300\" height=\"178\" \/><\/a>Le conclusioni saranno tratte dal senatore Edoardo Patriarca presidente ANLA. Assieme a Codacons e Adusbef, l\u2019Associazione Nazionale Lavoratori Aziendali (ANLA) di cui quest\u2019anno ricorre il 70esimo anniversario dalla sua fondazione \u00e8 uno dei soggetti promotori dell\u2019iniziativa. L\u2019attuale Presidente, Senatore Edoardo Patriarca, avverte l\u2019urgenza di \u201cuna autentica educazione finanziaria per giovani e anziani soprattutto, sulla quale impegnare ANLA nei prossimi anni. Occorre che con semplicit\u00e0, ma con gioia e voglia di testimoniare insieme, giovani e anziani, possano migliorare la qualit\u00e0 di vita dei nostri contesti sociali e familiari, senza gesta eclatanti ma nell\u2019umilt\u00e0 della quotidianit\u00e0.\u201d<br \/>\nGli altri relatori, da diverse angolazioni, affronteranno i drammi tuttora aperti a seguito del tragico esito delle due popolari venete, l&#8217;odissea delle vittime, le prospettive di tutela del risparmio.<\/p>\n<p>Le vittime sono soprattutto persone anziane che, dopo una vita sobria, avevano predisposto una propria \u201cmusina\u201d alla quale attingere in vecchiaia. Un impasto di rabbia sociale e di polemiche strumentali ha offuscato il risparmio come valore fondativo della fiducia.<br \/>\nLa politica con due leggi: la 205\/17 e la 145\/18 ha cercato soluzioni innovative e proprio ed anche per questo ha incontrato difficolt\u00e0 in sede di attuazione. La domanda di giustizia delle vittime resta ancora senza un\u2019adeguata risposta. E\u2019 opportuno approfondire l\u2019art. 47 della Carta Costituzionale laddove sancisce \u201cLa Repubblica incoraggia e tutela il risparmio&#8230;\u201d, contemporaneamente, occorre spronare i governanti di oggi e quelli di ieri affinch\u00e9 i ritardi accumulati nel risarcire i truffati non si prolunghino oltre, o peggio tutto scivoli nell\u2019oblio .<\/p>\n<p>Enzo De Biasi<\/p>","protected":false},"excerpt":{"rendered":"<p>Domani, venerd\u00ec 11 ottobre, con inizio alle ore 16.15 a Vicenza Palazzo delle opere cattoliche in Piazza Duomo, sala Giuseppe Lazzati avr\u00e0 luogo un importante meeting che, oltre alla presenza del Prof. Mirabelli, vedr\u00e0 la partecipazione del Sindaco avv. Francesco Rucco, dell\u2019on. le avv. Pierantonio Zanettin \u201cUnione Europea, BCE e tutela del risparmio\u201d, degli avvocati [&hellip;]<\/p>\n","protected":false},"author":2,"featured_media":0,"comment_status":"closed","ping_status":"open","sticky":false,"template":"","format":"standard","meta":{"footnotes":""},"categories":[27,36],"tags":[],"class_list":["post-108608","post","type-post","status-publish","format-standard","category-appuntamenti","category-lavoro-economia"],"yoast_head":"<!-- This site is optimized with the Yoast SEO plugin v28.4 - https:\/\/yoast.com\/product\/yoast-seo-wordpress\/ -->\n<title>Crac Banche. La tutela del risparmio come patrimonio sociale. Sul tema il professor Cesare Mirabelli, presidente emerito Corte costituzionale - Bellunopress - Dolomiti<\/title>\n<meta name=\"robots\" content=\"index, follow, max-snippet:-1, max-image-preview:large, max-video-preview:-1\" \/>\n<link rel=\"canonical\" href=\"https:\/\/www.bellunopress.it\/fr\/2019\/10\/10\/crac-banche-la-tutela-del-risparmio-come-patrimonio-sociale-sul-tema-il-professor-cesare-mirabelli-presidente-emerito-corte-costituzionale\/\" \/>\n<meta property=\"og:locale\" content=\"fr_FR\" \/>\n<meta property=\"og:type\" content=\"article\" \/>\n<meta property=\"og:title\" content=\"Crac Banche. La tutela del risparmio come patrimonio sociale. Sul tema il professor Cesare Mirabelli, presidente emerito Corte costituzionale - Bellunopress - Dolomiti\" \/>\n<meta property=\"og:description\" content=\"Domani, venerd\u00ec 11 ottobre, con inizio alle ore 16.15 a Vicenza Palazzo delle opere cattoliche in Piazza Duomo, sala Giuseppe Lazzati avr\u00e0 luogo un importante meeting che, oltre alla presenza del Prof. Mirabelli, vedr\u00e0 la partecipazione del Sindaco avv. Francesco Rucco, dell\u2019on. le avv. Pierantonio Zanettin \u201cUnione Europea, BCE e tutela del risparmio\u201d, degli avvocati [&hellip;]\" \/>\n<meta property=\"og:url\" content=\"https:\/\/www.bellunopress.it\/fr\/2019\/10\/10\/crac-banche-la-tutela-del-risparmio-come-patrimonio-sociale-sul-tema-il-professor-cesare-mirabelli-presidente-emerito-corte-costituzionale\/\" \/>\n<meta property=\"og:site_name\" content=\"Bellunopress - Dolomiti\" \/>\n<meta property=\"article:publisher\" content=\"https:\/\/www.facebook.com\/profile.php?id=100008943462799\" \/>\n<meta property=\"article:published_time\" content=\"2019-10-10T09:20:20+00:00\" \/>\n<meta property=\"article:modified_time\" content=\"2019-10-11T19:13:05+00:00\" \/>\n<meta property=\"og:image\" content=\"http:\/\/www.bellunopress.it\/wp-content\/uploads\/2018\/08\/banche-venete-popolare-vicenza.jpg\" \/>\n<meta name=\"author\" content=\"redazione\" \/>\n<meta name=\"twitter:card\" content=\"summary_large_image\" \/>\n<meta name=\"twitter:creator\" content=\"@bellunopress\" \/>\n<meta name=\"twitter:site\" content=\"@bellunopress\" \/>\n<meta name=\"twitter:label1\" content=\"\u00c9crit par\" \/>\n\t<meta name=\"twitter:data1\" content=\"redazione\" \/>\n\t<meta name=\"twitter:label2\" content=\"Dur\u00e9e de lecture estim\u00e9e\" \/>\n\t<meta name=\"twitter:data2\" content=\"2 minutes\" \/>\n<script type=\"application\/ld+json\" class=\"yoast-schema-graph\">{\"@context\":\"https:\\\/\\\/schema.org\",\"@graph\":[{\"@type\":\"Article\",\"@id\":\"https:\\\/\\\/www.bellunopress.it\\\/2019\\\/10\\\/10\\\/crac-banche-la-tutela-del-risparmio-come-patrimonio-sociale-sul-tema-il-professor-cesare-mirabelli-presidente-emerito-corte-costituzionale\\\/#article\",\"isPartOf\":{\"@id\":\"https:\\\/\\\/www.bellunopress.it\\\/2019\\\/10\\\/10\\\/crac-banche-la-tutela-del-risparmio-come-patrimonio-sociale-sul-tema-il-professor-cesare-mirabelli-presidente-emerito-corte-costituzionale\\\/\"},\"author\":{\"name\":\"redazione\",\"@id\":\"https:\\\/\\\/www.bellunopress.it\\\/#\\\/schema\\\/person\\\/79bb06722b37ece1c03d3e94beb30d73\"},\"headline\":\"Crac Banche. La tutela del risparmio come patrimonio sociale. Sul tema il professor Cesare Mirabelli, presidente emerito Corte costituzionale\",\"datePublished\":\"2019-10-10T09:20:20+00:00\",\"dateModified\":\"2019-10-11T19:13:05+00:00\",\"mainEntityOfPage\":{\"@id\":\"https:\\\/\\\/www.bellunopress.it\\\/2019\\\/10\\\/10\\\/crac-banche-la-tutela-del-risparmio-come-patrimonio-sociale-sul-tema-il-professor-cesare-mirabelli-presidente-emerito-corte-costituzionale\\\/\"},\"wordCount\":344,\"publisher\":{\"@id\":\"https:\\\/\\\/www.bellunopress.it\\\/#organization\"},\"image\":{\"@id\":\"https:\\\/\\\/www.bellunopress.it\\\/2019\\\/10\\\/10\\\/crac-banche-la-tutela-del-risparmio-come-patrimonio-sociale-sul-tema-il-professor-cesare-mirabelli-presidente-emerito-corte-costituzionale\\\/#primaryimage\"},\"thumbnailUrl\":\"http:\\\/\\\/www.bellunopress.it\\\/wp-content\\\/uploads\\\/2018\\\/08\\\/banche-venete-popolare-vicenza.jpg\",\"articleSection\":[\"Appuntamenti, Eventi\",\"Lavoro, Economia, Turismo\"],\"inLanguage\":\"fr-FR\"},{\"@type\":\"WebPage\",\"@id\":\"https:\\\/\\\/www.bellunopress.it\\\/2019\\\/10\\\/10\\\/crac-banche-la-tutela-del-risparmio-come-patrimonio-sociale-sul-tema-il-professor-cesare-mirabelli-presidente-emerito-corte-costituzionale\\\/\",\"url\":\"https:\\\/\\\/www.bellunopress.it\\\/2019\\\/10\\\/10\\\/crac-banche-la-tutela-del-risparmio-come-patrimonio-sociale-sul-tema-il-professor-cesare-mirabelli-presidente-emerito-corte-costituzionale\\\/\",\"name\":\"Crac Banche. La tutela del risparmio come patrimonio sociale. Sul tema il professor Cesare Mirabelli, presidente emerito Corte costituzionale - Bellunopress - Dolomiti\",\"isPartOf\":{\"@id\":\"https:\\\/\\\/www.bellunopress.it\\\/#website\"},\"primaryImageOfPage\":{\"@id\":\"https:\\\/\\\/www.bellunopress.it\\\/2019\\\/10\\\/10\\\/crac-banche-la-tutela-del-risparmio-come-patrimonio-sociale-sul-tema-il-professor-cesare-mirabelli-presidente-emerito-corte-costituzionale\\\/#primaryimage\"},\"image\":{\"@id\":\"https:\\\/\\\/www.bellunopress.it\\\/2019\\\/10\\\/10\\\/crac-banche-la-tutela-del-risparmio-come-patrimonio-sociale-sul-tema-il-professor-cesare-mirabelli-presidente-emerito-corte-costituzionale\\\/#primaryimage\"},\"thumbnailUrl\":\"http:\\\/\\\/www.bellunopress.it\\\/wp-content\\\/uploads\\\/2018\\\/08\\\/banche-venete-popolare-vicenza.jpg\",\"datePublished\":\"2019-10-10T09:20:20+00:00\",\"dateModified\":\"2019-10-11T19:13:05+00:00\",\"breadcrumb\":{\"@id\":\"https:\\\/\\\/www.bellunopress.it\\\/2019\\\/10\\\/10\\\/crac-banche-la-tutela-del-risparmio-come-patrimonio-sociale-sul-tema-il-professor-cesare-mirabelli-presidente-emerito-corte-costituzionale\\\/#breadcrumb\"},\"inLanguage\":\"fr-FR\",\"potentialAction\":[{\"@type\":\"ReadAction\",\"target\":[\"https:\\\/\\\/www.bellunopress.it\\\/2019\\\/10\\\/10\\\/crac-banche-la-tutela-del-risparmio-come-patrimonio-sociale-sul-tema-il-professor-cesare-mirabelli-presidente-emerito-corte-costituzionale\\\/\"]}]},{\"@type\":\"ImageObject\",\"inLanguage\":\"fr-FR\",\"@id\":\"https:\\\/\\\/www.bellunopress.it\\\/2019\\\/10\\\/10\\\/crac-banche-la-tutela-del-risparmio-come-patrimonio-sociale-sul-tema-il-professor-cesare-mirabelli-presidente-emerito-corte-costituzionale\\\/#primaryimage\",\"url\":\"http:\\\/\\\/www.bellunopress.it\\\/wp-content\\\/uploads\\\/2018\\\/08\\\/banche-venete-popolare-vicenza.jpg\",\"contentUrl\":\"http:\\\/\\\/www.bellunopress.it\\\/wp-content\\\/uploads\\\/2018\\\/08\\\/banche-venete-popolare-vicenza.jpg\"},{\"@type\":\"BreadcrumbList\",\"@id\":\"https:\\\/\\\/www.bellunopress.it\\\/2019\\\/10\\\/10\\\/crac-banche-la-tutela-del-risparmio-come-patrimonio-sociale-sul-tema-il-professor-cesare-mirabelli-presidente-emerito-corte-costituzionale\\\/#breadcrumb\",\"itemListElement\":[{\"@type\":\"ListItem\",\"position\":1,\"name\":\"Home\",\"item\":\"https:\\\/\\\/www.bellunopress.it\\\/\"},{\"@type\":\"ListItem\",\"position\":2,\"name\":\"Crac Banche. La tutela del risparmio come patrimonio sociale. Sul tema il professor Cesare Mirabelli, presidente emerito Corte costituzionale\"}]},{\"@type\":\"WebSite\",\"@id\":\"https:\\\/\\\/www.bellunopress.it\\\/#website\",\"url\":\"https:\\\/\\\/www.bellunopress.it\\\/\",\"name\":\"Bellunopress - Dolomiti\",\"description\":\"e-mail: redazione@bellunopress.it\",\"publisher\":{\"@id\":\"https:\\\/\\\/www.bellunopress.it\\\/#organization\"},\"potentialAction\":[{\"@type\":\"SearchAction\",\"target\":{\"@type\":\"EntryPoint\",\"urlTemplate\":\"https:\\\/\\\/www.bellunopress.it\\\/?s={search_term_string}\"},\"query-input\":{\"@type\":\"PropertyValueSpecification\",\"valueRequired\":true,\"valueName\":\"search_term_string\"}}],\"inLanguage\":\"fr-FR\"},{\"@type\":\"Organization\",\"@id\":\"https:\\\/\\\/www.bellunopress.it\\\/#organization\",\"name\":\"Bellunopress\",\"url\":\"https:\\\/\\\/www.bellunopress.it\\\/\",\"logo\":{\"@type\":\"ImageObject\",\"inLanguage\":\"fr-FR\",\"@id\":\"https:\\\/\\\/www.bellunopress.it\\\/#\\\/schema\\\/logo\\\/image\\\/\",\"url\":\"https:\\\/\\\/www.bellunopress.it\\\/wp-content\\\/uploads\\\/2011\\\/05\\\/cropped-logo-bellunopress-.jpg\",\"contentUrl\":\"https:\\\/\\\/www.bellunopress.it\\\/wp-content\\\/uploads\\\/2011\\\/05\\\/cropped-logo-bellunopress-.jpg\",\"width\":512,\"height\":512,\"caption\":\"Bellunopress\"},\"image\":{\"@id\":\"https:\\\/\\\/www.bellunopress.it\\\/#\\\/schema\\\/logo\\\/image\\\/\"},\"sameAs\":[\"https:\\\/\\\/www.facebook.com\\\/profile.php?id=100008943462799\",\"https:\\\/\\\/x.com\\\/bellunopress\",\"https:\\\/\\\/www.linkedin.com\\\/hp\\\/?dnr=JBzUWaJfMUw8vbXJJ2tVW5-I3jZKvC4wsoxE&amp;amp;amp;amp;amp;amp;trk=nav_responsive_tab_home\",\"https:\\\/\\\/www.youtube.com\\\/channel\\\/UCxL0wu1uN0_3_7hGG0306cw\"]},{\"@type\":\"Person\",\"@id\":\"https:\\\/\\\/www.bellunopress.it\\\/#\\\/schema\\\/person\\\/79bb06722b37ece1c03d3e94beb30d73\",\"name\":\"redazione\",\"image\":{\"@type\":\"ImageObject\",\"inLanguage\":\"fr-FR\",\"@id\":\"https:\\\/\\\/secure.gravatar.com\\\/avatar\\\/37d968a2e67a6fd04c169c4bdef102d0bc5d31b2546345219e348575eb80e9a0?s=96&d=mm&r=g\",\"url\":\"https:\\\/\\\/secure.gravatar.com\\\/avatar\\\/37d968a2e67a6fd04c169c4bdef102d0bc5d31b2546345219e348575eb80e9a0?s=96&d=mm&r=g\",\"contentUrl\":\"https:\\\/\\\/secure.gravatar.com\\\/avatar\\\/37d968a2e67a6fd04c169c4bdef102d0bc5d31b2546345219e348575eb80e9a0?s=96&d=mm&r=g\",\"caption\":\"redazione\"},\"sameAs\":[\"http:\\\/\\\/www.bellunopress.it\",\"https:\\\/\\\/x.com\\\/bellunopress\"],\"url\":\"https:\\\/\\\/www.bellunopress.it\\\/fr\\\/author\\\/redazione\\\/\"}]}<\/script>\n<!-- \/ Yoast SEO plugin. -->","yoast_head_json":{"title":"Crac Banche. La tutela del risparmio come patrimonio sociale. Sul tema il professor Cesare Mirabelli, presidente emerito Corte costituzionale - Bellunopress - Dolomiti","robots":{"index":"index","follow":"follow","max-snippet":"max-snippet:-1","max-image-preview":"max-image-preview:large","max-video-preview":"max-video-preview:-1"},"canonical":"https:\/\/www.bellunopress.it\/fr\/2019\/10\/10\/crac-banche-la-tutela-del-risparmio-come-patrimonio-sociale-sul-tema-il-professor-cesare-mirabelli-presidente-emerito-corte-costituzionale\/","og_locale":"fr_FR","og_type":"article","og_title":"Crac Banche. La tutela del risparmio come patrimonio sociale. Sul tema il professor Cesare Mirabelli, presidente emerito Corte costituzionale - Bellunopress - Dolomiti","og_description":"Domani, venerd\u00ec 11 ottobre, con inizio alle ore 16.15 a Vicenza Palazzo delle opere cattoliche in Piazza Duomo, sala Giuseppe Lazzati avr\u00e0 luogo un importante meeting che, oltre alla presenza del Prof. Mirabelli, vedr\u00e0 la partecipazione del Sindaco avv. Francesco Rucco, dell\u2019on. le avv. Pierantonio Zanettin \u201cUnione Europea, BCE e tutela del risparmio\u201d, degli avvocati [&hellip;]","og_url":"https:\/\/www.bellunopress.it\/fr\/2019\/10\/10\/crac-banche-la-tutela-del-risparmio-come-patrimonio-sociale-sul-tema-il-professor-cesare-mirabelli-presidente-emerito-corte-costituzionale\/","og_site_name":"Bellunopress - Dolomiti","article_publisher":"https:\/\/www.facebook.com\/profile.php?id=100008943462799","article_published_time":"2019-10-10T09:20:20+00:00","article_modified_time":"2019-10-11T19:13:05+00:00","og_image":[{"url":"http:\/\/www.bellunopress.it\/wp-content\/uploads\/2018\/08\/banche-venete-popolare-vicenza.jpg","type":"","width":"","height":""}],"author":"redazione","twitter_card":"summary_large_image","twitter_creator":"@bellunopress","twitter_site":"@bellunopress","twitter_misc":{"\u00c9crit par":"redazione","Dur\u00e9e de lecture estim\u00e9e":"2 minutes"},"schema":{"@context":"https:\/\/schema.org","@graph":[{"@type":"Article","@id":"https:\/\/www.bellunopress.it\/2019\/10\/10\/crac-banche-la-tutela-del-risparmio-come-patrimonio-sociale-sul-tema-il-professor-cesare-mirabelli-presidente-emerito-corte-costituzionale\/#article","isPartOf":{"@id":"https:\/\/www.bellunopress.it\/2019\/10\/10\/crac-banche-la-tutela-del-risparmio-come-patrimonio-sociale-sul-tema-il-professor-cesare-mirabelli-presidente-emerito-corte-costituzionale\/"},"author":{"name":"redazione","@id":"https:\/\/www.bellunopress.it\/#\/schema\/person\/79bb06722b37ece1c03d3e94beb30d73"},"headline":"Crac Banche. La tutela del risparmio come patrimonio sociale. Sul tema il professor Cesare Mirabelli, presidente emerito Corte costituzionale","datePublished":"2019-10-10T09:20:20+00:00","dateModified":"2019-10-11T19:13:05+00:00","mainEntityOfPage":{"@id":"https:\/\/www.bellunopress.it\/2019\/10\/10\/crac-banche-la-tutela-del-risparmio-come-patrimonio-sociale-sul-tema-il-professor-cesare-mirabelli-presidente-emerito-corte-costituzionale\/"},"wordCount":344,"publisher":{"@id":"https:\/\/www.bellunopress.it\/#organization"},"image":{"@id":"https:\/\/www.bellunopress.it\/2019\/10\/10\/crac-banche-la-tutela-del-risparmio-come-patrimonio-sociale-sul-tema-il-professor-cesare-mirabelli-presidente-emerito-corte-costituzionale\/#primaryimage"},"thumbnailUrl":"http:\/\/www.bellunopress.it\/wp-content\/uploads\/2018\/08\/banche-venete-popolare-vicenza.jpg","articleSection":["Appuntamenti, Eventi","Lavoro, Economia, Turismo"],"inLanguage":"fr-FR"},{"@type":"WebPage","@id":"https:\/\/www.bellunopress.it\/2019\/10\/10\/crac-banche-la-tutela-del-risparmio-come-patrimonio-sociale-sul-tema-il-professor-cesare-mirabelli-presidente-emerito-corte-costituzionale\/","url":"https:\/\/www.bellunopress.it\/2019\/10\/10\/crac-banche-la-tutela-del-risparmio-come-patrimonio-sociale-sul-tema-il-professor-cesare-mirabelli-presidente-emerito-corte-costituzionale\/","name":"Crac Banche. La tutela del risparmio come patrimonio sociale. Sul tema il professor Cesare Mirabelli, presidente emerito Corte costituzionale - Bellunopress - Dolomiti","isPartOf":{"@id":"https:\/\/www.bellunopress.it\/#website"},"primaryImageOfPage":{"@id":"https:\/\/www.bellunopress.it\/2019\/10\/10\/crac-banche-la-tutela-del-risparmio-come-patrimonio-sociale-sul-tema-il-professor-cesare-mirabelli-presidente-emerito-corte-costituzionale\/#primaryimage"},"image":{"@id":"https:\/\/www.bellunopress.it\/2019\/10\/10\/crac-banche-la-tutela-del-risparmio-come-patrimonio-sociale-sul-tema-il-professor-cesare-mirabelli-presidente-emerito-corte-costituzionale\/#primaryimage"},"thumbnailUrl":"http:\/\/www.bellunopress.it\/wp-content\/uploads\/2018\/08\/banche-venete-popolare-vicenza.jpg","datePublished":"2019-10-10T09:20:20+00:00","dateModified":"2019-10-11T19:13:05+00:00","breadcrumb":{"@id":"https:\/\/www.bellunopress.it\/2019\/10\/10\/crac-banche-la-tutela-del-risparmio-come-patrimonio-sociale-sul-tema-il-professor-cesare-mirabelli-presidente-emerito-corte-costituzionale\/#breadcrumb"},"inLanguage":"fr-FR","potentialAction":[{"@type":"ReadAction","target":["https:\/\/www.bellunopress.it\/2019\/10\/10\/crac-banche-la-tutela-del-risparmio-come-patrimonio-sociale-sul-tema-il-professor-cesare-mirabelli-presidente-emerito-corte-costituzionale\/"]}]},{"@type":"ImageObject","inLanguage":"fr-FR","@id":"https:\/\/www.bellunopress.it\/2019\/10\/10\/crac-banche-la-tutela-del-risparmio-come-patrimonio-sociale-sul-tema-il-professor-cesare-mirabelli-presidente-emerito-corte-costituzionale\/#primaryimage","url":"http:\/\/www.bellunopress.it\/wp-content\/uploads\/2018\/08\/banche-venete-popolare-vicenza.jpg","contentUrl":"http:\/\/www.bellunopress.it\/wp-content\/uploads\/2018\/08\/banche-venete-popolare-vicenza.jpg"},{"@type":"BreadcrumbList","@id":"https:\/\/www.bellunopress.it\/2019\/10\/10\/crac-banche-la-tutela-del-risparmio-come-patrimonio-sociale-sul-tema-il-professor-cesare-mirabelli-presidente-emerito-corte-costituzionale\/#breadcrumb","itemListElement":[{"@type":"ListItem","position":1,"name":"Home","item":"https:\/\/www.bellunopress.it\/"},{"@type":"ListItem","position":2,"name":"Crac Banche. La tutela del risparmio come patrimonio sociale. Sul tema il professor Cesare Mirabelli, presidente emerito Corte costituzionale"}]},{"@type":"WebSite","@id":"https:\/\/www.bellunopress.it\/#website","url":"https:\/\/www.bellunopress.it\/","name":"Bellunopress - Dolomiti","description":"e-mail: redazione@bellunopress.it","publisher":{"@id":"https:\/\/www.bellunopress.it\/#organization"},"potentialAction":[{"@type":"SearchAction","target":{"@type":"EntryPoint","urlTemplate":"https:\/\/www.bellunopress.it\/?s={search_term_string}"},"query-input":{"@type":"PropertyValueSpecification","valueRequired":true,"valueName":"search_term_string"}}],"inLanguage":"fr-FR"},{"@type":"Organization","@id":"https:\/\/www.bellunopress.it\/#organization","name":"Bellunopress","url":"https:\/\/www.bellunopress.it\/","logo":{"@type":"ImageObject","inLanguage":"fr-FR","@id":"https:\/\/www.bellunopress.it\/#\/schema\/logo\/image\/","url":"https:\/\/www.bellunopress.it\/wp-content\/uploads\/2011\/05\/cropped-logo-bellunopress-.jpg","contentUrl":"https:\/\/www.bellunopress.it\/wp-content\/uploads\/2011\/05\/cropped-logo-bellunopress-.jpg","width":512,"height":512,"caption":"Bellunopress"},"image":{"@id":"https:\/\/www.bellunopress.it\/#\/schema\/logo\/image\/"},"sameAs":["https:\/\/www.facebook.com\/profile.php?id=100008943462799","https:\/\/x.com\/bellunopress","https:\/\/www.linkedin.com\/hp\/?dnr=JBzUWaJfMUw8vbXJJ2tVW5-I3jZKvC4wsoxE&amp;amp;amp;amp;amp;amp;trk=nav_responsive_tab_home","https:\/\/www.youtube.com\/channel\/UCxL0wu1uN0_3_7hGG0306cw"]},{"@type":"Person","@id":"https:\/\/www.bellunopress.it\/#\/schema\/person\/79bb06722b37ece1c03d3e94beb30d73","name":"r\u00e9daction","image":{"@type":"ImageObject","inLanguage":"fr-FR","@id":"https:\/\/secure.gravatar.com\/avatar\/37d968a2e67a6fd04c169c4bdef102d0bc5d31b2546345219e348575eb80e9a0?s=96&d=mm&r=g","url":"https:\/\/secure.gravatar.com\/avatar\/37d968a2e67a6fd04c169c4bdef102d0bc5d31b2546345219e348575eb80e9a0?s=96&d=mm&r=g","contentUrl":"https:\/\/secure.gravatar.com\/avatar\/37d968a2e67a6fd04c169c4bdef102d0bc5d31b2546345219e348575eb80e9a0?s=96&d=mm&r=g","caption":"redazione"},"sameAs":["http:\/\/www.bellunopress.it","https:\/\/x.com\/bellunopress"],"url":"https:\/\/www.bellunopress.it\/fr\/author\/redazione\/"}]}},"_links":{"self":[{"href":"https:\/\/www.bellunopress.it\/fr\/wp-json\/wp\/v2\/posts\/108608","targetHints":{"allow":["GET"]}}],"collection":[{"href":"https:\/\/www.bellunopress.it\/fr\/wp-json\/wp\/v2\/posts"}],"about":[{"href":"https:\/\/www.bellunopress.it\/fr\/wp-json\/wp\/v2\/types\/post"}],"author":[{"embeddable":true,"href":"https:\/\/www.bellunopress.it\/fr\/wp-json\/wp\/v2\/users\/2"}],"replies":[{"embeddable":true,"href":"https:\/\/www.bellunopress.it\/fr\/wp-json\/wp\/v2\/comments?post=108608"}],"version-history":[{"count":2,"href":"https:\/\/www.bellunopress.it\/fr\/wp-json\/wp\/v2\/posts\/108608\/revisions"}],"predecessor-version":[{"id":108644,"href":"https:\/\/www.bellunopress.it\/fr\/wp-json\/wp\/v2\/posts\/108608\/revisions\/108644"}],"wp:attachment":[{"href":"https:\/\/www.bellunopress.it\/fr\/wp-json\/wp\/v2\/media?parent=108608"}],"wp:term":[{"taxonomy":"category","embeddable":true,"href":"https:\/\/www.bellunopress.it\/fr\/wp-json\/wp\/v2\/categories?post=108608"},{"taxonomy":"post_tag","embeddable":true,"href":"https:\/\/www.bellunopress.it\/fr\/wp-json\/wp\/v2\/tags?post=108608"}],"curies":[{"name":"wp","href":"https:\/\/api.w.org\/{rel}","templated":true}]}}