{"id":108587,"date":"2019-10-08T17:51:16","date_gmt":"2019-10-08T15:51:16","guid":{"rendered":"http:\/\/www.bellunopress.it\/?p=108587"},"modified":"2019-10-08T17:51:17","modified_gmt":"2019-10-08T15:51:17","slug":"il-lato-b-della-comunicazione-flashfactory-inaugura-la-sua-nuova-casa-e-presenta-team-e-nuova-immagine-alle-aziende","status":"publish","type":"post","link":"https:\/\/www.bellunopress.it\/fr\/2019\/10\/08\/il-lato-b-della-comunicazione-flashfactory-inaugura-la-sua-nuova-casa-e-presenta-team-e-nuova-immagine-alle-aziende\/","title":{"rendered":"Il Lato B della Comunicazione.\u00a0Flashfactory inaugura la sua nuova casa e presenta team e nuova immagine alle aziende"},"content":{"rendered":"<p><a href=\"http:\/\/www.bellunopress.it\/fr\/2019\/10\/08\/il-lato-b-della-comunicazione-flashfactory-inaugura-la-sua-nuova-casa-e-presenta-team-e-nuova-immagine-alle-aziende\/cs-logo-flashfactory\/\" rel=\"attachment wp-att-108588\"><img loading=\"lazy\" decoding=\"async\" class=\"alignleft size-full wp-image-108588\" src=\"http:\/\/www.bellunopress.it\/wp-content\/uploads\/2019\/10\/cs-logo-flashfactory.jpg\" alt=\"\" width=\"300\" height=\"272\" \/><\/a>Attiva sul territorio dal 2002, Flashfactory si \u00e8 presentata sabato ad aziende, clienti e amici nella sua veste rinnovata: nuova sede, nuovo logo, nuovo payoff, nuova immagine e uno staff composto da 12 persone dell&#8217;et\u00e0 media di 33 anni.<\/p>\n<p>Nata come agenzia di pubblicit\u00e0, negli ultimi anni Flashfactory ha ampliato il team e i servizi offerti andando a configurarsi come Studio di Comunicazione che segue aziende, ma anche progetti e startup, come Karryco e Kontiky recentemente selezionate per Digithon, la pi\u00f9 grande maratona digitale per startup in Italia.<\/p>\n<p>Per festeggiare questo nuovo inizio Marco Feltrin, titolare dello Studio di Comunicazione, e il suo staff hanno pensato a due eventi che si sono susseguiti sabato 5 ottobre: il B-Uffet della comunicazione e il B-Peritivo.<\/p>\n<p>La prima parte del pomeriggio \u00e8 stata dedicata agli imprenditori con un incontro gratuito presso l&#8217;Hotel Europa Executive per capire quali sono le caratteristiche per una comunicazione efficace che porti davvero risultati alle aziende. Un metaforico B-Uffet in cui Flashfactory ha messo sul piatto e condiviso con le aziende presenti le proprie conoscenze e il proprio metodo di lavoro.<\/p>\n<p>A seguire il B-Peritivo, con l&#8217;inaugurazione della nuova sede in via San Giuseppe 9 a Belluno e con lo svelamento della nuova immagine: pop, d&#8217;impatto e capace di proporre una comunicazione diversa che guardi al lato B delle cose. Analisi e strategia sono le basi su cui Flashfactory costruisce i progetti di comunicazione per i propri clienti, mettendo in campo creativit\u00e0 e, di volta in volta, gli strumenti giusti: grafica, pubblicit\u00e0, siti web, e-commerce, applicazioni, web marketing, video&#8230;<\/p>\n<p>Condivisione e orgoglio per il traguardo raggiunto ma anche approfondimenti e spunti per raggiungere nuove mete sono stati il filo conduttore che ha unito le due parti dell&#8217;evento: un messaggio di positivit\u00e0 e crescita sia per l&#8217;imprenditoria locale sia per i giovani bellunesi, che possono far propria la citazione di Michael Jordan con la quale Marco Feltrin ha dato il via alla giornata: &#8220;Il talento ti fa vincere una partita. L&#8217;intelligenza e il lavoro di squadra ti fanno vincere un campionato.&#8221;<\/p>","protected":false},"excerpt":{"rendered":"<p>Attiva sul territorio dal 2002, Flashfactory si \u00e8 presentata sabato ad aziende, clienti e amici nella sua veste rinnovata: nuova sede, nuovo logo, nuovo payoff, nuova immagine e uno staff composto da 12 persone dell&#8217;et\u00e0 media di 33 anni. Nata come agenzia di pubblicit\u00e0, negli ultimi anni Flashfactory ha ampliato il team e i servizi [&hellip;]<\/p>\n","protected":false},"author":2,"featured_media":0,"comment_status":"closed","ping_status":"open","sticky":false,"template":"","format":"standard","meta":{"footnotes":""},"categories":[36,26],"tags":[],"class_list":["post-108587","post","type-post","status-publish","format-standard","category-lavoro-economia","category-prima-pagina"],"yoast_head":"<!-- This site is optimized with the Yoast SEO plugin v28.4 - https:\/\/yoast.com\/product\/yoast-seo-wordpress\/ -->\n<title>Il Lato B della Comunicazione.\u00a0Flashfactory inaugura la sua nuova casa e presenta team e nuova immagine alle aziende - Bellunopress - Dolomiti<\/title>\n<meta name=\"robots\" content=\"index, follow, max-snippet:-1, max-image-preview:large, max-video-preview:-1\" \/>\n<link rel=\"canonical\" href=\"https:\/\/www.bellunopress.it\/fr\/2019\/10\/08\/il-lato-b-della-comunicazione-flashfactory-inaugura-la-sua-nuova-casa-e-presenta-team-e-nuova-immagine-alle-aziende\/\" \/>\n<meta property=\"og:locale\" content=\"fr_FR\" \/>\n<meta property=\"og:type\" content=\"article\" \/>\n<meta property=\"og:title\" content=\"Il Lato B della Comunicazione.\u00a0Flashfactory inaugura la sua nuova casa e presenta team e nuova immagine alle aziende - Bellunopress - Dolomiti\" \/>\n<meta property=\"og:description\" content=\"Attiva sul territorio dal 2002, Flashfactory si \u00e8 presentata sabato ad aziende, clienti e amici nella sua veste rinnovata: nuova sede, nuovo logo, nuovo payoff, nuova immagine e uno staff composto da 12 persone dell&#8217;et\u00e0 media di 33 anni. Nata come agenzia di pubblicit\u00e0, negli ultimi anni Flashfactory ha ampliato il team e i servizi [&hellip;]\" \/>\n<meta property=\"og:url\" content=\"https:\/\/www.bellunopress.it\/fr\/2019\/10\/08\/il-lato-b-della-comunicazione-flashfactory-inaugura-la-sua-nuova-casa-e-presenta-team-e-nuova-immagine-alle-aziende\/\" \/>\n<meta property=\"og:site_name\" content=\"Bellunopress - Dolomiti\" \/>\n<meta property=\"article:publisher\" content=\"https:\/\/www.facebook.com\/profile.php?id=100008943462799\" \/>\n<meta property=\"article:published_time\" content=\"2019-10-08T15:51:16+00:00\" \/>\n<meta property=\"article:modified_time\" content=\"2019-10-08T15:51:17+00:00\" \/>\n<meta property=\"og:image\" content=\"http:\/\/www.bellunopress.it\/wp-content\/uploads\/2019\/10\/cs-logo-flashfactory.jpg\" \/>\n<meta name=\"author\" content=\"redazione\" \/>\n<meta name=\"twitter:card\" content=\"summary_large_image\" \/>\n<meta name=\"twitter:creator\" content=\"@bellunopress\" \/>\n<meta name=\"twitter:site\" content=\"@bellunopress\" \/>\n<meta name=\"twitter:label1\" content=\"\u00c9crit par\" \/>\n\t<meta name=\"twitter:data1\" content=\"redazione\" \/>\n\t<meta name=\"twitter:label2\" content=\"Dur\u00e9e de lecture estim\u00e9e\" \/>\n\t<meta name=\"twitter:data2\" content=\"2 minutes\" \/>\n<script type=\"application\/ld+json\" class=\"yoast-schema-graph\">{\"@context\":\"https:\\\/\\\/schema.org\",\"@graph\":[{\"@type\":\"Article\",\"@id\":\"https:\\\/\\\/www.bellunopress.it\\\/2019\\\/10\\\/08\\\/il-lato-b-della-comunicazione-flashfactory-inaugura-la-sua-nuova-casa-e-presenta-team-e-nuova-immagine-alle-aziende\\\/#article\",\"isPartOf\":{\"@id\":\"https:\\\/\\\/www.bellunopress.it\\\/2019\\\/10\\\/08\\\/il-lato-b-della-comunicazione-flashfactory-inaugura-la-sua-nuova-casa-e-presenta-team-e-nuova-immagine-alle-aziende\\\/\"},\"author\":{\"name\":\"redazione\",\"@id\":\"https:\\\/\\\/www.bellunopress.it\\\/#\\\/schema\\\/person\\\/79bb06722b37ece1c03d3e94beb30d73\"},\"headline\":\"Il Lato B della Comunicazione.\u00a0Flashfactory inaugura la sua nuova casa e presenta team e nuova immagine alle aziende\",\"datePublished\":\"2019-10-08T15:51:16+00:00\",\"dateModified\":\"2019-10-08T15:51:17+00:00\",\"mainEntityOfPage\":{\"@id\":\"https:\\\/\\\/www.bellunopress.it\\\/2019\\\/10\\\/08\\\/il-lato-b-della-comunicazione-flashfactory-inaugura-la-sua-nuova-casa-e-presenta-team-e-nuova-immagine-alle-aziende\\\/\"},\"wordCount\":360,\"publisher\":{\"@id\":\"https:\\\/\\\/www.bellunopress.it\\\/#organization\"},\"image\":{\"@id\":\"https:\\\/\\\/www.bellunopress.it\\\/2019\\\/10\\\/08\\\/il-lato-b-della-comunicazione-flashfactory-inaugura-la-sua-nuova-casa-e-presenta-team-e-nuova-immagine-alle-aziende\\\/#primaryimage\"},\"thumbnailUrl\":\"http:\\\/\\\/www.bellunopress.it\\\/wp-content\\\/uploads\\\/2019\\\/10\\\/cs-logo-flashfactory.jpg\",\"articleSection\":[\"Lavoro, Economia, Turismo\",\"Prima Pagina\"],\"inLanguage\":\"fr-FR\"},{\"@type\":\"WebPage\",\"@id\":\"https:\\\/\\\/www.bellunopress.it\\\/2019\\\/10\\\/08\\\/il-lato-b-della-comunicazione-flashfactory-inaugura-la-sua-nuova-casa-e-presenta-team-e-nuova-immagine-alle-aziende\\\/\",\"url\":\"https:\\\/\\\/www.bellunopress.it\\\/2019\\\/10\\\/08\\\/il-lato-b-della-comunicazione-flashfactory-inaugura-la-sua-nuova-casa-e-presenta-team-e-nuova-immagine-alle-aziende\\\/\",\"name\":\"Il Lato B della Comunicazione.\u00a0Flashfactory inaugura la sua nuova casa e presenta team e nuova immagine alle aziende - Bellunopress - Dolomiti\",\"isPartOf\":{\"@id\":\"https:\\\/\\\/www.bellunopress.it\\\/#website\"},\"primaryImageOfPage\":{\"@id\":\"https:\\\/\\\/www.bellunopress.it\\\/2019\\\/10\\\/08\\\/il-lato-b-della-comunicazione-flashfactory-inaugura-la-sua-nuova-casa-e-presenta-team-e-nuova-immagine-alle-aziende\\\/#primaryimage\"},\"image\":{\"@id\":\"https:\\\/\\\/www.bellunopress.it\\\/2019\\\/10\\\/08\\\/il-lato-b-della-comunicazione-flashfactory-inaugura-la-sua-nuova-casa-e-presenta-team-e-nuova-immagine-alle-aziende\\\/#primaryimage\"},\"thumbnailUrl\":\"http:\\\/\\\/www.bellunopress.it\\\/wp-content\\\/uploads\\\/2019\\\/10\\\/cs-logo-flashfactory.jpg\",\"datePublished\":\"2019-10-08T15:51:16+00:00\",\"dateModified\":\"2019-10-08T15:51:17+00:00\",\"breadcrumb\":{\"@id\":\"https:\\\/\\\/www.bellunopress.it\\\/2019\\\/10\\\/08\\\/il-lato-b-della-comunicazione-flashfactory-inaugura-la-sua-nuova-casa-e-presenta-team-e-nuova-immagine-alle-aziende\\\/#breadcrumb\"},\"inLanguage\":\"fr-FR\",\"potentialAction\":[{\"@type\":\"ReadAction\",\"target\":[\"https:\\\/\\\/www.bellunopress.it\\\/2019\\\/10\\\/08\\\/il-lato-b-della-comunicazione-flashfactory-inaugura-la-sua-nuova-casa-e-presenta-team-e-nuova-immagine-alle-aziende\\\/\"]}]},{\"@type\":\"ImageObject\",\"inLanguage\":\"fr-FR\",\"@id\":\"https:\\\/\\\/www.bellunopress.it\\\/2019\\\/10\\\/08\\\/il-lato-b-della-comunicazione-flashfactory-inaugura-la-sua-nuova-casa-e-presenta-team-e-nuova-immagine-alle-aziende\\\/#primaryimage\",\"url\":\"http:\\\/\\\/www.bellunopress.it\\\/wp-content\\\/uploads\\\/2019\\\/10\\\/cs-logo-flashfactory.jpg\",\"contentUrl\":\"http:\\\/\\\/www.bellunopress.it\\\/wp-content\\\/uploads\\\/2019\\\/10\\\/cs-logo-flashfactory.jpg\"},{\"@type\":\"BreadcrumbList\",\"@id\":\"https:\\\/\\\/www.bellunopress.it\\\/2019\\\/10\\\/08\\\/il-lato-b-della-comunicazione-flashfactory-inaugura-la-sua-nuova-casa-e-presenta-team-e-nuova-immagine-alle-aziende\\\/#breadcrumb\",\"itemListElement\":[{\"@type\":\"ListItem\",\"position\":1,\"name\":\"Home\",\"item\":\"https:\\\/\\\/www.bellunopress.it\\\/\"},{\"@type\":\"ListItem\",\"position\":2,\"name\":\"Il Lato B della Comunicazione.\u00a0Flashfactory inaugura la sua nuova casa e presenta team e nuova immagine alle aziende\"}]},{\"@type\":\"WebSite\",\"@id\":\"https:\\\/\\\/www.bellunopress.it\\\/#website\",\"url\":\"https:\\\/\\\/www.bellunopress.it\\\/\",\"name\":\"Bellunopress - Dolomiti\",\"description\":\"e-mail: redazione@bellunopress.it\",\"publisher\":{\"@id\":\"https:\\\/\\\/www.bellunopress.it\\\/#organization\"},\"potentialAction\":[{\"@type\":\"SearchAction\",\"target\":{\"@type\":\"EntryPoint\",\"urlTemplate\":\"https:\\\/\\\/www.bellunopress.it\\\/?s={search_term_string}\"},\"query-input\":{\"@type\":\"PropertyValueSpecification\",\"valueRequired\":true,\"valueName\":\"search_term_string\"}}],\"inLanguage\":\"fr-FR\"},{\"@type\":\"Organization\",\"@id\":\"https:\\\/\\\/www.bellunopress.it\\\/#organization\",\"name\":\"Bellunopress\",\"url\":\"https:\\\/\\\/www.bellunopress.it\\\/\",\"logo\":{\"@type\":\"ImageObject\",\"inLanguage\":\"fr-FR\",\"@id\":\"https:\\\/\\\/www.bellunopress.it\\\/#\\\/schema\\\/logo\\\/image\\\/\",\"url\":\"https:\\\/\\\/www.bellunopress.it\\\/wp-content\\\/uploads\\\/2011\\\/05\\\/cropped-logo-bellunopress-.jpg\",\"contentUrl\":\"https:\\\/\\\/www.bellunopress.it\\\/wp-content\\\/uploads\\\/2011\\\/05\\\/cropped-logo-bellunopress-.jpg\",\"width\":512,\"height\":512,\"caption\":\"Bellunopress\"},\"image\":{\"@id\":\"https:\\\/\\\/www.bellunopress.it\\\/#\\\/schema\\\/logo\\\/image\\\/\"},\"sameAs\":[\"https:\\\/\\\/www.facebook.com\\\/profile.php?id=100008943462799\",\"https:\\\/\\\/x.com\\\/bellunopress\",\"https:\\\/\\\/www.linkedin.com\\\/hp\\\/?dnr=JBzUWaJfMUw8vbXJJ2tVW5-I3jZKvC4wsoxE&amp;amp;amp;amp;amp;amp;trk=nav_responsive_tab_home\",\"https:\\\/\\\/www.youtube.com\\\/channel\\\/UCxL0wu1uN0_3_7hGG0306cw\"]},{\"@type\":\"Person\",\"@id\":\"https:\\\/\\\/www.bellunopress.it\\\/#\\\/schema\\\/person\\\/79bb06722b37ece1c03d3e94beb30d73\",\"name\":\"redazione\",\"image\":{\"@type\":\"ImageObject\",\"inLanguage\":\"fr-FR\",\"@id\":\"https:\\\/\\\/secure.gravatar.com\\\/avatar\\\/37d968a2e67a6fd04c169c4bdef102d0bc5d31b2546345219e348575eb80e9a0?s=96&d=mm&r=g\",\"url\":\"https:\\\/\\\/secure.gravatar.com\\\/avatar\\\/37d968a2e67a6fd04c169c4bdef102d0bc5d31b2546345219e348575eb80e9a0?s=96&d=mm&r=g\",\"contentUrl\":\"https:\\\/\\\/secure.gravatar.com\\\/avatar\\\/37d968a2e67a6fd04c169c4bdef102d0bc5d31b2546345219e348575eb80e9a0?s=96&d=mm&r=g\",\"caption\":\"redazione\"},\"sameAs\":[\"http:\\\/\\\/www.bellunopress.it\",\"https:\\\/\\\/x.com\\\/bellunopress\"],\"url\":\"https:\\\/\\\/www.bellunopress.it\\\/fr\\\/author\\\/redazione\\\/\"}]}<\/script>\n<!-- \/ Yoast SEO plugin. -->","yoast_head_json":{"title":"Il Lato B della Comunicazione.\u00a0Flashfactory inaugura la sua nuova casa e presenta team e nuova immagine alle aziende - Bellunopress - Dolomiti","robots":{"index":"index","follow":"follow","max-snippet":"max-snippet:-1","max-image-preview":"max-image-preview:large","max-video-preview":"max-video-preview:-1"},"canonical":"https:\/\/www.bellunopress.it\/fr\/2019\/10\/08\/il-lato-b-della-comunicazione-flashfactory-inaugura-la-sua-nuova-casa-e-presenta-team-e-nuova-immagine-alle-aziende\/","og_locale":"fr_FR","og_type":"article","og_title":"Il Lato B della Comunicazione.\u00a0Flashfactory inaugura la sua nuova casa e presenta team e nuova immagine alle aziende - Bellunopress - Dolomiti","og_description":"Attiva sul territorio dal 2002, Flashfactory si \u00e8 presentata sabato ad aziende, clienti e amici nella sua veste rinnovata: nuova sede, nuovo logo, nuovo payoff, nuova immagine e uno staff composto da 12 persone dell&#8217;et\u00e0 media di 33 anni. Nata come agenzia di pubblicit\u00e0, negli ultimi anni Flashfactory ha ampliato il team e i servizi [&hellip;]","og_url":"https:\/\/www.bellunopress.it\/fr\/2019\/10\/08\/il-lato-b-della-comunicazione-flashfactory-inaugura-la-sua-nuova-casa-e-presenta-team-e-nuova-immagine-alle-aziende\/","og_site_name":"Bellunopress - Dolomiti","article_publisher":"https:\/\/www.facebook.com\/profile.php?id=100008943462799","article_published_time":"2019-10-08T15:51:16+00:00","article_modified_time":"2019-10-08T15:51:17+00:00","og_image":[{"url":"http:\/\/www.bellunopress.it\/wp-content\/uploads\/2019\/10\/cs-logo-flashfactory.jpg","type":"","width":"","height":""}],"author":"redazione","twitter_card":"summary_large_image","twitter_creator":"@bellunopress","twitter_site":"@bellunopress","twitter_misc":{"\u00c9crit par":"redazione","Dur\u00e9e de lecture estim\u00e9e":"2 minutes"},"schema":{"@context":"https:\/\/schema.org","@graph":[{"@type":"Article","@id":"https:\/\/www.bellunopress.it\/2019\/10\/08\/il-lato-b-della-comunicazione-flashfactory-inaugura-la-sua-nuova-casa-e-presenta-team-e-nuova-immagine-alle-aziende\/#article","isPartOf":{"@id":"https:\/\/www.bellunopress.it\/2019\/10\/08\/il-lato-b-della-comunicazione-flashfactory-inaugura-la-sua-nuova-casa-e-presenta-team-e-nuova-immagine-alle-aziende\/"},"author":{"name":"redazione","@id":"https:\/\/www.bellunopress.it\/#\/schema\/person\/79bb06722b37ece1c03d3e94beb30d73"},"headline":"Il Lato B della Comunicazione.\u00a0Flashfactory inaugura la sua nuova casa e presenta team e nuova immagine alle aziende","datePublished":"2019-10-08T15:51:16+00:00","dateModified":"2019-10-08T15:51:17+00:00","mainEntityOfPage":{"@id":"https:\/\/www.bellunopress.it\/2019\/10\/08\/il-lato-b-della-comunicazione-flashfactory-inaugura-la-sua-nuova-casa-e-presenta-team-e-nuova-immagine-alle-aziende\/"},"wordCount":360,"publisher":{"@id":"https:\/\/www.bellunopress.it\/#organization"},"image":{"@id":"https:\/\/www.bellunopress.it\/2019\/10\/08\/il-lato-b-della-comunicazione-flashfactory-inaugura-la-sua-nuova-casa-e-presenta-team-e-nuova-immagine-alle-aziende\/#primaryimage"},"thumbnailUrl":"http:\/\/www.bellunopress.it\/wp-content\/uploads\/2019\/10\/cs-logo-flashfactory.jpg","articleSection":["Lavoro, Economia, Turismo","Prima Pagina"],"inLanguage":"fr-FR"},{"@type":"WebPage","@id":"https:\/\/www.bellunopress.it\/2019\/10\/08\/il-lato-b-della-comunicazione-flashfactory-inaugura-la-sua-nuova-casa-e-presenta-team-e-nuova-immagine-alle-aziende\/","url":"https:\/\/www.bellunopress.it\/2019\/10\/08\/il-lato-b-della-comunicazione-flashfactory-inaugura-la-sua-nuova-casa-e-presenta-team-e-nuova-immagine-alle-aziende\/","name":"Il Lato B della Comunicazione.\u00a0Flashfactory inaugura la sua nuova casa e presenta team e nuova immagine alle aziende - Bellunopress - Dolomiti","isPartOf":{"@id":"https:\/\/www.bellunopress.it\/#website"},"primaryImageOfPage":{"@id":"https:\/\/www.bellunopress.it\/2019\/10\/08\/il-lato-b-della-comunicazione-flashfactory-inaugura-la-sua-nuova-casa-e-presenta-team-e-nuova-immagine-alle-aziende\/#primaryimage"},"image":{"@id":"https:\/\/www.bellunopress.it\/2019\/10\/08\/il-lato-b-della-comunicazione-flashfactory-inaugura-la-sua-nuova-casa-e-presenta-team-e-nuova-immagine-alle-aziende\/#primaryimage"},"thumbnailUrl":"http:\/\/www.bellunopress.it\/wp-content\/uploads\/2019\/10\/cs-logo-flashfactory.jpg","datePublished":"2019-10-08T15:51:16+00:00","dateModified":"2019-10-08T15:51:17+00:00","breadcrumb":{"@id":"https:\/\/www.bellunopress.it\/2019\/10\/08\/il-lato-b-della-comunicazione-flashfactory-inaugura-la-sua-nuova-casa-e-presenta-team-e-nuova-immagine-alle-aziende\/#breadcrumb"},"inLanguage":"fr-FR","potentialAction":[{"@type":"ReadAction","target":["https:\/\/www.bellunopress.it\/2019\/10\/08\/il-lato-b-della-comunicazione-flashfactory-inaugura-la-sua-nuova-casa-e-presenta-team-e-nuova-immagine-alle-aziende\/"]}]},{"@type":"ImageObject","inLanguage":"fr-FR","@id":"https:\/\/www.bellunopress.it\/2019\/10\/08\/il-lato-b-della-comunicazione-flashfactory-inaugura-la-sua-nuova-casa-e-presenta-team-e-nuova-immagine-alle-aziende\/#primaryimage","url":"http:\/\/www.bellunopress.it\/wp-content\/uploads\/2019\/10\/cs-logo-flashfactory.jpg","contentUrl":"http:\/\/www.bellunopress.it\/wp-content\/uploads\/2019\/10\/cs-logo-flashfactory.jpg"},{"@type":"BreadcrumbList","@id":"https:\/\/www.bellunopress.it\/2019\/10\/08\/il-lato-b-della-comunicazione-flashfactory-inaugura-la-sua-nuova-casa-e-presenta-team-e-nuova-immagine-alle-aziende\/#breadcrumb","itemListElement":[{"@type":"ListItem","position":1,"name":"Home","item":"https:\/\/www.bellunopress.it\/"},{"@type":"ListItem","position":2,"name":"Il Lato B della Comunicazione.\u00a0Flashfactory inaugura la sua nuova casa e presenta team e nuova immagine alle aziende"}]},{"@type":"WebSite","@id":"https:\/\/www.bellunopress.it\/#website","url":"https:\/\/www.bellunopress.it\/","name":"Bellunopress - Dolomiti","description":"e-mail: redazione@bellunopress.it","publisher":{"@id":"https:\/\/www.bellunopress.it\/#organization"},"potentialAction":[{"@type":"SearchAction","target":{"@type":"EntryPoint","urlTemplate":"https:\/\/www.bellunopress.it\/?s={search_term_string}"},"query-input":{"@type":"PropertyValueSpecification","valueRequired":true,"valueName":"search_term_string"}}],"inLanguage":"fr-FR"},{"@type":"Organization","@id":"https:\/\/www.bellunopress.it\/#organization","name":"Bellunopress","url":"https:\/\/www.bellunopress.it\/","logo":{"@type":"ImageObject","inLanguage":"fr-FR","@id":"https:\/\/www.bellunopress.it\/#\/schema\/logo\/image\/","url":"https:\/\/www.bellunopress.it\/wp-content\/uploads\/2011\/05\/cropped-logo-bellunopress-.jpg","contentUrl":"https:\/\/www.bellunopress.it\/wp-content\/uploads\/2011\/05\/cropped-logo-bellunopress-.jpg","width":512,"height":512,"caption":"Bellunopress"},"image":{"@id":"https:\/\/www.bellunopress.it\/#\/schema\/logo\/image\/"},"sameAs":["https:\/\/www.facebook.com\/profile.php?id=100008943462799","https:\/\/x.com\/bellunopress","https:\/\/www.linkedin.com\/hp\/?dnr=JBzUWaJfMUw8vbXJJ2tVW5-I3jZKvC4wsoxE&amp;amp;amp;amp;amp;amp;trk=nav_responsive_tab_home","https:\/\/www.youtube.com\/channel\/UCxL0wu1uN0_3_7hGG0306cw"]},{"@type":"Person","@id":"https:\/\/www.bellunopress.it\/#\/schema\/person\/79bb06722b37ece1c03d3e94beb30d73","name":"r\u00e9daction","image":{"@type":"ImageObject","inLanguage":"fr-FR","@id":"https:\/\/secure.gravatar.com\/avatar\/37d968a2e67a6fd04c169c4bdef102d0bc5d31b2546345219e348575eb80e9a0?s=96&d=mm&r=g","url":"https:\/\/secure.gravatar.com\/avatar\/37d968a2e67a6fd04c169c4bdef102d0bc5d31b2546345219e348575eb80e9a0?s=96&d=mm&r=g","contentUrl":"https:\/\/secure.gravatar.com\/avatar\/37d968a2e67a6fd04c169c4bdef102d0bc5d31b2546345219e348575eb80e9a0?s=96&d=mm&r=g","caption":"redazione"},"sameAs":["http:\/\/www.bellunopress.it","https:\/\/x.com\/bellunopress"],"url":"https:\/\/www.bellunopress.it\/fr\/author\/redazione\/"}]}},"_links":{"self":[{"href":"https:\/\/www.bellunopress.it\/fr\/wp-json\/wp\/v2\/posts\/108587","targetHints":{"allow":["GET"]}}],"collection":[{"href":"https:\/\/www.bellunopress.it\/fr\/wp-json\/wp\/v2\/posts"}],"about":[{"href":"https:\/\/www.bellunopress.it\/fr\/wp-json\/wp\/v2\/types\/post"}],"author":[{"embeddable":true,"href":"https:\/\/www.bellunopress.it\/fr\/wp-json\/wp\/v2\/users\/2"}],"replies":[{"embeddable":true,"href":"https:\/\/www.bellunopress.it\/fr\/wp-json\/wp\/v2\/comments?post=108587"}],"version-history":[{"count":2,"href":"https:\/\/www.bellunopress.it\/fr\/wp-json\/wp\/v2\/posts\/108587\/revisions"}],"predecessor-version":[{"id":108590,"href":"https:\/\/www.bellunopress.it\/fr\/wp-json\/wp\/v2\/posts\/108587\/revisions\/108590"}],"wp:attachment":[{"href":"https:\/\/www.bellunopress.it\/fr\/wp-json\/wp\/v2\/media?parent=108587"}],"wp:term":[{"taxonomy":"category","embeddable":true,"href":"https:\/\/www.bellunopress.it\/fr\/wp-json\/wp\/v2\/categories?post=108587"},{"taxonomy":"post_tag","embeddable":true,"href":"https:\/\/www.bellunopress.it\/fr\/wp-json\/wp\/v2\/tags?post=108587"}],"curies":[{"name":"wp","href":"https:\/\/api.w.org\/{rel}","templated":true}]}}