{"id":108584,"date":"2019-10-08T16:42:08","date_gmt":"2019-10-08T14:42:08","guid":{"rendered":"http:\/\/www.bellunopress.it\/?p=108584"},"modified":"2019-10-08T16:44:52","modified_gmt":"2019-10-08T14:44:52","slug":"tragedia-del-vajont-al-senato-della-repubblica-pozza-e-padrin-il-film-documentario-per-non-dimenticare","status":"publish","type":"post","link":"https:\/\/www.bellunopress.it\/fr\/2019\/10\/08\/tragedia-del-vajont-al-senato-della-repubblica-pozza-e-padrin-il-film-documentario-per-non-dimenticare\/","title":{"rendered":"Tragedia del Vajont: al Senato della Repubblica Pozza e Padrin.\u00a0Il film documentario per non dimenticare"},"content":{"rendered":"<figure id=\"attachment_98121\" aria-describedby=\"caption-attachment-98121\" style=\"width: 232px\" class=\"wp-caption alignleft\"><a href=\"http:\/\/www.bellunopress.it\/fr\/2018\/09\/21\/unioncamere-veneto-pozza-confermato-alla-presidenza-fino-al-2021\/mario-pozza-2\/\" rel=\"attachment wp-att-98121\"><img loading=\"lazy\" decoding=\"async\" class=\"size-full wp-image-98121\" src=\"http:\/\/www.bellunopress.it\/wp-content\/uploads\/2018\/09\/Mario-Pozza.jpg\" alt=\"\" width=\"232\" height=\"300\" \/><\/a><figcaption id=\"caption-attachment-98121\" class=\"wp-caption-text\">Mario Pozza, presidente Camera di Commercio Treviso e Belluno<\/figcaption><\/figure>\n<figure id=\"attachment_104145\" aria-describedby=\"caption-attachment-104145\" style=\"width: 245px\" class=\"wp-caption alignleft\"><a href=\"http:\/\/www.bellunopress.it\/fr\/2019\/04\/30\/amministrative-longarone-roberto-padrin-presenta-squadra-e-programma-prima-uscita-giovedi-a-castellavazzo-nella-gia-sede-municipale\/roberto-padrin-5\/\" rel=\"attachment wp-att-104145\"><img loading=\"lazy\" decoding=\"async\" class=\"size-full wp-image-104145\" src=\"http:\/\/www.bellunopress.it\/wp-content\/uploads\/2019\/04\/Roberto-Padrin.jpg\" alt=\"\" width=\"245\" height=\"300\" \/><\/a><figcaption id=\"caption-attachment-104145\" class=\"wp-caption-text\">Roberto Padrin, presidente della Provincia e sindaco di Longarone<\/figcaption><\/figure>\n<p>Roma, 8 ottobre 2019 \u2013 Mantenere la memoria della tragedia del Vajont e il male che ha causato a tutta l&#8217;Italia \u00e8 un dovere delle istituzioni. La Camera di Commercio di Treviso \u2013 Belluno | Dolomiti risponde a questo impegno con azioni concrete \u2013 afferma il presidente Mario Pozza \u2013. Ed \u00e8 proprio dalla viva voce dei sopravvissuti, a 56 anni dall&#8217;evento, che il film documentario, sostenuto dalla Camera di Commercio di Treviso-Belluno|Dolomiti con Treviso Film Commission, riporta alla memoria la tragedia.<\/p>\n<p>Oggi ho potuto vedere per la prima volta a Roma, al Senato della Repubblica, con il ministro D&#8217;Inc\u00e0, il senatore Gasparri, promotore dell&#8217;iniziativa, il senatore Saviane, la senatrice Gava, il presidente della Provincia di Belluno e sindaco di Longarone Padrin e Martini della Film Commission, il docu-\ufb01lm &#8220;Vajont, per non dimenticare&#8221; Regia di Prandstraller a cui va il mio plauso \u2013 continua Pozza &#8211; per la forza della testimonianza e per la capacit\u00e0 narrativa.<\/p>\n<p>Nella commemorazione del 56\u00b0 anniversario della tragedia del Wajont, ai miei concittadini che hanno ancora negli occhi e nel cuore dei loro ricordi, il dolore e la sofferenza subita \u2013 afferma il presidente Roberto Padrin- a loro dedico quanto stiamo facendo assieme anche con le altre amministrazioni, per rinascere e rafforzare le economie di questi territori, con uno sguardo al futuro verso i giovani.<\/p>\n<p>La Treviso Film Commission \u2013 evidenzia il presidente Pozza &#8211; sta tracciando il proprio ruolo, portando all&#8217;attenzione dell&#8217;opinione pubblica, tematiche forti che hanno segnato la storia d&#8217;Italia. Lo scorso anno con &#8220;Rosso d&#8217;Istria&#8221; sulla tragedia delle foibe e quest&#8217;anno con &#8220;Vajont, per non dimenticare&#8221;. Un Ruolo che vuole essere anche in futuro, di testimonianza cinematografica responsabile.<\/p>\n<p>&#8220;A conclusione della presentazione del film &#8220;Vajont per non dimenticare&#8221;, la delegazione \u00e8 stata accolta dalla presidente del Senato Maria Elisabetta Alberti Casellati e dal questore del Senato Antonio De Poli.<\/p>\n<p>Il film sar\u00e0 in uscita nelle sale cinematogra\ufb01che dal 9 ottobre 2019.<\/p>","protected":false},"excerpt":{"rendered":"<p>Roma, 8 ottobre 2019 \u2013 Mantenere la memoria della tragedia del Vajont e il male che ha causato a tutta l&#8217;Italia \u00e8 un dovere delle istituzioni. La Camera di Commercio di Treviso \u2013 Belluno | Dolomiti risponde a questo impegno con azioni concrete \u2013 afferma il presidente Mario Pozza \u2013. Ed \u00e8 proprio dalla viva [&hellip;]<\/p>\n","protected":false},"author":2,"featured_media":0,"comment_status":"closed","ping_status":"open","sticky":false,"template":"","format":"standard","meta":{"footnotes":""},"categories":[5,26,8],"tags":[],"class_list":["post-108584","post","type-post","status-publish","format-standard","category-cronaca","category-prima-pagina","category-societa-istituzioni"],"yoast_head":"<!-- This site is optimized with the Yoast SEO plugin v28.4 - https:\/\/yoast.com\/product\/yoast-seo-wordpress\/ -->\n<title>Tragedia del Vajont: al Senato della Repubblica Pozza e Padrin.\u00a0Il film documentario per non dimenticare - Bellunopress - Dolomiti<\/title>\n<meta name=\"robots\" content=\"index, follow, max-snippet:-1, max-image-preview:large, max-video-preview:-1\" \/>\n<link rel=\"canonical\" href=\"https:\/\/www.bellunopress.it\/fr\/2019\/10\/08\/tragedia-del-vajont-al-senato-della-repubblica-pozza-e-padrin-il-film-documentario-per-non-dimenticare\/\" \/>\n<meta property=\"og:locale\" content=\"fr_FR\" \/>\n<meta property=\"og:type\" content=\"article\" \/>\n<meta property=\"og:title\" content=\"Tragedia del Vajont: al Senato della Repubblica Pozza e Padrin.\u00a0Il film documentario per non dimenticare - Bellunopress - Dolomiti\" \/>\n<meta property=\"og:description\" content=\"Roma, 8 ottobre 2019 \u2013 Mantenere la memoria della tragedia del Vajont e il male che ha causato a tutta l&#8217;Italia \u00e8 un dovere delle istituzioni. La Camera di Commercio di Treviso \u2013 Belluno | Dolomiti risponde a questo impegno con azioni concrete \u2013 afferma il presidente Mario Pozza \u2013. Ed \u00e8 proprio dalla viva [&hellip;]\" \/>\n<meta property=\"og:url\" content=\"https:\/\/www.bellunopress.it\/fr\/2019\/10\/08\/tragedia-del-vajont-al-senato-della-repubblica-pozza-e-padrin-il-film-documentario-per-non-dimenticare\/\" \/>\n<meta property=\"og:site_name\" content=\"Bellunopress - Dolomiti\" \/>\n<meta property=\"article:publisher\" content=\"https:\/\/www.facebook.com\/profile.php?id=100008943462799\" \/>\n<meta property=\"article:published_time\" content=\"2019-10-08T14:42:08+00:00\" \/>\n<meta property=\"article:modified_time\" content=\"2019-10-08T14:44:52+00:00\" \/>\n<meta property=\"og:image\" content=\"http:\/\/www.bellunopress.it\/wp-content\/uploads\/2018\/09\/Mario-Pozza.jpg\" \/>\n<meta name=\"author\" content=\"redazione\" \/>\n<meta name=\"twitter:card\" content=\"summary_large_image\" \/>\n<meta name=\"twitter:creator\" content=\"@bellunopress\" \/>\n<meta name=\"twitter:site\" content=\"@bellunopress\" \/>\n<meta name=\"twitter:label1\" content=\"\u00c9crit par\" \/>\n\t<meta name=\"twitter:data1\" content=\"redazione\" \/>\n\t<meta name=\"twitter:label2\" content=\"Dur\u00e9e de lecture estim\u00e9e\" \/>\n\t<meta name=\"twitter:data2\" content=\"2 minutes\" \/>\n<script type=\"application\/ld+json\" class=\"yoast-schema-graph\">{\"@context\":\"https:\\\/\\\/schema.org\",\"@graph\":[{\"@type\":\"Article\",\"@id\":\"https:\\\/\\\/www.bellunopress.it\\\/2019\\\/10\\\/08\\\/tragedia-del-vajont-al-senato-della-repubblica-pozza-e-padrin-il-film-documentario-per-non-dimenticare\\\/#article\",\"isPartOf\":{\"@id\":\"https:\\\/\\\/www.bellunopress.it\\\/2019\\\/10\\\/08\\\/tragedia-del-vajont-al-senato-della-repubblica-pozza-e-padrin-il-film-documentario-per-non-dimenticare\\\/\"},\"author\":{\"name\":\"redazione\",\"@id\":\"https:\\\/\\\/www.bellunopress.it\\\/#\\\/schema\\\/person\\\/79bb06722b37ece1c03d3e94beb30d73\"},\"headline\":\"Tragedia del Vajont: al Senato della Repubblica Pozza e Padrin.\u00a0Il film documentario per non dimenticare\",\"datePublished\":\"2019-10-08T14:42:08+00:00\",\"dateModified\":\"2019-10-08T14:44:52+00:00\",\"mainEntityOfPage\":{\"@id\":\"https:\\\/\\\/www.bellunopress.it\\\/2019\\\/10\\\/08\\\/tragedia-del-vajont-al-senato-della-repubblica-pozza-e-padrin-il-film-documentario-per-non-dimenticare\\\/\"},\"wordCount\":362,\"publisher\":{\"@id\":\"https:\\\/\\\/www.bellunopress.it\\\/#organization\"},\"image\":{\"@id\":\"https:\\\/\\\/www.bellunopress.it\\\/2019\\\/10\\\/08\\\/tragedia-del-vajont-al-senato-della-repubblica-pozza-e-padrin-il-film-documentario-per-non-dimenticare\\\/#primaryimage\"},\"thumbnailUrl\":\"http:\\\/\\\/www.bellunopress.it\\\/wp-content\\\/uploads\\\/2018\\\/09\\\/Mario-Pozza.jpg\",\"articleSection\":[\"Cronaca\\\/Politica\",\"Prima Pagina\",\"Societ\u00e0, Associazioni, Istituzioni\"],\"inLanguage\":\"fr-FR\"},{\"@type\":\"WebPage\",\"@id\":\"https:\\\/\\\/www.bellunopress.it\\\/2019\\\/10\\\/08\\\/tragedia-del-vajont-al-senato-della-repubblica-pozza-e-padrin-il-film-documentario-per-non-dimenticare\\\/\",\"url\":\"https:\\\/\\\/www.bellunopress.it\\\/2019\\\/10\\\/08\\\/tragedia-del-vajont-al-senato-della-repubblica-pozza-e-padrin-il-film-documentario-per-non-dimenticare\\\/\",\"name\":\"Tragedia del Vajont: al Senato della Repubblica Pozza e Padrin.\u00a0Il film documentario per non dimenticare - Bellunopress - Dolomiti\",\"isPartOf\":{\"@id\":\"https:\\\/\\\/www.bellunopress.it\\\/#website\"},\"primaryImageOfPage\":{\"@id\":\"https:\\\/\\\/www.bellunopress.it\\\/2019\\\/10\\\/08\\\/tragedia-del-vajont-al-senato-della-repubblica-pozza-e-padrin-il-film-documentario-per-non-dimenticare\\\/#primaryimage\"},\"image\":{\"@id\":\"https:\\\/\\\/www.bellunopress.it\\\/2019\\\/10\\\/08\\\/tragedia-del-vajont-al-senato-della-repubblica-pozza-e-padrin-il-film-documentario-per-non-dimenticare\\\/#primaryimage\"},\"thumbnailUrl\":\"http:\\\/\\\/www.bellunopress.it\\\/wp-content\\\/uploads\\\/2018\\\/09\\\/Mario-Pozza.jpg\",\"datePublished\":\"2019-10-08T14:42:08+00:00\",\"dateModified\":\"2019-10-08T14:44:52+00:00\",\"breadcrumb\":{\"@id\":\"https:\\\/\\\/www.bellunopress.it\\\/2019\\\/10\\\/08\\\/tragedia-del-vajont-al-senato-della-repubblica-pozza-e-padrin-il-film-documentario-per-non-dimenticare\\\/#breadcrumb\"},\"inLanguage\":\"fr-FR\",\"potentialAction\":[{\"@type\":\"ReadAction\",\"target\":[\"https:\\\/\\\/www.bellunopress.it\\\/2019\\\/10\\\/08\\\/tragedia-del-vajont-al-senato-della-repubblica-pozza-e-padrin-il-film-documentario-per-non-dimenticare\\\/\"]}]},{\"@type\":\"ImageObject\",\"inLanguage\":\"fr-FR\",\"@id\":\"https:\\\/\\\/www.bellunopress.it\\\/2019\\\/10\\\/08\\\/tragedia-del-vajont-al-senato-della-repubblica-pozza-e-padrin-il-film-documentario-per-non-dimenticare\\\/#primaryimage\",\"url\":\"http:\\\/\\\/www.bellunopress.it\\\/wp-content\\\/uploads\\\/2018\\\/09\\\/Mario-Pozza.jpg\",\"contentUrl\":\"http:\\\/\\\/www.bellunopress.it\\\/wp-content\\\/uploads\\\/2018\\\/09\\\/Mario-Pozza.jpg\"},{\"@type\":\"BreadcrumbList\",\"@id\":\"https:\\\/\\\/www.bellunopress.it\\\/2019\\\/10\\\/08\\\/tragedia-del-vajont-al-senato-della-repubblica-pozza-e-padrin-il-film-documentario-per-non-dimenticare\\\/#breadcrumb\",\"itemListElement\":[{\"@type\":\"ListItem\",\"position\":1,\"name\":\"Home\",\"item\":\"https:\\\/\\\/www.bellunopress.it\\\/\"},{\"@type\":\"ListItem\",\"position\":2,\"name\":\"Tragedia del Vajont: al Senato della Repubblica Pozza e Padrin.\u00a0Il film documentario per non dimenticare\"}]},{\"@type\":\"WebSite\",\"@id\":\"https:\\\/\\\/www.bellunopress.it\\\/#website\",\"url\":\"https:\\\/\\\/www.bellunopress.it\\\/\",\"name\":\"Bellunopress - Dolomiti\",\"description\":\"e-mail: redazione@bellunopress.it\",\"publisher\":{\"@id\":\"https:\\\/\\\/www.bellunopress.it\\\/#organization\"},\"potentialAction\":[{\"@type\":\"SearchAction\",\"target\":{\"@type\":\"EntryPoint\",\"urlTemplate\":\"https:\\\/\\\/www.bellunopress.it\\\/?s={search_term_string}\"},\"query-input\":{\"@type\":\"PropertyValueSpecification\",\"valueRequired\":true,\"valueName\":\"search_term_string\"}}],\"inLanguage\":\"fr-FR\"},{\"@type\":\"Organization\",\"@id\":\"https:\\\/\\\/www.bellunopress.it\\\/#organization\",\"name\":\"Bellunopress\",\"url\":\"https:\\\/\\\/www.bellunopress.it\\\/\",\"logo\":{\"@type\":\"ImageObject\",\"inLanguage\":\"fr-FR\",\"@id\":\"https:\\\/\\\/www.bellunopress.it\\\/#\\\/schema\\\/logo\\\/image\\\/\",\"url\":\"https:\\\/\\\/www.bellunopress.it\\\/wp-content\\\/uploads\\\/2011\\\/05\\\/cropped-logo-bellunopress-.jpg\",\"contentUrl\":\"https:\\\/\\\/www.bellunopress.it\\\/wp-content\\\/uploads\\\/2011\\\/05\\\/cropped-logo-bellunopress-.jpg\",\"width\":512,\"height\":512,\"caption\":\"Bellunopress\"},\"image\":{\"@id\":\"https:\\\/\\\/www.bellunopress.it\\\/#\\\/schema\\\/logo\\\/image\\\/\"},\"sameAs\":[\"https:\\\/\\\/www.facebook.com\\\/profile.php?id=100008943462799\",\"https:\\\/\\\/x.com\\\/bellunopress\",\"https:\\\/\\\/www.linkedin.com\\\/hp\\\/?dnr=JBzUWaJfMUw8vbXJJ2tVW5-I3jZKvC4wsoxE&amp;amp;amp;amp;amp;amp;trk=nav_responsive_tab_home\",\"https:\\\/\\\/www.youtube.com\\\/channel\\\/UCxL0wu1uN0_3_7hGG0306cw\"]},{\"@type\":\"Person\",\"@id\":\"https:\\\/\\\/www.bellunopress.it\\\/#\\\/schema\\\/person\\\/79bb06722b37ece1c03d3e94beb30d73\",\"name\":\"redazione\",\"image\":{\"@type\":\"ImageObject\",\"inLanguage\":\"fr-FR\",\"@id\":\"https:\\\/\\\/secure.gravatar.com\\\/avatar\\\/37d968a2e67a6fd04c169c4bdef102d0bc5d31b2546345219e348575eb80e9a0?s=96&d=mm&r=g\",\"url\":\"https:\\\/\\\/secure.gravatar.com\\\/avatar\\\/37d968a2e67a6fd04c169c4bdef102d0bc5d31b2546345219e348575eb80e9a0?s=96&d=mm&r=g\",\"contentUrl\":\"https:\\\/\\\/secure.gravatar.com\\\/avatar\\\/37d968a2e67a6fd04c169c4bdef102d0bc5d31b2546345219e348575eb80e9a0?s=96&d=mm&r=g\",\"caption\":\"redazione\"},\"sameAs\":[\"http:\\\/\\\/www.bellunopress.it\",\"https:\\\/\\\/x.com\\\/bellunopress\"],\"url\":\"https:\\\/\\\/www.bellunopress.it\\\/fr\\\/author\\\/redazione\\\/\"}]}<\/script>\n<!-- \/ Yoast SEO plugin. -->","yoast_head_json":{"title":"Tragedia del Vajont: al Senato della Repubblica Pozza e Padrin.\u00a0Il film documentario per non dimenticare - Bellunopress - Dolomiti","robots":{"index":"index","follow":"follow","max-snippet":"max-snippet:-1","max-image-preview":"max-image-preview:large","max-video-preview":"max-video-preview:-1"},"canonical":"https:\/\/www.bellunopress.it\/fr\/2019\/10\/08\/tragedia-del-vajont-al-senato-della-repubblica-pozza-e-padrin-il-film-documentario-per-non-dimenticare\/","og_locale":"fr_FR","og_type":"article","og_title":"Tragedia del Vajont: al Senato della Repubblica Pozza e Padrin.\u00a0Il film documentario per non dimenticare - Bellunopress - Dolomiti","og_description":"Roma, 8 ottobre 2019 \u2013 Mantenere la memoria della tragedia del Vajont e il male che ha causato a tutta l&#8217;Italia \u00e8 un dovere delle istituzioni. La Camera di Commercio di Treviso \u2013 Belluno | Dolomiti risponde a questo impegno con azioni concrete \u2013 afferma il presidente Mario Pozza \u2013. Ed \u00e8 proprio dalla viva [&hellip;]","og_url":"https:\/\/www.bellunopress.it\/fr\/2019\/10\/08\/tragedia-del-vajont-al-senato-della-repubblica-pozza-e-padrin-il-film-documentario-per-non-dimenticare\/","og_site_name":"Bellunopress - Dolomiti","article_publisher":"https:\/\/www.facebook.com\/profile.php?id=100008943462799","article_published_time":"2019-10-08T14:42:08+00:00","article_modified_time":"2019-10-08T14:44:52+00:00","og_image":[{"url":"http:\/\/www.bellunopress.it\/wp-content\/uploads\/2018\/09\/Mario-Pozza.jpg","type":"","width":"","height":""}],"author":"redazione","twitter_card":"summary_large_image","twitter_creator":"@bellunopress","twitter_site":"@bellunopress","twitter_misc":{"\u00c9crit par":"redazione","Dur\u00e9e de lecture estim\u00e9e":"2 minutes"},"schema":{"@context":"https:\/\/schema.org","@graph":[{"@type":"Article","@id":"https:\/\/www.bellunopress.it\/2019\/10\/08\/tragedia-del-vajont-al-senato-della-repubblica-pozza-e-padrin-il-film-documentario-per-non-dimenticare\/#article","isPartOf":{"@id":"https:\/\/www.bellunopress.it\/2019\/10\/08\/tragedia-del-vajont-al-senato-della-repubblica-pozza-e-padrin-il-film-documentario-per-non-dimenticare\/"},"author":{"name":"redazione","@id":"https:\/\/www.bellunopress.it\/#\/schema\/person\/79bb06722b37ece1c03d3e94beb30d73"},"headline":"Tragedia del Vajont: al Senato della Repubblica Pozza e Padrin.\u00a0Il film documentario per non dimenticare","datePublished":"2019-10-08T14:42:08+00:00","dateModified":"2019-10-08T14:44:52+00:00","mainEntityOfPage":{"@id":"https:\/\/www.bellunopress.it\/2019\/10\/08\/tragedia-del-vajont-al-senato-della-repubblica-pozza-e-padrin-il-film-documentario-per-non-dimenticare\/"},"wordCount":362,"publisher":{"@id":"https:\/\/www.bellunopress.it\/#organization"},"image":{"@id":"https:\/\/www.bellunopress.it\/2019\/10\/08\/tragedia-del-vajont-al-senato-della-repubblica-pozza-e-padrin-il-film-documentario-per-non-dimenticare\/#primaryimage"},"thumbnailUrl":"http:\/\/www.bellunopress.it\/wp-content\/uploads\/2018\/09\/Mario-Pozza.jpg","articleSection":["Cronaca\/Politica","Prima Pagina","Societ\u00e0, Associazioni, Istituzioni"],"inLanguage":"fr-FR"},{"@type":"WebPage","@id":"https:\/\/www.bellunopress.it\/2019\/10\/08\/tragedia-del-vajont-al-senato-della-repubblica-pozza-e-padrin-il-film-documentario-per-non-dimenticare\/","url":"https:\/\/www.bellunopress.it\/2019\/10\/08\/tragedia-del-vajont-al-senato-della-repubblica-pozza-e-padrin-il-film-documentario-per-non-dimenticare\/","name":"Tragedia del Vajont: al Senato della Repubblica Pozza e Padrin.\u00a0Il film documentario per non dimenticare - Bellunopress - Dolomiti","isPartOf":{"@id":"https:\/\/www.bellunopress.it\/#website"},"primaryImageOfPage":{"@id":"https:\/\/www.bellunopress.it\/2019\/10\/08\/tragedia-del-vajont-al-senato-della-repubblica-pozza-e-padrin-il-film-documentario-per-non-dimenticare\/#primaryimage"},"image":{"@id":"https:\/\/www.bellunopress.it\/2019\/10\/08\/tragedia-del-vajont-al-senato-della-repubblica-pozza-e-padrin-il-film-documentario-per-non-dimenticare\/#primaryimage"},"thumbnailUrl":"http:\/\/www.bellunopress.it\/wp-content\/uploads\/2018\/09\/Mario-Pozza.jpg","datePublished":"2019-10-08T14:42:08+00:00","dateModified":"2019-10-08T14:44:52+00:00","breadcrumb":{"@id":"https:\/\/www.bellunopress.it\/2019\/10\/08\/tragedia-del-vajont-al-senato-della-repubblica-pozza-e-padrin-il-film-documentario-per-non-dimenticare\/#breadcrumb"},"inLanguage":"fr-FR","potentialAction":[{"@type":"ReadAction","target":["https:\/\/www.bellunopress.it\/2019\/10\/08\/tragedia-del-vajont-al-senato-della-repubblica-pozza-e-padrin-il-film-documentario-per-non-dimenticare\/"]}]},{"@type":"ImageObject","inLanguage":"fr-FR","@id":"https:\/\/www.bellunopress.it\/2019\/10\/08\/tragedia-del-vajont-al-senato-della-repubblica-pozza-e-padrin-il-film-documentario-per-non-dimenticare\/#primaryimage","url":"http:\/\/www.bellunopress.it\/wp-content\/uploads\/2018\/09\/Mario-Pozza.jpg","contentUrl":"http:\/\/www.bellunopress.it\/wp-content\/uploads\/2018\/09\/Mario-Pozza.jpg"},{"@type":"BreadcrumbList","@id":"https:\/\/www.bellunopress.it\/2019\/10\/08\/tragedia-del-vajont-al-senato-della-repubblica-pozza-e-padrin-il-film-documentario-per-non-dimenticare\/#breadcrumb","itemListElement":[{"@type":"ListItem","position":1,"name":"Home","item":"https:\/\/www.bellunopress.it\/"},{"@type":"ListItem","position":2,"name":"Tragedia del Vajont: al Senato della Repubblica Pozza e Padrin.\u00a0Il film documentario per non dimenticare"}]},{"@type":"WebSite","@id":"https:\/\/www.bellunopress.it\/#website","url":"https:\/\/www.bellunopress.it\/","name":"Bellunopress - Dolomiti","description":"e-mail: redazione@bellunopress.it","publisher":{"@id":"https:\/\/www.bellunopress.it\/#organization"},"potentialAction":[{"@type":"SearchAction","target":{"@type":"EntryPoint","urlTemplate":"https:\/\/www.bellunopress.it\/?s={search_term_string}"},"query-input":{"@type":"PropertyValueSpecification","valueRequired":true,"valueName":"search_term_string"}}],"inLanguage":"fr-FR"},{"@type":"Organization","@id":"https:\/\/www.bellunopress.it\/#organization","name":"Bellunopress","url":"https:\/\/www.bellunopress.it\/","logo":{"@type":"ImageObject","inLanguage":"fr-FR","@id":"https:\/\/www.bellunopress.it\/#\/schema\/logo\/image\/","url":"https:\/\/www.bellunopress.it\/wp-content\/uploads\/2011\/05\/cropped-logo-bellunopress-.jpg","contentUrl":"https:\/\/www.bellunopress.it\/wp-content\/uploads\/2011\/05\/cropped-logo-bellunopress-.jpg","width":512,"height":512,"caption":"Bellunopress"},"image":{"@id":"https:\/\/www.bellunopress.it\/#\/schema\/logo\/image\/"},"sameAs":["https:\/\/www.facebook.com\/profile.php?id=100008943462799","https:\/\/x.com\/bellunopress","https:\/\/www.linkedin.com\/hp\/?dnr=JBzUWaJfMUw8vbXJJ2tVW5-I3jZKvC4wsoxE&amp;amp;amp;amp;amp;amp;trk=nav_responsive_tab_home","https:\/\/www.youtube.com\/channel\/UCxL0wu1uN0_3_7hGG0306cw"]},{"@type":"Person","@id":"https:\/\/www.bellunopress.it\/#\/schema\/person\/79bb06722b37ece1c03d3e94beb30d73","name":"r\u00e9daction","image":{"@type":"ImageObject","inLanguage":"fr-FR","@id":"https:\/\/secure.gravatar.com\/avatar\/37d968a2e67a6fd04c169c4bdef102d0bc5d31b2546345219e348575eb80e9a0?s=96&d=mm&r=g","url":"https:\/\/secure.gravatar.com\/avatar\/37d968a2e67a6fd04c169c4bdef102d0bc5d31b2546345219e348575eb80e9a0?s=96&d=mm&r=g","contentUrl":"https:\/\/secure.gravatar.com\/avatar\/37d968a2e67a6fd04c169c4bdef102d0bc5d31b2546345219e348575eb80e9a0?s=96&d=mm&r=g","caption":"redazione"},"sameAs":["http:\/\/www.bellunopress.it","https:\/\/x.com\/bellunopress"],"url":"https:\/\/www.bellunopress.it\/fr\/author\/redazione\/"}]}},"_links":{"self":[{"href":"https:\/\/www.bellunopress.it\/fr\/wp-json\/wp\/v2\/posts\/108584","targetHints":{"allow":["GET"]}}],"collection":[{"href":"https:\/\/www.bellunopress.it\/fr\/wp-json\/wp\/v2\/posts"}],"about":[{"href":"https:\/\/www.bellunopress.it\/fr\/wp-json\/wp\/v2\/types\/post"}],"author":[{"embeddable":true,"href":"https:\/\/www.bellunopress.it\/fr\/wp-json\/wp\/v2\/users\/2"}],"replies":[{"embeddable":true,"href":"https:\/\/www.bellunopress.it\/fr\/wp-json\/wp\/v2\/comments?post=108584"}],"version-history":[{"count":2,"href":"https:\/\/www.bellunopress.it\/fr\/wp-json\/wp\/v2\/posts\/108584\/revisions"}],"predecessor-version":[{"id":108586,"href":"https:\/\/www.bellunopress.it\/fr\/wp-json\/wp\/v2\/posts\/108584\/revisions\/108586"}],"wp:attachment":[{"href":"https:\/\/www.bellunopress.it\/fr\/wp-json\/wp\/v2\/media?parent=108584"}],"wp:term":[{"taxonomy":"category","embeddable":true,"href":"https:\/\/www.bellunopress.it\/fr\/wp-json\/wp\/v2\/categories?post=108584"},{"taxonomy":"post_tag","embeddable":true,"href":"https:\/\/www.bellunopress.it\/fr\/wp-json\/wp\/v2\/tags?post=108584"}],"curies":[{"name":"wp","href":"https:\/\/api.w.org\/{rel}","templated":true}]}}