{"id":108533,"date":"2019-10-06T14:18:41","date_gmt":"2019-10-06T12:18:41","guid":{"rendered":"http:\/\/www.bellunopress.it\/?p=108533"},"modified":"2019-10-06T14:18:41","modified_gmt":"2019-10-06T12:18:41","slug":"silenzio-e-rispetto-per-i-due-poliziotti-uccisi","status":"publish","type":"post","link":"https:\/\/www.bellunopress.it\/fr\/2019\/10\/06\/silenzio-e-rispetto-per-i-due-poliziotti-uccisi\/","title":{"rendered":"Silenzio e rispetto per i due poliziotti uccisi"},"content":{"rendered":"<p><a href=\"http:\/\/www.bellunopress.it\/fr\/2011\/10\/18\/e-morto-questa-mattina-il-poeta-andrea-zanzotto-aveva-compiuto-da-poco-90-anni\/lutto-2\/\" rel=\"attachment wp-att-31571\"><img loading=\"lazy\" decoding=\"async\" class=\"alignleft size-full wp-image-31571\" src=\"http:\/\/www.bellunopress.it\/wp-content\/uploads\/2011\/10\/lutto.jpg\" alt=\"\" width=\"140\" height=\"140\" \/><\/a>Ancora una volta degli Uomini servitori dello Stato periscono nel pieno adempimento del loro dovere. Due agenti di polizia, due uomini esperti, due professionisti, perch\u00e9 per indossare una divisa bisogna avere un profilo particolare, che richiede preparazione fisica e spiccate doti umane.<br \/>\nNon sempre si corre dietro ad un bandito, un rapinatore, non sempre si fermano e schedano persone, il lavoro del poliziotto \u00e8 anche un lavoro a fianco del cittadino, pronto in qualsiasi momento ad aiutare ogni singola persona in difficolt\u00e0, ed \u00e8 per questo che molte volte i nostri anziani si affidano a loro per avere un po&#8217; di compagnia.<\/p>\n<p>Pierluigi Rotta aveva 34 anni, Matteo Demenego di anni ne aveva 31, giovani ma esperti.<br \/>\nUn 29enne di origini domenicane portato in Questura per un&#8217;indagine per furto, \u00e8 riuscito a sottrarre la pistola in dotazione a Pierluigi Rotta aprendo il fuoco sui due agenti. Rappresentanti della legge, rappresentanti della difesa della Patria e la salvaguardia delle libere istituzioni.<br \/>\nOra \u00e8 il momento del silenzio, il momento del rispetto.<br \/>\nInvocare la tolleranza zero non serve, ora che due servitori dello Stato, sono morti.<br \/>\nCome gi\u00e0 espresso in passato, la tolleranza zero che tanto si invoca ad alta voce in questi momenti, deve essere una misura utile a prevenire questi fatti.<br \/>\nGiustizia e certezza della pena, questo chiediamo.<br \/>\nDa tempo le Forze dell&#8217;Ordine sono soggette ad episodi di violenza.<br \/>\nCi sentiamo sempre pi\u00f9 disarmati innanzi a certi fatti, orfani di una consapevolezza che ci dia la possibilit\u00e0 di capirne il perch\u00e9 accadono questi fatti.<\/p>\n<p>Oggi come ieri Fratelli d&#8217;Italia Belluno, vuole salutare tutti gli uomini in divisa che durante il servizio e non, ci hanno lasciato prematuramente.<br \/>\nUn caloroso e sentito pensiero agli Uomini e Donne della Polizia di Stato.<br \/>\nAi familiari degli agenti Pierluigi Rotta e Matteo Demenego le nostre pi\u00f9 sentite condoglianze.<\/p>\n<p>Alessandro Farina &#8211; Responsabile Consulta Provinciale Forze Armate &#8211; Belluno<\/p>","protected":false},"excerpt":{"rendered":"<p>Ancora una volta degli Uomini servitori dello Stato periscono nel pieno adempimento del loro dovere. Due agenti di polizia, due uomini esperti, due professionisti, perch\u00e9 per indossare una divisa bisogna avere un profilo particolare, che richiede preparazione fisica e spiccate doti umane. Non sempre si corre dietro ad un bandito, un rapinatore, non sempre si [&hellip;]<\/p>\n","protected":false},"author":2,"featured_media":0,"comment_status":"closed","ping_status":"open","sticky":false,"template":"","format":"standard","meta":{"footnotes":""},"categories":[1,26],"tags":[],"class_list":["post-108533","post","type-post","status-publish","format-standard","category-leo","category-prima-pagina"],"yoast_head":"<!-- This site is optimized with the Yoast SEO plugin v28.4 - https:\/\/yoast.com\/product\/yoast-seo-wordpress\/ -->\n<title>Silenzio e rispetto per i due poliziotti uccisi - Bellunopress - Dolomiti<\/title>\n<meta name=\"robots\" content=\"index, follow, max-snippet:-1, max-image-preview:large, max-video-preview:-1\" \/>\n<link rel=\"canonical\" href=\"https:\/\/www.bellunopress.it\/fr\/2019\/10\/06\/silenzio-e-rispetto-per-i-due-poliziotti-uccisi\/\" \/>\n<meta property=\"og:locale\" content=\"fr_FR\" \/>\n<meta property=\"og:type\" content=\"article\" \/>\n<meta property=\"og:title\" content=\"Silenzio e rispetto per i due poliziotti uccisi - Bellunopress - Dolomiti\" \/>\n<meta property=\"og:description\" content=\"Ancora una volta degli Uomini servitori dello Stato periscono nel pieno adempimento del loro dovere. Due agenti di polizia, due uomini esperti, due professionisti, perch\u00e9 per indossare una divisa bisogna avere un profilo particolare, che richiede preparazione fisica e spiccate doti umane. Non sempre si corre dietro ad un bandito, un rapinatore, non sempre si [&hellip;]\" \/>\n<meta property=\"og:url\" content=\"https:\/\/www.bellunopress.it\/fr\/2019\/10\/06\/silenzio-e-rispetto-per-i-due-poliziotti-uccisi\/\" \/>\n<meta property=\"og:site_name\" content=\"Bellunopress - Dolomiti\" \/>\n<meta property=\"article:publisher\" content=\"https:\/\/www.facebook.com\/profile.php?id=100008943462799\" \/>\n<meta property=\"article:published_time\" content=\"2019-10-06T12:18:41+00:00\" \/>\n<meta property=\"og:image\" content=\"http:\/\/www.bellunopress.it\/wp-content\/uploads\/2011\/10\/lutto.jpg\" \/>\n<meta name=\"author\" content=\"redazione\" \/>\n<meta name=\"twitter:card\" content=\"summary_large_image\" \/>\n<meta name=\"twitter:creator\" content=\"@bellunopress\" \/>\n<meta name=\"twitter:site\" content=\"@bellunopress\" \/>\n<meta name=\"twitter:label1\" content=\"\u00c9crit par\" \/>\n\t<meta name=\"twitter:data1\" content=\"redazione\" \/>\n\t<meta name=\"twitter:label2\" content=\"Dur\u00e9e de lecture estim\u00e9e\" \/>\n\t<meta name=\"twitter:data2\" content=\"2 minutes\" \/>\n<script type=\"application\/ld+json\" class=\"yoast-schema-graph\">{\"@context\":\"https:\\\/\\\/schema.org\",\"@graph\":[{\"@type\":\"Article\",\"@id\":\"https:\\\/\\\/www.bellunopress.it\\\/2019\\\/10\\\/06\\\/silenzio-e-rispetto-per-i-due-poliziotti-uccisi\\\/#article\",\"isPartOf\":{\"@id\":\"https:\\\/\\\/www.bellunopress.it\\\/2019\\\/10\\\/06\\\/silenzio-e-rispetto-per-i-due-poliziotti-uccisi\\\/\"},\"author\":{\"name\":\"redazione\",\"@id\":\"https:\\\/\\\/www.bellunopress.it\\\/#\\\/schema\\\/person\\\/79bb06722b37ece1c03d3e94beb30d73\"},\"headline\":\"Silenzio e rispetto per i due poliziotti uccisi\",\"datePublished\":\"2019-10-06T12:18:41+00:00\",\"mainEntityOfPage\":{\"@id\":\"https:\\\/\\\/www.bellunopress.it\\\/2019\\\/10\\\/06\\\/silenzio-e-rispetto-per-i-due-poliziotti-uccisi\\\/\"},\"wordCount\":319,\"publisher\":{\"@id\":\"https:\\\/\\\/www.bellunopress.it\\\/#organization\"},\"image\":{\"@id\":\"https:\\\/\\\/www.bellunopress.it\\\/2019\\\/10\\\/06\\\/silenzio-e-rispetto-per-i-due-poliziotti-uccisi\\\/#primaryimage\"},\"thumbnailUrl\":\"http:\\\/\\\/www.bellunopress.it\\\/wp-content\\\/uploads\\\/2011\\\/10\\\/lutto.jpg\",\"articleSection\":[\"Lettere Opinioni\",\"Prima Pagina\"],\"inLanguage\":\"fr-FR\"},{\"@type\":\"WebPage\",\"@id\":\"https:\\\/\\\/www.bellunopress.it\\\/2019\\\/10\\\/06\\\/silenzio-e-rispetto-per-i-due-poliziotti-uccisi\\\/\",\"url\":\"https:\\\/\\\/www.bellunopress.it\\\/2019\\\/10\\\/06\\\/silenzio-e-rispetto-per-i-due-poliziotti-uccisi\\\/\",\"name\":\"Silenzio e rispetto per i due poliziotti uccisi - Bellunopress - Dolomiti\",\"isPartOf\":{\"@id\":\"https:\\\/\\\/www.bellunopress.it\\\/#website\"},\"primaryImageOfPage\":{\"@id\":\"https:\\\/\\\/www.bellunopress.it\\\/2019\\\/10\\\/06\\\/silenzio-e-rispetto-per-i-due-poliziotti-uccisi\\\/#primaryimage\"},\"image\":{\"@id\":\"https:\\\/\\\/www.bellunopress.it\\\/2019\\\/10\\\/06\\\/silenzio-e-rispetto-per-i-due-poliziotti-uccisi\\\/#primaryimage\"},\"thumbnailUrl\":\"http:\\\/\\\/www.bellunopress.it\\\/wp-content\\\/uploads\\\/2011\\\/10\\\/lutto.jpg\",\"datePublished\":\"2019-10-06T12:18:41+00:00\",\"breadcrumb\":{\"@id\":\"https:\\\/\\\/www.bellunopress.it\\\/2019\\\/10\\\/06\\\/silenzio-e-rispetto-per-i-due-poliziotti-uccisi\\\/#breadcrumb\"},\"inLanguage\":\"fr-FR\",\"potentialAction\":[{\"@type\":\"ReadAction\",\"target\":[\"https:\\\/\\\/www.bellunopress.it\\\/2019\\\/10\\\/06\\\/silenzio-e-rispetto-per-i-due-poliziotti-uccisi\\\/\"]}]},{\"@type\":\"ImageObject\",\"inLanguage\":\"fr-FR\",\"@id\":\"https:\\\/\\\/www.bellunopress.it\\\/2019\\\/10\\\/06\\\/silenzio-e-rispetto-per-i-due-poliziotti-uccisi\\\/#primaryimage\",\"url\":\"http:\\\/\\\/www.bellunopress.it\\\/wp-content\\\/uploads\\\/2011\\\/10\\\/lutto.jpg\",\"contentUrl\":\"http:\\\/\\\/www.bellunopress.it\\\/wp-content\\\/uploads\\\/2011\\\/10\\\/lutto.jpg\"},{\"@type\":\"BreadcrumbList\",\"@id\":\"https:\\\/\\\/www.bellunopress.it\\\/2019\\\/10\\\/06\\\/silenzio-e-rispetto-per-i-due-poliziotti-uccisi\\\/#breadcrumb\",\"itemListElement\":[{\"@type\":\"ListItem\",\"position\":1,\"name\":\"Home\",\"item\":\"https:\\\/\\\/www.bellunopress.it\\\/\"},{\"@type\":\"ListItem\",\"position\":2,\"name\":\"Silenzio e rispetto per i due poliziotti uccisi\"}]},{\"@type\":\"WebSite\",\"@id\":\"https:\\\/\\\/www.bellunopress.it\\\/#website\",\"url\":\"https:\\\/\\\/www.bellunopress.it\\\/\",\"name\":\"Bellunopress - Dolomiti\",\"description\":\"e-mail: redazione@bellunopress.it\",\"publisher\":{\"@id\":\"https:\\\/\\\/www.bellunopress.it\\\/#organization\"},\"potentialAction\":[{\"@type\":\"SearchAction\",\"target\":{\"@type\":\"EntryPoint\",\"urlTemplate\":\"https:\\\/\\\/www.bellunopress.it\\\/?s={search_term_string}\"},\"query-input\":{\"@type\":\"PropertyValueSpecification\",\"valueRequired\":true,\"valueName\":\"search_term_string\"}}],\"inLanguage\":\"fr-FR\"},{\"@type\":\"Organization\",\"@id\":\"https:\\\/\\\/www.bellunopress.it\\\/#organization\",\"name\":\"Bellunopress\",\"url\":\"https:\\\/\\\/www.bellunopress.it\\\/\",\"logo\":{\"@type\":\"ImageObject\",\"inLanguage\":\"fr-FR\",\"@id\":\"https:\\\/\\\/www.bellunopress.it\\\/#\\\/schema\\\/logo\\\/image\\\/\",\"url\":\"https:\\\/\\\/www.bellunopress.it\\\/wp-content\\\/uploads\\\/2011\\\/05\\\/cropped-logo-bellunopress-.jpg\",\"contentUrl\":\"https:\\\/\\\/www.bellunopress.it\\\/wp-content\\\/uploads\\\/2011\\\/05\\\/cropped-logo-bellunopress-.jpg\",\"width\":512,\"height\":512,\"caption\":\"Bellunopress\"},\"image\":{\"@id\":\"https:\\\/\\\/www.bellunopress.it\\\/#\\\/schema\\\/logo\\\/image\\\/\"},\"sameAs\":[\"https:\\\/\\\/www.facebook.com\\\/profile.php?id=100008943462799\",\"https:\\\/\\\/x.com\\\/bellunopress\",\"https:\\\/\\\/www.linkedin.com\\\/hp\\\/?dnr=JBzUWaJfMUw8vbXJJ2tVW5-I3jZKvC4wsoxE&amp;amp;amp;amp;amp;amp;trk=nav_responsive_tab_home\",\"https:\\\/\\\/www.youtube.com\\\/channel\\\/UCxL0wu1uN0_3_7hGG0306cw\"]},{\"@type\":\"Person\",\"@id\":\"https:\\\/\\\/www.bellunopress.it\\\/#\\\/schema\\\/person\\\/79bb06722b37ece1c03d3e94beb30d73\",\"name\":\"redazione\",\"image\":{\"@type\":\"ImageObject\",\"inLanguage\":\"fr-FR\",\"@id\":\"https:\\\/\\\/secure.gravatar.com\\\/avatar\\\/37d968a2e67a6fd04c169c4bdef102d0bc5d31b2546345219e348575eb80e9a0?s=96&d=mm&r=g\",\"url\":\"https:\\\/\\\/secure.gravatar.com\\\/avatar\\\/37d968a2e67a6fd04c169c4bdef102d0bc5d31b2546345219e348575eb80e9a0?s=96&d=mm&r=g\",\"contentUrl\":\"https:\\\/\\\/secure.gravatar.com\\\/avatar\\\/37d968a2e67a6fd04c169c4bdef102d0bc5d31b2546345219e348575eb80e9a0?s=96&d=mm&r=g\",\"caption\":\"redazione\"},\"sameAs\":[\"http:\\\/\\\/www.bellunopress.it\",\"https:\\\/\\\/x.com\\\/bellunopress\"],\"url\":\"https:\\\/\\\/www.bellunopress.it\\\/fr\\\/author\\\/redazione\\\/\"}]}<\/script>\n<!-- \/ Yoast SEO plugin. -->","yoast_head_json":{"title":"Silenzio e rispetto per i due poliziotti uccisi - Bellunopress - Dolomiti","robots":{"index":"index","follow":"follow","max-snippet":"max-snippet:-1","max-image-preview":"max-image-preview:large","max-video-preview":"max-video-preview:-1"},"canonical":"https:\/\/www.bellunopress.it\/fr\/2019\/10\/06\/silenzio-e-rispetto-per-i-due-poliziotti-uccisi\/","og_locale":"fr_FR","og_type":"article","og_title":"Silenzio e rispetto per i due poliziotti uccisi - Bellunopress - Dolomiti","og_description":"Ancora una volta degli Uomini servitori dello Stato periscono nel pieno adempimento del loro dovere. Due agenti di polizia, due uomini esperti, due professionisti, perch\u00e9 per indossare una divisa bisogna avere un profilo particolare, che richiede preparazione fisica e spiccate doti umane. Non sempre si corre dietro ad un bandito, un rapinatore, non sempre si [&hellip;]","og_url":"https:\/\/www.bellunopress.it\/fr\/2019\/10\/06\/silenzio-e-rispetto-per-i-due-poliziotti-uccisi\/","og_site_name":"Bellunopress - Dolomiti","article_publisher":"https:\/\/www.facebook.com\/profile.php?id=100008943462799","article_published_time":"2019-10-06T12:18:41+00:00","og_image":[{"url":"http:\/\/www.bellunopress.it\/wp-content\/uploads\/2011\/10\/lutto.jpg","type":"","width":"","height":""}],"author":"redazione","twitter_card":"summary_large_image","twitter_creator":"@bellunopress","twitter_site":"@bellunopress","twitter_misc":{"\u00c9crit par":"redazione","Dur\u00e9e de lecture estim\u00e9e":"2 minutes"},"schema":{"@context":"https:\/\/schema.org","@graph":[{"@type":"Article","@id":"https:\/\/www.bellunopress.it\/2019\/10\/06\/silenzio-e-rispetto-per-i-due-poliziotti-uccisi\/#article","isPartOf":{"@id":"https:\/\/www.bellunopress.it\/2019\/10\/06\/silenzio-e-rispetto-per-i-due-poliziotti-uccisi\/"},"author":{"name":"redazione","@id":"https:\/\/www.bellunopress.it\/#\/schema\/person\/79bb06722b37ece1c03d3e94beb30d73"},"headline":"Silenzio e rispetto per i due poliziotti uccisi","datePublished":"2019-10-06T12:18:41+00:00","mainEntityOfPage":{"@id":"https:\/\/www.bellunopress.it\/2019\/10\/06\/silenzio-e-rispetto-per-i-due-poliziotti-uccisi\/"},"wordCount":319,"publisher":{"@id":"https:\/\/www.bellunopress.it\/#organization"},"image":{"@id":"https:\/\/www.bellunopress.it\/2019\/10\/06\/silenzio-e-rispetto-per-i-due-poliziotti-uccisi\/#primaryimage"},"thumbnailUrl":"http:\/\/www.bellunopress.it\/wp-content\/uploads\/2011\/10\/lutto.jpg","articleSection":["Lettere Opinioni","Prima Pagina"],"inLanguage":"fr-FR"},{"@type":"WebPage","@id":"https:\/\/www.bellunopress.it\/2019\/10\/06\/silenzio-e-rispetto-per-i-due-poliziotti-uccisi\/","url":"https:\/\/www.bellunopress.it\/2019\/10\/06\/silenzio-e-rispetto-per-i-due-poliziotti-uccisi\/","name":"Silenzio e rispetto per i due poliziotti uccisi - Bellunopress - Dolomiti","isPartOf":{"@id":"https:\/\/www.bellunopress.it\/#website"},"primaryImageOfPage":{"@id":"https:\/\/www.bellunopress.it\/2019\/10\/06\/silenzio-e-rispetto-per-i-due-poliziotti-uccisi\/#primaryimage"},"image":{"@id":"https:\/\/www.bellunopress.it\/2019\/10\/06\/silenzio-e-rispetto-per-i-due-poliziotti-uccisi\/#primaryimage"},"thumbnailUrl":"http:\/\/www.bellunopress.it\/wp-content\/uploads\/2011\/10\/lutto.jpg","datePublished":"2019-10-06T12:18:41+00:00","breadcrumb":{"@id":"https:\/\/www.bellunopress.it\/2019\/10\/06\/silenzio-e-rispetto-per-i-due-poliziotti-uccisi\/#breadcrumb"},"inLanguage":"fr-FR","potentialAction":[{"@type":"ReadAction","target":["https:\/\/www.bellunopress.it\/2019\/10\/06\/silenzio-e-rispetto-per-i-due-poliziotti-uccisi\/"]}]},{"@type":"ImageObject","inLanguage":"fr-FR","@id":"https:\/\/www.bellunopress.it\/2019\/10\/06\/silenzio-e-rispetto-per-i-due-poliziotti-uccisi\/#primaryimage","url":"http:\/\/www.bellunopress.it\/wp-content\/uploads\/2011\/10\/lutto.jpg","contentUrl":"http:\/\/www.bellunopress.it\/wp-content\/uploads\/2011\/10\/lutto.jpg"},{"@type":"BreadcrumbList","@id":"https:\/\/www.bellunopress.it\/2019\/10\/06\/silenzio-e-rispetto-per-i-due-poliziotti-uccisi\/#breadcrumb","itemListElement":[{"@type":"ListItem","position":1,"name":"Home","item":"https:\/\/www.bellunopress.it\/"},{"@type":"ListItem","position":2,"name":"Silenzio e rispetto per i due poliziotti uccisi"}]},{"@type":"WebSite","@id":"https:\/\/www.bellunopress.it\/#website","url":"https:\/\/www.bellunopress.it\/","name":"Bellunopress - Dolomiti","description":"e-mail: redazione@bellunopress.it","publisher":{"@id":"https:\/\/www.bellunopress.it\/#organization"},"potentialAction":[{"@type":"SearchAction","target":{"@type":"EntryPoint","urlTemplate":"https:\/\/www.bellunopress.it\/?s={search_term_string}"},"query-input":{"@type":"PropertyValueSpecification","valueRequired":true,"valueName":"search_term_string"}}],"inLanguage":"fr-FR"},{"@type":"Organization","@id":"https:\/\/www.bellunopress.it\/#organization","name":"Bellunopress","url":"https:\/\/www.bellunopress.it\/","logo":{"@type":"ImageObject","inLanguage":"fr-FR","@id":"https:\/\/www.bellunopress.it\/#\/schema\/logo\/image\/","url":"https:\/\/www.bellunopress.it\/wp-content\/uploads\/2011\/05\/cropped-logo-bellunopress-.jpg","contentUrl":"https:\/\/www.bellunopress.it\/wp-content\/uploads\/2011\/05\/cropped-logo-bellunopress-.jpg","width":512,"height":512,"caption":"Bellunopress"},"image":{"@id":"https:\/\/www.bellunopress.it\/#\/schema\/logo\/image\/"},"sameAs":["https:\/\/www.facebook.com\/profile.php?id=100008943462799","https:\/\/x.com\/bellunopress","https:\/\/www.linkedin.com\/hp\/?dnr=JBzUWaJfMUw8vbXJJ2tVW5-I3jZKvC4wsoxE&amp;amp;amp;amp;amp;amp;trk=nav_responsive_tab_home","https:\/\/www.youtube.com\/channel\/UCxL0wu1uN0_3_7hGG0306cw"]},{"@type":"Person","@id":"https:\/\/www.bellunopress.it\/#\/schema\/person\/79bb06722b37ece1c03d3e94beb30d73","name":"r\u00e9daction","image":{"@type":"ImageObject","inLanguage":"fr-FR","@id":"https:\/\/secure.gravatar.com\/avatar\/37d968a2e67a6fd04c169c4bdef102d0bc5d31b2546345219e348575eb80e9a0?s=96&d=mm&r=g","url":"https:\/\/secure.gravatar.com\/avatar\/37d968a2e67a6fd04c169c4bdef102d0bc5d31b2546345219e348575eb80e9a0?s=96&d=mm&r=g","contentUrl":"https:\/\/secure.gravatar.com\/avatar\/37d968a2e67a6fd04c169c4bdef102d0bc5d31b2546345219e348575eb80e9a0?s=96&d=mm&r=g","caption":"redazione"},"sameAs":["http:\/\/www.bellunopress.it","https:\/\/x.com\/bellunopress"],"url":"https:\/\/www.bellunopress.it\/fr\/author\/redazione\/"}]}},"_links":{"self":[{"href":"https:\/\/www.bellunopress.it\/fr\/wp-json\/wp\/v2\/posts\/108533","targetHints":{"allow":["GET"]}}],"collection":[{"href":"https:\/\/www.bellunopress.it\/fr\/wp-json\/wp\/v2\/posts"}],"about":[{"href":"https:\/\/www.bellunopress.it\/fr\/wp-json\/wp\/v2\/types\/post"}],"author":[{"embeddable":true,"href":"https:\/\/www.bellunopress.it\/fr\/wp-json\/wp\/v2\/users\/2"}],"replies":[{"embeddable":true,"href":"https:\/\/www.bellunopress.it\/fr\/wp-json\/wp\/v2\/comments?post=108533"}],"version-history":[{"count":1,"href":"https:\/\/www.bellunopress.it\/fr\/wp-json\/wp\/v2\/posts\/108533\/revisions"}],"predecessor-version":[{"id":108534,"href":"https:\/\/www.bellunopress.it\/fr\/wp-json\/wp\/v2\/posts\/108533\/revisions\/108534"}],"wp:attachment":[{"href":"https:\/\/www.bellunopress.it\/fr\/wp-json\/wp\/v2\/media?parent=108533"}],"wp:term":[{"taxonomy":"category","embeddable":true,"href":"https:\/\/www.bellunopress.it\/fr\/wp-json\/wp\/v2\/categories?post=108533"},{"taxonomy":"post_tag","embeddable":true,"href":"https:\/\/www.bellunopress.it\/fr\/wp-json\/wp\/v2\/tags?post=108533"}],"curies":[{"name":"wp","href":"https:\/\/api.w.org\/{rel}","templated":true}]}}