{"id":108513,"date":"2019-10-05T14:44:24","date_gmt":"2019-10-05T12:44:24","guid":{"rendered":"http:\/\/www.bellunopress.it\/?p=108513"},"modified":"2019-10-05T14:44:25","modified_gmt":"2019-10-05T12:44:25","slug":"inaugurato-a-longarone-fiere-il-grande-trittico-fieristico-dedicato-al-turismo-e-allospitalita-in-montagna","status":"publish","type":"post","link":"https:\/\/www.bellunopress.it\/fr\/2019\/10\/05\/inaugurato-a-longarone-fiere-il-grande-trittico-fieristico-dedicato-al-turismo-e-allospitalita-in-montagna\/","title":{"rendered":"Inaugurato a Longarone fiere il grande trittico fieristico dedicato al turismo e all\u2019ospitalit\u00e0 in montagna"},"content":{"rendered":"<figure id=\"attachment_108514\" aria-describedby=\"caption-attachment-108514\" style=\"width: 300px\" class=\"wp-caption alignleft\"><a href=\"http:\/\/www.bellunopress.it\/fr\/2019\/10\/05\/inaugurato-a-longarone-fiere-il-grande-trittico-fieristico-dedicato-al-turismo-e-allospitalita-in-montagna\/stand-dmo-dolomiti-longarone-fiere\/\" rel=\"attachment wp-att-108514\"><img loading=\"lazy\" decoding=\"async\" class=\"size-full wp-image-108514\" src=\"http:\/\/www.bellunopress.it\/wp-content\/uploads\/2019\/10\/Stand-DMO-Dolomiti-longarone-fiere.jpg\" alt=\"\" width=\"300\" height=\"188\" \/><\/a><figcaption id=\"caption-attachment-108514\" class=\"wp-caption-text\">Stand DMO Dolomiti<\/figcaption><\/figure>\n<p>Longarone 5 ottobre 2019\u00a0 &#8211;\u00a0 Inaugurata oggi la 3^ edizione di Dolomiti Show alla presenza del ministro Federico D\u2019inc\u00e0, dell\u2019assessore al turismo della Regione Veneto Federico Caner, del presidente della Provincia di Belluno Roberto Padrin e del presidente di Longarone Fiere Dolomiti Gian Angelo Bellati.<\/p>\n<p>Proprio il ministro ha aperto il dibattito di presentazione. \u00abSono onorato di essere presente a questa Fiera. Parto dal concetto di squadra per sottolineare l\u2019importanza di questo appuntamento. Come squadra dobbiamo essere capaci di parlare un linguaggio nuovo per gestire al meglio le sfide future. Tra queste il turismo che rappresenta il 10% del Pil e occorre partire con un lavoro strutturato tra Governo e Veneto attraverso tavoli di lavoro specifici a partire dai Mondiali e dalle Olimpiadi come prossimi appuntamenti. Dobbiamo imparare a sfruttare le opportunit\u00e0 sapendo che dobbiamo colpire il centro del bersaglio come fossimo un arco che non pu\u00f2 sbagliare. C\u2019\u00e8 chi sar\u00e0 l\u2019arco, chi la corda, chi la freccia, chi il braccio che tiene l\u2019attrezzo ma lo scopo \u00e8 solo uno: centrare il centro rosso del paglione. Per questo ora partiranno i programmi per il bellunese e allo stesso modo cercheremo di non far toccare i nostri prodotti dai dazi. Perch\u00e9 dobbiamo tutelare le nostre eccellenze\u00bb.<\/p>\n<p>Gli fa eco l\u2019assessore Caner portando i saluti del governatore Zaia: \u00abSaluto tutti e approfitto per dirvi che dobbiamo innanzitutto impegnarci per far diventare questa fiera sempre pi\u00f9 importante e di qualit\u00e0. Anche a livello internazionale. Non per niente oggi sono presenti 40 buyer internazionali perch\u00e9 crediamo fortemente nella montagna bellunese e abbiamo bisogno di creare un interscambio turistico ed economico anche per le prossime rassegne. Abbiamo bisogno di una nuova presa di coscienza sulla cultura dell&#8217;accoglienza attraverso un turismo di qualit\u00e0 e questo vale per tutto il Veneto perch\u00e9 solo cos\u00ec potremo crescere e migliorare. Pubblico e privato devono collaborare per essere pi\u00f9 forti nel dialogo con il Governo\u00bb.<\/p>\n<p>A Padrin il compito di augurare alla Fiera il massimo riscontro: \u00abDietro questa Fiera ci sono anni di lavoro. Per renderla sempre pi\u00f9 accogliente e al passo con i tempi. Noi adesso rappresentiamo il volano per invogliare le aziende ad investire sul nostro territorio perch\u00e9 le opportunit\u00e0 che ci si stanno proponendo davanti, creeranno posti di lavoro e svilupperanno il settore turistico rilanciando anche a livello internazionale tutto il Bellunese e il territorio delle Dolomiti\u00bb.<\/p>\n<p>A chiudere le parole del presidente di Longarone Fiere Dolomiti Gian Angelo Bellati per bocca del vicepresidente Giorgio Bosa dal momento che il presidente \u00e8 stato bloccato da una forte afonia. \u00abIl mio saluto va a tutte le Autorit\u00e0 presenti. Inauguriamo questa nuova edizione della Fiera del Turismo, che abbiamo potuto realizzare grazie alle sinergie con Dolomiti Show e alla collaborazione dei nostri Soci, Associazioni di categoria, associazioni di volontariato. Ben sappiamo che il Veneto \u00e8 un esempio nel mondo in questo importante settore della nostra vita quotidiana. Il turismo \u00e8 il settore economico pi\u00f9 resistente alla crisi, nel senso che la sua crescita e le prospettive di creazione di nuovi posti di lavoro sono improntate ad un grande ottimismo. I mondiali 2021 e le olimpiadi 2026, ai quali la nostra Fiera non pu\u00f2 essere assente, sono un\u2019opportunit\u00e0 per le numerose imprese del nostro territorio, leader spesso nel mondo nelle attivit\u00e0 dirette ed indirette collegate al turismo. Queste sono le ragioni per cui questa prima edizione, diciamo \u201crafforzata\u201d, della fiera Turismo, sar\u00e0 ripetuta ogni anno\u00bb. Quest\u2019anno la novit\u00e0 \u00e8 rappresentata, vicino a Dolomiti Show, da Dolomiti HORECA, Fiera delle attrezzature per Hotel-Ristorazione-Catering, nell\u2019ambito della quale sono presenti imprese venete, italiane, ma anche da una decina di diversi Paesi europei con un ruolo importante. In secondo luogo da Dolomiti Outdoor, Fiera del Turismo all\u2019aria aperta, dello sport di montagna, del benessere e dell\u2019enogastronomia.<\/p>\n<p>\u00abAnnunciamo sin d\u2019ora che, grazie alla collaborazione con le Associazioni delle nostre imprese, sport ed enogastronomia \u2013 continua Bosa &#8211; verranno ripetute e rafforzate in occasione della prossima Fiera Caccia e Pesca per mettere in evidenza e promuovere in tutto il mondo le nostre eccellenze. E non dimentichiamo che questa edizione \u00e8 contemporanea a quella della Fiera del Rosario e del Turismo di San Don\u00e0 di Piave. Con quella Fiera infatti, ma anche con Santa Lucia di Piave e con Godega Sant\u2019urbano, abbiamo un accordo di collaborazione nell\u2019ambito delle \u201cFiere del Piave\u201d. Le piccole Fiere che, alleandosi, potranno sempre pi\u00f9 rafforzarsi per offrire servizi pi\u00f9 avanzati alle imprese che espongono, dalla promozione nel mondo ai cosiddetti B2B, dall\u2019individuazione di buyer provenienti da molti Paesi anche extraeuropei all\u2019assistenza a mettere in Rete, come nei distretti, le imprese pi\u00f9 piccole fino alla partecipazione ai finanziamenti europei che possono essere volano fondamentale per la creazione di nuovi posti di lavoro\u00bb.<\/p>\n<p>Sono intervenuti anche Mauro Topinelli, direttore di Dolomiti Show che ha ribadito il concetto di fare squadra, Ivana De Pizzol, presidente Donna Impresa Veneto e rappresentante della Camera di Commercio Treviso e Belluno che ha annunciato per domani una tavola rotonda sullo svuotamento delle montagne e conseguente perdita economica con uno sguardo tutto femminile, la presidente di Confartigianato Belluno Claudia Scarzanella che ha messo in rilievo l\u2019importanza anche turistica delle nostre attivit\u00e0 artigianali, il presidente di Confcommercio Belluno Paolo Doglioni che ha sottolineato il valore di questa fiera che deve dimostrare chi \u00e8 veramente affrontando le sfide future: dai finanziamenti allo lo sviluppo turistico ed economico del territorio.<\/p>\n<p>Longarone, 5 ottobre 2019<\/p>","protected":false},"excerpt":{"rendered":"<p>Longarone 5 ottobre 2019\u00a0 &#8211;\u00a0 Inaugurata oggi la 3^ edizione di Dolomiti Show alla presenza del ministro Federico D\u2019inc\u00e0, dell\u2019assessore al turismo della Regione Veneto Federico Caner, del presidente della Provincia di Belluno Roberto Padrin e del presidente di Longarone Fiere Dolomiti Gian Angelo Bellati. Proprio il ministro ha aperto il dibattito di presentazione. \u00abSono [&hellip;]<\/p>\n","protected":false},"author":2,"featured_media":0,"comment_status":"closed","ping_status":"open","sticky":false,"template":"","format":"standard","meta":{"footnotes":""},"categories":[36,26],"tags":[],"class_list":["post-108513","post","type-post","status-publish","format-standard","category-lavoro-economia","category-prima-pagina"],"yoast_head":"<!-- This site is optimized with the Yoast SEO plugin v28.4 - https:\/\/yoast.com\/product\/yoast-seo-wordpress\/ -->\n<title>Inaugurato a Longarone fiere il grande trittico fieristico dedicato al turismo e all\u2019ospitalit\u00e0 in montagna - Bellunopress - Dolomiti<\/title>\n<meta name=\"robots\" content=\"index, follow, max-snippet:-1, max-image-preview:large, max-video-preview:-1\" \/>\n<link rel=\"canonical\" href=\"https:\/\/www.bellunopress.it\/fr\/2019\/10\/05\/inaugurato-a-longarone-fiere-il-grande-trittico-fieristico-dedicato-al-turismo-e-allospitalita-in-montagna\/\" \/>\n<meta property=\"og:locale\" content=\"fr_FR\" \/>\n<meta property=\"og:type\" content=\"article\" \/>\n<meta property=\"og:title\" content=\"Inaugurato a Longarone fiere il grande trittico fieristico dedicato al turismo e all\u2019ospitalit\u00e0 in montagna - Bellunopress - Dolomiti\" \/>\n<meta property=\"og:description\" content=\"Longarone 5 ottobre 2019\u00a0 &#8211;\u00a0 Inaugurata oggi la 3^ edizione di Dolomiti Show alla presenza del ministro Federico D\u2019inc\u00e0, dell\u2019assessore al turismo della Regione Veneto Federico Caner, del presidente della Provincia di Belluno Roberto Padrin e del presidente di Longarone Fiere Dolomiti Gian Angelo Bellati. Proprio il ministro ha aperto il dibattito di presentazione. \u00abSono [&hellip;]\" \/>\n<meta property=\"og:url\" content=\"https:\/\/www.bellunopress.it\/fr\/2019\/10\/05\/inaugurato-a-longarone-fiere-il-grande-trittico-fieristico-dedicato-al-turismo-e-allospitalita-in-montagna\/\" \/>\n<meta property=\"og:site_name\" content=\"Bellunopress - Dolomiti\" \/>\n<meta property=\"article:publisher\" content=\"https:\/\/www.facebook.com\/profile.php?id=100008943462799\" \/>\n<meta property=\"article:published_time\" content=\"2019-10-05T12:44:24+00:00\" \/>\n<meta property=\"article:modified_time\" content=\"2019-10-05T12:44:25+00:00\" \/>\n<meta property=\"og:image\" content=\"http:\/\/www.bellunopress.it\/wp-content\/uploads\/2019\/10\/Stand-DMO-Dolomiti-longarone-fiere.jpg\" \/>\n<meta name=\"author\" content=\"redazione\" \/>\n<meta name=\"twitter:card\" content=\"summary_large_image\" \/>\n<meta name=\"twitter:creator\" content=\"@bellunopress\" \/>\n<meta name=\"twitter:site\" content=\"@bellunopress\" \/>\n<meta name=\"twitter:label1\" content=\"\u00c9crit par\" \/>\n\t<meta name=\"twitter:data1\" content=\"redazione\" \/>\n\t<meta name=\"twitter:label2\" content=\"Dur\u00e9e de lecture estim\u00e9e\" \/>\n\t<meta name=\"twitter:data2\" content=\"5 minutes\" \/>\n<script type=\"application\/ld+json\" class=\"yoast-schema-graph\">{\"@context\":\"https:\\\/\\\/schema.org\",\"@graph\":[{\"@type\":\"Article\",\"@id\":\"https:\\\/\\\/www.bellunopress.it\\\/2019\\\/10\\\/05\\\/inaugurato-a-longarone-fiere-il-grande-trittico-fieristico-dedicato-al-turismo-e-allospitalita-in-montagna\\\/#article\",\"isPartOf\":{\"@id\":\"https:\\\/\\\/www.bellunopress.it\\\/2019\\\/10\\\/05\\\/inaugurato-a-longarone-fiere-il-grande-trittico-fieristico-dedicato-al-turismo-e-allospitalita-in-montagna\\\/\"},\"author\":{\"name\":\"redazione\",\"@id\":\"https:\\\/\\\/www.bellunopress.it\\\/#\\\/schema\\\/person\\\/79bb06722b37ece1c03d3e94beb30d73\"},\"headline\":\"Inaugurato a Longarone fiere il grande trittico fieristico dedicato al turismo e all\u2019ospitalit\u00e0 in montagna\",\"datePublished\":\"2019-10-05T12:44:24+00:00\",\"dateModified\":\"2019-10-05T12:44:25+00:00\",\"mainEntityOfPage\":{\"@id\":\"https:\\\/\\\/www.bellunopress.it\\\/2019\\\/10\\\/05\\\/inaugurato-a-longarone-fiere-il-grande-trittico-fieristico-dedicato-al-turismo-e-allospitalita-in-montagna\\\/\"},\"wordCount\":919,\"publisher\":{\"@id\":\"https:\\\/\\\/www.bellunopress.it\\\/#organization\"},\"image\":{\"@id\":\"https:\\\/\\\/www.bellunopress.it\\\/2019\\\/10\\\/05\\\/inaugurato-a-longarone-fiere-il-grande-trittico-fieristico-dedicato-al-turismo-e-allospitalita-in-montagna\\\/#primaryimage\"},\"thumbnailUrl\":\"http:\\\/\\\/www.bellunopress.it\\\/wp-content\\\/uploads\\\/2019\\\/10\\\/Stand-DMO-Dolomiti-longarone-fiere.jpg\",\"articleSection\":[\"Lavoro, Economia, Turismo\",\"Prima Pagina\"],\"inLanguage\":\"fr-FR\"},{\"@type\":\"WebPage\",\"@id\":\"https:\\\/\\\/www.bellunopress.it\\\/2019\\\/10\\\/05\\\/inaugurato-a-longarone-fiere-il-grande-trittico-fieristico-dedicato-al-turismo-e-allospitalita-in-montagna\\\/\",\"url\":\"https:\\\/\\\/www.bellunopress.it\\\/2019\\\/10\\\/05\\\/inaugurato-a-longarone-fiere-il-grande-trittico-fieristico-dedicato-al-turismo-e-allospitalita-in-montagna\\\/\",\"name\":\"Inaugurato a Longarone fiere il grande trittico fieristico dedicato al turismo e all\u2019ospitalit\u00e0 in montagna - Bellunopress - Dolomiti\",\"isPartOf\":{\"@id\":\"https:\\\/\\\/www.bellunopress.it\\\/#website\"},\"primaryImageOfPage\":{\"@id\":\"https:\\\/\\\/www.bellunopress.it\\\/2019\\\/10\\\/05\\\/inaugurato-a-longarone-fiere-il-grande-trittico-fieristico-dedicato-al-turismo-e-allospitalita-in-montagna\\\/#primaryimage\"},\"image\":{\"@id\":\"https:\\\/\\\/www.bellunopress.it\\\/2019\\\/10\\\/05\\\/inaugurato-a-longarone-fiere-il-grande-trittico-fieristico-dedicato-al-turismo-e-allospitalita-in-montagna\\\/#primaryimage\"},\"thumbnailUrl\":\"http:\\\/\\\/www.bellunopress.it\\\/wp-content\\\/uploads\\\/2019\\\/10\\\/Stand-DMO-Dolomiti-longarone-fiere.jpg\",\"datePublished\":\"2019-10-05T12:44:24+00:00\",\"dateModified\":\"2019-10-05T12:44:25+00:00\",\"breadcrumb\":{\"@id\":\"https:\\\/\\\/www.bellunopress.it\\\/2019\\\/10\\\/05\\\/inaugurato-a-longarone-fiere-il-grande-trittico-fieristico-dedicato-al-turismo-e-allospitalita-in-montagna\\\/#breadcrumb\"},\"inLanguage\":\"fr-FR\",\"potentialAction\":[{\"@type\":\"ReadAction\",\"target\":[\"https:\\\/\\\/www.bellunopress.it\\\/2019\\\/10\\\/05\\\/inaugurato-a-longarone-fiere-il-grande-trittico-fieristico-dedicato-al-turismo-e-allospitalita-in-montagna\\\/\"]}]},{\"@type\":\"ImageObject\",\"inLanguage\":\"fr-FR\",\"@id\":\"https:\\\/\\\/www.bellunopress.it\\\/2019\\\/10\\\/05\\\/inaugurato-a-longarone-fiere-il-grande-trittico-fieristico-dedicato-al-turismo-e-allospitalita-in-montagna\\\/#primaryimage\",\"url\":\"http:\\\/\\\/www.bellunopress.it\\\/wp-content\\\/uploads\\\/2019\\\/10\\\/Stand-DMO-Dolomiti-longarone-fiere.jpg\",\"contentUrl\":\"http:\\\/\\\/www.bellunopress.it\\\/wp-content\\\/uploads\\\/2019\\\/10\\\/Stand-DMO-Dolomiti-longarone-fiere.jpg\"},{\"@type\":\"BreadcrumbList\",\"@id\":\"https:\\\/\\\/www.bellunopress.it\\\/2019\\\/10\\\/05\\\/inaugurato-a-longarone-fiere-il-grande-trittico-fieristico-dedicato-al-turismo-e-allospitalita-in-montagna\\\/#breadcrumb\",\"itemListElement\":[{\"@type\":\"ListItem\",\"position\":1,\"name\":\"Home\",\"item\":\"https:\\\/\\\/www.bellunopress.it\\\/\"},{\"@type\":\"ListItem\",\"position\":2,\"name\":\"Inaugurato a Longarone fiere il grande trittico fieristico dedicato al turismo e all\u2019ospitalit\u00e0 in montagna\"}]},{\"@type\":\"WebSite\",\"@id\":\"https:\\\/\\\/www.bellunopress.it\\\/#website\",\"url\":\"https:\\\/\\\/www.bellunopress.it\\\/\",\"name\":\"Bellunopress - Dolomiti\",\"description\":\"e-mail: redazione@bellunopress.it\",\"publisher\":{\"@id\":\"https:\\\/\\\/www.bellunopress.it\\\/#organization\"},\"potentialAction\":[{\"@type\":\"SearchAction\",\"target\":{\"@type\":\"EntryPoint\",\"urlTemplate\":\"https:\\\/\\\/www.bellunopress.it\\\/?s={search_term_string}\"},\"query-input\":{\"@type\":\"PropertyValueSpecification\",\"valueRequired\":true,\"valueName\":\"search_term_string\"}}],\"inLanguage\":\"fr-FR\"},{\"@type\":\"Organization\",\"@id\":\"https:\\\/\\\/www.bellunopress.it\\\/#organization\",\"name\":\"Bellunopress\",\"url\":\"https:\\\/\\\/www.bellunopress.it\\\/\",\"logo\":{\"@type\":\"ImageObject\",\"inLanguage\":\"fr-FR\",\"@id\":\"https:\\\/\\\/www.bellunopress.it\\\/#\\\/schema\\\/logo\\\/image\\\/\",\"url\":\"https:\\\/\\\/www.bellunopress.it\\\/wp-content\\\/uploads\\\/2011\\\/05\\\/cropped-logo-bellunopress-.jpg\",\"contentUrl\":\"https:\\\/\\\/www.bellunopress.it\\\/wp-content\\\/uploads\\\/2011\\\/05\\\/cropped-logo-bellunopress-.jpg\",\"width\":512,\"height\":512,\"caption\":\"Bellunopress\"},\"image\":{\"@id\":\"https:\\\/\\\/www.bellunopress.it\\\/#\\\/schema\\\/logo\\\/image\\\/\"},\"sameAs\":[\"https:\\\/\\\/www.facebook.com\\\/profile.php?id=100008943462799\",\"https:\\\/\\\/x.com\\\/bellunopress\",\"https:\\\/\\\/www.linkedin.com\\\/hp\\\/?dnr=JBzUWaJfMUw8vbXJJ2tVW5-I3jZKvC4wsoxE&amp;amp;amp;amp;amp;amp;trk=nav_responsive_tab_home\",\"https:\\\/\\\/www.youtube.com\\\/channel\\\/UCxL0wu1uN0_3_7hGG0306cw\"]},{\"@type\":\"Person\",\"@id\":\"https:\\\/\\\/www.bellunopress.it\\\/#\\\/schema\\\/person\\\/79bb06722b37ece1c03d3e94beb30d73\",\"name\":\"redazione\",\"image\":{\"@type\":\"ImageObject\",\"inLanguage\":\"fr-FR\",\"@id\":\"https:\\\/\\\/secure.gravatar.com\\\/avatar\\\/37d968a2e67a6fd04c169c4bdef102d0bc5d31b2546345219e348575eb80e9a0?s=96&d=mm&r=g\",\"url\":\"https:\\\/\\\/secure.gravatar.com\\\/avatar\\\/37d968a2e67a6fd04c169c4bdef102d0bc5d31b2546345219e348575eb80e9a0?s=96&d=mm&r=g\",\"contentUrl\":\"https:\\\/\\\/secure.gravatar.com\\\/avatar\\\/37d968a2e67a6fd04c169c4bdef102d0bc5d31b2546345219e348575eb80e9a0?s=96&d=mm&r=g\",\"caption\":\"redazione\"},\"sameAs\":[\"http:\\\/\\\/www.bellunopress.it\",\"https:\\\/\\\/x.com\\\/bellunopress\"],\"url\":\"https:\\\/\\\/www.bellunopress.it\\\/fr\\\/author\\\/redazione\\\/\"}]}<\/script>\n<!-- \/ Yoast SEO plugin. -->","yoast_head_json":{"title":"Inaugurato a Longarone fiere il grande trittico fieristico dedicato al turismo e all\u2019ospitalit\u00e0 in montagna - Bellunopress - Dolomiti","robots":{"index":"index","follow":"follow","max-snippet":"max-snippet:-1","max-image-preview":"max-image-preview:large","max-video-preview":"max-video-preview:-1"},"canonical":"https:\/\/www.bellunopress.it\/fr\/2019\/10\/05\/inaugurato-a-longarone-fiere-il-grande-trittico-fieristico-dedicato-al-turismo-e-allospitalita-in-montagna\/","og_locale":"fr_FR","og_type":"article","og_title":"Inaugurato a Longarone fiere il grande trittico fieristico dedicato al turismo e all\u2019ospitalit\u00e0 in montagna - Bellunopress - Dolomiti","og_description":"Longarone 5 ottobre 2019\u00a0 &#8211;\u00a0 Inaugurata oggi la 3^ edizione di Dolomiti Show alla presenza del ministro Federico D\u2019inc\u00e0, dell\u2019assessore al turismo della Regione Veneto Federico Caner, del presidente della Provincia di Belluno Roberto Padrin e del presidente di Longarone Fiere Dolomiti Gian Angelo Bellati. Proprio il ministro ha aperto il dibattito di presentazione. \u00abSono [&hellip;]","og_url":"https:\/\/www.bellunopress.it\/fr\/2019\/10\/05\/inaugurato-a-longarone-fiere-il-grande-trittico-fieristico-dedicato-al-turismo-e-allospitalita-in-montagna\/","og_site_name":"Bellunopress - Dolomiti","article_publisher":"https:\/\/www.facebook.com\/profile.php?id=100008943462799","article_published_time":"2019-10-05T12:44:24+00:00","article_modified_time":"2019-10-05T12:44:25+00:00","og_image":[{"url":"http:\/\/www.bellunopress.it\/wp-content\/uploads\/2019\/10\/Stand-DMO-Dolomiti-longarone-fiere.jpg","type":"","width":"","height":""}],"author":"redazione","twitter_card":"summary_large_image","twitter_creator":"@bellunopress","twitter_site":"@bellunopress","twitter_misc":{"\u00c9crit par":"redazione","Dur\u00e9e de lecture estim\u00e9e":"5 minutes"},"schema":{"@context":"https:\/\/schema.org","@graph":[{"@type":"Article","@id":"https:\/\/www.bellunopress.it\/2019\/10\/05\/inaugurato-a-longarone-fiere-il-grande-trittico-fieristico-dedicato-al-turismo-e-allospitalita-in-montagna\/#article","isPartOf":{"@id":"https:\/\/www.bellunopress.it\/2019\/10\/05\/inaugurato-a-longarone-fiere-il-grande-trittico-fieristico-dedicato-al-turismo-e-allospitalita-in-montagna\/"},"author":{"name":"redazione","@id":"https:\/\/www.bellunopress.it\/#\/schema\/person\/79bb06722b37ece1c03d3e94beb30d73"},"headline":"Inaugurato a Longarone fiere il grande trittico fieristico dedicato al turismo e all\u2019ospitalit\u00e0 in montagna","datePublished":"2019-10-05T12:44:24+00:00","dateModified":"2019-10-05T12:44:25+00:00","mainEntityOfPage":{"@id":"https:\/\/www.bellunopress.it\/2019\/10\/05\/inaugurato-a-longarone-fiere-il-grande-trittico-fieristico-dedicato-al-turismo-e-allospitalita-in-montagna\/"},"wordCount":919,"publisher":{"@id":"https:\/\/www.bellunopress.it\/#organization"},"image":{"@id":"https:\/\/www.bellunopress.it\/2019\/10\/05\/inaugurato-a-longarone-fiere-il-grande-trittico-fieristico-dedicato-al-turismo-e-allospitalita-in-montagna\/#primaryimage"},"thumbnailUrl":"http:\/\/www.bellunopress.it\/wp-content\/uploads\/2019\/10\/Stand-DMO-Dolomiti-longarone-fiere.jpg","articleSection":["Lavoro, Economia, Turismo","Prima Pagina"],"inLanguage":"fr-FR"},{"@type":"WebPage","@id":"https:\/\/www.bellunopress.it\/2019\/10\/05\/inaugurato-a-longarone-fiere-il-grande-trittico-fieristico-dedicato-al-turismo-e-allospitalita-in-montagna\/","url":"https:\/\/www.bellunopress.it\/2019\/10\/05\/inaugurato-a-longarone-fiere-il-grande-trittico-fieristico-dedicato-al-turismo-e-allospitalita-in-montagna\/","name":"Inaugurato a Longarone fiere il grande trittico fieristico dedicato al turismo e all\u2019ospitalit\u00e0 in montagna - Bellunopress - Dolomiti","isPartOf":{"@id":"https:\/\/www.bellunopress.it\/#website"},"primaryImageOfPage":{"@id":"https:\/\/www.bellunopress.it\/2019\/10\/05\/inaugurato-a-longarone-fiere-il-grande-trittico-fieristico-dedicato-al-turismo-e-allospitalita-in-montagna\/#primaryimage"},"image":{"@id":"https:\/\/www.bellunopress.it\/2019\/10\/05\/inaugurato-a-longarone-fiere-il-grande-trittico-fieristico-dedicato-al-turismo-e-allospitalita-in-montagna\/#primaryimage"},"thumbnailUrl":"http:\/\/www.bellunopress.it\/wp-content\/uploads\/2019\/10\/Stand-DMO-Dolomiti-longarone-fiere.jpg","datePublished":"2019-10-05T12:44:24+00:00","dateModified":"2019-10-05T12:44:25+00:00","breadcrumb":{"@id":"https:\/\/www.bellunopress.it\/2019\/10\/05\/inaugurato-a-longarone-fiere-il-grande-trittico-fieristico-dedicato-al-turismo-e-allospitalita-in-montagna\/#breadcrumb"},"inLanguage":"fr-FR","potentialAction":[{"@type":"ReadAction","target":["https:\/\/www.bellunopress.it\/2019\/10\/05\/inaugurato-a-longarone-fiere-il-grande-trittico-fieristico-dedicato-al-turismo-e-allospitalita-in-montagna\/"]}]},{"@type":"ImageObject","inLanguage":"fr-FR","@id":"https:\/\/www.bellunopress.it\/2019\/10\/05\/inaugurato-a-longarone-fiere-il-grande-trittico-fieristico-dedicato-al-turismo-e-allospitalita-in-montagna\/#primaryimage","url":"http:\/\/www.bellunopress.it\/wp-content\/uploads\/2019\/10\/Stand-DMO-Dolomiti-longarone-fiere.jpg","contentUrl":"http:\/\/www.bellunopress.it\/wp-content\/uploads\/2019\/10\/Stand-DMO-Dolomiti-longarone-fiere.jpg"},{"@type":"BreadcrumbList","@id":"https:\/\/www.bellunopress.it\/2019\/10\/05\/inaugurato-a-longarone-fiere-il-grande-trittico-fieristico-dedicato-al-turismo-e-allospitalita-in-montagna\/#breadcrumb","itemListElement":[{"@type":"ListItem","position":1,"name":"Home","item":"https:\/\/www.bellunopress.it\/"},{"@type":"ListItem","position":2,"name":"Inaugurato a Longarone fiere il grande trittico fieristico dedicato al turismo e all\u2019ospitalit\u00e0 in montagna"}]},{"@type":"WebSite","@id":"https:\/\/www.bellunopress.it\/#website","url":"https:\/\/www.bellunopress.it\/","name":"Bellunopress - Dolomiti","description":"e-mail: redazione@bellunopress.it","publisher":{"@id":"https:\/\/www.bellunopress.it\/#organization"},"potentialAction":[{"@type":"SearchAction","target":{"@type":"EntryPoint","urlTemplate":"https:\/\/www.bellunopress.it\/?s={search_term_string}"},"query-input":{"@type":"PropertyValueSpecification","valueRequired":true,"valueName":"search_term_string"}}],"inLanguage":"fr-FR"},{"@type":"Organization","@id":"https:\/\/www.bellunopress.it\/#organization","name":"Bellunopress","url":"https:\/\/www.bellunopress.it\/","logo":{"@type":"ImageObject","inLanguage":"fr-FR","@id":"https:\/\/www.bellunopress.it\/#\/schema\/logo\/image\/","url":"https:\/\/www.bellunopress.it\/wp-content\/uploads\/2011\/05\/cropped-logo-bellunopress-.jpg","contentUrl":"https:\/\/www.bellunopress.it\/wp-content\/uploads\/2011\/05\/cropped-logo-bellunopress-.jpg","width":512,"height":512,"caption":"Bellunopress"},"image":{"@id":"https:\/\/www.bellunopress.it\/#\/schema\/logo\/image\/"},"sameAs":["https:\/\/www.facebook.com\/profile.php?id=100008943462799","https:\/\/x.com\/bellunopress","https:\/\/www.linkedin.com\/hp\/?dnr=JBzUWaJfMUw8vbXJJ2tVW5-I3jZKvC4wsoxE&amp;amp;amp;amp;amp;amp;trk=nav_responsive_tab_home","https:\/\/www.youtube.com\/channel\/UCxL0wu1uN0_3_7hGG0306cw"]},{"@type":"Person","@id":"https:\/\/www.bellunopress.it\/#\/schema\/person\/79bb06722b37ece1c03d3e94beb30d73","name":"r\u00e9daction","image":{"@type":"ImageObject","inLanguage":"fr-FR","@id":"https:\/\/secure.gravatar.com\/avatar\/37d968a2e67a6fd04c169c4bdef102d0bc5d31b2546345219e348575eb80e9a0?s=96&d=mm&r=g","url":"https:\/\/secure.gravatar.com\/avatar\/37d968a2e67a6fd04c169c4bdef102d0bc5d31b2546345219e348575eb80e9a0?s=96&d=mm&r=g","contentUrl":"https:\/\/secure.gravatar.com\/avatar\/37d968a2e67a6fd04c169c4bdef102d0bc5d31b2546345219e348575eb80e9a0?s=96&d=mm&r=g","caption":"redazione"},"sameAs":["http:\/\/www.bellunopress.it","https:\/\/x.com\/bellunopress"],"url":"https:\/\/www.bellunopress.it\/fr\/author\/redazione\/"}]}},"_links":{"self":[{"href":"https:\/\/www.bellunopress.it\/fr\/wp-json\/wp\/v2\/posts\/108513","targetHints":{"allow":["GET"]}}],"collection":[{"href":"https:\/\/www.bellunopress.it\/fr\/wp-json\/wp\/v2\/posts"}],"about":[{"href":"https:\/\/www.bellunopress.it\/fr\/wp-json\/wp\/v2\/types\/post"}],"author":[{"embeddable":true,"href":"https:\/\/www.bellunopress.it\/fr\/wp-json\/wp\/v2\/users\/2"}],"replies":[{"embeddable":true,"href":"https:\/\/www.bellunopress.it\/fr\/wp-json\/wp\/v2\/comments?post=108513"}],"version-history":[{"count":2,"href":"https:\/\/www.bellunopress.it\/fr\/wp-json\/wp\/v2\/posts\/108513\/revisions"}],"predecessor-version":[{"id":108516,"href":"https:\/\/www.bellunopress.it\/fr\/wp-json\/wp\/v2\/posts\/108513\/revisions\/108516"}],"wp:attachment":[{"href":"https:\/\/www.bellunopress.it\/fr\/wp-json\/wp\/v2\/media?parent=108513"}],"wp:term":[{"taxonomy":"category","embeddable":true,"href":"https:\/\/www.bellunopress.it\/fr\/wp-json\/wp\/v2\/categories?post=108513"},{"taxonomy":"post_tag","embeddable":true,"href":"https:\/\/www.bellunopress.it\/fr\/wp-json\/wp\/v2\/tags?post=108513"}],"curies":[{"name":"wp","href":"https:\/\/api.w.org\/{rel}","templated":true}]}}