{"id":108505,"date":"2019-10-04T19:22:41","date_gmt":"2019-10-04T17:22:41","guid":{"rendered":"http:\/\/www.bellunopress.it\/?p=108505"},"modified":"2019-10-06T11:32:04","modified_gmt":"2019-10-06T09:32:04","slug":"sabato-a-longarone-la-premiazione-del-premio-zanfron","status":"publish","type":"post","link":"https:\/\/www.bellunopress.it\/fr\/2019\/10\/04\/sabato-a-longarone-la-premiazione-del-premio-zanfron\/","title":{"rendered":"Sabato a Longarone la premiazione del Premio Zanfron"},"content":{"rendered":"<p>Sabato, 5 ottobre, alle 17.30, alla sala consiliare del Municipio di Longarone, all\u2019interno delle manifestazioni per il 56. anniversario della tragedia del Vajont, si terr\u00e0 la cerimonia di premiazione della seconda edizione del premio giornalistico intitolato alla memoria di Giuseppe \u201cBepi\u201d Zanfron, organizzato da Assostampa Belluno e Sindacato Giornalisti Veneto.<\/p>\n<p><a href=\"http:\/\/www.bellunopress.it\/fr\/2019\/10\/04\/sabato-a-longarone-la-premiazione-del-premio-zanfron\/finalisti-premio-zanfron-06-10-2018\/\" rel=\"attachment wp-att-108506\"><img loading=\"lazy\" decoding=\"async\" class=\"alignleft size-full wp-image-108506\" src=\"http:\/\/www.bellunopress.it\/wp-content\/uploads\/2019\/10\/finalisti-premio-zanfron-06.10.2018.jpg\" alt=\"\" width=\"300\" height=\"147\" \/><\/a>Il premio ha visto concorrere giornalisti che si sono occupati di fatti di cronaca legati al dissesto idrogeologico o eventi climatici, raccontandoli tramite le immagini. Anche per l\u2019edizione 2019 gli organizzatori hanno voluto confermare il tema del dissesto idrogeologico proposto gi\u00e0 nel 2018, tema che, oltre ad essere strettamente legato al lavoro di Zanfron il cui nome \u00e8 indissolubilmente legato agli scatti del Vajont, ha segnato a livello nazionale la cronaca dello scorso anno, dalla tempesta Vaia nel Bellunese, Veneto e Trentino Alto Adige fino alle alluvioni che hanno colpito il Paese dalla Liguria alla Sicilia.<\/p>\n<p>Due sono le sezioni previste dal concorso: carta stampata e web, e televisione. La prima edizione ha visto come vincitori Alessandra Segafreddo, del Corriere delle Alpi, nella sezione \u201ccarta stampata e web\u201d, e Michele Rosset, di Telebelluno, in quella \u201ctelevisione\u201d.<\/p>\n<p>Alla cerimonia di consegna del premio, fra gli altri, saranno presenti i familiari di \u201cBepi\u201d: la moglie e i due figli Sara e Luca.<\/p>\n<p>&nbsp;<\/p>","protected":false},"excerpt":{"rendered":"<p>Sabato, 5 ottobre, alle 17.30, alla sala consiliare del Municipio di Longarone, all\u2019interno delle manifestazioni per il 56. anniversario della tragedia del Vajont, si terr\u00e0 la cerimonia di premiazione della seconda edizione del premio giornalistico intitolato alla memoria di Giuseppe \u201cBepi\u201d Zanfron, organizzato da Assostampa Belluno e Sindacato Giornalisti Veneto. Il premio ha visto concorrere [&hellip;]<\/p>\n","protected":false},"author":2,"featured_media":0,"comment_status":"closed","ping_status":"open","sticky":false,"template":"","format":"standard","meta":{"footnotes":""},"categories":[27,3],"tags":[],"class_list":["post-108505","post","type-post","status-publish","format-standard","category-appuntamenti","category-arte-cultura-spettacoli-scienza-archivi"],"yoast_head":"<!-- This site is optimized with the Yoast SEO plugin v28.4 - https:\/\/yoast.com\/product\/yoast-seo-wordpress\/ -->\n<title>Sabato a Longarone la premiazione del Premio Zanfron - Bellunopress - Dolomiti<\/title>\n<meta name=\"robots\" content=\"index, follow, max-snippet:-1, max-image-preview:large, max-video-preview:-1\" \/>\n<link rel=\"canonical\" href=\"https:\/\/www.bellunopress.it\/fr\/2019\/10\/04\/sabato-a-longarone-la-premiazione-del-premio-zanfron\/\" \/>\n<meta property=\"og:locale\" content=\"fr_FR\" \/>\n<meta property=\"og:type\" content=\"article\" \/>\n<meta property=\"og:title\" content=\"Sabato a Longarone la premiazione del Premio Zanfron - Bellunopress - Dolomiti\" \/>\n<meta property=\"og:description\" content=\"Sabato, 5 ottobre, alle 17.30, alla sala consiliare del Municipio di Longarone, all\u2019interno delle manifestazioni per il 56. anniversario della tragedia del Vajont, si terr\u00e0 la cerimonia di premiazione della seconda edizione del premio giornalistico intitolato alla memoria di Giuseppe \u201cBepi\u201d Zanfron, organizzato da Assostampa Belluno e Sindacato Giornalisti Veneto. Il premio ha visto concorrere [&hellip;]\" \/>\n<meta property=\"og:url\" content=\"https:\/\/www.bellunopress.it\/fr\/2019\/10\/04\/sabato-a-longarone-la-premiazione-del-premio-zanfron\/\" \/>\n<meta property=\"og:site_name\" content=\"Bellunopress - Dolomiti\" \/>\n<meta property=\"article:publisher\" content=\"https:\/\/www.facebook.com\/profile.php?id=100008943462799\" \/>\n<meta property=\"article:published_time\" content=\"2019-10-04T17:22:41+00:00\" \/>\n<meta property=\"article:modified_time\" content=\"2019-10-06T09:32:04+00:00\" \/>\n<meta property=\"og:image\" content=\"http:\/\/www.bellunopress.it\/wp-content\/uploads\/2019\/10\/finalisti-premio-zanfron-06.10.2018.jpg\" \/>\n<meta name=\"author\" content=\"redazione\" \/>\n<meta name=\"twitter:card\" content=\"summary_large_image\" \/>\n<meta name=\"twitter:creator\" content=\"@bellunopress\" \/>\n<meta name=\"twitter:site\" content=\"@bellunopress\" \/>\n<meta name=\"twitter:label1\" content=\"\u00c9crit par\" \/>\n\t<meta name=\"twitter:data1\" content=\"redazione\" \/>\n\t<meta name=\"twitter:label2\" content=\"Dur\u00e9e de lecture estim\u00e9e\" \/>\n\t<meta name=\"twitter:data2\" content=\"1 minute\" \/>\n<script type=\"application\/ld+json\" class=\"yoast-schema-graph\">{\"@context\":\"https:\\\/\\\/schema.org\",\"@graph\":[{\"@type\":\"Article\",\"@id\":\"https:\\\/\\\/www.bellunopress.it\\\/2019\\\/10\\\/04\\\/sabato-a-longarone-la-premiazione-del-premio-zanfron\\\/#article\",\"isPartOf\":{\"@id\":\"https:\\\/\\\/www.bellunopress.it\\\/2019\\\/10\\\/04\\\/sabato-a-longarone-la-premiazione-del-premio-zanfron\\\/\"},\"author\":{\"name\":\"redazione\",\"@id\":\"https:\\\/\\\/www.bellunopress.it\\\/#\\\/schema\\\/person\\\/79bb06722b37ece1c03d3e94beb30d73\"},\"headline\":\"Sabato a Longarone la premiazione del Premio Zanfron\",\"datePublished\":\"2019-10-04T17:22:41+00:00\",\"dateModified\":\"2019-10-06T09:32:04+00:00\",\"mainEntityOfPage\":{\"@id\":\"https:\\\/\\\/www.bellunopress.it\\\/2019\\\/10\\\/04\\\/sabato-a-longarone-la-premiazione-del-premio-zanfron\\\/\"},\"wordCount\":215,\"publisher\":{\"@id\":\"https:\\\/\\\/www.bellunopress.it\\\/#organization\"},\"image\":{\"@id\":\"https:\\\/\\\/www.bellunopress.it\\\/2019\\\/10\\\/04\\\/sabato-a-longarone-la-premiazione-del-premio-zanfron\\\/#primaryimage\"},\"thumbnailUrl\":\"http:\\\/\\\/www.bellunopress.it\\\/wp-content\\\/uploads\\\/2019\\\/10\\\/finalisti-premio-zanfron-06.10.2018.jpg\",\"articleSection\":[\"Appuntamenti, Eventi\",\"Arte, Cultura, Spettacoli, Scienza\"],\"inLanguage\":\"fr-FR\"},{\"@type\":\"WebPage\",\"@id\":\"https:\\\/\\\/www.bellunopress.it\\\/2019\\\/10\\\/04\\\/sabato-a-longarone-la-premiazione-del-premio-zanfron\\\/\",\"url\":\"https:\\\/\\\/www.bellunopress.it\\\/2019\\\/10\\\/04\\\/sabato-a-longarone-la-premiazione-del-premio-zanfron\\\/\",\"name\":\"Sabato a Longarone la premiazione del Premio Zanfron - Bellunopress - Dolomiti\",\"isPartOf\":{\"@id\":\"https:\\\/\\\/www.bellunopress.it\\\/#website\"},\"primaryImageOfPage\":{\"@id\":\"https:\\\/\\\/www.bellunopress.it\\\/2019\\\/10\\\/04\\\/sabato-a-longarone-la-premiazione-del-premio-zanfron\\\/#primaryimage\"},\"image\":{\"@id\":\"https:\\\/\\\/www.bellunopress.it\\\/2019\\\/10\\\/04\\\/sabato-a-longarone-la-premiazione-del-premio-zanfron\\\/#primaryimage\"},\"thumbnailUrl\":\"http:\\\/\\\/www.bellunopress.it\\\/wp-content\\\/uploads\\\/2019\\\/10\\\/finalisti-premio-zanfron-06.10.2018.jpg\",\"datePublished\":\"2019-10-04T17:22:41+00:00\",\"dateModified\":\"2019-10-06T09:32:04+00:00\",\"breadcrumb\":{\"@id\":\"https:\\\/\\\/www.bellunopress.it\\\/2019\\\/10\\\/04\\\/sabato-a-longarone-la-premiazione-del-premio-zanfron\\\/#breadcrumb\"},\"inLanguage\":\"fr-FR\",\"potentialAction\":[{\"@type\":\"ReadAction\",\"target\":[\"https:\\\/\\\/www.bellunopress.it\\\/2019\\\/10\\\/04\\\/sabato-a-longarone-la-premiazione-del-premio-zanfron\\\/\"]}]},{\"@type\":\"ImageObject\",\"inLanguage\":\"fr-FR\",\"@id\":\"https:\\\/\\\/www.bellunopress.it\\\/2019\\\/10\\\/04\\\/sabato-a-longarone-la-premiazione-del-premio-zanfron\\\/#primaryimage\",\"url\":\"http:\\\/\\\/www.bellunopress.it\\\/wp-content\\\/uploads\\\/2019\\\/10\\\/finalisti-premio-zanfron-06.10.2018.jpg\",\"contentUrl\":\"http:\\\/\\\/www.bellunopress.it\\\/wp-content\\\/uploads\\\/2019\\\/10\\\/finalisti-premio-zanfron-06.10.2018.jpg\"},{\"@type\":\"BreadcrumbList\",\"@id\":\"https:\\\/\\\/www.bellunopress.it\\\/2019\\\/10\\\/04\\\/sabato-a-longarone-la-premiazione-del-premio-zanfron\\\/#breadcrumb\",\"itemListElement\":[{\"@type\":\"ListItem\",\"position\":1,\"name\":\"Home\",\"item\":\"https:\\\/\\\/www.bellunopress.it\\\/\"},{\"@type\":\"ListItem\",\"position\":2,\"name\":\"Sabato a Longarone la premiazione del Premio Zanfron\"}]},{\"@type\":\"WebSite\",\"@id\":\"https:\\\/\\\/www.bellunopress.it\\\/#website\",\"url\":\"https:\\\/\\\/www.bellunopress.it\\\/\",\"name\":\"Bellunopress - Dolomiti\",\"description\":\"e-mail: redazione@bellunopress.it\",\"publisher\":{\"@id\":\"https:\\\/\\\/www.bellunopress.it\\\/#organization\"},\"potentialAction\":[{\"@type\":\"SearchAction\",\"target\":{\"@type\":\"EntryPoint\",\"urlTemplate\":\"https:\\\/\\\/www.bellunopress.it\\\/?s={search_term_string}\"},\"query-input\":{\"@type\":\"PropertyValueSpecification\",\"valueRequired\":true,\"valueName\":\"search_term_string\"}}],\"inLanguage\":\"fr-FR\"},{\"@type\":\"Organization\",\"@id\":\"https:\\\/\\\/www.bellunopress.it\\\/#organization\",\"name\":\"Bellunopress\",\"url\":\"https:\\\/\\\/www.bellunopress.it\\\/\",\"logo\":{\"@type\":\"ImageObject\",\"inLanguage\":\"fr-FR\",\"@id\":\"https:\\\/\\\/www.bellunopress.it\\\/#\\\/schema\\\/logo\\\/image\\\/\",\"url\":\"https:\\\/\\\/www.bellunopress.it\\\/wp-content\\\/uploads\\\/2011\\\/05\\\/cropped-logo-bellunopress-.jpg\",\"contentUrl\":\"https:\\\/\\\/www.bellunopress.it\\\/wp-content\\\/uploads\\\/2011\\\/05\\\/cropped-logo-bellunopress-.jpg\",\"width\":512,\"height\":512,\"caption\":\"Bellunopress\"},\"image\":{\"@id\":\"https:\\\/\\\/www.bellunopress.it\\\/#\\\/schema\\\/logo\\\/image\\\/\"},\"sameAs\":[\"https:\\\/\\\/www.facebook.com\\\/profile.php?id=100008943462799\",\"https:\\\/\\\/x.com\\\/bellunopress\",\"https:\\\/\\\/www.linkedin.com\\\/hp\\\/?dnr=JBzUWaJfMUw8vbXJJ2tVW5-I3jZKvC4wsoxE&amp;amp;amp;amp;amp;amp;trk=nav_responsive_tab_home\",\"https:\\\/\\\/www.youtube.com\\\/channel\\\/UCxL0wu1uN0_3_7hGG0306cw\"]},{\"@type\":\"Person\",\"@id\":\"https:\\\/\\\/www.bellunopress.it\\\/#\\\/schema\\\/person\\\/79bb06722b37ece1c03d3e94beb30d73\",\"name\":\"redazione\",\"image\":{\"@type\":\"ImageObject\",\"inLanguage\":\"fr-FR\",\"@id\":\"https:\\\/\\\/secure.gravatar.com\\\/avatar\\\/37d968a2e67a6fd04c169c4bdef102d0bc5d31b2546345219e348575eb80e9a0?s=96&d=mm&r=g\",\"url\":\"https:\\\/\\\/secure.gravatar.com\\\/avatar\\\/37d968a2e67a6fd04c169c4bdef102d0bc5d31b2546345219e348575eb80e9a0?s=96&d=mm&r=g\",\"contentUrl\":\"https:\\\/\\\/secure.gravatar.com\\\/avatar\\\/37d968a2e67a6fd04c169c4bdef102d0bc5d31b2546345219e348575eb80e9a0?s=96&d=mm&r=g\",\"caption\":\"redazione\"},\"sameAs\":[\"http:\\\/\\\/www.bellunopress.it\",\"https:\\\/\\\/x.com\\\/bellunopress\"],\"url\":\"https:\\\/\\\/www.bellunopress.it\\\/fr\\\/author\\\/redazione\\\/\"}]}<\/script>\n<!-- \/ Yoast SEO plugin. -->","yoast_head_json":{"title":"Sabato a Longarone la premiazione del Premio Zanfron - Bellunopress - Dolomiti","robots":{"index":"index","follow":"follow","max-snippet":"max-snippet:-1","max-image-preview":"max-image-preview:large","max-video-preview":"max-video-preview:-1"},"canonical":"https:\/\/www.bellunopress.it\/fr\/2019\/10\/04\/sabato-a-longarone-la-premiazione-del-premio-zanfron\/","og_locale":"fr_FR","og_type":"article","og_title":"Sabato a Longarone la premiazione del Premio Zanfron - Bellunopress - Dolomiti","og_description":"Sabato, 5 ottobre, alle 17.30, alla sala consiliare del Municipio di Longarone, all\u2019interno delle manifestazioni per il 56. anniversario della tragedia del Vajont, si terr\u00e0 la cerimonia di premiazione della seconda edizione del premio giornalistico intitolato alla memoria di Giuseppe \u201cBepi\u201d Zanfron, organizzato da Assostampa Belluno e Sindacato Giornalisti Veneto. Il premio ha visto concorrere [&hellip;]","og_url":"https:\/\/www.bellunopress.it\/fr\/2019\/10\/04\/sabato-a-longarone-la-premiazione-del-premio-zanfron\/","og_site_name":"Bellunopress - Dolomiti","article_publisher":"https:\/\/www.facebook.com\/profile.php?id=100008943462799","article_published_time":"2019-10-04T17:22:41+00:00","article_modified_time":"2019-10-06T09:32:04+00:00","og_image":[{"url":"http:\/\/www.bellunopress.it\/wp-content\/uploads\/2019\/10\/finalisti-premio-zanfron-06.10.2018.jpg","type":"","width":"","height":""}],"author":"redazione","twitter_card":"summary_large_image","twitter_creator":"@bellunopress","twitter_site":"@bellunopress","twitter_misc":{"\u00c9crit par":"redazione","Dur\u00e9e de lecture estim\u00e9e":"1 minute"},"schema":{"@context":"https:\/\/schema.org","@graph":[{"@type":"Article","@id":"https:\/\/www.bellunopress.it\/2019\/10\/04\/sabato-a-longarone-la-premiazione-del-premio-zanfron\/#article","isPartOf":{"@id":"https:\/\/www.bellunopress.it\/2019\/10\/04\/sabato-a-longarone-la-premiazione-del-premio-zanfron\/"},"author":{"name":"redazione","@id":"https:\/\/www.bellunopress.it\/#\/schema\/person\/79bb06722b37ece1c03d3e94beb30d73"},"headline":"Sabato a Longarone la premiazione del Premio Zanfron","datePublished":"2019-10-04T17:22:41+00:00","dateModified":"2019-10-06T09:32:04+00:00","mainEntityOfPage":{"@id":"https:\/\/www.bellunopress.it\/2019\/10\/04\/sabato-a-longarone-la-premiazione-del-premio-zanfron\/"},"wordCount":215,"publisher":{"@id":"https:\/\/www.bellunopress.it\/#organization"},"image":{"@id":"https:\/\/www.bellunopress.it\/2019\/10\/04\/sabato-a-longarone-la-premiazione-del-premio-zanfron\/#primaryimage"},"thumbnailUrl":"http:\/\/www.bellunopress.it\/wp-content\/uploads\/2019\/10\/finalisti-premio-zanfron-06.10.2018.jpg","articleSection":["Appuntamenti, Eventi","Arte, Cultura, Spettacoli, Scienza"],"inLanguage":"fr-FR"},{"@type":"WebPage","@id":"https:\/\/www.bellunopress.it\/2019\/10\/04\/sabato-a-longarone-la-premiazione-del-premio-zanfron\/","url":"https:\/\/www.bellunopress.it\/2019\/10\/04\/sabato-a-longarone-la-premiazione-del-premio-zanfron\/","name":"Sabato a Longarone la premiazione del Premio Zanfron - Bellunopress - Dolomiti","isPartOf":{"@id":"https:\/\/www.bellunopress.it\/#website"},"primaryImageOfPage":{"@id":"https:\/\/www.bellunopress.it\/2019\/10\/04\/sabato-a-longarone-la-premiazione-del-premio-zanfron\/#primaryimage"},"image":{"@id":"https:\/\/www.bellunopress.it\/2019\/10\/04\/sabato-a-longarone-la-premiazione-del-premio-zanfron\/#primaryimage"},"thumbnailUrl":"http:\/\/www.bellunopress.it\/wp-content\/uploads\/2019\/10\/finalisti-premio-zanfron-06.10.2018.jpg","datePublished":"2019-10-04T17:22:41+00:00","dateModified":"2019-10-06T09:32:04+00:00","breadcrumb":{"@id":"https:\/\/www.bellunopress.it\/2019\/10\/04\/sabato-a-longarone-la-premiazione-del-premio-zanfron\/#breadcrumb"},"inLanguage":"fr-FR","potentialAction":[{"@type":"ReadAction","target":["https:\/\/www.bellunopress.it\/2019\/10\/04\/sabato-a-longarone-la-premiazione-del-premio-zanfron\/"]}]},{"@type":"ImageObject","inLanguage":"fr-FR","@id":"https:\/\/www.bellunopress.it\/2019\/10\/04\/sabato-a-longarone-la-premiazione-del-premio-zanfron\/#primaryimage","url":"http:\/\/www.bellunopress.it\/wp-content\/uploads\/2019\/10\/finalisti-premio-zanfron-06.10.2018.jpg","contentUrl":"http:\/\/www.bellunopress.it\/wp-content\/uploads\/2019\/10\/finalisti-premio-zanfron-06.10.2018.jpg"},{"@type":"BreadcrumbList","@id":"https:\/\/www.bellunopress.it\/2019\/10\/04\/sabato-a-longarone-la-premiazione-del-premio-zanfron\/#breadcrumb","itemListElement":[{"@type":"ListItem","position":1,"name":"Home","item":"https:\/\/www.bellunopress.it\/"},{"@type":"ListItem","position":2,"name":"Sabato a Longarone la premiazione del Premio Zanfron"}]},{"@type":"WebSite","@id":"https:\/\/www.bellunopress.it\/#website","url":"https:\/\/www.bellunopress.it\/","name":"Bellunopress - Dolomiti","description":"e-mail: redazione@bellunopress.it","publisher":{"@id":"https:\/\/www.bellunopress.it\/#organization"},"potentialAction":[{"@type":"SearchAction","target":{"@type":"EntryPoint","urlTemplate":"https:\/\/www.bellunopress.it\/?s={search_term_string}"},"query-input":{"@type":"PropertyValueSpecification","valueRequired":true,"valueName":"search_term_string"}}],"inLanguage":"fr-FR"},{"@type":"Organization","@id":"https:\/\/www.bellunopress.it\/#organization","name":"Bellunopress","url":"https:\/\/www.bellunopress.it\/","logo":{"@type":"ImageObject","inLanguage":"fr-FR","@id":"https:\/\/www.bellunopress.it\/#\/schema\/logo\/image\/","url":"https:\/\/www.bellunopress.it\/wp-content\/uploads\/2011\/05\/cropped-logo-bellunopress-.jpg","contentUrl":"https:\/\/www.bellunopress.it\/wp-content\/uploads\/2011\/05\/cropped-logo-bellunopress-.jpg","width":512,"height":512,"caption":"Bellunopress"},"image":{"@id":"https:\/\/www.bellunopress.it\/#\/schema\/logo\/image\/"},"sameAs":["https:\/\/www.facebook.com\/profile.php?id=100008943462799","https:\/\/x.com\/bellunopress","https:\/\/www.linkedin.com\/hp\/?dnr=JBzUWaJfMUw8vbXJJ2tVW5-I3jZKvC4wsoxE&amp;amp;amp;amp;amp;amp;trk=nav_responsive_tab_home","https:\/\/www.youtube.com\/channel\/UCxL0wu1uN0_3_7hGG0306cw"]},{"@type":"Person","@id":"https:\/\/www.bellunopress.it\/#\/schema\/person\/79bb06722b37ece1c03d3e94beb30d73","name":"r\u00e9daction","image":{"@type":"ImageObject","inLanguage":"fr-FR","@id":"https:\/\/secure.gravatar.com\/avatar\/37d968a2e67a6fd04c169c4bdef102d0bc5d31b2546345219e348575eb80e9a0?s=96&d=mm&r=g","url":"https:\/\/secure.gravatar.com\/avatar\/37d968a2e67a6fd04c169c4bdef102d0bc5d31b2546345219e348575eb80e9a0?s=96&d=mm&r=g","contentUrl":"https:\/\/secure.gravatar.com\/avatar\/37d968a2e67a6fd04c169c4bdef102d0bc5d31b2546345219e348575eb80e9a0?s=96&d=mm&r=g","caption":"redazione"},"sameAs":["http:\/\/www.bellunopress.it","https:\/\/x.com\/bellunopress"],"url":"https:\/\/www.bellunopress.it\/fr\/author\/redazione\/"}]}},"_links":{"self":[{"href":"https:\/\/www.bellunopress.it\/fr\/wp-json\/wp\/v2\/posts\/108505","targetHints":{"allow":["GET"]}}],"collection":[{"href":"https:\/\/www.bellunopress.it\/fr\/wp-json\/wp\/v2\/posts"}],"about":[{"href":"https:\/\/www.bellunopress.it\/fr\/wp-json\/wp\/v2\/types\/post"}],"author":[{"embeddable":true,"href":"https:\/\/www.bellunopress.it\/fr\/wp-json\/wp\/v2\/users\/2"}],"replies":[{"embeddable":true,"href":"https:\/\/www.bellunopress.it\/fr\/wp-json\/wp\/v2\/comments?post=108505"}],"version-history":[{"count":2,"href":"https:\/\/www.bellunopress.it\/fr\/wp-json\/wp\/v2\/posts\/108505\/revisions"}],"predecessor-version":[{"id":108508,"href":"https:\/\/www.bellunopress.it\/fr\/wp-json\/wp\/v2\/posts\/108505\/revisions\/108508"}],"wp:attachment":[{"href":"https:\/\/www.bellunopress.it\/fr\/wp-json\/wp\/v2\/media?parent=108505"}],"wp:term":[{"taxonomy":"category","embeddable":true,"href":"https:\/\/www.bellunopress.it\/fr\/wp-json\/wp\/v2\/categories?post=108505"},{"taxonomy":"post_tag","embeddable":true,"href":"https:\/\/www.bellunopress.it\/fr\/wp-json\/wp\/v2\/tags?post=108505"}],"curies":[{"name":"wp","href":"https:\/\/api.w.org\/{rel}","templated":true}]}}