{"id":108501,"date":"2019-10-06T11:30:10","date_gmt":"2019-10-06T09:30:10","guid":{"rendered":"http:\/\/www.bellunopress.it\/?p=108501"},"modified":"2019-10-06T11:33:52","modified_gmt":"2019-10-06T09:33:52","slug":"venerdi-al-museo-etnografico-di-seravella-la-proiezione-del-film-in-questo-mondo","status":"publish","type":"post","link":"https:\/\/www.bellunopress.it\/fr\/2019\/10\/06\/venerdi-al-museo-etnografico-di-seravella-la-proiezione-del-film-in-questo-mondo\/","title":{"rendered":"Venerd\u00ec al Museo etnografico di Seravella la proiezione del film &#8220;In questo mondo&#8221;"},"content":{"rendered":"<p>Il <a href=\"http:\/\/www.museoetnograficodolomiti.it\/nqcontent.cfm?a_id=6674\">Museo etnografico di Seravella<\/a> (Cesiomaggiore) della provincia di Belluno in collaborazione con il gruppo di Acquisto Solidale &#8220;La Madia Feltrina&#8221;, il Comune di Cesiomaggiore e il Gruppo Folklorico organizza per venerd\u00ec 11 ottobre alle ore 20.00 la proiezione del film documentario &#8220;In questo mondo&#8221; della regista Anna Kauber, premiato come miglior documentario italiano al 36\u00b0 Film Festival di Torino.<\/p>\n<figure id=\"attachment_68507\" aria-describedby=\"caption-attachment-68507\" style=\"width: 300px\" class=\"wp-caption alignleft\"><a href=\"http:\/\/www.bellunopress.it\/fr\/2015\/05\/04\/rete-dei-musei-della-provincia-di-belluno-formazione-e-aggiornamento-per-le-attivita-educative-nei-musei\/museo-seravella-2\/\" rel=\"attachment wp-att-68507\"><img loading=\"lazy\" decoding=\"async\" class=\"size-full wp-image-68507\" src=\"http:\/\/www.bellunopress.it\/wp-content\/uploads\/2015\/05\/museo-seravella-2.jpg\" alt=\"\" width=\"300\" height=\"186\" \/><\/a><figcaption id=\"caption-attachment-68507\" class=\"wp-caption-text\">Museo etnografico di Seravella (Cesiomaggiore &#8211; BL)<\/figcaption><\/figure>\n<p><strong>IL FILM<\/strong><br \/>\nIl documentario racconta la vita delle donne pastore in Italia ed \u00e8 il risultato di un viaggio durato pi\u00f9 di due anni, di circa 17.000 km percorsi e di 100 interviste rivolte a donne di compresa tra i 20 e i 102 anni. Ogni intervista nasce da una visita di pi\u00f9 giorni che la regista ha dedicato a ciascuna protagonista, rendendo possibile la documentazione delle varie attivit\u00e0 lavorative e della loro vita quotidiana. Dalla valle d&#8217;Aosta alla Calabria e Isole, una raccolta che coinvolge tutto il paese.<\/p>\n<p><strong>ANNA KAUBER<\/strong><br \/>\nRegista, scrittrice e paesaggista. Da anni documenta e divulga la vita e il lavoro nel mondo rurale, occupandosi in particolare di tematiche sociali e culturali della comunit\u00e0.<\/p>\n<p><strong>LA PASTORIZIA<\/strong><br \/>\nPerch\u00e9 proiettiamo questo film al museo? La pastorizia, soprattutto nella sua forma transumante, \u00e8 stata oggetto di studi da parte dell&#8217;antropologa Daniela Perco, per molti anni direttrice del museo. Detti studi, compiuti a partire dagli anni &#8217;80 e dedicati soprattutto all&#8217;area feltrina, sono confluiti in una sezione del museo e nel quaderno &#8220;La pastorizia transumante del feltrino&#8221; edito in prima edizione dalla Comunit\u00e0 Montana Feltrina nell&#8217;82 e successivamente dal museo nel 2000. Il volume descrive molto dettagliatamente l&#8217;attivit\u00e0 pastorale che ha avuto nel passato una grande rilevanza economica e che ha conosciuto un progressivo declino nel secondo dopoguerra fino quasi a scomparire. Dalle ricerche \u00e8 emerso che anche allora le donne avevano un ruolo importante nell&#8217;organizzazione del lavoro pastorale che non veniva interrotto neanche dalla gravidanza e dal parto.<br \/>\nDi molte di queste cose potremo parlare al termine della proiezione con la regista Anna Kauber e l&#8217;antropologa Daniela Perco.<\/p>","protected":false},"excerpt":{"rendered":"<p>Il Museo etnografico di Seravella (Cesiomaggiore) della provincia di Belluno in collaborazione con il gruppo di Acquisto Solidale &#8220;La Madia Feltrina&#8221;, il Comune di Cesiomaggiore e il Gruppo Folklorico organizza per venerd\u00ec 11 ottobre alle ore 20.00 la proiezione del film documentario &#8220;In questo mondo&#8221; della regista Anna Kauber, premiato come miglior documentario italiano al [&hellip;]<\/p>\n","protected":false},"author":2,"featured_media":0,"comment_status":"closed","ping_status":"open","sticky":false,"template":"","format":"standard","meta":{"footnotes":""},"categories":[27,3,25],"tags":[],"class_list":["post-108501","post","type-post","status-publish","format-standard","category-appuntamenti","category-arte-cultura-spettacoli-scienza-archivi","category-pausa-caffe"],"yoast_head":"<!-- This site is optimized with the Yoast SEO plugin v28.4 - https:\/\/yoast.com\/product\/yoast-seo-wordpress\/ -->\n<title>Venerd\u00ec al Museo etnografico di Seravella la proiezione del film &quot;In questo mondo&quot; - Bellunopress - Dolomiti<\/title>\n<meta name=\"robots\" content=\"index, follow, max-snippet:-1, max-image-preview:large, max-video-preview:-1\" \/>\n<link rel=\"canonical\" href=\"https:\/\/www.bellunopress.it\/fr\/2019\/10\/06\/venerdi-al-museo-etnografico-di-seravella-la-proiezione-del-film-in-questo-mondo\/\" \/>\n<meta property=\"og:locale\" content=\"fr_FR\" \/>\n<meta property=\"og:type\" content=\"article\" \/>\n<meta property=\"og:title\" content=\"Venerd\u00ec al Museo etnografico di Seravella la proiezione del film &quot;In questo mondo&quot; - Bellunopress - Dolomiti\" \/>\n<meta property=\"og:description\" content=\"Il Museo etnografico di Seravella (Cesiomaggiore) della provincia di Belluno in collaborazione con il gruppo di Acquisto Solidale &#8220;La Madia Feltrina&#8221;, il Comune di Cesiomaggiore e il Gruppo Folklorico organizza per venerd\u00ec 11 ottobre alle ore 20.00 la proiezione del film documentario &#8220;In questo mondo&#8221; della regista Anna Kauber, premiato come miglior documentario italiano al [&hellip;]\" \/>\n<meta property=\"og:url\" content=\"https:\/\/www.bellunopress.it\/fr\/2019\/10\/06\/venerdi-al-museo-etnografico-di-seravella-la-proiezione-del-film-in-questo-mondo\/\" \/>\n<meta property=\"og:site_name\" content=\"Bellunopress - Dolomiti\" \/>\n<meta property=\"article:publisher\" content=\"https:\/\/www.facebook.com\/profile.php?id=100008943462799\" \/>\n<meta property=\"article:published_time\" content=\"2019-10-06T09:30:10+00:00\" \/>\n<meta property=\"article:modified_time\" content=\"2019-10-06T09:33:52+00:00\" \/>\n<meta property=\"og:image\" content=\"http:\/\/www.bellunopress.it\/wp-content\/uploads\/2015\/05\/museo-seravella-2.jpg\" \/>\n<meta name=\"author\" content=\"redazione\" \/>\n<meta name=\"twitter:card\" content=\"summary_large_image\" \/>\n<meta name=\"twitter:creator\" content=\"@bellunopress\" \/>\n<meta name=\"twitter:site\" content=\"@bellunopress\" \/>\n<meta name=\"twitter:label1\" content=\"\u00c9crit par\" \/>\n\t<meta name=\"twitter:data1\" content=\"redazione\" \/>\n\t<meta name=\"twitter:label2\" content=\"Dur\u00e9e de lecture estim\u00e9e\" \/>\n\t<meta name=\"twitter:data2\" content=\"2 minutes\" \/>\n<script type=\"application\/ld+json\" class=\"yoast-schema-graph\">{\"@context\":\"https:\\\/\\\/schema.org\",\"@graph\":[{\"@type\":\"Article\",\"@id\":\"https:\\\/\\\/www.bellunopress.it\\\/2019\\\/10\\\/06\\\/venerdi-al-museo-etnografico-di-seravella-la-proiezione-del-film-in-questo-mondo\\\/#article\",\"isPartOf\":{\"@id\":\"https:\\\/\\\/www.bellunopress.it\\\/2019\\\/10\\\/06\\\/venerdi-al-museo-etnografico-di-seravella-la-proiezione-del-film-in-questo-mondo\\\/\"},\"author\":{\"name\":\"redazione\",\"@id\":\"https:\\\/\\\/www.bellunopress.it\\\/#\\\/schema\\\/person\\\/79bb06722b37ece1c03d3e94beb30d73\"},\"headline\":\"Venerd\u00ec al Museo etnografico di Seravella la proiezione del film &#8220;In questo mondo&#8221;\",\"datePublished\":\"2019-10-06T09:30:10+00:00\",\"dateModified\":\"2019-10-06T09:33:52+00:00\",\"mainEntityOfPage\":{\"@id\":\"https:\\\/\\\/www.bellunopress.it\\\/2019\\\/10\\\/06\\\/venerdi-al-museo-etnografico-di-seravella-la-proiezione-del-film-in-questo-mondo\\\/\"},\"wordCount\":350,\"publisher\":{\"@id\":\"https:\\\/\\\/www.bellunopress.it\\\/#organization\"},\"image\":{\"@id\":\"https:\\\/\\\/www.bellunopress.it\\\/2019\\\/10\\\/06\\\/venerdi-al-museo-etnografico-di-seravella-la-proiezione-del-film-in-questo-mondo\\\/#primaryimage\"},\"thumbnailUrl\":\"http:\\\/\\\/www.bellunopress.it\\\/wp-content\\\/uploads\\\/2015\\\/05\\\/museo-seravella-2.jpg\",\"articleSection\":[\"Appuntamenti, Eventi\",\"Arte, Cultura, Spettacoli, Scienza\",\"Pausa Caff\u00e8\"],\"inLanguage\":\"fr-FR\"},{\"@type\":\"WebPage\",\"@id\":\"https:\\\/\\\/www.bellunopress.it\\\/2019\\\/10\\\/06\\\/venerdi-al-museo-etnografico-di-seravella-la-proiezione-del-film-in-questo-mondo\\\/\",\"url\":\"https:\\\/\\\/www.bellunopress.it\\\/2019\\\/10\\\/06\\\/venerdi-al-museo-etnografico-di-seravella-la-proiezione-del-film-in-questo-mondo\\\/\",\"name\":\"Venerd\u00ec al Museo etnografico di Seravella la proiezione del film \\\"In questo mondo\\\" - Bellunopress - Dolomiti\",\"isPartOf\":{\"@id\":\"https:\\\/\\\/www.bellunopress.it\\\/#website\"},\"primaryImageOfPage\":{\"@id\":\"https:\\\/\\\/www.bellunopress.it\\\/2019\\\/10\\\/06\\\/venerdi-al-museo-etnografico-di-seravella-la-proiezione-del-film-in-questo-mondo\\\/#primaryimage\"},\"image\":{\"@id\":\"https:\\\/\\\/www.bellunopress.it\\\/2019\\\/10\\\/06\\\/venerdi-al-museo-etnografico-di-seravella-la-proiezione-del-film-in-questo-mondo\\\/#primaryimage\"},\"thumbnailUrl\":\"http:\\\/\\\/www.bellunopress.it\\\/wp-content\\\/uploads\\\/2015\\\/05\\\/museo-seravella-2.jpg\",\"datePublished\":\"2019-10-06T09:30:10+00:00\",\"dateModified\":\"2019-10-06T09:33:52+00:00\",\"breadcrumb\":{\"@id\":\"https:\\\/\\\/www.bellunopress.it\\\/2019\\\/10\\\/06\\\/venerdi-al-museo-etnografico-di-seravella-la-proiezione-del-film-in-questo-mondo\\\/#breadcrumb\"},\"inLanguage\":\"fr-FR\",\"potentialAction\":[{\"@type\":\"ReadAction\",\"target\":[\"https:\\\/\\\/www.bellunopress.it\\\/2019\\\/10\\\/06\\\/venerdi-al-museo-etnografico-di-seravella-la-proiezione-del-film-in-questo-mondo\\\/\"]}]},{\"@type\":\"ImageObject\",\"inLanguage\":\"fr-FR\",\"@id\":\"https:\\\/\\\/www.bellunopress.it\\\/2019\\\/10\\\/06\\\/venerdi-al-museo-etnografico-di-seravella-la-proiezione-del-film-in-questo-mondo\\\/#primaryimage\",\"url\":\"http:\\\/\\\/www.bellunopress.it\\\/wp-content\\\/uploads\\\/2015\\\/05\\\/museo-seravella-2.jpg\",\"contentUrl\":\"http:\\\/\\\/www.bellunopress.it\\\/wp-content\\\/uploads\\\/2015\\\/05\\\/museo-seravella-2.jpg\"},{\"@type\":\"BreadcrumbList\",\"@id\":\"https:\\\/\\\/www.bellunopress.it\\\/2019\\\/10\\\/06\\\/venerdi-al-museo-etnografico-di-seravella-la-proiezione-del-film-in-questo-mondo\\\/#breadcrumb\",\"itemListElement\":[{\"@type\":\"ListItem\",\"position\":1,\"name\":\"Home\",\"item\":\"https:\\\/\\\/www.bellunopress.it\\\/\"},{\"@type\":\"ListItem\",\"position\":2,\"name\":\"Venerd\u00ec al Museo etnografico di Seravella la proiezione del film &#8220;In questo mondo&#8221;\"}]},{\"@type\":\"WebSite\",\"@id\":\"https:\\\/\\\/www.bellunopress.it\\\/#website\",\"url\":\"https:\\\/\\\/www.bellunopress.it\\\/\",\"name\":\"Bellunopress - Dolomiti\",\"description\":\"e-mail: redazione@bellunopress.it\",\"publisher\":{\"@id\":\"https:\\\/\\\/www.bellunopress.it\\\/#organization\"},\"potentialAction\":[{\"@type\":\"SearchAction\",\"target\":{\"@type\":\"EntryPoint\",\"urlTemplate\":\"https:\\\/\\\/www.bellunopress.it\\\/?s={search_term_string}\"},\"query-input\":{\"@type\":\"PropertyValueSpecification\",\"valueRequired\":true,\"valueName\":\"search_term_string\"}}],\"inLanguage\":\"fr-FR\"},{\"@type\":\"Organization\",\"@id\":\"https:\\\/\\\/www.bellunopress.it\\\/#organization\",\"name\":\"Bellunopress\",\"url\":\"https:\\\/\\\/www.bellunopress.it\\\/\",\"logo\":{\"@type\":\"ImageObject\",\"inLanguage\":\"fr-FR\",\"@id\":\"https:\\\/\\\/www.bellunopress.it\\\/#\\\/schema\\\/logo\\\/image\\\/\",\"url\":\"https:\\\/\\\/www.bellunopress.it\\\/wp-content\\\/uploads\\\/2011\\\/05\\\/cropped-logo-bellunopress-.jpg\",\"contentUrl\":\"https:\\\/\\\/www.bellunopress.it\\\/wp-content\\\/uploads\\\/2011\\\/05\\\/cropped-logo-bellunopress-.jpg\",\"width\":512,\"height\":512,\"caption\":\"Bellunopress\"},\"image\":{\"@id\":\"https:\\\/\\\/www.bellunopress.it\\\/#\\\/schema\\\/logo\\\/image\\\/\"},\"sameAs\":[\"https:\\\/\\\/www.facebook.com\\\/profile.php?id=100008943462799\",\"https:\\\/\\\/x.com\\\/bellunopress\",\"https:\\\/\\\/www.linkedin.com\\\/hp\\\/?dnr=JBzUWaJfMUw8vbXJJ2tVW5-I3jZKvC4wsoxE&amp;amp;amp;amp;amp;amp;trk=nav_responsive_tab_home\",\"https:\\\/\\\/www.youtube.com\\\/channel\\\/UCxL0wu1uN0_3_7hGG0306cw\"]},{\"@type\":\"Person\",\"@id\":\"https:\\\/\\\/www.bellunopress.it\\\/#\\\/schema\\\/person\\\/79bb06722b37ece1c03d3e94beb30d73\",\"name\":\"redazione\",\"image\":{\"@type\":\"ImageObject\",\"inLanguage\":\"fr-FR\",\"@id\":\"https:\\\/\\\/secure.gravatar.com\\\/avatar\\\/37d968a2e67a6fd04c169c4bdef102d0bc5d31b2546345219e348575eb80e9a0?s=96&d=mm&r=g\",\"url\":\"https:\\\/\\\/secure.gravatar.com\\\/avatar\\\/37d968a2e67a6fd04c169c4bdef102d0bc5d31b2546345219e348575eb80e9a0?s=96&d=mm&r=g\",\"contentUrl\":\"https:\\\/\\\/secure.gravatar.com\\\/avatar\\\/37d968a2e67a6fd04c169c4bdef102d0bc5d31b2546345219e348575eb80e9a0?s=96&d=mm&r=g\",\"caption\":\"redazione\"},\"sameAs\":[\"http:\\\/\\\/www.bellunopress.it\",\"https:\\\/\\\/x.com\\\/bellunopress\"],\"url\":\"https:\\\/\\\/www.bellunopress.it\\\/fr\\\/author\\\/redazione\\\/\"}]}<\/script>\n<!-- \/ Yoast SEO plugin. -->","yoast_head_json":{"title":"Venerd\u00ec al Museo etnografico di Seravella la proiezione del film \"In questo mondo\" - Bellunopress - Dolomiti","robots":{"index":"index","follow":"follow","max-snippet":"max-snippet:-1","max-image-preview":"max-image-preview:large","max-video-preview":"max-video-preview:-1"},"canonical":"https:\/\/www.bellunopress.it\/fr\/2019\/10\/06\/venerdi-al-museo-etnografico-di-seravella-la-proiezione-del-film-in-questo-mondo\/","og_locale":"fr_FR","og_type":"article","og_title":"Venerd\u00ec al Museo etnografico di Seravella la proiezione del film \"In questo mondo\" - Bellunopress - Dolomiti","og_description":"Il Museo etnografico di Seravella (Cesiomaggiore) della provincia di Belluno in collaborazione con il gruppo di Acquisto Solidale &#8220;La Madia Feltrina&#8221;, il Comune di Cesiomaggiore e il Gruppo Folklorico organizza per venerd\u00ec 11 ottobre alle ore 20.00 la proiezione del film documentario &#8220;In questo mondo&#8221; della regista Anna Kauber, premiato come miglior documentario italiano al [&hellip;]","og_url":"https:\/\/www.bellunopress.it\/fr\/2019\/10\/06\/venerdi-al-museo-etnografico-di-seravella-la-proiezione-del-film-in-questo-mondo\/","og_site_name":"Bellunopress - Dolomiti","article_publisher":"https:\/\/www.facebook.com\/profile.php?id=100008943462799","article_published_time":"2019-10-06T09:30:10+00:00","article_modified_time":"2019-10-06T09:33:52+00:00","og_image":[{"url":"http:\/\/www.bellunopress.it\/wp-content\/uploads\/2015\/05\/museo-seravella-2.jpg","type":"","width":"","height":""}],"author":"redazione","twitter_card":"summary_large_image","twitter_creator":"@bellunopress","twitter_site":"@bellunopress","twitter_misc":{"\u00c9crit par":"redazione","Dur\u00e9e de lecture estim\u00e9e":"2 minutes"},"schema":{"@context":"https:\/\/schema.org","@graph":[{"@type":"Article","@id":"https:\/\/www.bellunopress.it\/2019\/10\/06\/venerdi-al-museo-etnografico-di-seravella-la-proiezione-del-film-in-questo-mondo\/#article","isPartOf":{"@id":"https:\/\/www.bellunopress.it\/2019\/10\/06\/venerdi-al-museo-etnografico-di-seravella-la-proiezione-del-film-in-questo-mondo\/"},"author":{"name":"redazione","@id":"https:\/\/www.bellunopress.it\/#\/schema\/person\/79bb06722b37ece1c03d3e94beb30d73"},"headline":"Venerd\u00ec al Museo etnografico di Seravella la proiezione del film &#8220;In questo mondo&#8221;","datePublished":"2019-10-06T09:30:10+00:00","dateModified":"2019-10-06T09:33:52+00:00","mainEntityOfPage":{"@id":"https:\/\/www.bellunopress.it\/2019\/10\/06\/venerdi-al-museo-etnografico-di-seravella-la-proiezione-del-film-in-questo-mondo\/"},"wordCount":350,"publisher":{"@id":"https:\/\/www.bellunopress.it\/#organization"},"image":{"@id":"https:\/\/www.bellunopress.it\/2019\/10\/06\/venerdi-al-museo-etnografico-di-seravella-la-proiezione-del-film-in-questo-mondo\/#primaryimage"},"thumbnailUrl":"http:\/\/www.bellunopress.it\/wp-content\/uploads\/2015\/05\/museo-seravella-2.jpg","articleSection":["Appuntamenti, Eventi","Arte, Cultura, Spettacoli, Scienza","Pausa Caff\u00e8"],"inLanguage":"fr-FR"},{"@type":"WebPage","@id":"https:\/\/www.bellunopress.it\/2019\/10\/06\/venerdi-al-museo-etnografico-di-seravella-la-proiezione-del-film-in-questo-mondo\/","url":"https:\/\/www.bellunopress.it\/2019\/10\/06\/venerdi-al-museo-etnografico-di-seravella-la-proiezione-del-film-in-questo-mondo\/","name":"Venerd\u00ec al Museo etnografico di Seravella la proiezione del film \"In questo mondo\" - Bellunopress - Dolomiti","isPartOf":{"@id":"https:\/\/www.bellunopress.it\/#website"},"primaryImageOfPage":{"@id":"https:\/\/www.bellunopress.it\/2019\/10\/06\/venerdi-al-museo-etnografico-di-seravella-la-proiezione-del-film-in-questo-mondo\/#primaryimage"},"image":{"@id":"https:\/\/www.bellunopress.it\/2019\/10\/06\/venerdi-al-museo-etnografico-di-seravella-la-proiezione-del-film-in-questo-mondo\/#primaryimage"},"thumbnailUrl":"http:\/\/www.bellunopress.it\/wp-content\/uploads\/2015\/05\/museo-seravella-2.jpg","datePublished":"2019-10-06T09:30:10+00:00","dateModified":"2019-10-06T09:33:52+00:00","breadcrumb":{"@id":"https:\/\/www.bellunopress.it\/2019\/10\/06\/venerdi-al-museo-etnografico-di-seravella-la-proiezione-del-film-in-questo-mondo\/#breadcrumb"},"inLanguage":"fr-FR","potentialAction":[{"@type":"ReadAction","target":["https:\/\/www.bellunopress.it\/2019\/10\/06\/venerdi-al-museo-etnografico-di-seravella-la-proiezione-del-film-in-questo-mondo\/"]}]},{"@type":"ImageObject","inLanguage":"fr-FR","@id":"https:\/\/www.bellunopress.it\/2019\/10\/06\/venerdi-al-museo-etnografico-di-seravella-la-proiezione-del-film-in-questo-mondo\/#primaryimage","url":"http:\/\/www.bellunopress.it\/wp-content\/uploads\/2015\/05\/museo-seravella-2.jpg","contentUrl":"http:\/\/www.bellunopress.it\/wp-content\/uploads\/2015\/05\/museo-seravella-2.jpg"},{"@type":"BreadcrumbList","@id":"https:\/\/www.bellunopress.it\/2019\/10\/06\/venerdi-al-museo-etnografico-di-seravella-la-proiezione-del-film-in-questo-mondo\/#breadcrumb","itemListElement":[{"@type":"ListItem","position":1,"name":"Home","item":"https:\/\/www.bellunopress.it\/"},{"@type":"ListItem","position":2,"name":"Venerd\u00ec al Museo etnografico di Seravella la proiezione del film &#8220;In questo mondo&#8221;"}]},{"@type":"WebSite","@id":"https:\/\/www.bellunopress.it\/#website","url":"https:\/\/www.bellunopress.it\/","name":"Bellunopress - Dolomiti","description":"e-mail: redazione@bellunopress.it","publisher":{"@id":"https:\/\/www.bellunopress.it\/#organization"},"potentialAction":[{"@type":"SearchAction","target":{"@type":"EntryPoint","urlTemplate":"https:\/\/www.bellunopress.it\/?s={search_term_string}"},"query-input":{"@type":"PropertyValueSpecification","valueRequired":true,"valueName":"search_term_string"}}],"inLanguage":"fr-FR"},{"@type":"Organization","@id":"https:\/\/www.bellunopress.it\/#organization","name":"Bellunopress","url":"https:\/\/www.bellunopress.it\/","logo":{"@type":"ImageObject","inLanguage":"fr-FR","@id":"https:\/\/www.bellunopress.it\/#\/schema\/logo\/image\/","url":"https:\/\/www.bellunopress.it\/wp-content\/uploads\/2011\/05\/cropped-logo-bellunopress-.jpg","contentUrl":"https:\/\/www.bellunopress.it\/wp-content\/uploads\/2011\/05\/cropped-logo-bellunopress-.jpg","width":512,"height":512,"caption":"Bellunopress"},"image":{"@id":"https:\/\/www.bellunopress.it\/#\/schema\/logo\/image\/"},"sameAs":["https:\/\/www.facebook.com\/profile.php?id=100008943462799","https:\/\/x.com\/bellunopress","https:\/\/www.linkedin.com\/hp\/?dnr=JBzUWaJfMUw8vbXJJ2tVW5-I3jZKvC4wsoxE&amp;amp;amp;amp;amp;amp;trk=nav_responsive_tab_home","https:\/\/www.youtube.com\/channel\/UCxL0wu1uN0_3_7hGG0306cw"]},{"@type":"Person","@id":"https:\/\/www.bellunopress.it\/#\/schema\/person\/79bb06722b37ece1c03d3e94beb30d73","name":"r\u00e9daction","image":{"@type":"ImageObject","inLanguage":"fr-FR","@id":"https:\/\/secure.gravatar.com\/avatar\/37d968a2e67a6fd04c169c4bdef102d0bc5d31b2546345219e348575eb80e9a0?s=96&d=mm&r=g","url":"https:\/\/secure.gravatar.com\/avatar\/37d968a2e67a6fd04c169c4bdef102d0bc5d31b2546345219e348575eb80e9a0?s=96&d=mm&r=g","contentUrl":"https:\/\/secure.gravatar.com\/avatar\/37d968a2e67a6fd04c169c4bdef102d0bc5d31b2546345219e348575eb80e9a0?s=96&d=mm&r=g","caption":"redazione"},"sameAs":["http:\/\/www.bellunopress.it","https:\/\/x.com\/bellunopress"],"url":"https:\/\/www.bellunopress.it\/fr\/author\/redazione\/"}]}},"_links":{"self":[{"href":"https:\/\/www.bellunopress.it\/fr\/wp-json\/wp\/v2\/posts\/108501","targetHints":{"allow":["GET"]}}],"collection":[{"href":"https:\/\/www.bellunopress.it\/fr\/wp-json\/wp\/v2\/posts"}],"about":[{"href":"https:\/\/www.bellunopress.it\/fr\/wp-json\/wp\/v2\/types\/post"}],"author":[{"embeddable":true,"href":"https:\/\/www.bellunopress.it\/fr\/wp-json\/wp\/v2\/users\/2"}],"replies":[{"embeddable":true,"href":"https:\/\/www.bellunopress.it\/fr\/wp-json\/wp\/v2\/comments?post=108501"}],"version-history":[{"count":1,"href":"https:\/\/www.bellunopress.it\/fr\/wp-json\/wp\/v2\/posts\/108501\/revisions"}],"predecessor-version":[{"id":108502,"href":"https:\/\/www.bellunopress.it\/fr\/wp-json\/wp\/v2\/posts\/108501\/revisions\/108502"}],"wp:attachment":[{"href":"https:\/\/www.bellunopress.it\/fr\/wp-json\/wp\/v2\/media?parent=108501"}],"wp:term":[{"taxonomy":"category","embeddable":true,"href":"https:\/\/www.bellunopress.it\/fr\/wp-json\/wp\/v2\/categories?post=108501"},{"taxonomy":"post_tag","embeddable":true,"href":"https:\/\/www.bellunopress.it\/fr\/wp-json\/wp\/v2\/tags?post=108501"}],"curies":[{"name":"wp","href":"https:\/\/api.w.org\/{rel}","templated":true}]}}