{"id":108480,"date":"2019-10-06T09:50:42","date_gmt":"2019-10-06T07:50:42","guid":{"rendered":"http:\/\/www.bellunopress.it\/?p=108480"},"modified":"2019-10-04T15:50:17","modified_gmt":"2019-10-04T13:50:17","slug":"lalpago-scalda-i-motori-sabato-12-e-domenica-13-ottobre-torna-il-memorial-dedicato-a-elio-da-re","status":"publish","type":"post","link":"https:\/\/www.bellunopress.it\/fr\/2019\/10\/06\/lalpago-scalda-i-motori-sabato-12-e-domenica-13-ottobre-torna-il-memorial-dedicato-a-elio-da-re\/","title":{"rendered":"L&#8217;Alpago scalda i motori: sabato 12 e domenica 13 ottobre torna il Memorial dedicato a Elio Da Re"},"content":{"rendered":"<p><a href=\"http:\/\/www.bellunopress.it\/fr\/2019\/10\/04\/lalpago-scalda-i-motori-sabato-12-e-domenica-13-ottobre-torna-il-memorial-dedicato-a-elio-da-re\/locandina\/\" rel=\"attachment wp-att-108481\"><img loading=\"lazy\" decoding=\"async\" class=\"alignleft size-full wp-image-108481\" src=\"http:\/\/www.bellunopress.it\/wp-content\/uploads\/2019\/10\/Locandina-e1570196545428.jpg\" alt=\"\" width=\"250\" height=\"353\" \/><\/a>A Farra si ricorda il pioniere dei kart: appuntamento per sabato 12 e domenica 13 Il ricordo si intreccia alla passione dei motori. E sfocia nel Memorial Elio Da Re \u201cSciopet\u201d: giunto alla seconda edizione, l\u2019evento \u00e8 dedicato a tutti gli appassionati di kart. Il weekend da segnare in rosso sul calendario \u00e8 quello di sabato 12 e domenica 13 ottobre, quando al piazzale del campo sportivo di Farra d\u2019Alpago andr\u00e0 in scena un appuntamento unico nel suo genere. \u00abNon \u00e8 una competizione &#8211; spiegano gli organizzatori &#8211; ma un modo per stare insieme e unire gli appassionati, oltre agli ex piloti e ai piloti tuttora in attivit\u00e0\u00bb. Entrando nelle pieghe del programma, si scopre che sabato 12, dalle 11 del mattino e per l\u2019intero pomeriggio, sar\u00e0 possibile noleggiare i kart (quindi chiunque potr\u00e0 provare a correre), mentre il giorno successivo, alle 8.30, verranno aperte le iscrizioni e i kart da competizione si prenderanno il palcoscenico. Nessun valore ai piazzamenti e alle graduatorie, quindi, anche se saranno assegnati due premi: il Memorial Elio Da Re, che assume la forma di un\u2019opera dell\u2019artista Antonio Lavina, e un giro in pista con la Formula Predator di Luca Panizzi. Il quale, grazie alla sua presenza, nobiliter\u00e0 il fine settimana in Alpago e, a bordo della Spice-X, far\u00e0 da apripista. Sotto la regia dell\u2019associazione Play Go, in collaborazione con il Comune di Alpago e Aci Sport, l\u2019appuntamento ha lo scopo di ricordare Elio Da Re, un autentico pioniere che, alla fine degli anni Settanta, si \u00e8 avvicinato ai motori assieme a Piero Navoni e a coloro che appartenevano al Karting Club Bellunese.<a href=\"http:\/\/www.bellunopress.it\/fr\/2019\/10\/04\/lalpago-scalda-i-motori-sabato-12-e-domenica-13-ottobre-torna-il-memorial-dedicato-a-elio-da-re\/photo-2019-10-03-10-19-12\/\" rel=\"attachment wp-att-108482\"><img loading=\"lazy\" decoding=\"async\" class=\"alignright size-full wp-image-108482\" src=\"http:\/\/www.bellunopress.it\/wp-content\/uploads\/2019\/10\/PHOTO-2019-10-03-10-19-12-e1570196668974.jpg\" alt=\"\" width=\"250\" height=\"250\" \/><\/a> A quel tempo, erano tutti ragazzi giovani, senza un soldo in tasca. E le poche risorse a disposizione venivano investite proprio nel mondo dei kart.<a href=\"http:\/\/www.bellunopress.it\/fr\/2019\/10\/04\/lalpago-scalda-i-motori-sabato-12-e-domenica-13-ottobre-torna-il-memorial-dedicato-a-elio-da-re\/photo-2019-10-03-10-19-11\/\" rel=\"attachment wp-att-108483\"><img loading=\"lazy\" decoding=\"async\" class=\"alignleft size-full wp-image-108483\" src=\"http:\/\/www.bellunopress.it\/wp-content\/uploads\/2019\/10\/PHOTO-2019-10-03-10-19-11-e1570196770915.jpg\" alt=\"\" width=\"350\" height=\"233\" \/><\/a> Non a caso, utilizzavano spesso gomme e pezzi che altri buttavano. Eppure, grazie all\u2019abilit\u00e0 e all\u2019amore per le monoposto, Elio e gli altri riuscivano ugualmente a brillare in gara, tanto da classi?carsi a cadenza regolare fra i primi, se non addirittura a vincere. Cos\u00ec, nel tempo, quella squadra di bellunesi ha avuto il merito di distinguersi ben al di l\u00e0 dei confini provinciali, mentre Elio \u00e8 diventato campione triveneto e vicecampione italiano di kart. E, nell\u2019arco della sua carriera, ha accumulato una lunga serie di successi. Quei successi che, uniti alla lealt\u00e0 e al modo cristallino di interpretare lo sport, rappresentano l\u2019eredit\u00e0 pi\u00f9 preziosa da tramandare alle nuove generazioni di piloti.<\/p>\n<p>Per iscrizioni e informazioni, \u00e8 attivo il numero telefonico 338 5230255.<\/p>","protected":false},"excerpt":{"rendered":"<p>A Farra si ricorda il pioniere dei kart: appuntamento per sabato 12 e domenica 13 Il ricordo si intreccia alla passione dei motori. E sfocia nel Memorial Elio Da Re \u201cSciopet\u201d: giunto alla seconda edizione, l\u2019evento \u00e8 dedicato a tutti gli appassionati di kart. Il weekend da segnare in rosso sul calendario \u00e8 quello di [&hellip;]<\/p>\n","protected":false},"author":2,"featured_media":0,"comment_status":"closed","ping_status":"open","sticky":false,"template":"","format":"standard","meta":{"footnotes":""},"categories":[27,26,4],"tags":[],"class_list":["post-108480","post","type-post","status-publish","format-standard","category-appuntamenti","category-prima-pagina","category-sport"],"yoast_head":"<!-- This site is optimized with the Yoast SEO plugin v28.4 - https:\/\/yoast.com\/product\/yoast-seo-wordpress\/ -->\n<title>L&#039;Alpago scalda i motori: sabato 12 e domenica 13 ottobre torna il Memorial dedicato a Elio Da Re - Bellunopress - Dolomiti<\/title>\n<meta name=\"robots\" content=\"index, follow, max-snippet:-1, max-image-preview:large, max-video-preview:-1\" \/>\n<link rel=\"canonical\" href=\"https:\/\/www.bellunopress.it\/fr\/2019\/10\/06\/lalpago-scalda-i-motori-sabato-12-e-domenica-13-ottobre-torna-il-memorial-dedicato-a-elio-da-re\/\" \/>\n<meta property=\"og:locale\" content=\"fr_FR\" \/>\n<meta property=\"og:type\" content=\"article\" \/>\n<meta property=\"og:title\" content=\"L&#039;Alpago scalda i motori: sabato 12 e domenica 13 ottobre torna il Memorial dedicato a Elio Da Re - Bellunopress - Dolomiti\" \/>\n<meta property=\"og:description\" content=\"A Farra si ricorda il pioniere dei kart: appuntamento per sabato 12 e domenica 13 Il ricordo si intreccia alla passione dei motori. E sfocia nel Memorial Elio Da Re \u201cSciopet\u201d: giunto alla seconda edizione, l\u2019evento \u00e8 dedicato a tutti gli appassionati di kart. Il weekend da segnare in rosso sul calendario \u00e8 quello di [&hellip;]\" \/>\n<meta property=\"og:url\" content=\"https:\/\/www.bellunopress.it\/fr\/2019\/10\/06\/lalpago-scalda-i-motori-sabato-12-e-domenica-13-ottobre-torna-il-memorial-dedicato-a-elio-da-re\/\" \/>\n<meta property=\"og:site_name\" content=\"Bellunopress - Dolomiti\" \/>\n<meta property=\"article:publisher\" content=\"https:\/\/www.facebook.com\/profile.php?id=100008943462799\" \/>\n<meta property=\"article:published_time\" content=\"2019-10-06T07:50:42+00:00\" \/>\n<meta property=\"og:image\" content=\"http:\/\/www.bellunopress.it\/wp-content\/uploads\/2019\/10\/Locandina-e1570196545428.jpg\" \/>\n<meta name=\"author\" content=\"redazione\" \/>\n<meta name=\"twitter:card\" content=\"summary_large_image\" \/>\n<meta name=\"twitter:creator\" content=\"@bellunopress\" \/>\n<meta name=\"twitter:site\" content=\"@bellunopress\" \/>\n<meta name=\"twitter:label1\" content=\"\u00c9crit par\" \/>\n\t<meta name=\"twitter:data1\" content=\"redazione\" \/>\n\t<meta name=\"twitter:label2\" content=\"Dur\u00e9e de lecture estim\u00e9e\" \/>\n\t<meta name=\"twitter:data2\" content=\"2 minutes\" \/>\n<script type=\"application\/ld+json\" class=\"yoast-schema-graph\">{\"@context\":\"https:\\\/\\\/schema.org\",\"@graph\":[{\"@type\":\"Article\",\"@id\":\"https:\\\/\\\/www.bellunopress.it\\\/2019\\\/10\\\/06\\\/lalpago-scalda-i-motori-sabato-12-e-domenica-13-ottobre-torna-il-memorial-dedicato-a-elio-da-re\\\/#article\",\"isPartOf\":{\"@id\":\"https:\\\/\\\/www.bellunopress.it\\\/2019\\\/10\\\/06\\\/lalpago-scalda-i-motori-sabato-12-e-domenica-13-ottobre-torna-il-memorial-dedicato-a-elio-da-re\\\/\"},\"author\":{\"name\":\"redazione\",\"@id\":\"https:\\\/\\\/www.bellunopress.it\\\/#\\\/schema\\\/person\\\/79bb06722b37ece1c03d3e94beb30d73\"},\"headline\":\"L&#8217;Alpago scalda i motori: sabato 12 e domenica 13 ottobre torna il Memorial dedicato a Elio Da Re\",\"datePublished\":\"2019-10-06T07:50:42+00:00\",\"mainEntityOfPage\":{\"@id\":\"https:\\\/\\\/www.bellunopress.it\\\/2019\\\/10\\\/06\\\/lalpago-scalda-i-motori-sabato-12-e-domenica-13-ottobre-torna-il-memorial-dedicato-a-elio-da-re\\\/\"},\"wordCount\":429,\"publisher\":{\"@id\":\"https:\\\/\\\/www.bellunopress.it\\\/#organization\"},\"image\":{\"@id\":\"https:\\\/\\\/www.bellunopress.it\\\/2019\\\/10\\\/06\\\/lalpago-scalda-i-motori-sabato-12-e-domenica-13-ottobre-torna-il-memorial-dedicato-a-elio-da-re\\\/#primaryimage\"},\"thumbnailUrl\":\"http:\\\/\\\/www.bellunopress.it\\\/wp-content\\\/uploads\\\/2019\\\/10\\\/Locandina-e1570196545428.jpg\",\"articleSection\":[\"Appuntamenti, Eventi\",\"Prima Pagina\",\"Sport, tempo libero\"],\"inLanguage\":\"fr-FR\"},{\"@type\":\"WebPage\",\"@id\":\"https:\\\/\\\/www.bellunopress.it\\\/2019\\\/10\\\/06\\\/lalpago-scalda-i-motori-sabato-12-e-domenica-13-ottobre-torna-il-memorial-dedicato-a-elio-da-re\\\/\",\"url\":\"https:\\\/\\\/www.bellunopress.it\\\/2019\\\/10\\\/06\\\/lalpago-scalda-i-motori-sabato-12-e-domenica-13-ottobre-torna-il-memorial-dedicato-a-elio-da-re\\\/\",\"name\":\"L'Alpago scalda i motori: sabato 12 e domenica 13 ottobre torna il Memorial dedicato a Elio Da Re - Bellunopress - Dolomiti\",\"isPartOf\":{\"@id\":\"https:\\\/\\\/www.bellunopress.it\\\/#website\"},\"primaryImageOfPage\":{\"@id\":\"https:\\\/\\\/www.bellunopress.it\\\/2019\\\/10\\\/06\\\/lalpago-scalda-i-motori-sabato-12-e-domenica-13-ottobre-torna-il-memorial-dedicato-a-elio-da-re\\\/#primaryimage\"},\"image\":{\"@id\":\"https:\\\/\\\/www.bellunopress.it\\\/2019\\\/10\\\/06\\\/lalpago-scalda-i-motori-sabato-12-e-domenica-13-ottobre-torna-il-memorial-dedicato-a-elio-da-re\\\/#primaryimage\"},\"thumbnailUrl\":\"http:\\\/\\\/www.bellunopress.it\\\/wp-content\\\/uploads\\\/2019\\\/10\\\/Locandina-e1570196545428.jpg\",\"datePublished\":\"2019-10-06T07:50:42+00:00\",\"breadcrumb\":{\"@id\":\"https:\\\/\\\/www.bellunopress.it\\\/2019\\\/10\\\/06\\\/lalpago-scalda-i-motori-sabato-12-e-domenica-13-ottobre-torna-il-memorial-dedicato-a-elio-da-re\\\/#breadcrumb\"},\"inLanguage\":\"fr-FR\",\"potentialAction\":[{\"@type\":\"ReadAction\",\"target\":[\"https:\\\/\\\/www.bellunopress.it\\\/2019\\\/10\\\/06\\\/lalpago-scalda-i-motori-sabato-12-e-domenica-13-ottobre-torna-il-memorial-dedicato-a-elio-da-re\\\/\"]}]},{\"@type\":\"ImageObject\",\"inLanguage\":\"fr-FR\",\"@id\":\"https:\\\/\\\/www.bellunopress.it\\\/2019\\\/10\\\/06\\\/lalpago-scalda-i-motori-sabato-12-e-domenica-13-ottobre-torna-il-memorial-dedicato-a-elio-da-re\\\/#primaryimage\",\"url\":\"http:\\\/\\\/www.bellunopress.it\\\/wp-content\\\/uploads\\\/2019\\\/10\\\/Locandina-e1570196545428.jpg\",\"contentUrl\":\"http:\\\/\\\/www.bellunopress.it\\\/wp-content\\\/uploads\\\/2019\\\/10\\\/Locandina-e1570196545428.jpg\"},{\"@type\":\"BreadcrumbList\",\"@id\":\"https:\\\/\\\/www.bellunopress.it\\\/2019\\\/10\\\/06\\\/lalpago-scalda-i-motori-sabato-12-e-domenica-13-ottobre-torna-il-memorial-dedicato-a-elio-da-re\\\/#breadcrumb\",\"itemListElement\":[{\"@type\":\"ListItem\",\"position\":1,\"name\":\"Home\",\"item\":\"https:\\\/\\\/www.bellunopress.it\\\/\"},{\"@type\":\"ListItem\",\"position\":2,\"name\":\"L&#8217;Alpago scalda i motori: sabato 12 e domenica 13 ottobre torna il Memorial dedicato a Elio Da Re\"}]},{\"@type\":\"WebSite\",\"@id\":\"https:\\\/\\\/www.bellunopress.it\\\/#website\",\"url\":\"https:\\\/\\\/www.bellunopress.it\\\/\",\"name\":\"Bellunopress - Dolomiti\",\"description\":\"e-mail: redazione@bellunopress.it\",\"publisher\":{\"@id\":\"https:\\\/\\\/www.bellunopress.it\\\/#organization\"},\"potentialAction\":[{\"@type\":\"SearchAction\",\"target\":{\"@type\":\"EntryPoint\",\"urlTemplate\":\"https:\\\/\\\/www.bellunopress.it\\\/?s={search_term_string}\"},\"query-input\":{\"@type\":\"PropertyValueSpecification\",\"valueRequired\":true,\"valueName\":\"search_term_string\"}}],\"inLanguage\":\"fr-FR\"},{\"@type\":\"Organization\",\"@id\":\"https:\\\/\\\/www.bellunopress.it\\\/#organization\",\"name\":\"Bellunopress\",\"url\":\"https:\\\/\\\/www.bellunopress.it\\\/\",\"logo\":{\"@type\":\"ImageObject\",\"inLanguage\":\"fr-FR\",\"@id\":\"https:\\\/\\\/www.bellunopress.it\\\/#\\\/schema\\\/logo\\\/image\\\/\",\"url\":\"https:\\\/\\\/www.bellunopress.it\\\/wp-content\\\/uploads\\\/2011\\\/05\\\/cropped-logo-bellunopress-.jpg\",\"contentUrl\":\"https:\\\/\\\/www.bellunopress.it\\\/wp-content\\\/uploads\\\/2011\\\/05\\\/cropped-logo-bellunopress-.jpg\",\"width\":512,\"height\":512,\"caption\":\"Bellunopress\"},\"image\":{\"@id\":\"https:\\\/\\\/www.bellunopress.it\\\/#\\\/schema\\\/logo\\\/image\\\/\"},\"sameAs\":[\"https:\\\/\\\/www.facebook.com\\\/profile.php?id=100008943462799\",\"https:\\\/\\\/x.com\\\/bellunopress\",\"https:\\\/\\\/www.linkedin.com\\\/hp\\\/?dnr=JBzUWaJfMUw8vbXJJ2tVW5-I3jZKvC4wsoxE&amp;amp;amp;amp;amp;amp;trk=nav_responsive_tab_home\",\"https:\\\/\\\/www.youtube.com\\\/channel\\\/UCxL0wu1uN0_3_7hGG0306cw\"]},{\"@type\":\"Person\",\"@id\":\"https:\\\/\\\/www.bellunopress.it\\\/#\\\/schema\\\/person\\\/79bb06722b37ece1c03d3e94beb30d73\",\"name\":\"redazione\",\"image\":{\"@type\":\"ImageObject\",\"inLanguage\":\"fr-FR\",\"@id\":\"https:\\\/\\\/secure.gravatar.com\\\/avatar\\\/37d968a2e67a6fd04c169c4bdef102d0bc5d31b2546345219e348575eb80e9a0?s=96&d=mm&r=g\",\"url\":\"https:\\\/\\\/secure.gravatar.com\\\/avatar\\\/37d968a2e67a6fd04c169c4bdef102d0bc5d31b2546345219e348575eb80e9a0?s=96&d=mm&r=g\",\"contentUrl\":\"https:\\\/\\\/secure.gravatar.com\\\/avatar\\\/37d968a2e67a6fd04c169c4bdef102d0bc5d31b2546345219e348575eb80e9a0?s=96&d=mm&r=g\",\"caption\":\"redazione\"},\"sameAs\":[\"http:\\\/\\\/www.bellunopress.it\",\"https:\\\/\\\/x.com\\\/bellunopress\"],\"url\":\"https:\\\/\\\/www.bellunopress.it\\\/fr\\\/author\\\/redazione\\\/\"}]}<\/script>\n<!-- \/ Yoast SEO plugin. -->","yoast_head_json":{"title":"L'Alpago scalda i motori: sabato 12 e domenica 13 ottobre torna il Memorial dedicato a Elio Da Re - Bellunopress - Dolomiti","robots":{"index":"index","follow":"follow","max-snippet":"max-snippet:-1","max-image-preview":"max-image-preview:large","max-video-preview":"max-video-preview:-1"},"canonical":"https:\/\/www.bellunopress.it\/fr\/2019\/10\/06\/lalpago-scalda-i-motori-sabato-12-e-domenica-13-ottobre-torna-il-memorial-dedicato-a-elio-da-re\/","og_locale":"fr_FR","og_type":"article","og_title":"L'Alpago scalda i motori: sabato 12 e domenica 13 ottobre torna il Memorial dedicato a Elio Da Re - Bellunopress - Dolomiti","og_description":"A Farra si ricorda il pioniere dei kart: appuntamento per sabato 12 e domenica 13 Il ricordo si intreccia alla passione dei motori. E sfocia nel Memorial Elio Da Re \u201cSciopet\u201d: giunto alla seconda edizione, l\u2019evento \u00e8 dedicato a tutti gli appassionati di kart. Il weekend da segnare in rosso sul calendario \u00e8 quello di [&hellip;]","og_url":"https:\/\/www.bellunopress.it\/fr\/2019\/10\/06\/lalpago-scalda-i-motori-sabato-12-e-domenica-13-ottobre-torna-il-memorial-dedicato-a-elio-da-re\/","og_site_name":"Bellunopress - Dolomiti","article_publisher":"https:\/\/www.facebook.com\/profile.php?id=100008943462799","article_published_time":"2019-10-06T07:50:42+00:00","og_image":[{"url":"http:\/\/www.bellunopress.it\/wp-content\/uploads\/2019\/10\/Locandina-e1570196545428.jpg","type":"","width":"","height":""}],"author":"redazione","twitter_card":"summary_large_image","twitter_creator":"@bellunopress","twitter_site":"@bellunopress","twitter_misc":{"\u00c9crit par":"redazione","Dur\u00e9e de lecture estim\u00e9e":"2 minutes"},"schema":{"@context":"https:\/\/schema.org","@graph":[{"@type":"Article","@id":"https:\/\/www.bellunopress.it\/2019\/10\/06\/lalpago-scalda-i-motori-sabato-12-e-domenica-13-ottobre-torna-il-memorial-dedicato-a-elio-da-re\/#article","isPartOf":{"@id":"https:\/\/www.bellunopress.it\/2019\/10\/06\/lalpago-scalda-i-motori-sabato-12-e-domenica-13-ottobre-torna-il-memorial-dedicato-a-elio-da-re\/"},"author":{"name":"redazione","@id":"https:\/\/www.bellunopress.it\/#\/schema\/person\/79bb06722b37ece1c03d3e94beb30d73"},"headline":"L&#8217;Alpago scalda i motori: sabato 12 e domenica 13 ottobre torna il Memorial dedicato a Elio Da Re","datePublished":"2019-10-06T07:50:42+00:00","mainEntityOfPage":{"@id":"https:\/\/www.bellunopress.it\/2019\/10\/06\/lalpago-scalda-i-motori-sabato-12-e-domenica-13-ottobre-torna-il-memorial-dedicato-a-elio-da-re\/"},"wordCount":429,"publisher":{"@id":"https:\/\/www.bellunopress.it\/#organization"},"image":{"@id":"https:\/\/www.bellunopress.it\/2019\/10\/06\/lalpago-scalda-i-motori-sabato-12-e-domenica-13-ottobre-torna-il-memorial-dedicato-a-elio-da-re\/#primaryimage"},"thumbnailUrl":"http:\/\/www.bellunopress.it\/wp-content\/uploads\/2019\/10\/Locandina-e1570196545428.jpg","articleSection":["Appuntamenti, Eventi","Prima Pagina","Sport, tempo libero"],"inLanguage":"fr-FR"},{"@type":"WebPage","@id":"https:\/\/www.bellunopress.it\/2019\/10\/06\/lalpago-scalda-i-motori-sabato-12-e-domenica-13-ottobre-torna-il-memorial-dedicato-a-elio-da-re\/","url":"https:\/\/www.bellunopress.it\/2019\/10\/06\/lalpago-scalda-i-motori-sabato-12-e-domenica-13-ottobre-torna-il-memorial-dedicato-a-elio-da-re\/","name":"L'Alpago scalda i motori: sabato 12 e domenica 13 ottobre torna il Memorial dedicato a Elio Da Re - Bellunopress - Dolomiti","isPartOf":{"@id":"https:\/\/www.bellunopress.it\/#website"},"primaryImageOfPage":{"@id":"https:\/\/www.bellunopress.it\/2019\/10\/06\/lalpago-scalda-i-motori-sabato-12-e-domenica-13-ottobre-torna-il-memorial-dedicato-a-elio-da-re\/#primaryimage"},"image":{"@id":"https:\/\/www.bellunopress.it\/2019\/10\/06\/lalpago-scalda-i-motori-sabato-12-e-domenica-13-ottobre-torna-il-memorial-dedicato-a-elio-da-re\/#primaryimage"},"thumbnailUrl":"http:\/\/www.bellunopress.it\/wp-content\/uploads\/2019\/10\/Locandina-e1570196545428.jpg","datePublished":"2019-10-06T07:50:42+00:00","breadcrumb":{"@id":"https:\/\/www.bellunopress.it\/2019\/10\/06\/lalpago-scalda-i-motori-sabato-12-e-domenica-13-ottobre-torna-il-memorial-dedicato-a-elio-da-re\/#breadcrumb"},"inLanguage":"fr-FR","potentialAction":[{"@type":"ReadAction","target":["https:\/\/www.bellunopress.it\/2019\/10\/06\/lalpago-scalda-i-motori-sabato-12-e-domenica-13-ottobre-torna-il-memorial-dedicato-a-elio-da-re\/"]}]},{"@type":"ImageObject","inLanguage":"fr-FR","@id":"https:\/\/www.bellunopress.it\/2019\/10\/06\/lalpago-scalda-i-motori-sabato-12-e-domenica-13-ottobre-torna-il-memorial-dedicato-a-elio-da-re\/#primaryimage","url":"http:\/\/www.bellunopress.it\/wp-content\/uploads\/2019\/10\/Locandina-e1570196545428.jpg","contentUrl":"http:\/\/www.bellunopress.it\/wp-content\/uploads\/2019\/10\/Locandina-e1570196545428.jpg"},{"@type":"BreadcrumbList","@id":"https:\/\/www.bellunopress.it\/2019\/10\/06\/lalpago-scalda-i-motori-sabato-12-e-domenica-13-ottobre-torna-il-memorial-dedicato-a-elio-da-re\/#breadcrumb","itemListElement":[{"@type":"ListItem","position":1,"name":"Home","item":"https:\/\/www.bellunopress.it\/"},{"@type":"ListItem","position":2,"name":"L&#8217;Alpago scalda i motori: sabato 12 e domenica 13 ottobre torna il Memorial dedicato a Elio Da Re"}]},{"@type":"WebSite","@id":"https:\/\/www.bellunopress.it\/#website","url":"https:\/\/www.bellunopress.it\/","name":"Bellunopress - Dolomiti","description":"e-mail: redazione@bellunopress.it","publisher":{"@id":"https:\/\/www.bellunopress.it\/#organization"},"potentialAction":[{"@type":"SearchAction","target":{"@type":"EntryPoint","urlTemplate":"https:\/\/www.bellunopress.it\/?s={search_term_string}"},"query-input":{"@type":"PropertyValueSpecification","valueRequired":true,"valueName":"search_term_string"}}],"inLanguage":"fr-FR"},{"@type":"Organization","@id":"https:\/\/www.bellunopress.it\/#organization","name":"Bellunopress","url":"https:\/\/www.bellunopress.it\/","logo":{"@type":"ImageObject","inLanguage":"fr-FR","@id":"https:\/\/www.bellunopress.it\/#\/schema\/logo\/image\/","url":"https:\/\/www.bellunopress.it\/wp-content\/uploads\/2011\/05\/cropped-logo-bellunopress-.jpg","contentUrl":"https:\/\/www.bellunopress.it\/wp-content\/uploads\/2011\/05\/cropped-logo-bellunopress-.jpg","width":512,"height":512,"caption":"Bellunopress"},"image":{"@id":"https:\/\/www.bellunopress.it\/#\/schema\/logo\/image\/"},"sameAs":["https:\/\/www.facebook.com\/profile.php?id=100008943462799","https:\/\/x.com\/bellunopress","https:\/\/www.linkedin.com\/hp\/?dnr=JBzUWaJfMUw8vbXJJ2tVW5-I3jZKvC4wsoxE&amp;amp;amp;amp;amp;amp;trk=nav_responsive_tab_home","https:\/\/www.youtube.com\/channel\/UCxL0wu1uN0_3_7hGG0306cw"]},{"@type":"Person","@id":"https:\/\/www.bellunopress.it\/#\/schema\/person\/79bb06722b37ece1c03d3e94beb30d73","name":"r\u00e9daction","image":{"@type":"ImageObject","inLanguage":"fr-FR","@id":"https:\/\/secure.gravatar.com\/avatar\/37d968a2e67a6fd04c169c4bdef102d0bc5d31b2546345219e348575eb80e9a0?s=96&d=mm&r=g","url":"https:\/\/secure.gravatar.com\/avatar\/37d968a2e67a6fd04c169c4bdef102d0bc5d31b2546345219e348575eb80e9a0?s=96&d=mm&r=g","contentUrl":"https:\/\/secure.gravatar.com\/avatar\/37d968a2e67a6fd04c169c4bdef102d0bc5d31b2546345219e348575eb80e9a0?s=96&d=mm&r=g","caption":"redazione"},"sameAs":["http:\/\/www.bellunopress.it","https:\/\/x.com\/bellunopress"],"url":"https:\/\/www.bellunopress.it\/fr\/author\/redazione\/"}]}},"_links":{"self":[{"href":"https:\/\/www.bellunopress.it\/fr\/wp-json\/wp\/v2\/posts\/108480","targetHints":{"allow":["GET"]}}],"collection":[{"href":"https:\/\/www.bellunopress.it\/fr\/wp-json\/wp\/v2\/posts"}],"about":[{"href":"https:\/\/www.bellunopress.it\/fr\/wp-json\/wp\/v2\/types\/post"}],"author":[{"embeddable":true,"href":"https:\/\/www.bellunopress.it\/fr\/wp-json\/wp\/v2\/users\/2"}],"replies":[{"embeddable":true,"href":"https:\/\/www.bellunopress.it\/fr\/wp-json\/wp\/v2\/comments?post=108480"}],"version-history":[{"count":2,"href":"https:\/\/www.bellunopress.it\/fr\/wp-json\/wp\/v2\/posts\/108480\/revisions"}],"predecessor-version":[{"id":108485,"href":"https:\/\/www.bellunopress.it\/fr\/wp-json\/wp\/v2\/posts\/108480\/revisions\/108485"}],"wp:attachment":[{"href":"https:\/\/www.bellunopress.it\/fr\/wp-json\/wp\/v2\/media?parent=108480"}],"wp:term":[{"taxonomy":"category","embeddable":true,"href":"https:\/\/www.bellunopress.it\/fr\/wp-json\/wp\/v2\/categories?post=108480"},{"taxonomy":"post_tag","embeddable":true,"href":"https:\/\/www.bellunopress.it\/fr\/wp-json\/wp\/v2\/tags?post=108480"}],"curies":[{"name":"wp","href":"https:\/\/api.w.org\/{rel}","templated":true}]}}