{"id":108467,"date":"2019-10-04T13:25:32","date_gmt":"2019-10-04T11:25:32","guid":{"rendered":"http:\/\/www.bellunopress.it\/?p=108467"},"modified":"2019-10-04T13:25:32","modified_gmt":"2019-10-04T11:25:32","slug":"centro-di-controllo-enel-di-polpet-lunedi-7-ottobre-presidio-organizzato-da-cisl-e-cgil-davanti-alla-prefettura-di-belluno","status":"publish","type":"post","link":"https:\/\/www.bellunopress.it\/fr\/2019\/10\/04\/centro-di-controllo-enel-di-polpet-lunedi-7-ottobre-presidio-organizzato-da-cisl-e-cgil-davanti-alla-prefettura-di-belluno\/","title":{"rendered":"Centro di controllo Enel di Polpet:\u00a0luned\u00ec 7 ottobre presidio organizzato da Cisl e Cgil davanti alla Prefettura di Belluno"},"content":{"rendered":"<figure id=\"attachment_55867\" aria-describedby=\"caption-attachment-55867\" style=\"width: 144px\" class=\"wp-caption alignleft\"><a href=\"http:\/\/www.bellunopress.it\/fr\/2014\/01\/28\/vertenza-dolomitibus-la-cisl-precisa-chiediamo-regole-condivise-alla-provincia-e-auspichiamo-attenzione-a-lavoratori-ed-utenze-da-chiunque-gestira-la-dolomitibus\/rudy-roffare-cisl\/\" rel=\"attachment wp-att-55867\"><img loading=\"lazy\" decoding=\"async\" class=\"size-full wp-image-55867\" src=\"http:\/\/www.bellunopress.it\/wp-content\/uploads\/2014\/01\/Rudy-Roffar\u00e8-Cisl.jpg\" alt=\"\" width=\"144\" height=\"170\" \/><\/a><figcaption id=\"caption-attachment-55867\" class=\"wp-caption-text\">Rudy Roffar\u00e8 &#8211; Segretario generale aggiunto Cisl Belluno<\/figcaption><\/figure>\n<figure id=\"attachment_78991\" aria-describedby=\"caption-attachment-78991\" style=\"width: 140px\" class=\"wp-caption alignleft\"><a href=\"http:\/\/www.bellunopress.it\/fr\/2016\/07\/07\/veneto-strade-ipotesi-cessione-parte-della-rete-viaria-ad-anas-de-carli-fontana-cgil-nessuna-certezza-la-viabilita-ne-futuro-dei-lavoratori\/mauro-de-carli-cgil\/\" rel=\"attachment wp-att-78991\"><img loading=\"lazy\" decoding=\"async\" class=\"size-full wp-image-78991\" src=\"http:\/\/www.bellunopress.it\/wp-content\/uploads\/2016\/07\/mauro-de-carli-cgil.jpg\" alt=\"\" width=\"140\" height=\"188\" \/><\/a><figcaption id=\"caption-attachment-78991\" class=\"wp-caption-text\">Mauro De Carli &#8211; Segretario generale Cgil Belluno<\/figcaption><\/figure>\n<p>Presidio di lavoratori e cittadini luned\u00ec 7 ottobre dalle 15 davanti alla Prefettura di Belluno per dire no alla chiusura del centro di teleconduzione di Polpet. Prosegue l&#8217;impegno di Cisl e Cgil per contrastare il progetto di esternalizzazione del servizio di guardiania delle dighe insistenti nel territorio della provincia di Belluno e l&#8217;ipotesi di spostamento del centro di controllo Enel di Polpet. Il segretario generale aggiunto della Cisl Belluno Treviso Rudy Roffar\u00e8 e il segretario generale della Cgil di Belluno Mauro De Carli hanno scritto al Prefetto per illustrargli le proprie preoccupazioni e perplessit\u00e0 e chiedergli di ricevere una delegazione di cittadini in occasione del presidio di luned\u00ec.<\/p>\n<p>&#8220;Allo stesso tempo &#8211; spiegano Roffar\u00e8 e De Carli &#8211; abbiamo interessato le istituzioni politiche della provincia, che condividono tutte la nostra presa di posizione, e sottoscritto un documento indirizzato ad Enel per chiedere una maggiore attenzione riguardo alla fragilit\u00e0 del nostro territorio, il mantenimento dei livelli di garanzia in tema di sicurezza e delle strutture indispensabili per la tenuta delle attivit\u00e0. La salvaguardia delle strutture e delle infrastrutture e l&#8217;attenta valutazione della delicatezza idrogeologica del territorio bellunese sono due elementi imprescindibili per la garanzia della sopravvivenza in sicurezza delle filiere produttive presenti&#8221;.<\/p>\n<p>Secondo le organizzazioni sindacali, chiudere il centro di Polpet, che governa una sessantina di centrali elettriche medio-grandi, a favore di un controllo a distanza di migliaia di chilometri, \u00e8 sbagliato e pericoloso, perch\u00e9 porterebbe a una mancanza di coordinamento, soprattutto nei casi di alluvioni eccezionali, come Vaia, e di monitoraggio fisico da parte di personale altamente qualificato, in grado di intervenire velocemente e con grandi competenze nei casi di emergenza.<\/p>\n<p>Al Prefetto, Cgil e Cisl domanderanno &#8220;un interessamento presso la nuova compagine governativa, affinch\u00e8 il Governo comprenda la determinazione con cui viene chiesta all&#8217;Enel e alle sue societ\u00e0 collegate una inversione di piano strategico. Belluno ha gi\u00e0 pagato troppo per lo sfruttamento idrico del territorio&#8221;.<\/p>","protected":false},"excerpt":{"rendered":"<p>Presidio di lavoratori e cittadini luned\u00ec 7 ottobre dalle 15 davanti alla Prefettura di Belluno per dire no alla chiusura del centro di teleconduzione di Polpet. Prosegue l&#8217;impegno di Cisl e Cgil per contrastare il progetto di esternalizzazione del servizio di guardiania delle dighe insistenti nel territorio della provincia di Belluno e l&#8217;ipotesi di spostamento [&hellip;]<\/p>\n","protected":false},"author":2,"featured_media":0,"comment_status":"closed","ping_status":"open","sticky":false,"template":"","format":"standard","meta":{"footnotes":""},"categories":[27,36,26],"tags":[],"class_list":["post-108467","post","type-post","status-publish","format-standard","category-appuntamenti","category-lavoro-economia","category-prima-pagina"],"yoast_head":"<!-- This site is optimized with the Yoast SEO plugin v28.4 - https:\/\/yoast.com\/product\/yoast-seo-wordpress\/ -->\n<title>Centro di controllo Enel di Polpet:\u00a0luned\u00ec 7 ottobre presidio organizzato da Cisl e Cgil davanti alla Prefettura di Belluno - Bellunopress - Dolomiti<\/title>\n<meta name=\"robots\" content=\"index, follow, max-snippet:-1, max-image-preview:large, max-video-preview:-1\" \/>\n<link rel=\"canonical\" href=\"https:\/\/www.bellunopress.it\/fr\/2019\/10\/04\/centro-di-controllo-enel-di-polpet-lunedi-7-ottobre-presidio-organizzato-da-cisl-e-cgil-davanti-alla-prefettura-di-belluno\/\" \/>\n<meta property=\"og:locale\" content=\"fr_FR\" \/>\n<meta property=\"og:type\" content=\"article\" \/>\n<meta property=\"og:title\" content=\"Centro di controllo Enel di Polpet:\u00a0luned\u00ec 7 ottobre presidio organizzato da Cisl e Cgil davanti alla Prefettura di Belluno - Bellunopress - Dolomiti\" \/>\n<meta property=\"og:description\" content=\"Presidio di lavoratori e cittadini luned\u00ec 7 ottobre dalle 15 davanti alla Prefettura di Belluno per dire no alla chiusura del centro di teleconduzione di Polpet. Prosegue l&#8217;impegno di Cisl e Cgil per contrastare il progetto di esternalizzazione del servizio di guardiania delle dighe insistenti nel territorio della provincia di Belluno e l&#8217;ipotesi di spostamento [&hellip;]\" \/>\n<meta property=\"og:url\" content=\"https:\/\/www.bellunopress.it\/fr\/2019\/10\/04\/centro-di-controllo-enel-di-polpet-lunedi-7-ottobre-presidio-organizzato-da-cisl-e-cgil-davanti-alla-prefettura-di-belluno\/\" \/>\n<meta property=\"og:site_name\" content=\"Bellunopress - Dolomiti\" \/>\n<meta property=\"article:publisher\" content=\"https:\/\/www.facebook.com\/profile.php?id=100008943462799\" \/>\n<meta property=\"article:published_time\" content=\"2019-10-04T11:25:32+00:00\" \/>\n<meta property=\"og:image\" content=\"http:\/\/www.bellunopress.it\/wp-content\/uploads\/2014\/01\/Rudy-Roffar\u00e8-Cisl.jpg\" \/>\n<meta name=\"author\" content=\"redazione\" \/>\n<meta name=\"twitter:card\" content=\"summary_large_image\" \/>\n<meta name=\"twitter:creator\" content=\"@bellunopress\" \/>\n<meta name=\"twitter:site\" content=\"@bellunopress\" \/>\n<meta name=\"twitter:label1\" content=\"\u00c9crit par\" \/>\n\t<meta name=\"twitter:data1\" content=\"redazione\" \/>\n\t<meta name=\"twitter:label2\" content=\"Dur\u00e9e de lecture estim\u00e9e\" \/>\n\t<meta name=\"twitter:data2\" content=\"2 minutes\" \/>\n<script type=\"application\/ld+json\" class=\"yoast-schema-graph\">{\"@context\":\"https:\\\/\\\/schema.org\",\"@graph\":[{\"@type\":\"Article\",\"@id\":\"https:\\\/\\\/www.bellunopress.it\\\/2019\\\/10\\\/04\\\/centro-di-controllo-enel-di-polpet-lunedi-7-ottobre-presidio-organizzato-da-cisl-e-cgil-davanti-alla-prefettura-di-belluno\\\/#article\",\"isPartOf\":{\"@id\":\"https:\\\/\\\/www.bellunopress.it\\\/2019\\\/10\\\/04\\\/centro-di-controllo-enel-di-polpet-lunedi-7-ottobre-presidio-organizzato-da-cisl-e-cgil-davanti-alla-prefettura-di-belluno\\\/\"},\"author\":{\"name\":\"redazione\",\"@id\":\"https:\\\/\\\/www.bellunopress.it\\\/#\\\/schema\\\/person\\\/79bb06722b37ece1c03d3e94beb30d73\"},\"headline\":\"Centro di controllo Enel di Polpet:\u00a0luned\u00ec 7 ottobre presidio organizzato da Cisl e Cgil davanti alla Prefettura di Belluno\",\"datePublished\":\"2019-10-04T11:25:32+00:00\",\"mainEntityOfPage\":{\"@id\":\"https:\\\/\\\/www.bellunopress.it\\\/2019\\\/10\\\/04\\\/centro-di-controllo-enel-di-polpet-lunedi-7-ottobre-presidio-organizzato-da-cisl-e-cgil-davanti-alla-prefettura-di-belluno\\\/\"},\"wordCount\":366,\"publisher\":{\"@id\":\"https:\\\/\\\/www.bellunopress.it\\\/#organization\"},\"image\":{\"@id\":\"https:\\\/\\\/www.bellunopress.it\\\/2019\\\/10\\\/04\\\/centro-di-controllo-enel-di-polpet-lunedi-7-ottobre-presidio-organizzato-da-cisl-e-cgil-davanti-alla-prefettura-di-belluno\\\/#primaryimage\"},\"thumbnailUrl\":\"http:\\\/\\\/www.bellunopress.it\\\/wp-content\\\/uploads\\\/2016\\\/07\\\/mauro-de-carli-cgil.jpg\",\"articleSection\":[\"Appuntamenti, Eventi\",\"Lavoro, Economia, Turismo\",\"Prima Pagina\"],\"inLanguage\":\"fr-FR\"},{\"@type\":\"WebPage\",\"@id\":\"https:\\\/\\\/www.bellunopress.it\\\/2019\\\/10\\\/04\\\/centro-di-controllo-enel-di-polpet-lunedi-7-ottobre-presidio-organizzato-da-cisl-e-cgil-davanti-alla-prefettura-di-belluno\\\/\",\"url\":\"https:\\\/\\\/www.bellunopress.it\\\/2019\\\/10\\\/04\\\/centro-di-controllo-enel-di-polpet-lunedi-7-ottobre-presidio-organizzato-da-cisl-e-cgil-davanti-alla-prefettura-di-belluno\\\/\",\"name\":\"Centro di controllo Enel di Polpet:\u00a0luned\u00ec 7 ottobre presidio organizzato da Cisl e Cgil davanti alla Prefettura di Belluno - Bellunopress - Dolomiti\",\"isPartOf\":{\"@id\":\"https:\\\/\\\/www.bellunopress.it\\\/#website\"},\"primaryImageOfPage\":{\"@id\":\"https:\\\/\\\/www.bellunopress.it\\\/2019\\\/10\\\/04\\\/centro-di-controllo-enel-di-polpet-lunedi-7-ottobre-presidio-organizzato-da-cisl-e-cgil-davanti-alla-prefettura-di-belluno\\\/#primaryimage\"},\"image\":{\"@id\":\"https:\\\/\\\/www.bellunopress.it\\\/2019\\\/10\\\/04\\\/centro-di-controllo-enel-di-polpet-lunedi-7-ottobre-presidio-organizzato-da-cisl-e-cgil-davanti-alla-prefettura-di-belluno\\\/#primaryimage\"},\"thumbnailUrl\":\"http:\\\/\\\/www.bellunopress.it\\\/wp-content\\\/uploads\\\/2016\\\/07\\\/mauro-de-carli-cgil.jpg\",\"datePublished\":\"2019-10-04T11:25:32+00:00\",\"breadcrumb\":{\"@id\":\"https:\\\/\\\/www.bellunopress.it\\\/2019\\\/10\\\/04\\\/centro-di-controllo-enel-di-polpet-lunedi-7-ottobre-presidio-organizzato-da-cisl-e-cgil-davanti-alla-prefettura-di-belluno\\\/#breadcrumb\"},\"inLanguage\":\"fr-FR\",\"potentialAction\":[{\"@type\":\"ReadAction\",\"target\":[\"https:\\\/\\\/www.bellunopress.it\\\/2019\\\/10\\\/04\\\/centro-di-controllo-enel-di-polpet-lunedi-7-ottobre-presidio-organizzato-da-cisl-e-cgil-davanti-alla-prefettura-di-belluno\\\/\"]}]},{\"@type\":\"ImageObject\",\"inLanguage\":\"fr-FR\",\"@id\":\"https:\\\/\\\/www.bellunopress.it\\\/2019\\\/10\\\/04\\\/centro-di-controllo-enel-di-polpet-lunedi-7-ottobre-presidio-organizzato-da-cisl-e-cgil-davanti-alla-prefettura-di-belluno\\\/#primaryimage\",\"url\":\"http:\\\/\\\/www.bellunopress.it\\\/wp-content\\\/uploads\\\/2016\\\/07\\\/mauro-de-carli-cgil.jpg\",\"contentUrl\":\"http:\\\/\\\/www.bellunopress.it\\\/wp-content\\\/uploads\\\/2016\\\/07\\\/mauro-de-carli-cgil.jpg\"},{\"@type\":\"BreadcrumbList\",\"@id\":\"https:\\\/\\\/www.bellunopress.it\\\/2019\\\/10\\\/04\\\/centro-di-controllo-enel-di-polpet-lunedi-7-ottobre-presidio-organizzato-da-cisl-e-cgil-davanti-alla-prefettura-di-belluno\\\/#breadcrumb\",\"itemListElement\":[{\"@type\":\"ListItem\",\"position\":1,\"name\":\"Home\",\"item\":\"https:\\\/\\\/www.bellunopress.it\\\/\"},{\"@type\":\"ListItem\",\"position\":2,\"name\":\"Centro di controllo Enel di Polpet:\u00a0luned\u00ec 7 ottobre presidio organizzato da Cisl e Cgil davanti alla Prefettura di Belluno\"}]},{\"@type\":\"WebSite\",\"@id\":\"https:\\\/\\\/www.bellunopress.it\\\/#website\",\"url\":\"https:\\\/\\\/www.bellunopress.it\\\/\",\"name\":\"Bellunopress - Dolomiti\",\"description\":\"e-mail: redazione@bellunopress.it\",\"publisher\":{\"@id\":\"https:\\\/\\\/www.bellunopress.it\\\/#organization\"},\"potentialAction\":[{\"@type\":\"SearchAction\",\"target\":{\"@type\":\"EntryPoint\",\"urlTemplate\":\"https:\\\/\\\/www.bellunopress.it\\\/?s={search_term_string}\"},\"query-input\":{\"@type\":\"PropertyValueSpecification\",\"valueRequired\":true,\"valueName\":\"search_term_string\"}}],\"inLanguage\":\"fr-FR\"},{\"@type\":\"Organization\",\"@id\":\"https:\\\/\\\/www.bellunopress.it\\\/#organization\",\"name\":\"Bellunopress\",\"url\":\"https:\\\/\\\/www.bellunopress.it\\\/\",\"logo\":{\"@type\":\"ImageObject\",\"inLanguage\":\"fr-FR\",\"@id\":\"https:\\\/\\\/www.bellunopress.it\\\/#\\\/schema\\\/logo\\\/image\\\/\",\"url\":\"https:\\\/\\\/www.bellunopress.it\\\/wp-content\\\/uploads\\\/2011\\\/05\\\/cropped-logo-bellunopress-.jpg\",\"contentUrl\":\"https:\\\/\\\/www.bellunopress.it\\\/wp-content\\\/uploads\\\/2011\\\/05\\\/cropped-logo-bellunopress-.jpg\",\"width\":512,\"height\":512,\"caption\":\"Bellunopress\"},\"image\":{\"@id\":\"https:\\\/\\\/www.bellunopress.it\\\/#\\\/schema\\\/logo\\\/image\\\/\"},\"sameAs\":[\"https:\\\/\\\/www.facebook.com\\\/profile.php?id=100008943462799\",\"https:\\\/\\\/x.com\\\/bellunopress\",\"https:\\\/\\\/www.linkedin.com\\\/hp\\\/?dnr=JBzUWaJfMUw8vbXJJ2tVW5-I3jZKvC4wsoxE&amp;amp;amp;amp;amp;amp;trk=nav_responsive_tab_home\",\"https:\\\/\\\/www.youtube.com\\\/channel\\\/UCxL0wu1uN0_3_7hGG0306cw\"]},{\"@type\":\"Person\",\"@id\":\"https:\\\/\\\/www.bellunopress.it\\\/#\\\/schema\\\/person\\\/79bb06722b37ece1c03d3e94beb30d73\",\"name\":\"redazione\",\"image\":{\"@type\":\"ImageObject\",\"inLanguage\":\"fr-FR\",\"@id\":\"https:\\\/\\\/secure.gravatar.com\\\/avatar\\\/37d968a2e67a6fd04c169c4bdef102d0bc5d31b2546345219e348575eb80e9a0?s=96&d=mm&r=g\",\"url\":\"https:\\\/\\\/secure.gravatar.com\\\/avatar\\\/37d968a2e67a6fd04c169c4bdef102d0bc5d31b2546345219e348575eb80e9a0?s=96&d=mm&r=g\",\"contentUrl\":\"https:\\\/\\\/secure.gravatar.com\\\/avatar\\\/37d968a2e67a6fd04c169c4bdef102d0bc5d31b2546345219e348575eb80e9a0?s=96&d=mm&r=g\",\"caption\":\"redazione\"},\"sameAs\":[\"http:\\\/\\\/www.bellunopress.it\",\"https:\\\/\\\/x.com\\\/bellunopress\"],\"url\":\"https:\\\/\\\/www.bellunopress.it\\\/fr\\\/author\\\/redazione\\\/\"}]}<\/script>\n<!-- \/ Yoast SEO plugin. -->","yoast_head_json":{"title":"Centro di controllo Enel di Polpet:\u00a0luned\u00ec 7 ottobre presidio organizzato da Cisl e Cgil davanti alla Prefettura di Belluno - Bellunopress - Dolomiti","robots":{"index":"index","follow":"follow","max-snippet":"max-snippet:-1","max-image-preview":"max-image-preview:large","max-video-preview":"max-video-preview:-1"},"canonical":"https:\/\/www.bellunopress.it\/fr\/2019\/10\/04\/centro-di-controllo-enel-di-polpet-lunedi-7-ottobre-presidio-organizzato-da-cisl-e-cgil-davanti-alla-prefettura-di-belluno\/","og_locale":"fr_FR","og_type":"article","og_title":"Centro di controllo Enel di Polpet:\u00a0luned\u00ec 7 ottobre presidio organizzato da Cisl e Cgil davanti alla Prefettura di Belluno - Bellunopress - Dolomiti","og_description":"Presidio di lavoratori e cittadini luned\u00ec 7 ottobre dalle 15 davanti alla Prefettura di Belluno per dire no alla chiusura del centro di teleconduzione di Polpet. Prosegue l&#8217;impegno di Cisl e Cgil per contrastare il progetto di esternalizzazione del servizio di guardiania delle dighe insistenti nel territorio della provincia di Belluno e l&#8217;ipotesi di spostamento [&hellip;]","og_url":"https:\/\/www.bellunopress.it\/fr\/2019\/10\/04\/centro-di-controllo-enel-di-polpet-lunedi-7-ottobre-presidio-organizzato-da-cisl-e-cgil-davanti-alla-prefettura-di-belluno\/","og_site_name":"Bellunopress - Dolomiti","article_publisher":"https:\/\/www.facebook.com\/profile.php?id=100008943462799","article_published_time":"2019-10-04T11:25:32+00:00","og_image":[{"url":"http:\/\/www.bellunopress.it\/wp-content\/uploads\/2014\/01\/Rudy-Roffar\u00e8-Cisl.jpg","type":"","width":"","height":""}],"author":"redazione","twitter_card":"summary_large_image","twitter_creator":"@bellunopress","twitter_site":"@bellunopress","twitter_misc":{"\u00c9crit par":"redazione","Dur\u00e9e de lecture estim\u00e9e":"2 minutes"},"schema":{"@context":"https:\/\/schema.org","@graph":[{"@type":"Article","@id":"https:\/\/www.bellunopress.it\/2019\/10\/04\/centro-di-controllo-enel-di-polpet-lunedi-7-ottobre-presidio-organizzato-da-cisl-e-cgil-davanti-alla-prefettura-di-belluno\/#article","isPartOf":{"@id":"https:\/\/www.bellunopress.it\/2019\/10\/04\/centro-di-controllo-enel-di-polpet-lunedi-7-ottobre-presidio-organizzato-da-cisl-e-cgil-davanti-alla-prefettura-di-belluno\/"},"author":{"name":"redazione","@id":"https:\/\/www.bellunopress.it\/#\/schema\/person\/79bb06722b37ece1c03d3e94beb30d73"},"headline":"Centro di controllo Enel di Polpet:\u00a0luned\u00ec 7 ottobre presidio organizzato da Cisl e Cgil davanti alla Prefettura di Belluno","datePublished":"2019-10-04T11:25:32+00:00","mainEntityOfPage":{"@id":"https:\/\/www.bellunopress.it\/2019\/10\/04\/centro-di-controllo-enel-di-polpet-lunedi-7-ottobre-presidio-organizzato-da-cisl-e-cgil-davanti-alla-prefettura-di-belluno\/"},"wordCount":366,"publisher":{"@id":"https:\/\/www.bellunopress.it\/#organization"},"image":{"@id":"https:\/\/www.bellunopress.it\/2019\/10\/04\/centro-di-controllo-enel-di-polpet-lunedi-7-ottobre-presidio-organizzato-da-cisl-e-cgil-davanti-alla-prefettura-di-belluno\/#primaryimage"},"thumbnailUrl":"http:\/\/www.bellunopress.it\/wp-content\/uploads\/2016\/07\/mauro-de-carli-cgil.jpg","articleSection":["Appuntamenti, Eventi","Lavoro, Economia, Turismo","Prima Pagina"],"inLanguage":"fr-FR"},{"@type":"WebPage","@id":"https:\/\/www.bellunopress.it\/2019\/10\/04\/centro-di-controllo-enel-di-polpet-lunedi-7-ottobre-presidio-organizzato-da-cisl-e-cgil-davanti-alla-prefettura-di-belluno\/","url":"https:\/\/www.bellunopress.it\/2019\/10\/04\/centro-di-controllo-enel-di-polpet-lunedi-7-ottobre-presidio-organizzato-da-cisl-e-cgil-davanti-alla-prefettura-di-belluno\/","name":"Centro di controllo Enel di Polpet:\u00a0luned\u00ec 7 ottobre presidio organizzato da Cisl e Cgil davanti alla Prefettura di Belluno - Bellunopress - Dolomiti","isPartOf":{"@id":"https:\/\/www.bellunopress.it\/#website"},"primaryImageOfPage":{"@id":"https:\/\/www.bellunopress.it\/2019\/10\/04\/centro-di-controllo-enel-di-polpet-lunedi-7-ottobre-presidio-organizzato-da-cisl-e-cgil-davanti-alla-prefettura-di-belluno\/#primaryimage"},"image":{"@id":"https:\/\/www.bellunopress.it\/2019\/10\/04\/centro-di-controllo-enel-di-polpet-lunedi-7-ottobre-presidio-organizzato-da-cisl-e-cgil-davanti-alla-prefettura-di-belluno\/#primaryimage"},"thumbnailUrl":"http:\/\/www.bellunopress.it\/wp-content\/uploads\/2016\/07\/mauro-de-carli-cgil.jpg","datePublished":"2019-10-04T11:25:32+00:00","breadcrumb":{"@id":"https:\/\/www.bellunopress.it\/2019\/10\/04\/centro-di-controllo-enel-di-polpet-lunedi-7-ottobre-presidio-organizzato-da-cisl-e-cgil-davanti-alla-prefettura-di-belluno\/#breadcrumb"},"inLanguage":"fr-FR","potentialAction":[{"@type":"ReadAction","target":["https:\/\/www.bellunopress.it\/2019\/10\/04\/centro-di-controllo-enel-di-polpet-lunedi-7-ottobre-presidio-organizzato-da-cisl-e-cgil-davanti-alla-prefettura-di-belluno\/"]}]},{"@type":"ImageObject","inLanguage":"fr-FR","@id":"https:\/\/www.bellunopress.it\/2019\/10\/04\/centro-di-controllo-enel-di-polpet-lunedi-7-ottobre-presidio-organizzato-da-cisl-e-cgil-davanti-alla-prefettura-di-belluno\/#primaryimage","url":"http:\/\/www.bellunopress.it\/wp-content\/uploads\/2016\/07\/mauro-de-carli-cgil.jpg","contentUrl":"http:\/\/www.bellunopress.it\/wp-content\/uploads\/2016\/07\/mauro-de-carli-cgil.jpg"},{"@type":"BreadcrumbList","@id":"https:\/\/www.bellunopress.it\/2019\/10\/04\/centro-di-controllo-enel-di-polpet-lunedi-7-ottobre-presidio-organizzato-da-cisl-e-cgil-davanti-alla-prefettura-di-belluno\/#breadcrumb","itemListElement":[{"@type":"ListItem","position":1,"name":"Home","item":"https:\/\/www.bellunopress.it\/"},{"@type":"ListItem","position":2,"name":"Centro di controllo Enel di Polpet:\u00a0luned\u00ec 7 ottobre presidio organizzato da Cisl e Cgil davanti alla Prefettura di Belluno"}]},{"@type":"WebSite","@id":"https:\/\/www.bellunopress.it\/#website","url":"https:\/\/www.bellunopress.it\/","name":"Bellunopress - Dolomiti","description":"e-mail: redazione@bellunopress.it","publisher":{"@id":"https:\/\/www.bellunopress.it\/#organization"},"potentialAction":[{"@type":"SearchAction","target":{"@type":"EntryPoint","urlTemplate":"https:\/\/www.bellunopress.it\/?s={search_term_string}"},"query-input":{"@type":"PropertyValueSpecification","valueRequired":true,"valueName":"search_term_string"}}],"inLanguage":"fr-FR"},{"@type":"Organization","@id":"https:\/\/www.bellunopress.it\/#organization","name":"Bellunopress","url":"https:\/\/www.bellunopress.it\/","logo":{"@type":"ImageObject","inLanguage":"fr-FR","@id":"https:\/\/www.bellunopress.it\/#\/schema\/logo\/image\/","url":"https:\/\/www.bellunopress.it\/wp-content\/uploads\/2011\/05\/cropped-logo-bellunopress-.jpg","contentUrl":"https:\/\/www.bellunopress.it\/wp-content\/uploads\/2011\/05\/cropped-logo-bellunopress-.jpg","width":512,"height":512,"caption":"Bellunopress"},"image":{"@id":"https:\/\/www.bellunopress.it\/#\/schema\/logo\/image\/"},"sameAs":["https:\/\/www.facebook.com\/profile.php?id=100008943462799","https:\/\/x.com\/bellunopress","https:\/\/www.linkedin.com\/hp\/?dnr=JBzUWaJfMUw8vbXJJ2tVW5-I3jZKvC4wsoxE&amp;amp;amp;amp;amp;amp;trk=nav_responsive_tab_home","https:\/\/www.youtube.com\/channel\/UCxL0wu1uN0_3_7hGG0306cw"]},{"@type":"Person","@id":"https:\/\/www.bellunopress.it\/#\/schema\/person\/79bb06722b37ece1c03d3e94beb30d73","name":"r\u00e9daction","image":{"@type":"ImageObject","inLanguage":"fr-FR","@id":"https:\/\/secure.gravatar.com\/avatar\/37d968a2e67a6fd04c169c4bdef102d0bc5d31b2546345219e348575eb80e9a0?s=96&d=mm&r=g","url":"https:\/\/secure.gravatar.com\/avatar\/37d968a2e67a6fd04c169c4bdef102d0bc5d31b2546345219e348575eb80e9a0?s=96&d=mm&r=g","contentUrl":"https:\/\/secure.gravatar.com\/avatar\/37d968a2e67a6fd04c169c4bdef102d0bc5d31b2546345219e348575eb80e9a0?s=96&d=mm&r=g","caption":"redazione"},"sameAs":["http:\/\/www.bellunopress.it","https:\/\/x.com\/bellunopress"],"url":"https:\/\/www.bellunopress.it\/fr\/author\/redazione\/"}]}},"_links":{"self":[{"href":"https:\/\/www.bellunopress.it\/fr\/wp-json\/wp\/v2\/posts\/108467","targetHints":{"allow":["GET"]}}],"collection":[{"href":"https:\/\/www.bellunopress.it\/fr\/wp-json\/wp\/v2\/posts"}],"about":[{"href":"https:\/\/www.bellunopress.it\/fr\/wp-json\/wp\/v2\/types\/post"}],"author":[{"embeddable":true,"href":"https:\/\/www.bellunopress.it\/fr\/wp-json\/wp\/v2\/users\/2"}],"replies":[{"embeddable":true,"href":"https:\/\/www.bellunopress.it\/fr\/wp-json\/wp\/v2\/comments?post=108467"}],"version-history":[{"count":1,"href":"https:\/\/www.bellunopress.it\/fr\/wp-json\/wp\/v2\/posts\/108467\/revisions"}],"predecessor-version":[{"id":108468,"href":"https:\/\/www.bellunopress.it\/fr\/wp-json\/wp\/v2\/posts\/108467\/revisions\/108468"}],"wp:attachment":[{"href":"https:\/\/www.bellunopress.it\/fr\/wp-json\/wp\/v2\/media?parent=108467"}],"wp:term":[{"taxonomy":"category","embeddable":true,"href":"https:\/\/www.bellunopress.it\/fr\/wp-json\/wp\/v2\/categories?post=108467"},{"taxonomy":"post_tag","embeddable":true,"href":"https:\/\/www.bellunopress.it\/fr\/wp-json\/wp\/v2\/tags?post=108467"}],"curies":[{"name":"wp","href":"https:\/\/api.w.org\/{rel}","templated":true}]}}