{"id":108463,"date":"2019-10-04T13:18:06","date_gmt":"2019-10-04T11:18:06","guid":{"rendered":"http:\/\/www.bellunopress.it\/?p=108463"},"modified":"2019-10-04T13:18:07","modified_gmt":"2019-10-04T11:18:07","slug":"enzo-chemello-e-il-nuovo-primario-del-pronto-soccorso-dellospedale-di-pieve-di-cadore","status":"publish","type":"post","link":"https:\/\/www.bellunopress.it\/fr\/2019\/10\/04\/enzo-chemello-e-il-nuovo-primario-del-pronto-soccorso-dellospedale-di-pieve-di-cadore\/","title":{"rendered":"Enzo Chemello \u00e8 il nuovo primario del Pronto Soccorso dell\u2019Ospedale di Pieve di Cadore\u00a0"},"content":{"rendered":"<p><a href=\"http:\/\/www.bellunopress.it\/fr\/2019\/10\/04\/enzo-chemello-e-il-nuovo-primario-del-pronto-soccorso-dellospedale-di-pieve-di-cadore\/enzo-chemello-primario-pieve-cadore\/\" rel=\"attachment wp-att-108464\"><img loading=\"lazy\" decoding=\"async\" class=\"alignleft size-full wp-image-108464\" src=\"http:\/\/www.bellunopress.it\/wp-content\/uploads\/2019\/10\/Enzo-Chemello-primario-pieve-cadore.jpg\" alt=\"\" width=\"214\" height=\"273\" \/><\/a>Con deliberazione di oggi &#8211; 4 ottobre &#8211; il Direttore generale della Ulss 1 Dolomiti ha conferito l\u2019incarico di durata quinquennale di Direttore della struttura complessa UOC di Accettazione e Pronto Soccorso dell\u2019ospedale di Pieve di Cadore, al dottor Enzo Chemello (nella foto), nato a Belluno nel 1963, a seguito di selezione svoltasi il 20 settembre.<\/p>\n<p>Il dr. Chemello si \u00e8 laureato in Medicina e Chirurgia all\u2019Univesit\u00e0 di Firenze.<br \/>\nImpiegato come capitano medico presso il reparto Chirurgia del Policlinico Militare di Padova dal 1991 al 1999. Durante questo periodo ha conseguito la specialit\u00e0 in Chirurgia d\u2019Urgenza e di Pronto Soccorso a Padova e ha partecipato come chirurgo dell\u2019ospedale da campo italiano a missioni di peace keeping sotto l\u2019egida dell\u2019ONU in Mozambico e sotto l\u2019egida della NATO in Bosnia-Herzegovina.<br \/>\nDal febbraio 1999 a tutt\u2019oggi ha lavorato nel Pronto di Soccorso di Este e Montagnana e, dopo l\u2019unificazione con l\u2019ospedale di Monselice, nel nuovo polo ospedaliero di Schiavonia.<br \/>\nIn questi 20 anni oltre all\u2019attivit\u00e0 clinica di Pronto Soccorso e di soccorso territoriale SUEM 118, ha ricoperto il ruolo di Responsabile Gestione Qualit\u00e0 del Pronto Soccorso, componente della CIELO (Commissione Interna Emergenza e sua Logistica in Ospedale) e componente del Comitato Scientifico Aziendale.<br \/>\nNel periodo 2004-2006 si \u00e8 trasferito a Miami (USA) per perfezionare le conoscenze sul trattamento dei pazienti politraumatizzati con la frequenza delle fellowship in &#8220;Surgical Critical Care&#8221; e &#8220;Trauma Surgery&#8221; presso il Ryder Trauma Center dell\u2019Universit\u00e0 di Miami acquisendo esperienza &#8220;hands on&#8221; in chirurgia del trauma e d&#8217;urgenza presso uno dei pi\u00f9 affollati trauma center americani.<br \/>\nNel 2016 ha completato il Master Universitario biennale di II livello in &#8220;Management e Sanit\u00e0&#8221; organizzato dalla Scuola Superiore di Studi Universitari e di Perfezionamento Sant\u2019Anna di Pisa.<br \/>\nNel 2018 ha conseguito il diploma di Master Universitario di II livello in &#8220;Lean Healtcare Management&#8221; dell\u2019Universit\u00e0 di Siena.<br \/>\nDal 2000 organizzatore e istruttore in importanti corsi, per personale medico come l\u2019ATLS (Advanced Trauma Life Support) e PHTLS (Pre-Hospital Trauma Life Support).<br \/>\nDal 2010 ha iniziato un impegno in ambito umanitario partecipando a brevi missioni con l\u2019ICRC (International Committee of the Red Cross) in aree \u201ccalde\u201d del mondo.<\/p>\n<p>\u201c A poco tempo dalla cessazione per pensionamento del dr. Antonio Tocchio \u00e8 stato conferito presso l\u2019Ospedale di Pieve di Cadore un incarico ad uno specialista che ha maturato una notevole esperienza professionale sia in Italia che all\u2019estero, in ambito di criticit\u00e0 e complessit\u00e0 elevate\u201d afferma il Direttore Generale.<\/p>","protected":false},"excerpt":{"rendered":"<p>Con deliberazione di oggi &#8211; 4 ottobre &#8211; il Direttore generale della Ulss 1 Dolomiti ha conferito l\u2019incarico di durata quinquennale di Direttore della struttura complessa UOC di Accettazione e Pronto Soccorso dell\u2019ospedale di Pieve di Cadore, al dottor Enzo Chemello (nella foto), nato a Belluno nel 1963, a seguito di selezione svoltasi il 20 [&hellip;]<\/p>\n","protected":false},"author":2,"featured_media":0,"comment_status":"closed","ping_status":"open","sticky":false,"template":"","format":"standard","meta":{"footnotes":""},"categories":[26,17,8],"tags":[],"class_list":["post-108463","post","type-post","status-publish","format-standard","category-prima-pagina","category-sanita","category-societa-istituzioni"],"yoast_head":"<!-- This site is optimized with the Yoast SEO plugin v28.4 - https:\/\/yoast.com\/product\/yoast-seo-wordpress\/ -->\n<title>Enzo Chemello \u00e8 il nuovo primario del Pronto Soccorso dell\u2019Ospedale di Pieve di Cadore\u00a0 - Bellunopress - Dolomiti<\/title>\n<meta name=\"robots\" content=\"index, follow, max-snippet:-1, max-image-preview:large, max-video-preview:-1\" \/>\n<link rel=\"canonical\" href=\"https:\/\/www.bellunopress.it\/fr\/2019\/10\/04\/enzo-chemello-e-il-nuovo-primario-del-pronto-soccorso-dellospedale-di-pieve-di-cadore\/\" \/>\n<meta property=\"og:locale\" content=\"fr_FR\" \/>\n<meta property=\"og:type\" content=\"article\" \/>\n<meta property=\"og:title\" content=\"Enzo Chemello \u00e8 il nuovo primario del Pronto Soccorso dell\u2019Ospedale di Pieve di Cadore\u00a0 - Bellunopress - Dolomiti\" \/>\n<meta property=\"og:description\" content=\"Con deliberazione di oggi &#8211; 4 ottobre &#8211; il Direttore generale della Ulss 1 Dolomiti ha conferito l\u2019incarico di durata quinquennale di Direttore della struttura complessa UOC di Accettazione e Pronto Soccorso dell\u2019ospedale di Pieve di Cadore, al dottor Enzo Chemello (nella foto), nato a Belluno nel 1963, a seguito di selezione svoltasi il 20 [&hellip;]\" \/>\n<meta property=\"og:url\" content=\"https:\/\/www.bellunopress.it\/fr\/2019\/10\/04\/enzo-chemello-e-il-nuovo-primario-del-pronto-soccorso-dellospedale-di-pieve-di-cadore\/\" \/>\n<meta property=\"og:site_name\" content=\"Bellunopress - Dolomiti\" \/>\n<meta property=\"article:publisher\" content=\"https:\/\/www.facebook.com\/profile.php?id=100008943462799\" \/>\n<meta property=\"article:published_time\" content=\"2019-10-04T11:18:06+00:00\" \/>\n<meta property=\"article:modified_time\" content=\"2019-10-04T11:18:07+00:00\" \/>\n<meta property=\"og:image\" content=\"http:\/\/www.bellunopress.it\/wp-content\/uploads\/2019\/10\/Enzo-Chemello-primario-pieve-cadore.jpg\" \/>\n<meta name=\"author\" content=\"redazione\" \/>\n<meta name=\"twitter:card\" content=\"summary_large_image\" \/>\n<meta name=\"twitter:creator\" content=\"@bellunopress\" \/>\n<meta name=\"twitter:site\" content=\"@bellunopress\" \/>\n<meta name=\"twitter:label1\" content=\"\u00c9crit par\" \/>\n\t<meta name=\"twitter:data1\" content=\"redazione\" \/>\n\t<meta name=\"twitter:label2\" content=\"Dur\u00e9e de lecture estim\u00e9e\" \/>\n\t<meta name=\"twitter:data2\" content=\"2 minutes\" \/>\n<script type=\"application\/ld+json\" class=\"yoast-schema-graph\">{\"@context\":\"https:\\\/\\\/schema.org\",\"@graph\":[{\"@type\":\"Article\",\"@id\":\"https:\\\/\\\/www.bellunopress.it\\\/2019\\\/10\\\/04\\\/enzo-chemello-e-il-nuovo-primario-del-pronto-soccorso-dellospedale-di-pieve-di-cadore\\\/#article\",\"isPartOf\":{\"@id\":\"https:\\\/\\\/www.bellunopress.it\\\/2019\\\/10\\\/04\\\/enzo-chemello-e-il-nuovo-primario-del-pronto-soccorso-dellospedale-di-pieve-di-cadore\\\/\"},\"author\":{\"name\":\"redazione\",\"@id\":\"https:\\\/\\\/www.bellunopress.it\\\/#\\\/schema\\\/person\\\/79bb06722b37ece1c03d3e94beb30d73\"},\"headline\":\"Enzo Chemello \u00e8 il nuovo primario del Pronto Soccorso dell\u2019Ospedale di Pieve di Cadore\u00a0\",\"datePublished\":\"2019-10-04T11:18:06+00:00\",\"dateModified\":\"2019-10-04T11:18:07+00:00\",\"mainEntityOfPage\":{\"@id\":\"https:\\\/\\\/www.bellunopress.it\\\/2019\\\/10\\\/04\\\/enzo-chemello-e-il-nuovo-primario-del-pronto-soccorso-dellospedale-di-pieve-di-cadore\\\/\"},\"wordCount\":418,\"publisher\":{\"@id\":\"https:\\\/\\\/www.bellunopress.it\\\/#organization\"},\"image\":{\"@id\":\"https:\\\/\\\/www.bellunopress.it\\\/2019\\\/10\\\/04\\\/enzo-chemello-e-il-nuovo-primario-del-pronto-soccorso-dellospedale-di-pieve-di-cadore\\\/#primaryimage\"},\"thumbnailUrl\":\"http:\\\/\\\/www.bellunopress.it\\\/wp-content\\\/uploads\\\/2019\\\/10\\\/Enzo-Chemello-primario-pieve-cadore.jpg\",\"articleSection\":[\"Prima Pagina\",\"Sanit\u00e0 Medicina\",\"Societ\u00e0, Associazioni, Istituzioni\"],\"inLanguage\":\"fr-FR\"},{\"@type\":\"WebPage\",\"@id\":\"https:\\\/\\\/www.bellunopress.it\\\/2019\\\/10\\\/04\\\/enzo-chemello-e-il-nuovo-primario-del-pronto-soccorso-dellospedale-di-pieve-di-cadore\\\/\",\"url\":\"https:\\\/\\\/www.bellunopress.it\\\/2019\\\/10\\\/04\\\/enzo-chemello-e-il-nuovo-primario-del-pronto-soccorso-dellospedale-di-pieve-di-cadore\\\/\",\"name\":\"Enzo Chemello \u00e8 il nuovo primario del Pronto Soccorso dell\u2019Ospedale di Pieve di Cadore\u00a0 - Bellunopress - Dolomiti\",\"isPartOf\":{\"@id\":\"https:\\\/\\\/www.bellunopress.it\\\/#website\"},\"primaryImageOfPage\":{\"@id\":\"https:\\\/\\\/www.bellunopress.it\\\/2019\\\/10\\\/04\\\/enzo-chemello-e-il-nuovo-primario-del-pronto-soccorso-dellospedale-di-pieve-di-cadore\\\/#primaryimage\"},\"image\":{\"@id\":\"https:\\\/\\\/www.bellunopress.it\\\/2019\\\/10\\\/04\\\/enzo-chemello-e-il-nuovo-primario-del-pronto-soccorso-dellospedale-di-pieve-di-cadore\\\/#primaryimage\"},\"thumbnailUrl\":\"http:\\\/\\\/www.bellunopress.it\\\/wp-content\\\/uploads\\\/2019\\\/10\\\/Enzo-Chemello-primario-pieve-cadore.jpg\",\"datePublished\":\"2019-10-04T11:18:06+00:00\",\"dateModified\":\"2019-10-04T11:18:07+00:00\",\"breadcrumb\":{\"@id\":\"https:\\\/\\\/www.bellunopress.it\\\/2019\\\/10\\\/04\\\/enzo-chemello-e-il-nuovo-primario-del-pronto-soccorso-dellospedale-di-pieve-di-cadore\\\/#breadcrumb\"},\"inLanguage\":\"fr-FR\",\"potentialAction\":[{\"@type\":\"ReadAction\",\"target\":[\"https:\\\/\\\/www.bellunopress.it\\\/2019\\\/10\\\/04\\\/enzo-chemello-e-il-nuovo-primario-del-pronto-soccorso-dellospedale-di-pieve-di-cadore\\\/\"]}]},{\"@type\":\"ImageObject\",\"inLanguage\":\"fr-FR\",\"@id\":\"https:\\\/\\\/www.bellunopress.it\\\/2019\\\/10\\\/04\\\/enzo-chemello-e-il-nuovo-primario-del-pronto-soccorso-dellospedale-di-pieve-di-cadore\\\/#primaryimage\",\"url\":\"http:\\\/\\\/www.bellunopress.it\\\/wp-content\\\/uploads\\\/2019\\\/10\\\/Enzo-Chemello-primario-pieve-cadore.jpg\",\"contentUrl\":\"http:\\\/\\\/www.bellunopress.it\\\/wp-content\\\/uploads\\\/2019\\\/10\\\/Enzo-Chemello-primario-pieve-cadore.jpg\"},{\"@type\":\"BreadcrumbList\",\"@id\":\"https:\\\/\\\/www.bellunopress.it\\\/2019\\\/10\\\/04\\\/enzo-chemello-e-il-nuovo-primario-del-pronto-soccorso-dellospedale-di-pieve-di-cadore\\\/#breadcrumb\",\"itemListElement\":[{\"@type\":\"ListItem\",\"position\":1,\"name\":\"Home\",\"item\":\"https:\\\/\\\/www.bellunopress.it\\\/\"},{\"@type\":\"ListItem\",\"position\":2,\"name\":\"Enzo Chemello \u00e8 il nuovo primario del Pronto Soccorso dell\u2019Ospedale di Pieve di Cadore\u00a0\"}]},{\"@type\":\"WebSite\",\"@id\":\"https:\\\/\\\/www.bellunopress.it\\\/#website\",\"url\":\"https:\\\/\\\/www.bellunopress.it\\\/\",\"name\":\"Bellunopress - Dolomiti\",\"description\":\"e-mail: redazione@bellunopress.it\",\"publisher\":{\"@id\":\"https:\\\/\\\/www.bellunopress.it\\\/#organization\"},\"potentialAction\":[{\"@type\":\"SearchAction\",\"target\":{\"@type\":\"EntryPoint\",\"urlTemplate\":\"https:\\\/\\\/www.bellunopress.it\\\/?s={search_term_string}\"},\"query-input\":{\"@type\":\"PropertyValueSpecification\",\"valueRequired\":true,\"valueName\":\"search_term_string\"}}],\"inLanguage\":\"fr-FR\"},{\"@type\":\"Organization\",\"@id\":\"https:\\\/\\\/www.bellunopress.it\\\/#organization\",\"name\":\"Bellunopress\",\"url\":\"https:\\\/\\\/www.bellunopress.it\\\/\",\"logo\":{\"@type\":\"ImageObject\",\"inLanguage\":\"fr-FR\",\"@id\":\"https:\\\/\\\/www.bellunopress.it\\\/#\\\/schema\\\/logo\\\/image\\\/\",\"url\":\"https:\\\/\\\/www.bellunopress.it\\\/wp-content\\\/uploads\\\/2011\\\/05\\\/cropped-logo-bellunopress-.jpg\",\"contentUrl\":\"https:\\\/\\\/www.bellunopress.it\\\/wp-content\\\/uploads\\\/2011\\\/05\\\/cropped-logo-bellunopress-.jpg\",\"width\":512,\"height\":512,\"caption\":\"Bellunopress\"},\"image\":{\"@id\":\"https:\\\/\\\/www.bellunopress.it\\\/#\\\/schema\\\/logo\\\/image\\\/\"},\"sameAs\":[\"https:\\\/\\\/www.facebook.com\\\/profile.php?id=100008943462799\",\"https:\\\/\\\/x.com\\\/bellunopress\",\"https:\\\/\\\/www.linkedin.com\\\/hp\\\/?dnr=JBzUWaJfMUw8vbXJJ2tVW5-I3jZKvC4wsoxE&amp;amp;amp;amp;amp;amp;trk=nav_responsive_tab_home\",\"https:\\\/\\\/www.youtube.com\\\/channel\\\/UCxL0wu1uN0_3_7hGG0306cw\"]},{\"@type\":\"Person\",\"@id\":\"https:\\\/\\\/www.bellunopress.it\\\/#\\\/schema\\\/person\\\/79bb06722b37ece1c03d3e94beb30d73\",\"name\":\"redazione\",\"image\":{\"@type\":\"ImageObject\",\"inLanguage\":\"fr-FR\",\"@id\":\"https:\\\/\\\/secure.gravatar.com\\\/avatar\\\/37d968a2e67a6fd04c169c4bdef102d0bc5d31b2546345219e348575eb80e9a0?s=96&d=mm&r=g\",\"url\":\"https:\\\/\\\/secure.gravatar.com\\\/avatar\\\/37d968a2e67a6fd04c169c4bdef102d0bc5d31b2546345219e348575eb80e9a0?s=96&d=mm&r=g\",\"contentUrl\":\"https:\\\/\\\/secure.gravatar.com\\\/avatar\\\/37d968a2e67a6fd04c169c4bdef102d0bc5d31b2546345219e348575eb80e9a0?s=96&d=mm&r=g\",\"caption\":\"redazione\"},\"sameAs\":[\"http:\\\/\\\/www.bellunopress.it\",\"https:\\\/\\\/x.com\\\/bellunopress\"],\"url\":\"https:\\\/\\\/www.bellunopress.it\\\/fr\\\/author\\\/redazione\\\/\"}]}<\/script>\n<!-- \/ Yoast SEO plugin. -->","yoast_head_json":{"title":"Enzo Chemello \u00e8 il nuovo primario del Pronto Soccorso dell\u2019Ospedale di Pieve di Cadore\u00a0 - Bellunopress - Dolomiti","robots":{"index":"index","follow":"follow","max-snippet":"max-snippet:-1","max-image-preview":"max-image-preview:large","max-video-preview":"max-video-preview:-1"},"canonical":"https:\/\/www.bellunopress.it\/fr\/2019\/10\/04\/enzo-chemello-e-il-nuovo-primario-del-pronto-soccorso-dellospedale-di-pieve-di-cadore\/","og_locale":"fr_FR","og_type":"article","og_title":"Enzo Chemello \u00e8 il nuovo primario del Pronto Soccorso dell\u2019Ospedale di Pieve di Cadore\u00a0 - Bellunopress - Dolomiti","og_description":"Con deliberazione di oggi &#8211; 4 ottobre &#8211; il Direttore generale della Ulss 1 Dolomiti ha conferito l\u2019incarico di durata quinquennale di Direttore della struttura complessa UOC di Accettazione e Pronto Soccorso dell\u2019ospedale di Pieve di Cadore, al dottor Enzo Chemello (nella foto), nato a Belluno nel 1963, a seguito di selezione svoltasi il 20 [&hellip;]","og_url":"https:\/\/www.bellunopress.it\/fr\/2019\/10\/04\/enzo-chemello-e-il-nuovo-primario-del-pronto-soccorso-dellospedale-di-pieve-di-cadore\/","og_site_name":"Bellunopress - Dolomiti","article_publisher":"https:\/\/www.facebook.com\/profile.php?id=100008943462799","article_published_time":"2019-10-04T11:18:06+00:00","article_modified_time":"2019-10-04T11:18:07+00:00","og_image":[{"url":"http:\/\/www.bellunopress.it\/wp-content\/uploads\/2019\/10\/Enzo-Chemello-primario-pieve-cadore.jpg","type":"","width":"","height":""}],"author":"redazione","twitter_card":"summary_large_image","twitter_creator":"@bellunopress","twitter_site":"@bellunopress","twitter_misc":{"\u00c9crit par":"redazione","Dur\u00e9e de lecture estim\u00e9e":"2 minutes"},"schema":{"@context":"https:\/\/schema.org","@graph":[{"@type":"Article","@id":"https:\/\/www.bellunopress.it\/2019\/10\/04\/enzo-chemello-e-il-nuovo-primario-del-pronto-soccorso-dellospedale-di-pieve-di-cadore\/#article","isPartOf":{"@id":"https:\/\/www.bellunopress.it\/2019\/10\/04\/enzo-chemello-e-il-nuovo-primario-del-pronto-soccorso-dellospedale-di-pieve-di-cadore\/"},"author":{"name":"redazione","@id":"https:\/\/www.bellunopress.it\/#\/schema\/person\/79bb06722b37ece1c03d3e94beb30d73"},"headline":"Enzo Chemello \u00e8 il nuovo primario del Pronto Soccorso dell\u2019Ospedale di Pieve di Cadore\u00a0","datePublished":"2019-10-04T11:18:06+00:00","dateModified":"2019-10-04T11:18:07+00:00","mainEntityOfPage":{"@id":"https:\/\/www.bellunopress.it\/2019\/10\/04\/enzo-chemello-e-il-nuovo-primario-del-pronto-soccorso-dellospedale-di-pieve-di-cadore\/"},"wordCount":418,"publisher":{"@id":"https:\/\/www.bellunopress.it\/#organization"},"image":{"@id":"https:\/\/www.bellunopress.it\/2019\/10\/04\/enzo-chemello-e-il-nuovo-primario-del-pronto-soccorso-dellospedale-di-pieve-di-cadore\/#primaryimage"},"thumbnailUrl":"http:\/\/www.bellunopress.it\/wp-content\/uploads\/2019\/10\/Enzo-Chemello-primario-pieve-cadore.jpg","articleSection":["Prima Pagina","Sanit\u00e0 Medicina","Societ\u00e0, Associazioni, Istituzioni"],"inLanguage":"fr-FR"},{"@type":"WebPage","@id":"https:\/\/www.bellunopress.it\/2019\/10\/04\/enzo-chemello-e-il-nuovo-primario-del-pronto-soccorso-dellospedale-di-pieve-di-cadore\/","url":"https:\/\/www.bellunopress.it\/2019\/10\/04\/enzo-chemello-e-il-nuovo-primario-del-pronto-soccorso-dellospedale-di-pieve-di-cadore\/","name":"Enzo Chemello \u00e8 il nuovo primario del Pronto Soccorso dell\u2019Ospedale di Pieve di Cadore\u00a0 - Bellunopress - Dolomiti","isPartOf":{"@id":"https:\/\/www.bellunopress.it\/#website"},"primaryImageOfPage":{"@id":"https:\/\/www.bellunopress.it\/2019\/10\/04\/enzo-chemello-e-il-nuovo-primario-del-pronto-soccorso-dellospedale-di-pieve-di-cadore\/#primaryimage"},"image":{"@id":"https:\/\/www.bellunopress.it\/2019\/10\/04\/enzo-chemello-e-il-nuovo-primario-del-pronto-soccorso-dellospedale-di-pieve-di-cadore\/#primaryimage"},"thumbnailUrl":"http:\/\/www.bellunopress.it\/wp-content\/uploads\/2019\/10\/Enzo-Chemello-primario-pieve-cadore.jpg","datePublished":"2019-10-04T11:18:06+00:00","dateModified":"2019-10-04T11:18:07+00:00","breadcrumb":{"@id":"https:\/\/www.bellunopress.it\/2019\/10\/04\/enzo-chemello-e-il-nuovo-primario-del-pronto-soccorso-dellospedale-di-pieve-di-cadore\/#breadcrumb"},"inLanguage":"fr-FR","potentialAction":[{"@type":"ReadAction","target":["https:\/\/www.bellunopress.it\/2019\/10\/04\/enzo-chemello-e-il-nuovo-primario-del-pronto-soccorso-dellospedale-di-pieve-di-cadore\/"]}]},{"@type":"ImageObject","inLanguage":"fr-FR","@id":"https:\/\/www.bellunopress.it\/2019\/10\/04\/enzo-chemello-e-il-nuovo-primario-del-pronto-soccorso-dellospedale-di-pieve-di-cadore\/#primaryimage","url":"http:\/\/www.bellunopress.it\/wp-content\/uploads\/2019\/10\/Enzo-Chemello-primario-pieve-cadore.jpg","contentUrl":"http:\/\/www.bellunopress.it\/wp-content\/uploads\/2019\/10\/Enzo-Chemello-primario-pieve-cadore.jpg"},{"@type":"BreadcrumbList","@id":"https:\/\/www.bellunopress.it\/2019\/10\/04\/enzo-chemello-e-il-nuovo-primario-del-pronto-soccorso-dellospedale-di-pieve-di-cadore\/#breadcrumb","itemListElement":[{"@type":"ListItem","position":1,"name":"Home","item":"https:\/\/www.bellunopress.it\/"},{"@type":"ListItem","position":2,"name":"Enzo Chemello \u00e8 il nuovo primario del Pronto Soccorso dell\u2019Ospedale di Pieve di Cadore\u00a0"}]},{"@type":"WebSite","@id":"https:\/\/www.bellunopress.it\/#website","url":"https:\/\/www.bellunopress.it\/","name":"Bellunopress - Dolomiti","description":"e-mail: redazione@bellunopress.it","publisher":{"@id":"https:\/\/www.bellunopress.it\/#organization"},"potentialAction":[{"@type":"SearchAction","target":{"@type":"EntryPoint","urlTemplate":"https:\/\/www.bellunopress.it\/?s={search_term_string}"},"query-input":{"@type":"PropertyValueSpecification","valueRequired":true,"valueName":"search_term_string"}}],"inLanguage":"fr-FR"},{"@type":"Organization","@id":"https:\/\/www.bellunopress.it\/#organization","name":"Bellunopress","url":"https:\/\/www.bellunopress.it\/","logo":{"@type":"ImageObject","inLanguage":"fr-FR","@id":"https:\/\/www.bellunopress.it\/#\/schema\/logo\/image\/","url":"https:\/\/www.bellunopress.it\/wp-content\/uploads\/2011\/05\/cropped-logo-bellunopress-.jpg","contentUrl":"https:\/\/www.bellunopress.it\/wp-content\/uploads\/2011\/05\/cropped-logo-bellunopress-.jpg","width":512,"height":512,"caption":"Bellunopress"},"image":{"@id":"https:\/\/www.bellunopress.it\/#\/schema\/logo\/image\/"},"sameAs":["https:\/\/www.facebook.com\/profile.php?id=100008943462799","https:\/\/x.com\/bellunopress","https:\/\/www.linkedin.com\/hp\/?dnr=JBzUWaJfMUw8vbXJJ2tVW5-I3jZKvC4wsoxE&amp;amp;amp;amp;amp;amp;trk=nav_responsive_tab_home","https:\/\/www.youtube.com\/channel\/UCxL0wu1uN0_3_7hGG0306cw"]},{"@type":"Person","@id":"https:\/\/www.bellunopress.it\/#\/schema\/person\/79bb06722b37ece1c03d3e94beb30d73","name":"r\u00e9daction","image":{"@type":"ImageObject","inLanguage":"fr-FR","@id":"https:\/\/secure.gravatar.com\/avatar\/37d968a2e67a6fd04c169c4bdef102d0bc5d31b2546345219e348575eb80e9a0?s=96&d=mm&r=g","url":"https:\/\/secure.gravatar.com\/avatar\/37d968a2e67a6fd04c169c4bdef102d0bc5d31b2546345219e348575eb80e9a0?s=96&d=mm&r=g","contentUrl":"https:\/\/secure.gravatar.com\/avatar\/37d968a2e67a6fd04c169c4bdef102d0bc5d31b2546345219e348575eb80e9a0?s=96&d=mm&r=g","caption":"redazione"},"sameAs":["http:\/\/www.bellunopress.it","https:\/\/x.com\/bellunopress"],"url":"https:\/\/www.bellunopress.it\/fr\/author\/redazione\/"}]}},"_links":{"self":[{"href":"https:\/\/www.bellunopress.it\/fr\/wp-json\/wp\/v2\/posts\/108463","targetHints":{"allow":["GET"]}}],"collection":[{"href":"https:\/\/www.bellunopress.it\/fr\/wp-json\/wp\/v2\/posts"}],"about":[{"href":"https:\/\/www.bellunopress.it\/fr\/wp-json\/wp\/v2\/types\/post"}],"author":[{"embeddable":true,"href":"https:\/\/www.bellunopress.it\/fr\/wp-json\/wp\/v2\/users\/2"}],"replies":[{"embeddable":true,"href":"https:\/\/www.bellunopress.it\/fr\/wp-json\/wp\/v2\/comments?post=108463"}],"version-history":[{"count":2,"href":"https:\/\/www.bellunopress.it\/fr\/wp-json\/wp\/v2\/posts\/108463\/revisions"}],"predecessor-version":[{"id":108466,"href":"https:\/\/www.bellunopress.it\/fr\/wp-json\/wp\/v2\/posts\/108463\/revisions\/108466"}],"wp:attachment":[{"href":"https:\/\/www.bellunopress.it\/fr\/wp-json\/wp\/v2\/media?parent=108463"}],"wp:term":[{"taxonomy":"category","embeddable":true,"href":"https:\/\/www.bellunopress.it\/fr\/wp-json\/wp\/v2\/categories?post=108463"},{"taxonomy":"post_tag","embeddable":true,"href":"https:\/\/www.bellunopress.it\/fr\/wp-json\/wp\/v2\/tags?post=108463"}],"curies":[{"name":"wp","href":"https:\/\/api.w.org\/{rel}","templated":true}]}}