{"id":108442,"date":"2019-10-03T20:57:51","date_gmt":"2019-10-03T18:57:51","guid":{"rendered":"http:\/\/www.bellunopress.it\/?p=108442"},"modified":"2019-10-03T20:57:54","modified_gmt":"2019-10-03T18:57:54","slug":"la-fiat-600-di-enzo-da-rold-premiata-alla-giornata-del-veicolo-depoca-di-vicenza","status":"publish","type":"post","link":"https:\/\/www.bellunopress.it\/fr\/2019\/10\/03\/la-fiat-600-di-enzo-da-rold-premiata-alla-giornata-del-veicolo-depoca-di-vicenza\/","title":{"rendered":"La Fiat 600 di Enzo Da Rold premiata alla Giornata del Veicolo d&#8217;Epoca di Vicenza"},"content":{"rendered":"<p><a href=\"http:\/\/www.bellunopress.it\/fr\/2019\/10\/03\/la-fiat-600-di-enzo-da-rold-premiata-alla-giornata-del-veicolo-depoca-di-vicenza\/fiat-600-enzo-da-rold\/\" rel=\"attachment wp-att-108443\"><img loading=\"lazy\" decoding=\"async\" class=\"alignleft size-full wp-image-108443\" src=\"http:\/\/www.bellunopress.it\/wp-content\/uploads\/2019\/10\/Fiat-600-Enzo-Da-Rold.jpg\" alt=\"\" width=\"300\" height=\"294\" \/><\/a>La Giornata Nazionale del Veicolo d\u2019Epoca \u00e8 un&#8217;iniziativa promossa dall&#8217;Asi, Automotoclub Storico Italiano, che l&#8217;ha istituita nel 2018 al fine di portare all\u2019attenzione della cittadinanza la storia del motorismo, in tutte le sue forme ed espressioni.<\/p>\n<p>Sulla base di quella esperienza, domenica 29 settembre in tutta Italia, grazie alla collaborazione dei club federati si sono tenuti raduni, esposizioni, mostre tematiche, convegni e tutto ci\u00f2 che pu\u00f2 raccontare la storia del motorismo, con l\u2019obiettivo di far conoscere e comprendere quanta cultura c\u2019\u00e8 intorno a questo settore.<\/p>\n<p>Vicenza ha accolto oltre 300 veicoli storici che hanno dato vita ad una delle principali manifestazioni inserite nel vasto programma della Giornata Nazionale del Veicolo d\u2019Epoca, ovvero l&#8217;\u201cHistoric Day\u201d organizzato dal Circolo Veneto Automoto d\u2019Epoca \u201cGiannino Marzotto\u201d in collaborazione con i principali club del Veneto, tra cui il Circolo Bellunese auto e moto d&#8217;epoca che vi ha partecipato con una ventina di mezzi dei propri soci.<\/p>\n<p>Alle 12,00 in Piazza dei Signori, all\u2019apertura dell\u2019evento, si \u00e8 effettuata la consegna del \u201cPremio Asi per il Motorismo Storico\u201d che da quest\u2019anno, in occasione della Giornata Nazionale del Veicolo d\u2019Epoca, viene attribuito a quelle personalit\u00e0 che si siano dimostrate particolarmente vicine al settore. Il premio \u00e8 stato assegnato alla Presidente del Senato Maria Elisabetta Alberti Casellati ricordando la sua grande sensibilit\u00e0 nei confronti del motorismo storico dimostrata in occasione del Convegno \u201cIl futuro del Motorismo Storico, un patrimonio culturale, turistico ed economico da salvaguardare e sviluppare\u201d, organizzato da ASI il 20 settembre 2018 a Palazzo Madama.<\/p>\n<p><a href=\"http:\/\/www.bellunopress.it\/fr\/2019\/10\/03\/la-fiat-600-di-enzo-da-rold-premiata-alla-giornata-del-veicolo-depoca-di-vicenza\/premiazione-vicenza-enzo-da-rold-fiat-600-circolo-berto-gidoni-pres-senato\/\" rel=\"attachment wp-att-108444\"><img loading=\"lazy\" decoding=\"async\" class=\"alignleft size-full wp-image-108444\" src=\"http:\/\/www.bellunopress.it\/wp-content\/uploads\/2019\/10\/Premiazione-Vicenza-Enzo-Da-Rold-Fiat-600-Circolo-Berto-Gidoni-pres.-senato.png\" alt=\"\" width=\"300\" height=\"210\" \/><\/a>Contestualmente sono stati premiati tre veicoli che una speciale giuria ha ritenuto particolarmente significativi per la storia del motorismo. Con viva soddisfazione nella terna \u00e8 stata inserita la Fiat 600 di Enzo Da Rold socio del Circolo Bellunese auto e moto d&#8217;epoca \u201cBerto Gidoni\u201d ritenendo il mezzo esposto espressione del particolare momento di diffusione dell&#8217;auto nell&#8217;Italia degli anni &#8217;60. Si tratta di un veicolo con una storia particolare, essendo stato realizzato per la campagna pubblicitaria della compagnia petrolifera Agip e poi acquistato ed utilizzato dall&#8217;autoscuola bellunese \u201cGirasole\u201d.<br \/>\nGrande soddisfazione sia per Enzo Da Rold premiato dalla presidente Maria Elisabetta Alberti Casellati e dal presidente dell&#8217;Asi Alberto Scuro che per il presidente del sodalizio bellunese, ing. Franco Gidoni, che ha visto premiato, tra gli oltre 300 veicoli esposti, un mezzo di propriet\u00e0 di un proprio socio a dimostrazione della qualit\u00e0 dei mezzi aderenti al club.<\/p>","protected":false},"excerpt":{"rendered":"<p>La Giornata Nazionale del Veicolo d\u2019Epoca \u00e8 un&#8217;iniziativa promossa dall&#8217;Asi, Automotoclub Storico Italiano, che l&#8217;ha istituita nel 2018 al fine di portare all\u2019attenzione della cittadinanza la storia del motorismo, in tutte le sue forme ed espressioni. Sulla base di quella esperienza, domenica 29 settembre in tutta Italia, grazie alla collaborazione dei club federati si sono [&hellip;]<\/p>\n","protected":false},"author":2,"featured_media":0,"comment_status":"closed","ping_status":"open","sticky":false,"template":"","format":"standard","meta":{"footnotes":""},"categories":[26,4],"tags":[],"class_list":["post-108442","post","type-post","status-publish","format-standard","category-prima-pagina","category-sport"],"yoast_head":"<!-- This site is optimized with the Yoast SEO plugin v28.4 - https:\/\/yoast.com\/product\/yoast-seo-wordpress\/ -->\n<title>La Fiat 600 di Enzo Da Rold premiata alla Giornata del Veicolo d&#039;Epoca di Vicenza - Bellunopress - Dolomiti<\/title>\n<meta name=\"robots\" content=\"index, follow, max-snippet:-1, max-image-preview:large, max-video-preview:-1\" \/>\n<link rel=\"canonical\" href=\"https:\/\/www.bellunopress.it\/fr\/2019\/10\/03\/la-fiat-600-di-enzo-da-rold-premiata-alla-giornata-del-veicolo-depoca-di-vicenza\/\" \/>\n<meta property=\"og:locale\" content=\"fr_FR\" \/>\n<meta property=\"og:type\" content=\"article\" \/>\n<meta property=\"og:title\" content=\"La Fiat 600 di Enzo Da Rold premiata alla Giornata del Veicolo d&#039;Epoca di Vicenza - Bellunopress - Dolomiti\" \/>\n<meta property=\"og:description\" content=\"La Giornata Nazionale del Veicolo d\u2019Epoca \u00e8 un&#8217;iniziativa promossa dall&#8217;Asi, Automotoclub Storico Italiano, che l&#8217;ha istituita nel 2018 al fine di portare all\u2019attenzione della cittadinanza la storia del motorismo, in tutte le sue forme ed espressioni. Sulla base di quella esperienza, domenica 29 settembre in tutta Italia, grazie alla collaborazione dei club federati si sono [&hellip;]\" \/>\n<meta property=\"og:url\" content=\"https:\/\/www.bellunopress.it\/fr\/2019\/10\/03\/la-fiat-600-di-enzo-da-rold-premiata-alla-giornata-del-veicolo-depoca-di-vicenza\/\" \/>\n<meta property=\"og:site_name\" content=\"Bellunopress - Dolomiti\" \/>\n<meta property=\"article:publisher\" content=\"https:\/\/www.facebook.com\/profile.php?id=100008943462799\" \/>\n<meta property=\"article:published_time\" content=\"2019-10-03T18:57:51+00:00\" \/>\n<meta property=\"article:modified_time\" content=\"2019-10-03T18:57:54+00:00\" \/>\n<meta property=\"og:image\" content=\"http:\/\/www.bellunopress.it\/wp-content\/uploads\/2019\/10\/Fiat-600-Enzo-Da-Rold.jpg\" \/>\n<meta name=\"author\" content=\"redazione\" \/>\n<meta name=\"twitter:card\" content=\"summary_large_image\" \/>\n<meta name=\"twitter:creator\" content=\"@bellunopress\" \/>\n<meta name=\"twitter:site\" content=\"@bellunopress\" \/>\n<meta name=\"twitter:label1\" content=\"\u00c9crit par\" \/>\n\t<meta name=\"twitter:data1\" content=\"redazione\" \/>\n\t<meta name=\"twitter:label2\" content=\"Dur\u00e9e de lecture estim\u00e9e\" \/>\n\t<meta name=\"twitter:data2\" content=\"2 minutes\" \/>\n<script type=\"application\/ld+json\" class=\"yoast-schema-graph\">{\"@context\":\"https:\\\/\\\/schema.org\",\"@graph\":[{\"@type\":\"Article\",\"@id\":\"https:\\\/\\\/www.bellunopress.it\\\/2019\\\/10\\\/03\\\/la-fiat-600-di-enzo-da-rold-premiata-alla-giornata-del-veicolo-depoca-di-vicenza\\\/#article\",\"isPartOf\":{\"@id\":\"https:\\\/\\\/www.bellunopress.it\\\/2019\\\/10\\\/03\\\/la-fiat-600-di-enzo-da-rold-premiata-alla-giornata-del-veicolo-depoca-di-vicenza\\\/\"},\"author\":{\"name\":\"redazione\",\"@id\":\"https:\\\/\\\/www.bellunopress.it\\\/#\\\/schema\\\/person\\\/79bb06722b37ece1c03d3e94beb30d73\"},\"headline\":\"La Fiat 600 di Enzo Da Rold premiata alla Giornata del Veicolo d&#8217;Epoca di Vicenza\",\"datePublished\":\"2019-10-03T18:57:51+00:00\",\"dateModified\":\"2019-10-03T18:57:54+00:00\",\"mainEntityOfPage\":{\"@id\":\"https:\\\/\\\/www.bellunopress.it\\\/2019\\\/10\\\/03\\\/la-fiat-600-di-enzo-da-rold-premiata-alla-giornata-del-veicolo-depoca-di-vicenza\\\/\"},\"wordCount\":413,\"publisher\":{\"@id\":\"https:\\\/\\\/www.bellunopress.it\\\/#organization\"},\"image\":{\"@id\":\"https:\\\/\\\/www.bellunopress.it\\\/2019\\\/10\\\/03\\\/la-fiat-600-di-enzo-da-rold-premiata-alla-giornata-del-veicolo-depoca-di-vicenza\\\/#primaryimage\"},\"thumbnailUrl\":\"http:\\\/\\\/www.bellunopress.it\\\/wp-content\\\/uploads\\\/2019\\\/10\\\/Fiat-600-Enzo-Da-Rold.jpg\",\"articleSection\":[\"Prima Pagina\",\"Sport, tempo libero\"],\"inLanguage\":\"fr-FR\"},{\"@type\":\"WebPage\",\"@id\":\"https:\\\/\\\/www.bellunopress.it\\\/2019\\\/10\\\/03\\\/la-fiat-600-di-enzo-da-rold-premiata-alla-giornata-del-veicolo-depoca-di-vicenza\\\/\",\"url\":\"https:\\\/\\\/www.bellunopress.it\\\/2019\\\/10\\\/03\\\/la-fiat-600-di-enzo-da-rold-premiata-alla-giornata-del-veicolo-depoca-di-vicenza\\\/\",\"name\":\"La Fiat 600 di Enzo Da Rold premiata alla Giornata del Veicolo d'Epoca di Vicenza - Bellunopress - Dolomiti\",\"isPartOf\":{\"@id\":\"https:\\\/\\\/www.bellunopress.it\\\/#website\"},\"primaryImageOfPage\":{\"@id\":\"https:\\\/\\\/www.bellunopress.it\\\/2019\\\/10\\\/03\\\/la-fiat-600-di-enzo-da-rold-premiata-alla-giornata-del-veicolo-depoca-di-vicenza\\\/#primaryimage\"},\"image\":{\"@id\":\"https:\\\/\\\/www.bellunopress.it\\\/2019\\\/10\\\/03\\\/la-fiat-600-di-enzo-da-rold-premiata-alla-giornata-del-veicolo-depoca-di-vicenza\\\/#primaryimage\"},\"thumbnailUrl\":\"http:\\\/\\\/www.bellunopress.it\\\/wp-content\\\/uploads\\\/2019\\\/10\\\/Fiat-600-Enzo-Da-Rold.jpg\",\"datePublished\":\"2019-10-03T18:57:51+00:00\",\"dateModified\":\"2019-10-03T18:57:54+00:00\",\"breadcrumb\":{\"@id\":\"https:\\\/\\\/www.bellunopress.it\\\/2019\\\/10\\\/03\\\/la-fiat-600-di-enzo-da-rold-premiata-alla-giornata-del-veicolo-depoca-di-vicenza\\\/#breadcrumb\"},\"inLanguage\":\"fr-FR\",\"potentialAction\":[{\"@type\":\"ReadAction\",\"target\":[\"https:\\\/\\\/www.bellunopress.it\\\/2019\\\/10\\\/03\\\/la-fiat-600-di-enzo-da-rold-premiata-alla-giornata-del-veicolo-depoca-di-vicenza\\\/\"]}]},{\"@type\":\"ImageObject\",\"inLanguage\":\"fr-FR\",\"@id\":\"https:\\\/\\\/www.bellunopress.it\\\/2019\\\/10\\\/03\\\/la-fiat-600-di-enzo-da-rold-premiata-alla-giornata-del-veicolo-depoca-di-vicenza\\\/#primaryimage\",\"url\":\"http:\\\/\\\/www.bellunopress.it\\\/wp-content\\\/uploads\\\/2019\\\/10\\\/Fiat-600-Enzo-Da-Rold.jpg\",\"contentUrl\":\"http:\\\/\\\/www.bellunopress.it\\\/wp-content\\\/uploads\\\/2019\\\/10\\\/Fiat-600-Enzo-Da-Rold.jpg\"},{\"@type\":\"BreadcrumbList\",\"@id\":\"https:\\\/\\\/www.bellunopress.it\\\/2019\\\/10\\\/03\\\/la-fiat-600-di-enzo-da-rold-premiata-alla-giornata-del-veicolo-depoca-di-vicenza\\\/#breadcrumb\",\"itemListElement\":[{\"@type\":\"ListItem\",\"position\":1,\"name\":\"Home\",\"item\":\"https:\\\/\\\/www.bellunopress.it\\\/\"},{\"@type\":\"ListItem\",\"position\":2,\"name\":\"La Fiat 600 di Enzo Da Rold premiata alla Giornata del Veicolo d&#8217;Epoca di Vicenza\"}]},{\"@type\":\"WebSite\",\"@id\":\"https:\\\/\\\/www.bellunopress.it\\\/#website\",\"url\":\"https:\\\/\\\/www.bellunopress.it\\\/\",\"name\":\"Bellunopress - Dolomiti\",\"description\":\"e-mail: redazione@bellunopress.it\",\"publisher\":{\"@id\":\"https:\\\/\\\/www.bellunopress.it\\\/#organization\"},\"potentialAction\":[{\"@type\":\"SearchAction\",\"target\":{\"@type\":\"EntryPoint\",\"urlTemplate\":\"https:\\\/\\\/www.bellunopress.it\\\/?s={search_term_string}\"},\"query-input\":{\"@type\":\"PropertyValueSpecification\",\"valueRequired\":true,\"valueName\":\"search_term_string\"}}],\"inLanguage\":\"fr-FR\"},{\"@type\":\"Organization\",\"@id\":\"https:\\\/\\\/www.bellunopress.it\\\/#organization\",\"name\":\"Bellunopress\",\"url\":\"https:\\\/\\\/www.bellunopress.it\\\/\",\"logo\":{\"@type\":\"ImageObject\",\"inLanguage\":\"fr-FR\",\"@id\":\"https:\\\/\\\/www.bellunopress.it\\\/#\\\/schema\\\/logo\\\/image\\\/\",\"url\":\"https:\\\/\\\/www.bellunopress.it\\\/wp-content\\\/uploads\\\/2011\\\/05\\\/cropped-logo-bellunopress-.jpg\",\"contentUrl\":\"https:\\\/\\\/www.bellunopress.it\\\/wp-content\\\/uploads\\\/2011\\\/05\\\/cropped-logo-bellunopress-.jpg\",\"width\":512,\"height\":512,\"caption\":\"Bellunopress\"},\"image\":{\"@id\":\"https:\\\/\\\/www.bellunopress.it\\\/#\\\/schema\\\/logo\\\/image\\\/\"},\"sameAs\":[\"https:\\\/\\\/www.facebook.com\\\/profile.php?id=100008943462799\",\"https:\\\/\\\/x.com\\\/bellunopress\",\"https:\\\/\\\/www.linkedin.com\\\/hp\\\/?dnr=JBzUWaJfMUw8vbXJJ2tVW5-I3jZKvC4wsoxE&amp;amp;amp;amp;amp;amp;trk=nav_responsive_tab_home\",\"https:\\\/\\\/www.youtube.com\\\/channel\\\/UCxL0wu1uN0_3_7hGG0306cw\"]},{\"@type\":\"Person\",\"@id\":\"https:\\\/\\\/www.bellunopress.it\\\/#\\\/schema\\\/person\\\/79bb06722b37ece1c03d3e94beb30d73\",\"name\":\"redazione\",\"image\":{\"@type\":\"ImageObject\",\"inLanguage\":\"fr-FR\",\"@id\":\"https:\\\/\\\/secure.gravatar.com\\\/avatar\\\/37d968a2e67a6fd04c169c4bdef102d0bc5d31b2546345219e348575eb80e9a0?s=96&d=mm&r=g\",\"url\":\"https:\\\/\\\/secure.gravatar.com\\\/avatar\\\/37d968a2e67a6fd04c169c4bdef102d0bc5d31b2546345219e348575eb80e9a0?s=96&d=mm&r=g\",\"contentUrl\":\"https:\\\/\\\/secure.gravatar.com\\\/avatar\\\/37d968a2e67a6fd04c169c4bdef102d0bc5d31b2546345219e348575eb80e9a0?s=96&d=mm&r=g\",\"caption\":\"redazione\"},\"sameAs\":[\"http:\\\/\\\/www.bellunopress.it\",\"https:\\\/\\\/x.com\\\/bellunopress\"],\"url\":\"https:\\\/\\\/www.bellunopress.it\\\/fr\\\/author\\\/redazione\\\/\"}]}<\/script>\n<!-- \/ Yoast SEO plugin. -->","yoast_head_json":{"title":"La Fiat 600 di Enzo Da Rold premiata alla Giornata del Veicolo d'Epoca di Vicenza - Bellunopress - Dolomiti","robots":{"index":"index","follow":"follow","max-snippet":"max-snippet:-1","max-image-preview":"max-image-preview:large","max-video-preview":"max-video-preview:-1"},"canonical":"https:\/\/www.bellunopress.it\/fr\/2019\/10\/03\/la-fiat-600-di-enzo-da-rold-premiata-alla-giornata-del-veicolo-depoca-di-vicenza\/","og_locale":"fr_FR","og_type":"article","og_title":"La Fiat 600 di Enzo Da Rold premiata alla Giornata del Veicolo d'Epoca di Vicenza - Bellunopress - Dolomiti","og_description":"La Giornata Nazionale del Veicolo d\u2019Epoca \u00e8 un&#8217;iniziativa promossa dall&#8217;Asi, Automotoclub Storico Italiano, che l&#8217;ha istituita nel 2018 al fine di portare all\u2019attenzione della cittadinanza la storia del motorismo, in tutte le sue forme ed espressioni. Sulla base di quella esperienza, domenica 29 settembre in tutta Italia, grazie alla collaborazione dei club federati si sono [&hellip;]","og_url":"https:\/\/www.bellunopress.it\/fr\/2019\/10\/03\/la-fiat-600-di-enzo-da-rold-premiata-alla-giornata-del-veicolo-depoca-di-vicenza\/","og_site_name":"Bellunopress - Dolomiti","article_publisher":"https:\/\/www.facebook.com\/profile.php?id=100008943462799","article_published_time":"2019-10-03T18:57:51+00:00","article_modified_time":"2019-10-03T18:57:54+00:00","og_image":[{"url":"http:\/\/www.bellunopress.it\/wp-content\/uploads\/2019\/10\/Fiat-600-Enzo-Da-Rold.jpg","type":"","width":"","height":""}],"author":"redazione","twitter_card":"summary_large_image","twitter_creator":"@bellunopress","twitter_site":"@bellunopress","twitter_misc":{"\u00c9crit par":"redazione","Dur\u00e9e de lecture estim\u00e9e":"2 minutes"},"schema":{"@context":"https:\/\/schema.org","@graph":[{"@type":"Article","@id":"https:\/\/www.bellunopress.it\/2019\/10\/03\/la-fiat-600-di-enzo-da-rold-premiata-alla-giornata-del-veicolo-depoca-di-vicenza\/#article","isPartOf":{"@id":"https:\/\/www.bellunopress.it\/2019\/10\/03\/la-fiat-600-di-enzo-da-rold-premiata-alla-giornata-del-veicolo-depoca-di-vicenza\/"},"author":{"name":"redazione","@id":"https:\/\/www.bellunopress.it\/#\/schema\/person\/79bb06722b37ece1c03d3e94beb30d73"},"headline":"La Fiat 600 di Enzo Da Rold premiata alla Giornata del Veicolo d&#8217;Epoca di Vicenza","datePublished":"2019-10-03T18:57:51+00:00","dateModified":"2019-10-03T18:57:54+00:00","mainEntityOfPage":{"@id":"https:\/\/www.bellunopress.it\/2019\/10\/03\/la-fiat-600-di-enzo-da-rold-premiata-alla-giornata-del-veicolo-depoca-di-vicenza\/"},"wordCount":413,"publisher":{"@id":"https:\/\/www.bellunopress.it\/#organization"},"image":{"@id":"https:\/\/www.bellunopress.it\/2019\/10\/03\/la-fiat-600-di-enzo-da-rold-premiata-alla-giornata-del-veicolo-depoca-di-vicenza\/#primaryimage"},"thumbnailUrl":"http:\/\/www.bellunopress.it\/wp-content\/uploads\/2019\/10\/Fiat-600-Enzo-Da-Rold.jpg","articleSection":["Prima Pagina","Sport, tempo libero"],"inLanguage":"fr-FR"},{"@type":"WebPage","@id":"https:\/\/www.bellunopress.it\/2019\/10\/03\/la-fiat-600-di-enzo-da-rold-premiata-alla-giornata-del-veicolo-depoca-di-vicenza\/","url":"https:\/\/www.bellunopress.it\/2019\/10\/03\/la-fiat-600-di-enzo-da-rold-premiata-alla-giornata-del-veicolo-depoca-di-vicenza\/","name":"La Fiat 600 di Enzo Da Rold premiata alla Giornata del Veicolo d'Epoca di Vicenza - Bellunopress - Dolomiti","isPartOf":{"@id":"https:\/\/www.bellunopress.it\/#website"},"primaryImageOfPage":{"@id":"https:\/\/www.bellunopress.it\/2019\/10\/03\/la-fiat-600-di-enzo-da-rold-premiata-alla-giornata-del-veicolo-depoca-di-vicenza\/#primaryimage"},"image":{"@id":"https:\/\/www.bellunopress.it\/2019\/10\/03\/la-fiat-600-di-enzo-da-rold-premiata-alla-giornata-del-veicolo-depoca-di-vicenza\/#primaryimage"},"thumbnailUrl":"http:\/\/www.bellunopress.it\/wp-content\/uploads\/2019\/10\/Fiat-600-Enzo-Da-Rold.jpg","datePublished":"2019-10-03T18:57:51+00:00","dateModified":"2019-10-03T18:57:54+00:00","breadcrumb":{"@id":"https:\/\/www.bellunopress.it\/2019\/10\/03\/la-fiat-600-di-enzo-da-rold-premiata-alla-giornata-del-veicolo-depoca-di-vicenza\/#breadcrumb"},"inLanguage":"fr-FR","potentialAction":[{"@type":"ReadAction","target":["https:\/\/www.bellunopress.it\/2019\/10\/03\/la-fiat-600-di-enzo-da-rold-premiata-alla-giornata-del-veicolo-depoca-di-vicenza\/"]}]},{"@type":"ImageObject","inLanguage":"fr-FR","@id":"https:\/\/www.bellunopress.it\/2019\/10\/03\/la-fiat-600-di-enzo-da-rold-premiata-alla-giornata-del-veicolo-depoca-di-vicenza\/#primaryimage","url":"http:\/\/www.bellunopress.it\/wp-content\/uploads\/2019\/10\/Fiat-600-Enzo-Da-Rold.jpg","contentUrl":"http:\/\/www.bellunopress.it\/wp-content\/uploads\/2019\/10\/Fiat-600-Enzo-Da-Rold.jpg"},{"@type":"BreadcrumbList","@id":"https:\/\/www.bellunopress.it\/2019\/10\/03\/la-fiat-600-di-enzo-da-rold-premiata-alla-giornata-del-veicolo-depoca-di-vicenza\/#breadcrumb","itemListElement":[{"@type":"ListItem","position":1,"name":"Home","item":"https:\/\/www.bellunopress.it\/"},{"@type":"ListItem","position":2,"name":"La Fiat 600 di Enzo Da Rold premiata alla Giornata del Veicolo d&#8217;Epoca di Vicenza"}]},{"@type":"WebSite","@id":"https:\/\/www.bellunopress.it\/#website","url":"https:\/\/www.bellunopress.it\/","name":"Bellunopress - Dolomiti","description":"e-mail: redazione@bellunopress.it","publisher":{"@id":"https:\/\/www.bellunopress.it\/#organization"},"potentialAction":[{"@type":"SearchAction","target":{"@type":"EntryPoint","urlTemplate":"https:\/\/www.bellunopress.it\/?s={search_term_string}"},"query-input":{"@type":"PropertyValueSpecification","valueRequired":true,"valueName":"search_term_string"}}],"inLanguage":"fr-FR"},{"@type":"Organization","@id":"https:\/\/www.bellunopress.it\/#organization","name":"Bellunopress","url":"https:\/\/www.bellunopress.it\/","logo":{"@type":"ImageObject","inLanguage":"fr-FR","@id":"https:\/\/www.bellunopress.it\/#\/schema\/logo\/image\/","url":"https:\/\/www.bellunopress.it\/wp-content\/uploads\/2011\/05\/cropped-logo-bellunopress-.jpg","contentUrl":"https:\/\/www.bellunopress.it\/wp-content\/uploads\/2011\/05\/cropped-logo-bellunopress-.jpg","width":512,"height":512,"caption":"Bellunopress"},"image":{"@id":"https:\/\/www.bellunopress.it\/#\/schema\/logo\/image\/"},"sameAs":["https:\/\/www.facebook.com\/profile.php?id=100008943462799","https:\/\/x.com\/bellunopress","https:\/\/www.linkedin.com\/hp\/?dnr=JBzUWaJfMUw8vbXJJ2tVW5-I3jZKvC4wsoxE&amp;amp;amp;amp;amp;amp;trk=nav_responsive_tab_home","https:\/\/www.youtube.com\/channel\/UCxL0wu1uN0_3_7hGG0306cw"]},{"@type":"Person","@id":"https:\/\/www.bellunopress.it\/#\/schema\/person\/79bb06722b37ece1c03d3e94beb30d73","name":"r\u00e9daction","image":{"@type":"ImageObject","inLanguage":"fr-FR","@id":"https:\/\/secure.gravatar.com\/avatar\/37d968a2e67a6fd04c169c4bdef102d0bc5d31b2546345219e348575eb80e9a0?s=96&d=mm&r=g","url":"https:\/\/secure.gravatar.com\/avatar\/37d968a2e67a6fd04c169c4bdef102d0bc5d31b2546345219e348575eb80e9a0?s=96&d=mm&r=g","contentUrl":"https:\/\/secure.gravatar.com\/avatar\/37d968a2e67a6fd04c169c4bdef102d0bc5d31b2546345219e348575eb80e9a0?s=96&d=mm&r=g","caption":"redazione"},"sameAs":["http:\/\/www.bellunopress.it","https:\/\/x.com\/bellunopress"],"url":"https:\/\/www.bellunopress.it\/fr\/author\/redazione\/"}]}},"_links":{"self":[{"href":"https:\/\/www.bellunopress.it\/fr\/wp-json\/wp\/v2\/posts\/108442","targetHints":{"allow":["GET"]}}],"collection":[{"href":"https:\/\/www.bellunopress.it\/fr\/wp-json\/wp\/v2\/posts"}],"about":[{"href":"https:\/\/www.bellunopress.it\/fr\/wp-json\/wp\/v2\/types\/post"}],"author":[{"embeddable":true,"href":"https:\/\/www.bellunopress.it\/fr\/wp-json\/wp\/v2\/users\/2"}],"replies":[{"embeddable":true,"href":"https:\/\/www.bellunopress.it\/fr\/wp-json\/wp\/v2\/comments?post=108442"}],"version-history":[{"count":2,"href":"https:\/\/www.bellunopress.it\/fr\/wp-json\/wp\/v2\/posts\/108442\/revisions"}],"predecessor-version":[{"id":108446,"href":"https:\/\/www.bellunopress.it\/fr\/wp-json\/wp\/v2\/posts\/108442\/revisions\/108446"}],"wp:attachment":[{"href":"https:\/\/www.bellunopress.it\/fr\/wp-json\/wp\/v2\/media?parent=108442"}],"wp:term":[{"taxonomy":"category","embeddable":true,"href":"https:\/\/www.bellunopress.it\/fr\/wp-json\/wp\/v2\/categories?post=108442"},{"taxonomy":"post_tag","embeddable":true,"href":"https:\/\/www.bellunopress.it\/fr\/wp-json\/wp\/v2\/tags?post=108442"}],"curies":[{"name":"wp","href":"https:\/\/api.w.org\/{rel}","templated":true}]}}