{"id":108436,"date":"2019-10-03T16:37:50","date_gmt":"2019-10-03T14:37:50","guid":{"rendered":"http:\/\/www.bellunopress.it\/?p=108436"},"modified":"2019-10-03T16:37:52","modified_gmt":"2019-10-03T14:37:52","slug":"dolomites-street-1500-auto-supercar-e-storiche-da-venerdi-4-a-domenica-10-ottobre-ad-agordo","status":"publish","type":"post","link":"https:\/\/www.bellunopress.it\/fr\/2019\/10\/03\/dolomites-street-1500-auto-supercar-e-storiche-da-venerdi-4-a-domenica-10-ottobre-ad-agordo\/","title":{"rendered":"Dolomites Street: 1500 auto, supercar e storiche, da venerd\u00ec 4 a domenica 10 ottobre ad Agordo"},"content":{"rendered":"<p><a href=\"http:\/\/www.bellunopress.it\/fr\/2019\/10\/03\/dolomites-street-1500-auto-supercar-e-storiche-da-venerdi-4-a-domenica-10-ottobre-ad-agordo\/dolomites-street-agordo\/\" rel=\"attachment wp-att-108437\"><img loading=\"lazy\" decoding=\"async\" class=\"alignleft size-full wp-image-108437\" src=\"http:\/\/www.bellunopress.it\/wp-content\/uploads\/2019\/10\/Dolomites-Street-Agordo.jpg\" alt=\"\" width=\"300\" height=\"225\" \/><\/a>Dolomites Street, ad oggi, \u00e8 il pi\u00f9 grande raduno dinamico nazionale e d&#8217;Europa per supercar ed auto sportive. Nasce da un&#8217;idea dei fondatori ed organizzatori Andrea Zanvit ed Alain Dotta, giovani appassionati di auto originari dell&#8217;Agordino. Da un semplice ritrovo tra amici durante un fine settimana di nove anni fa, edizione dopo edizione, la manifestazione ha ottenuto un riscontro sempre pi\u00f9 solido grazie alla platea di partecipanti e simpatizzanti per il mondo dei motori, richiamando appassionati da tutta Italia, Austria, Svizzera, Germania e paesi limitrofi.<\/p>\n<p>Questi i numeri della manifestazione nelle edizioni precedenti : 1\u00b0 edizione 2010 : 7 auto partecipanti; 2\u00b0 edizione 2011 : 52 auto partecipanti; 3\u00b0 edizione 2012 : 93 auto partecipanti; 4\u00b0 edizione 2013 : 197 auto partecipanti; 5\u00b0 edizione 2014 : 330 auto partecipanti; 6\u00b0 edizione 2015 : 509 auto partecipanti; 7\u00b0 edizione 2016 : 720 auto partecipanti; 8\u00b0 edizione 2017 : 1029 auto partecipanti; 9\u00b0 edizione 2018 : 1193 auto partecipanti;<\/p>\n<p>Per la decima edizione, con le previsioni meteo attuali e positive si attendono ad Agordo pi\u00f9 di 1500 auto.<br \/>\nLa macchina organizzativa della A.s.d. Dolomites Street consta di un Consiglio direttivo formato da 5 persone, un apparato foto\/video di 20 professionisti (tra cui il servizio aereo di Elikos e l&#8217;assistenza di AlpsVision per le riprese dall&#8217;alto con droni durante l&#8217;evento), un organico di oltre 230 volontari per intervenire in prima persona nella gestione della manifestazione: dalla partenza all&#8217;arrivo, lungo l&#8217;itinerario, dall&#8217;allestimento allo smantellamento delle location degli eventi collaterali per i partecipanti.<\/p>\n<p>Il regolamento della manifestazione viene aggiornato di anno in anno dall&#8217;organizzazione in ragione del numero di partecipanti e di auto aderenti. Ad oggi, il requisito minimo da soddisfare per prendere parte alla parata \u00e8 di avere un&#8217;auto sportiva con almeno 200 cavalli a libretto (particolari deroghe sono previste per auto storiche ed ultralight). Ci\u00f2 permette di filtrare in maniera importante l&#8217;alto numero di simpatizzanti consentendo una gestione coordinata e programmata evitando disagi al regolare scorrimento viario lungo le strade interessate dal passaggio dell&#8217;evento e nelle aree di partenza e di arrivo.<\/p>\n<p>Per la decima edizione saranno presenti nei tre giorni di evento i giornalisti di SKY SPORT per realizzare un servizio speciale della durata di 20-30 minuti che verr\u00e0 inserito durante la programmazione ordinaria in onda sulla piattaforma televisiva e on-demand su canali digitali. Inoltre sar\u00e0 presente RAI 2 per seguire in maniera analoga l&#8217;evento unitamente al TGR Veneto. L&#8217;intrattenimento durante il Dolomites Street X sar\u00e0 curato da Djs di Radio 105 (Martin Klein e Paolo Noise).<br \/>\nDolomites Street, in ambito solidaristico, ha donando la cifra di 4.200 \u20ac, ovvero il ricavato dei pasti consumati durante lo scorso 6 e 7 ottobre 2018, all&#8217;associazione ONLUS di Padova &#8220;Un Cuore Un Mondo&#8221;, sostenendo cos\u00ec le famiglie di bambini affetti da malattie cardiopatiche. Quest&#8217;anno il ricavato andr\u00e0 devoluto interamente in beneficenza all&#8217;Associazione &#8220;Gioco e Benessere in Pediatria Onlus&#8221; che si dedica ad attivit\u00e0 di sostegno dei bisogni psicologici e relazionali dei piccoli ricoverati dell&#8217;Ospedale Pediatrico di Padova.<\/p>\n<p><strong>PROGRAMMA:<\/strong><\/p>\n<p>Venerd\u00ec 4 ottobre:<br \/>\nL&#8217;evento inizier\u00e0 gi\u00e0 da venerd\u00ec sera al Caff\u00e8 Miniere in Piazza ad Agordo con aperitivo di benvenuto riservato ai primi partecipanti che gi\u00e0 soggiorneranno in zona presso le strutture alberghiere. La festa con Dj set marchiato Dj Bisso &amp; Morgan continuer\u00e0 per tutta la sera.<\/p>\n<p>Sabato 5 ottobre:<br \/>\nDalle 8:30 le porte del Palaluxottica verranno aperte per ospitare le auto e verranno parcheggiate all&#8217;interno dell&#8217;area verde adiacente alla struttura. L&#8217;ingresso sar\u00e0 aperto a tutti i visitatori. Sar\u00e0 attivo un servizio cucina durante l&#8217;intera giornata di sabato e domenica. All&#8217;interno del Palaluxottica saranno allestiti stand espositivi, auto da rare occasioni ed un&#8217;area intrattenimento con i Djs di Radio 105. Alle 13:30 la carovana pi\u00f9 lunga d&#8217;Europa partir\u00e0 per un tou panoramico lungo i pi\u00f9 bei passi Dolomitici. Le auto saranno scortate dal servizio Moto-Guzzi dei Carabinieri della Stazione di Imer.<br \/>\nLa sera, evento sempre aperto a tutti, alle ore 20 salir\u00e0 sul palco il gruppo live Rock School direttamente da Pavia con una lezione musicale dagli anni 60 agli anni 90 in tema rock.<br \/>\nDalle 22 prender\u00e0 il controllo della consolle il Dj di Radio 105 Paolo Noise per terminare la serata fino a notte fonda.<\/p>\n<p>Domenica 6 ottobre:<br \/>\nApertura porte ore 10, evento aperto a tutti con servizio ristorazione, stand espositivi ed intrattenimento con Radio 105. Durante la mattinata si esibiranno atleti olimpionici di street bike e parkour.<br \/>\nIl meteo ha previsto due giornate di sole per un fine settimana che si auspica soleggiato e autunnale.<\/p>","protected":false},"excerpt":{"rendered":"<p>Dolomites Street, ad oggi, \u00e8 il pi\u00f9 grande raduno dinamico nazionale e d&#8217;Europa per supercar ed auto sportive. Nasce da un&#8217;idea dei fondatori ed organizzatori Andrea Zanvit ed Alain Dotta, giovani appassionati di auto originari dell&#8217;Agordino. Da un semplice ritrovo tra amici durante un fine settimana di nove anni fa, edizione dopo edizione, la manifestazione [&hellip;]<\/p>\n","protected":false},"author":2,"featured_media":0,"comment_status":"closed","ping_status":"open","sticky":false,"template":"","format":"standard","meta":{"footnotes":""},"categories":[27,26,4],"tags":[],"class_list":["post-108436","post","type-post","status-publish","format-standard","category-appuntamenti","category-prima-pagina","category-sport"],"yoast_head":"<!-- This site is optimized with the Yoast SEO plugin v28.4 - https:\/\/yoast.com\/product\/yoast-seo-wordpress\/ -->\n<title>Dolomites Street: 1500 auto, supercar e storiche, da venerd\u00ec 4 a domenica 10 ottobre ad Agordo - Bellunopress - Dolomiti<\/title>\n<meta name=\"robots\" content=\"index, follow, max-snippet:-1, max-image-preview:large, max-video-preview:-1\" \/>\n<link rel=\"canonical\" href=\"https:\/\/www.bellunopress.it\/fr\/2019\/10\/03\/dolomites-street-1500-auto-supercar-e-storiche-da-venerdi-4-a-domenica-10-ottobre-ad-agordo\/\" \/>\n<meta property=\"og:locale\" content=\"fr_FR\" \/>\n<meta property=\"og:type\" content=\"article\" \/>\n<meta property=\"og:title\" content=\"Dolomites Street: 1500 auto, supercar e storiche, da venerd\u00ec 4 a domenica 10 ottobre ad Agordo - Bellunopress - Dolomiti\" \/>\n<meta property=\"og:description\" content=\"Dolomites Street, ad oggi, \u00e8 il pi\u00f9 grande raduno dinamico nazionale e d&#8217;Europa per supercar ed auto sportive. Nasce da un&#8217;idea dei fondatori ed organizzatori Andrea Zanvit ed Alain Dotta, giovani appassionati di auto originari dell&#8217;Agordino. Da un semplice ritrovo tra amici durante un fine settimana di nove anni fa, edizione dopo edizione, la manifestazione [&hellip;]\" \/>\n<meta property=\"og:url\" content=\"https:\/\/www.bellunopress.it\/fr\/2019\/10\/03\/dolomites-street-1500-auto-supercar-e-storiche-da-venerdi-4-a-domenica-10-ottobre-ad-agordo\/\" \/>\n<meta property=\"og:site_name\" content=\"Bellunopress - Dolomiti\" \/>\n<meta property=\"article:publisher\" content=\"https:\/\/www.facebook.com\/profile.php?id=100008943462799\" \/>\n<meta property=\"article:published_time\" content=\"2019-10-03T14:37:50+00:00\" \/>\n<meta property=\"article:modified_time\" content=\"2019-10-03T14:37:52+00:00\" \/>\n<meta property=\"og:image\" content=\"http:\/\/www.bellunopress.it\/wp-content\/uploads\/2019\/10\/Dolomites-Street-Agordo.jpg\" \/>\n<meta name=\"author\" content=\"redazione\" \/>\n<meta name=\"twitter:card\" content=\"summary_large_image\" \/>\n<meta name=\"twitter:creator\" content=\"@bellunopress\" \/>\n<meta name=\"twitter:site\" content=\"@bellunopress\" \/>\n<meta name=\"twitter:label1\" content=\"\u00c9crit par\" \/>\n\t<meta name=\"twitter:data1\" content=\"redazione\" \/>\n\t<meta name=\"twitter:label2\" content=\"Dur\u00e9e de lecture estim\u00e9e\" \/>\n\t<meta name=\"twitter:data2\" content=\"3 minutes\" \/>\n<script type=\"application\/ld+json\" class=\"yoast-schema-graph\">{\"@context\":\"https:\\\/\\\/schema.org\",\"@graph\":[{\"@type\":\"Article\",\"@id\":\"https:\\\/\\\/www.bellunopress.it\\\/2019\\\/10\\\/03\\\/dolomites-street-1500-auto-supercar-e-storiche-da-venerdi-4-a-domenica-10-ottobre-ad-agordo\\\/#article\",\"isPartOf\":{\"@id\":\"https:\\\/\\\/www.bellunopress.it\\\/2019\\\/10\\\/03\\\/dolomites-street-1500-auto-supercar-e-storiche-da-venerdi-4-a-domenica-10-ottobre-ad-agordo\\\/\"},\"author\":{\"name\":\"redazione\",\"@id\":\"https:\\\/\\\/www.bellunopress.it\\\/#\\\/schema\\\/person\\\/79bb06722b37ece1c03d3e94beb30d73\"},\"headline\":\"Dolomites Street: 1500 auto, supercar e storiche, da venerd\u00ec 4 a domenica 10 ottobre ad Agordo\",\"datePublished\":\"2019-10-03T14:37:50+00:00\",\"dateModified\":\"2019-10-03T14:37:52+00:00\",\"mainEntityOfPage\":{\"@id\":\"https:\\\/\\\/www.bellunopress.it\\\/2019\\\/10\\\/03\\\/dolomites-street-1500-auto-supercar-e-storiche-da-venerdi-4-a-domenica-10-ottobre-ad-agordo\\\/\"},\"wordCount\":722,\"publisher\":{\"@id\":\"https:\\\/\\\/www.bellunopress.it\\\/#organization\"},\"image\":{\"@id\":\"https:\\\/\\\/www.bellunopress.it\\\/2019\\\/10\\\/03\\\/dolomites-street-1500-auto-supercar-e-storiche-da-venerdi-4-a-domenica-10-ottobre-ad-agordo\\\/#primaryimage\"},\"thumbnailUrl\":\"http:\\\/\\\/www.bellunopress.it\\\/wp-content\\\/uploads\\\/2019\\\/10\\\/Dolomites-Street-Agordo.jpg\",\"articleSection\":[\"Appuntamenti, Eventi\",\"Prima Pagina\",\"Sport, tempo libero\"],\"inLanguage\":\"fr-FR\"},{\"@type\":\"WebPage\",\"@id\":\"https:\\\/\\\/www.bellunopress.it\\\/2019\\\/10\\\/03\\\/dolomites-street-1500-auto-supercar-e-storiche-da-venerdi-4-a-domenica-10-ottobre-ad-agordo\\\/\",\"url\":\"https:\\\/\\\/www.bellunopress.it\\\/2019\\\/10\\\/03\\\/dolomites-street-1500-auto-supercar-e-storiche-da-venerdi-4-a-domenica-10-ottobre-ad-agordo\\\/\",\"name\":\"Dolomites Street: 1500 auto, supercar e storiche, da venerd\u00ec 4 a domenica 10 ottobre ad Agordo - Bellunopress - Dolomiti\",\"isPartOf\":{\"@id\":\"https:\\\/\\\/www.bellunopress.it\\\/#website\"},\"primaryImageOfPage\":{\"@id\":\"https:\\\/\\\/www.bellunopress.it\\\/2019\\\/10\\\/03\\\/dolomites-street-1500-auto-supercar-e-storiche-da-venerdi-4-a-domenica-10-ottobre-ad-agordo\\\/#primaryimage\"},\"image\":{\"@id\":\"https:\\\/\\\/www.bellunopress.it\\\/2019\\\/10\\\/03\\\/dolomites-street-1500-auto-supercar-e-storiche-da-venerdi-4-a-domenica-10-ottobre-ad-agordo\\\/#primaryimage\"},\"thumbnailUrl\":\"http:\\\/\\\/www.bellunopress.it\\\/wp-content\\\/uploads\\\/2019\\\/10\\\/Dolomites-Street-Agordo.jpg\",\"datePublished\":\"2019-10-03T14:37:50+00:00\",\"dateModified\":\"2019-10-03T14:37:52+00:00\",\"breadcrumb\":{\"@id\":\"https:\\\/\\\/www.bellunopress.it\\\/2019\\\/10\\\/03\\\/dolomites-street-1500-auto-supercar-e-storiche-da-venerdi-4-a-domenica-10-ottobre-ad-agordo\\\/#breadcrumb\"},\"inLanguage\":\"fr-FR\",\"potentialAction\":[{\"@type\":\"ReadAction\",\"target\":[\"https:\\\/\\\/www.bellunopress.it\\\/2019\\\/10\\\/03\\\/dolomites-street-1500-auto-supercar-e-storiche-da-venerdi-4-a-domenica-10-ottobre-ad-agordo\\\/\"]}]},{\"@type\":\"ImageObject\",\"inLanguage\":\"fr-FR\",\"@id\":\"https:\\\/\\\/www.bellunopress.it\\\/2019\\\/10\\\/03\\\/dolomites-street-1500-auto-supercar-e-storiche-da-venerdi-4-a-domenica-10-ottobre-ad-agordo\\\/#primaryimage\",\"url\":\"http:\\\/\\\/www.bellunopress.it\\\/wp-content\\\/uploads\\\/2019\\\/10\\\/Dolomites-Street-Agordo.jpg\",\"contentUrl\":\"http:\\\/\\\/www.bellunopress.it\\\/wp-content\\\/uploads\\\/2019\\\/10\\\/Dolomites-Street-Agordo.jpg\"},{\"@type\":\"BreadcrumbList\",\"@id\":\"https:\\\/\\\/www.bellunopress.it\\\/2019\\\/10\\\/03\\\/dolomites-street-1500-auto-supercar-e-storiche-da-venerdi-4-a-domenica-10-ottobre-ad-agordo\\\/#breadcrumb\",\"itemListElement\":[{\"@type\":\"ListItem\",\"position\":1,\"name\":\"Home\",\"item\":\"https:\\\/\\\/www.bellunopress.it\\\/\"},{\"@type\":\"ListItem\",\"position\":2,\"name\":\"Dolomites Street: 1500 auto, supercar e storiche, da venerd\u00ec 4 a domenica 10 ottobre ad Agordo\"}]},{\"@type\":\"WebSite\",\"@id\":\"https:\\\/\\\/www.bellunopress.it\\\/#website\",\"url\":\"https:\\\/\\\/www.bellunopress.it\\\/\",\"name\":\"Bellunopress - Dolomiti\",\"description\":\"e-mail: redazione@bellunopress.it\",\"publisher\":{\"@id\":\"https:\\\/\\\/www.bellunopress.it\\\/#organization\"},\"potentialAction\":[{\"@type\":\"SearchAction\",\"target\":{\"@type\":\"EntryPoint\",\"urlTemplate\":\"https:\\\/\\\/www.bellunopress.it\\\/?s={search_term_string}\"},\"query-input\":{\"@type\":\"PropertyValueSpecification\",\"valueRequired\":true,\"valueName\":\"search_term_string\"}}],\"inLanguage\":\"fr-FR\"},{\"@type\":\"Organization\",\"@id\":\"https:\\\/\\\/www.bellunopress.it\\\/#organization\",\"name\":\"Bellunopress\",\"url\":\"https:\\\/\\\/www.bellunopress.it\\\/\",\"logo\":{\"@type\":\"ImageObject\",\"inLanguage\":\"fr-FR\",\"@id\":\"https:\\\/\\\/www.bellunopress.it\\\/#\\\/schema\\\/logo\\\/image\\\/\",\"url\":\"https:\\\/\\\/www.bellunopress.it\\\/wp-content\\\/uploads\\\/2011\\\/05\\\/cropped-logo-bellunopress-.jpg\",\"contentUrl\":\"https:\\\/\\\/www.bellunopress.it\\\/wp-content\\\/uploads\\\/2011\\\/05\\\/cropped-logo-bellunopress-.jpg\",\"width\":512,\"height\":512,\"caption\":\"Bellunopress\"},\"image\":{\"@id\":\"https:\\\/\\\/www.bellunopress.it\\\/#\\\/schema\\\/logo\\\/image\\\/\"},\"sameAs\":[\"https:\\\/\\\/www.facebook.com\\\/profile.php?id=100008943462799\",\"https:\\\/\\\/x.com\\\/bellunopress\",\"https:\\\/\\\/www.linkedin.com\\\/hp\\\/?dnr=JBzUWaJfMUw8vbXJJ2tVW5-I3jZKvC4wsoxE&amp;amp;amp;amp;amp;amp;trk=nav_responsive_tab_home\",\"https:\\\/\\\/www.youtube.com\\\/channel\\\/UCxL0wu1uN0_3_7hGG0306cw\"]},{\"@type\":\"Person\",\"@id\":\"https:\\\/\\\/www.bellunopress.it\\\/#\\\/schema\\\/person\\\/79bb06722b37ece1c03d3e94beb30d73\",\"name\":\"redazione\",\"image\":{\"@type\":\"ImageObject\",\"inLanguage\":\"fr-FR\",\"@id\":\"https:\\\/\\\/secure.gravatar.com\\\/avatar\\\/37d968a2e67a6fd04c169c4bdef102d0bc5d31b2546345219e348575eb80e9a0?s=96&d=mm&r=g\",\"url\":\"https:\\\/\\\/secure.gravatar.com\\\/avatar\\\/37d968a2e67a6fd04c169c4bdef102d0bc5d31b2546345219e348575eb80e9a0?s=96&d=mm&r=g\",\"contentUrl\":\"https:\\\/\\\/secure.gravatar.com\\\/avatar\\\/37d968a2e67a6fd04c169c4bdef102d0bc5d31b2546345219e348575eb80e9a0?s=96&d=mm&r=g\",\"caption\":\"redazione\"},\"sameAs\":[\"http:\\\/\\\/www.bellunopress.it\",\"https:\\\/\\\/x.com\\\/bellunopress\"],\"url\":\"https:\\\/\\\/www.bellunopress.it\\\/fr\\\/author\\\/redazione\\\/\"}]}<\/script>\n<!-- \/ Yoast SEO plugin. -->","yoast_head_json":{"title":"Dolomites Street: 1500 auto, supercar e storiche, da venerd\u00ec 4 a domenica 10 ottobre ad Agordo - Bellunopress - Dolomiti","robots":{"index":"index","follow":"follow","max-snippet":"max-snippet:-1","max-image-preview":"max-image-preview:large","max-video-preview":"max-video-preview:-1"},"canonical":"https:\/\/www.bellunopress.it\/fr\/2019\/10\/03\/dolomites-street-1500-auto-supercar-e-storiche-da-venerdi-4-a-domenica-10-ottobre-ad-agordo\/","og_locale":"fr_FR","og_type":"article","og_title":"Dolomites Street: 1500 auto, supercar e storiche, da venerd\u00ec 4 a domenica 10 ottobre ad Agordo - Bellunopress - Dolomiti","og_description":"Dolomites Street, ad oggi, \u00e8 il pi\u00f9 grande raduno dinamico nazionale e d&#8217;Europa per supercar ed auto sportive. Nasce da un&#8217;idea dei fondatori ed organizzatori Andrea Zanvit ed Alain Dotta, giovani appassionati di auto originari dell&#8217;Agordino. Da un semplice ritrovo tra amici durante un fine settimana di nove anni fa, edizione dopo edizione, la manifestazione [&hellip;]","og_url":"https:\/\/www.bellunopress.it\/fr\/2019\/10\/03\/dolomites-street-1500-auto-supercar-e-storiche-da-venerdi-4-a-domenica-10-ottobre-ad-agordo\/","og_site_name":"Bellunopress - Dolomiti","article_publisher":"https:\/\/www.facebook.com\/profile.php?id=100008943462799","article_published_time":"2019-10-03T14:37:50+00:00","article_modified_time":"2019-10-03T14:37:52+00:00","og_image":[{"url":"http:\/\/www.bellunopress.it\/wp-content\/uploads\/2019\/10\/Dolomites-Street-Agordo.jpg","type":"","width":"","height":""}],"author":"redazione","twitter_card":"summary_large_image","twitter_creator":"@bellunopress","twitter_site":"@bellunopress","twitter_misc":{"\u00c9crit par":"redazione","Dur\u00e9e de lecture estim\u00e9e":"3 minutes"},"schema":{"@context":"https:\/\/schema.org","@graph":[{"@type":"Article","@id":"https:\/\/www.bellunopress.it\/2019\/10\/03\/dolomites-street-1500-auto-supercar-e-storiche-da-venerdi-4-a-domenica-10-ottobre-ad-agordo\/#article","isPartOf":{"@id":"https:\/\/www.bellunopress.it\/2019\/10\/03\/dolomites-street-1500-auto-supercar-e-storiche-da-venerdi-4-a-domenica-10-ottobre-ad-agordo\/"},"author":{"name":"redazione","@id":"https:\/\/www.bellunopress.it\/#\/schema\/person\/79bb06722b37ece1c03d3e94beb30d73"},"headline":"Dolomites Street: 1500 auto, supercar e storiche, da venerd\u00ec 4 a domenica 10 ottobre ad Agordo","datePublished":"2019-10-03T14:37:50+00:00","dateModified":"2019-10-03T14:37:52+00:00","mainEntityOfPage":{"@id":"https:\/\/www.bellunopress.it\/2019\/10\/03\/dolomites-street-1500-auto-supercar-e-storiche-da-venerdi-4-a-domenica-10-ottobre-ad-agordo\/"},"wordCount":722,"publisher":{"@id":"https:\/\/www.bellunopress.it\/#organization"},"image":{"@id":"https:\/\/www.bellunopress.it\/2019\/10\/03\/dolomites-street-1500-auto-supercar-e-storiche-da-venerdi-4-a-domenica-10-ottobre-ad-agordo\/#primaryimage"},"thumbnailUrl":"http:\/\/www.bellunopress.it\/wp-content\/uploads\/2019\/10\/Dolomites-Street-Agordo.jpg","articleSection":["Appuntamenti, Eventi","Prima Pagina","Sport, tempo libero"],"inLanguage":"fr-FR"},{"@type":"WebPage","@id":"https:\/\/www.bellunopress.it\/2019\/10\/03\/dolomites-street-1500-auto-supercar-e-storiche-da-venerdi-4-a-domenica-10-ottobre-ad-agordo\/","url":"https:\/\/www.bellunopress.it\/2019\/10\/03\/dolomites-street-1500-auto-supercar-e-storiche-da-venerdi-4-a-domenica-10-ottobre-ad-agordo\/","name":"Dolomites Street: 1500 auto, supercar e storiche, da venerd\u00ec 4 a domenica 10 ottobre ad Agordo - Bellunopress - Dolomiti","isPartOf":{"@id":"https:\/\/www.bellunopress.it\/#website"},"primaryImageOfPage":{"@id":"https:\/\/www.bellunopress.it\/2019\/10\/03\/dolomites-street-1500-auto-supercar-e-storiche-da-venerdi-4-a-domenica-10-ottobre-ad-agordo\/#primaryimage"},"image":{"@id":"https:\/\/www.bellunopress.it\/2019\/10\/03\/dolomites-street-1500-auto-supercar-e-storiche-da-venerdi-4-a-domenica-10-ottobre-ad-agordo\/#primaryimage"},"thumbnailUrl":"http:\/\/www.bellunopress.it\/wp-content\/uploads\/2019\/10\/Dolomites-Street-Agordo.jpg","datePublished":"2019-10-03T14:37:50+00:00","dateModified":"2019-10-03T14:37:52+00:00","breadcrumb":{"@id":"https:\/\/www.bellunopress.it\/2019\/10\/03\/dolomites-street-1500-auto-supercar-e-storiche-da-venerdi-4-a-domenica-10-ottobre-ad-agordo\/#breadcrumb"},"inLanguage":"fr-FR","potentialAction":[{"@type":"ReadAction","target":["https:\/\/www.bellunopress.it\/2019\/10\/03\/dolomites-street-1500-auto-supercar-e-storiche-da-venerdi-4-a-domenica-10-ottobre-ad-agordo\/"]}]},{"@type":"ImageObject","inLanguage":"fr-FR","@id":"https:\/\/www.bellunopress.it\/2019\/10\/03\/dolomites-street-1500-auto-supercar-e-storiche-da-venerdi-4-a-domenica-10-ottobre-ad-agordo\/#primaryimage","url":"http:\/\/www.bellunopress.it\/wp-content\/uploads\/2019\/10\/Dolomites-Street-Agordo.jpg","contentUrl":"http:\/\/www.bellunopress.it\/wp-content\/uploads\/2019\/10\/Dolomites-Street-Agordo.jpg"},{"@type":"BreadcrumbList","@id":"https:\/\/www.bellunopress.it\/2019\/10\/03\/dolomites-street-1500-auto-supercar-e-storiche-da-venerdi-4-a-domenica-10-ottobre-ad-agordo\/#breadcrumb","itemListElement":[{"@type":"ListItem","position":1,"name":"Home","item":"https:\/\/www.bellunopress.it\/"},{"@type":"ListItem","position":2,"name":"Dolomites Street: 1500 auto, supercar e storiche, da venerd\u00ec 4 a domenica 10 ottobre ad Agordo"}]},{"@type":"WebSite","@id":"https:\/\/www.bellunopress.it\/#website","url":"https:\/\/www.bellunopress.it\/","name":"Bellunopress - Dolomiti","description":"e-mail: redazione@bellunopress.it","publisher":{"@id":"https:\/\/www.bellunopress.it\/#organization"},"potentialAction":[{"@type":"SearchAction","target":{"@type":"EntryPoint","urlTemplate":"https:\/\/www.bellunopress.it\/?s={search_term_string}"},"query-input":{"@type":"PropertyValueSpecification","valueRequired":true,"valueName":"search_term_string"}}],"inLanguage":"fr-FR"},{"@type":"Organization","@id":"https:\/\/www.bellunopress.it\/#organization","name":"Bellunopress","url":"https:\/\/www.bellunopress.it\/","logo":{"@type":"ImageObject","inLanguage":"fr-FR","@id":"https:\/\/www.bellunopress.it\/#\/schema\/logo\/image\/","url":"https:\/\/www.bellunopress.it\/wp-content\/uploads\/2011\/05\/cropped-logo-bellunopress-.jpg","contentUrl":"https:\/\/www.bellunopress.it\/wp-content\/uploads\/2011\/05\/cropped-logo-bellunopress-.jpg","width":512,"height":512,"caption":"Bellunopress"},"image":{"@id":"https:\/\/www.bellunopress.it\/#\/schema\/logo\/image\/"},"sameAs":["https:\/\/www.facebook.com\/profile.php?id=100008943462799","https:\/\/x.com\/bellunopress","https:\/\/www.linkedin.com\/hp\/?dnr=JBzUWaJfMUw8vbXJJ2tVW5-I3jZKvC4wsoxE&amp;amp;amp;amp;amp;amp;trk=nav_responsive_tab_home","https:\/\/www.youtube.com\/channel\/UCxL0wu1uN0_3_7hGG0306cw"]},{"@type":"Person","@id":"https:\/\/www.bellunopress.it\/#\/schema\/person\/79bb06722b37ece1c03d3e94beb30d73","name":"r\u00e9daction","image":{"@type":"ImageObject","inLanguage":"fr-FR","@id":"https:\/\/secure.gravatar.com\/avatar\/37d968a2e67a6fd04c169c4bdef102d0bc5d31b2546345219e348575eb80e9a0?s=96&d=mm&r=g","url":"https:\/\/secure.gravatar.com\/avatar\/37d968a2e67a6fd04c169c4bdef102d0bc5d31b2546345219e348575eb80e9a0?s=96&d=mm&r=g","contentUrl":"https:\/\/secure.gravatar.com\/avatar\/37d968a2e67a6fd04c169c4bdef102d0bc5d31b2546345219e348575eb80e9a0?s=96&d=mm&r=g","caption":"redazione"},"sameAs":["http:\/\/www.bellunopress.it","https:\/\/x.com\/bellunopress"],"url":"https:\/\/www.bellunopress.it\/fr\/author\/redazione\/"}]}},"_links":{"self":[{"href":"https:\/\/www.bellunopress.it\/fr\/wp-json\/wp\/v2\/posts\/108436","targetHints":{"allow":["GET"]}}],"collection":[{"href":"https:\/\/www.bellunopress.it\/fr\/wp-json\/wp\/v2\/posts"}],"about":[{"href":"https:\/\/www.bellunopress.it\/fr\/wp-json\/wp\/v2\/types\/post"}],"author":[{"embeddable":true,"href":"https:\/\/www.bellunopress.it\/fr\/wp-json\/wp\/v2\/users\/2"}],"replies":[{"embeddable":true,"href":"https:\/\/www.bellunopress.it\/fr\/wp-json\/wp\/v2\/comments?post=108436"}],"version-history":[{"count":2,"href":"https:\/\/www.bellunopress.it\/fr\/wp-json\/wp\/v2\/posts\/108436\/revisions"}],"predecessor-version":[{"id":108439,"href":"https:\/\/www.bellunopress.it\/fr\/wp-json\/wp\/v2\/posts\/108436\/revisions\/108439"}],"wp:attachment":[{"href":"https:\/\/www.bellunopress.it\/fr\/wp-json\/wp\/v2\/media?parent=108436"}],"wp:term":[{"taxonomy":"category","embeddable":true,"href":"https:\/\/www.bellunopress.it\/fr\/wp-json\/wp\/v2\/categories?post=108436"},{"taxonomy":"post_tag","embeddable":true,"href":"https:\/\/www.bellunopress.it\/fr\/wp-json\/wp\/v2\/tags?post=108436"}],"curies":[{"name":"wp","href":"https:\/\/api.w.org\/{rel}","templated":true}]}}