{"id":108432,"date":"2019-10-03T15:36:19","date_gmt":"2019-10-03T13:36:19","guid":{"rendered":"http:\/\/www.bellunopress.it\/?p=108432"},"modified":"2019-10-03T15:36:19","modified_gmt":"2019-10-03T13:36:19","slug":"sanita-alla-regione-veneto-il-coordinamento-2020-2022-del-programma-mattone-internazionale-salute-lanzarin-e-una-conferma-che-in-sanita-siamo-apprezzati-e-non-solo-per-le-cure","status":"publish","type":"post","link":"https:\/\/www.bellunopress.it\/fr\/2019\/10\/03\/sanita-alla-regione-veneto-il-coordinamento-2020-2022-del-programma-mattone-internazionale-salute-lanzarin-e-una-conferma-che-in-sanita-siamo-apprezzati-e-non-solo-per-le-cure\/","title":{"rendered":"Sanit\u00e0. Alla Regione Veneto il coordinamento 2020-2022 del Programma &#8220;Mattone internazionale salute&#8221;. Lanzarin: &#8220;E&#8217; una conferma che in sanit\u00e0 siamo apprezzati e non solo per le cure&#8221;"},"content":{"rendered":"<figure id=\"attachment_75088\" aria-describedby=\"caption-attachment-75088\" style=\"width: 249px\" class=\"wp-caption alignleft\"><a href=\"http:\/\/www.bellunopress.it\/fr\/2016\/01\/31\/immigrati-rapporto-veneto-2015-aumentano-i-nuovi-cittadini-arrivi-in-flessione-lanzarin-preoccupano-i-flussi-profughi\/manuela-lanzarin-assessore\/\" rel=\"attachment wp-att-75088\"><img loading=\"lazy\" decoding=\"async\" class=\"size-full wp-image-75088\" src=\"http:\/\/www.bellunopress.it\/wp-content\/uploads\/2016\/01\/manuela-lanzarin-assessore.jpg\" alt=\"\" width=\"249\" height=\"309\" \/><\/a><figcaption id=\"caption-attachment-75088\" class=\"wp-caption-text\">Manuela Lanzarin assessore regionale<\/figcaption><\/figure>\n<p>Venezia, 3 ottobre 2019\u00a0 &#8211;\u00a0\u00a0Sar\u00e0 di nuovo la Regione del Veneto a coordinare il Programma Mattone Internazionale Salute, iniziativa sancita in sede di Conferenza Stato-Regioni e incentrata sulla realizzazione di attivit\u00e0 formative dedicate alle strutture ministeriali, alle Regioni e alle Province Autonome italiane, alle Ullss e alle Aziende Ospedaliere, nonch\u00e9 ai principali stakeholder coinvolti, per promuovere in Italia le politiche sanitarie europee e le possibilit\u00e0 di accesso ai finanziamenti europei e internazionali per la salute, la ricerca e l\u2019innovazione.<\/p>\n<p>Il Veneto aveva gi\u00e0 svolto le funzioni di coordinatore nel precedente triennio e lo far\u00e0 anche in quello 2020-2022, potendo utilizzare un finanziamento di 2 milioni di euro.<\/p>\n<p>La relativa delibera, che indica anche gli obbiettivi da raggiungere nel prossimo triennio e conferma l\u2019assegnazione all\u2019Ulss Veneto Orientale la gestione economico finanziaria, \u00e8 stata approvata dalla Giunta regionale, su proposta dell\u2019Assessore alla Sanit\u00e0, Manuela Lanzarin.<\/p>\n<p>\u201cAnche l\u2019immenso mondo della sanit\u00e0 \u2013 fa notare la Lanzarin \u2013 si sta sempre pi\u00f9 globalizzando, soprattutto nei settori della ricerca e dell\u2019innovazione, ma questo Progetto ha anche il compito, significativo e concreto, di promuovere nel sistema italiano la possibilit\u00e0 di accedere a svariate fonti di finanziamento europee e internazionali. La conferma del coordinamento al Veneto \u2013 aggiunge l\u2019Assessore \u2013 \u00e8 motivo d\u2019orgoglio, perch\u00e9 riconosce al nostro sistema sanitario regionale non solo la capacit\u00e0 di erogare cure di alto livello, ma anche quella di promuovere le politiche di salute in ambito nazionale\u201d.<\/p>\n<p>Gli obbiettivi da perseguire sono complessivamente cinque:<\/p>\n<p>Consolidare il collegamento per l\u2019internazionalizzazione del sistema sanitario italiano tra i livelli regionali e quello nazionale per sostenere un processo di innovazione continua.<br \/>\nContribuire al rafforzamento delle strategie di internazionalizzazione degli attori coinvolti.<br \/>\nSupportare e promuovere azioni per intervenire come \u201cSistema Paese\u201d in modo pi\u00f9 incisivo e strategico sulla programmazione europea.<br \/>\nPromuovere la partecipazione coordinata e competitiva delle Regioni e delle Pubbliche Amministrazioni ai bandi europei di finanziamento diretto.<br \/>\nPromuovere e sostenere la strategia europea \u201cLa Salute in Tutte le Politiche\u201d.<\/p>\n<p>&nbsp;<\/p>","protected":false},"excerpt":{"rendered":"<p>Venezia, 3 ottobre 2019\u00a0 &#8211;\u00a0\u00a0Sar\u00e0 di nuovo la Regione del Veneto a coordinare il Programma Mattone Internazionale Salute, iniziativa sancita in sede di Conferenza Stato-Regioni e incentrata sulla realizzazione di attivit\u00e0 formative dedicate alle strutture ministeriali, alle Regioni e alle Province Autonome italiane, alle Ullss e alle Aziende Ospedaliere, nonch\u00e9 ai principali stakeholder coinvolti, per [&hellip;]<\/p>\n","protected":false},"author":2,"featured_media":0,"comment_status":"closed","ping_status":"open","sticky":false,"template":"","format":"standard","meta":{"footnotes":""},"categories":[5,26,17],"tags":[],"class_list":["post-108432","post","type-post","status-publish","format-standard","category-cronaca","category-prima-pagina","category-sanita"],"yoast_head":"<!-- This site is optimized with the Yoast SEO plugin v28.4 - https:\/\/yoast.com\/product\/yoast-seo-wordpress\/ -->\n<title>Sanit\u00e0. Alla Regione Veneto il coordinamento 2020-2022 del Programma &quot;Mattone internazionale salute&quot;. Lanzarin: &quot;E&#039; una conferma che in sanit\u00e0 siamo apprezzati e non solo per le cure&quot; - Bellunopress - Dolomiti<\/title>\n<meta name=\"robots\" content=\"index, follow, max-snippet:-1, max-image-preview:large, max-video-preview:-1\" \/>\n<link rel=\"canonical\" href=\"https:\/\/www.bellunopress.it\/fr\/2019\/10\/03\/sanita-alla-regione-veneto-il-coordinamento-2020-2022-del-programma-mattone-internazionale-salute-lanzarin-e-una-conferma-che-in-sanita-siamo-apprezzati-e-non-solo-per-le-cure\/\" \/>\n<meta property=\"og:locale\" content=\"fr_FR\" \/>\n<meta property=\"og:type\" content=\"article\" \/>\n<meta property=\"og:title\" content=\"Sanit\u00e0. Alla Regione Veneto il coordinamento 2020-2022 del Programma &quot;Mattone internazionale salute&quot;. Lanzarin: &quot;E&#039; una conferma che in sanit\u00e0 siamo apprezzati e non solo per le cure&quot; - Bellunopress - Dolomiti\" \/>\n<meta property=\"og:description\" content=\"Venezia, 3 ottobre 2019\u00a0 &#8211;\u00a0\u00a0Sar\u00e0 di nuovo la Regione del Veneto a coordinare il Programma Mattone Internazionale Salute, iniziativa sancita in sede di Conferenza Stato-Regioni e incentrata sulla realizzazione di attivit\u00e0 formative dedicate alle strutture ministeriali, alle Regioni e alle Province Autonome italiane, alle Ullss e alle Aziende Ospedaliere, nonch\u00e9 ai principali stakeholder coinvolti, per [&hellip;]\" \/>\n<meta property=\"og:url\" content=\"https:\/\/www.bellunopress.it\/fr\/2019\/10\/03\/sanita-alla-regione-veneto-il-coordinamento-2020-2022-del-programma-mattone-internazionale-salute-lanzarin-e-una-conferma-che-in-sanita-siamo-apprezzati-e-non-solo-per-le-cure\/\" \/>\n<meta property=\"og:site_name\" content=\"Bellunopress - Dolomiti\" \/>\n<meta property=\"article:publisher\" content=\"https:\/\/www.facebook.com\/profile.php?id=100008943462799\" \/>\n<meta property=\"article:published_time\" content=\"2019-10-03T13:36:19+00:00\" \/>\n<meta property=\"og:image\" content=\"http:\/\/www.bellunopress.it\/wp-content\/uploads\/2016\/01\/manuela-lanzarin-assessore.jpg\" \/>\n<meta name=\"author\" content=\"redazione\" \/>\n<meta name=\"twitter:card\" content=\"summary_large_image\" \/>\n<meta name=\"twitter:creator\" content=\"@bellunopress\" \/>\n<meta name=\"twitter:site\" content=\"@bellunopress\" \/>\n<meta name=\"twitter:label1\" content=\"\u00c9crit par\" \/>\n\t<meta name=\"twitter:data1\" content=\"redazione\" \/>\n\t<meta name=\"twitter:label2\" content=\"Dur\u00e9e de lecture estim\u00e9e\" \/>\n\t<meta name=\"twitter:data2\" content=\"2 minutes\" \/>\n<script type=\"application\/ld+json\" class=\"yoast-schema-graph\">{\"@context\":\"https:\\\/\\\/schema.org\",\"@graph\":[{\"@type\":\"Article\",\"@id\":\"https:\\\/\\\/www.bellunopress.it\\\/2019\\\/10\\\/03\\\/sanita-alla-regione-veneto-il-coordinamento-2020-2022-del-programma-mattone-internazionale-salute-lanzarin-e-una-conferma-che-in-sanita-siamo-apprezzati-e-non-solo-per-le-cure\\\/#article\",\"isPartOf\":{\"@id\":\"https:\\\/\\\/www.bellunopress.it\\\/2019\\\/10\\\/03\\\/sanita-alla-regione-veneto-il-coordinamento-2020-2022-del-programma-mattone-internazionale-salute-lanzarin-e-una-conferma-che-in-sanita-siamo-apprezzati-e-non-solo-per-le-cure\\\/\"},\"author\":{\"name\":\"redazione\",\"@id\":\"https:\\\/\\\/www.bellunopress.it\\\/#\\\/schema\\\/person\\\/79bb06722b37ece1c03d3e94beb30d73\"},\"headline\":\"Sanit\u00e0. Alla Regione Veneto il coordinamento 2020-2022 del Programma &#8220;Mattone internazionale salute&#8221;. Lanzarin: &#8220;E&#8217; una conferma che in sanit\u00e0 siamo apprezzati e non solo per le cure&#8221;\",\"datePublished\":\"2019-10-03T13:36:19+00:00\",\"mainEntityOfPage\":{\"@id\":\"https:\\\/\\\/www.bellunopress.it\\\/2019\\\/10\\\/03\\\/sanita-alla-regione-veneto-il-coordinamento-2020-2022-del-programma-mattone-internazionale-salute-lanzarin-e-una-conferma-che-in-sanita-siamo-apprezzati-e-non-solo-per-le-cure\\\/\"},\"wordCount\":363,\"publisher\":{\"@id\":\"https:\\\/\\\/www.bellunopress.it\\\/#organization\"},\"image\":{\"@id\":\"https:\\\/\\\/www.bellunopress.it\\\/2019\\\/10\\\/03\\\/sanita-alla-regione-veneto-il-coordinamento-2020-2022-del-programma-mattone-internazionale-salute-lanzarin-e-una-conferma-che-in-sanita-siamo-apprezzati-e-non-solo-per-le-cure\\\/#primaryimage\"},\"thumbnailUrl\":\"http:\\\/\\\/www.bellunopress.it\\\/wp-content\\\/uploads\\\/2016\\\/01\\\/manuela-lanzarin-assessore.jpg\",\"articleSection\":[\"Cronaca\\\/Politica\",\"Prima Pagina\",\"Sanit\u00e0 Medicina\"],\"inLanguage\":\"fr-FR\"},{\"@type\":\"WebPage\",\"@id\":\"https:\\\/\\\/www.bellunopress.it\\\/2019\\\/10\\\/03\\\/sanita-alla-regione-veneto-il-coordinamento-2020-2022-del-programma-mattone-internazionale-salute-lanzarin-e-una-conferma-che-in-sanita-siamo-apprezzati-e-non-solo-per-le-cure\\\/\",\"url\":\"https:\\\/\\\/www.bellunopress.it\\\/2019\\\/10\\\/03\\\/sanita-alla-regione-veneto-il-coordinamento-2020-2022-del-programma-mattone-internazionale-salute-lanzarin-e-una-conferma-che-in-sanita-siamo-apprezzati-e-non-solo-per-le-cure\\\/\",\"name\":\"Sanit\u00e0. Alla Regione Veneto il coordinamento 2020-2022 del Programma \\\"Mattone internazionale salute\\\". Lanzarin: \\\"E' una conferma che in sanit\u00e0 siamo apprezzati e non solo per le cure\\\" - Bellunopress - Dolomiti\",\"isPartOf\":{\"@id\":\"https:\\\/\\\/www.bellunopress.it\\\/#website\"},\"primaryImageOfPage\":{\"@id\":\"https:\\\/\\\/www.bellunopress.it\\\/2019\\\/10\\\/03\\\/sanita-alla-regione-veneto-il-coordinamento-2020-2022-del-programma-mattone-internazionale-salute-lanzarin-e-una-conferma-che-in-sanita-siamo-apprezzati-e-non-solo-per-le-cure\\\/#primaryimage\"},\"image\":{\"@id\":\"https:\\\/\\\/www.bellunopress.it\\\/2019\\\/10\\\/03\\\/sanita-alla-regione-veneto-il-coordinamento-2020-2022-del-programma-mattone-internazionale-salute-lanzarin-e-una-conferma-che-in-sanita-siamo-apprezzati-e-non-solo-per-le-cure\\\/#primaryimage\"},\"thumbnailUrl\":\"http:\\\/\\\/www.bellunopress.it\\\/wp-content\\\/uploads\\\/2016\\\/01\\\/manuela-lanzarin-assessore.jpg\",\"datePublished\":\"2019-10-03T13:36:19+00:00\",\"breadcrumb\":{\"@id\":\"https:\\\/\\\/www.bellunopress.it\\\/2019\\\/10\\\/03\\\/sanita-alla-regione-veneto-il-coordinamento-2020-2022-del-programma-mattone-internazionale-salute-lanzarin-e-una-conferma-che-in-sanita-siamo-apprezzati-e-non-solo-per-le-cure\\\/#breadcrumb\"},\"inLanguage\":\"fr-FR\",\"potentialAction\":[{\"@type\":\"ReadAction\",\"target\":[\"https:\\\/\\\/www.bellunopress.it\\\/2019\\\/10\\\/03\\\/sanita-alla-regione-veneto-il-coordinamento-2020-2022-del-programma-mattone-internazionale-salute-lanzarin-e-una-conferma-che-in-sanita-siamo-apprezzati-e-non-solo-per-le-cure\\\/\"]}]},{\"@type\":\"ImageObject\",\"inLanguage\":\"fr-FR\",\"@id\":\"https:\\\/\\\/www.bellunopress.it\\\/2019\\\/10\\\/03\\\/sanita-alla-regione-veneto-il-coordinamento-2020-2022-del-programma-mattone-internazionale-salute-lanzarin-e-una-conferma-che-in-sanita-siamo-apprezzati-e-non-solo-per-le-cure\\\/#primaryimage\",\"url\":\"http:\\\/\\\/www.bellunopress.it\\\/wp-content\\\/uploads\\\/2016\\\/01\\\/manuela-lanzarin-assessore.jpg\",\"contentUrl\":\"http:\\\/\\\/www.bellunopress.it\\\/wp-content\\\/uploads\\\/2016\\\/01\\\/manuela-lanzarin-assessore.jpg\"},{\"@type\":\"BreadcrumbList\",\"@id\":\"https:\\\/\\\/www.bellunopress.it\\\/2019\\\/10\\\/03\\\/sanita-alla-regione-veneto-il-coordinamento-2020-2022-del-programma-mattone-internazionale-salute-lanzarin-e-una-conferma-che-in-sanita-siamo-apprezzati-e-non-solo-per-le-cure\\\/#breadcrumb\",\"itemListElement\":[{\"@type\":\"ListItem\",\"position\":1,\"name\":\"Home\",\"item\":\"https:\\\/\\\/www.bellunopress.it\\\/\"},{\"@type\":\"ListItem\",\"position\":2,\"name\":\"Sanit\u00e0. Alla Regione Veneto il coordinamento 2020-2022 del Programma &#8220;Mattone internazionale salute&#8221;. Lanzarin: &#8220;E&#8217; una conferma che in sanit\u00e0 siamo apprezzati e non solo per le cure&#8221;\"}]},{\"@type\":\"WebSite\",\"@id\":\"https:\\\/\\\/www.bellunopress.it\\\/#website\",\"url\":\"https:\\\/\\\/www.bellunopress.it\\\/\",\"name\":\"Bellunopress - Dolomiti\",\"description\":\"e-mail: redazione@bellunopress.it\",\"publisher\":{\"@id\":\"https:\\\/\\\/www.bellunopress.it\\\/#organization\"},\"potentialAction\":[{\"@type\":\"SearchAction\",\"target\":{\"@type\":\"EntryPoint\",\"urlTemplate\":\"https:\\\/\\\/www.bellunopress.it\\\/?s={search_term_string}\"},\"query-input\":{\"@type\":\"PropertyValueSpecification\",\"valueRequired\":true,\"valueName\":\"search_term_string\"}}],\"inLanguage\":\"fr-FR\"},{\"@type\":\"Organization\",\"@id\":\"https:\\\/\\\/www.bellunopress.it\\\/#organization\",\"name\":\"Bellunopress\",\"url\":\"https:\\\/\\\/www.bellunopress.it\\\/\",\"logo\":{\"@type\":\"ImageObject\",\"inLanguage\":\"fr-FR\",\"@id\":\"https:\\\/\\\/www.bellunopress.it\\\/#\\\/schema\\\/logo\\\/image\\\/\",\"url\":\"https:\\\/\\\/www.bellunopress.it\\\/wp-content\\\/uploads\\\/2011\\\/05\\\/cropped-logo-bellunopress-.jpg\",\"contentUrl\":\"https:\\\/\\\/www.bellunopress.it\\\/wp-content\\\/uploads\\\/2011\\\/05\\\/cropped-logo-bellunopress-.jpg\",\"width\":512,\"height\":512,\"caption\":\"Bellunopress\"},\"image\":{\"@id\":\"https:\\\/\\\/www.bellunopress.it\\\/#\\\/schema\\\/logo\\\/image\\\/\"},\"sameAs\":[\"https:\\\/\\\/www.facebook.com\\\/profile.php?id=100008943462799\",\"https:\\\/\\\/x.com\\\/bellunopress\",\"https:\\\/\\\/www.linkedin.com\\\/hp\\\/?dnr=JBzUWaJfMUw8vbXJJ2tVW5-I3jZKvC4wsoxE&amp;amp;amp;amp;amp;amp;trk=nav_responsive_tab_home\",\"https:\\\/\\\/www.youtube.com\\\/channel\\\/UCxL0wu1uN0_3_7hGG0306cw\"]},{\"@type\":\"Person\",\"@id\":\"https:\\\/\\\/www.bellunopress.it\\\/#\\\/schema\\\/person\\\/79bb06722b37ece1c03d3e94beb30d73\",\"name\":\"redazione\",\"image\":{\"@type\":\"ImageObject\",\"inLanguage\":\"fr-FR\",\"@id\":\"https:\\\/\\\/secure.gravatar.com\\\/avatar\\\/37d968a2e67a6fd04c169c4bdef102d0bc5d31b2546345219e348575eb80e9a0?s=96&d=mm&r=g\",\"url\":\"https:\\\/\\\/secure.gravatar.com\\\/avatar\\\/37d968a2e67a6fd04c169c4bdef102d0bc5d31b2546345219e348575eb80e9a0?s=96&d=mm&r=g\",\"contentUrl\":\"https:\\\/\\\/secure.gravatar.com\\\/avatar\\\/37d968a2e67a6fd04c169c4bdef102d0bc5d31b2546345219e348575eb80e9a0?s=96&d=mm&r=g\",\"caption\":\"redazione\"},\"sameAs\":[\"http:\\\/\\\/www.bellunopress.it\",\"https:\\\/\\\/x.com\\\/bellunopress\"],\"url\":\"https:\\\/\\\/www.bellunopress.it\\\/fr\\\/author\\\/redazione\\\/\"}]}<\/script>\n<!-- \/ Yoast SEO plugin. -->","yoast_head_json":{"title":"Sanit\u00e0. Alla Regione Veneto il coordinamento 2020-2022 del Programma \"Mattone internazionale salute\". Lanzarin: \"E' una conferma che in sanit\u00e0 siamo apprezzati e non solo per le cure\" - Bellunopress - Dolomiti","robots":{"index":"index","follow":"follow","max-snippet":"max-snippet:-1","max-image-preview":"max-image-preview:large","max-video-preview":"max-video-preview:-1"},"canonical":"https:\/\/www.bellunopress.it\/fr\/2019\/10\/03\/sanita-alla-regione-veneto-il-coordinamento-2020-2022-del-programma-mattone-internazionale-salute-lanzarin-e-una-conferma-che-in-sanita-siamo-apprezzati-e-non-solo-per-le-cure\/","og_locale":"fr_FR","og_type":"article","og_title":"Sanit\u00e0. Alla Regione Veneto il coordinamento 2020-2022 del Programma \"Mattone internazionale salute\". Lanzarin: \"E' una conferma che in sanit\u00e0 siamo apprezzati e non solo per le cure\" - Bellunopress - Dolomiti","og_description":"Venezia, 3 ottobre 2019\u00a0 &#8211;\u00a0\u00a0Sar\u00e0 di nuovo la Regione del Veneto a coordinare il Programma Mattone Internazionale Salute, iniziativa sancita in sede di Conferenza Stato-Regioni e incentrata sulla realizzazione di attivit\u00e0 formative dedicate alle strutture ministeriali, alle Regioni e alle Province Autonome italiane, alle Ullss e alle Aziende Ospedaliere, nonch\u00e9 ai principali stakeholder coinvolti, per [&hellip;]","og_url":"https:\/\/www.bellunopress.it\/fr\/2019\/10\/03\/sanita-alla-regione-veneto-il-coordinamento-2020-2022-del-programma-mattone-internazionale-salute-lanzarin-e-una-conferma-che-in-sanita-siamo-apprezzati-e-non-solo-per-le-cure\/","og_site_name":"Bellunopress - Dolomiti","article_publisher":"https:\/\/www.facebook.com\/profile.php?id=100008943462799","article_published_time":"2019-10-03T13:36:19+00:00","og_image":[{"url":"http:\/\/www.bellunopress.it\/wp-content\/uploads\/2016\/01\/manuela-lanzarin-assessore.jpg","type":"","width":"","height":""}],"author":"redazione","twitter_card":"summary_large_image","twitter_creator":"@bellunopress","twitter_site":"@bellunopress","twitter_misc":{"\u00c9crit par":"redazione","Dur\u00e9e de lecture estim\u00e9e":"2 minutes"},"schema":{"@context":"https:\/\/schema.org","@graph":[{"@type":"Article","@id":"https:\/\/www.bellunopress.it\/2019\/10\/03\/sanita-alla-regione-veneto-il-coordinamento-2020-2022-del-programma-mattone-internazionale-salute-lanzarin-e-una-conferma-che-in-sanita-siamo-apprezzati-e-non-solo-per-le-cure\/#article","isPartOf":{"@id":"https:\/\/www.bellunopress.it\/2019\/10\/03\/sanita-alla-regione-veneto-il-coordinamento-2020-2022-del-programma-mattone-internazionale-salute-lanzarin-e-una-conferma-che-in-sanita-siamo-apprezzati-e-non-solo-per-le-cure\/"},"author":{"name":"redazione","@id":"https:\/\/www.bellunopress.it\/#\/schema\/person\/79bb06722b37ece1c03d3e94beb30d73"},"headline":"Sanit\u00e0. Alla Regione Veneto il coordinamento 2020-2022 del Programma &#8220;Mattone internazionale salute&#8221;. Lanzarin: &#8220;E&#8217; una conferma che in sanit\u00e0 siamo apprezzati e non solo per le cure&#8221;","datePublished":"2019-10-03T13:36:19+00:00","mainEntityOfPage":{"@id":"https:\/\/www.bellunopress.it\/2019\/10\/03\/sanita-alla-regione-veneto-il-coordinamento-2020-2022-del-programma-mattone-internazionale-salute-lanzarin-e-una-conferma-che-in-sanita-siamo-apprezzati-e-non-solo-per-le-cure\/"},"wordCount":363,"publisher":{"@id":"https:\/\/www.bellunopress.it\/#organization"},"image":{"@id":"https:\/\/www.bellunopress.it\/2019\/10\/03\/sanita-alla-regione-veneto-il-coordinamento-2020-2022-del-programma-mattone-internazionale-salute-lanzarin-e-una-conferma-che-in-sanita-siamo-apprezzati-e-non-solo-per-le-cure\/#primaryimage"},"thumbnailUrl":"http:\/\/www.bellunopress.it\/wp-content\/uploads\/2016\/01\/manuela-lanzarin-assessore.jpg","articleSection":["Cronaca\/Politica","Prima Pagina","Sanit\u00e0 Medicina"],"inLanguage":"fr-FR"},{"@type":"WebPage","@id":"https:\/\/www.bellunopress.it\/2019\/10\/03\/sanita-alla-regione-veneto-il-coordinamento-2020-2022-del-programma-mattone-internazionale-salute-lanzarin-e-una-conferma-che-in-sanita-siamo-apprezzati-e-non-solo-per-le-cure\/","url":"https:\/\/www.bellunopress.it\/2019\/10\/03\/sanita-alla-regione-veneto-il-coordinamento-2020-2022-del-programma-mattone-internazionale-salute-lanzarin-e-una-conferma-che-in-sanita-siamo-apprezzati-e-non-solo-per-le-cure\/","name":"Sanit\u00e0. Alla Regione Veneto il coordinamento 2020-2022 del Programma \"Mattone internazionale salute\". Lanzarin: \"E' una conferma che in sanit\u00e0 siamo apprezzati e non solo per le cure\" - Bellunopress - Dolomiti","isPartOf":{"@id":"https:\/\/www.bellunopress.it\/#website"},"primaryImageOfPage":{"@id":"https:\/\/www.bellunopress.it\/2019\/10\/03\/sanita-alla-regione-veneto-il-coordinamento-2020-2022-del-programma-mattone-internazionale-salute-lanzarin-e-una-conferma-che-in-sanita-siamo-apprezzati-e-non-solo-per-le-cure\/#primaryimage"},"image":{"@id":"https:\/\/www.bellunopress.it\/2019\/10\/03\/sanita-alla-regione-veneto-il-coordinamento-2020-2022-del-programma-mattone-internazionale-salute-lanzarin-e-una-conferma-che-in-sanita-siamo-apprezzati-e-non-solo-per-le-cure\/#primaryimage"},"thumbnailUrl":"http:\/\/www.bellunopress.it\/wp-content\/uploads\/2016\/01\/manuela-lanzarin-assessore.jpg","datePublished":"2019-10-03T13:36:19+00:00","breadcrumb":{"@id":"https:\/\/www.bellunopress.it\/2019\/10\/03\/sanita-alla-regione-veneto-il-coordinamento-2020-2022-del-programma-mattone-internazionale-salute-lanzarin-e-una-conferma-che-in-sanita-siamo-apprezzati-e-non-solo-per-le-cure\/#breadcrumb"},"inLanguage":"fr-FR","potentialAction":[{"@type":"ReadAction","target":["https:\/\/www.bellunopress.it\/2019\/10\/03\/sanita-alla-regione-veneto-il-coordinamento-2020-2022-del-programma-mattone-internazionale-salute-lanzarin-e-una-conferma-che-in-sanita-siamo-apprezzati-e-non-solo-per-le-cure\/"]}]},{"@type":"ImageObject","inLanguage":"fr-FR","@id":"https:\/\/www.bellunopress.it\/2019\/10\/03\/sanita-alla-regione-veneto-il-coordinamento-2020-2022-del-programma-mattone-internazionale-salute-lanzarin-e-una-conferma-che-in-sanita-siamo-apprezzati-e-non-solo-per-le-cure\/#primaryimage","url":"http:\/\/www.bellunopress.it\/wp-content\/uploads\/2016\/01\/manuela-lanzarin-assessore.jpg","contentUrl":"http:\/\/www.bellunopress.it\/wp-content\/uploads\/2016\/01\/manuela-lanzarin-assessore.jpg"},{"@type":"BreadcrumbList","@id":"https:\/\/www.bellunopress.it\/2019\/10\/03\/sanita-alla-regione-veneto-il-coordinamento-2020-2022-del-programma-mattone-internazionale-salute-lanzarin-e-una-conferma-che-in-sanita-siamo-apprezzati-e-non-solo-per-le-cure\/#breadcrumb","itemListElement":[{"@type":"ListItem","position":1,"name":"Home","item":"https:\/\/www.bellunopress.it\/"},{"@type":"ListItem","position":2,"name":"Sanit\u00e0. Alla Regione Veneto il coordinamento 2020-2022 del Programma &#8220;Mattone internazionale salute&#8221;. Lanzarin: &#8220;E&#8217; una conferma che in sanit\u00e0 siamo apprezzati e non solo per le cure&#8221;"}]},{"@type":"WebSite","@id":"https:\/\/www.bellunopress.it\/#website","url":"https:\/\/www.bellunopress.it\/","name":"Bellunopress - Dolomiti","description":"e-mail: redazione@bellunopress.it","publisher":{"@id":"https:\/\/www.bellunopress.it\/#organization"},"potentialAction":[{"@type":"SearchAction","target":{"@type":"EntryPoint","urlTemplate":"https:\/\/www.bellunopress.it\/?s={search_term_string}"},"query-input":{"@type":"PropertyValueSpecification","valueRequired":true,"valueName":"search_term_string"}}],"inLanguage":"fr-FR"},{"@type":"Organization","@id":"https:\/\/www.bellunopress.it\/#organization","name":"Bellunopress","url":"https:\/\/www.bellunopress.it\/","logo":{"@type":"ImageObject","inLanguage":"fr-FR","@id":"https:\/\/www.bellunopress.it\/#\/schema\/logo\/image\/","url":"https:\/\/www.bellunopress.it\/wp-content\/uploads\/2011\/05\/cropped-logo-bellunopress-.jpg","contentUrl":"https:\/\/www.bellunopress.it\/wp-content\/uploads\/2011\/05\/cropped-logo-bellunopress-.jpg","width":512,"height":512,"caption":"Bellunopress"},"image":{"@id":"https:\/\/www.bellunopress.it\/#\/schema\/logo\/image\/"},"sameAs":["https:\/\/www.facebook.com\/profile.php?id=100008943462799","https:\/\/x.com\/bellunopress","https:\/\/www.linkedin.com\/hp\/?dnr=JBzUWaJfMUw8vbXJJ2tVW5-I3jZKvC4wsoxE&amp;amp;amp;amp;amp;amp;trk=nav_responsive_tab_home","https:\/\/www.youtube.com\/channel\/UCxL0wu1uN0_3_7hGG0306cw"]},{"@type":"Person","@id":"https:\/\/www.bellunopress.it\/#\/schema\/person\/79bb06722b37ece1c03d3e94beb30d73","name":"r\u00e9daction","image":{"@type":"ImageObject","inLanguage":"fr-FR","@id":"https:\/\/secure.gravatar.com\/avatar\/37d968a2e67a6fd04c169c4bdef102d0bc5d31b2546345219e348575eb80e9a0?s=96&d=mm&r=g","url":"https:\/\/secure.gravatar.com\/avatar\/37d968a2e67a6fd04c169c4bdef102d0bc5d31b2546345219e348575eb80e9a0?s=96&d=mm&r=g","contentUrl":"https:\/\/secure.gravatar.com\/avatar\/37d968a2e67a6fd04c169c4bdef102d0bc5d31b2546345219e348575eb80e9a0?s=96&d=mm&r=g","caption":"redazione"},"sameAs":["http:\/\/www.bellunopress.it","https:\/\/x.com\/bellunopress"],"url":"https:\/\/www.bellunopress.it\/fr\/author\/redazione\/"}]}},"_links":{"self":[{"href":"https:\/\/www.bellunopress.it\/fr\/wp-json\/wp\/v2\/posts\/108432","targetHints":{"allow":["GET"]}}],"collection":[{"href":"https:\/\/www.bellunopress.it\/fr\/wp-json\/wp\/v2\/posts"}],"about":[{"href":"https:\/\/www.bellunopress.it\/fr\/wp-json\/wp\/v2\/types\/post"}],"author":[{"embeddable":true,"href":"https:\/\/www.bellunopress.it\/fr\/wp-json\/wp\/v2\/users\/2"}],"replies":[{"embeddable":true,"href":"https:\/\/www.bellunopress.it\/fr\/wp-json\/wp\/v2\/comments?post=108432"}],"version-history":[{"count":1,"href":"https:\/\/www.bellunopress.it\/fr\/wp-json\/wp\/v2\/posts\/108432\/revisions"}],"predecessor-version":[{"id":108433,"href":"https:\/\/www.bellunopress.it\/fr\/wp-json\/wp\/v2\/posts\/108432\/revisions\/108433"}],"wp:attachment":[{"href":"https:\/\/www.bellunopress.it\/fr\/wp-json\/wp\/v2\/media?parent=108432"}],"wp:term":[{"taxonomy":"category","embeddable":true,"href":"https:\/\/www.bellunopress.it\/fr\/wp-json\/wp\/v2\/categories?post=108432"},{"taxonomy":"post_tag","embeddable":true,"href":"https:\/\/www.bellunopress.it\/fr\/wp-json\/wp\/v2\/tags?post=108432"}],"curies":[{"name":"wp","href":"https:\/\/api.w.org\/{rel}","templated":true}]}}