{"id":108430,"date":"2019-10-03T15:28:25","date_gmt":"2019-10-03T13:28:25","guid":{"rendered":"http:\/\/www.bellunopress.it\/?p=108430"},"modified":"2019-10-03T15:28:25","modified_gmt":"2019-10-03T13:28:25","slug":"preoccupazioni-per-il-futuro-della-sanita-lonorevole-de-menech-scrive-al-presidente-della-regione-zaia","status":"publish","type":"post","link":"https:\/\/www.bellunopress.it\/fr\/2019\/10\/03\/preoccupazioni-per-il-futuro-della-sanita-lonorevole-de-menech-scrive-al-presidente-della-regione-zaia\/","title":{"rendered":"Preoccupazioni per il futuro della sanit\u00e0. L&#8217;onorevole De Menech scrive al presidente della Regione Zaia"},"content":{"rendered":"<figure id=\"attachment_46179\" aria-describedby=\"caption-attachment-46179\" style=\"width: 193px\" class=\"wp-caption alignleft\"><a href=\"http:\/\/www.bellunopress.it\/fr\/2013\/01\/29\/via-al-tour-di-roger-de-menech-pd-il-5-febbraio-appuntamento-anche-con-laura-puppato-capolista-al-senato\/roger-de-menech-1\/\" rel=\"attachment wp-att-46179\"><img loading=\"lazy\" decoding=\"async\" class=\"size-full wp-image-46179\" src=\"http:\/\/www.bellunopress.it\/wp-content\/uploads\/2013\/01\/roger-de-menech-1.jpg\" alt=\"\" width=\"193\" height=\"290\" \/><\/a><figcaption id=\"caption-attachment-46179\" class=\"wp-caption-text\">Roger De Menech, deputato Pd<\/figcaption><\/figure>\n<p>Preoccupazioni per il futuro della sanit\u00e0 in provincia. Roger De Menech, deputato bellunese del Pd, ha inviato le lettera che segue al presidente della Regione del Veneto Luca Zaia.<\/p>\n<p>\u00abCon spirito di collaborazione e aperto alle soluzioni pi\u00f9 efficaci, come sempre, ho voluto rappresentare il crescente disagio di amministratori, operatori sanitari, sindacati e cittadini, di fronte a scelte di cui non si capisce la ragione. La privatizzazione del pronto soccorso di Auronzo, la chiusura dell&#8217;Istituto Pio XII a Misurina, il mancato rinnovo della convenzione per le visite e gli esami del personale Luxottica, l&#8217;ambulanza in Comelico che resta a carico dello Stato e non del servizio sanitario regionale sono esempi spaesanti per le persone. Il territorio nel suo insieme credo abbia il diritto di sapere se potr\u00e0 contare su un modello di sanit\u00e0 pubblica o se invece saranno i privati a gestire non solo gli ospedali e i reparti, ma anche le cartelle cliniche, i dati sensibili e l&#8217;accesso alle strutture\u00bb.<\/p>\n<p>Posto che ciascun modello comporta vantaggi e svantaggi, sottolinea De Menech,<\/p>\n<p>\u00abi cittadini hanno non solo il diritto di conoscere da chi e come sar\u00e0 tutelata la loro salute, ma anche di scegliere consapevolmente il modello di riferimento. Per questo ho invitato il presidente della Regione a fare chiarezza e ha condividere prima possibile con la massima trasparenza tutte le informazioni che consentano a tutti noi di sapere se nei prossimi anni avremo ancora un sistema sanitario regionale pubblico o se invece verr\u00e0 smantellato a favore di una sanit\u00e0 privata\u00bb.<\/p>","protected":false},"excerpt":{"rendered":"<p>Preoccupazioni per il futuro della sanit\u00e0 in provincia. Roger De Menech, deputato bellunese del Pd, ha inviato le lettera che segue al presidente della Regione del Veneto Luca Zaia. \u00abCon spirito di collaborazione e aperto alle soluzioni pi\u00f9 efficaci, come sempre, ho voluto rappresentare il crescente disagio di amministratori, operatori sanitari, sindacati e cittadini, di [&hellip;]<\/p>\n","protected":false},"author":2,"featured_media":0,"comment_status":"closed","ping_status":"open","sticky":false,"template":"","format":"standard","meta":{"footnotes":""},"categories":[5,17],"tags":[],"class_list":["post-108430","post","type-post","status-publish","format-standard","category-cronaca","category-sanita"],"yoast_head":"<!-- This site is optimized with the Yoast SEO plugin v28.4 - https:\/\/yoast.com\/product\/yoast-seo-wordpress\/ -->\n<title>Preoccupazioni per il futuro della sanit\u00e0. L&#039;onorevole De Menech scrive al presidente della Regione Zaia - Bellunopress - Dolomiti<\/title>\n<meta name=\"robots\" content=\"index, follow, max-snippet:-1, max-image-preview:large, max-video-preview:-1\" \/>\n<link rel=\"canonical\" href=\"https:\/\/www.bellunopress.it\/fr\/2019\/10\/03\/preoccupazioni-per-il-futuro-della-sanita-lonorevole-de-menech-scrive-al-presidente-della-regione-zaia\/\" \/>\n<meta property=\"og:locale\" content=\"fr_FR\" \/>\n<meta property=\"og:type\" content=\"article\" \/>\n<meta property=\"og:title\" content=\"Preoccupazioni per il futuro della sanit\u00e0. L&#039;onorevole De Menech scrive al presidente della Regione Zaia - Bellunopress - Dolomiti\" \/>\n<meta property=\"og:description\" content=\"Preoccupazioni per il futuro della sanit\u00e0 in provincia. Roger De Menech, deputato bellunese del Pd, ha inviato le lettera che segue al presidente della Regione del Veneto Luca Zaia. \u00abCon spirito di collaborazione e aperto alle soluzioni pi\u00f9 efficaci, come sempre, ho voluto rappresentare il crescente disagio di amministratori, operatori sanitari, sindacati e cittadini, di [&hellip;]\" \/>\n<meta property=\"og:url\" content=\"https:\/\/www.bellunopress.it\/fr\/2019\/10\/03\/preoccupazioni-per-il-futuro-della-sanita-lonorevole-de-menech-scrive-al-presidente-della-regione-zaia\/\" \/>\n<meta property=\"og:site_name\" content=\"Bellunopress - Dolomiti\" \/>\n<meta property=\"article:publisher\" content=\"https:\/\/www.facebook.com\/profile.php?id=100008943462799\" \/>\n<meta property=\"article:published_time\" content=\"2019-10-03T13:28:25+00:00\" \/>\n<meta property=\"og:image\" content=\"http:\/\/www.bellunopress.it\/wp-content\/uploads\/2013\/01\/roger-de-menech-1.jpg\" \/>\n<meta name=\"author\" content=\"redazione\" \/>\n<meta name=\"twitter:card\" content=\"summary_large_image\" \/>\n<meta name=\"twitter:creator\" content=\"@bellunopress\" \/>\n<meta name=\"twitter:site\" content=\"@bellunopress\" \/>\n<meta name=\"twitter:label1\" content=\"\u00c9crit par\" \/>\n\t<meta name=\"twitter:data1\" content=\"redazione\" \/>\n\t<meta name=\"twitter:label2\" content=\"Dur\u00e9e de lecture estim\u00e9e\" \/>\n\t<meta name=\"twitter:data2\" content=\"1 minute\" \/>\n<script type=\"application\/ld+json\" class=\"yoast-schema-graph\">{\"@context\":\"https:\\\/\\\/schema.org\",\"@graph\":[{\"@type\":\"Article\",\"@id\":\"https:\\\/\\\/www.bellunopress.it\\\/2019\\\/10\\\/03\\\/preoccupazioni-per-il-futuro-della-sanita-lonorevole-de-menech-scrive-al-presidente-della-regione-zaia\\\/#article\",\"isPartOf\":{\"@id\":\"https:\\\/\\\/www.bellunopress.it\\\/2019\\\/10\\\/03\\\/preoccupazioni-per-il-futuro-della-sanita-lonorevole-de-menech-scrive-al-presidente-della-regione-zaia\\\/\"},\"author\":{\"name\":\"redazione\",\"@id\":\"https:\\\/\\\/www.bellunopress.it\\\/#\\\/schema\\\/person\\\/79bb06722b37ece1c03d3e94beb30d73\"},\"headline\":\"Preoccupazioni per il futuro della sanit\u00e0. L&#8217;onorevole De Menech scrive al presidente della Regione Zaia\",\"datePublished\":\"2019-10-03T13:28:25+00:00\",\"mainEntityOfPage\":{\"@id\":\"https:\\\/\\\/www.bellunopress.it\\\/2019\\\/10\\\/03\\\/preoccupazioni-per-il-futuro-della-sanita-lonorevole-de-menech-scrive-al-presidente-della-regione-zaia\\\/\"},\"wordCount\":282,\"publisher\":{\"@id\":\"https:\\\/\\\/www.bellunopress.it\\\/#organization\"},\"image\":{\"@id\":\"https:\\\/\\\/www.bellunopress.it\\\/2019\\\/10\\\/03\\\/preoccupazioni-per-il-futuro-della-sanita-lonorevole-de-menech-scrive-al-presidente-della-regione-zaia\\\/#primaryimage\"},\"thumbnailUrl\":\"http:\\\/\\\/www.bellunopress.it\\\/wp-content\\\/uploads\\\/2013\\\/01\\\/roger-de-menech-1.jpg\",\"articleSection\":[\"Cronaca\\\/Politica\",\"Sanit\u00e0 Medicina\"],\"inLanguage\":\"fr-FR\"},{\"@type\":\"WebPage\",\"@id\":\"https:\\\/\\\/www.bellunopress.it\\\/2019\\\/10\\\/03\\\/preoccupazioni-per-il-futuro-della-sanita-lonorevole-de-menech-scrive-al-presidente-della-regione-zaia\\\/\",\"url\":\"https:\\\/\\\/www.bellunopress.it\\\/2019\\\/10\\\/03\\\/preoccupazioni-per-il-futuro-della-sanita-lonorevole-de-menech-scrive-al-presidente-della-regione-zaia\\\/\",\"name\":\"Preoccupazioni per il futuro della sanit\u00e0. L'onorevole De Menech scrive al presidente della Regione Zaia - Bellunopress - Dolomiti\",\"isPartOf\":{\"@id\":\"https:\\\/\\\/www.bellunopress.it\\\/#website\"},\"primaryImageOfPage\":{\"@id\":\"https:\\\/\\\/www.bellunopress.it\\\/2019\\\/10\\\/03\\\/preoccupazioni-per-il-futuro-della-sanita-lonorevole-de-menech-scrive-al-presidente-della-regione-zaia\\\/#primaryimage\"},\"image\":{\"@id\":\"https:\\\/\\\/www.bellunopress.it\\\/2019\\\/10\\\/03\\\/preoccupazioni-per-il-futuro-della-sanita-lonorevole-de-menech-scrive-al-presidente-della-regione-zaia\\\/#primaryimage\"},\"thumbnailUrl\":\"http:\\\/\\\/www.bellunopress.it\\\/wp-content\\\/uploads\\\/2013\\\/01\\\/roger-de-menech-1.jpg\",\"datePublished\":\"2019-10-03T13:28:25+00:00\",\"breadcrumb\":{\"@id\":\"https:\\\/\\\/www.bellunopress.it\\\/2019\\\/10\\\/03\\\/preoccupazioni-per-il-futuro-della-sanita-lonorevole-de-menech-scrive-al-presidente-della-regione-zaia\\\/#breadcrumb\"},\"inLanguage\":\"fr-FR\",\"potentialAction\":[{\"@type\":\"ReadAction\",\"target\":[\"https:\\\/\\\/www.bellunopress.it\\\/2019\\\/10\\\/03\\\/preoccupazioni-per-il-futuro-della-sanita-lonorevole-de-menech-scrive-al-presidente-della-regione-zaia\\\/\"]}]},{\"@type\":\"ImageObject\",\"inLanguage\":\"fr-FR\",\"@id\":\"https:\\\/\\\/www.bellunopress.it\\\/2019\\\/10\\\/03\\\/preoccupazioni-per-il-futuro-della-sanita-lonorevole-de-menech-scrive-al-presidente-della-regione-zaia\\\/#primaryimage\",\"url\":\"http:\\\/\\\/www.bellunopress.it\\\/wp-content\\\/uploads\\\/2013\\\/01\\\/roger-de-menech-1.jpg\",\"contentUrl\":\"http:\\\/\\\/www.bellunopress.it\\\/wp-content\\\/uploads\\\/2013\\\/01\\\/roger-de-menech-1.jpg\"},{\"@type\":\"BreadcrumbList\",\"@id\":\"https:\\\/\\\/www.bellunopress.it\\\/2019\\\/10\\\/03\\\/preoccupazioni-per-il-futuro-della-sanita-lonorevole-de-menech-scrive-al-presidente-della-regione-zaia\\\/#breadcrumb\",\"itemListElement\":[{\"@type\":\"ListItem\",\"position\":1,\"name\":\"Home\",\"item\":\"https:\\\/\\\/www.bellunopress.it\\\/\"},{\"@type\":\"ListItem\",\"position\":2,\"name\":\"Preoccupazioni per il futuro della sanit\u00e0. L&#8217;onorevole De Menech scrive al presidente della Regione Zaia\"}]},{\"@type\":\"WebSite\",\"@id\":\"https:\\\/\\\/www.bellunopress.it\\\/#website\",\"url\":\"https:\\\/\\\/www.bellunopress.it\\\/\",\"name\":\"Bellunopress - Dolomiti\",\"description\":\"e-mail: redazione@bellunopress.it\",\"publisher\":{\"@id\":\"https:\\\/\\\/www.bellunopress.it\\\/#organization\"},\"potentialAction\":[{\"@type\":\"SearchAction\",\"target\":{\"@type\":\"EntryPoint\",\"urlTemplate\":\"https:\\\/\\\/www.bellunopress.it\\\/?s={search_term_string}\"},\"query-input\":{\"@type\":\"PropertyValueSpecification\",\"valueRequired\":true,\"valueName\":\"search_term_string\"}}],\"inLanguage\":\"fr-FR\"},{\"@type\":\"Organization\",\"@id\":\"https:\\\/\\\/www.bellunopress.it\\\/#organization\",\"name\":\"Bellunopress\",\"url\":\"https:\\\/\\\/www.bellunopress.it\\\/\",\"logo\":{\"@type\":\"ImageObject\",\"inLanguage\":\"fr-FR\",\"@id\":\"https:\\\/\\\/www.bellunopress.it\\\/#\\\/schema\\\/logo\\\/image\\\/\",\"url\":\"https:\\\/\\\/www.bellunopress.it\\\/wp-content\\\/uploads\\\/2011\\\/05\\\/cropped-logo-bellunopress-.jpg\",\"contentUrl\":\"https:\\\/\\\/www.bellunopress.it\\\/wp-content\\\/uploads\\\/2011\\\/05\\\/cropped-logo-bellunopress-.jpg\",\"width\":512,\"height\":512,\"caption\":\"Bellunopress\"},\"image\":{\"@id\":\"https:\\\/\\\/www.bellunopress.it\\\/#\\\/schema\\\/logo\\\/image\\\/\"},\"sameAs\":[\"https:\\\/\\\/www.facebook.com\\\/profile.php?id=100008943462799\",\"https:\\\/\\\/x.com\\\/bellunopress\",\"https:\\\/\\\/www.linkedin.com\\\/hp\\\/?dnr=JBzUWaJfMUw8vbXJJ2tVW5-I3jZKvC4wsoxE&amp;amp;amp;amp;amp;amp;trk=nav_responsive_tab_home\",\"https:\\\/\\\/www.youtube.com\\\/channel\\\/UCxL0wu1uN0_3_7hGG0306cw\"]},{\"@type\":\"Person\",\"@id\":\"https:\\\/\\\/www.bellunopress.it\\\/#\\\/schema\\\/person\\\/79bb06722b37ece1c03d3e94beb30d73\",\"name\":\"redazione\",\"image\":{\"@type\":\"ImageObject\",\"inLanguage\":\"fr-FR\",\"@id\":\"https:\\\/\\\/secure.gravatar.com\\\/avatar\\\/37d968a2e67a6fd04c169c4bdef102d0bc5d31b2546345219e348575eb80e9a0?s=96&d=mm&r=g\",\"url\":\"https:\\\/\\\/secure.gravatar.com\\\/avatar\\\/37d968a2e67a6fd04c169c4bdef102d0bc5d31b2546345219e348575eb80e9a0?s=96&d=mm&r=g\",\"contentUrl\":\"https:\\\/\\\/secure.gravatar.com\\\/avatar\\\/37d968a2e67a6fd04c169c4bdef102d0bc5d31b2546345219e348575eb80e9a0?s=96&d=mm&r=g\",\"caption\":\"redazione\"},\"sameAs\":[\"http:\\\/\\\/www.bellunopress.it\",\"https:\\\/\\\/x.com\\\/bellunopress\"],\"url\":\"https:\\\/\\\/www.bellunopress.it\\\/fr\\\/author\\\/redazione\\\/\"}]}<\/script>\n<!-- \/ Yoast SEO plugin. -->","yoast_head_json":{"title":"Preoccupazioni per il futuro della sanit\u00e0. L'onorevole De Menech scrive al presidente della Regione Zaia - Bellunopress - Dolomiti","robots":{"index":"index","follow":"follow","max-snippet":"max-snippet:-1","max-image-preview":"max-image-preview:large","max-video-preview":"max-video-preview:-1"},"canonical":"https:\/\/www.bellunopress.it\/fr\/2019\/10\/03\/preoccupazioni-per-il-futuro-della-sanita-lonorevole-de-menech-scrive-al-presidente-della-regione-zaia\/","og_locale":"fr_FR","og_type":"article","og_title":"Preoccupazioni per il futuro della sanit\u00e0. L'onorevole De Menech scrive al presidente della Regione Zaia - Bellunopress - Dolomiti","og_description":"Preoccupazioni per il futuro della sanit\u00e0 in provincia. Roger De Menech, deputato bellunese del Pd, ha inviato le lettera che segue al presidente della Regione del Veneto Luca Zaia. \u00abCon spirito di collaborazione e aperto alle soluzioni pi\u00f9 efficaci, come sempre, ho voluto rappresentare il crescente disagio di amministratori, operatori sanitari, sindacati e cittadini, di [&hellip;]","og_url":"https:\/\/www.bellunopress.it\/fr\/2019\/10\/03\/preoccupazioni-per-il-futuro-della-sanita-lonorevole-de-menech-scrive-al-presidente-della-regione-zaia\/","og_site_name":"Bellunopress - Dolomiti","article_publisher":"https:\/\/www.facebook.com\/profile.php?id=100008943462799","article_published_time":"2019-10-03T13:28:25+00:00","og_image":[{"url":"http:\/\/www.bellunopress.it\/wp-content\/uploads\/2013\/01\/roger-de-menech-1.jpg","type":"","width":"","height":""}],"author":"redazione","twitter_card":"summary_large_image","twitter_creator":"@bellunopress","twitter_site":"@bellunopress","twitter_misc":{"\u00c9crit par":"redazione","Dur\u00e9e de lecture estim\u00e9e":"1 minute"},"schema":{"@context":"https:\/\/schema.org","@graph":[{"@type":"Article","@id":"https:\/\/www.bellunopress.it\/2019\/10\/03\/preoccupazioni-per-il-futuro-della-sanita-lonorevole-de-menech-scrive-al-presidente-della-regione-zaia\/#article","isPartOf":{"@id":"https:\/\/www.bellunopress.it\/2019\/10\/03\/preoccupazioni-per-il-futuro-della-sanita-lonorevole-de-menech-scrive-al-presidente-della-regione-zaia\/"},"author":{"name":"redazione","@id":"https:\/\/www.bellunopress.it\/#\/schema\/person\/79bb06722b37ece1c03d3e94beb30d73"},"headline":"Preoccupazioni per il futuro della sanit\u00e0. L&#8217;onorevole De Menech scrive al presidente della Regione Zaia","datePublished":"2019-10-03T13:28:25+00:00","mainEntityOfPage":{"@id":"https:\/\/www.bellunopress.it\/2019\/10\/03\/preoccupazioni-per-il-futuro-della-sanita-lonorevole-de-menech-scrive-al-presidente-della-regione-zaia\/"},"wordCount":282,"publisher":{"@id":"https:\/\/www.bellunopress.it\/#organization"},"image":{"@id":"https:\/\/www.bellunopress.it\/2019\/10\/03\/preoccupazioni-per-il-futuro-della-sanita-lonorevole-de-menech-scrive-al-presidente-della-regione-zaia\/#primaryimage"},"thumbnailUrl":"http:\/\/www.bellunopress.it\/wp-content\/uploads\/2013\/01\/roger-de-menech-1.jpg","articleSection":["Cronaca\/Politica","Sanit\u00e0 Medicina"],"inLanguage":"fr-FR"},{"@type":"WebPage","@id":"https:\/\/www.bellunopress.it\/2019\/10\/03\/preoccupazioni-per-il-futuro-della-sanita-lonorevole-de-menech-scrive-al-presidente-della-regione-zaia\/","url":"https:\/\/www.bellunopress.it\/2019\/10\/03\/preoccupazioni-per-il-futuro-della-sanita-lonorevole-de-menech-scrive-al-presidente-della-regione-zaia\/","name":"Preoccupazioni per il futuro della sanit\u00e0. L'onorevole De Menech scrive al presidente della Regione Zaia - Bellunopress - Dolomiti","isPartOf":{"@id":"https:\/\/www.bellunopress.it\/#website"},"primaryImageOfPage":{"@id":"https:\/\/www.bellunopress.it\/2019\/10\/03\/preoccupazioni-per-il-futuro-della-sanita-lonorevole-de-menech-scrive-al-presidente-della-regione-zaia\/#primaryimage"},"image":{"@id":"https:\/\/www.bellunopress.it\/2019\/10\/03\/preoccupazioni-per-il-futuro-della-sanita-lonorevole-de-menech-scrive-al-presidente-della-regione-zaia\/#primaryimage"},"thumbnailUrl":"http:\/\/www.bellunopress.it\/wp-content\/uploads\/2013\/01\/roger-de-menech-1.jpg","datePublished":"2019-10-03T13:28:25+00:00","breadcrumb":{"@id":"https:\/\/www.bellunopress.it\/2019\/10\/03\/preoccupazioni-per-il-futuro-della-sanita-lonorevole-de-menech-scrive-al-presidente-della-regione-zaia\/#breadcrumb"},"inLanguage":"fr-FR","potentialAction":[{"@type":"ReadAction","target":["https:\/\/www.bellunopress.it\/2019\/10\/03\/preoccupazioni-per-il-futuro-della-sanita-lonorevole-de-menech-scrive-al-presidente-della-regione-zaia\/"]}]},{"@type":"ImageObject","inLanguage":"fr-FR","@id":"https:\/\/www.bellunopress.it\/2019\/10\/03\/preoccupazioni-per-il-futuro-della-sanita-lonorevole-de-menech-scrive-al-presidente-della-regione-zaia\/#primaryimage","url":"http:\/\/www.bellunopress.it\/wp-content\/uploads\/2013\/01\/roger-de-menech-1.jpg","contentUrl":"http:\/\/www.bellunopress.it\/wp-content\/uploads\/2013\/01\/roger-de-menech-1.jpg"},{"@type":"BreadcrumbList","@id":"https:\/\/www.bellunopress.it\/2019\/10\/03\/preoccupazioni-per-il-futuro-della-sanita-lonorevole-de-menech-scrive-al-presidente-della-regione-zaia\/#breadcrumb","itemListElement":[{"@type":"ListItem","position":1,"name":"Home","item":"https:\/\/www.bellunopress.it\/"},{"@type":"ListItem","position":2,"name":"Preoccupazioni per il futuro della sanit\u00e0. L&#8217;onorevole De Menech scrive al presidente della Regione Zaia"}]},{"@type":"WebSite","@id":"https:\/\/www.bellunopress.it\/#website","url":"https:\/\/www.bellunopress.it\/","name":"Bellunopress - Dolomiti","description":"e-mail: redazione@bellunopress.it","publisher":{"@id":"https:\/\/www.bellunopress.it\/#organization"},"potentialAction":[{"@type":"SearchAction","target":{"@type":"EntryPoint","urlTemplate":"https:\/\/www.bellunopress.it\/?s={search_term_string}"},"query-input":{"@type":"PropertyValueSpecification","valueRequired":true,"valueName":"search_term_string"}}],"inLanguage":"fr-FR"},{"@type":"Organization","@id":"https:\/\/www.bellunopress.it\/#organization","name":"Bellunopress","url":"https:\/\/www.bellunopress.it\/","logo":{"@type":"ImageObject","inLanguage":"fr-FR","@id":"https:\/\/www.bellunopress.it\/#\/schema\/logo\/image\/","url":"https:\/\/www.bellunopress.it\/wp-content\/uploads\/2011\/05\/cropped-logo-bellunopress-.jpg","contentUrl":"https:\/\/www.bellunopress.it\/wp-content\/uploads\/2011\/05\/cropped-logo-bellunopress-.jpg","width":512,"height":512,"caption":"Bellunopress"},"image":{"@id":"https:\/\/www.bellunopress.it\/#\/schema\/logo\/image\/"},"sameAs":["https:\/\/www.facebook.com\/profile.php?id=100008943462799","https:\/\/x.com\/bellunopress","https:\/\/www.linkedin.com\/hp\/?dnr=JBzUWaJfMUw8vbXJJ2tVW5-I3jZKvC4wsoxE&amp;amp;amp;amp;amp;amp;trk=nav_responsive_tab_home","https:\/\/www.youtube.com\/channel\/UCxL0wu1uN0_3_7hGG0306cw"]},{"@type":"Person","@id":"https:\/\/www.bellunopress.it\/#\/schema\/person\/79bb06722b37ece1c03d3e94beb30d73","name":"r\u00e9daction","image":{"@type":"ImageObject","inLanguage":"fr-FR","@id":"https:\/\/secure.gravatar.com\/avatar\/37d968a2e67a6fd04c169c4bdef102d0bc5d31b2546345219e348575eb80e9a0?s=96&d=mm&r=g","url":"https:\/\/secure.gravatar.com\/avatar\/37d968a2e67a6fd04c169c4bdef102d0bc5d31b2546345219e348575eb80e9a0?s=96&d=mm&r=g","contentUrl":"https:\/\/secure.gravatar.com\/avatar\/37d968a2e67a6fd04c169c4bdef102d0bc5d31b2546345219e348575eb80e9a0?s=96&d=mm&r=g","caption":"redazione"},"sameAs":["http:\/\/www.bellunopress.it","https:\/\/x.com\/bellunopress"],"url":"https:\/\/www.bellunopress.it\/fr\/author\/redazione\/"}]}},"_links":{"self":[{"href":"https:\/\/www.bellunopress.it\/fr\/wp-json\/wp\/v2\/posts\/108430","targetHints":{"allow":["GET"]}}],"collection":[{"href":"https:\/\/www.bellunopress.it\/fr\/wp-json\/wp\/v2\/posts"}],"about":[{"href":"https:\/\/www.bellunopress.it\/fr\/wp-json\/wp\/v2\/types\/post"}],"author":[{"embeddable":true,"href":"https:\/\/www.bellunopress.it\/fr\/wp-json\/wp\/v2\/users\/2"}],"replies":[{"embeddable":true,"href":"https:\/\/www.bellunopress.it\/fr\/wp-json\/wp\/v2\/comments?post=108430"}],"version-history":[{"count":1,"href":"https:\/\/www.bellunopress.it\/fr\/wp-json\/wp\/v2\/posts\/108430\/revisions"}],"predecessor-version":[{"id":108431,"href":"https:\/\/www.bellunopress.it\/fr\/wp-json\/wp\/v2\/posts\/108430\/revisions\/108431"}],"wp:attachment":[{"href":"https:\/\/www.bellunopress.it\/fr\/wp-json\/wp\/v2\/media?parent=108430"}],"wp:term":[{"taxonomy":"category","embeddable":true,"href":"https:\/\/www.bellunopress.it\/fr\/wp-json\/wp\/v2\/categories?post=108430"},{"taxonomy":"post_tag","embeddable":true,"href":"https:\/\/www.bellunopress.it\/fr\/wp-json\/wp\/v2\/tags?post=108430"}],"curies":[{"name":"wp","href":"https:\/\/api.w.org\/{rel}","templated":true}]}}