{"id":108419,"date":"2019-10-02T17:23:47","date_gmt":"2019-10-02T15:23:47","guid":{"rendered":"http:\/\/www.bellunopress.it\/?p=108419"},"modified":"2019-10-02T17:23:48","modified_gmt":"2019-10-02T15:23:48","slug":"litalia-delle-meraviglie-alla-scoperta-della-valbelluna-la-trasmissione-di-canale-italia-oggi-e-domani-in-visita-nel-bellunese-protagonisti-il-volo-libero-lenogastronomia-lambiente","status":"publish","type":"post","link":"https:\/\/www.bellunopress.it\/fr\/2019\/10\/02\/litalia-delle-meraviglie-alla-scoperta-della-valbelluna-la-trasmissione-di-canale-italia-oggi-e-domani-in-visita-nel-bellunese-protagonisti-il-volo-libero-lenogastronomia-lambiente\/","title":{"rendered":"L'&#8221;Italia delle meraviglie&#8221; alla scoperta della Valbelluna.\u00a0La trasmissione di Canale Italia oggi e domani in visita nel Bellunese. Protagonisti il volo libero, l&#8217;enogastronomia, l&#8217;ambiente e la storia di Feltre"},"content":{"rendered":"<p><a href=\"http:\/\/www.bellunopress.it\/fr\/2019\/10\/02\/litalia-delle-meraviglie-alla-scoperta-della-valbelluna-la-trasmissione-di-canale-italia-oggi-e-domani-in-visita-nel-bellunese-protagonisti-il-volo-libero-lenogastronomia-lambiente\/birra-dolomiti\/\" rel=\"attachment wp-att-108420\"><img loading=\"lazy\" decoding=\"async\" class=\"alignleft size-full wp-image-108420\" src=\"http:\/\/www.bellunopress.it\/wp-content\/uploads\/2019\/10\/Birra-Dolomiti.jpeg\" alt=\"\" width=\"300\" height=\"225\" \/><\/a>Feltre, 2 ottobre 2018\u00a0 &#8211;\u00a0\u00a0La Valbelluna delle meraviglie. Giornata di riprese televisive, oggi, tra Pedavena e Feltre, per la troupe di Canale Italia (network di reti nazionale, visibile sul canale 84 del Digitale terrestre) incaricata della realizzazione di una puntata speciale de &#8220;L&#8217;Italia delle meraviglie&#8221; dedicata alla montagna veneta. La giornata dedicata all&#8217;area prealpina si \u00e8 sviluppata attraverso l&#8217;approfondimento dei quattro temi chiave del territorio.<\/p>\n<p>Per quanto riguarda lo sport obiettivi puntati sul volo libero, recentemente protagonista in Francia alla fiera internazionale del volo libero &#8220;Coupe Icare&#8221; con il prodotto turistico &#8220;Dolomiti Fly&#8221;. Maurizio Bottegal, dalla sede del Para&amp;Delta Claub Feltre, al Boscherai, ha analizzato prospettive e sviluppi futuri del volo libero in Valbelluna.7<\/p>\n<p>E&#8217; stato poi il turno dell&#8217;enogastronomia. L&#8217;agrichef Desire\u00e8 Spada ha realizzato in diretta alcuni piatti della tradizione bellunese utilizzando i prodotti tipici della Valbelluna: il &#8220;Formai schiz&#8221; accompagnato dalla polenta realizzata con farina di mais sponcio e di grano saraceno. Spazio anche alla birra: il mastro birraio della Fabbrica di birra Pedavena, Dario Martinuzzo ha spiegato caratteristiche e peculiarit\u00e0 della birra Dolomiti, per la quale viene utilizzato esclusivamente orzo bellunese.<\/p>\n<p>Terzo tema affrontato, l&#8217;ambiente, grazie al contributo del presidente del Parco nazionale delle Dolomiti bellunesi, Ennio Vigne.<\/p>\n<p>Infine, Feltre \u00e8 stata la protagonista della parte relativa a storia e cultura. A fare da cicerone tra i pi\u00f9 punti pi\u00f9 caratteristici della citt\u00e0 (Teatro de la Sena, Sala degli stemmi, santuario dei Santi Vittore e Corona) il vicesindaco di Feltre, Alessandro Del Bianco.<\/p>\n<p>Domani le riprese si sposteranno in Cadore. &#8220;L&#8217;Italia delle meraviglie&#8221; Va in onda in luned\u00ec alle 19 sul canale 84 del digitale terrestre. La puntata dedicata a Prealpi e Dolomiti sar\u00e0 messa in onda luned\u00ec 14 o in alternativa luned\u00ec 21 ottobre.<\/p>","protected":false},"excerpt":{"rendered":"<p>Feltre, 2 ottobre 2018\u00a0 &#8211;\u00a0\u00a0La Valbelluna delle meraviglie. Giornata di riprese televisive, oggi, tra Pedavena e Feltre, per la troupe di Canale Italia (network di reti nazionale, visibile sul canale 84 del Digitale terrestre) incaricata della realizzazione di una puntata speciale de &#8220;L&#8217;Italia delle meraviglie&#8221; dedicata alla montagna veneta. La giornata dedicata all&#8217;area prealpina si [&hellip;]<\/p>\n","protected":false},"author":2,"featured_media":0,"comment_status":"closed","ping_status":"open","sticky":false,"template":"","format":"standard","meta":{"footnotes":""},"categories":[36,26],"tags":[],"class_list":["post-108419","post","type-post","status-publish","format-standard","category-lavoro-economia","category-prima-pagina"],"yoast_head":"<!-- This site is optimized with the Yoast SEO plugin v28.4 - https:\/\/yoast.com\/product\/yoast-seo-wordpress\/ -->\n<title>L&#039;&quot;Italia delle meraviglie&quot; alla scoperta della Valbelluna.\u00a0La trasmissione di Canale Italia oggi e domani in visita nel Bellunese. Protagonisti il volo libero, l&#039;enogastronomia, l&#039;ambiente e la storia di Feltre - Bellunopress - Dolomiti<\/title>\n<meta name=\"robots\" content=\"index, follow, max-snippet:-1, max-image-preview:large, max-video-preview:-1\" \/>\n<link rel=\"canonical\" href=\"https:\/\/www.bellunopress.it\/fr\/2019\/10\/02\/litalia-delle-meraviglie-alla-scoperta-della-valbelluna-la-trasmissione-di-canale-italia-oggi-e-domani-in-visita-nel-bellunese-protagonisti-il-volo-libero-lenogastronomia-lambiente\/\" \/>\n<meta property=\"og:locale\" content=\"fr_FR\" \/>\n<meta property=\"og:type\" content=\"article\" \/>\n<meta property=\"og:title\" content=\"L&#039;&quot;Italia delle meraviglie&quot; alla scoperta della Valbelluna.\u00a0La trasmissione di Canale Italia oggi e domani in visita nel Bellunese. Protagonisti il volo libero, l&#039;enogastronomia, l&#039;ambiente e la storia di Feltre - Bellunopress - Dolomiti\" \/>\n<meta property=\"og:description\" content=\"Feltre, 2 ottobre 2018\u00a0 &#8211;\u00a0\u00a0La Valbelluna delle meraviglie. Giornata di riprese televisive, oggi, tra Pedavena e Feltre, per la troupe di Canale Italia (network di reti nazionale, visibile sul canale 84 del Digitale terrestre) incaricata della realizzazione di una puntata speciale de &#8220;L&#8217;Italia delle meraviglie&#8221; dedicata alla montagna veneta. La giornata dedicata all&#8217;area prealpina si [&hellip;]\" \/>\n<meta property=\"og:url\" content=\"https:\/\/www.bellunopress.it\/fr\/2019\/10\/02\/litalia-delle-meraviglie-alla-scoperta-della-valbelluna-la-trasmissione-di-canale-italia-oggi-e-domani-in-visita-nel-bellunese-protagonisti-il-volo-libero-lenogastronomia-lambiente\/\" \/>\n<meta property=\"og:site_name\" content=\"Bellunopress - Dolomiti\" \/>\n<meta property=\"article:publisher\" content=\"https:\/\/www.facebook.com\/profile.php?id=100008943462799\" \/>\n<meta property=\"article:published_time\" content=\"2019-10-02T15:23:47+00:00\" \/>\n<meta property=\"article:modified_time\" content=\"2019-10-02T15:23:48+00:00\" \/>\n<meta property=\"og:image\" content=\"http:\/\/www.bellunopress.it\/wp-content\/uploads\/2019\/10\/Birra-Dolomiti.jpeg\" \/>\n<meta name=\"author\" content=\"redazione\" \/>\n<meta name=\"twitter:card\" content=\"summary_large_image\" \/>\n<meta name=\"twitter:creator\" content=\"@bellunopress\" \/>\n<meta name=\"twitter:site\" content=\"@bellunopress\" \/>\n<meta name=\"twitter:label1\" content=\"\u00c9crit par\" \/>\n\t<meta name=\"twitter:data1\" content=\"redazione\" \/>\n\t<meta name=\"twitter:label2\" content=\"Dur\u00e9e de lecture estim\u00e9e\" \/>\n\t<meta name=\"twitter:data2\" content=\"1 minute\" \/>\n<script type=\"application\/ld+json\" class=\"yoast-schema-graph\">{\"@context\":\"https:\\\/\\\/schema.org\",\"@graph\":[{\"@type\":\"Article\",\"@id\":\"https:\\\/\\\/www.bellunopress.it\\\/2019\\\/10\\\/02\\\/litalia-delle-meraviglie-alla-scoperta-della-valbelluna-la-trasmissione-di-canale-italia-oggi-e-domani-in-visita-nel-bellunese-protagonisti-il-volo-libero-lenogastronomia-lambiente\\\/#article\",\"isPartOf\":{\"@id\":\"https:\\\/\\\/www.bellunopress.it\\\/2019\\\/10\\\/02\\\/litalia-delle-meraviglie-alla-scoperta-della-valbelluna-la-trasmissione-di-canale-italia-oggi-e-domani-in-visita-nel-bellunese-protagonisti-il-volo-libero-lenogastronomia-lambiente\\\/\"},\"author\":{\"name\":\"redazione\",\"@id\":\"https:\\\/\\\/www.bellunopress.it\\\/#\\\/schema\\\/person\\\/79bb06722b37ece1c03d3e94beb30d73\"},\"headline\":\"L'&#8221;Italia delle meraviglie&#8221; alla scoperta della Valbelluna.\u00a0La trasmissione di Canale Italia oggi e domani in visita nel Bellunese. Protagonisti il volo libero, l&#8217;enogastronomia, l&#8217;ambiente e la storia di Feltre\",\"datePublished\":\"2019-10-02T15:23:47+00:00\",\"dateModified\":\"2019-10-02T15:23:48+00:00\",\"mainEntityOfPage\":{\"@id\":\"https:\\\/\\\/www.bellunopress.it\\\/2019\\\/10\\\/02\\\/litalia-delle-meraviglie-alla-scoperta-della-valbelluna-la-trasmissione-di-canale-italia-oggi-e-domani-in-visita-nel-bellunese-protagonisti-il-volo-libero-lenogastronomia-lambiente\\\/\"},\"wordCount\":322,\"publisher\":{\"@id\":\"https:\\\/\\\/www.bellunopress.it\\\/#organization\"},\"image\":{\"@id\":\"https:\\\/\\\/www.bellunopress.it\\\/2019\\\/10\\\/02\\\/litalia-delle-meraviglie-alla-scoperta-della-valbelluna-la-trasmissione-di-canale-italia-oggi-e-domani-in-visita-nel-bellunese-protagonisti-il-volo-libero-lenogastronomia-lambiente\\\/#primaryimage\"},\"thumbnailUrl\":\"http:\\\/\\\/www.bellunopress.it\\\/wp-content\\\/uploads\\\/2019\\\/10\\\/Birra-Dolomiti.jpeg\",\"articleSection\":[\"Lavoro, Economia, Turismo\",\"Prima Pagina\"],\"inLanguage\":\"fr-FR\"},{\"@type\":\"WebPage\",\"@id\":\"https:\\\/\\\/www.bellunopress.it\\\/2019\\\/10\\\/02\\\/litalia-delle-meraviglie-alla-scoperta-della-valbelluna-la-trasmissione-di-canale-italia-oggi-e-domani-in-visita-nel-bellunese-protagonisti-il-volo-libero-lenogastronomia-lambiente\\\/\",\"url\":\"https:\\\/\\\/www.bellunopress.it\\\/2019\\\/10\\\/02\\\/litalia-delle-meraviglie-alla-scoperta-della-valbelluna-la-trasmissione-di-canale-italia-oggi-e-domani-in-visita-nel-bellunese-protagonisti-il-volo-libero-lenogastronomia-lambiente\\\/\",\"name\":\"L'\\\"Italia delle meraviglie\\\" alla scoperta della Valbelluna.\u00a0La trasmissione di Canale Italia oggi e domani in visita nel Bellunese. Protagonisti il volo libero, l'enogastronomia, l'ambiente e la storia di Feltre - Bellunopress - Dolomiti\",\"isPartOf\":{\"@id\":\"https:\\\/\\\/www.bellunopress.it\\\/#website\"},\"primaryImageOfPage\":{\"@id\":\"https:\\\/\\\/www.bellunopress.it\\\/2019\\\/10\\\/02\\\/litalia-delle-meraviglie-alla-scoperta-della-valbelluna-la-trasmissione-di-canale-italia-oggi-e-domani-in-visita-nel-bellunese-protagonisti-il-volo-libero-lenogastronomia-lambiente\\\/#primaryimage\"},\"image\":{\"@id\":\"https:\\\/\\\/www.bellunopress.it\\\/2019\\\/10\\\/02\\\/litalia-delle-meraviglie-alla-scoperta-della-valbelluna-la-trasmissione-di-canale-italia-oggi-e-domani-in-visita-nel-bellunese-protagonisti-il-volo-libero-lenogastronomia-lambiente\\\/#primaryimage\"},\"thumbnailUrl\":\"http:\\\/\\\/www.bellunopress.it\\\/wp-content\\\/uploads\\\/2019\\\/10\\\/Birra-Dolomiti.jpeg\",\"datePublished\":\"2019-10-02T15:23:47+00:00\",\"dateModified\":\"2019-10-02T15:23:48+00:00\",\"breadcrumb\":{\"@id\":\"https:\\\/\\\/www.bellunopress.it\\\/2019\\\/10\\\/02\\\/litalia-delle-meraviglie-alla-scoperta-della-valbelluna-la-trasmissione-di-canale-italia-oggi-e-domani-in-visita-nel-bellunese-protagonisti-il-volo-libero-lenogastronomia-lambiente\\\/#breadcrumb\"},\"inLanguage\":\"fr-FR\",\"potentialAction\":[{\"@type\":\"ReadAction\",\"target\":[\"https:\\\/\\\/www.bellunopress.it\\\/2019\\\/10\\\/02\\\/litalia-delle-meraviglie-alla-scoperta-della-valbelluna-la-trasmissione-di-canale-italia-oggi-e-domani-in-visita-nel-bellunese-protagonisti-il-volo-libero-lenogastronomia-lambiente\\\/\"]}]},{\"@type\":\"ImageObject\",\"inLanguage\":\"fr-FR\",\"@id\":\"https:\\\/\\\/www.bellunopress.it\\\/2019\\\/10\\\/02\\\/litalia-delle-meraviglie-alla-scoperta-della-valbelluna-la-trasmissione-di-canale-italia-oggi-e-domani-in-visita-nel-bellunese-protagonisti-il-volo-libero-lenogastronomia-lambiente\\\/#primaryimage\",\"url\":\"http:\\\/\\\/www.bellunopress.it\\\/wp-content\\\/uploads\\\/2019\\\/10\\\/Birra-Dolomiti.jpeg\",\"contentUrl\":\"http:\\\/\\\/www.bellunopress.it\\\/wp-content\\\/uploads\\\/2019\\\/10\\\/Birra-Dolomiti.jpeg\"},{\"@type\":\"BreadcrumbList\",\"@id\":\"https:\\\/\\\/www.bellunopress.it\\\/2019\\\/10\\\/02\\\/litalia-delle-meraviglie-alla-scoperta-della-valbelluna-la-trasmissione-di-canale-italia-oggi-e-domani-in-visita-nel-bellunese-protagonisti-il-volo-libero-lenogastronomia-lambiente\\\/#breadcrumb\",\"itemListElement\":[{\"@type\":\"ListItem\",\"position\":1,\"name\":\"Home\",\"item\":\"https:\\\/\\\/www.bellunopress.it\\\/\"},{\"@type\":\"ListItem\",\"position\":2,\"name\":\"L'&#8221;Italia delle meraviglie&#8221; alla scoperta della Valbelluna.\u00a0La trasmissione di Canale Italia oggi e domani in visita nel Bellunese. Protagonisti il volo libero, l&#8217;enogastronomia, l&#8217;ambiente e la storia di Feltre\"}]},{\"@type\":\"WebSite\",\"@id\":\"https:\\\/\\\/www.bellunopress.it\\\/#website\",\"url\":\"https:\\\/\\\/www.bellunopress.it\\\/\",\"name\":\"Bellunopress - Dolomiti\",\"description\":\"e-mail: redazione@bellunopress.it\",\"publisher\":{\"@id\":\"https:\\\/\\\/www.bellunopress.it\\\/#organization\"},\"potentialAction\":[{\"@type\":\"SearchAction\",\"target\":{\"@type\":\"EntryPoint\",\"urlTemplate\":\"https:\\\/\\\/www.bellunopress.it\\\/?s={search_term_string}\"},\"query-input\":{\"@type\":\"PropertyValueSpecification\",\"valueRequired\":true,\"valueName\":\"search_term_string\"}}],\"inLanguage\":\"fr-FR\"},{\"@type\":\"Organization\",\"@id\":\"https:\\\/\\\/www.bellunopress.it\\\/#organization\",\"name\":\"Bellunopress\",\"url\":\"https:\\\/\\\/www.bellunopress.it\\\/\",\"logo\":{\"@type\":\"ImageObject\",\"inLanguage\":\"fr-FR\",\"@id\":\"https:\\\/\\\/www.bellunopress.it\\\/#\\\/schema\\\/logo\\\/image\\\/\",\"url\":\"https:\\\/\\\/www.bellunopress.it\\\/wp-content\\\/uploads\\\/2011\\\/05\\\/cropped-logo-bellunopress-.jpg\",\"contentUrl\":\"https:\\\/\\\/www.bellunopress.it\\\/wp-content\\\/uploads\\\/2011\\\/05\\\/cropped-logo-bellunopress-.jpg\",\"width\":512,\"height\":512,\"caption\":\"Bellunopress\"},\"image\":{\"@id\":\"https:\\\/\\\/www.bellunopress.it\\\/#\\\/schema\\\/logo\\\/image\\\/\"},\"sameAs\":[\"https:\\\/\\\/www.facebook.com\\\/profile.php?id=100008943462799\",\"https:\\\/\\\/x.com\\\/bellunopress\",\"https:\\\/\\\/www.linkedin.com\\\/hp\\\/?dnr=JBzUWaJfMUw8vbXJJ2tVW5-I3jZKvC4wsoxE&amp;amp;amp;amp;amp;amp;trk=nav_responsive_tab_home\",\"https:\\\/\\\/www.youtube.com\\\/channel\\\/UCxL0wu1uN0_3_7hGG0306cw\"]},{\"@type\":\"Person\",\"@id\":\"https:\\\/\\\/www.bellunopress.it\\\/#\\\/schema\\\/person\\\/79bb06722b37ece1c03d3e94beb30d73\",\"name\":\"redazione\",\"image\":{\"@type\":\"ImageObject\",\"inLanguage\":\"fr-FR\",\"@id\":\"https:\\\/\\\/secure.gravatar.com\\\/avatar\\\/37d968a2e67a6fd04c169c4bdef102d0bc5d31b2546345219e348575eb80e9a0?s=96&d=mm&r=g\",\"url\":\"https:\\\/\\\/secure.gravatar.com\\\/avatar\\\/37d968a2e67a6fd04c169c4bdef102d0bc5d31b2546345219e348575eb80e9a0?s=96&d=mm&r=g\",\"contentUrl\":\"https:\\\/\\\/secure.gravatar.com\\\/avatar\\\/37d968a2e67a6fd04c169c4bdef102d0bc5d31b2546345219e348575eb80e9a0?s=96&d=mm&r=g\",\"caption\":\"redazione\"},\"sameAs\":[\"http:\\\/\\\/www.bellunopress.it\",\"https:\\\/\\\/x.com\\\/bellunopress\"],\"url\":\"https:\\\/\\\/www.bellunopress.it\\\/fr\\\/author\\\/redazione\\\/\"}]}<\/script>\n<!-- \/ Yoast SEO plugin. -->","yoast_head_json":{"title":"L'\"Italia delle meraviglie\" alla scoperta della Valbelluna.\u00a0La trasmissione di Canale Italia oggi e domani in visita nel Bellunese. Protagonisti il volo libero, l'enogastronomia, l'ambiente e la storia di Feltre - Bellunopress - Dolomiti","robots":{"index":"index","follow":"follow","max-snippet":"max-snippet:-1","max-image-preview":"max-image-preview:large","max-video-preview":"max-video-preview:-1"},"canonical":"https:\/\/www.bellunopress.it\/fr\/2019\/10\/02\/litalia-delle-meraviglie-alla-scoperta-della-valbelluna-la-trasmissione-di-canale-italia-oggi-e-domani-in-visita-nel-bellunese-protagonisti-il-volo-libero-lenogastronomia-lambiente\/","og_locale":"fr_FR","og_type":"article","og_title":"L'\"Italia delle meraviglie\" alla scoperta della Valbelluna.\u00a0La trasmissione di Canale Italia oggi e domani in visita nel Bellunese. Protagonisti il volo libero, l'enogastronomia, l'ambiente e la storia di Feltre - Bellunopress - Dolomiti","og_description":"Feltre, 2 ottobre 2018\u00a0 &#8211;\u00a0\u00a0La Valbelluna delle meraviglie. Giornata di riprese televisive, oggi, tra Pedavena e Feltre, per la troupe di Canale Italia (network di reti nazionale, visibile sul canale 84 del Digitale terrestre) incaricata della realizzazione di una puntata speciale de &#8220;L&#8217;Italia delle meraviglie&#8221; dedicata alla montagna veneta. La giornata dedicata all&#8217;area prealpina si [&hellip;]","og_url":"https:\/\/www.bellunopress.it\/fr\/2019\/10\/02\/litalia-delle-meraviglie-alla-scoperta-della-valbelluna-la-trasmissione-di-canale-italia-oggi-e-domani-in-visita-nel-bellunese-protagonisti-il-volo-libero-lenogastronomia-lambiente\/","og_site_name":"Bellunopress - Dolomiti","article_publisher":"https:\/\/www.facebook.com\/profile.php?id=100008943462799","article_published_time":"2019-10-02T15:23:47+00:00","article_modified_time":"2019-10-02T15:23:48+00:00","og_image":[{"url":"http:\/\/www.bellunopress.it\/wp-content\/uploads\/2019\/10\/Birra-Dolomiti.jpeg","type":"","width":"","height":""}],"author":"redazione","twitter_card":"summary_large_image","twitter_creator":"@bellunopress","twitter_site":"@bellunopress","twitter_misc":{"\u00c9crit par":"redazione","Dur\u00e9e de lecture estim\u00e9e":"1 minute"},"schema":{"@context":"https:\/\/schema.org","@graph":[{"@type":"Article","@id":"https:\/\/www.bellunopress.it\/2019\/10\/02\/litalia-delle-meraviglie-alla-scoperta-della-valbelluna-la-trasmissione-di-canale-italia-oggi-e-domani-in-visita-nel-bellunese-protagonisti-il-volo-libero-lenogastronomia-lambiente\/#article","isPartOf":{"@id":"https:\/\/www.bellunopress.it\/2019\/10\/02\/litalia-delle-meraviglie-alla-scoperta-della-valbelluna-la-trasmissione-di-canale-italia-oggi-e-domani-in-visita-nel-bellunese-protagonisti-il-volo-libero-lenogastronomia-lambiente\/"},"author":{"name":"redazione","@id":"https:\/\/www.bellunopress.it\/#\/schema\/person\/79bb06722b37ece1c03d3e94beb30d73"},"headline":"L'&#8221;Italia delle meraviglie&#8221; alla scoperta della Valbelluna.\u00a0La trasmissione di Canale Italia oggi e domani in visita nel Bellunese. Protagonisti il volo libero, l&#8217;enogastronomia, l&#8217;ambiente e la storia di Feltre","datePublished":"2019-10-02T15:23:47+00:00","dateModified":"2019-10-02T15:23:48+00:00","mainEntityOfPage":{"@id":"https:\/\/www.bellunopress.it\/2019\/10\/02\/litalia-delle-meraviglie-alla-scoperta-della-valbelluna-la-trasmissione-di-canale-italia-oggi-e-domani-in-visita-nel-bellunese-protagonisti-il-volo-libero-lenogastronomia-lambiente\/"},"wordCount":322,"publisher":{"@id":"https:\/\/www.bellunopress.it\/#organization"},"image":{"@id":"https:\/\/www.bellunopress.it\/2019\/10\/02\/litalia-delle-meraviglie-alla-scoperta-della-valbelluna-la-trasmissione-di-canale-italia-oggi-e-domani-in-visita-nel-bellunese-protagonisti-il-volo-libero-lenogastronomia-lambiente\/#primaryimage"},"thumbnailUrl":"http:\/\/www.bellunopress.it\/wp-content\/uploads\/2019\/10\/Birra-Dolomiti.jpeg","articleSection":["Lavoro, Economia, Turismo","Prima Pagina"],"inLanguage":"fr-FR"},{"@type":"WebPage","@id":"https:\/\/www.bellunopress.it\/2019\/10\/02\/litalia-delle-meraviglie-alla-scoperta-della-valbelluna-la-trasmissione-di-canale-italia-oggi-e-domani-in-visita-nel-bellunese-protagonisti-il-volo-libero-lenogastronomia-lambiente\/","url":"https:\/\/www.bellunopress.it\/2019\/10\/02\/litalia-delle-meraviglie-alla-scoperta-della-valbelluna-la-trasmissione-di-canale-italia-oggi-e-domani-in-visita-nel-bellunese-protagonisti-il-volo-libero-lenogastronomia-lambiente\/","name":"L'\"Italia delle meraviglie\" alla scoperta della Valbelluna.\u00a0La trasmissione di Canale Italia oggi e domani in visita nel Bellunese. Protagonisti il volo libero, l'enogastronomia, l'ambiente e la storia di Feltre - Bellunopress - Dolomiti","isPartOf":{"@id":"https:\/\/www.bellunopress.it\/#website"},"primaryImageOfPage":{"@id":"https:\/\/www.bellunopress.it\/2019\/10\/02\/litalia-delle-meraviglie-alla-scoperta-della-valbelluna-la-trasmissione-di-canale-italia-oggi-e-domani-in-visita-nel-bellunese-protagonisti-il-volo-libero-lenogastronomia-lambiente\/#primaryimage"},"image":{"@id":"https:\/\/www.bellunopress.it\/2019\/10\/02\/litalia-delle-meraviglie-alla-scoperta-della-valbelluna-la-trasmissione-di-canale-italia-oggi-e-domani-in-visita-nel-bellunese-protagonisti-il-volo-libero-lenogastronomia-lambiente\/#primaryimage"},"thumbnailUrl":"http:\/\/www.bellunopress.it\/wp-content\/uploads\/2019\/10\/Birra-Dolomiti.jpeg","datePublished":"2019-10-02T15:23:47+00:00","dateModified":"2019-10-02T15:23:48+00:00","breadcrumb":{"@id":"https:\/\/www.bellunopress.it\/2019\/10\/02\/litalia-delle-meraviglie-alla-scoperta-della-valbelluna-la-trasmissione-di-canale-italia-oggi-e-domani-in-visita-nel-bellunese-protagonisti-il-volo-libero-lenogastronomia-lambiente\/#breadcrumb"},"inLanguage":"fr-FR","potentialAction":[{"@type":"ReadAction","target":["https:\/\/www.bellunopress.it\/2019\/10\/02\/litalia-delle-meraviglie-alla-scoperta-della-valbelluna-la-trasmissione-di-canale-italia-oggi-e-domani-in-visita-nel-bellunese-protagonisti-il-volo-libero-lenogastronomia-lambiente\/"]}]},{"@type":"ImageObject","inLanguage":"fr-FR","@id":"https:\/\/www.bellunopress.it\/2019\/10\/02\/litalia-delle-meraviglie-alla-scoperta-della-valbelluna-la-trasmissione-di-canale-italia-oggi-e-domani-in-visita-nel-bellunese-protagonisti-il-volo-libero-lenogastronomia-lambiente\/#primaryimage","url":"http:\/\/www.bellunopress.it\/wp-content\/uploads\/2019\/10\/Birra-Dolomiti.jpeg","contentUrl":"http:\/\/www.bellunopress.it\/wp-content\/uploads\/2019\/10\/Birra-Dolomiti.jpeg"},{"@type":"BreadcrumbList","@id":"https:\/\/www.bellunopress.it\/2019\/10\/02\/litalia-delle-meraviglie-alla-scoperta-della-valbelluna-la-trasmissione-di-canale-italia-oggi-e-domani-in-visita-nel-bellunese-protagonisti-il-volo-libero-lenogastronomia-lambiente\/#breadcrumb","itemListElement":[{"@type":"ListItem","position":1,"name":"Home","item":"https:\/\/www.bellunopress.it\/"},{"@type":"ListItem","position":2,"name":"L'&#8221;Italia delle meraviglie&#8221; alla scoperta della Valbelluna.\u00a0La trasmissione di Canale Italia oggi e domani in visita nel Bellunese. Protagonisti il volo libero, l&#8217;enogastronomia, l&#8217;ambiente e la storia di Feltre"}]},{"@type":"WebSite","@id":"https:\/\/www.bellunopress.it\/#website","url":"https:\/\/www.bellunopress.it\/","name":"Bellunopress - Dolomiti","description":"e-mail: redazione@bellunopress.it","publisher":{"@id":"https:\/\/www.bellunopress.it\/#organization"},"potentialAction":[{"@type":"SearchAction","target":{"@type":"EntryPoint","urlTemplate":"https:\/\/www.bellunopress.it\/?s={search_term_string}"},"query-input":{"@type":"PropertyValueSpecification","valueRequired":true,"valueName":"search_term_string"}}],"inLanguage":"fr-FR"},{"@type":"Organization","@id":"https:\/\/www.bellunopress.it\/#organization","name":"Bellunopress","url":"https:\/\/www.bellunopress.it\/","logo":{"@type":"ImageObject","inLanguage":"fr-FR","@id":"https:\/\/www.bellunopress.it\/#\/schema\/logo\/image\/","url":"https:\/\/www.bellunopress.it\/wp-content\/uploads\/2011\/05\/cropped-logo-bellunopress-.jpg","contentUrl":"https:\/\/www.bellunopress.it\/wp-content\/uploads\/2011\/05\/cropped-logo-bellunopress-.jpg","width":512,"height":512,"caption":"Bellunopress"},"image":{"@id":"https:\/\/www.bellunopress.it\/#\/schema\/logo\/image\/"},"sameAs":["https:\/\/www.facebook.com\/profile.php?id=100008943462799","https:\/\/x.com\/bellunopress","https:\/\/www.linkedin.com\/hp\/?dnr=JBzUWaJfMUw8vbXJJ2tVW5-I3jZKvC4wsoxE&amp;amp;amp;amp;amp;amp;trk=nav_responsive_tab_home","https:\/\/www.youtube.com\/channel\/UCxL0wu1uN0_3_7hGG0306cw"]},{"@type":"Person","@id":"https:\/\/www.bellunopress.it\/#\/schema\/person\/79bb06722b37ece1c03d3e94beb30d73","name":"r\u00e9daction","image":{"@type":"ImageObject","inLanguage":"fr-FR","@id":"https:\/\/secure.gravatar.com\/avatar\/37d968a2e67a6fd04c169c4bdef102d0bc5d31b2546345219e348575eb80e9a0?s=96&d=mm&r=g","url":"https:\/\/secure.gravatar.com\/avatar\/37d968a2e67a6fd04c169c4bdef102d0bc5d31b2546345219e348575eb80e9a0?s=96&d=mm&r=g","contentUrl":"https:\/\/secure.gravatar.com\/avatar\/37d968a2e67a6fd04c169c4bdef102d0bc5d31b2546345219e348575eb80e9a0?s=96&d=mm&r=g","caption":"redazione"},"sameAs":["http:\/\/www.bellunopress.it","https:\/\/x.com\/bellunopress"],"url":"https:\/\/www.bellunopress.it\/fr\/author\/redazione\/"}]}},"_links":{"self":[{"href":"https:\/\/www.bellunopress.it\/fr\/wp-json\/wp\/v2\/posts\/108419","targetHints":{"allow":["GET"]}}],"collection":[{"href":"https:\/\/www.bellunopress.it\/fr\/wp-json\/wp\/v2\/posts"}],"about":[{"href":"https:\/\/www.bellunopress.it\/fr\/wp-json\/wp\/v2\/types\/post"}],"author":[{"embeddable":true,"href":"https:\/\/www.bellunopress.it\/fr\/wp-json\/wp\/v2\/users\/2"}],"replies":[{"embeddable":true,"href":"https:\/\/www.bellunopress.it\/fr\/wp-json\/wp\/v2\/comments?post=108419"}],"version-history":[{"count":2,"href":"https:\/\/www.bellunopress.it\/fr\/wp-json\/wp\/v2\/posts\/108419\/revisions"}],"predecessor-version":[{"id":108422,"href":"https:\/\/www.bellunopress.it\/fr\/wp-json\/wp\/v2\/posts\/108419\/revisions\/108422"}],"wp:attachment":[{"href":"https:\/\/www.bellunopress.it\/fr\/wp-json\/wp\/v2\/media?parent=108419"}],"wp:term":[{"taxonomy":"category","embeddable":true,"href":"https:\/\/www.bellunopress.it\/fr\/wp-json\/wp\/v2\/categories?post=108419"},{"taxonomy":"post_tag","embeddable":true,"href":"https:\/\/www.bellunopress.it\/fr\/wp-json\/wp\/v2\/tags?post=108419"}],"curies":[{"name":"wp","href":"https:\/\/api.w.org\/{rel}","templated":true}]}}